{"id":144465,"date":"2022-05-27T14:05:55","date_gmt":"2022-05-27T13:05:55","guid":{"rendered":"https:\/\/radioljubuski.ba\/?p=144465"},"modified":"2022-05-27T14:05:56","modified_gmt":"2022-05-27T13:05:56","slug":"otvorenje-the-hub-of-fine-arts-28-svibnja-2022","status":"publish","type":"post","link":"https:\/\/radioljubuski.ba\/index.php\/2022\/05\/27\/otvorenje-the-hub-of-fine-arts-28-svibnja-2022\/","title":{"rendered":"Otvorenje The Hub of Fine Arts \u2013 28. svibnja 2022."},"content":{"rendered":"\n<p>The Hub of Fine Arts u Mostaru otvara svoja vrata u subotu 28. svibnja 2022. godine. Doga\u0111aj je to od velikoga zna\u010daja za Mostar i jedan od znamenitijih trenutaka u povijesti grada.<\/p>\n\n\n\n<p>Gra\u0111ani Mostara i BiH imati \u0107e priliku vidjeti i do\u017eivjeti najve\u0107a umjetni\u010dka djela ikad izlo\u017eena u ovoj regiji, a Mostar \u0107e time dobiti i dodatnu turisti\u010dku vrijednost \u2013 umjetni\u010dki muzej svjetske razine.<\/p>\n\n\n\n<p>Otvaranje The Hub of Fine Arts u Mostaru predstavlja istinski doprinos razvoju kulturnoga \u017eivota grada i cijele regije. Umjetni\u010dka djela u The Hub of Fine Arts procijenjena su na tr\u017ei\u0161nu vrijednost od 300 milijuna KM. Va\u017eno je naglasiti da je ova zbirka jedna od najzna\u010dajnijih na Balkanu kada je rije\u010d o modernoj umjetnosti, a okuplja neka od najzna\u010d ajnijih imena povijesti umjetnosti.<\/p>\n\n\n\n<p>Umjetni\u010dka djela izlo\u017eena u The Hub of Fine Arts izniman su i pomno odabran dio zna\u010dajnog i bogatog mozaika umjetni\u010dke zbirke koja pripada MTA fondaciji.<\/p>\n\n\n\n<p>Vizija i uvjerenje da je umjetnost najvi\u0161i aspekt postojanja iz kojeg \u010dovjek razvija svoju svijest bili su polazi\u0161na to\u010dka i sila koja je pokretala stvaranje zbirke. Integracija stilskih razlika, pro\u017eimanje vremena i susret udaljenih mjesta \u010dine ovu umjetnost \u017eivopisnom, energi\u010dnom, dojmljivom i pou\u010dnom.<\/p>\n\n\n\n<p>Kolekcija okuplja dinami\u010dne talijanske futuriste, osjetljive francuske postimpresioniste i revolucionarne foviste, zanesene \u0161panjolske kubiste, slo\u017eene njema\u010dke ekspresioniste i autenti\u010dne ameri\u010dke apstraktne umjetnike koji prikazuju bogatstvo i kreativne izazove prve polovine 20. stolje\u0107a.<\/p>\n\n\n\n<p>Zami\u0161ljena je kao avantura kroz kreativnost i razli\u010ditosti, koja za cilj ima inspirirati brojne pri\u010de i nikoga ne ostaviti ravnodu\u0161nim na do\u017eivljaj umjetnosti.<\/p>\n\n\n\n<p>Izvor:pogled.ba<\/p>\n","protected":false},"excerpt":{"rendered":"<p>The Hub of Fine Arts u Mostaru otvara svoja vrata u subotu 28. svibnja 2022. godine. Doga\u0111aj je to od velikoga zna\u010daja za Mostar i jedan od znamenitijih trenutaka u povijesti grada. Gra\u0111ani Mostara i BiH imati \u0107e priliku vidjeti i do\u017eivjeti najve\u0107a umjetni\u010dka djela ikad izlo\u017eena u ovoj regiji, a Mostar \u0107e time dobiti [&hellip;]<\/p>\n","protected":false},"author":2,"featured_media":144466,"comment_status":"closed","ping_status":"closed","sticky":false,"template":"","format":"standard","meta":{"h5ap_radio_sources":[],"footnotes":""},"categories":[1],"tags":[],"class_list":["post-144465","post","type-post","status-publish","format-standard","has-post-thumbnail","hentry","category-bihiregija"],"yoast_head":"<!-- This site is optimized with the Yoast SEO plugin v27.5 - https:\/\/yoast.com\/product\/yoast-seo-wordpress\/ -->\n<title>Otvorenje The Hub of Fine Arts \u2013 28. svibnja 2022. - RADIO LJUBU\u0160KI<\/title>\n<meta name=\"robots\" content=\"index, follow, max-snippet:-1, max-image-preview:large, max-video-preview:-1\" \/>\n<link rel=\"canonical\" href=\"https:\/\/radioljubuski.ba\/index.php\/2022\/05\/27\/otvorenje-the-hub-of-fine-arts-28-svibnja-2022\/\" \/>\n<meta property=\"og:locale\" content=\"hr_HR\" \/>\n<meta property=\"og:type\" content=\"article\" \/>\n<meta property=\"og:title\" content=\"Otvorenje The Hub of Fine Arts \u2013 28. svibnja 2022. - RADIO LJUBU\u0160KI\" \/>\n<meta property=\"og:description\" content=\"The Hub of Fine Arts u Mostaru otvara svoja vrata u subotu 28. svibnja 2022. godine. Doga\u0111aj je to od velikoga zna\u010daja za Mostar i jedan od znamenitijih trenutaka u povijesti grada. Gra\u0111ani Mostara i BiH imati \u0107e priliku vidjeti i do\u017eivjeti najve\u0107a umjetni\u010dka djela ikad izlo\u017eena u ovoj regiji, a Mostar \u0107e time dobiti [&hellip;]\" \/>\n<meta property=\"og:url\" content=\"https:\/\/radioljubuski.ba\/index.php\/2022\/05\/27\/otvorenje-the-hub-of-fine-arts-28-svibnja-2022\/\" \/>\n<meta property=\"og:site_name\" content=\"RADIO LJUBU\u0160KI\" \/>\n<meta property=\"article:publisher\" content=\"https:\/\/www.facebook.com\/Radiio-Ljubuski-1490835324566332\" \/>\n<meta property=\"article:published_time\" content=\"2022-05-27T13:05:55+00:00\" \/>\n<meta property=\"article:modified_time\" content=\"2022-05-27T13:05:56+00:00\" \/>\n<meta property=\"og:image\" content=\"https:\/\/radioljubuski.ba\/wp-content\/uploads\/2022\/05\/2-2022-05-27-14-28-59-hub.jpeg\" \/>\n\t<meta property=\"og:image:width\" content=\"1000\" \/>\n\t<meta property=\"og:image:height\" content=\"625\" \/>\n\t<meta property=\"og:image:type\" content=\"image\/jpeg\" \/>\n<meta name=\"author\" content=\"Radio Ljubu\u0161ki\" \/>\n<meta name=\"twitter:card\" content=\"summary_large_image\" \/>\n<meta name=\"twitter:creator\" content=\"@radioljubuski\" \/>\n<meta name=\"twitter:site\" content=\"@radioljubuski\" \/>\n<meta name=\"twitter:label1\" content=\"Napisao\/la\" \/>\n\t<meta name=\"twitter:data1\" content=\"Radio Ljubu\u0161ki\" \/>\n\t<meta name=\"twitter:label2\" content=\"Procijenjeno vrijeme \u010ditanja\" \/>\n\t<meta name=\"twitter:data2\" content=\"2 minute\" \/>\n<script type=\"application\/ld+json\" class=\"yoast-schema-graph\">{\"@context\":\"https:\\\/\\\/schema.org\",\"@graph\":[{\"@type\":\"Article\",\"@id\":\"https:\\\/\\\/radioljubuski.ba\\\/index.php\\\/2022\\\/05\\\/27\\\/otvorenje-the-hub-of-fine-arts-28-svibnja-2022\\\/#article\",\"isPartOf\":{\"@id\":\"https:\\\/\\\/radioljubuski.ba\\\/index.php\\\/2022\\\/05\\\/27\\\/otvorenje-the-hub-of-fine-arts-28-svibnja-2022\\\/\"},\"author\":{\"name\":\"Radio Ljubu\u0161ki\",\"@id\":\"https:\\\/\\\/radioljubuski.ba\\\/#\\\/schema\\\/person\\\/19fc700381a780f69665d7956c469e3b\"},\"headline\":\"Otvorenje The Hub of Fine Arts \u2013 28. svibnja 2022.\",\"datePublished\":\"2022-05-27T13:05:55+00:00\",\"dateModified\":\"2022-05-27T13:05:56+00:00\",\"mainEntityOfPage\":{\"@id\":\"https:\\\/\\\/radioljubuski.ba\\\/index.php\\\/2022\\\/05\\\/27\\\/otvorenje-the-hub-of-fine-arts-28-svibnja-2022\\\/\"},\"wordCount\":289,\"publisher\":{\"@id\":\"https:\\\/\\\/radioljubuski.ba\\\/#organization\"},\"image\":{\"@id\":\"https:\\\/\\\/radioljubuski.ba\\\/index.php\\\/2022\\\/05\\\/27\\\/otvorenje-the-hub-of-fine-arts-28-svibnja-2022\\\/#primaryimage\"},\"thumbnailUrl\":\"https:\\\/\\\/radioljubuski.ba\\\/wp-content\\\/uploads\\\/2022\\\/05\\\/2-2022-05-27-14-28-59-hub.jpeg\",\"articleSection\":[\"BIH i regija\"],\"inLanguage\":\"hr\"},{\"@type\":\"WebPage\",\"@id\":\"https:\\\/\\\/radioljubuski.ba\\\/index.php\\\/2022\\\/05\\\/27\\\/otvorenje-the-hub-of-fine-arts-28-svibnja-2022\\\/\",\"url\":\"https:\\\/\\\/radioljubuski.ba\\\/index.php\\\/2022\\\/05\\\/27\\\/otvorenje-the-hub-of-fine-arts-28-svibnja-2022\\\/\",\"name\":\"Otvorenje The Hub of Fine Arts \u2013 28. svibnja 2022. - RADIO LJUBU\u0160KI\",\"isPartOf\":{\"@id\":\"https:\\\/\\\/radioljubuski.ba\\\/#website\"},\"primaryImageOfPage\":{\"@id\":\"https:\\\/\\\/radioljubuski.ba\\\/index.php\\\/2022\\\/05\\\/27\\\/otvorenje-the-hub-of-fine-arts-28-svibnja-2022\\\/#primaryimage\"},\"image\":{\"@id\":\"https:\\\/\\\/radioljubuski.ba\\\/index.php\\\/2022\\\/05\\\/27\\\/otvorenje-the-hub-of-fine-arts-28-svibnja-2022\\\/#primaryimage\"},\"thumbnailUrl\":\"https:\\\/\\\/radioljubuski.ba\\\/wp-content\\\/uploads\\\/2022\\\/05\\\/2-2022-05-27-14-28-59-hub.jpeg\",\"datePublished\":\"2022-05-27T13:05:55+00:00\",\"dateModified\":\"2022-05-27T13:05:56+00:00\",\"breadcrumb\":{\"@id\":\"https:\\\/\\\/radioljubuski.ba\\\/index.php\\\/2022\\\/05\\\/27\\\/otvorenje-the-hub-of-fine-arts-28-svibnja-2022\\\/#breadcrumb\"},\"inLanguage\":\"hr\",\"potentialAction\":[{\"@type\":\"ReadAction\",\"target\":[\"https:\\\/\\\/radioljubuski.ba\\\/index.php\\\/2022\\\/05\\\/27\\\/otvorenje-the-hub-of-fine-arts-28-svibnja-2022\\\/\"]}]},{\"@type\":\"ImageObject\",\"inLanguage\":\"hr\",\"@id\":\"https:\\\/\\\/radioljubuski.ba\\\/index.php\\\/2022\\\/05\\\/27\\\/otvorenje-the-hub-of-fine-arts-28-svibnja-2022\\\/#primaryimage\",\"url\":\"https:\\\/\\\/radioljubuski.ba\\\/wp-content\\\/uploads\\\/2022\\\/05\\\/2-2022-05-27-14-28-59-hub.jpeg\",\"contentUrl\":\"https:\\\/\\\/radioljubuski.ba\\\/wp-content\\\/uploads\\\/2022\\\/05\\\/2-2022-05-27-14-28-59-hub.jpeg\",\"width\":1000,\"height\":625},{\"@type\":\"BreadcrumbList\",\"@id\":\"https:\\\/\\\/radioljubuski.ba\\\/index.php\\\/2022\\\/05\\\/27\\\/otvorenje-the-hub-of-fine-arts-28-svibnja-2022\\\/#breadcrumb\",\"itemListElement\":[{\"@type\":\"ListItem\",\"position\":1,\"name\":\"Po\u010detna stranica\",\"item\":\"https:\\\/\\\/radioljubuski.ba\\\/\"},{\"@type\":\"ListItem\",\"position\":2,\"name\":\"Otvorenje The Hub of Fine Arts \u2013 28. svibnja 2022.\"}]},{\"@type\":\"WebSite\",\"@id\":\"https:\\\/\\\/radioljubuski.ba\\\/#website\",\"url\":\"https:\\\/\\\/radioljubuski.ba\\\/\",\"name\":\"Radio Ljubu\u0161ki\",\"description\":\"Sun\u010dana frekvencija Hercegovine\",\"publisher\":{\"@id\":\"https:\\\/\\\/radioljubuski.ba\\\/#organization\"},\"potentialAction\":[{\"@type\":\"SearchAction\",\"target\":{\"@type\":\"EntryPoint\",\"urlTemplate\":\"https:\\\/\\\/radioljubuski.ba\\\/?s={search_term_string}\"},\"query-input\":{\"@type\":\"PropertyValueSpecification\",\"valueRequired\":true,\"valueName\":\"search_term_string\"}}],\"inLanguage\":\"hr\"},{\"@type\":\"Organization\",\"@id\":\"https:\\\/\\\/radioljubuski.ba\\\/#organization\",\"name\":\"Radio Ljubu\u0161ki\",\"url\":\"https:\\\/\\\/radioljubuski.ba\\\/\",\"logo\":{\"@type\":\"ImageObject\",\"inLanguage\":\"hr\",\"@id\":\"https:\\\/\\\/radioljubuski.ba\\\/#\\\/schema\\\/logo\\\/image\\\/\",\"url\":\"https:\\\/\\\/radioljubuski.ba\\\/wp-content\\\/uploads\\\/2021\\\/02\\\/cropped-Radio_Ljubuski_logo1.jpg\",\"contentUrl\":\"https:\\\/\\\/radioljubuski.ba\\\/wp-content\\\/uploads\\\/2021\\\/02\\\/cropped-Radio_Ljubuski_logo1.jpg\",\"width\":512,\"height\":512,\"caption\":\"Radio Ljubu\u0161ki\"},\"image\":{\"@id\":\"https:\\\/\\\/radioljubuski.ba\\\/#\\\/schema\\\/logo\\\/image\\\/\"},\"sameAs\":[\"https:\\\/\\\/www.facebook.com\\\/Radiio-Ljubuski-1490835324566332\",\"https:\\\/\\\/x.com\\\/radioljubuski\",\"https:\\\/\\\/hr.linkedin.com\\\/company\\\/radio-ljubuski\",\"https:\\\/\\\/www.youtube.com\\\/channel\\\/UCHYaeO_n0Db3tjNGudGpXyw\"]},{\"@type\":\"Person\",\"@id\":\"https:\\\/\\\/radioljubuski.ba\\\/#\\\/schema\\\/person\\\/19fc700381a780f69665d7956c469e3b\",\"name\":\"Radio Ljubu\u0161ki\"}]}<\/script>\n<!-- \/ Yoast SEO plugin. -->","yoast_head_json":{"title":"Otvorenje The Hub of Fine Arts \u2013 28. svibnja 2022. - RADIO LJUBU\u0160KI","robots":{"index":"index","follow":"follow","max-snippet":"max-snippet:-1","max-image-preview":"max-image-preview:large","max-video-preview":"max-video-preview:-1"},"canonical":"https:\/\/radioljubuski.ba\/index.php\/2022\/05\/27\/otvorenje-the-hub-of-fine-arts-28-svibnja-2022\/","og_locale":"hr_HR","og_type":"article","og_title":"Otvorenje The Hub of Fine Arts \u2013 28. svibnja 2022. - RADIO LJUBU\u0160KI","og_description":"The Hub of Fine Arts u Mostaru otvara svoja vrata u subotu 28. svibnja 2022. godine. Doga\u0111aj je to od velikoga zna\u010daja za Mostar i jedan od znamenitijih trenutaka u povijesti grada. Gra\u0111ani Mostara i BiH imati \u0107e priliku vidjeti i do\u017eivjeti najve\u0107a umjetni\u010dka djela ikad izlo\u017eena u ovoj regiji, a Mostar \u0107e time dobiti [&hellip;]","og_url":"https:\/\/radioljubuski.ba\/index.php\/2022\/05\/27\/otvorenje-the-hub-of-fine-arts-28-svibnja-2022\/","og_site_name":"RADIO LJUBU\u0160KI","article_publisher":"https:\/\/www.facebook.com\/Radiio-Ljubuski-1490835324566332","article_published_time":"2022-05-27T13:05:55+00:00","article_modified_time":"2022-05-27T13:05:56+00:00","og_image":[{"width":1000,"height":625,"url":"https:\/\/radioljubuski.ba\/wp-content\/uploads\/2022\/05\/2-2022-05-27-14-28-59-hub.jpeg","type":"image\/jpeg"}],"author":"Radio Ljubu\u0161ki","twitter_card":"summary_large_image","twitter_creator":"@radioljubuski","twitter_site":"@radioljubuski","twitter_misc":{"Napisao\/la":"Radio Ljubu\u0161ki","Procijenjeno vrijeme \u010ditanja":"2 minute"},"schema":{"@context":"https:\/\/schema.org","@graph":[{"@type":"Article","@id":"https:\/\/radioljubuski.ba\/index.php\/2022\/05\/27\/otvorenje-the-hub-of-fine-arts-28-svibnja-2022\/#article","isPartOf":{"@id":"https:\/\/radioljubuski.ba\/index.php\/2022\/05\/27\/otvorenje-the-hub-of-fine-arts-28-svibnja-2022\/"},"author":{"name":"Radio Ljubu\u0161ki","@id":"https:\/\/radioljubuski.ba\/#\/schema\/person\/19fc700381a780f69665d7956c469e3b"},"headline":"Otvorenje The Hub of Fine Arts \u2013 28. svibnja 2022.","datePublished":"2022-05-27T13:05:55+00:00","dateModified":"2022-05-27T13:05:56+00:00","mainEntityOfPage":{"@id":"https:\/\/radioljubuski.ba\/index.php\/2022\/05\/27\/otvorenje-the-hub-of-fine-arts-28-svibnja-2022\/"},"wordCount":289,"publisher":{"@id":"https:\/\/radioljubuski.ba\/#organization"},"image":{"@id":"https:\/\/radioljubuski.ba\/index.php\/2022\/05\/27\/otvorenje-the-hub-of-fine-arts-28-svibnja-2022\/#primaryimage"},"thumbnailUrl":"https:\/\/radioljubuski.ba\/wp-content\/uploads\/2022\/05\/2-2022-05-27-14-28-59-hub.jpeg","articleSection":["BIH i regija"],"inLanguage":"hr"},{"@type":"WebPage","@id":"https:\/\/radioljubuski.ba\/index.php\/2022\/05\/27\/otvorenje-the-hub-of-fine-arts-28-svibnja-2022\/","url":"https:\/\/radioljubuski.ba\/index.php\/2022\/05\/27\/otvorenje-the-hub-of-fine-arts-28-svibnja-2022\/","name":"Otvorenje The Hub of Fine Arts \u2013 28. svibnja 2022. - RADIO LJUBU\u0160KI","isPartOf":{"@id":"https:\/\/radioljubuski.ba\/#website"},"primaryImageOfPage":{"@id":"https:\/\/radioljubuski.ba\/index.php\/2022\/05\/27\/otvorenje-the-hub-of-fine-arts-28-svibnja-2022\/#primaryimage"},"image":{"@id":"https:\/\/radioljubuski.ba\/index.php\/2022\/05\/27\/otvorenje-the-hub-of-fine-arts-28-svibnja-2022\/#primaryimage"},"thumbnailUrl":"https:\/\/radioljubuski.ba\/wp-content\/uploads\/2022\/05\/2-2022-05-27-14-28-59-hub.jpeg","datePublished":"2022-05-27T13:05:55+00:00","dateModified":"2022-05-27T13:05:56+00:00","breadcrumb":{"@id":"https:\/\/radioljubuski.ba\/index.php\/2022\/05\/27\/otvorenje-the-hub-of-fine-arts-28-svibnja-2022\/#breadcrumb"},"inLanguage":"hr","potentialAction":[{"@type":"ReadAction","target":["https:\/\/radioljubuski.ba\/index.php\/2022\/05\/27\/otvorenje-the-hub-of-fine-arts-28-svibnja-2022\/"]}]},{"@type":"ImageObject","inLanguage":"hr","@id":"https:\/\/radioljubuski.ba\/index.php\/2022\/05\/27\/otvorenje-the-hub-of-fine-arts-28-svibnja-2022\/#primaryimage","url":"https:\/\/radioljubuski.ba\/wp-content\/uploads\/2022\/05\/2-2022-05-27-14-28-59-hub.jpeg","contentUrl":"https:\/\/radioljubuski.ba\/wp-content\/uploads\/2022\/05\/2-2022-05-27-14-28-59-hub.jpeg","width":1000,"height":625},{"@type":"BreadcrumbList","@id":"https:\/\/radioljubuski.ba\/index.php\/2022\/05\/27\/otvorenje-the-hub-of-fine-arts-28-svibnja-2022\/#breadcrumb","itemListElement":[{"@type":"ListItem","position":1,"name":"Po\u010detna stranica","item":"https:\/\/radioljubuski.ba\/"},{"@type":"ListItem","position":2,"name":"Otvorenje The Hub of Fine Arts \u2013 28. svibnja 2022."}]},{"@type":"WebSite","@id":"https:\/\/radioljubuski.ba\/#website","url":"https:\/\/radioljubuski.ba\/","name":"Radio Ljubu\u0161ki","description":"Sun\u010dana frekvencija Hercegovine","publisher":{"@id":"https:\/\/radioljubuski.ba\/#organization"},"potentialAction":[{"@type":"SearchAction","target":{"@type":"EntryPoint","urlTemplate":"https:\/\/radioljubuski.ba\/?s={search_term_string}"},"query-input":{"@type":"PropertyValueSpecification","valueRequired":true,"valueName":"search_term_string"}}],"inLanguage":"hr"},{"@type":"Organization","@id":"https:\/\/radioljubuski.ba\/#organization","name":"Radio Ljubu\u0161ki","url":"https:\/\/radioljubuski.ba\/","logo":{"@type":"ImageObject","inLanguage":"hr","@id":"https:\/\/radioljubuski.ba\/#\/schema\/logo\/image\/","url":"https:\/\/radioljubuski.ba\/wp-content\/uploads\/2021\/02\/cropped-Radio_Ljubuski_logo1.jpg","contentUrl":"https:\/\/radioljubuski.ba\/wp-content\/uploads\/2021\/02\/cropped-Radio_Ljubuski_logo1.jpg","width":512,"height":512,"caption":"Radio Ljubu\u0161ki"},"image":{"@id":"https:\/\/radioljubuski.ba\/#\/schema\/logo\/image\/"},"sameAs":["https:\/\/www.facebook.com\/Radiio-Ljubuski-1490835324566332","https:\/\/x.com\/radioljubuski","https:\/\/hr.linkedin.com\/company\/radio-ljubuski","https:\/\/www.youtube.com\/channel\/UCHYaeO_n0Db3tjNGudGpXyw"]},{"@type":"Person","@id":"https:\/\/radioljubuski.ba\/#\/schema\/person\/19fc700381a780f69665d7956c469e3b","name":"Radio Ljubu\u0161ki"}]}},"_links":{"self":[{"href":"https:\/\/radioljubuski.ba\/index.php\/wp-json\/wp\/v2\/posts\/144465","targetHints":{"allow":["GET"]}}],"collection":[{"href":"https:\/\/radioljubuski.ba\/index.php\/wp-json\/wp\/v2\/posts"}],"about":[{"href":"https:\/\/radioljubuski.ba\/index.php\/wp-json\/wp\/v2\/types\/post"}],"author":[{"embeddable":true,"href":"https:\/\/radioljubuski.ba\/index.php\/wp-json\/wp\/v2\/users\/2"}],"replies":[{"embeddable":true,"href":"https:\/\/radioljubuski.ba\/index.php\/wp-json\/wp\/v2\/comments?post=144465"}],"version-history":[{"count":1,"href":"https:\/\/radioljubuski.ba\/index.php\/wp-json\/wp\/v2\/posts\/144465\/revisions"}],"predecessor-version":[{"id":144467,"href":"https:\/\/radioljubuski.ba\/index.php\/wp-json\/wp\/v2\/posts\/144465\/revisions\/144467"}],"wp:featuredmedia":[{"embeddable":true,"href":"https:\/\/radioljubuski.ba\/index.php\/wp-json\/wp\/v2\/media\/144466"}],"wp:attachment":[{"href":"https:\/\/radioljubuski.ba\/index.php\/wp-json\/wp\/v2\/media?parent=144465"}],"wp:term":[{"taxonomy":"category","embeddable":true,"href":"https:\/\/radioljubuski.ba\/index.php\/wp-json\/wp\/v2\/categories?post=144465"},{"taxonomy":"post_tag","embeddable":true,"href":"https:\/\/radioljubuski.ba\/index.php\/wp-json\/wp\/v2\/tags?post=144465"}],"curies":[{"name":"wp","href":"https:\/\/api.w.org\/{rel}","templated":true}]}}