{"id":144485,"date":"2022-05-27T14:26:44","date_gmt":"2022-05-27T13:26:44","guid":{"rendered":"https:\/\/radioljubuski.ba\/?p=144485"},"modified":"2022-05-27T14:26:45","modified_gmt":"2022-05-27T13:26:45","slug":"deset-novosti-u-novom-zakonu-o-zastiti-potrosaca-koji-na-snagu-stupa-28-svibnja","status":"publish","type":"post","link":"https:\/\/radioljubuski.ba\/index.php\/2022\/05\/27\/deset-novosti-u-novom-zakonu-o-zastiti-potrosaca-koji-na-snagu-stupa-28-svibnja\/","title":{"rendered":"Deset novosti u novom Zakonu o za\u0161titi potro\u0161a\u010da koji na snagu stupa 28. svibnja"},"content":{"rendered":"\n<p>\u0160to sve donosi novi Zakon o za\u0161titi potro\u0161a\u010da koji stupa na snagu 28. svibnja? Mno\u0161tvo je novosti za trgovce i potro\u0161a\u010de.&nbsp; Hrvatska njime preuzima europsku pravnu ste\u010devinu iz podru\u010dja politike za\u0161tite potro\u0161a\u010da, a imala je \u010detveromjese\u010dni rok za prilagodbu. Zabrana ogla\u0161avanja i prodaje proizvoda istog naziva, ali razli\u010dite kvalitete, dvojne cijene prilikom sni\u017eenja, mistery shopping, pojednostavljen sustav rje\u0161avanja prigovora na uslugu parkiranja, zabranjena preprodaja ulaznica, samo su neka od podru\u010dja obra\u0111ena ovim zakonom kojim je&nbsp;europska direktiva iz 2019. odgovorila na izazove digitalizacije i utjecaje kriznih vremena koji mijenjaju \u017eivotne i potro\u0161a\u010dke navike gra\u0111ana.<\/p>\n\n\n\n<p>Posebno se reguliraju i problemati\u010dne poslovne prakse na internetu. Pove\u0107ane su kazne za trgovce prilikom osobito te\u0161kih povreda prava velikog broja potro\u0161a\u010da u internetskoj trgovini.<\/p>\n\n\n\n<p>Ovdje je deset bitnih promjena koje je pobrojao <a href=\"https:\/\/hr.n1info.com\/vijesti\/na-snagu-stupa-novi-zakon-o-zastiti-potrosaca-ovo-je-10-najvaznijih-promjena\/\">N1<\/a>:<\/p>\n\n\n\n<h3 class=\"wp-block-heading\"><strong>1. Zabrana ogla\u0161avanja i prodaje proizvoda istog naziva, ali razli\u010dite kvalitete<\/strong><\/h3>\n\n\n\n<p>Odredbama o nepo\u0161tenoj poslovnoj praksi propisana je zabrana stavljanja robe na tr\u017ei\u0161te uz tvrdnju da je identi\u010dna robi na tr\u017ei\u0161tima drugih dr\u017eava \u010dlanica iako se u stvarnosti znatno razlikuje po sastavu ili obilje\u017ejima. Zaslugu za uvo\u0111enje ove odredbe u europsku direktivu ima i na\u0161a europarlamentarka Biljana Borzan jer je provela istra\u017eivanje u suradnji s Hrvatskom agencijom za hranu i dokazala da je na hrvatskom tr\u017ei\u0161tu \u010dak tre\u0107ina istovjetnih proizvoda lo\u0161ija od onih na njema\u010dkom tr\u017ei\u0161tu. Zakonom su predvi\u0111eni izuzeci od ove odredbe ako je to opravdano legitimnim i objektivnim kriterijima, pri \u010demu se potro\u0161a\u010di moraju informirati, a trgovci bi trebali imati slobodu davanja takvih informacija na razli\u010dite na\u010dine.<\/p>\n\n\n\n<h3 class=\"wp-block-heading\"><strong>2. Dvojne cijene prilikom sni\u017eenja<\/strong><\/h3>\n\n\n\n<p>Trgovci \u0107e morati prilikom najave sezonskog sni\u017eenja, rasprodaje, akcijske prodaje, prodaje robe s gre\u0161kom, kao i tijekom ostalih posebnih ponuda po ni\u017eim cijenama od onih u redovitoj prodaji, uz sni\u017eenu cijenu istaknuti najni\u017eu cijenu proizvoda u roku od 30 dana prije sni\u017eenja. Na taj na\u010din se onemogu\u0107uje u\u010destala praksa da se nekoliko dana prije sni\u017eenja cijene podi\u017eu kako bi se la\u017eno prikazalo ve\u0107e sni\u017eenje od stvarnog.<\/p>\n\n\n\n<h3 class=\"wp-block-heading\"><strong>3. Stroga pravila za komentare, ocjenjivanje i rangiranje proizvoda<\/strong><\/h3>\n\n\n\n<p>Po novom zakonu, trgovci koji objavljuju komentare i recenzije kupaca na proizvode morat \u0107e jasno istaknuti jesu li oni zaista isprobali proizvod te moraju nazna\u010diti jesu li platili kupcima za njegovo ocjenjivanje. Tako\u0111er, trgovcima se zabranjuje uklanjanje negativnih ocjena i komentara.<\/p>\n\n\n\n<p>Tako\u0111er, ako je trgovac izravno ili neizravno platio pru\u017eatelju usluge internetskog pretra\u017eivanja za vi\u0161i rang pojedinog proizvoda u rezultatima pretra\u017eivanja, pru\u017eatelj usluge internetskog pretra\u017eivanja trebao bi obavijestiti potro\u0161a\u010de o toj \u010dinjenici u sa\u017eetom, lako dostupnom i razumljivom obliku.<\/p>\n\n\n\n<h3 class=\"wp-block-heading\"><strong>4. Ja\u010danje informiranja u internetskoj trgovini<\/strong><\/h3>\n\n\n\n<p>Zakonom se uvode stro\u017ee obveze informiranja za pru\u017eatelje internetskih trgovina (tzv. platforme), putem kojih vi\u0161e trgovaca prodaje robe i usluge. Vlasnici takvih platformi morat \u0107e jasno informirati potro\u0161a\u010de o tome je li tre\u0107a strana koja nudi robu, usluge ili digitalni sadr\u017eaj trgovac u smislu potro\u0161a\u010dkog zakonodavstva ili ne, i to na temelju izjave koju daje prodavatelj. Ako pru\u017eatelj usluga na platformi nije trgovac, pru\u017eatelji internetskih tr\u017ei\u0161ta trebaju obavijestiti kupca da se prava potro\u0161a\u010da ne primjenjuju na sklopljeni ugovor.<\/p>\n\n\n\n<p>Osim toga, potro\u0161a\u010di trebaju biti informirani o tome tko snosi obveze vezane za konkretan ugovor sklopljen posredstvom pru\u017eatelja internetskih tr\u017ei\u0161ta, odnosno dijele li se obveze izme\u0111u prodavatelja i konkretnog pru\u017eatelja internetskih tr\u017ei\u0161ta. Te bi informacije trebale biti pru\u017eene na jasan i razumljiv na\u010din, a ne samo u op\u0107im uvjetima poslovanja ili sli\u010dnim ugovornim dokumentima, ve\u0107 i na druge dostupne na\u010dine.<\/p>\n\n\n\n<h3 class=\"wp-block-heading\"><strong>5. Tro\u0161kove vje\u0161ta\u010denja prilikom materijalnog nedostatka mo\u017ee snositi i potro\u0161a\u010d<\/strong><\/h3>\n\n\n\n<p>Prilikom ispunjenja ugovora, najve\u0107a se novost odnosi na sno\u0161enje tro\u0161kova vje\u0161ta\u010denja u slu\u010daju postojanja materijalnog nedostatka u trenutku prijelaza rizika. Za razliku od dosada\u0161njeg ure\u0111enja, prema kojem je tro\u0161kove vje\u0161ta\u010denja uvijek snosio trgovac, novim je zakonom propisano da tro\u0161kove vje\u0161ta\u010denja predujmljuje trgovac, a kona\u010dno ih snosi trgovac ili potro\u0161a\u010d, ovisno o rezultatu vje\u0161ta\u010denja ako se nedostatak pojavio u propisanom roku koji se razlikuje ovisno o tome o kojoj se vrsti ugovora radi.<\/p>\n\n\n\n<p>S druge strane, ako se materijalni nedostatak na robi ili neuskla\u0111enost digitalnog sadr\u017eaja ili digitalne usluge s ugovorom pojavi nakon isteka propisanih rokova, ali ne kasnije od dvije godine od dana prijelaza rizika na potro\u0161a\u010da, tro\u0161kove vje\u0161ta\u010denja predujmljuje potro\u0161a\u010d, a kona\u010dno ih snosi trgovac ili potro\u0161a\u010d, ovisno o rezultatu vje\u0161ta\u010denja.<\/p>\n\n\n\n<h3 class=\"wp-block-heading\"><strong>6. Vi\u0161e prekr\u0161ajne kazne za trgovce pri kr\u0161enju prava velikog broja potro\u0161a\u010da<\/strong><\/h3>\n\n\n\n<p>Tijekom pandemije covida-19 zabilje\u017eeni su brojni slu\u010dajevi zavaravaju\u0107e poslovne prakse u online okru\u017eenju, osobito vezane za zavaravanje o obilje\u017ejima proizvoda koji se nude. Kako je rije\u010d o prekr\u0161ajima s prekograni\u010dnim elementom koji utje\u010du na prava mnogobrojnih potro\u0161a\u010da u dr\u017eavama \u010dlanicama, pokazalo se da trenutno propisane nov\u010dane kazne nemaju dovoljan odvra\u0107aju\u0107i u\u010dinak.<\/p>\n\n\n\n<p>Stoga novi zakon, u skladu s preporukama EU-a, predvi\u0111a stro\u017ee prekr\u0161ajne sankcije za trgovce prilikom prekograni\u010dnih povreda koje obuhva\u0107aju kr\u0161enje potro\u0161a\u010dkih prava velikog broja potro\u0161a\u010da. Predvi\u0111eno je ka\u017enjavanje za novu kategoriju prekr\u0161aja kojima je nanesena \u0161teta kolektivnim interesima i pravima potro\u0161a\u010da u najmanje tri dr\u017eave \u010dlanice EU-a, i to u iznosu od \u010detiri posto ukupnog prometa u godini po\u010dinjenja prekr\u0161aja, a ako je \u0161teta nanesena kolektivnim interesima i pravima potro\u0161a\u010da u najmanje dvije tre\u0107ine dr\u017eava \u010dlanica, koje zajedno \u010dine najmanje dvije tre\u0107ine stanovni\u0161tva EU-a, nov\u010dana kazna iznosi od dva do pet posto ukupnog prometa u godini po\u010dinjenja prekr\u0161aja, pi\u0161e Tportal.<\/p>\n\n\n\n<h3 class=\"wp-block-heading\"><strong>7. Trgovac mora jasno odgovoriti na prigovor potro\u0161a\u010da<\/strong><\/h3>\n\n\n\n<p>Zakonom se uvodi obveza trgovaca da u postupku procesa prigovora potro\u0161a\u010da kao odgovor na prigovor pru\u017ei kupcu jasnu informaciju prihva\u0107a li ga ili ne, jer je dosada\u0161nja praksa pokazala da su njihovi odgovori nerijetko nerazumljivi, a proces prigovaranja time je bespotrebno duga\u010dak i kompliciran.<\/p>\n\n\n\n<p>Trgovac mora odgovoriti na prigovor potro\u0161a\u010da u roku od 15 dana od dana zaprimanja prigovora, jasno se izja\u0161njavaju\u0107i prihva\u0107a li osnovanost prigovora.<\/p>\n\n\n\n<p>Tako\u0111er, zakonom je ure\u0111eno da nadle\u017eni inspektor mo\u017ee na osnovi zaprimljene predstavke potro\u0161a\u010da, a prije pokretanja inspekcijskog postupka nad trgovcem, pisanim putem zatra\u017eiti izja\u0161njavanje trgovca u odnosu na sadr\u017eaj predstavke potro\u0161a\u010da, odnosno izja\u0161njavanje ho\u0107e li udovoljiti zahtjevu potro\u0161a\u010da. Ako bi se trgovac u svom o\u010ditovanju suglasio sa zahtjevom potro\u0161a\u010da, ne bi se pokretao inspekcijski postupak. U suprotnom, pokre\u0107e se inspekcijski postupak po slu\u017ebenoj du\u017enosti.<\/p>\n\n\n\n<h3 class=\"wp-block-heading\"><strong>8. Inspektorima dopu\u0161ten mistery shopping<\/strong><\/h3>\n\n\n\n<p>Dr\u017eavni inspektori mogu kupovati s tajnim identitetom i ako se tijekom te kupnje utvrdi postojanje nepravilnosti, trgovac je du\u017ean snositi tro\u0161ak kupljenog proizvoda i tro\u0161kove postupka.<\/p>\n\n\n\n<h3 class=\"wp-block-heading\"><strong>9. Pojednostavljen sustav rje\u0161avanja prigovora na uslugu parkiranja<\/strong><\/h3>\n\n\n\n<p>U zakonu je dopunjen taksativni popis javnih usluga parkiranja na ure\u0111enim javnim povr\u0161inama i u javnim gara\u017eama. Potreba za regulacijom ove usluge javila se zbog brojnih sporova na tu temu. Naime ve\u0107ina prigovora na uslugu parkiranja dosad se rje\u0161avala u okviru upravnog postupka, odnosno spora. Budu\u0107i da je vo\u0111enje tih postupaka ote\u017eano za potro\u0161a\u010de, ovom izmjenom omogu\u0107eno je vo\u0111enje reklamacijskog postupka.<\/p>\n\n\n\n<p>Po novome, potro\u0161a\u010di koji imaju prigovor mogu se obratiti Povjerenstvu za za\u0161titu potro\u0161a\u010da pri pru\u017eatelju usluge koji po zakonu kao \u010dlana mora imati i predstavnika potro\u0161a\u010dkih udruga, umjesto da se pru\u017eateljima usluga parkinga dopu\u0161ta da proces reklamacija zapravo samostalno ure\u0111uju, a \u0161to se pokazalo iznimno lo\u0161im za potro\u0161a\u010de.<\/p>\n\n\n\n<p>Tako\u0111er, zakon ure\u0111uje dopu\u0161tene na\u010dine podno\u0161enja reklamacije, koje obuhva\u0107aju dolazak osobno u poslovne prostorije, putem po\u0161te i elektroni\u010dke po\u0161te, kao i du\u017enost trgovca da jasno, vidljivo i \u010ditljivo istakne obavijest o na\u010dinu podno\u0161enja reklamacije u svojim poslovnim prostorijama i na mre\u017enoj stranici ako je uspostavljena.<\/p>\n\n\n\n<h3 class=\"wp-block-heading\"><strong>10. Zabranjena preprodaja ulaznica<\/strong><\/h3>\n\n\n\n<p>Kako bi se sprije\u010dile zlouporabe u prodaji ulaznica za doga\u0111aje od velikog interesa javnosti (sportski doga\u0111aji, koncerti i sl.), uvedena je zabrana preprodaje ulaznica ako su ih trgovci nabavili upotrebom automatiziranih sredstava za zaobila\u017eenje bilo kojeg ograni\u010denja broja ulaznica koje jedna osoba mo\u017ee kupiti ili bilo kojih drugih pravila primjenjivih na kupnju ulaznica, pi\u0161e Tportal.<\/p>\n\n\n\n<p><em>Izvor: narod.hr\/N1<\/em><\/p>\n","protected":false},"excerpt":{"rendered":"<p>\u0160to sve donosi novi Zakon o za\u0161titi potro\u0161a\u010da koji stupa na snagu 28. svibnja? Mno\u0161tvo je novosti za trgovce i potro\u0161a\u010de.&nbsp; Hrvatska njime preuzima europsku pravnu ste\u010devinu iz podru\u010dja politike za\u0161tite potro\u0161a\u010da, a imala je \u010detveromjese\u010dni rok za prilagodbu. Zabrana ogla\u0161avanja i prodaje proizvoda istog naziva, ali razli\u010dite kvalitete, dvojne cijene prilikom sni\u017eenja, mistery shopping, [&hellip;]<\/p>\n","protected":false},"author":2,"featured_media":144486,"comment_status":"closed","ping_status":"closed","sticky":false,"template":"","format":"standard","meta":{"h5ap_radio_sources":[],"footnotes":""},"categories":[1],"tags":[],"class_list":["post-144485","post","type-post","status-publish","format-standard","has-post-thumbnail","hentry","category-bihiregija"],"yoast_head":"<!-- This site is optimized with the Yoast SEO plugin v27.5 - https:\/\/yoast.com\/product\/yoast-seo-wordpress\/ -->\n<title>Deset novosti u novom Zakonu o za\u0161titi potro\u0161a\u010da koji na snagu stupa 28. svibnja - RADIO LJUBU\u0160KI<\/title>\n<meta name=\"robots\" content=\"index, follow, max-snippet:-1, max-image-preview:large, max-video-preview:-1\" \/>\n<link rel=\"canonical\" href=\"https:\/\/radioljubuski.ba\/index.php\/2022\/05\/27\/deset-novosti-u-novom-zakonu-o-zastiti-potrosaca-koji-na-snagu-stupa-28-svibnja\/\" \/>\n<meta property=\"og:locale\" content=\"hr_HR\" \/>\n<meta property=\"og:type\" content=\"article\" \/>\n<meta property=\"og:title\" content=\"Deset novosti u novom Zakonu o za\u0161titi potro\u0161a\u010da koji na snagu stupa 28. svibnja - RADIO LJUBU\u0160KI\" \/>\n<meta property=\"og:description\" content=\"\u0160to sve donosi novi Zakon o za\u0161titi potro\u0161a\u010da koji stupa na snagu 28. svibnja? Mno\u0161tvo je novosti za trgovce i potro\u0161a\u010de.&nbsp; Hrvatska njime preuzima europsku pravnu ste\u010devinu iz podru\u010dja politike za\u0161tite potro\u0161a\u010da, a imala je \u010detveromjese\u010dni rok za prilagodbu. Zabrana ogla\u0161avanja i prodaje proizvoda istog naziva, ali razli\u010dite kvalitete, dvojne cijene prilikom sni\u017eenja, mistery shopping, [&hellip;]\" \/>\n<meta property=\"og:url\" content=\"https:\/\/radioljubuski.ba\/index.php\/2022\/05\/27\/deset-novosti-u-novom-zakonu-o-zastiti-potrosaca-koji-na-snagu-stupa-28-svibnja\/\" \/>\n<meta property=\"og:site_name\" content=\"RADIO LJUBU\u0160KI\" \/>\n<meta property=\"article:publisher\" content=\"https:\/\/www.facebook.com\/Radiio-Ljubuski-1490835324566332\" \/>\n<meta property=\"article:published_time\" content=\"2022-05-27T13:26:44+00:00\" \/>\n<meta property=\"article:modified_time\" content=\"2022-05-27T13:26:45+00:00\" \/>\n<meta property=\"og:image\" content=\"https:\/\/radioljubuski.ba\/wp-content\/uploads\/2022\/05\/becca-mchaffie-Fzde_6ITjkw-unsplash-696x464-1.jpg\" \/>\n\t<meta property=\"og:image:width\" content=\"696\" \/>\n\t<meta property=\"og:image:height\" content=\"464\" \/>\n\t<meta property=\"og:image:type\" content=\"image\/jpeg\" \/>\n<meta name=\"author\" content=\"Radio Ljubu\u0161ki\" \/>\n<meta name=\"twitter:card\" content=\"summary_large_image\" \/>\n<meta name=\"twitter:creator\" content=\"@radioljubuski\" \/>\n<meta name=\"twitter:site\" content=\"@radioljubuski\" \/>\n<meta name=\"twitter:label1\" content=\"Napisao\/la\" \/>\n\t<meta name=\"twitter:data1\" content=\"Radio Ljubu\u0161ki\" \/>\n\t<meta name=\"twitter:label2\" content=\"Procijenjeno vrijeme \u010ditanja\" \/>\n\t<meta name=\"twitter:data2\" content=\"6 minuta\" \/>\n<script type=\"application\/ld+json\" class=\"yoast-schema-graph\">{\"@context\":\"https:\\\/\\\/schema.org\",\"@graph\":[{\"@type\":\"Article\",\"@id\":\"https:\\\/\\\/radioljubuski.ba\\\/index.php\\\/2022\\\/05\\\/27\\\/deset-novosti-u-novom-zakonu-o-zastiti-potrosaca-koji-na-snagu-stupa-28-svibnja\\\/#article\",\"isPartOf\":{\"@id\":\"https:\\\/\\\/radioljubuski.ba\\\/index.php\\\/2022\\\/05\\\/27\\\/deset-novosti-u-novom-zakonu-o-zastiti-potrosaca-koji-na-snagu-stupa-28-svibnja\\\/\"},\"author\":{\"name\":\"Radio Ljubu\u0161ki\",\"@id\":\"https:\\\/\\\/radioljubuski.ba\\\/#\\\/schema\\\/person\\\/19fc700381a780f69665d7956c469e3b\"},\"headline\":\"Deset novosti u novom Zakonu o za\u0161titi potro\u0161a\u010da koji na snagu stupa 28. svibnja\",\"datePublished\":\"2022-05-27T13:26:44+00:00\",\"dateModified\":\"2022-05-27T13:26:45+00:00\",\"mainEntityOfPage\":{\"@id\":\"https:\\\/\\\/radioljubuski.ba\\\/index.php\\\/2022\\\/05\\\/27\\\/deset-novosti-u-novom-zakonu-o-zastiti-potrosaca-koji-na-snagu-stupa-28-svibnja\\\/\"},\"wordCount\":1520,\"publisher\":{\"@id\":\"https:\\\/\\\/radioljubuski.ba\\\/#organization\"},\"image\":{\"@id\":\"https:\\\/\\\/radioljubuski.ba\\\/index.php\\\/2022\\\/05\\\/27\\\/deset-novosti-u-novom-zakonu-o-zastiti-potrosaca-koji-na-snagu-stupa-28-svibnja\\\/#primaryimage\"},\"thumbnailUrl\":\"https:\\\/\\\/radioljubuski.ba\\\/wp-content\\\/uploads\\\/2022\\\/05\\\/becca-mchaffie-Fzde_6ITjkw-unsplash-696x464-1.jpg\",\"articleSection\":[\"BIH i regija\"],\"inLanguage\":\"hr\"},{\"@type\":\"WebPage\",\"@id\":\"https:\\\/\\\/radioljubuski.ba\\\/index.php\\\/2022\\\/05\\\/27\\\/deset-novosti-u-novom-zakonu-o-zastiti-potrosaca-koji-na-snagu-stupa-28-svibnja\\\/\",\"url\":\"https:\\\/\\\/radioljubuski.ba\\\/index.php\\\/2022\\\/05\\\/27\\\/deset-novosti-u-novom-zakonu-o-zastiti-potrosaca-koji-na-snagu-stupa-28-svibnja\\\/\",\"name\":\"Deset novosti u novom Zakonu o za\u0161titi potro\u0161a\u010da koji na snagu stupa 28. svibnja - RADIO LJUBU\u0160KI\",\"isPartOf\":{\"@id\":\"https:\\\/\\\/radioljubuski.ba\\\/#website\"},\"primaryImageOfPage\":{\"@id\":\"https:\\\/\\\/radioljubuski.ba\\\/index.php\\\/2022\\\/05\\\/27\\\/deset-novosti-u-novom-zakonu-o-zastiti-potrosaca-koji-na-snagu-stupa-28-svibnja\\\/#primaryimage\"},\"image\":{\"@id\":\"https:\\\/\\\/radioljubuski.ba\\\/index.php\\\/2022\\\/05\\\/27\\\/deset-novosti-u-novom-zakonu-o-zastiti-potrosaca-koji-na-snagu-stupa-28-svibnja\\\/#primaryimage\"},\"thumbnailUrl\":\"https:\\\/\\\/radioljubuski.ba\\\/wp-content\\\/uploads\\\/2022\\\/05\\\/becca-mchaffie-Fzde_6ITjkw-unsplash-696x464-1.jpg\",\"datePublished\":\"2022-05-27T13:26:44+00:00\",\"dateModified\":\"2022-05-27T13:26:45+00:00\",\"breadcrumb\":{\"@id\":\"https:\\\/\\\/radioljubuski.ba\\\/index.php\\\/2022\\\/05\\\/27\\\/deset-novosti-u-novom-zakonu-o-zastiti-potrosaca-koji-na-snagu-stupa-28-svibnja\\\/#breadcrumb\"},\"inLanguage\":\"hr\",\"potentialAction\":[{\"@type\":\"ReadAction\",\"target\":[\"https:\\\/\\\/radioljubuski.ba\\\/index.php\\\/2022\\\/05\\\/27\\\/deset-novosti-u-novom-zakonu-o-zastiti-potrosaca-koji-na-snagu-stupa-28-svibnja\\\/\"]}]},{\"@type\":\"ImageObject\",\"inLanguage\":\"hr\",\"@id\":\"https:\\\/\\\/radioljubuski.ba\\\/index.php\\\/2022\\\/05\\\/27\\\/deset-novosti-u-novom-zakonu-o-zastiti-potrosaca-koji-na-snagu-stupa-28-svibnja\\\/#primaryimage\",\"url\":\"https:\\\/\\\/radioljubuski.ba\\\/wp-content\\\/uploads\\\/2022\\\/05\\\/becca-mchaffie-Fzde_6ITjkw-unsplash-696x464-1.jpg\",\"contentUrl\":\"https:\\\/\\\/radioljubuski.ba\\\/wp-content\\\/uploads\\\/2022\\\/05\\\/becca-mchaffie-Fzde_6ITjkw-unsplash-696x464-1.jpg\",\"width\":696,\"height\":464},{\"@type\":\"BreadcrumbList\",\"@id\":\"https:\\\/\\\/radioljubuski.ba\\\/index.php\\\/2022\\\/05\\\/27\\\/deset-novosti-u-novom-zakonu-o-zastiti-potrosaca-koji-na-snagu-stupa-28-svibnja\\\/#breadcrumb\",\"itemListElement\":[{\"@type\":\"ListItem\",\"position\":1,\"name\":\"Po\u010detna stranica\",\"item\":\"https:\\\/\\\/radioljubuski.ba\\\/\"},{\"@type\":\"ListItem\",\"position\":2,\"name\":\"Deset novosti u novom Zakonu o za\u0161titi potro\u0161a\u010da koji na snagu stupa 28. svibnja\"}]},{\"@type\":\"WebSite\",\"@id\":\"https:\\\/\\\/radioljubuski.ba\\\/#website\",\"url\":\"https:\\\/\\\/radioljubuski.ba\\\/\",\"name\":\"Radio Ljubu\u0161ki\",\"description\":\"Sun\u010dana frekvencija Hercegovine\",\"publisher\":{\"@id\":\"https:\\\/\\\/radioljubuski.ba\\\/#organization\"},\"potentialAction\":[{\"@type\":\"SearchAction\",\"target\":{\"@type\":\"EntryPoint\",\"urlTemplate\":\"https:\\\/\\\/radioljubuski.ba\\\/?s={search_term_string}\"},\"query-input\":{\"@type\":\"PropertyValueSpecification\",\"valueRequired\":true,\"valueName\":\"search_term_string\"}}],\"inLanguage\":\"hr\"},{\"@type\":\"Organization\",\"@id\":\"https:\\\/\\\/radioljubuski.ba\\\/#organization\",\"name\":\"Radio Ljubu\u0161ki\",\"url\":\"https:\\\/\\\/radioljubuski.ba\\\/\",\"logo\":{\"@type\":\"ImageObject\",\"inLanguage\":\"hr\",\"@id\":\"https:\\\/\\\/radioljubuski.ba\\\/#\\\/schema\\\/logo\\\/image\\\/\",\"url\":\"https:\\\/\\\/radioljubuski.ba\\\/wp-content\\\/uploads\\\/2021\\\/02\\\/cropped-Radio_Ljubuski_logo1.jpg\",\"contentUrl\":\"https:\\\/\\\/radioljubuski.ba\\\/wp-content\\\/uploads\\\/2021\\\/02\\\/cropped-Radio_Ljubuski_logo1.jpg\",\"width\":512,\"height\":512,\"caption\":\"Radio Ljubu\u0161ki\"},\"image\":{\"@id\":\"https:\\\/\\\/radioljubuski.ba\\\/#\\\/schema\\\/logo\\\/image\\\/\"},\"sameAs\":[\"https:\\\/\\\/www.facebook.com\\\/Radiio-Ljubuski-1490835324566332\",\"https:\\\/\\\/x.com\\\/radioljubuski\",\"https:\\\/\\\/hr.linkedin.com\\\/company\\\/radio-ljubuski\",\"https:\\\/\\\/www.youtube.com\\\/channel\\\/UCHYaeO_n0Db3tjNGudGpXyw\"]},{\"@type\":\"Person\",\"@id\":\"https:\\\/\\\/radioljubuski.ba\\\/#\\\/schema\\\/person\\\/19fc700381a780f69665d7956c469e3b\",\"name\":\"Radio Ljubu\u0161ki\"}]}<\/script>\n<!-- \/ Yoast SEO plugin. -->","yoast_head_json":{"title":"Deset novosti u novom Zakonu o za\u0161titi potro\u0161a\u010da koji na snagu stupa 28. svibnja - RADIO LJUBU\u0160KI","robots":{"index":"index","follow":"follow","max-snippet":"max-snippet:-1","max-image-preview":"max-image-preview:large","max-video-preview":"max-video-preview:-1"},"canonical":"https:\/\/radioljubuski.ba\/index.php\/2022\/05\/27\/deset-novosti-u-novom-zakonu-o-zastiti-potrosaca-koji-na-snagu-stupa-28-svibnja\/","og_locale":"hr_HR","og_type":"article","og_title":"Deset novosti u novom Zakonu o za\u0161titi potro\u0161a\u010da koji na snagu stupa 28. svibnja - RADIO LJUBU\u0160KI","og_description":"\u0160to sve donosi novi Zakon o za\u0161titi potro\u0161a\u010da koji stupa na snagu 28. svibnja? Mno\u0161tvo je novosti za trgovce i potro\u0161a\u010de.&nbsp; Hrvatska njime preuzima europsku pravnu ste\u010devinu iz podru\u010dja politike za\u0161tite potro\u0161a\u010da, a imala je \u010detveromjese\u010dni rok za prilagodbu. Zabrana ogla\u0161avanja i prodaje proizvoda istog naziva, ali razli\u010dite kvalitete, dvojne cijene prilikom sni\u017eenja, mistery shopping, [&hellip;]","og_url":"https:\/\/radioljubuski.ba\/index.php\/2022\/05\/27\/deset-novosti-u-novom-zakonu-o-zastiti-potrosaca-koji-na-snagu-stupa-28-svibnja\/","og_site_name":"RADIO LJUBU\u0160KI","article_publisher":"https:\/\/www.facebook.com\/Radiio-Ljubuski-1490835324566332","article_published_time":"2022-05-27T13:26:44+00:00","article_modified_time":"2022-05-27T13:26:45+00:00","og_image":[{"width":696,"height":464,"url":"https:\/\/radioljubuski.ba\/wp-content\/uploads\/2022\/05\/becca-mchaffie-Fzde_6ITjkw-unsplash-696x464-1.jpg","type":"image\/jpeg"}],"author":"Radio Ljubu\u0161ki","twitter_card":"summary_large_image","twitter_creator":"@radioljubuski","twitter_site":"@radioljubuski","twitter_misc":{"Napisao\/la":"Radio Ljubu\u0161ki","Procijenjeno vrijeme \u010ditanja":"6 minuta"},"schema":{"@context":"https:\/\/schema.org","@graph":[{"@type":"Article","@id":"https:\/\/radioljubuski.ba\/index.php\/2022\/05\/27\/deset-novosti-u-novom-zakonu-o-zastiti-potrosaca-koji-na-snagu-stupa-28-svibnja\/#article","isPartOf":{"@id":"https:\/\/radioljubuski.ba\/index.php\/2022\/05\/27\/deset-novosti-u-novom-zakonu-o-zastiti-potrosaca-koji-na-snagu-stupa-28-svibnja\/"},"author":{"name":"Radio Ljubu\u0161ki","@id":"https:\/\/radioljubuski.ba\/#\/schema\/person\/19fc700381a780f69665d7956c469e3b"},"headline":"Deset novosti u novom Zakonu o za\u0161titi potro\u0161a\u010da koji na snagu stupa 28. svibnja","datePublished":"2022-05-27T13:26:44+00:00","dateModified":"2022-05-27T13:26:45+00:00","mainEntityOfPage":{"@id":"https:\/\/radioljubuski.ba\/index.php\/2022\/05\/27\/deset-novosti-u-novom-zakonu-o-zastiti-potrosaca-koji-na-snagu-stupa-28-svibnja\/"},"wordCount":1520,"publisher":{"@id":"https:\/\/radioljubuski.ba\/#organization"},"image":{"@id":"https:\/\/radioljubuski.ba\/index.php\/2022\/05\/27\/deset-novosti-u-novom-zakonu-o-zastiti-potrosaca-koji-na-snagu-stupa-28-svibnja\/#primaryimage"},"thumbnailUrl":"https:\/\/radioljubuski.ba\/wp-content\/uploads\/2022\/05\/becca-mchaffie-Fzde_6ITjkw-unsplash-696x464-1.jpg","articleSection":["BIH i regija"],"inLanguage":"hr"},{"@type":"WebPage","@id":"https:\/\/radioljubuski.ba\/index.php\/2022\/05\/27\/deset-novosti-u-novom-zakonu-o-zastiti-potrosaca-koji-na-snagu-stupa-28-svibnja\/","url":"https:\/\/radioljubuski.ba\/index.php\/2022\/05\/27\/deset-novosti-u-novom-zakonu-o-zastiti-potrosaca-koji-na-snagu-stupa-28-svibnja\/","name":"Deset novosti u novom Zakonu o za\u0161titi potro\u0161a\u010da koji na snagu stupa 28. svibnja - RADIO LJUBU\u0160KI","isPartOf":{"@id":"https:\/\/radioljubuski.ba\/#website"},"primaryImageOfPage":{"@id":"https:\/\/radioljubuski.ba\/index.php\/2022\/05\/27\/deset-novosti-u-novom-zakonu-o-zastiti-potrosaca-koji-na-snagu-stupa-28-svibnja\/#primaryimage"},"image":{"@id":"https:\/\/radioljubuski.ba\/index.php\/2022\/05\/27\/deset-novosti-u-novom-zakonu-o-zastiti-potrosaca-koji-na-snagu-stupa-28-svibnja\/#primaryimage"},"thumbnailUrl":"https:\/\/radioljubuski.ba\/wp-content\/uploads\/2022\/05\/becca-mchaffie-Fzde_6ITjkw-unsplash-696x464-1.jpg","datePublished":"2022-05-27T13:26:44+00:00","dateModified":"2022-05-27T13:26:45+00:00","breadcrumb":{"@id":"https:\/\/radioljubuski.ba\/index.php\/2022\/05\/27\/deset-novosti-u-novom-zakonu-o-zastiti-potrosaca-koji-na-snagu-stupa-28-svibnja\/#breadcrumb"},"inLanguage":"hr","potentialAction":[{"@type":"ReadAction","target":["https:\/\/radioljubuski.ba\/index.php\/2022\/05\/27\/deset-novosti-u-novom-zakonu-o-zastiti-potrosaca-koji-na-snagu-stupa-28-svibnja\/"]}]},{"@type":"ImageObject","inLanguage":"hr","@id":"https:\/\/radioljubuski.ba\/index.php\/2022\/05\/27\/deset-novosti-u-novom-zakonu-o-zastiti-potrosaca-koji-na-snagu-stupa-28-svibnja\/#primaryimage","url":"https:\/\/radioljubuski.ba\/wp-content\/uploads\/2022\/05\/becca-mchaffie-Fzde_6ITjkw-unsplash-696x464-1.jpg","contentUrl":"https:\/\/radioljubuski.ba\/wp-content\/uploads\/2022\/05\/becca-mchaffie-Fzde_6ITjkw-unsplash-696x464-1.jpg","width":696,"height":464},{"@type":"BreadcrumbList","@id":"https:\/\/radioljubuski.ba\/index.php\/2022\/05\/27\/deset-novosti-u-novom-zakonu-o-zastiti-potrosaca-koji-na-snagu-stupa-28-svibnja\/#breadcrumb","itemListElement":[{"@type":"ListItem","position":1,"name":"Po\u010detna stranica","item":"https:\/\/radioljubuski.ba\/"},{"@type":"ListItem","position":2,"name":"Deset novosti u novom Zakonu o za\u0161titi potro\u0161a\u010da koji na snagu stupa 28. svibnja"}]},{"@type":"WebSite","@id":"https:\/\/radioljubuski.ba\/#website","url":"https:\/\/radioljubuski.ba\/","name":"Radio Ljubu\u0161ki","description":"Sun\u010dana frekvencija Hercegovine","publisher":{"@id":"https:\/\/radioljubuski.ba\/#organization"},"potentialAction":[{"@type":"SearchAction","target":{"@type":"EntryPoint","urlTemplate":"https:\/\/radioljubuski.ba\/?s={search_term_string}"},"query-input":{"@type":"PropertyValueSpecification","valueRequired":true,"valueName":"search_term_string"}}],"inLanguage":"hr"},{"@type":"Organization","@id":"https:\/\/radioljubuski.ba\/#organization","name":"Radio Ljubu\u0161ki","url":"https:\/\/radioljubuski.ba\/","logo":{"@type":"ImageObject","inLanguage":"hr","@id":"https:\/\/radioljubuski.ba\/#\/schema\/logo\/image\/","url":"https:\/\/radioljubuski.ba\/wp-content\/uploads\/2021\/02\/cropped-Radio_Ljubuski_logo1.jpg","contentUrl":"https:\/\/radioljubuski.ba\/wp-content\/uploads\/2021\/02\/cropped-Radio_Ljubuski_logo1.jpg","width":512,"height":512,"caption":"Radio Ljubu\u0161ki"},"image":{"@id":"https:\/\/radioljubuski.ba\/#\/schema\/logo\/image\/"},"sameAs":["https:\/\/www.facebook.com\/Radiio-Ljubuski-1490835324566332","https:\/\/x.com\/radioljubuski","https:\/\/hr.linkedin.com\/company\/radio-ljubuski","https:\/\/www.youtube.com\/channel\/UCHYaeO_n0Db3tjNGudGpXyw"]},{"@type":"Person","@id":"https:\/\/radioljubuski.ba\/#\/schema\/person\/19fc700381a780f69665d7956c469e3b","name":"Radio Ljubu\u0161ki"}]}},"_links":{"self":[{"href":"https:\/\/radioljubuski.ba\/index.php\/wp-json\/wp\/v2\/posts\/144485","targetHints":{"allow":["GET"]}}],"collection":[{"href":"https:\/\/radioljubuski.ba\/index.php\/wp-json\/wp\/v2\/posts"}],"about":[{"href":"https:\/\/radioljubuski.ba\/index.php\/wp-json\/wp\/v2\/types\/post"}],"author":[{"embeddable":true,"href":"https:\/\/radioljubuski.ba\/index.php\/wp-json\/wp\/v2\/users\/2"}],"replies":[{"embeddable":true,"href":"https:\/\/radioljubuski.ba\/index.php\/wp-json\/wp\/v2\/comments?post=144485"}],"version-history":[{"count":1,"href":"https:\/\/radioljubuski.ba\/index.php\/wp-json\/wp\/v2\/posts\/144485\/revisions"}],"predecessor-version":[{"id":144487,"href":"https:\/\/radioljubuski.ba\/index.php\/wp-json\/wp\/v2\/posts\/144485\/revisions\/144487"}],"wp:featuredmedia":[{"embeddable":true,"href":"https:\/\/radioljubuski.ba\/index.php\/wp-json\/wp\/v2\/media\/144486"}],"wp:attachment":[{"href":"https:\/\/radioljubuski.ba\/index.php\/wp-json\/wp\/v2\/media?parent=144485"}],"wp:term":[{"taxonomy":"category","embeddable":true,"href":"https:\/\/radioljubuski.ba\/index.php\/wp-json\/wp\/v2\/categories?post=144485"},{"taxonomy":"post_tag","embeddable":true,"href":"https:\/\/radioljubuski.ba\/index.php\/wp-json\/wp\/v2\/tags?post=144485"}],"curies":[{"name":"wp","href":"https:\/\/api.w.org\/{rel}","templated":true}]}}