{"id":144488,"date":"2022-05-27T14:28:12","date_gmt":"2022-05-27T13:28:12","guid":{"rendered":"https:\/\/radioljubuski.ba\/?p=144488"},"modified":"2022-05-27T14:28:13","modified_gmt":"2022-05-27T13:28:13","slug":"za-tomasevica-zarada-celnih-ljudi-holdinga-primjerena-odbili-dostaviti-podatke-o-primanjima","status":"publish","type":"post","link":"https:\/\/radioljubuski.ba\/index.php\/2022\/05\/27\/za-tomasevica-zarada-celnih-ljudi-holdinga-primjerena-odbili-dostaviti-podatke-o-primanjima\/","title":{"rendered":"Za Toma\u0161evi\u0107a zarada \u010delnih ljudi Holdinga \u2013 primjerena: Odbili dostaviti podatke o primanjima"},"content":{"rendered":"\n<p>\u201cZa Politi\u010dku platformu Mo\u017eemo su po\u0161tenje, <strong>transparentnost<\/strong>, solidarnost i zalaganje za javni interes imperativi u politi\u010dkom djelovanju i obna\u0161anju javnih funkcija\u201d, navodi se u <a href=\"https:\/\/www.mozemo.hr\/o-nama\/eticki-kodeks\/\" target=\"_blank\" rel=\"noreferrer noopener\">eti\u010dkom kodeksu<\/a> ekstremno lijeve politi\u010dke stranke <strong>Mo\u017eemo<\/strong>, ali je primjerice <strong>transparentnost u potpunosti izostala<\/strong> u \u010detvrtak tijekom sjednice Gradske skup\u0161tine Grada Zagreba kada je odbijeno dostaviti podatke o primanjima predsjednika i \u010dlanova uprava, direktora trgova\u010dkih dru\u0161tava i ravnatelja ustanova te o zaposlenicima trgova\u010dkih dru\u0161tava i ustanova u kojima Grad Zagreb ima poslovne udjele, u podru\u017enicama Zagreba\u010dkog holdinga te trgova\u010dkim dru\u0161tvima i ustanovama u kojima Holding ima poslovne udjele.<\/p>\n\n\n\n<h3 class=\"wp-block-heading\"><strong>Sesar, \u010dlan uprave Holdinga, dobiva 9000 kuna za privatni auto jer ne koristi slu\u017ebeni<\/strong><\/h3>\n\n\n\n<p>Jo\u0161 jedno zasjedanje Gradske skup\u0161tine Grada Zagreba zapo\u010delo je u \u010detvrtak, 26. svibnja 2022. godine, pauzama i politi\u010dkim nadmudrivanjem oporbe i vladaju\u0107e koalicije.<\/p>\n\n\n\n<p>Glavna tema prvog djela 12. sjednice zagreba\u010dke Gradske skup\u0161tine bili su ugovori i aneksi ugovora o radu vodstva Zagreba\u010dkog holdinga i podru\u017enica.<\/p>\n\n\n\n<p>Nakon propitivanja mjese\u010dnih primanja novog direktora \u010cisto\u0107e <strong>Davora Vi\u0107a<\/strong>, za gradski HDZ sporna su i primanja \u010dlana uprave Zagreba\u010dkog holdinga <strong>Borisa Sesara<\/strong>, javlja <a href=\"https:\/\/www.kaj.hr\/ugovori-i-aneksi-ugovora-celnika-zagrebackog-holdinga-glavna-tema-prvog-dijela-12-sjednice-gradske-skupstine-grada-zagreba\/\" target=\"_blank\" rel=\"noreferrer noopener\">kaj.hr<\/a>.<\/p>\n\n\n\n<p>Stoga su na sjednici Gradske skup\u0161tine u \u010detvrtak, 26. svibnja 2022. godine, zatra\u017eili podatke o primanjima predsjednika i \u010dlanova uprava, direktora trgova\u010dkih dru\u0161tava i ravnatelja ustanova u vlasni\u0161tvu Grada Zagreba i Zagreba\u010dkog holdinga.<\/p>\n\n\n\n<p><strong>Marija \u017dupana<\/strong> (HDZ) zanimalo je za\u0161to <strong>Boris Sesar<\/strong>, \u010dlan uprave Holdinga, dobiva devet tisu\u0107a kuna za privatni auto jer ne koristi slu\u017ebeni.<\/p>\n\n\n\n<p>\u201cTko je donio takvu odluku? \u0160ef Zrinjevca za istu stvar dobiva sedam tisu\u0107a kuna\u201d, kazao je \u017dupan.<\/p>\n\n\n\n<p>Toma\u0161evi\u0107 je podsjetio da se o tome pisalo i da je Sesar rekao da \u0107e taj iznos uplatiti u dobrotvorne svrhe ako je to upitno.<\/p>\n\n\n\n<p>\u201cRije\u010d je o bruto iznosu. Tro\u0161ak slu\u017ebenog automobila se mo\u017ee platiti u naravi ako ga se odrekne. Isto i za \u0161efa Zrinjevca, ako je to to\u010dno\u201d, kazao je&nbsp;ekstremno lijevi gradona\u010delnik Zagreba <strong>Tomislav Toma\u0161evi\u0107<\/strong> i spo\u010ditnuo \u017dupanu da je sjedio u NO-u Holdinga kada je pomo\u0107nik tada\u0161nje predsjednice Uprave tvrtke imao ve\u0107u pla\u0107u od nje.<\/p>\n\n\n\n<h3 class=\"wp-block-heading\"><strong>Za Toma\u0161evi\u0107a primanja \u010delnih ljudi Holdinga \u2013 primjerena<\/strong><\/h3>\n\n\n\n<p>\u201cPokazalo se da ima jo\u0161 pojedinaca koji na svoje ugovore o radu imaju anekse ugovora koji njihova mjese\u010dna primanja di\u017eu do znatno ve\u0107ih iznosa\u201d, rekao je potpredsjednik zagreba\u010dke Gradske skup\u0161tine <strong>Mislav Herman<\/strong>.<\/p>\n\n\n\n<p>\u201c<strong>Primanja \u010delnih ljudi Holdinga i podru\u017enica primjerena su njihovim zadacima<\/strong> stabilizacije tog najve\u0107eg gradskog trgova\u010dkog dru\u0161tva\u201d, ustvrdio je<strong> Toma\u0161evi\u0107<\/strong>.<\/p>\n\n\n\n<p>\u201cSve te pri\u010de o njihovim pravima u odnosu na pla\u0107e, koje su ispod tr\u017ei\u0161ne pla\u0107e u privatnom sektoru, a naslijedili su Zagreba\u010dki holding koji nikada nije bio u ve\u0107im problemima te paralelno rade na restrukturiranju, su bespredmetne\u201d, naveo je gradona\u010delnik Toma\u0161evi\u0107. U 2021. godini Zagreba\u010dki holding je zabilje\u017eio gubitak od 794 milijuna kuna.<\/p>\n\n\n\n<p>Na koncu nije prihva\u0107en prijedlog Kluba HDZ-a i HSLS-a da se zastupnicima dostave podatci o primanjima predsjednika i \u010dlanova uprava, direktora trgova\u010dkih dru\u0161tava i ravnatelja ustanova te o zaposlenicima trgova\u010dkih dru\u0161tava i ustanova u kojima Grad ima poslovne udjele, u podru\u017enicama Zagreba\u010dkog holdinga te trgova\u010dkim dru\u0161tvima i ustanovama u kojima Holding ima poslovne udjele.<\/p>\n\n\n\n<h3 class=\"wp-block-heading\"><strong>Sporni aneksi ugovora s dodatcima<\/strong><\/h3>\n\n\n\n<p>Podsjetimo, proteklih dana mediji su izvijestili da Boris Sesar kao \u010dlan Uprave Zagreba\u010dkog holdinga dobiva uz svoju pla\u0107u mjese\u010dno jo\u0161 skoro devet tisu\u0107a kuna zato \u0161to nema zadu\u017een slu\u017ebeni automobil nego navodno koristi svoj, iako se navodno u stvarnosti tijekom radnog vremena koristi slu\u017ebenim autom i voza\u010dem.<\/p>\n\n\n\n<p>Biv\u0161i \u010dlan Nadzornog odbora Zagreba\u010dkog Holdinga Mario \u017dupan na pro\u0161loj je sjednici iznio slu\u010daj voditelja podru\u017enice gradske \u010disto\u0107e Davora Vi\u0107a kojem je Zagreba\u010dki holding omogu\u0107io isplatu naknade za tro\u0161ak stanovanja, odnosno najam stana u iznosu od \u010detiri i pol tisu\u0107e kuna te iznos od 500 kuna za tro\u0161kove re\u017eija.<\/p>\n\n\n\n<p>Mario \u017dupan bio je \u010dlan Nadzornog odbora Holdinga, a ostavku je dao kada je Tomislav Toma\u0161evi\u0107 pobijedio na izborima. Tvrdi da Holding nikada nije potpisao anekse ugovora s ovakvim dodatcima i da zaposlenici unutar te gradske tvrtke \u201cnisu ministri da bi imali ovakve privilegije\u201d.<\/p>\n\n\n\n<p>\u201cJa sam \u0161est godina bio \u010dlan Nadzornog odbora Holdinga. Dakle, od 2016. godine do pro\u0161le godine. Nikada Nadzorni odbor nije donosio ovakve odluke\u201d, istaknuo je \u017dupan za <a href=\"https:\/\/direktno.hr\/direkt\/nevjerojatno-clan-uprave-zagrebackog-holdinga-mjesecno-uz-placu-prima-i-dodatak-od-devet-tisuca-kuna-holding-sve-potvrdio-272715\/\" target=\"_blank\" rel=\"noreferrer noopener\">direktno<\/a>.<\/p>\n\n\n\n<p><em>Izvor: narod.hr\/kaj<\/em><\/p>\n","protected":false},"excerpt":{"rendered":"<p>\u201cZa Politi\u010dku platformu Mo\u017eemo su po\u0161tenje, transparentnost, solidarnost i zalaganje za javni interes imperativi u politi\u010dkom djelovanju i obna\u0161anju javnih funkcija\u201d, navodi se u eti\u010dkom kodeksu ekstremno lijeve politi\u010dke stranke Mo\u017eemo, ali je primjerice transparentnost u potpunosti izostala u \u010detvrtak tijekom sjednice Gradske skup\u0161tine Grada Zagreba kada je odbijeno dostaviti podatke o primanjima predsjednika i [&hellip;]<\/p>\n","protected":false},"author":2,"featured_media":144489,"comment_status":"closed","ping_status":"closed","sticky":false,"template":"","format":"standard","meta":{"h5ap_radio_sources":[],"footnotes":""},"categories":[1],"tags":[],"class_list":["post-144488","post","type-post","status-publish","format-standard","has-post-thumbnail","hentry","category-bihiregija"],"yoast_head":"<!-- This site is optimized with the Yoast SEO plugin v27.5 - https:\/\/yoast.com\/product\/yoast-seo-wordpress\/ -->\n<title>Za Toma\u0161evi\u0107a zarada \u010delnih ljudi Holdinga \u2013 primjerena: Odbili dostaviti podatke o primanjima - RADIO LJUBU\u0160KI<\/title>\n<meta name=\"robots\" content=\"index, follow, max-snippet:-1, max-image-preview:large, max-video-preview:-1\" \/>\n<link rel=\"canonical\" href=\"https:\/\/radioljubuski.ba\/index.php\/2022\/05\/27\/za-tomasevica-zarada-celnih-ljudi-holdinga-primjerena-odbili-dostaviti-podatke-o-primanjima\/\" \/>\n<meta property=\"og:locale\" content=\"hr_HR\" \/>\n<meta property=\"og:type\" content=\"article\" \/>\n<meta property=\"og:title\" content=\"Za Toma\u0161evi\u0107a zarada \u010delnih ljudi Holdinga \u2013 primjerena: Odbili dostaviti podatke o primanjima - RADIO LJUBU\u0160KI\" \/>\n<meta property=\"og:description\" content=\"\u201cZa Politi\u010dku platformu Mo\u017eemo su po\u0161tenje, transparentnost, solidarnost i zalaganje za javni interes imperativi u politi\u010dkom djelovanju i obna\u0161anju javnih funkcija\u201d, navodi se u eti\u010dkom kodeksu ekstremno lijeve politi\u010dke stranke Mo\u017eemo, ali je primjerice transparentnost u potpunosti izostala u \u010detvrtak tijekom sjednice Gradske skup\u0161tine Grada Zagreba kada je odbijeno dostaviti podatke o primanjima predsjednika i [&hellip;]\" \/>\n<meta property=\"og:url\" content=\"https:\/\/radioljubuski.ba\/index.php\/2022\/05\/27\/za-tomasevica-zarada-celnih-ljudi-holdinga-primjerena-odbili-dostaviti-podatke-o-primanjima\/\" \/>\n<meta property=\"og:site_name\" content=\"RADIO LJUBU\u0160KI\" \/>\n<meta property=\"article:publisher\" content=\"https:\/\/www.facebook.com\/Radiio-Ljubuski-1490835324566332\" \/>\n<meta property=\"article:published_time\" content=\"2022-05-27T13:28:12+00:00\" \/>\n<meta property=\"article:modified_time\" content=\"2022-05-27T13:28:13+00:00\" \/>\n<meta property=\"og:image\" content=\"https:\/\/radioljubuski.ba\/wp-content\/uploads\/2022\/05\/tomasevic.jpg\" \/>\n\t<meta property=\"og:image:width\" content=\"696\" \/>\n\t<meta property=\"og:image:height\" content=\"468\" \/>\n\t<meta property=\"og:image:type\" content=\"image\/jpeg\" \/>\n<meta name=\"author\" content=\"Radio Ljubu\u0161ki\" \/>\n<meta name=\"twitter:card\" content=\"summary_large_image\" \/>\n<meta name=\"twitter:creator\" content=\"@radioljubuski\" \/>\n<meta name=\"twitter:site\" content=\"@radioljubuski\" \/>\n<meta name=\"twitter:label1\" content=\"Napisao\/la\" \/>\n\t<meta name=\"twitter:data1\" content=\"Radio Ljubu\u0161ki\" \/>\n\t<meta name=\"twitter:label2\" content=\"Procijenjeno vrijeme \u010ditanja\" \/>\n\t<meta name=\"twitter:data2\" content=\"3 minute\" \/>\n<script type=\"application\/ld+json\" class=\"yoast-schema-graph\">{\"@context\":\"https:\\\/\\\/schema.org\",\"@graph\":[{\"@type\":\"Article\",\"@id\":\"https:\\\/\\\/radioljubuski.ba\\\/index.php\\\/2022\\\/05\\\/27\\\/za-tomasevica-zarada-celnih-ljudi-holdinga-primjerena-odbili-dostaviti-podatke-o-primanjima\\\/#article\",\"isPartOf\":{\"@id\":\"https:\\\/\\\/radioljubuski.ba\\\/index.php\\\/2022\\\/05\\\/27\\\/za-tomasevica-zarada-celnih-ljudi-holdinga-primjerena-odbili-dostaviti-podatke-o-primanjima\\\/\"},\"author\":{\"name\":\"Radio Ljubu\u0161ki\",\"@id\":\"https:\\\/\\\/radioljubuski.ba\\\/#\\\/schema\\\/person\\\/19fc700381a780f69665d7956c469e3b\"},\"headline\":\"Za Toma\u0161evi\u0107a zarada \u010delnih ljudi Holdinga \u2013 primjerena: Odbili dostaviti podatke o primanjima\",\"datePublished\":\"2022-05-27T13:28:12+00:00\",\"dateModified\":\"2022-05-27T13:28:13+00:00\",\"mainEntityOfPage\":{\"@id\":\"https:\\\/\\\/radioljubuski.ba\\\/index.php\\\/2022\\\/05\\\/27\\\/za-tomasevica-zarada-celnih-ljudi-holdinga-primjerena-odbili-dostaviti-podatke-o-primanjima\\\/\"},\"wordCount\":782,\"publisher\":{\"@id\":\"https:\\\/\\\/radioljubuski.ba\\\/#organization\"},\"image\":{\"@id\":\"https:\\\/\\\/radioljubuski.ba\\\/index.php\\\/2022\\\/05\\\/27\\\/za-tomasevica-zarada-celnih-ljudi-holdinga-primjerena-odbili-dostaviti-podatke-o-primanjima\\\/#primaryimage\"},\"thumbnailUrl\":\"https:\\\/\\\/radioljubuski.ba\\\/wp-content\\\/uploads\\\/2022\\\/05\\\/tomasevic.jpg\",\"articleSection\":[\"BIH i regija\"],\"inLanguage\":\"hr\"},{\"@type\":\"WebPage\",\"@id\":\"https:\\\/\\\/radioljubuski.ba\\\/index.php\\\/2022\\\/05\\\/27\\\/za-tomasevica-zarada-celnih-ljudi-holdinga-primjerena-odbili-dostaviti-podatke-o-primanjima\\\/\",\"url\":\"https:\\\/\\\/radioljubuski.ba\\\/index.php\\\/2022\\\/05\\\/27\\\/za-tomasevica-zarada-celnih-ljudi-holdinga-primjerena-odbili-dostaviti-podatke-o-primanjima\\\/\",\"name\":\"Za Toma\u0161evi\u0107a zarada \u010delnih ljudi Holdinga \u2013 primjerena: Odbili dostaviti podatke o primanjima - RADIO LJUBU\u0160KI\",\"isPartOf\":{\"@id\":\"https:\\\/\\\/radioljubuski.ba\\\/#website\"},\"primaryImageOfPage\":{\"@id\":\"https:\\\/\\\/radioljubuski.ba\\\/index.php\\\/2022\\\/05\\\/27\\\/za-tomasevica-zarada-celnih-ljudi-holdinga-primjerena-odbili-dostaviti-podatke-o-primanjima\\\/#primaryimage\"},\"image\":{\"@id\":\"https:\\\/\\\/radioljubuski.ba\\\/index.php\\\/2022\\\/05\\\/27\\\/za-tomasevica-zarada-celnih-ljudi-holdinga-primjerena-odbili-dostaviti-podatke-o-primanjima\\\/#primaryimage\"},\"thumbnailUrl\":\"https:\\\/\\\/radioljubuski.ba\\\/wp-content\\\/uploads\\\/2022\\\/05\\\/tomasevic.jpg\",\"datePublished\":\"2022-05-27T13:28:12+00:00\",\"dateModified\":\"2022-05-27T13:28:13+00:00\",\"breadcrumb\":{\"@id\":\"https:\\\/\\\/radioljubuski.ba\\\/index.php\\\/2022\\\/05\\\/27\\\/za-tomasevica-zarada-celnih-ljudi-holdinga-primjerena-odbili-dostaviti-podatke-o-primanjima\\\/#breadcrumb\"},\"inLanguage\":\"hr\",\"potentialAction\":[{\"@type\":\"ReadAction\",\"target\":[\"https:\\\/\\\/radioljubuski.ba\\\/index.php\\\/2022\\\/05\\\/27\\\/za-tomasevica-zarada-celnih-ljudi-holdinga-primjerena-odbili-dostaviti-podatke-o-primanjima\\\/\"]}]},{\"@type\":\"ImageObject\",\"inLanguage\":\"hr\",\"@id\":\"https:\\\/\\\/radioljubuski.ba\\\/index.php\\\/2022\\\/05\\\/27\\\/za-tomasevica-zarada-celnih-ljudi-holdinga-primjerena-odbili-dostaviti-podatke-o-primanjima\\\/#primaryimage\",\"url\":\"https:\\\/\\\/radioljubuski.ba\\\/wp-content\\\/uploads\\\/2022\\\/05\\\/tomasevic.jpg\",\"contentUrl\":\"https:\\\/\\\/radioljubuski.ba\\\/wp-content\\\/uploads\\\/2022\\\/05\\\/tomasevic.jpg\",\"width\":696,\"height\":468},{\"@type\":\"BreadcrumbList\",\"@id\":\"https:\\\/\\\/radioljubuski.ba\\\/index.php\\\/2022\\\/05\\\/27\\\/za-tomasevica-zarada-celnih-ljudi-holdinga-primjerena-odbili-dostaviti-podatke-o-primanjima\\\/#breadcrumb\",\"itemListElement\":[{\"@type\":\"ListItem\",\"position\":1,\"name\":\"Po\u010detna stranica\",\"item\":\"https:\\\/\\\/radioljubuski.ba\\\/\"},{\"@type\":\"ListItem\",\"position\":2,\"name\":\"Za Toma\u0161evi\u0107a zarada \u010delnih ljudi Holdinga \u2013 primjerena: Odbili dostaviti podatke o primanjima\"}]},{\"@type\":\"WebSite\",\"@id\":\"https:\\\/\\\/radioljubuski.ba\\\/#website\",\"url\":\"https:\\\/\\\/radioljubuski.ba\\\/\",\"name\":\"Radio Ljubu\u0161ki\",\"description\":\"Sun\u010dana frekvencija Hercegovine\",\"publisher\":{\"@id\":\"https:\\\/\\\/radioljubuski.ba\\\/#organization\"},\"potentialAction\":[{\"@type\":\"SearchAction\",\"target\":{\"@type\":\"EntryPoint\",\"urlTemplate\":\"https:\\\/\\\/radioljubuski.ba\\\/?s={search_term_string}\"},\"query-input\":{\"@type\":\"PropertyValueSpecification\",\"valueRequired\":true,\"valueName\":\"search_term_string\"}}],\"inLanguage\":\"hr\"},{\"@type\":\"Organization\",\"@id\":\"https:\\\/\\\/radioljubuski.ba\\\/#organization\",\"name\":\"Radio Ljubu\u0161ki\",\"url\":\"https:\\\/\\\/radioljubuski.ba\\\/\",\"logo\":{\"@type\":\"ImageObject\",\"inLanguage\":\"hr\",\"@id\":\"https:\\\/\\\/radioljubuski.ba\\\/#\\\/schema\\\/logo\\\/image\\\/\",\"url\":\"https:\\\/\\\/radioljubuski.ba\\\/wp-content\\\/uploads\\\/2021\\\/02\\\/cropped-Radio_Ljubuski_logo1.jpg\",\"contentUrl\":\"https:\\\/\\\/radioljubuski.ba\\\/wp-content\\\/uploads\\\/2021\\\/02\\\/cropped-Radio_Ljubuski_logo1.jpg\",\"width\":512,\"height\":512,\"caption\":\"Radio Ljubu\u0161ki\"},\"image\":{\"@id\":\"https:\\\/\\\/radioljubuski.ba\\\/#\\\/schema\\\/logo\\\/image\\\/\"},\"sameAs\":[\"https:\\\/\\\/www.facebook.com\\\/Radiio-Ljubuski-1490835324566332\",\"https:\\\/\\\/x.com\\\/radioljubuski\",\"https:\\\/\\\/hr.linkedin.com\\\/company\\\/radio-ljubuski\",\"https:\\\/\\\/www.youtube.com\\\/channel\\\/UCHYaeO_n0Db3tjNGudGpXyw\"]},{\"@type\":\"Person\",\"@id\":\"https:\\\/\\\/radioljubuski.ba\\\/#\\\/schema\\\/person\\\/19fc700381a780f69665d7956c469e3b\",\"name\":\"Radio Ljubu\u0161ki\"}]}<\/script>\n<!-- \/ Yoast SEO plugin. -->","yoast_head_json":{"title":"Za Toma\u0161evi\u0107a zarada \u010delnih ljudi Holdinga \u2013 primjerena: Odbili dostaviti podatke o primanjima - RADIO LJUBU\u0160KI","robots":{"index":"index","follow":"follow","max-snippet":"max-snippet:-1","max-image-preview":"max-image-preview:large","max-video-preview":"max-video-preview:-1"},"canonical":"https:\/\/radioljubuski.ba\/index.php\/2022\/05\/27\/za-tomasevica-zarada-celnih-ljudi-holdinga-primjerena-odbili-dostaviti-podatke-o-primanjima\/","og_locale":"hr_HR","og_type":"article","og_title":"Za Toma\u0161evi\u0107a zarada \u010delnih ljudi Holdinga \u2013 primjerena: Odbili dostaviti podatke o primanjima - RADIO LJUBU\u0160KI","og_description":"\u201cZa Politi\u010dku platformu Mo\u017eemo su po\u0161tenje, transparentnost, solidarnost i zalaganje za javni interes imperativi u politi\u010dkom djelovanju i obna\u0161anju javnih funkcija\u201d, navodi se u eti\u010dkom kodeksu ekstremno lijeve politi\u010dke stranke Mo\u017eemo, ali je primjerice transparentnost u potpunosti izostala u \u010detvrtak tijekom sjednice Gradske skup\u0161tine Grada Zagreba kada je odbijeno dostaviti podatke o primanjima predsjednika i [&hellip;]","og_url":"https:\/\/radioljubuski.ba\/index.php\/2022\/05\/27\/za-tomasevica-zarada-celnih-ljudi-holdinga-primjerena-odbili-dostaviti-podatke-o-primanjima\/","og_site_name":"RADIO LJUBU\u0160KI","article_publisher":"https:\/\/www.facebook.com\/Radiio-Ljubuski-1490835324566332","article_published_time":"2022-05-27T13:28:12+00:00","article_modified_time":"2022-05-27T13:28:13+00:00","og_image":[{"width":696,"height":468,"url":"https:\/\/radioljubuski.ba\/wp-content\/uploads\/2022\/05\/tomasevic.jpg","type":"image\/jpeg"}],"author":"Radio Ljubu\u0161ki","twitter_card":"summary_large_image","twitter_creator":"@radioljubuski","twitter_site":"@radioljubuski","twitter_misc":{"Napisao\/la":"Radio Ljubu\u0161ki","Procijenjeno vrijeme \u010ditanja":"3 minute"},"schema":{"@context":"https:\/\/schema.org","@graph":[{"@type":"Article","@id":"https:\/\/radioljubuski.ba\/index.php\/2022\/05\/27\/za-tomasevica-zarada-celnih-ljudi-holdinga-primjerena-odbili-dostaviti-podatke-o-primanjima\/#article","isPartOf":{"@id":"https:\/\/radioljubuski.ba\/index.php\/2022\/05\/27\/za-tomasevica-zarada-celnih-ljudi-holdinga-primjerena-odbili-dostaviti-podatke-o-primanjima\/"},"author":{"name":"Radio Ljubu\u0161ki","@id":"https:\/\/radioljubuski.ba\/#\/schema\/person\/19fc700381a780f69665d7956c469e3b"},"headline":"Za Toma\u0161evi\u0107a zarada \u010delnih ljudi Holdinga \u2013 primjerena: Odbili dostaviti podatke o primanjima","datePublished":"2022-05-27T13:28:12+00:00","dateModified":"2022-05-27T13:28:13+00:00","mainEntityOfPage":{"@id":"https:\/\/radioljubuski.ba\/index.php\/2022\/05\/27\/za-tomasevica-zarada-celnih-ljudi-holdinga-primjerena-odbili-dostaviti-podatke-o-primanjima\/"},"wordCount":782,"publisher":{"@id":"https:\/\/radioljubuski.ba\/#organization"},"image":{"@id":"https:\/\/radioljubuski.ba\/index.php\/2022\/05\/27\/za-tomasevica-zarada-celnih-ljudi-holdinga-primjerena-odbili-dostaviti-podatke-o-primanjima\/#primaryimage"},"thumbnailUrl":"https:\/\/radioljubuski.ba\/wp-content\/uploads\/2022\/05\/tomasevic.jpg","articleSection":["BIH i regija"],"inLanguage":"hr"},{"@type":"WebPage","@id":"https:\/\/radioljubuski.ba\/index.php\/2022\/05\/27\/za-tomasevica-zarada-celnih-ljudi-holdinga-primjerena-odbili-dostaviti-podatke-o-primanjima\/","url":"https:\/\/radioljubuski.ba\/index.php\/2022\/05\/27\/za-tomasevica-zarada-celnih-ljudi-holdinga-primjerena-odbili-dostaviti-podatke-o-primanjima\/","name":"Za Toma\u0161evi\u0107a zarada \u010delnih ljudi Holdinga \u2013 primjerena: Odbili dostaviti podatke o primanjima - RADIO LJUBU\u0160KI","isPartOf":{"@id":"https:\/\/radioljubuski.ba\/#website"},"primaryImageOfPage":{"@id":"https:\/\/radioljubuski.ba\/index.php\/2022\/05\/27\/za-tomasevica-zarada-celnih-ljudi-holdinga-primjerena-odbili-dostaviti-podatke-o-primanjima\/#primaryimage"},"image":{"@id":"https:\/\/radioljubuski.ba\/index.php\/2022\/05\/27\/za-tomasevica-zarada-celnih-ljudi-holdinga-primjerena-odbili-dostaviti-podatke-o-primanjima\/#primaryimage"},"thumbnailUrl":"https:\/\/radioljubuski.ba\/wp-content\/uploads\/2022\/05\/tomasevic.jpg","datePublished":"2022-05-27T13:28:12+00:00","dateModified":"2022-05-27T13:28:13+00:00","breadcrumb":{"@id":"https:\/\/radioljubuski.ba\/index.php\/2022\/05\/27\/za-tomasevica-zarada-celnih-ljudi-holdinga-primjerena-odbili-dostaviti-podatke-o-primanjima\/#breadcrumb"},"inLanguage":"hr","potentialAction":[{"@type":"ReadAction","target":["https:\/\/radioljubuski.ba\/index.php\/2022\/05\/27\/za-tomasevica-zarada-celnih-ljudi-holdinga-primjerena-odbili-dostaviti-podatke-o-primanjima\/"]}]},{"@type":"ImageObject","inLanguage":"hr","@id":"https:\/\/radioljubuski.ba\/index.php\/2022\/05\/27\/za-tomasevica-zarada-celnih-ljudi-holdinga-primjerena-odbili-dostaviti-podatke-o-primanjima\/#primaryimage","url":"https:\/\/radioljubuski.ba\/wp-content\/uploads\/2022\/05\/tomasevic.jpg","contentUrl":"https:\/\/radioljubuski.ba\/wp-content\/uploads\/2022\/05\/tomasevic.jpg","width":696,"height":468},{"@type":"BreadcrumbList","@id":"https:\/\/radioljubuski.ba\/index.php\/2022\/05\/27\/za-tomasevica-zarada-celnih-ljudi-holdinga-primjerena-odbili-dostaviti-podatke-o-primanjima\/#breadcrumb","itemListElement":[{"@type":"ListItem","position":1,"name":"Po\u010detna stranica","item":"https:\/\/radioljubuski.ba\/"},{"@type":"ListItem","position":2,"name":"Za Toma\u0161evi\u0107a zarada \u010delnih ljudi Holdinga \u2013 primjerena: Odbili dostaviti podatke o primanjima"}]},{"@type":"WebSite","@id":"https:\/\/radioljubuski.ba\/#website","url":"https:\/\/radioljubuski.ba\/","name":"Radio Ljubu\u0161ki","description":"Sun\u010dana frekvencija Hercegovine","publisher":{"@id":"https:\/\/radioljubuski.ba\/#organization"},"potentialAction":[{"@type":"SearchAction","target":{"@type":"EntryPoint","urlTemplate":"https:\/\/radioljubuski.ba\/?s={search_term_string}"},"query-input":{"@type":"PropertyValueSpecification","valueRequired":true,"valueName":"search_term_string"}}],"inLanguage":"hr"},{"@type":"Organization","@id":"https:\/\/radioljubuski.ba\/#organization","name":"Radio Ljubu\u0161ki","url":"https:\/\/radioljubuski.ba\/","logo":{"@type":"ImageObject","inLanguage":"hr","@id":"https:\/\/radioljubuski.ba\/#\/schema\/logo\/image\/","url":"https:\/\/radioljubuski.ba\/wp-content\/uploads\/2021\/02\/cropped-Radio_Ljubuski_logo1.jpg","contentUrl":"https:\/\/radioljubuski.ba\/wp-content\/uploads\/2021\/02\/cropped-Radio_Ljubuski_logo1.jpg","width":512,"height":512,"caption":"Radio Ljubu\u0161ki"},"image":{"@id":"https:\/\/radioljubuski.ba\/#\/schema\/logo\/image\/"},"sameAs":["https:\/\/www.facebook.com\/Radiio-Ljubuski-1490835324566332","https:\/\/x.com\/radioljubuski","https:\/\/hr.linkedin.com\/company\/radio-ljubuski","https:\/\/www.youtube.com\/channel\/UCHYaeO_n0Db3tjNGudGpXyw"]},{"@type":"Person","@id":"https:\/\/radioljubuski.ba\/#\/schema\/person\/19fc700381a780f69665d7956c469e3b","name":"Radio Ljubu\u0161ki"}]}},"_links":{"self":[{"href":"https:\/\/radioljubuski.ba\/index.php\/wp-json\/wp\/v2\/posts\/144488","targetHints":{"allow":["GET"]}}],"collection":[{"href":"https:\/\/radioljubuski.ba\/index.php\/wp-json\/wp\/v2\/posts"}],"about":[{"href":"https:\/\/radioljubuski.ba\/index.php\/wp-json\/wp\/v2\/types\/post"}],"author":[{"embeddable":true,"href":"https:\/\/radioljubuski.ba\/index.php\/wp-json\/wp\/v2\/users\/2"}],"replies":[{"embeddable":true,"href":"https:\/\/radioljubuski.ba\/index.php\/wp-json\/wp\/v2\/comments?post=144488"}],"version-history":[{"count":1,"href":"https:\/\/radioljubuski.ba\/index.php\/wp-json\/wp\/v2\/posts\/144488\/revisions"}],"predecessor-version":[{"id":144490,"href":"https:\/\/radioljubuski.ba\/index.php\/wp-json\/wp\/v2\/posts\/144488\/revisions\/144490"}],"wp:featuredmedia":[{"embeddable":true,"href":"https:\/\/radioljubuski.ba\/index.php\/wp-json\/wp\/v2\/media\/144489"}],"wp:attachment":[{"href":"https:\/\/radioljubuski.ba\/index.php\/wp-json\/wp\/v2\/media?parent=144488"}],"wp:term":[{"taxonomy":"category","embeddable":true,"href":"https:\/\/radioljubuski.ba\/index.php\/wp-json\/wp\/v2\/categories?post=144488"},{"taxonomy":"post_tag","embeddable":true,"href":"https:\/\/radioljubuski.ba\/index.php\/wp-json\/wp\/v2\/tags?post=144488"}],"curies":[{"name":"wp","href":"https:\/\/api.w.org\/{rel}","templated":true}]}}