{"id":144509,"date":"2022-05-27T14:42:08","date_gmt":"2022-05-27T13:42:08","guid":{"rendered":"https:\/\/radioljubuski.ba\/?p=144509"},"modified":"2022-05-27T14:42:10","modified_gmt":"2022-05-27T13:42:10","slug":"prikanac-uskoro-na-crvenoj-listi-fbih-kao-ugrozena-vrsta","status":"publish","type":"post","link":"https:\/\/radioljubuski.ba\/index.php\/2022\/05\/27\/prikanac-uskoro-na-crvenoj-listi-fbih-kao-ugrozena-vrsta\/","title":{"rendered":"Prikanac uskoro na Crvenoj listi FBiH kao ugro\u017eena vrsta"},"content":{"rendered":"\n<p>Svjetska organizacija za za\u0161titu prirode WWF privela je kraju projekt &#8220;O\u010duvanje stenoendemske vrste prikanac na podru\u010dju Mostarskog blata&#8221; pro\u0161lotjednom Konferencijom o za\u0161titi prikanca \u010diji rezultat \u0107e biti skoro uklju\u010divanje ove ribice na IUCN-ovu Crvenu listu Federacije Bosne i Hercegovine.&nbsp;<\/p>\n\n\n\n<p>Unutar ovog projekta, koji je implementirala Udruga Dinarica, predstavnik WWF-a u BiH, uz financijsku podr\u0161ku Critical Ecosystem Partnership Funda, izvr\u0161ena su brojna istra\u017eivanja prikanca.<\/p>\n\n\n\n<p>&#8220;Tijekom prve godine projekta radili smo terenska istra\u017eivanja s profesorom Jerkom Pavli\u010devi\u0107em koja su potvrdila kako je prikanac dominantna vrsta, \u010dak 90 posto zastupljena na Mostarskom blatu zbog zahtjevnog terena, ali mu se stani\u0161te posljednjih godina smanjilo&#8221;, istakao je voditelj projekta Vedran Kordi\u0107.<\/p>\n\n\n\n<p>Ugrozu za stani\u0161te prikanca predstavljaju prvenstveno isu\u0161ivanje, gra\u0111evinski radovi u polju, ilegalne deponije, ilegalno va\u0111enje \u0161ljunka i pijeska.<\/p>\n\n\n\n<p>Iz WWF-a Adrija isti\u010du kako \u0107e dodatnu ugrozu uskoro predstavljati brza cesta od \u0160irokog Brijega do granice s Hrvatskom \u010dija je izgradnja planirana sjevernim dijelom polja.&nbsp;<\/p>\n\n\n\n<p>&#8220;U drugoj godini istra\u017eivanja promatrali smo jedinke u akvariju i otkrili kako prikanci vole temperaturu od oko 10 do 13 Celzijevih stupnjeva. U slu\u010daju vi\u0161e temperature u umjetnim uvjetima napadaju ih paraziti i voda se \u010desto mora mijenjati&#8221;, kazala je Sanja Duranovi\u0107, istra\u017eiva\u010dica na projektu.<\/p>\n\n\n\n<p>Duranovi\u0107 je do\u0161la do zaklju\u010dka da u ljetnom su\u0161nom razdoblju prikanci instinktivno tra\u017ee hladniju vodu i vrela na Mostarskom blatu gdje se skrivaju i pre\u017eivljavaju.&nbsp;<\/p>\n\n\n\n<p>&#8220;Prepoznali smo prikanca kao ugro\u017eenu vrstu i potrebu za njegovom za\u0161titom te smo u suradnji s WWF-om krenuli u njegovu institucionalnu za\u0161titu. Smanjenjem plavljenja Mostarskog blata do\u0161lo je do ugroze prikanca kao vrste&#8221;, rekla je Katarina Kraljevi\u0107, voditeljica projekta iz Udru\u017eenja Eko HUB \u0160iroki Brijeg.<\/p>\n\n\n\n<p>Dodala je kako se trenutno radi na izradi idejnog rje\u0161enja rezervata prikanca, koji bi jam\u010dio opstanak prikanca na podru\u010dju Mostarskog blata.&nbsp;<\/p>\n\n\n\n<p>Poslan je zahtjev Federalnom ministarstvu okoli\u0161a i turizma s kriterijima napravljenim prema IUCN-u (Me\u0111unarodnom savezu za o\u010duvanje prirode), studijom te planom mjera koje su proiza\u0161le iz ovog projekta. U skorom roku prikanac bi slu\u017ebeno trebao postati uvr\u0161ten na Crvenu listu FBiH kao kriti\u010dno ugro\u017eena vrsta jer kao stenoendem Mostarskog blata zadovoljava te uvjete, a brigu o prikancu preuzima Eko HUB \u0160iroki Brijeg, koji kre\u0107e u novi projekt, navodi se u saop\u0107enju.<\/p>\n\n\n\n<p>Izvor:pogled.ba<\/p>\n","protected":false},"excerpt":{"rendered":"<p>Svjetska organizacija za za\u0161titu prirode WWF privela je kraju projekt &#8220;O\u010duvanje stenoendemske vrste prikanac na podru\u010dju Mostarskog blata&#8221; pro\u0161lotjednom Konferencijom o za\u0161titi prikanca \u010diji rezultat \u0107e biti skoro uklju\u010divanje ove ribice na IUCN-ovu Crvenu listu Federacije Bosne i Hercegovine.&nbsp; Unutar ovog projekta, koji je implementirala Udruga Dinarica, predstavnik WWF-a u BiH, uz financijsku podr\u0161ku Critical [&hellip;]<\/p>\n","protected":false},"author":2,"featured_media":144510,"comment_status":"closed","ping_status":"closed","sticky":false,"template":"","format":"standard","meta":{"h5ap_radio_sources":[],"footnotes":""},"categories":[1],"tags":[],"class_list":["post-144509","post","type-post","status-publish","format-standard","has-post-thumbnail","hentry","category-bihiregija"],"yoast_head":"<!-- This site is optimized with the Yoast SEO plugin v27.5 - https:\/\/yoast.com\/product\/yoast-seo-wordpress\/ -->\n<title>Prikanac uskoro na Crvenoj listi FBiH kao ugro\u017eena vrsta - RADIO LJUBU\u0160KI<\/title>\n<meta name=\"robots\" content=\"index, follow, max-snippet:-1, max-image-preview:large, max-video-preview:-1\" \/>\n<link rel=\"canonical\" href=\"https:\/\/radioljubuski.ba\/index.php\/2022\/05\/27\/prikanac-uskoro-na-crvenoj-listi-fbih-kao-ugrozena-vrsta\/\" \/>\n<meta property=\"og:locale\" content=\"hr_HR\" \/>\n<meta property=\"og:type\" content=\"article\" \/>\n<meta property=\"og:title\" content=\"Prikanac uskoro na Crvenoj listi FBiH kao ugro\u017eena vrsta - RADIO LJUBU\u0160KI\" \/>\n<meta property=\"og:description\" content=\"Svjetska organizacija za za\u0161titu prirode WWF privela je kraju projekt &#8220;O\u010duvanje stenoendemske vrste prikanac na podru\u010dju Mostarskog blata&#8221; pro\u0161lotjednom Konferencijom o za\u0161titi prikanca \u010diji rezultat \u0107e biti skoro uklju\u010divanje ove ribice na IUCN-ovu Crvenu listu Federacije Bosne i Hercegovine.&nbsp; Unutar ovog projekta, koji je implementirala Udruga Dinarica, predstavnik WWF-a u BiH, uz financijsku podr\u0161ku Critical [&hellip;]\" \/>\n<meta property=\"og:url\" content=\"https:\/\/radioljubuski.ba\/index.php\/2022\/05\/27\/prikanac-uskoro-na-crvenoj-listi-fbih-kao-ugrozena-vrsta\/\" \/>\n<meta property=\"og:site_name\" content=\"RADIO LJUBU\u0160KI\" \/>\n<meta property=\"article:publisher\" content=\"https:\/\/www.facebook.com\/Radiio-Ljubuski-1490835324566332\" \/>\n<meta property=\"article:published_time\" content=\"2022-05-27T13:42:08+00:00\" \/>\n<meta property=\"article:modified_time\" content=\"2022-05-27T13:42:10+00:00\" \/>\n<meta property=\"og:image\" content=\"https:\/\/radioljubuski.ba\/wp-content\/uploads\/2022\/05\/2-2021-04-13-16-21-59-prikanac-mostarsko-blato-2021-810x542-1.jpg\" \/>\n\t<meta property=\"og:image:width\" content=\"1000\" \/>\n\t<meta property=\"og:image:height\" content=\"625\" \/>\n\t<meta property=\"og:image:type\" content=\"image\/jpeg\" \/>\n<meta name=\"author\" content=\"Radio Ljubu\u0161ki\" \/>\n<meta name=\"twitter:card\" content=\"summary_large_image\" \/>\n<meta name=\"twitter:creator\" content=\"@radioljubuski\" \/>\n<meta name=\"twitter:site\" content=\"@radioljubuski\" \/>\n<meta name=\"twitter:label1\" content=\"Napisao\/la\" \/>\n\t<meta name=\"twitter:data1\" content=\"Radio Ljubu\u0161ki\" \/>\n\t<meta name=\"twitter:label2\" content=\"Procijenjeno vrijeme \u010ditanja\" \/>\n\t<meta name=\"twitter:data2\" content=\"2 minute\" \/>\n<script type=\"application\/ld+json\" class=\"yoast-schema-graph\">{\"@context\":\"https:\\\/\\\/schema.org\",\"@graph\":[{\"@type\":\"Article\",\"@id\":\"https:\\\/\\\/radioljubuski.ba\\\/index.php\\\/2022\\\/05\\\/27\\\/prikanac-uskoro-na-crvenoj-listi-fbih-kao-ugrozena-vrsta\\\/#article\",\"isPartOf\":{\"@id\":\"https:\\\/\\\/radioljubuski.ba\\\/index.php\\\/2022\\\/05\\\/27\\\/prikanac-uskoro-na-crvenoj-listi-fbih-kao-ugrozena-vrsta\\\/\"},\"author\":{\"name\":\"Radio Ljubu\u0161ki\",\"@id\":\"https:\\\/\\\/radioljubuski.ba\\\/#\\\/schema\\\/person\\\/19fc700381a780f69665d7956c469e3b\"},\"headline\":\"Prikanac uskoro na Crvenoj listi FBiH kao ugro\u017eena vrsta\",\"datePublished\":\"2022-05-27T13:42:08+00:00\",\"dateModified\":\"2022-05-27T13:42:10+00:00\",\"mainEntityOfPage\":{\"@id\":\"https:\\\/\\\/radioljubuski.ba\\\/index.php\\\/2022\\\/05\\\/27\\\/prikanac-uskoro-na-crvenoj-listi-fbih-kao-ugrozena-vrsta\\\/\"},\"wordCount\":417,\"publisher\":{\"@id\":\"https:\\\/\\\/radioljubuski.ba\\\/#organization\"},\"image\":{\"@id\":\"https:\\\/\\\/radioljubuski.ba\\\/index.php\\\/2022\\\/05\\\/27\\\/prikanac-uskoro-na-crvenoj-listi-fbih-kao-ugrozena-vrsta\\\/#primaryimage\"},\"thumbnailUrl\":\"https:\\\/\\\/radioljubuski.ba\\\/wp-content\\\/uploads\\\/2022\\\/05\\\/2-2021-04-13-16-21-59-prikanac-mostarsko-blato-2021-810x542-1.jpg\",\"articleSection\":[\"BIH i regija\"],\"inLanguage\":\"hr\"},{\"@type\":\"WebPage\",\"@id\":\"https:\\\/\\\/radioljubuski.ba\\\/index.php\\\/2022\\\/05\\\/27\\\/prikanac-uskoro-na-crvenoj-listi-fbih-kao-ugrozena-vrsta\\\/\",\"url\":\"https:\\\/\\\/radioljubuski.ba\\\/index.php\\\/2022\\\/05\\\/27\\\/prikanac-uskoro-na-crvenoj-listi-fbih-kao-ugrozena-vrsta\\\/\",\"name\":\"Prikanac uskoro na Crvenoj listi FBiH kao ugro\u017eena vrsta - RADIO LJUBU\u0160KI\",\"isPartOf\":{\"@id\":\"https:\\\/\\\/radioljubuski.ba\\\/#website\"},\"primaryImageOfPage\":{\"@id\":\"https:\\\/\\\/radioljubuski.ba\\\/index.php\\\/2022\\\/05\\\/27\\\/prikanac-uskoro-na-crvenoj-listi-fbih-kao-ugrozena-vrsta\\\/#primaryimage\"},\"image\":{\"@id\":\"https:\\\/\\\/radioljubuski.ba\\\/index.php\\\/2022\\\/05\\\/27\\\/prikanac-uskoro-na-crvenoj-listi-fbih-kao-ugrozena-vrsta\\\/#primaryimage\"},\"thumbnailUrl\":\"https:\\\/\\\/radioljubuski.ba\\\/wp-content\\\/uploads\\\/2022\\\/05\\\/2-2021-04-13-16-21-59-prikanac-mostarsko-blato-2021-810x542-1.jpg\",\"datePublished\":\"2022-05-27T13:42:08+00:00\",\"dateModified\":\"2022-05-27T13:42:10+00:00\",\"breadcrumb\":{\"@id\":\"https:\\\/\\\/radioljubuski.ba\\\/index.php\\\/2022\\\/05\\\/27\\\/prikanac-uskoro-na-crvenoj-listi-fbih-kao-ugrozena-vrsta\\\/#breadcrumb\"},\"inLanguage\":\"hr\",\"potentialAction\":[{\"@type\":\"ReadAction\",\"target\":[\"https:\\\/\\\/radioljubuski.ba\\\/index.php\\\/2022\\\/05\\\/27\\\/prikanac-uskoro-na-crvenoj-listi-fbih-kao-ugrozena-vrsta\\\/\"]}]},{\"@type\":\"ImageObject\",\"inLanguage\":\"hr\",\"@id\":\"https:\\\/\\\/radioljubuski.ba\\\/index.php\\\/2022\\\/05\\\/27\\\/prikanac-uskoro-na-crvenoj-listi-fbih-kao-ugrozena-vrsta\\\/#primaryimage\",\"url\":\"https:\\\/\\\/radioljubuski.ba\\\/wp-content\\\/uploads\\\/2022\\\/05\\\/2-2021-04-13-16-21-59-prikanac-mostarsko-blato-2021-810x542-1.jpg\",\"contentUrl\":\"https:\\\/\\\/radioljubuski.ba\\\/wp-content\\\/uploads\\\/2022\\\/05\\\/2-2021-04-13-16-21-59-prikanac-mostarsko-blato-2021-810x542-1.jpg\",\"width\":1000,\"height\":625},{\"@type\":\"BreadcrumbList\",\"@id\":\"https:\\\/\\\/radioljubuski.ba\\\/index.php\\\/2022\\\/05\\\/27\\\/prikanac-uskoro-na-crvenoj-listi-fbih-kao-ugrozena-vrsta\\\/#breadcrumb\",\"itemListElement\":[{\"@type\":\"ListItem\",\"position\":1,\"name\":\"Po\u010detna stranica\",\"item\":\"https:\\\/\\\/radioljubuski.ba\\\/\"},{\"@type\":\"ListItem\",\"position\":2,\"name\":\"Prikanac uskoro na Crvenoj listi FBiH kao ugro\u017eena vrsta\"}]},{\"@type\":\"WebSite\",\"@id\":\"https:\\\/\\\/radioljubuski.ba\\\/#website\",\"url\":\"https:\\\/\\\/radioljubuski.ba\\\/\",\"name\":\"Radio Ljubu\u0161ki\",\"description\":\"Sun\u010dana frekvencija Hercegovine\",\"publisher\":{\"@id\":\"https:\\\/\\\/radioljubuski.ba\\\/#organization\"},\"potentialAction\":[{\"@type\":\"SearchAction\",\"target\":{\"@type\":\"EntryPoint\",\"urlTemplate\":\"https:\\\/\\\/radioljubuski.ba\\\/?s={search_term_string}\"},\"query-input\":{\"@type\":\"PropertyValueSpecification\",\"valueRequired\":true,\"valueName\":\"search_term_string\"}}],\"inLanguage\":\"hr\"},{\"@type\":\"Organization\",\"@id\":\"https:\\\/\\\/radioljubuski.ba\\\/#organization\",\"name\":\"Radio Ljubu\u0161ki\",\"url\":\"https:\\\/\\\/radioljubuski.ba\\\/\",\"logo\":{\"@type\":\"ImageObject\",\"inLanguage\":\"hr\",\"@id\":\"https:\\\/\\\/radioljubuski.ba\\\/#\\\/schema\\\/logo\\\/image\\\/\",\"url\":\"https:\\\/\\\/radioljubuski.ba\\\/wp-content\\\/uploads\\\/2021\\\/02\\\/cropped-Radio_Ljubuski_logo1.jpg\",\"contentUrl\":\"https:\\\/\\\/radioljubuski.ba\\\/wp-content\\\/uploads\\\/2021\\\/02\\\/cropped-Radio_Ljubuski_logo1.jpg\",\"width\":512,\"height\":512,\"caption\":\"Radio Ljubu\u0161ki\"},\"image\":{\"@id\":\"https:\\\/\\\/radioljubuski.ba\\\/#\\\/schema\\\/logo\\\/image\\\/\"},\"sameAs\":[\"https:\\\/\\\/www.facebook.com\\\/Radiio-Ljubuski-1490835324566332\",\"https:\\\/\\\/x.com\\\/radioljubuski\",\"https:\\\/\\\/hr.linkedin.com\\\/company\\\/radio-ljubuski\",\"https:\\\/\\\/www.youtube.com\\\/channel\\\/UCHYaeO_n0Db3tjNGudGpXyw\"]},{\"@type\":\"Person\",\"@id\":\"https:\\\/\\\/radioljubuski.ba\\\/#\\\/schema\\\/person\\\/19fc700381a780f69665d7956c469e3b\",\"name\":\"Radio Ljubu\u0161ki\"}]}<\/script>\n<!-- \/ Yoast SEO plugin. -->","yoast_head_json":{"title":"Prikanac uskoro na Crvenoj listi FBiH kao ugro\u017eena vrsta - RADIO LJUBU\u0160KI","robots":{"index":"index","follow":"follow","max-snippet":"max-snippet:-1","max-image-preview":"max-image-preview:large","max-video-preview":"max-video-preview:-1"},"canonical":"https:\/\/radioljubuski.ba\/index.php\/2022\/05\/27\/prikanac-uskoro-na-crvenoj-listi-fbih-kao-ugrozena-vrsta\/","og_locale":"hr_HR","og_type":"article","og_title":"Prikanac uskoro na Crvenoj listi FBiH kao ugro\u017eena vrsta - RADIO LJUBU\u0160KI","og_description":"Svjetska organizacija za za\u0161titu prirode WWF privela je kraju projekt &#8220;O\u010duvanje stenoendemske vrste prikanac na podru\u010dju Mostarskog blata&#8221; pro\u0161lotjednom Konferencijom o za\u0161titi prikanca \u010diji rezultat \u0107e biti skoro uklju\u010divanje ove ribice na IUCN-ovu Crvenu listu Federacije Bosne i Hercegovine.&nbsp; Unutar ovog projekta, koji je implementirala Udruga Dinarica, predstavnik WWF-a u BiH, uz financijsku podr\u0161ku Critical [&hellip;]","og_url":"https:\/\/radioljubuski.ba\/index.php\/2022\/05\/27\/prikanac-uskoro-na-crvenoj-listi-fbih-kao-ugrozena-vrsta\/","og_site_name":"RADIO LJUBU\u0160KI","article_publisher":"https:\/\/www.facebook.com\/Radiio-Ljubuski-1490835324566332","article_published_time":"2022-05-27T13:42:08+00:00","article_modified_time":"2022-05-27T13:42:10+00:00","og_image":[{"width":1000,"height":625,"url":"https:\/\/radioljubuski.ba\/wp-content\/uploads\/2022\/05\/2-2021-04-13-16-21-59-prikanac-mostarsko-blato-2021-810x542-1.jpg","type":"image\/jpeg"}],"author":"Radio Ljubu\u0161ki","twitter_card":"summary_large_image","twitter_creator":"@radioljubuski","twitter_site":"@radioljubuski","twitter_misc":{"Napisao\/la":"Radio Ljubu\u0161ki","Procijenjeno vrijeme \u010ditanja":"2 minute"},"schema":{"@context":"https:\/\/schema.org","@graph":[{"@type":"Article","@id":"https:\/\/radioljubuski.ba\/index.php\/2022\/05\/27\/prikanac-uskoro-na-crvenoj-listi-fbih-kao-ugrozena-vrsta\/#article","isPartOf":{"@id":"https:\/\/radioljubuski.ba\/index.php\/2022\/05\/27\/prikanac-uskoro-na-crvenoj-listi-fbih-kao-ugrozena-vrsta\/"},"author":{"name":"Radio Ljubu\u0161ki","@id":"https:\/\/radioljubuski.ba\/#\/schema\/person\/19fc700381a780f69665d7956c469e3b"},"headline":"Prikanac uskoro na Crvenoj listi FBiH kao ugro\u017eena vrsta","datePublished":"2022-05-27T13:42:08+00:00","dateModified":"2022-05-27T13:42:10+00:00","mainEntityOfPage":{"@id":"https:\/\/radioljubuski.ba\/index.php\/2022\/05\/27\/prikanac-uskoro-na-crvenoj-listi-fbih-kao-ugrozena-vrsta\/"},"wordCount":417,"publisher":{"@id":"https:\/\/radioljubuski.ba\/#organization"},"image":{"@id":"https:\/\/radioljubuski.ba\/index.php\/2022\/05\/27\/prikanac-uskoro-na-crvenoj-listi-fbih-kao-ugrozena-vrsta\/#primaryimage"},"thumbnailUrl":"https:\/\/radioljubuski.ba\/wp-content\/uploads\/2022\/05\/2-2021-04-13-16-21-59-prikanac-mostarsko-blato-2021-810x542-1.jpg","articleSection":["BIH i regija"],"inLanguage":"hr"},{"@type":"WebPage","@id":"https:\/\/radioljubuski.ba\/index.php\/2022\/05\/27\/prikanac-uskoro-na-crvenoj-listi-fbih-kao-ugrozena-vrsta\/","url":"https:\/\/radioljubuski.ba\/index.php\/2022\/05\/27\/prikanac-uskoro-na-crvenoj-listi-fbih-kao-ugrozena-vrsta\/","name":"Prikanac uskoro na Crvenoj listi FBiH kao ugro\u017eena vrsta - RADIO LJUBU\u0160KI","isPartOf":{"@id":"https:\/\/radioljubuski.ba\/#website"},"primaryImageOfPage":{"@id":"https:\/\/radioljubuski.ba\/index.php\/2022\/05\/27\/prikanac-uskoro-na-crvenoj-listi-fbih-kao-ugrozena-vrsta\/#primaryimage"},"image":{"@id":"https:\/\/radioljubuski.ba\/index.php\/2022\/05\/27\/prikanac-uskoro-na-crvenoj-listi-fbih-kao-ugrozena-vrsta\/#primaryimage"},"thumbnailUrl":"https:\/\/radioljubuski.ba\/wp-content\/uploads\/2022\/05\/2-2021-04-13-16-21-59-prikanac-mostarsko-blato-2021-810x542-1.jpg","datePublished":"2022-05-27T13:42:08+00:00","dateModified":"2022-05-27T13:42:10+00:00","breadcrumb":{"@id":"https:\/\/radioljubuski.ba\/index.php\/2022\/05\/27\/prikanac-uskoro-na-crvenoj-listi-fbih-kao-ugrozena-vrsta\/#breadcrumb"},"inLanguage":"hr","potentialAction":[{"@type":"ReadAction","target":["https:\/\/radioljubuski.ba\/index.php\/2022\/05\/27\/prikanac-uskoro-na-crvenoj-listi-fbih-kao-ugrozena-vrsta\/"]}]},{"@type":"ImageObject","inLanguage":"hr","@id":"https:\/\/radioljubuski.ba\/index.php\/2022\/05\/27\/prikanac-uskoro-na-crvenoj-listi-fbih-kao-ugrozena-vrsta\/#primaryimage","url":"https:\/\/radioljubuski.ba\/wp-content\/uploads\/2022\/05\/2-2021-04-13-16-21-59-prikanac-mostarsko-blato-2021-810x542-1.jpg","contentUrl":"https:\/\/radioljubuski.ba\/wp-content\/uploads\/2022\/05\/2-2021-04-13-16-21-59-prikanac-mostarsko-blato-2021-810x542-1.jpg","width":1000,"height":625},{"@type":"BreadcrumbList","@id":"https:\/\/radioljubuski.ba\/index.php\/2022\/05\/27\/prikanac-uskoro-na-crvenoj-listi-fbih-kao-ugrozena-vrsta\/#breadcrumb","itemListElement":[{"@type":"ListItem","position":1,"name":"Po\u010detna stranica","item":"https:\/\/radioljubuski.ba\/"},{"@type":"ListItem","position":2,"name":"Prikanac uskoro na Crvenoj listi FBiH kao ugro\u017eena vrsta"}]},{"@type":"WebSite","@id":"https:\/\/radioljubuski.ba\/#website","url":"https:\/\/radioljubuski.ba\/","name":"Radio Ljubu\u0161ki","description":"Sun\u010dana frekvencija Hercegovine","publisher":{"@id":"https:\/\/radioljubuski.ba\/#organization"},"potentialAction":[{"@type":"SearchAction","target":{"@type":"EntryPoint","urlTemplate":"https:\/\/radioljubuski.ba\/?s={search_term_string}"},"query-input":{"@type":"PropertyValueSpecification","valueRequired":true,"valueName":"search_term_string"}}],"inLanguage":"hr"},{"@type":"Organization","@id":"https:\/\/radioljubuski.ba\/#organization","name":"Radio Ljubu\u0161ki","url":"https:\/\/radioljubuski.ba\/","logo":{"@type":"ImageObject","inLanguage":"hr","@id":"https:\/\/radioljubuski.ba\/#\/schema\/logo\/image\/","url":"https:\/\/radioljubuski.ba\/wp-content\/uploads\/2021\/02\/cropped-Radio_Ljubuski_logo1.jpg","contentUrl":"https:\/\/radioljubuski.ba\/wp-content\/uploads\/2021\/02\/cropped-Radio_Ljubuski_logo1.jpg","width":512,"height":512,"caption":"Radio Ljubu\u0161ki"},"image":{"@id":"https:\/\/radioljubuski.ba\/#\/schema\/logo\/image\/"},"sameAs":["https:\/\/www.facebook.com\/Radiio-Ljubuski-1490835324566332","https:\/\/x.com\/radioljubuski","https:\/\/hr.linkedin.com\/company\/radio-ljubuski","https:\/\/www.youtube.com\/channel\/UCHYaeO_n0Db3tjNGudGpXyw"]},{"@type":"Person","@id":"https:\/\/radioljubuski.ba\/#\/schema\/person\/19fc700381a780f69665d7956c469e3b","name":"Radio Ljubu\u0161ki"}]}},"_links":{"self":[{"href":"https:\/\/radioljubuski.ba\/index.php\/wp-json\/wp\/v2\/posts\/144509","targetHints":{"allow":["GET"]}}],"collection":[{"href":"https:\/\/radioljubuski.ba\/index.php\/wp-json\/wp\/v2\/posts"}],"about":[{"href":"https:\/\/radioljubuski.ba\/index.php\/wp-json\/wp\/v2\/types\/post"}],"author":[{"embeddable":true,"href":"https:\/\/radioljubuski.ba\/index.php\/wp-json\/wp\/v2\/users\/2"}],"replies":[{"embeddable":true,"href":"https:\/\/radioljubuski.ba\/index.php\/wp-json\/wp\/v2\/comments?post=144509"}],"version-history":[{"count":1,"href":"https:\/\/radioljubuski.ba\/index.php\/wp-json\/wp\/v2\/posts\/144509\/revisions"}],"predecessor-version":[{"id":144511,"href":"https:\/\/radioljubuski.ba\/index.php\/wp-json\/wp\/v2\/posts\/144509\/revisions\/144511"}],"wp:featuredmedia":[{"embeddable":true,"href":"https:\/\/radioljubuski.ba\/index.php\/wp-json\/wp\/v2\/media\/144510"}],"wp:attachment":[{"href":"https:\/\/radioljubuski.ba\/index.php\/wp-json\/wp\/v2\/media?parent=144509"}],"wp:term":[{"taxonomy":"category","embeddable":true,"href":"https:\/\/radioljubuski.ba\/index.php\/wp-json\/wp\/v2\/categories?post=144509"},{"taxonomy":"post_tag","embeddable":true,"href":"https:\/\/radioljubuski.ba\/index.php\/wp-json\/wp\/v2\/tags?post=144509"}],"curies":[{"name":"wp","href":"https:\/\/api.w.org\/{rel}","templated":true}]}}