{"id":144531,"date":"2022-05-27T14:51:54","date_gmt":"2022-05-27T13:51:54","guid":{"rendered":"https:\/\/radioljubuski.ba\/?p=144531"},"modified":"2022-05-27T14:51:56","modified_gmt":"2022-05-27T13:51:56","slug":"ministarstvo-financija-i-trezora-bih-proracun-za-2022-godinu-upucen-vijecu-ministara-bih","status":"publish","type":"post","link":"https:\/\/radioljubuski.ba\/index.php\/2022\/05\/27\/ministarstvo-financija-i-trezora-bih-proracun-za-2022-godinu-upucen-vijecu-ministara-bih\/","title":{"rendered":"Ministarstvo financija i trezora BiH &#8211; Prora\u010dun za 2022. godinu upu\u0107en Vije\u0107u ministara BiH"},"content":{"rendered":"\n<p>Nacrt Zakona o prora\u010dunu institucija BiH i me\u0111unarodnih obveza BiH za 2022. godinu upu\u0107en je danas iz Ministarstva financija i trezora BiH Generalnom tajni\u0161tu Vije\u0107a ministara BiH u proceduru usvajanja.<\/p>\n\n\n\n<p>Nakon \u0161to je ju\u010der Vije\u0107e ministara BiH usvojilo Dokument okvirnog prora\u010duna (DOP) za razdoblje 2022- -2024. godina stvoreni su uvjeti za usvajanje Nacrta Zakona o Prora\u010dun institucija BiH i me\u0111unarodnih obveza BiH za 2022. godinu &#8211; priop\u0107eno je iz Ministarstva financija i trezora BiH.<\/p>\n\n\n\n<p>Zamjenik predsjedatelja Vije\u0107a ministara BiH i ministar financija i trezora Vjekoslav Bevanda istaknuo je da je to Ministarstvo u najbr\u017eem mogu\u0107em roku u datim okolnostima zavr\u0161ilo rad na DOP-u i ovogodi\u0161njem prora\u010dunu.<\/p>\n\n\n\n<p>-Globalni okvir fiskalne bilance i politika u BiH za razdoblje 2022. -2024. godina usvojen je 30. 3. 2022. godine te je uslijedio rad na dva obimna dokumenta na kojima po\u010diva financiranje institucija BiH i povrat javnog duga. Dakle, Ministarstvo financija i trezora BiH je u roku dva mjeseca zavr\u0161ilo ovaj zahtjevan posao te o\u010dekujemo da se bez pote\u0161ko\u0107a nastavi dalja procedura usvajanja prora\u010duna &#8211; rekao je ministar Bevanda.<\/p>\n\n\n\n<p>Temeljem Ustava i zakona Ministarstvo financija i trezora BiH je tehni\u010dki izvr\u0161itelj u procesu dono\u0161enja prora\u010duna. Nakon \u0161to Vije\u0107e ministara usvoji Nacrt Zakona o prora\u010dunu institucija BiH i me\u0111unarodnih obveza BiH za 2022. godinu on se upu\u0107uje ustavnom predlagatelju &#8211; Predsjedni\u0161tvu BiH, koje utvr\u0111uje prijedlog Zakona o prora\u010dunu institucija BiH i me\u0111unarodnih obveza BiH, poslije \u010dega ga upu\u0107uje na usvajanje Zastupni\u010dkom domu i Domu naroda Parlamentarne skup\u0161tine BiH &#8211; poja\u0161njeno je iz Ministarstva financija i trezora BiH.<\/p>\n\n\n\n<p>Izvor:pogled.ba<\/p>\n","protected":false},"excerpt":{"rendered":"<p>Nacrt Zakona o prora\u010dunu institucija BiH i me\u0111unarodnih obveza BiH za 2022. godinu upu\u0107en je danas iz Ministarstva financija i trezora BiH Generalnom tajni\u0161tu Vije\u0107a ministara BiH u proceduru usvajanja. Nakon \u0161to je ju\u010der Vije\u0107e ministara BiH usvojilo Dokument okvirnog prora\u010duna (DOP) za razdoblje 2022- -2024. godina stvoreni su uvjeti za usvajanje Nacrta Zakona o [&hellip;]<\/p>\n","protected":false},"author":2,"featured_media":142202,"comment_status":"closed","ping_status":"closed","sticky":false,"template":"","format":"standard","meta":{"h5ap_radio_sources":[],"footnotes":""},"categories":[1],"tags":[],"class_list":["post-144531","post","type-post","status-publish","format-standard","has-post-thumbnail","hentry","category-bihiregija"],"yoast_head":"<!-- This site is optimized with the Yoast SEO plugin v27.5 - https:\/\/yoast.com\/product\/yoast-seo-wordpress\/ -->\n<title>Ministarstvo financija i trezora BiH - Prora\u010dun za 2022. godinu upu\u0107en Vije\u0107u ministara BiH - RADIO LJUBU\u0160KI<\/title>\n<meta name=\"robots\" content=\"index, follow, max-snippet:-1, max-image-preview:large, max-video-preview:-1\" \/>\n<link rel=\"canonical\" href=\"https:\/\/radioljubuski.ba\/index.php\/2022\/05\/27\/ministarstvo-financija-i-trezora-bih-proracun-za-2022-godinu-upucen-vijecu-ministara-bih\/\" \/>\n<meta property=\"og:locale\" content=\"hr_HR\" \/>\n<meta property=\"og:type\" content=\"article\" \/>\n<meta property=\"og:title\" content=\"Ministarstvo financija i trezora BiH - Prora\u010dun za 2022. godinu upu\u0107en Vije\u0107u ministara BiH - RADIO LJUBU\u0160KI\" \/>\n<meta property=\"og:description\" content=\"Nacrt Zakona o prora\u010dunu institucija BiH i me\u0111unarodnih obveza BiH za 2022. godinu upu\u0107en je danas iz Ministarstva financija i trezora BiH Generalnom tajni\u0161tu Vije\u0107a ministara BiH u proceduru usvajanja. Nakon \u0161to je ju\u010der Vije\u0107e ministara BiH usvojilo Dokument okvirnog prora\u010duna (DOP) za razdoblje 2022- -2024. godina stvoreni su uvjeti za usvajanje Nacrta Zakona o [&hellip;]\" \/>\n<meta property=\"og:url\" content=\"https:\/\/radioljubuski.ba\/index.php\/2022\/05\/27\/ministarstvo-financija-i-trezora-bih-proracun-za-2022-godinu-upucen-vijecu-ministara-bih\/\" \/>\n<meta property=\"og:site_name\" content=\"RADIO LJUBU\u0160KI\" \/>\n<meta property=\"article:publisher\" content=\"https:\/\/www.facebook.com\/Radiio-Ljubuski-1490835324566332\" \/>\n<meta property=\"article:published_time\" content=\"2022-05-27T13:51:54+00:00\" \/>\n<meta property=\"article:modified_time\" content=\"2022-05-27T13:51:56+00:00\" \/>\n<meta property=\"og:image\" content=\"https:\/\/radioljubuski.ba\/wp-content\/uploads\/2022\/05\/8-2022-05-18-08-15-57-vjekoslav-bevanda-810x525-1.jpg\" \/>\n\t<meta property=\"og:image:width\" content=\"1000\" \/>\n\t<meta property=\"og:image:height\" content=\"625\" \/>\n\t<meta property=\"og:image:type\" content=\"image\/jpeg\" \/>\n<meta name=\"author\" content=\"Radio Ljubu\u0161ki\" \/>\n<meta name=\"twitter:card\" content=\"summary_large_image\" \/>\n<meta name=\"twitter:creator\" content=\"@radioljubuski\" \/>\n<meta name=\"twitter:site\" content=\"@radioljubuski\" \/>\n<meta name=\"twitter:label1\" content=\"Napisao\/la\" \/>\n\t<meta name=\"twitter:data1\" content=\"Radio Ljubu\u0161ki\" \/>\n\t<meta name=\"twitter:label2\" content=\"Procijenjeno vrijeme \u010ditanja\" \/>\n\t<meta name=\"twitter:data2\" content=\"2 minute\" \/>\n<script type=\"application\/ld+json\" class=\"yoast-schema-graph\">{\"@context\":\"https:\\\/\\\/schema.org\",\"@graph\":[{\"@type\":\"Article\",\"@id\":\"https:\\\/\\\/radioljubuski.ba\\\/index.php\\\/2022\\\/05\\\/27\\\/ministarstvo-financija-i-trezora-bih-proracun-za-2022-godinu-upucen-vijecu-ministara-bih\\\/#article\",\"isPartOf\":{\"@id\":\"https:\\\/\\\/radioljubuski.ba\\\/index.php\\\/2022\\\/05\\\/27\\\/ministarstvo-financija-i-trezora-bih-proracun-za-2022-godinu-upucen-vijecu-ministara-bih\\\/\"},\"author\":{\"name\":\"Radio Ljubu\u0161ki\",\"@id\":\"https:\\\/\\\/radioljubuski.ba\\\/#\\\/schema\\\/person\\\/19fc700381a780f69665d7956c469e3b\"},\"headline\":\"Ministarstvo financija i trezora BiH &#8211; Prora\u010dun za 2022. godinu upu\u0107en Vije\u0107u ministara BiH\",\"datePublished\":\"2022-05-27T13:51:54+00:00\",\"dateModified\":\"2022-05-27T13:51:56+00:00\",\"mainEntityOfPage\":{\"@id\":\"https:\\\/\\\/radioljubuski.ba\\\/index.php\\\/2022\\\/05\\\/27\\\/ministarstvo-financija-i-trezora-bih-proracun-za-2022-godinu-upucen-vijecu-ministara-bih\\\/\"},\"wordCount\":302,\"publisher\":{\"@id\":\"https:\\\/\\\/radioljubuski.ba\\\/#organization\"},\"image\":{\"@id\":\"https:\\\/\\\/radioljubuski.ba\\\/index.php\\\/2022\\\/05\\\/27\\\/ministarstvo-financija-i-trezora-bih-proracun-za-2022-godinu-upucen-vijecu-ministara-bih\\\/#primaryimage\"},\"thumbnailUrl\":\"https:\\\/\\\/radioljubuski.ba\\\/wp-content\\\/uploads\\\/2022\\\/05\\\/8-2022-05-18-08-15-57-vjekoslav-bevanda-810x525-1.jpg\",\"articleSection\":[\"BIH i regija\"],\"inLanguage\":\"hr\"},{\"@type\":\"WebPage\",\"@id\":\"https:\\\/\\\/radioljubuski.ba\\\/index.php\\\/2022\\\/05\\\/27\\\/ministarstvo-financija-i-trezora-bih-proracun-za-2022-godinu-upucen-vijecu-ministara-bih\\\/\",\"url\":\"https:\\\/\\\/radioljubuski.ba\\\/index.php\\\/2022\\\/05\\\/27\\\/ministarstvo-financija-i-trezora-bih-proracun-za-2022-godinu-upucen-vijecu-ministara-bih\\\/\",\"name\":\"Ministarstvo financija i trezora BiH - Prora\u010dun za 2022. godinu upu\u0107en Vije\u0107u ministara BiH - RADIO LJUBU\u0160KI\",\"isPartOf\":{\"@id\":\"https:\\\/\\\/radioljubuski.ba\\\/#website\"},\"primaryImageOfPage\":{\"@id\":\"https:\\\/\\\/radioljubuski.ba\\\/index.php\\\/2022\\\/05\\\/27\\\/ministarstvo-financija-i-trezora-bih-proracun-za-2022-godinu-upucen-vijecu-ministara-bih\\\/#primaryimage\"},\"image\":{\"@id\":\"https:\\\/\\\/radioljubuski.ba\\\/index.php\\\/2022\\\/05\\\/27\\\/ministarstvo-financija-i-trezora-bih-proracun-za-2022-godinu-upucen-vijecu-ministara-bih\\\/#primaryimage\"},\"thumbnailUrl\":\"https:\\\/\\\/radioljubuski.ba\\\/wp-content\\\/uploads\\\/2022\\\/05\\\/8-2022-05-18-08-15-57-vjekoslav-bevanda-810x525-1.jpg\",\"datePublished\":\"2022-05-27T13:51:54+00:00\",\"dateModified\":\"2022-05-27T13:51:56+00:00\",\"breadcrumb\":{\"@id\":\"https:\\\/\\\/radioljubuski.ba\\\/index.php\\\/2022\\\/05\\\/27\\\/ministarstvo-financija-i-trezora-bih-proracun-za-2022-godinu-upucen-vijecu-ministara-bih\\\/#breadcrumb\"},\"inLanguage\":\"hr\",\"potentialAction\":[{\"@type\":\"ReadAction\",\"target\":[\"https:\\\/\\\/radioljubuski.ba\\\/index.php\\\/2022\\\/05\\\/27\\\/ministarstvo-financija-i-trezora-bih-proracun-za-2022-godinu-upucen-vijecu-ministara-bih\\\/\"]}]},{\"@type\":\"ImageObject\",\"inLanguage\":\"hr\",\"@id\":\"https:\\\/\\\/radioljubuski.ba\\\/index.php\\\/2022\\\/05\\\/27\\\/ministarstvo-financija-i-trezora-bih-proracun-za-2022-godinu-upucen-vijecu-ministara-bih\\\/#primaryimage\",\"url\":\"https:\\\/\\\/radioljubuski.ba\\\/wp-content\\\/uploads\\\/2022\\\/05\\\/8-2022-05-18-08-15-57-vjekoslav-bevanda-810x525-1.jpg\",\"contentUrl\":\"https:\\\/\\\/radioljubuski.ba\\\/wp-content\\\/uploads\\\/2022\\\/05\\\/8-2022-05-18-08-15-57-vjekoslav-bevanda-810x525-1.jpg\",\"width\":1000,\"height\":625},{\"@type\":\"BreadcrumbList\",\"@id\":\"https:\\\/\\\/radioljubuski.ba\\\/index.php\\\/2022\\\/05\\\/27\\\/ministarstvo-financija-i-trezora-bih-proracun-za-2022-godinu-upucen-vijecu-ministara-bih\\\/#breadcrumb\",\"itemListElement\":[{\"@type\":\"ListItem\",\"position\":1,\"name\":\"Po\u010detna stranica\",\"item\":\"https:\\\/\\\/radioljubuski.ba\\\/\"},{\"@type\":\"ListItem\",\"position\":2,\"name\":\"Ministarstvo financija i trezora BiH &#8211; Prora\u010dun za 2022. godinu upu\u0107en Vije\u0107u ministara BiH\"}]},{\"@type\":\"WebSite\",\"@id\":\"https:\\\/\\\/radioljubuski.ba\\\/#website\",\"url\":\"https:\\\/\\\/radioljubuski.ba\\\/\",\"name\":\"Radio Ljubu\u0161ki\",\"description\":\"Sun\u010dana frekvencija Hercegovine\",\"publisher\":{\"@id\":\"https:\\\/\\\/radioljubuski.ba\\\/#organization\"},\"potentialAction\":[{\"@type\":\"SearchAction\",\"target\":{\"@type\":\"EntryPoint\",\"urlTemplate\":\"https:\\\/\\\/radioljubuski.ba\\\/?s={search_term_string}\"},\"query-input\":{\"@type\":\"PropertyValueSpecification\",\"valueRequired\":true,\"valueName\":\"search_term_string\"}}],\"inLanguage\":\"hr\"},{\"@type\":\"Organization\",\"@id\":\"https:\\\/\\\/radioljubuski.ba\\\/#organization\",\"name\":\"Radio Ljubu\u0161ki\",\"url\":\"https:\\\/\\\/radioljubuski.ba\\\/\",\"logo\":{\"@type\":\"ImageObject\",\"inLanguage\":\"hr\",\"@id\":\"https:\\\/\\\/radioljubuski.ba\\\/#\\\/schema\\\/logo\\\/image\\\/\",\"url\":\"https:\\\/\\\/radioljubuski.ba\\\/wp-content\\\/uploads\\\/2021\\\/02\\\/cropped-Radio_Ljubuski_logo1.jpg\",\"contentUrl\":\"https:\\\/\\\/radioljubuski.ba\\\/wp-content\\\/uploads\\\/2021\\\/02\\\/cropped-Radio_Ljubuski_logo1.jpg\",\"width\":512,\"height\":512,\"caption\":\"Radio Ljubu\u0161ki\"},\"image\":{\"@id\":\"https:\\\/\\\/radioljubuski.ba\\\/#\\\/schema\\\/logo\\\/image\\\/\"},\"sameAs\":[\"https:\\\/\\\/www.facebook.com\\\/Radiio-Ljubuski-1490835324566332\",\"https:\\\/\\\/x.com\\\/radioljubuski\",\"https:\\\/\\\/hr.linkedin.com\\\/company\\\/radio-ljubuski\",\"https:\\\/\\\/www.youtube.com\\\/channel\\\/UCHYaeO_n0Db3tjNGudGpXyw\"]},{\"@type\":\"Person\",\"@id\":\"https:\\\/\\\/radioljubuski.ba\\\/#\\\/schema\\\/person\\\/19fc700381a780f69665d7956c469e3b\",\"name\":\"Radio Ljubu\u0161ki\"}]}<\/script>\n<!-- \/ Yoast SEO plugin. -->","yoast_head_json":{"title":"Ministarstvo financija i trezora BiH - Prora\u010dun za 2022. godinu upu\u0107en Vije\u0107u ministara BiH - RADIO LJUBU\u0160KI","robots":{"index":"index","follow":"follow","max-snippet":"max-snippet:-1","max-image-preview":"max-image-preview:large","max-video-preview":"max-video-preview:-1"},"canonical":"https:\/\/radioljubuski.ba\/index.php\/2022\/05\/27\/ministarstvo-financija-i-trezora-bih-proracun-za-2022-godinu-upucen-vijecu-ministara-bih\/","og_locale":"hr_HR","og_type":"article","og_title":"Ministarstvo financija i trezora BiH - Prora\u010dun za 2022. godinu upu\u0107en Vije\u0107u ministara BiH - RADIO LJUBU\u0160KI","og_description":"Nacrt Zakona o prora\u010dunu institucija BiH i me\u0111unarodnih obveza BiH za 2022. godinu upu\u0107en je danas iz Ministarstva financija i trezora BiH Generalnom tajni\u0161tu Vije\u0107a ministara BiH u proceduru usvajanja. Nakon \u0161to je ju\u010der Vije\u0107e ministara BiH usvojilo Dokument okvirnog prora\u010duna (DOP) za razdoblje 2022- -2024. godina stvoreni su uvjeti za usvajanje Nacrta Zakona o [&hellip;]","og_url":"https:\/\/radioljubuski.ba\/index.php\/2022\/05\/27\/ministarstvo-financija-i-trezora-bih-proracun-za-2022-godinu-upucen-vijecu-ministara-bih\/","og_site_name":"RADIO LJUBU\u0160KI","article_publisher":"https:\/\/www.facebook.com\/Radiio-Ljubuski-1490835324566332","article_published_time":"2022-05-27T13:51:54+00:00","article_modified_time":"2022-05-27T13:51:56+00:00","og_image":[{"width":1000,"height":625,"url":"https:\/\/radioljubuski.ba\/wp-content\/uploads\/2022\/05\/8-2022-05-18-08-15-57-vjekoslav-bevanda-810x525-1.jpg","type":"image\/jpeg"}],"author":"Radio Ljubu\u0161ki","twitter_card":"summary_large_image","twitter_creator":"@radioljubuski","twitter_site":"@radioljubuski","twitter_misc":{"Napisao\/la":"Radio Ljubu\u0161ki","Procijenjeno vrijeme \u010ditanja":"2 minute"},"schema":{"@context":"https:\/\/schema.org","@graph":[{"@type":"Article","@id":"https:\/\/radioljubuski.ba\/index.php\/2022\/05\/27\/ministarstvo-financija-i-trezora-bih-proracun-za-2022-godinu-upucen-vijecu-ministara-bih\/#article","isPartOf":{"@id":"https:\/\/radioljubuski.ba\/index.php\/2022\/05\/27\/ministarstvo-financija-i-trezora-bih-proracun-za-2022-godinu-upucen-vijecu-ministara-bih\/"},"author":{"name":"Radio Ljubu\u0161ki","@id":"https:\/\/radioljubuski.ba\/#\/schema\/person\/19fc700381a780f69665d7956c469e3b"},"headline":"Ministarstvo financija i trezora BiH &#8211; Prora\u010dun za 2022. godinu upu\u0107en Vije\u0107u ministara BiH","datePublished":"2022-05-27T13:51:54+00:00","dateModified":"2022-05-27T13:51:56+00:00","mainEntityOfPage":{"@id":"https:\/\/radioljubuski.ba\/index.php\/2022\/05\/27\/ministarstvo-financija-i-trezora-bih-proracun-za-2022-godinu-upucen-vijecu-ministara-bih\/"},"wordCount":302,"publisher":{"@id":"https:\/\/radioljubuski.ba\/#organization"},"image":{"@id":"https:\/\/radioljubuski.ba\/index.php\/2022\/05\/27\/ministarstvo-financija-i-trezora-bih-proracun-za-2022-godinu-upucen-vijecu-ministara-bih\/#primaryimage"},"thumbnailUrl":"https:\/\/radioljubuski.ba\/wp-content\/uploads\/2022\/05\/8-2022-05-18-08-15-57-vjekoslav-bevanda-810x525-1.jpg","articleSection":["BIH i regija"],"inLanguage":"hr"},{"@type":"WebPage","@id":"https:\/\/radioljubuski.ba\/index.php\/2022\/05\/27\/ministarstvo-financija-i-trezora-bih-proracun-za-2022-godinu-upucen-vijecu-ministara-bih\/","url":"https:\/\/radioljubuski.ba\/index.php\/2022\/05\/27\/ministarstvo-financija-i-trezora-bih-proracun-za-2022-godinu-upucen-vijecu-ministara-bih\/","name":"Ministarstvo financija i trezora BiH - Prora\u010dun za 2022. godinu upu\u0107en Vije\u0107u ministara BiH - RADIO LJUBU\u0160KI","isPartOf":{"@id":"https:\/\/radioljubuski.ba\/#website"},"primaryImageOfPage":{"@id":"https:\/\/radioljubuski.ba\/index.php\/2022\/05\/27\/ministarstvo-financija-i-trezora-bih-proracun-za-2022-godinu-upucen-vijecu-ministara-bih\/#primaryimage"},"image":{"@id":"https:\/\/radioljubuski.ba\/index.php\/2022\/05\/27\/ministarstvo-financija-i-trezora-bih-proracun-za-2022-godinu-upucen-vijecu-ministara-bih\/#primaryimage"},"thumbnailUrl":"https:\/\/radioljubuski.ba\/wp-content\/uploads\/2022\/05\/8-2022-05-18-08-15-57-vjekoslav-bevanda-810x525-1.jpg","datePublished":"2022-05-27T13:51:54+00:00","dateModified":"2022-05-27T13:51:56+00:00","breadcrumb":{"@id":"https:\/\/radioljubuski.ba\/index.php\/2022\/05\/27\/ministarstvo-financija-i-trezora-bih-proracun-za-2022-godinu-upucen-vijecu-ministara-bih\/#breadcrumb"},"inLanguage":"hr","potentialAction":[{"@type":"ReadAction","target":["https:\/\/radioljubuski.ba\/index.php\/2022\/05\/27\/ministarstvo-financija-i-trezora-bih-proracun-za-2022-godinu-upucen-vijecu-ministara-bih\/"]}]},{"@type":"ImageObject","inLanguage":"hr","@id":"https:\/\/radioljubuski.ba\/index.php\/2022\/05\/27\/ministarstvo-financija-i-trezora-bih-proracun-za-2022-godinu-upucen-vijecu-ministara-bih\/#primaryimage","url":"https:\/\/radioljubuski.ba\/wp-content\/uploads\/2022\/05\/8-2022-05-18-08-15-57-vjekoslav-bevanda-810x525-1.jpg","contentUrl":"https:\/\/radioljubuski.ba\/wp-content\/uploads\/2022\/05\/8-2022-05-18-08-15-57-vjekoslav-bevanda-810x525-1.jpg","width":1000,"height":625},{"@type":"BreadcrumbList","@id":"https:\/\/radioljubuski.ba\/index.php\/2022\/05\/27\/ministarstvo-financija-i-trezora-bih-proracun-za-2022-godinu-upucen-vijecu-ministara-bih\/#breadcrumb","itemListElement":[{"@type":"ListItem","position":1,"name":"Po\u010detna stranica","item":"https:\/\/radioljubuski.ba\/"},{"@type":"ListItem","position":2,"name":"Ministarstvo financija i trezora BiH &#8211; Prora\u010dun za 2022. godinu upu\u0107en Vije\u0107u ministara BiH"}]},{"@type":"WebSite","@id":"https:\/\/radioljubuski.ba\/#website","url":"https:\/\/radioljubuski.ba\/","name":"Radio Ljubu\u0161ki","description":"Sun\u010dana frekvencija Hercegovine","publisher":{"@id":"https:\/\/radioljubuski.ba\/#organization"},"potentialAction":[{"@type":"SearchAction","target":{"@type":"EntryPoint","urlTemplate":"https:\/\/radioljubuski.ba\/?s={search_term_string}"},"query-input":{"@type":"PropertyValueSpecification","valueRequired":true,"valueName":"search_term_string"}}],"inLanguage":"hr"},{"@type":"Organization","@id":"https:\/\/radioljubuski.ba\/#organization","name":"Radio Ljubu\u0161ki","url":"https:\/\/radioljubuski.ba\/","logo":{"@type":"ImageObject","inLanguage":"hr","@id":"https:\/\/radioljubuski.ba\/#\/schema\/logo\/image\/","url":"https:\/\/radioljubuski.ba\/wp-content\/uploads\/2021\/02\/cropped-Radio_Ljubuski_logo1.jpg","contentUrl":"https:\/\/radioljubuski.ba\/wp-content\/uploads\/2021\/02\/cropped-Radio_Ljubuski_logo1.jpg","width":512,"height":512,"caption":"Radio Ljubu\u0161ki"},"image":{"@id":"https:\/\/radioljubuski.ba\/#\/schema\/logo\/image\/"},"sameAs":["https:\/\/www.facebook.com\/Radiio-Ljubuski-1490835324566332","https:\/\/x.com\/radioljubuski","https:\/\/hr.linkedin.com\/company\/radio-ljubuski","https:\/\/www.youtube.com\/channel\/UCHYaeO_n0Db3tjNGudGpXyw"]},{"@type":"Person","@id":"https:\/\/radioljubuski.ba\/#\/schema\/person\/19fc700381a780f69665d7956c469e3b","name":"Radio Ljubu\u0161ki"}]}},"_links":{"self":[{"href":"https:\/\/radioljubuski.ba\/index.php\/wp-json\/wp\/v2\/posts\/144531","targetHints":{"allow":["GET"]}}],"collection":[{"href":"https:\/\/radioljubuski.ba\/index.php\/wp-json\/wp\/v2\/posts"}],"about":[{"href":"https:\/\/radioljubuski.ba\/index.php\/wp-json\/wp\/v2\/types\/post"}],"author":[{"embeddable":true,"href":"https:\/\/radioljubuski.ba\/index.php\/wp-json\/wp\/v2\/users\/2"}],"replies":[{"embeddable":true,"href":"https:\/\/radioljubuski.ba\/index.php\/wp-json\/wp\/v2\/comments?post=144531"}],"version-history":[{"count":1,"href":"https:\/\/radioljubuski.ba\/index.php\/wp-json\/wp\/v2\/posts\/144531\/revisions"}],"predecessor-version":[{"id":144533,"href":"https:\/\/radioljubuski.ba\/index.php\/wp-json\/wp\/v2\/posts\/144531\/revisions\/144533"}],"wp:featuredmedia":[{"embeddable":true,"href":"https:\/\/radioljubuski.ba\/index.php\/wp-json\/wp\/v2\/media\/142202"}],"wp:attachment":[{"href":"https:\/\/radioljubuski.ba\/index.php\/wp-json\/wp\/v2\/media?parent=144531"}],"wp:term":[{"taxonomy":"category","embeddable":true,"href":"https:\/\/radioljubuski.ba\/index.php\/wp-json\/wp\/v2\/categories?post=144531"},{"taxonomy":"post_tag","embeddable":true,"href":"https:\/\/radioljubuski.ba\/index.php\/wp-json\/wp\/v2\/tags?post=144531"}],"curies":[{"name":"wp","href":"https:\/\/api.w.org\/{rel}","templated":true}]}}