{"id":144542,"date":"2022-05-27T14:56:10","date_gmt":"2022-05-27T13:56:10","guid":{"rendered":"https:\/\/radioljubuski.ba\/?p=144542"},"modified":"2022-05-27T14:57:34","modified_gmt":"2022-05-27T13:57:34","slug":"kyrgios-odbio-tomicevu-ponudu-u-mecu-za-dva-milijuna-dolara","status":"publish","type":"post","link":"https:\/\/radioljubuski.ba\/index.php\/2022\/05\/27\/kyrgios-odbio-tomicevu-ponudu-u-mecu-za-dva-milijuna-dolara\/","title":{"rendered":"Kyrgios odbio Tomi\u0107evu ponudu o me\u010du za dva milijuna dolara"},"content":{"rendered":"\n<p>Australski tenisa\u010d Bernard Tomic (29) ponudio je svom biv\u0161em prijatelju i sunarodnjaku Nicku Kyrgiosu (27) priliku da me\u0111usobni sukob razrije\u0161e na terenu u me\u010du za dva milijuna dolara, no Kyrgios je odbio ponudu.<\/p>\n\n\n\n<p>Dvojica australskih tenisa\u010da nekada su bili prijatelji, no u posljednje se vrijeme sve \u010de\u0161\u0107e prepucavaju preko medija. Njihov se odnos dodatno pogor\u0161ao nakon verbalnih sukoba na dru\u0161tvenim mre\u017eama.<\/p>\n\n\n\n<p>Nedavno je Tomic poru\u010dio kako je Kyrgios oduvijek \u017eivio u njegovoj sjeni. Vrlo brzo je stigao i odgovor, Kyrgios je Tomica nazvao &#8220;najomra\u017eenijim australskim sporta\u0161em&#8221;. poru\u010div\u0161i mu da se &#8220;malo smiri&#8221;.<\/p>\n\n\n\n<p>Tomic je njihov sukob podigao na vi\u0161i nivo ponudiv\u0161i biv\u0161em prijatelju priliku da na terenu razrije\u0161e pitanje tko je bolji.<\/p>\n\n\n\n<p>&#8211; Ja \u0107u ulo\u017eiti milijun dolara, neka i on ulo\u017ei milijun, pa da vidimo tko je bolji. Pobjednik uzima sve. Jednom sam ga lagano pobijedio, pa \u0107u to napraviti opet. Osim toga, igrat \u0107emo na travi kako ne bi imao izgovor, rekao je Tomic u razgovoru za Sydney Morning Herald.<\/p>\n\n\n\n<p>Do sada su me\u0111usobno igrali samo jednom, prije tri godine na ekshibiciji u Melbourneu, a Tomic je slavio sa 6-3, 6-4.<\/p>\n\n\n\n<p>Tomic, koji je nekada bio 17. tenisa\u010d svijeta, a trenuta\u010dno je na 418. poziciji, ponudio je Kyrgiosu i okr\u0161aj u drugim sportovima.<\/p>\n\n\n\n<p>-Ka\u017ee\u0161 da si dobar u ko\u0161arci, i u tome \u0107u te pobijediti. Zna\u0161 \u0161to? Mo\u017eemo to rije\u0161iti i u boksa\u010dkom ringu. Stavi rukavice da vidimo tko je bolji jednom zauvijek.<\/p>\n\n\n\n<p>Njihov susret bio bi prava marketin\u0161ka &#8220;poslastica&#8221;, no Kyrgios koji je trenuta\u010dno 76. tenisa\u010d je odbio ponudu.<\/p>\n\n\n\n<p>-Razumijem da si trenuta\u010dno na razini Futuresa i Challengera, ali ako \u017eeli\u0161 igrati, vrati se u sportski vrh. Ja sam tu. \u010cekam te i ako se sposoban igrati tenis na pristojnoj razini, to \u0107e\u0161 i pokazati. Nema potrebe igrati preko medija, poru\u010dio je Kyrgios.<\/p>\n\n\n\n<p>Izvor:pogled.ba<\/p>\n","protected":false},"excerpt":{"rendered":"<p>Australski tenisa\u010d Bernard Tomic (29) ponudio je svom biv\u0161em prijatelju i sunarodnjaku Nicku Kyrgiosu (27) priliku da me\u0111usobni sukob razrije\u0161e na terenu u me\u010du za dva milijuna dolara, no Kyrgios je odbio ponudu. Dvojica australskih tenisa\u010da nekada su bili prijatelji, no u posljednje se vrijeme sve \u010de\u0161\u0107e prepucavaju preko medija. Njihov se odnos dodatno pogor\u0161ao [&hellip;]<\/p>\n","protected":false},"author":2,"featured_media":144543,"comment_status":"closed","ping_status":"closed","sticky":false,"template":"","format":"standard","meta":{"h5ap_radio_sources":[],"footnotes":""},"categories":[7],"tags":[],"class_list":["post-144542","post","type-post","status-publish","format-standard","has-post-thumbnail","hentry","category-sport"],"yoast_head":"<!-- This site is optimized with the Yoast SEO plugin v27.5 - https:\/\/yoast.com\/product\/yoast-seo-wordpress\/ -->\n<title>Kyrgios odbio Tomi\u0107evu ponudu o me\u010du za dva milijuna dolara - RADIO LJUBU\u0160KI<\/title>\n<meta name=\"robots\" content=\"index, follow, max-snippet:-1, max-image-preview:large, max-video-preview:-1\" \/>\n<link rel=\"canonical\" href=\"https:\/\/radioljubuski.ba\/index.php\/2022\/05\/27\/kyrgios-odbio-tomicevu-ponudu-u-mecu-za-dva-milijuna-dolara\/\" \/>\n<meta property=\"og:locale\" content=\"hr_HR\" \/>\n<meta property=\"og:type\" content=\"article\" \/>\n<meta property=\"og:title\" content=\"Kyrgios odbio Tomi\u0107evu ponudu o me\u010du za dva milijuna dolara - RADIO LJUBU\u0160KI\" \/>\n<meta property=\"og:description\" content=\"Australski tenisa\u010d Bernard Tomic (29) ponudio je svom biv\u0161em prijatelju i sunarodnjaku Nicku Kyrgiosu (27) priliku da me\u0111usobni sukob razrije\u0161e na terenu u me\u010du za dva milijuna dolara, no Kyrgios je odbio ponudu. Dvojica australskih tenisa\u010da nekada su bili prijatelji, no u posljednje se vrijeme sve \u010de\u0161\u0107e prepucavaju preko medija. Njihov se odnos dodatno pogor\u0161ao [&hellip;]\" \/>\n<meta property=\"og:url\" content=\"https:\/\/radioljubuski.ba\/index.php\/2022\/05\/27\/kyrgios-odbio-tomicevu-ponudu-u-mecu-za-dva-milijuna-dolara\/\" \/>\n<meta property=\"og:site_name\" content=\"RADIO LJUBU\u0160KI\" \/>\n<meta property=\"article:publisher\" content=\"https:\/\/www.facebook.com\/Radiio-Ljubuski-1490835324566332\" \/>\n<meta property=\"article:published_time\" content=\"2022-05-27T13:56:10+00:00\" \/>\n<meta property=\"article:modified_time\" content=\"2022-05-27T13:57:34+00:00\" \/>\n<meta property=\"og:image\" content=\"https:\/\/radioljubuski.ba\/wp-content\/uploads\/2022\/05\/2-2022-05-27-13-08-37-tomic.jpg\" \/>\n\t<meta property=\"og:image:width\" content=\"1000\" \/>\n\t<meta property=\"og:image:height\" content=\"625\" \/>\n\t<meta property=\"og:image:type\" content=\"image\/jpeg\" \/>\n<meta name=\"author\" content=\"Radio Ljubu\u0161ki\" \/>\n<meta name=\"twitter:card\" content=\"summary_large_image\" \/>\n<meta name=\"twitter:creator\" content=\"@radioljubuski\" \/>\n<meta name=\"twitter:site\" content=\"@radioljubuski\" \/>\n<meta name=\"twitter:label1\" content=\"Napisao\/la\" \/>\n\t<meta name=\"twitter:data1\" content=\"Radio Ljubu\u0161ki\" \/>\n\t<meta name=\"twitter:label2\" content=\"Procijenjeno vrijeme \u010ditanja\" \/>\n\t<meta name=\"twitter:data2\" content=\"2 minute\" \/>\n<script type=\"application\/ld+json\" class=\"yoast-schema-graph\">{\"@context\":\"https:\\\/\\\/schema.org\",\"@graph\":[{\"@type\":\"Article\",\"@id\":\"https:\\\/\\\/radioljubuski.ba\\\/index.php\\\/2022\\\/05\\\/27\\\/kyrgios-odbio-tomicevu-ponudu-u-mecu-za-dva-milijuna-dolara\\\/#article\",\"isPartOf\":{\"@id\":\"https:\\\/\\\/radioljubuski.ba\\\/index.php\\\/2022\\\/05\\\/27\\\/kyrgios-odbio-tomicevu-ponudu-u-mecu-za-dva-milijuna-dolara\\\/\"},\"author\":{\"name\":\"Radio Ljubu\u0161ki\",\"@id\":\"https:\\\/\\\/radioljubuski.ba\\\/#\\\/schema\\\/person\\\/19fc700381a780f69665d7956c469e3b\"},\"headline\":\"Kyrgios odbio Tomi\u0107evu ponudu o me\u010du za dva milijuna dolara\",\"datePublished\":\"2022-05-27T13:56:10+00:00\",\"dateModified\":\"2022-05-27T13:57:34+00:00\",\"mainEntityOfPage\":{\"@id\":\"https:\\\/\\\/radioljubuski.ba\\\/index.php\\\/2022\\\/05\\\/27\\\/kyrgios-odbio-tomicevu-ponudu-u-mecu-za-dva-milijuna-dolara\\\/\"},\"wordCount\":338,\"publisher\":{\"@id\":\"https:\\\/\\\/radioljubuski.ba\\\/#organization\"},\"image\":{\"@id\":\"https:\\\/\\\/radioljubuski.ba\\\/index.php\\\/2022\\\/05\\\/27\\\/kyrgios-odbio-tomicevu-ponudu-u-mecu-za-dva-milijuna-dolara\\\/#primaryimage\"},\"thumbnailUrl\":\"https:\\\/\\\/radioljubuski.ba\\\/wp-content\\\/uploads\\\/2022\\\/05\\\/2-2022-05-27-13-08-37-tomic.jpg\",\"articleSection\":[\"\u0160port\"],\"inLanguage\":\"hr\"},{\"@type\":\"WebPage\",\"@id\":\"https:\\\/\\\/radioljubuski.ba\\\/index.php\\\/2022\\\/05\\\/27\\\/kyrgios-odbio-tomicevu-ponudu-u-mecu-za-dva-milijuna-dolara\\\/\",\"url\":\"https:\\\/\\\/radioljubuski.ba\\\/index.php\\\/2022\\\/05\\\/27\\\/kyrgios-odbio-tomicevu-ponudu-u-mecu-za-dva-milijuna-dolara\\\/\",\"name\":\"Kyrgios odbio Tomi\u0107evu ponudu o me\u010du za dva milijuna dolara - RADIO LJUBU\u0160KI\",\"isPartOf\":{\"@id\":\"https:\\\/\\\/radioljubuski.ba\\\/#website\"},\"primaryImageOfPage\":{\"@id\":\"https:\\\/\\\/radioljubuski.ba\\\/index.php\\\/2022\\\/05\\\/27\\\/kyrgios-odbio-tomicevu-ponudu-u-mecu-za-dva-milijuna-dolara\\\/#primaryimage\"},\"image\":{\"@id\":\"https:\\\/\\\/radioljubuski.ba\\\/index.php\\\/2022\\\/05\\\/27\\\/kyrgios-odbio-tomicevu-ponudu-u-mecu-za-dva-milijuna-dolara\\\/#primaryimage\"},\"thumbnailUrl\":\"https:\\\/\\\/radioljubuski.ba\\\/wp-content\\\/uploads\\\/2022\\\/05\\\/2-2022-05-27-13-08-37-tomic.jpg\",\"datePublished\":\"2022-05-27T13:56:10+00:00\",\"dateModified\":\"2022-05-27T13:57:34+00:00\",\"breadcrumb\":{\"@id\":\"https:\\\/\\\/radioljubuski.ba\\\/index.php\\\/2022\\\/05\\\/27\\\/kyrgios-odbio-tomicevu-ponudu-u-mecu-za-dva-milijuna-dolara\\\/#breadcrumb\"},\"inLanguage\":\"hr\",\"potentialAction\":[{\"@type\":\"ReadAction\",\"target\":[\"https:\\\/\\\/radioljubuski.ba\\\/index.php\\\/2022\\\/05\\\/27\\\/kyrgios-odbio-tomicevu-ponudu-u-mecu-za-dva-milijuna-dolara\\\/\"]}]},{\"@type\":\"ImageObject\",\"inLanguage\":\"hr\",\"@id\":\"https:\\\/\\\/radioljubuski.ba\\\/index.php\\\/2022\\\/05\\\/27\\\/kyrgios-odbio-tomicevu-ponudu-u-mecu-za-dva-milijuna-dolara\\\/#primaryimage\",\"url\":\"https:\\\/\\\/radioljubuski.ba\\\/wp-content\\\/uploads\\\/2022\\\/05\\\/2-2022-05-27-13-08-37-tomic.jpg\",\"contentUrl\":\"https:\\\/\\\/radioljubuski.ba\\\/wp-content\\\/uploads\\\/2022\\\/05\\\/2-2022-05-27-13-08-37-tomic.jpg\",\"width\":1000,\"height\":625},{\"@type\":\"BreadcrumbList\",\"@id\":\"https:\\\/\\\/radioljubuski.ba\\\/index.php\\\/2022\\\/05\\\/27\\\/kyrgios-odbio-tomicevu-ponudu-u-mecu-za-dva-milijuna-dolara\\\/#breadcrumb\",\"itemListElement\":[{\"@type\":\"ListItem\",\"position\":1,\"name\":\"Po\u010detna stranica\",\"item\":\"https:\\\/\\\/radioljubuski.ba\\\/\"},{\"@type\":\"ListItem\",\"position\":2,\"name\":\"Kyrgios odbio Tomi\u0107evu ponudu o me\u010du za dva milijuna dolara\"}]},{\"@type\":\"WebSite\",\"@id\":\"https:\\\/\\\/radioljubuski.ba\\\/#website\",\"url\":\"https:\\\/\\\/radioljubuski.ba\\\/\",\"name\":\"Radio Ljubu\u0161ki\",\"description\":\"Sun\u010dana frekvencija Hercegovine\",\"publisher\":{\"@id\":\"https:\\\/\\\/radioljubuski.ba\\\/#organization\"},\"potentialAction\":[{\"@type\":\"SearchAction\",\"target\":{\"@type\":\"EntryPoint\",\"urlTemplate\":\"https:\\\/\\\/radioljubuski.ba\\\/?s={search_term_string}\"},\"query-input\":{\"@type\":\"PropertyValueSpecification\",\"valueRequired\":true,\"valueName\":\"search_term_string\"}}],\"inLanguage\":\"hr\"},{\"@type\":\"Organization\",\"@id\":\"https:\\\/\\\/radioljubuski.ba\\\/#organization\",\"name\":\"Radio Ljubu\u0161ki\",\"url\":\"https:\\\/\\\/radioljubuski.ba\\\/\",\"logo\":{\"@type\":\"ImageObject\",\"inLanguage\":\"hr\",\"@id\":\"https:\\\/\\\/radioljubuski.ba\\\/#\\\/schema\\\/logo\\\/image\\\/\",\"url\":\"https:\\\/\\\/radioljubuski.ba\\\/wp-content\\\/uploads\\\/2021\\\/02\\\/cropped-Radio_Ljubuski_logo1.jpg\",\"contentUrl\":\"https:\\\/\\\/radioljubuski.ba\\\/wp-content\\\/uploads\\\/2021\\\/02\\\/cropped-Radio_Ljubuski_logo1.jpg\",\"width\":512,\"height\":512,\"caption\":\"Radio Ljubu\u0161ki\"},\"image\":{\"@id\":\"https:\\\/\\\/radioljubuski.ba\\\/#\\\/schema\\\/logo\\\/image\\\/\"},\"sameAs\":[\"https:\\\/\\\/www.facebook.com\\\/Radiio-Ljubuski-1490835324566332\",\"https:\\\/\\\/x.com\\\/radioljubuski\",\"https:\\\/\\\/hr.linkedin.com\\\/company\\\/radio-ljubuski\",\"https:\\\/\\\/www.youtube.com\\\/channel\\\/UCHYaeO_n0Db3tjNGudGpXyw\"]},{\"@type\":\"Person\",\"@id\":\"https:\\\/\\\/radioljubuski.ba\\\/#\\\/schema\\\/person\\\/19fc700381a780f69665d7956c469e3b\",\"name\":\"Radio Ljubu\u0161ki\"}]}<\/script>\n<!-- \/ Yoast SEO plugin. -->","yoast_head_json":{"title":"Kyrgios odbio Tomi\u0107evu ponudu o me\u010du za dva milijuna dolara - RADIO LJUBU\u0160KI","robots":{"index":"index","follow":"follow","max-snippet":"max-snippet:-1","max-image-preview":"max-image-preview:large","max-video-preview":"max-video-preview:-1"},"canonical":"https:\/\/radioljubuski.ba\/index.php\/2022\/05\/27\/kyrgios-odbio-tomicevu-ponudu-u-mecu-za-dva-milijuna-dolara\/","og_locale":"hr_HR","og_type":"article","og_title":"Kyrgios odbio Tomi\u0107evu ponudu o me\u010du za dva milijuna dolara - RADIO LJUBU\u0160KI","og_description":"Australski tenisa\u010d Bernard Tomic (29) ponudio je svom biv\u0161em prijatelju i sunarodnjaku Nicku Kyrgiosu (27) priliku da me\u0111usobni sukob razrije\u0161e na terenu u me\u010du za dva milijuna dolara, no Kyrgios je odbio ponudu. Dvojica australskih tenisa\u010da nekada su bili prijatelji, no u posljednje se vrijeme sve \u010de\u0161\u0107e prepucavaju preko medija. Njihov se odnos dodatno pogor\u0161ao [&hellip;]","og_url":"https:\/\/radioljubuski.ba\/index.php\/2022\/05\/27\/kyrgios-odbio-tomicevu-ponudu-u-mecu-za-dva-milijuna-dolara\/","og_site_name":"RADIO LJUBU\u0160KI","article_publisher":"https:\/\/www.facebook.com\/Radiio-Ljubuski-1490835324566332","article_published_time":"2022-05-27T13:56:10+00:00","article_modified_time":"2022-05-27T13:57:34+00:00","og_image":[{"width":1000,"height":625,"url":"https:\/\/radioljubuski.ba\/wp-content\/uploads\/2022\/05\/2-2022-05-27-13-08-37-tomic.jpg","type":"image\/jpeg"}],"author":"Radio Ljubu\u0161ki","twitter_card":"summary_large_image","twitter_creator":"@radioljubuski","twitter_site":"@radioljubuski","twitter_misc":{"Napisao\/la":"Radio Ljubu\u0161ki","Procijenjeno vrijeme \u010ditanja":"2 minute"},"schema":{"@context":"https:\/\/schema.org","@graph":[{"@type":"Article","@id":"https:\/\/radioljubuski.ba\/index.php\/2022\/05\/27\/kyrgios-odbio-tomicevu-ponudu-u-mecu-za-dva-milijuna-dolara\/#article","isPartOf":{"@id":"https:\/\/radioljubuski.ba\/index.php\/2022\/05\/27\/kyrgios-odbio-tomicevu-ponudu-u-mecu-za-dva-milijuna-dolara\/"},"author":{"name":"Radio Ljubu\u0161ki","@id":"https:\/\/radioljubuski.ba\/#\/schema\/person\/19fc700381a780f69665d7956c469e3b"},"headline":"Kyrgios odbio Tomi\u0107evu ponudu o me\u010du za dva milijuna dolara","datePublished":"2022-05-27T13:56:10+00:00","dateModified":"2022-05-27T13:57:34+00:00","mainEntityOfPage":{"@id":"https:\/\/radioljubuski.ba\/index.php\/2022\/05\/27\/kyrgios-odbio-tomicevu-ponudu-u-mecu-za-dva-milijuna-dolara\/"},"wordCount":338,"publisher":{"@id":"https:\/\/radioljubuski.ba\/#organization"},"image":{"@id":"https:\/\/radioljubuski.ba\/index.php\/2022\/05\/27\/kyrgios-odbio-tomicevu-ponudu-u-mecu-za-dva-milijuna-dolara\/#primaryimage"},"thumbnailUrl":"https:\/\/radioljubuski.ba\/wp-content\/uploads\/2022\/05\/2-2022-05-27-13-08-37-tomic.jpg","articleSection":["\u0160port"],"inLanguage":"hr"},{"@type":"WebPage","@id":"https:\/\/radioljubuski.ba\/index.php\/2022\/05\/27\/kyrgios-odbio-tomicevu-ponudu-u-mecu-za-dva-milijuna-dolara\/","url":"https:\/\/radioljubuski.ba\/index.php\/2022\/05\/27\/kyrgios-odbio-tomicevu-ponudu-u-mecu-za-dva-milijuna-dolara\/","name":"Kyrgios odbio Tomi\u0107evu ponudu o me\u010du za dva milijuna dolara - RADIO LJUBU\u0160KI","isPartOf":{"@id":"https:\/\/radioljubuski.ba\/#website"},"primaryImageOfPage":{"@id":"https:\/\/radioljubuski.ba\/index.php\/2022\/05\/27\/kyrgios-odbio-tomicevu-ponudu-u-mecu-za-dva-milijuna-dolara\/#primaryimage"},"image":{"@id":"https:\/\/radioljubuski.ba\/index.php\/2022\/05\/27\/kyrgios-odbio-tomicevu-ponudu-u-mecu-za-dva-milijuna-dolara\/#primaryimage"},"thumbnailUrl":"https:\/\/radioljubuski.ba\/wp-content\/uploads\/2022\/05\/2-2022-05-27-13-08-37-tomic.jpg","datePublished":"2022-05-27T13:56:10+00:00","dateModified":"2022-05-27T13:57:34+00:00","breadcrumb":{"@id":"https:\/\/radioljubuski.ba\/index.php\/2022\/05\/27\/kyrgios-odbio-tomicevu-ponudu-u-mecu-za-dva-milijuna-dolara\/#breadcrumb"},"inLanguage":"hr","potentialAction":[{"@type":"ReadAction","target":["https:\/\/radioljubuski.ba\/index.php\/2022\/05\/27\/kyrgios-odbio-tomicevu-ponudu-u-mecu-za-dva-milijuna-dolara\/"]}]},{"@type":"ImageObject","inLanguage":"hr","@id":"https:\/\/radioljubuski.ba\/index.php\/2022\/05\/27\/kyrgios-odbio-tomicevu-ponudu-u-mecu-za-dva-milijuna-dolara\/#primaryimage","url":"https:\/\/radioljubuski.ba\/wp-content\/uploads\/2022\/05\/2-2022-05-27-13-08-37-tomic.jpg","contentUrl":"https:\/\/radioljubuski.ba\/wp-content\/uploads\/2022\/05\/2-2022-05-27-13-08-37-tomic.jpg","width":1000,"height":625},{"@type":"BreadcrumbList","@id":"https:\/\/radioljubuski.ba\/index.php\/2022\/05\/27\/kyrgios-odbio-tomicevu-ponudu-u-mecu-za-dva-milijuna-dolara\/#breadcrumb","itemListElement":[{"@type":"ListItem","position":1,"name":"Po\u010detna stranica","item":"https:\/\/radioljubuski.ba\/"},{"@type":"ListItem","position":2,"name":"Kyrgios odbio Tomi\u0107evu ponudu o me\u010du za dva milijuna dolara"}]},{"@type":"WebSite","@id":"https:\/\/radioljubuski.ba\/#website","url":"https:\/\/radioljubuski.ba\/","name":"Radio Ljubu\u0161ki","description":"Sun\u010dana frekvencija Hercegovine","publisher":{"@id":"https:\/\/radioljubuski.ba\/#organization"},"potentialAction":[{"@type":"SearchAction","target":{"@type":"EntryPoint","urlTemplate":"https:\/\/radioljubuski.ba\/?s={search_term_string}"},"query-input":{"@type":"PropertyValueSpecification","valueRequired":true,"valueName":"search_term_string"}}],"inLanguage":"hr"},{"@type":"Organization","@id":"https:\/\/radioljubuski.ba\/#organization","name":"Radio Ljubu\u0161ki","url":"https:\/\/radioljubuski.ba\/","logo":{"@type":"ImageObject","inLanguage":"hr","@id":"https:\/\/radioljubuski.ba\/#\/schema\/logo\/image\/","url":"https:\/\/radioljubuski.ba\/wp-content\/uploads\/2021\/02\/cropped-Radio_Ljubuski_logo1.jpg","contentUrl":"https:\/\/radioljubuski.ba\/wp-content\/uploads\/2021\/02\/cropped-Radio_Ljubuski_logo1.jpg","width":512,"height":512,"caption":"Radio Ljubu\u0161ki"},"image":{"@id":"https:\/\/radioljubuski.ba\/#\/schema\/logo\/image\/"},"sameAs":["https:\/\/www.facebook.com\/Radiio-Ljubuski-1490835324566332","https:\/\/x.com\/radioljubuski","https:\/\/hr.linkedin.com\/company\/radio-ljubuski","https:\/\/www.youtube.com\/channel\/UCHYaeO_n0Db3tjNGudGpXyw"]},{"@type":"Person","@id":"https:\/\/radioljubuski.ba\/#\/schema\/person\/19fc700381a780f69665d7956c469e3b","name":"Radio Ljubu\u0161ki"}]}},"_links":{"self":[{"href":"https:\/\/radioljubuski.ba\/index.php\/wp-json\/wp\/v2\/posts\/144542","targetHints":{"allow":["GET"]}}],"collection":[{"href":"https:\/\/radioljubuski.ba\/index.php\/wp-json\/wp\/v2\/posts"}],"about":[{"href":"https:\/\/radioljubuski.ba\/index.php\/wp-json\/wp\/v2\/types\/post"}],"author":[{"embeddable":true,"href":"https:\/\/radioljubuski.ba\/index.php\/wp-json\/wp\/v2\/users\/2"}],"replies":[{"embeddable":true,"href":"https:\/\/radioljubuski.ba\/index.php\/wp-json\/wp\/v2\/comments?post=144542"}],"version-history":[{"count":2,"href":"https:\/\/radioljubuski.ba\/index.php\/wp-json\/wp\/v2\/posts\/144542\/revisions"}],"predecessor-version":[{"id":144548,"href":"https:\/\/radioljubuski.ba\/index.php\/wp-json\/wp\/v2\/posts\/144542\/revisions\/144548"}],"wp:featuredmedia":[{"embeddable":true,"href":"https:\/\/radioljubuski.ba\/index.php\/wp-json\/wp\/v2\/media\/144543"}],"wp:attachment":[{"href":"https:\/\/radioljubuski.ba\/index.php\/wp-json\/wp\/v2\/media?parent=144542"}],"wp:term":[{"taxonomy":"category","embeddable":true,"href":"https:\/\/radioljubuski.ba\/index.php\/wp-json\/wp\/v2\/categories?post=144542"},{"taxonomy":"post_tag","embeddable":true,"href":"https:\/\/radioljubuski.ba\/index.php\/wp-json\/wp\/v2\/tags?post=144542"}],"curies":[{"name":"wp","href":"https:\/\/api.w.org\/{rel}","templated":true}]}}