{"id":144545,"date":"2022-05-27T14:57:14","date_gmt":"2022-05-27T13:57:14","guid":{"rendered":"https:\/\/radioljubuski.ba\/?p=144545"},"modified":"2022-05-27T14:57:15","modified_gmt":"2022-05-27T13:57:15","slug":"jakirovic-ponudio-sam-bilbiji-odmor-protiv-radnika-ali-on-je-to-odbio","status":"publish","type":"post","link":"https:\/\/radioljubuski.ba\/index.php\/2022\/05\/27\/jakirovic-ponudio-sam-bilbiji-odmor-protiv-radnika-ali-on-je-to-odbio\/","title":{"rendered":"Jakirovi\u0107: Ponudio sam Bilbiji odmor protiv Radnika, ali on je to odbio"},"content":{"rendered":"\n<p>Nogometa\u0161i Zrinjskog zaklju\u010dit \u0107e sezonu u subotu gostovanjem u Prijedoru kod Rudara, a iako je pitanje prvaka davno rije\u0161eno trener &#8220;Plemi\u0107a\u201d Sergej Jakirovi\u0107 ka\u017ee kako njegova ekipu i dalje ima motiva.<\/p>\n\n\n\n<p>\u201cNakon zadnje utakmice Rudara kod njih se sva\u0161ta \u201cizdoga\u0111alo\u201d, tako da ne\u0107emo do sutra znati tko \u0107e istr\u010dati protiv nas, ali bitno je da mi gledamo sebe i da probamo zavr\u0161iti sezonu s jo\u0161 jednom pobjedom. S jedanaest gostuju\u0107ih pobjeda u sezoni bili bismo prva ekipa u Premijer ligi BiH s takvim otvaranjem, a ja bih bio zadovoljan i s time da zavr\u0161imo sezonu samo s jednim porazom \u0161to tako\u0111er nikome do sada nije uspjelo\u201d, izjavio je Jakirovi\u0107 uo\u010di posljednjeg, 33. kola doma\u0107eg nogometnog prvenstva.<\/p>\n\n\n\n<p>Rudar je porazom u Bijeljini izgubio i matemati\u010dke \u0161anse za ostanak, me\u0111utim Jakirovi\u0107 smatra da bi dodatni motiv za tim iz Prijedora mogla biti \u017eelja da se izbori 11. mjesto.<\/p>\n\n\n\n<p>\u201cZnamo svi da su oni u te\u0161kom stanju, iako postoji opcija da ako netko ne \u017eeli u\u0107i u Premijer ligu iz Republike Srpske onda jesanaesti ostaje. Zna\u010di, va\u017eno je izbje\u0107i to zadnje mjesto tako da im to mo\u017ee biti motiv s obzirom da su oni i Radnik u ovom trenutku izjedna\u010deni po bodovima\u201d, istaknuo je Jakirovi\u0107.<\/p>\n\n\n\n<p>\u0160to se ti\u010de igra\u010dkog kadra Jakirovi\u0107 je kazao kako \u0107e biti primoran \u201cpromije\u0161ati\u201d ekipu zbog problem s povredama.<\/p>\n\n\n\n<p>\u201cOtpali su od ranije Had\u017ei\u0107, Bojo, Juranovi\u0107, Memija je pod upitnikom, Ti\u010dinovi\u0107a i dalje mu\u010di zglob, Mandi\u0107 je otpao, Mari\u0107 se oporavlja nakon artroskopije koljena. Bari\u0161i\u0107 je oslobo\u0111en obveza za zadnje kolo, ja sam i Bilbiji rekao da mo\u017ee odmoriti, me\u0111utim on je to odbio i odigrat \u0107e ovo posljednje kolo\u201d, dodao je.<\/p>\n\n\n\n<p>Nakon zavr\u0161etka sezone Plemi\u0107i \u0107e imati samo desetak dana za odmor. Jakirovi\u0107 je zakazao prozivku za 8. lipnja, a ve\u0107 12. lipnja mom\u010dad \u0107e otputovati u Sveti Martin na Muri na prvi dio priprema za novu sezonu.<\/p>\n\n\n\n<p>\u201cTamo \u0107emo se zadr\u017eati deset dana i odigrati tri utakmice, 15. s Murom, 18. s Vara\u017edinom i 21. lipnja sa \u0160kendijom. Zatim se vra\u0107amo u Mostar, a plan za nastavak priprema ovisi o tome ho\u0107e li se krenuti s radovima na izmjeni travnjaka. Ako radovi krenu bit \u0107emo u Me\u0111ugorju. Do prvog kola kvalifikacija za Ligu prvaka planiramo odigrati jo\u0161 dvije pripremne utakmice\u201d, kazao je Jakirovi\u0107.<\/p>\n\n\n\n<p>Strateg Zrinjskog kazao je kako se ve\u0107 vode pregovori s mogu\u0107im poja\u010danjima, ali da pod Bijelim brijegom ovog ljeta ne\u0107e biti prometno kao u nekoliko zadnjih godina.<\/p>\n\n\n\n<p>\u201cJa \u017eelim imati 90 posto kadra 8. lipnja i napravit \u0107emo sve da tako bude, barem do polaska na pripreme u Sveti Martin. Sve poslije \u0161to do\u0111e to je gatanje. Ja sam do sada odradio troje pripreme sa Zrinjskim i pokazalo se da svi oni igra\u010di koji su do\u0161li naknadno nisu pro\u0161li. Oni koji su odradili cijele pripreme bili su dobri\u201d, zaklju\u010dio je Jakirovi\u0107.<\/p>\n\n\n\n<p>Izvor:pogled.ba<\/p>\n","protected":false},"excerpt":{"rendered":"<p>Nogometa\u0161i Zrinjskog zaklju\u010dit \u0107e sezonu u subotu gostovanjem u Prijedoru kod Rudara, a iako je pitanje prvaka davno rije\u0161eno trener &#8220;Plemi\u0107a\u201d Sergej Jakirovi\u0107 ka\u017ee kako njegova ekipu i dalje ima motiva. \u201cNakon zadnje utakmice Rudara kod njih se sva\u0161ta \u201cizdoga\u0111alo\u201d, tako da ne\u0107emo do sutra znati tko \u0107e istr\u010dati protiv nas, ali bitno je da [&hellip;]<\/p>\n","protected":false},"author":2,"featured_media":144546,"comment_status":"closed","ping_status":"closed","sticky":false,"template":"","format":"standard","meta":{"h5ap_radio_sources":[],"footnotes":""},"categories":[7],"tags":[],"class_list":["post-144545","post","type-post","status-publish","format-standard","has-post-thumbnail","hentry","category-sport"],"yoast_head":"<!-- This site is optimized with the Yoast SEO plugin v27.5 - https:\/\/yoast.com\/product\/yoast-seo-wordpress\/ -->\n<title>Jakirovi\u0107: Ponudio sam Bilbiji odmor protiv Radnika, ali on je to odbio - RADIO LJUBU\u0160KI<\/title>\n<meta name=\"robots\" content=\"index, follow, max-snippet:-1, max-image-preview:large, max-video-preview:-1\" \/>\n<link rel=\"canonical\" href=\"https:\/\/radioljubuski.ba\/index.php\/2022\/05\/27\/jakirovic-ponudio-sam-bilbiji-odmor-protiv-radnika-ali-on-je-to-odbio\/\" \/>\n<meta property=\"og:locale\" content=\"hr_HR\" \/>\n<meta property=\"og:type\" content=\"article\" \/>\n<meta property=\"og:title\" content=\"Jakirovi\u0107: Ponudio sam Bilbiji odmor protiv Radnika, ali on je to odbio - RADIO LJUBU\u0160KI\" \/>\n<meta property=\"og:description\" content=\"Nogometa\u0161i Zrinjskog zaklju\u010dit \u0107e sezonu u subotu gostovanjem u Prijedoru kod Rudara, a iako je pitanje prvaka davno rije\u0161eno trener &#8220;Plemi\u0107a\u201d Sergej Jakirovi\u0107 ka\u017ee kako njegova ekipu i dalje ima motiva. \u201cNakon zadnje utakmice Rudara kod njih se sva\u0161ta \u201cizdoga\u0111alo\u201d, tako da ne\u0107emo do sutra znati tko \u0107e istr\u010dati protiv nas, ali bitno je da [&hellip;]\" \/>\n<meta property=\"og:url\" content=\"https:\/\/radioljubuski.ba\/index.php\/2022\/05\/27\/jakirovic-ponudio-sam-bilbiji-odmor-protiv-radnika-ali-on-je-to-odbio\/\" \/>\n<meta property=\"og:site_name\" content=\"RADIO LJUBU\u0160KI\" \/>\n<meta property=\"article:publisher\" content=\"https:\/\/www.facebook.com\/Radiio-Ljubuski-1490835324566332\" \/>\n<meta property=\"article:published_time\" content=\"2022-05-27T13:57:14+00:00\" \/>\n<meta property=\"article:modified_time\" content=\"2022-05-27T13:57:15+00:00\" \/>\n<meta property=\"og:image\" content=\"https:\/\/radioljubuski.ba\/wp-content\/uploads\/2022\/05\/2-2022-05-27-13-38-09-zrinjski.jpg\" \/>\n\t<meta property=\"og:image:width\" content=\"1000\" \/>\n\t<meta property=\"og:image:height\" content=\"625\" \/>\n\t<meta property=\"og:image:type\" content=\"image\/jpeg\" \/>\n<meta name=\"author\" content=\"Radio Ljubu\u0161ki\" \/>\n<meta name=\"twitter:card\" content=\"summary_large_image\" \/>\n<meta name=\"twitter:creator\" content=\"@radioljubuski\" \/>\n<meta name=\"twitter:site\" content=\"@radioljubuski\" \/>\n<meta name=\"twitter:label1\" content=\"Napisao\/la\" \/>\n\t<meta name=\"twitter:data1\" content=\"Radio Ljubu\u0161ki\" \/>\n\t<meta name=\"twitter:label2\" content=\"Procijenjeno vrijeme \u010ditanja\" \/>\n\t<meta name=\"twitter:data2\" content=\"3 minute\" \/>\n<script type=\"application\/ld+json\" class=\"yoast-schema-graph\">{\"@context\":\"https:\\\/\\\/schema.org\",\"@graph\":[{\"@type\":\"Article\",\"@id\":\"https:\\\/\\\/radioljubuski.ba\\\/index.php\\\/2022\\\/05\\\/27\\\/jakirovic-ponudio-sam-bilbiji-odmor-protiv-radnika-ali-on-je-to-odbio\\\/#article\",\"isPartOf\":{\"@id\":\"https:\\\/\\\/radioljubuski.ba\\\/index.php\\\/2022\\\/05\\\/27\\\/jakirovic-ponudio-sam-bilbiji-odmor-protiv-radnika-ali-on-je-to-odbio\\\/\"},\"author\":{\"name\":\"Radio Ljubu\u0161ki\",\"@id\":\"https:\\\/\\\/radioljubuski.ba\\\/#\\\/schema\\\/person\\\/19fc700381a780f69665d7956c469e3b\"},\"headline\":\"Jakirovi\u0107: Ponudio sam Bilbiji odmor protiv Radnika, ali on je to odbio\",\"datePublished\":\"2022-05-27T13:57:14+00:00\",\"dateModified\":\"2022-05-27T13:57:15+00:00\",\"mainEntityOfPage\":{\"@id\":\"https:\\\/\\\/radioljubuski.ba\\\/index.php\\\/2022\\\/05\\\/27\\\/jakirovic-ponudio-sam-bilbiji-odmor-protiv-radnika-ali-on-je-to-odbio\\\/\"},\"wordCount\":524,\"publisher\":{\"@id\":\"https:\\\/\\\/radioljubuski.ba\\\/#organization\"},\"image\":{\"@id\":\"https:\\\/\\\/radioljubuski.ba\\\/index.php\\\/2022\\\/05\\\/27\\\/jakirovic-ponudio-sam-bilbiji-odmor-protiv-radnika-ali-on-je-to-odbio\\\/#primaryimage\"},\"thumbnailUrl\":\"https:\\\/\\\/radioljubuski.ba\\\/wp-content\\\/uploads\\\/2022\\\/05\\\/2-2022-05-27-13-38-09-zrinjski.jpg\",\"articleSection\":[\"\u0160port\"],\"inLanguage\":\"hr\"},{\"@type\":\"WebPage\",\"@id\":\"https:\\\/\\\/radioljubuski.ba\\\/index.php\\\/2022\\\/05\\\/27\\\/jakirovic-ponudio-sam-bilbiji-odmor-protiv-radnika-ali-on-je-to-odbio\\\/\",\"url\":\"https:\\\/\\\/radioljubuski.ba\\\/index.php\\\/2022\\\/05\\\/27\\\/jakirovic-ponudio-sam-bilbiji-odmor-protiv-radnika-ali-on-je-to-odbio\\\/\",\"name\":\"Jakirovi\u0107: Ponudio sam Bilbiji odmor protiv Radnika, ali on je to odbio - RADIO LJUBU\u0160KI\",\"isPartOf\":{\"@id\":\"https:\\\/\\\/radioljubuski.ba\\\/#website\"},\"primaryImageOfPage\":{\"@id\":\"https:\\\/\\\/radioljubuski.ba\\\/index.php\\\/2022\\\/05\\\/27\\\/jakirovic-ponudio-sam-bilbiji-odmor-protiv-radnika-ali-on-je-to-odbio\\\/#primaryimage\"},\"image\":{\"@id\":\"https:\\\/\\\/radioljubuski.ba\\\/index.php\\\/2022\\\/05\\\/27\\\/jakirovic-ponudio-sam-bilbiji-odmor-protiv-radnika-ali-on-je-to-odbio\\\/#primaryimage\"},\"thumbnailUrl\":\"https:\\\/\\\/radioljubuski.ba\\\/wp-content\\\/uploads\\\/2022\\\/05\\\/2-2022-05-27-13-38-09-zrinjski.jpg\",\"datePublished\":\"2022-05-27T13:57:14+00:00\",\"dateModified\":\"2022-05-27T13:57:15+00:00\",\"breadcrumb\":{\"@id\":\"https:\\\/\\\/radioljubuski.ba\\\/index.php\\\/2022\\\/05\\\/27\\\/jakirovic-ponudio-sam-bilbiji-odmor-protiv-radnika-ali-on-je-to-odbio\\\/#breadcrumb\"},\"inLanguage\":\"hr\",\"potentialAction\":[{\"@type\":\"ReadAction\",\"target\":[\"https:\\\/\\\/radioljubuski.ba\\\/index.php\\\/2022\\\/05\\\/27\\\/jakirovic-ponudio-sam-bilbiji-odmor-protiv-radnika-ali-on-je-to-odbio\\\/\"]}]},{\"@type\":\"ImageObject\",\"inLanguage\":\"hr\",\"@id\":\"https:\\\/\\\/radioljubuski.ba\\\/index.php\\\/2022\\\/05\\\/27\\\/jakirovic-ponudio-sam-bilbiji-odmor-protiv-radnika-ali-on-je-to-odbio\\\/#primaryimage\",\"url\":\"https:\\\/\\\/radioljubuski.ba\\\/wp-content\\\/uploads\\\/2022\\\/05\\\/2-2022-05-27-13-38-09-zrinjski.jpg\",\"contentUrl\":\"https:\\\/\\\/radioljubuski.ba\\\/wp-content\\\/uploads\\\/2022\\\/05\\\/2-2022-05-27-13-38-09-zrinjski.jpg\",\"width\":1000,\"height\":625},{\"@type\":\"BreadcrumbList\",\"@id\":\"https:\\\/\\\/radioljubuski.ba\\\/index.php\\\/2022\\\/05\\\/27\\\/jakirovic-ponudio-sam-bilbiji-odmor-protiv-radnika-ali-on-je-to-odbio\\\/#breadcrumb\",\"itemListElement\":[{\"@type\":\"ListItem\",\"position\":1,\"name\":\"Po\u010detna stranica\",\"item\":\"https:\\\/\\\/radioljubuski.ba\\\/\"},{\"@type\":\"ListItem\",\"position\":2,\"name\":\"Jakirovi\u0107: Ponudio sam Bilbiji odmor protiv Radnika, ali on je to odbio\"}]},{\"@type\":\"WebSite\",\"@id\":\"https:\\\/\\\/radioljubuski.ba\\\/#website\",\"url\":\"https:\\\/\\\/radioljubuski.ba\\\/\",\"name\":\"Radio Ljubu\u0161ki\",\"description\":\"Sun\u010dana frekvencija Hercegovine\",\"publisher\":{\"@id\":\"https:\\\/\\\/radioljubuski.ba\\\/#organization\"},\"potentialAction\":[{\"@type\":\"SearchAction\",\"target\":{\"@type\":\"EntryPoint\",\"urlTemplate\":\"https:\\\/\\\/radioljubuski.ba\\\/?s={search_term_string}\"},\"query-input\":{\"@type\":\"PropertyValueSpecification\",\"valueRequired\":true,\"valueName\":\"search_term_string\"}}],\"inLanguage\":\"hr\"},{\"@type\":\"Organization\",\"@id\":\"https:\\\/\\\/radioljubuski.ba\\\/#organization\",\"name\":\"Radio Ljubu\u0161ki\",\"url\":\"https:\\\/\\\/radioljubuski.ba\\\/\",\"logo\":{\"@type\":\"ImageObject\",\"inLanguage\":\"hr\",\"@id\":\"https:\\\/\\\/radioljubuski.ba\\\/#\\\/schema\\\/logo\\\/image\\\/\",\"url\":\"https:\\\/\\\/radioljubuski.ba\\\/wp-content\\\/uploads\\\/2021\\\/02\\\/cropped-Radio_Ljubuski_logo1.jpg\",\"contentUrl\":\"https:\\\/\\\/radioljubuski.ba\\\/wp-content\\\/uploads\\\/2021\\\/02\\\/cropped-Radio_Ljubuski_logo1.jpg\",\"width\":512,\"height\":512,\"caption\":\"Radio Ljubu\u0161ki\"},\"image\":{\"@id\":\"https:\\\/\\\/radioljubuski.ba\\\/#\\\/schema\\\/logo\\\/image\\\/\"},\"sameAs\":[\"https:\\\/\\\/www.facebook.com\\\/Radiio-Ljubuski-1490835324566332\",\"https:\\\/\\\/x.com\\\/radioljubuski\",\"https:\\\/\\\/hr.linkedin.com\\\/company\\\/radio-ljubuski\",\"https:\\\/\\\/www.youtube.com\\\/channel\\\/UCHYaeO_n0Db3tjNGudGpXyw\"]},{\"@type\":\"Person\",\"@id\":\"https:\\\/\\\/radioljubuski.ba\\\/#\\\/schema\\\/person\\\/19fc700381a780f69665d7956c469e3b\",\"name\":\"Radio Ljubu\u0161ki\"}]}<\/script>\n<!-- \/ Yoast SEO plugin. -->","yoast_head_json":{"title":"Jakirovi\u0107: Ponudio sam Bilbiji odmor protiv Radnika, ali on je to odbio - RADIO LJUBU\u0160KI","robots":{"index":"index","follow":"follow","max-snippet":"max-snippet:-1","max-image-preview":"max-image-preview:large","max-video-preview":"max-video-preview:-1"},"canonical":"https:\/\/radioljubuski.ba\/index.php\/2022\/05\/27\/jakirovic-ponudio-sam-bilbiji-odmor-protiv-radnika-ali-on-je-to-odbio\/","og_locale":"hr_HR","og_type":"article","og_title":"Jakirovi\u0107: Ponudio sam Bilbiji odmor protiv Radnika, ali on je to odbio - RADIO LJUBU\u0160KI","og_description":"Nogometa\u0161i Zrinjskog zaklju\u010dit \u0107e sezonu u subotu gostovanjem u Prijedoru kod Rudara, a iako je pitanje prvaka davno rije\u0161eno trener &#8220;Plemi\u0107a\u201d Sergej Jakirovi\u0107 ka\u017ee kako njegova ekipu i dalje ima motiva. \u201cNakon zadnje utakmice Rudara kod njih se sva\u0161ta \u201cizdoga\u0111alo\u201d, tako da ne\u0107emo do sutra znati tko \u0107e istr\u010dati protiv nas, ali bitno je da [&hellip;]","og_url":"https:\/\/radioljubuski.ba\/index.php\/2022\/05\/27\/jakirovic-ponudio-sam-bilbiji-odmor-protiv-radnika-ali-on-je-to-odbio\/","og_site_name":"RADIO LJUBU\u0160KI","article_publisher":"https:\/\/www.facebook.com\/Radiio-Ljubuski-1490835324566332","article_published_time":"2022-05-27T13:57:14+00:00","article_modified_time":"2022-05-27T13:57:15+00:00","og_image":[{"width":1000,"height":625,"url":"https:\/\/radioljubuski.ba\/wp-content\/uploads\/2022\/05\/2-2022-05-27-13-38-09-zrinjski.jpg","type":"image\/jpeg"}],"author":"Radio Ljubu\u0161ki","twitter_card":"summary_large_image","twitter_creator":"@radioljubuski","twitter_site":"@radioljubuski","twitter_misc":{"Napisao\/la":"Radio Ljubu\u0161ki","Procijenjeno vrijeme \u010ditanja":"3 minute"},"schema":{"@context":"https:\/\/schema.org","@graph":[{"@type":"Article","@id":"https:\/\/radioljubuski.ba\/index.php\/2022\/05\/27\/jakirovic-ponudio-sam-bilbiji-odmor-protiv-radnika-ali-on-je-to-odbio\/#article","isPartOf":{"@id":"https:\/\/radioljubuski.ba\/index.php\/2022\/05\/27\/jakirovic-ponudio-sam-bilbiji-odmor-protiv-radnika-ali-on-je-to-odbio\/"},"author":{"name":"Radio Ljubu\u0161ki","@id":"https:\/\/radioljubuski.ba\/#\/schema\/person\/19fc700381a780f69665d7956c469e3b"},"headline":"Jakirovi\u0107: Ponudio sam Bilbiji odmor protiv Radnika, ali on je to odbio","datePublished":"2022-05-27T13:57:14+00:00","dateModified":"2022-05-27T13:57:15+00:00","mainEntityOfPage":{"@id":"https:\/\/radioljubuski.ba\/index.php\/2022\/05\/27\/jakirovic-ponudio-sam-bilbiji-odmor-protiv-radnika-ali-on-je-to-odbio\/"},"wordCount":524,"publisher":{"@id":"https:\/\/radioljubuski.ba\/#organization"},"image":{"@id":"https:\/\/radioljubuski.ba\/index.php\/2022\/05\/27\/jakirovic-ponudio-sam-bilbiji-odmor-protiv-radnika-ali-on-je-to-odbio\/#primaryimage"},"thumbnailUrl":"https:\/\/radioljubuski.ba\/wp-content\/uploads\/2022\/05\/2-2022-05-27-13-38-09-zrinjski.jpg","articleSection":["\u0160port"],"inLanguage":"hr"},{"@type":"WebPage","@id":"https:\/\/radioljubuski.ba\/index.php\/2022\/05\/27\/jakirovic-ponudio-sam-bilbiji-odmor-protiv-radnika-ali-on-je-to-odbio\/","url":"https:\/\/radioljubuski.ba\/index.php\/2022\/05\/27\/jakirovic-ponudio-sam-bilbiji-odmor-protiv-radnika-ali-on-je-to-odbio\/","name":"Jakirovi\u0107: Ponudio sam Bilbiji odmor protiv Radnika, ali on je to odbio - RADIO LJUBU\u0160KI","isPartOf":{"@id":"https:\/\/radioljubuski.ba\/#website"},"primaryImageOfPage":{"@id":"https:\/\/radioljubuski.ba\/index.php\/2022\/05\/27\/jakirovic-ponudio-sam-bilbiji-odmor-protiv-radnika-ali-on-je-to-odbio\/#primaryimage"},"image":{"@id":"https:\/\/radioljubuski.ba\/index.php\/2022\/05\/27\/jakirovic-ponudio-sam-bilbiji-odmor-protiv-radnika-ali-on-je-to-odbio\/#primaryimage"},"thumbnailUrl":"https:\/\/radioljubuski.ba\/wp-content\/uploads\/2022\/05\/2-2022-05-27-13-38-09-zrinjski.jpg","datePublished":"2022-05-27T13:57:14+00:00","dateModified":"2022-05-27T13:57:15+00:00","breadcrumb":{"@id":"https:\/\/radioljubuski.ba\/index.php\/2022\/05\/27\/jakirovic-ponudio-sam-bilbiji-odmor-protiv-radnika-ali-on-je-to-odbio\/#breadcrumb"},"inLanguage":"hr","potentialAction":[{"@type":"ReadAction","target":["https:\/\/radioljubuski.ba\/index.php\/2022\/05\/27\/jakirovic-ponudio-sam-bilbiji-odmor-protiv-radnika-ali-on-je-to-odbio\/"]}]},{"@type":"ImageObject","inLanguage":"hr","@id":"https:\/\/radioljubuski.ba\/index.php\/2022\/05\/27\/jakirovic-ponudio-sam-bilbiji-odmor-protiv-radnika-ali-on-je-to-odbio\/#primaryimage","url":"https:\/\/radioljubuski.ba\/wp-content\/uploads\/2022\/05\/2-2022-05-27-13-38-09-zrinjski.jpg","contentUrl":"https:\/\/radioljubuski.ba\/wp-content\/uploads\/2022\/05\/2-2022-05-27-13-38-09-zrinjski.jpg","width":1000,"height":625},{"@type":"BreadcrumbList","@id":"https:\/\/radioljubuski.ba\/index.php\/2022\/05\/27\/jakirovic-ponudio-sam-bilbiji-odmor-protiv-radnika-ali-on-je-to-odbio\/#breadcrumb","itemListElement":[{"@type":"ListItem","position":1,"name":"Po\u010detna stranica","item":"https:\/\/radioljubuski.ba\/"},{"@type":"ListItem","position":2,"name":"Jakirovi\u0107: Ponudio sam Bilbiji odmor protiv Radnika, ali on je to odbio"}]},{"@type":"WebSite","@id":"https:\/\/radioljubuski.ba\/#website","url":"https:\/\/radioljubuski.ba\/","name":"Radio Ljubu\u0161ki","description":"Sun\u010dana frekvencija Hercegovine","publisher":{"@id":"https:\/\/radioljubuski.ba\/#organization"},"potentialAction":[{"@type":"SearchAction","target":{"@type":"EntryPoint","urlTemplate":"https:\/\/radioljubuski.ba\/?s={search_term_string}"},"query-input":{"@type":"PropertyValueSpecification","valueRequired":true,"valueName":"search_term_string"}}],"inLanguage":"hr"},{"@type":"Organization","@id":"https:\/\/radioljubuski.ba\/#organization","name":"Radio Ljubu\u0161ki","url":"https:\/\/radioljubuski.ba\/","logo":{"@type":"ImageObject","inLanguage":"hr","@id":"https:\/\/radioljubuski.ba\/#\/schema\/logo\/image\/","url":"https:\/\/radioljubuski.ba\/wp-content\/uploads\/2021\/02\/cropped-Radio_Ljubuski_logo1.jpg","contentUrl":"https:\/\/radioljubuski.ba\/wp-content\/uploads\/2021\/02\/cropped-Radio_Ljubuski_logo1.jpg","width":512,"height":512,"caption":"Radio Ljubu\u0161ki"},"image":{"@id":"https:\/\/radioljubuski.ba\/#\/schema\/logo\/image\/"},"sameAs":["https:\/\/www.facebook.com\/Radiio-Ljubuski-1490835324566332","https:\/\/x.com\/radioljubuski","https:\/\/hr.linkedin.com\/company\/radio-ljubuski","https:\/\/www.youtube.com\/channel\/UCHYaeO_n0Db3tjNGudGpXyw"]},{"@type":"Person","@id":"https:\/\/radioljubuski.ba\/#\/schema\/person\/19fc700381a780f69665d7956c469e3b","name":"Radio Ljubu\u0161ki"}]}},"_links":{"self":[{"href":"https:\/\/radioljubuski.ba\/index.php\/wp-json\/wp\/v2\/posts\/144545","targetHints":{"allow":["GET"]}}],"collection":[{"href":"https:\/\/radioljubuski.ba\/index.php\/wp-json\/wp\/v2\/posts"}],"about":[{"href":"https:\/\/radioljubuski.ba\/index.php\/wp-json\/wp\/v2\/types\/post"}],"author":[{"embeddable":true,"href":"https:\/\/radioljubuski.ba\/index.php\/wp-json\/wp\/v2\/users\/2"}],"replies":[{"embeddable":true,"href":"https:\/\/radioljubuski.ba\/index.php\/wp-json\/wp\/v2\/comments?post=144545"}],"version-history":[{"count":1,"href":"https:\/\/radioljubuski.ba\/index.php\/wp-json\/wp\/v2\/posts\/144545\/revisions"}],"predecessor-version":[{"id":144547,"href":"https:\/\/radioljubuski.ba\/index.php\/wp-json\/wp\/v2\/posts\/144545\/revisions\/144547"}],"wp:featuredmedia":[{"embeddable":true,"href":"https:\/\/radioljubuski.ba\/index.php\/wp-json\/wp\/v2\/media\/144546"}],"wp:attachment":[{"href":"https:\/\/radioljubuski.ba\/index.php\/wp-json\/wp\/v2\/media?parent=144545"}],"wp:term":[{"taxonomy":"category","embeddable":true,"href":"https:\/\/radioljubuski.ba\/index.php\/wp-json\/wp\/v2\/categories?post=144545"},{"taxonomy":"post_tag","embeddable":true,"href":"https:\/\/radioljubuski.ba\/index.php\/wp-json\/wp\/v2\/tags?post=144545"}],"curies":[{"name":"wp","href":"https:\/\/api.w.org\/{rel}","templated":true}]}}