{"id":144558,"date":"2022-05-27T15:14:12","date_gmt":"2022-05-27T14:14:12","guid":{"rendered":"https:\/\/radioljubuski.ba\/?p=144558"},"modified":"2022-05-27T15:14:13","modified_gmt":"2022-05-27T14:14:13","slug":"milenko-boskovic-potvrdio-pred-nama-novi-rast-cijena-goriva","status":"publish","type":"post","link":"https:\/\/radioljubuski.ba\/index.php\/2022\/05\/27\/milenko-boskovic-potvrdio-pred-nama-novi-rast-cijena-goriva\/","title":{"rendered":"Milenko Bo\u0161kovi\u0107 potvrdio: Pred nama novi rast cijena goriva"},"content":{"rendered":"\n<p>Nabavna cijena goriva u zadnja dva dana ukupno su pove\u0107ana za 0,10 feninga potvrdio je za <a href=\"https:\/\/ba.n1info.com\/biznis\/lose-vijesti-za-gradjane-ocekuje-se-dodatno-poskupljenje-goriva\/\">N1<\/a> Milenko Bo\u0161kovi\u0107, predsjednik Udru\u017eenja prometnika naftnih derivata Federacije BiH.<\/p>\n\n\n\n<p>Bo\u0161kovi\u0107 za N1 obja\u0161njava da \u0107e gra\u0111ani na crpkama rast cijena mo\u0107i o\u010dekivati kako nafta\u0161i budu nabavljali nove zalihe goriva \u010dija cijena raste.<\/p>\n\n\n\n<p>\u201cIdu\u0107e isporuke naftnih derivata koje nabavljaju trgovci za gra\u0111ane \u0107e zna\u010diti nove cijene na crpkama\u201d, kazao je Bo\u0161kovi\u0107.<\/p>\n\n\n\n<p>Tako\u0111er, Bo\u0161kovi\u0107 podsje\u0107a da je maloprodajna mar\u017ea fiksirana na 0,25 feninga te da ona zajedno sa nabavnom cijenom i nametima koje odre\u0111uje dr\u017eava odre\u0111uje kona\u010dnu cijenu za gra\u0111ane.<\/p>\n\n\n\n<p>Podsje\u0107amo, iako je bilo nekoliko zahtjeva i prijedloga da se nameti na naftu i naftne derivate u dr\u017eavnom parlamentu smanje ili u odre\u0111enom dijelu ukinu, do toga nije do\u0161lo.<\/p>\n\n\n\n<p>Izvor:N1<\/p>\n","protected":false},"excerpt":{"rendered":"<p>Nabavna cijena goriva u zadnja dva dana ukupno su pove\u0107ana za 0,10 feninga potvrdio je za N1 Milenko Bo\u0161kovi\u0107, predsjednik Udru\u017eenja prometnika naftnih derivata Federacije BiH. Bo\u0161kovi\u0107 za N1 obja\u0161njava da \u0107e gra\u0111ani na crpkama rast cijena mo\u0107i o\u010dekivati kako nafta\u0161i budu nabavljali nove zalihe goriva \u010dija cijena raste. \u201cIdu\u0107e isporuke naftnih derivata koje nabavljaju [&hellip;]<\/p>\n","protected":false},"author":2,"featured_media":0,"comment_status":"closed","ping_status":"closed","sticky":false,"template":"","format":"standard","meta":{"h5ap_radio_sources":[],"footnotes":""},"categories":[1],"tags":[],"class_list":["post-144558","post","type-post","status-publish","format-standard","hentry","category-bihiregija"],"yoast_head":"<!-- This site is optimized with the Yoast SEO plugin v27.5 - https:\/\/yoast.com\/product\/yoast-seo-wordpress\/ -->\n<title>Milenko Bo\u0161kovi\u0107 potvrdio: Pred nama novi rast cijena goriva - RADIO LJUBU\u0160KI<\/title>\n<meta name=\"robots\" content=\"index, follow, max-snippet:-1, max-image-preview:large, max-video-preview:-1\" \/>\n<link rel=\"canonical\" href=\"https:\/\/radioljubuski.ba\/index.php\/2022\/05\/27\/milenko-boskovic-potvrdio-pred-nama-novi-rast-cijena-goriva\/\" \/>\n<meta property=\"og:locale\" content=\"hr_HR\" \/>\n<meta property=\"og:type\" content=\"article\" \/>\n<meta property=\"og:title\" content=\"Milenko Bo\u0161kovi\u0107 potvrdio: Pred nama novi rast cijena goriva - RADIO LJUBU\u0160KI\" \/>\n<meta property=\"og:description\" content=\"Nabavna cijena goriva u zadnja dva dana ukupno su pove\u0107ana za 0,10 feninga potvrdio je za N1 Milenko Bo\u0161kovi\u0107, predsjednik Udru\u017eenja prometnika naftnih derivata Federacije BiH. Bo\u0161kovi\u0107 za N1 obja\u0161njava da \u0107e gra\u0111ani na crpkama rast cijena mo\u0107i o\u010dekivati kako nafta\u0161i budu nabavljali nove zalihe goriva \u010dija cijena raste. \u201cIdu\u0107e isporuke naftnih derivata koje nabavljaju [&hellip;]\" \/>\n<meta property=\"og:url\" content=\"https:\/\/radioljubuski.ba\/index.php\/2022\/05\/27\/milenko-boskovic-potvrdio-pred-nama-novi-rast-cijena-goriva\/\" \/>\n<meta property=\"og:site_name\" content=\"RADIO LJUBU\u0160KI\" \/>\n<meta property=\"article:publisher\" content=\"https:\/\/www.facebook.com\/Radiio-Ljubuski-1490835324566332\" \/>\n<meta property=\"article:published_time\" content=\"2022-05-27T14:14:12+00:00\" \/>\n<meta property=\"article:modified_time\" content=\"2022-05-27T14:14:13+00:00\" \/>\n<meta property=\"og:image\" content=\"https:\/\/radioljubuski.ba\/wp-content\/uploads\/2021\/09\/gorivo.jpg\" \/>\n\t<meta property=\"og:image:width\" content=\"1000\" \/>\n\t<meta property=\"og:image:height\" content=\"625\" \/>\n\t<meta property=\"og:image:type\" content=\"image\/jpeg\" \/>\n<meta name=\"author\" content=\"Radio Ljubu\u0161ki\" \/>\n<meta name=\"twitter:card\" content=\"summary_large_image\" \/>\n<meta name=\"twitter:creator\" content=\"@radioljubuski\" \/>\n<meta name=\"twitter:site\" content=\"@radioljubuski\" \/>\n<meta name=\"twitter:label1\" content=\"Napisao\/la\" \/>\n\t<meta name=\"twitter:data1\" content=\"Radio Ljubu\u0161ki\" \/>\n\t<meta name=\"twitter:label2\" content=\"Procijenjeno vrijeme \u010ditanja\" \/>\n\t<meta name=\"twitter:data2\" content=\"1 minuta\" \/>\n<script type=\"application\/ld+json\" class=\"yoast-schema-graph\">{\"@context\":\"https:\\\/\\\/schema.org\",\"@graph\":[{\"@type\":\"Article\",\"@id\":\"https:\\\/\\\/radioljubuski.ba\\\/index.php\\\/2022\\\/05\\\/27\\\/milenko-boskovic-potvrdio-pred-nama-novi-rast-cijena-goriva\\\/#article\",\"isPartOf\":{\"@id\":\"https:\\\/\\\/radioljubuski.ba\\\/index.php\\\/2022\\\/05\\\/27\\\/milenko-boskovic-potvrdio-pred-nama-novi-rast-cijena-goriva\\\/\"},\"author\":{\"name\":\"Radio Ljubu\u0161ki\",\"@id\":\"https:\\\/\\\/radioljubuski.ba\\\/#\\\/schema\\\/person\\\/19fc700381a780f69665d7956c469e3b\"},\"headline\":\"Milenko Bo\u0161kovi\u0107 potvrdio: Pred nama novi rast cijena goriva\",\"datePublished\":\"2022-05-27T14:14:12+00:00\",\"dateModified\":\"2022-05-27T14:14:13+00:00\",\"mainEntityOfPage\":{\"@id\":\"https:\\\/\\\/radioljubuski.ba\\\/index.php\\\/2022\\\/05\\\/27\\\/milenko-boskovic-potvrdio-pred-nama-novi-rast-cijena-goriva\\\/\"},\"wordCount\":160,\"publisher\":{\"@id\":\"https:\\\/\\\/radioljubuski.ba\\\/#organization\"},\"articleSection\":[\"BIH i regija\"],\"inLanguage\":\"hr\"},{\"@type\":\"WebPage\",\"@id\":\"https:\\\/\\\/radioljubuski.ba\\\/index.php\\\/2022\\\/05\\\/27\\\/milenko-boskovic-potvrdio-pred-nama-novi-rast-cijena-goriva\\\/\",\"url\":\"https:\\\/\\\/radioljubuski.ba\\\/index.php\\\/2022\\\/05\\\/27\\\/milenko-boskovic-potvrdio-pred-nama-novi-rast-cijena-goriva\\\/\",\"name\":\"Milenko Bo\u0161kovi\u0107 potvrdio: Pred nama novi rast cijena goriva - RADIO LJUBU\u0160KI\",\"isPartOf\":{\"@id\":\"https:\\\/\\\/radioljubuski.ba\\\/#website\"},\"datePublished\":\"2022-05-27T14:14:12+00:00\",\"dateModified\":\"2022-05-27T14:14:13+00:00\",\"breadcrumb\":{\"@id\":\"https:\\\/\\\/radioljubuski.ba\\\/index.php\\\/2022\\\/05\\\/27\\\/milenko-boskovic-potvrdio-pred-nama-novi-rast-cijena-goriva\\\/#breadcrumb\"},\"inLanguage\":\"hr\",\"potentialAction\":[{\"@type\":\"ReadAction\",\"target\":[\"https:\\\/\\\/radioljubuski.ba\\\/index.php\\\/2022\\\/05\\\/27\\\/milenko-boskovic-potvrdio-pred-nama-novi-rast-cijena-goriva\\\/\"]}]},{\"@type\":\"BreadcrumbList\",\"@id\":\"https:\\\/\\\/radioljubuski.ba\\\/index.php\\\/2022\\\/05\\\/27\\\/milenko-boskovic-potvrdio-pred-nama-novi-rast-cijena-goriva\\\/#breadcrumb\",\"itemListElement\":[{\"@type\":\"ListItem\",\"position\":1,\"name\":\"Po\u010detna stranica\",\"item\":\"https:\\\/\\\/radioljubuski.ba\\\/\"},{\"@type\":\"ListItem\",\"position\":2,\"name\":\"Milenko Bo\u0161kovi\u0107 potvrdio: Pred nama novi rast cijena goriva\"}]},{\"@type\":\"WebSite\",\"@id\":\"https:\\\/\\\/radioljubuski.ba\\\/#website\",\"url\":\"https:\\\/\\\/radioljubuski.ba\\\/\",\"name\":\"Radio Ljubu\u0161ki\",\"description\":\"Sun\u010dana frekvencija Hercegovine\",\"publisher\":{\"@id\":\"https:\\\/\\\/radioljubuski.ba\\\/#organization\"},\"potentialAction\":[{\"@type\":\"SearchAction\",\"target\":{\"@type\":\"EntryPoint\",\"urlTemplate\":\"https:\\\/\\\/radioljubuski.ba\\\/?s={search_term_string}\"},\"query-input\":{\"@type\":\"PropertyValueSpecification\",\"valueRequired\":true,\"valueName\":\"search_term_string\"}}],\"inLanguage\":\"hr\"},{\"@type\":\"Organization\",\"@id\":\"https:\\\/\\\/radioljubuski.ba\\\/#organization\",\"name\":\"Radio Ljubu\u0161ki\",\"url\":\"https:\\\/\\\/radioljubuski.ba\\\/\",\"logo\":{\"@type\":\"ImageObject\",\"inLanguage\":\"hr\",\"@id\":\"https:\\\/\\\/radioljubuski.ba\\\/#\\\/schema\\\/logo\\\/image\\\/\",\"url\":\"https:\\\/\\\/radioljubuski.ba\\\/wp-content\\\/uploads\\\/2021\\\/02\\\/cropped-Radio_Ljubuski_logo1.jpg\",\"contentUrl\":\"https:\\\/\\\/radioljubuski.ba\\\/wp-content\\\/uploads\\\/2021\\\/02\\\/cropped-Radio_Ljubuski_logo1.jpg\",\"width\":512,\"height\":512,\"caption\":\"Radio Ljubu\u0161ki\"},\"image\":{\"@id\":\"https:\\\/\\\/radioljubuski.ba\\\/#\\\/schema\\\/logo\\\/image\\\/\"},\"sameAs\":[\"https:\\\/\\\/www.facebook.com\\\/Radiio-Ljubuski-1490835324566332\",\"https:\\\/\\\/x.com\\\/radioljubuski\",\"https:\\\/\\\/hr.linkedin.com\\\/company\\\/radio-ljubuski\",\"https:\\\/\\\/www.youtube.com\\\/channel\\\/UCHYaeO_n0Db3tjNGudGpXyw\"]},{\"@type\":\"Person\",\"@id\":\"https:\\\/\\\/radioljubuski.ba\\\/#\\\/schema\\\/person\\\/19fc700381a780f69665d7956c469e3b\",\"name\":\"Radio Ljubu\u0161ki\"}]}<\/script>\n<!-- \/ Yoast SEO plugin. -->","yoast_head_json":{"title":"Milenko Bo\u0161kovi\u0107 potvrdio: Pred nama novi rast cijena goriva - RADIO LJUBU\u0160KI","robots":{"index":"index","follow":"follow","max-snippet":"max-snippet:-1","max-image-preview":"max-image-preview:large","max-video-preview":"max-video-preview:-1"},"canonical":"https:\/\/radioljubuski.ba\/index.php\/2022\/05\/27\/milenko-boskovic-potvrdio-pred-nama-novi-rast-cijena-goriva\/","og_locale":"hr_HR","og_type":"article","og_title":"Milenko Bo\u0161kovi\u0107 potvrdio: Pred nama novi rast cijena goriva - RADIO LJUBU\u0160KI","og_description":"Nabavna cijena goriva u zadnja dva dana ukupno su pove\u0107ana za 0,10 feninga potvrdio je za N1 Milenko Bo\u0161kovi\u0107, predsjednik Udru\u017eenja prometnika naftnih derivata Federacije BiH. Bo\u0161kovi\u0107 za N1 obja\u0161njava da \u0107e gra\u0111ani na crpkama rast cijena mo\u0107i o\u010dekivati kako nafta\u0161i budu nabavljali nove zalihe goriva \u010dija cijena raste. \u201cIdu\u0107e isporuke naftnih derivata koje nabavljaju [&hellip;]","og_url":"https:\/\/radioljubuski.ba\/index.php\/2022\/05\/27\/milenko-boskovic-potvrdio-pred-nama-novi-rast-cijena-goriva\/","og_site_name":"RADIO LJUBU\u0160KI","article_publisher":"https:\/\/www.facebook.com\/Radiio-Ljubuski-1490835324566332","article_published_time":"2022-05-27T14:14:12+00:00","article_modified_time":"2022-05-27T14:14:13+00:00","og_image":[{"width":1000,"height":625,"url":"https:\/\/radioljubuski.ba\/wp-content\/uploads\/2021\/09\/gorivo.jpg","type":"image\/jpeg"}],"author":"Radio Ljubu\u0161ki","twitter_card":"summary_large_image","twitter_creator":"@radioljubuski","twitter_site":"@radioljubuski","twitter_misc":{"Napisao\/la":"Radio Ljubu\u0161ki","Procijenjeno vrijeme \u010ditanja":"1 minuta"},"schema":{"@context":"https:\/\/schema.org","@graph":[{"@type":"Article","@id":"https:\/\/radioljubuski.ba\/index.php\/2022\/05\/27\/milenko-boskovic-potvrdio-pred-nama-novi-rast-cijena-goriva\/#article","isPartOf":{"@id":"https:\/\/radioljubuski.ba\/index.php\/2022\/05\/27\/milenko-boskovic-potvrdio-pred-nama-novi-rast-cijena-goriva\/"},"author":{"name":"Radio Ljubu\u0161ki","@id":"https:\/\/radioljubuski.ba\/#\/schema\/person\/19fc700381a780f69665d7956c469e3b"},"headline":"Milenko Bo\u0161kovi\u0107 potvrdio: Pred nama novi rast cijena goriva","datePublished":"2022-05-27T14:14:12+00:00","dateModified":"2022-05-27T14:14:13+00:00","mainEntityOfPage":{"@id":"https:\/\/radioljubuski.ba\/index.php\/2022\/05\/27\/milenko-boskovic-potvrdio-pred-nama-novi-rast-cijena-goriva\/"},"wordCount":160,"publisher":{"@id":"https:\/\/radioljubuski.ba\/#organization"},"articleSection":["BIH i regija"],"inLanguage":"hr"},{"@type":"WebPage","@id":"https:\/\/radioljubuski.ba\/index.php\/2022\/05\/27\/milenko-boskovic-potvrdio-pred-nama-novi-rast-cijena-goriva\/","url":"https:\/\/radioljubuski.ba\/index.php\/2022\/05\/27\/milenko-boskovic-potvrdio-pred-nama-novi-rast-cijena-goriva\/","name":"Milenko Bo\u0161kovi\u0107 potvrdio: Pred nama novi rast cijena goriva - RADIO LJUBU\u0160KI","isPartOf":{"@id":"https:\/\/radioljubuski.ba\/#website"},"datePublished":"2022-05-27T14:14:12+00:00","dateModified":"2022-05-27T14:14:13+00:00","breadcrumb":{"@id":"https:\/\/radioljubuski.ba\/index.php\/2022\/05\/27\/milenko-boskovic-potvrdio-pred-nama-novi-rast-cijena-goriva\/#breadcrumb"},"inLanguage":"hr","potentialAction":[{"@type":"ReadAction","target":["https:\/\/radioljubuski.ba\/index.php\/2022\/05\/27\/milenko-boskovic-potvrdio-pred-nama-novi-rast-cijena-goriva\/"]}]},{"@type":"BreadcrumbList","@id":"https:\/\/radioljubuski.ba\/index.php\/2022\/05\/27\/milenko-boskovic-potvrdio-pred-nama-novi-rast-cijena-goriva\/#breadcrumb","itemListElement":[{"@type":"ListItem","position":1,"name":"Po\u010detna stranica","item":"https:\/\/radioljubuski.ba\/"},{"@type":"ListItem","position":2,"name":"Milenko Bo\u0161kovi\u0107 potvrdio: Pred nama novi rast cijena goriva"}]},{"@type":"WebSite","@id":"https:\/\/radioljubuski.ba\/#website","url":"https:\/\/radioljubuski.ba\/","name":"Radio Ljubu\u0161ki","description":"Sun\u010dana frekvencija Hercegovine","publisher":{"@id":"https:\/\/radioljubuski.ba\/#organization"},"potentialAction":[{"@type":"SearchAction","target":{"@type":"EntryPoint","urlTemplate":"https:\/\/radioljubuski.ba\/?s={search_term_string}"},"query-input":{"@type":"PropertyValueSpecification","valueRequired":true,"valueName":"search_term_string"}}],"inLanguage":"hr"},{"@type":"Organization","@id":"https:\/\/radioljubuski.ba\/#organization","name":"Radio Ljubu\u0161ki","url":"https:\/\/radioljubuski.ba\/","logo":{"@type":"ImageObject","inLanguage":"hr","@id":"https:\/\/radioljubuski.ba\/#\/schema\/logo\/image\/","url":"https:\/\/radioljubuski.ba\/wp-content\/uploads\/2021\/02\/cropped-Radio_Ljubuski_logo1.jpg","contentUrl":"https:\/\/radioljubuski.ba\/wp-content\/uploads\/2021\/02\/cropped-Radio_Ljubuski_logo1.jpg","width":512,"height":512,"caption":"Radio Ljubu\u0161ki"},"image":{"@id":"https:\/\/radioljubuski.ba\/#\/schema\/logo\/image\/"},"sameAs":["https:\/\/www.facebook.com\/Radiio-Ljubuski-1490835324566332","https:\/\/x.com\/radioljubuski","https:\/\/hr.linkedin.com\/company\/radio-ljubuski","https:\/\/www.youtube.com\/channel\/UCHYaeO_n0Db3tjNGudGpXyw"]},{"@type":"Person","@id":"https:\/\/radioljubuski.ba\/#\/schema\/person\/19fc700381a780f69665d7956c469e3b","name":"Radio Ljubu\u0161ki"}]}},"_links":{"self":[{"href":"https:\/\/radioljubuski.ba\/index.php\/wp-json\/wp\/v2\/posts\/144558","targetHints":{"allow":["GET"]}}],"collection":[{"href":"https:\/\/radioljubuski.ba\/index.php\/wp-json\/wp\/v2\/posts"}],"about":[{"href":"https:\/\/radioljubuski.ba\/index.php\/wp-json\/wp\/v2\/types\/post"}],"author":[{"embeddable":true,"href":"https:\/\/radioljubuski.ba\/index.php\/wp-json\/wp\/v2\/users\/2"}],"replies":[{"embeddable":true,"href":"https:\/\/radioljubuski.ba\/index.php\/wp-json\/wp\/v2\/comments?post=144558"}],"version-history":[{"count":1,"href":"https:\/\/radioljubuski.ba\/index.php\/wp-json\/wp\/v2\/posts\/144558\/revisions"}],"predecessor-version":[{"id":144559,"href":"https:\/\/radioljubuski.ba\/index.php\/wp-json\/wp\/v2\/posts\/144558\/revisions\/144559"}],"wp:attachment":[{"href":"https:\/\/radioljubuski.ba\/index.php\/wp-json\/wp\/v2\/media?parent=144558"}],"wp:term":[{"taxonomy":"category","embeddable":true,"href":"https:\/\/radioljubuski.ba\/index.php\/wp-json\/wp\/v2\/categories?post=144558"},{"taxonomy":"post_tag","embeddable":true,"href":"https:\/\/radioljubuski.ba\/index.php\/wp-json\/wp\/v2\/tags?post=144558"}],"curies":[{"name":"wp","href":"https:\/\/api.w.org\/{rel}","templated":true}]}}