{"id":144618,"date":"2022-05-28T18:19:35","date_gmt":"2022-05-28T17:19:35","guid":{"rendered":"https:\/\/radioljubuski.ba\/?p=144618"},"modified":"2022-05-29T22:18:24","modified_gmt":"2022-05-29T21:18:24","slug":"izvidac-u-finalu","status":"publish","type":"post","link":"https:\/\/radioljubuski.ba\/index.php\/2022\/05\/28\/izvidac-u-finalu\/","title":{"rendered":"Izvi\u0111a\u010d u finalu Kupa BiH!!!"},"content":{"rendered":"\n<p>Dobrom i borbenom igrom tijekom cijele utakmice rukometa\u0161i Izvi\u0111a\u010da CO pobijedili su novog prvaka BiH, banjalu\u010dki Borac m&amp;tel 34:29 i plasirali se u finale Kupa koje se igra u nedjelju.<\/p>\n\n\n\n<p>Prvih desetak minuta igralo se gol za gol, Borac bi poveo, a Izvi\u0111a\u010d poravnao. Ipak, sredinom prvog dijela Izvi\u0111a\u010d se polako po\u010deo odvajati, u 15.minuti bilo je 6:4 i slijede\u0107ih sedam-osam minuta skauti su imali priliku oti\u0107i i na plus tri \u0161to im je uspjelo u 23.minuti (11:8). Zanimljivo je da je od tih 11 golova \u010dak sedam postigao Mladen Bo\u0161kovi\u0107 koji je poga\u0111ao i s krila i sa sedam metara. Kad se pridodao Ivano Pavlovi\u0107, ponajbolji igra\u010d na utakmici, prednost je po\u010dela rasti pa se na odmor oti\u0161lo pri rezultatu 17:12 za Izvi\u0111a\u010d.<\/p>\n\n\n\n<p>Utakmica je prakti\u010dno rije\u0161ena u prvih deset minuta nastavka kad se prednost Izvi\u0111a\u010da \u201epopela\u201c na osam golova, 24:16 u 38.minuti. Trener skauta Toni \u010colina koristio je sve igra\u010de s klupe i nije \u017eelio nikoga previ\u0161e opteretiti kako bi sutra u finalu svi bili \u201eorni\u201c. Negdje na polovici drugog poluvremena bilo je plus devet (28:19 u 45.minuti) i bilo je jasno da \u0107e Izvi\u0111a\u010d jo\u0161 jednom uvjerljivo dobiti Borca. Ne\u0161to komotniju igru skauta iskoristili su gosti i u 56.minuti do\u0161li na pet golova zaostatka, a prednost doma\u0107ina mogla je biti i manja da mladi Aldin Alihod\u017ei\u0107 nije gostima \u201eskinuo\u201c dva sedmerca.<\/p>\n\n\n\n<p>Kod Izvi\u0111a\u010da najefikasniji je bio Mladen Bo\u0161kovi\u0107 s 8 golova, Ivano Pavlovi\u0107 dodao je 7, a Domagoj Alilovi\u0107 i Amir Muhovi\u0107 po 4. Kod Borca je Bo\u017eo Tepi\u0107 postigao 7, Aleksandar Mili\u010devi\u0107 6, a Ognjen Kalamanda i Nik\u0161a Petrovi\u0107 po 4.<\/p>\n\n\n\n<figure class=\"wp-block-gallery columns-3 is-cropped wp-block-gallery-1 is-layout-flex wp-block-gallery-is-layout-flex\"><ul class=\"blocks-gallery-grid\"><li class=\"blocks-gallery-item\"><figure><img loading=\"lazy\" decoding=\"async\" width=\"1024\" height=\"683\" src=\"https:\/\/radioljubuski.ba\/wp-content\/uploads\/2022\/05\/IMG_0078.jpg\" alt=\"\" data-id=\"144619\" data-full-url=\"https:\/\/radioljubuski.ba\/wp-content\/uploads\/2022\/05\/IMG_0078.jpg\" data-link=\"https:\/\/radioljubuski.ba\/?attachment_id=144619\" class=\"wp-image-144619\" srcset=\"https:\/\/radioljubuski.ba\/wp-content\/uploads\/2022\/05\/IMG_0078.jpg 1024w, https:\/\/radioljubuski.ba\/wp-content\/uploads\/2022\/05\/IMG_0078-300x200.jpg 300w, https:\/\/radioljubuski.ba\/wp-content\/uploads\/2022\/05\/IMG_0078-768x512.jpg 768w, https:\/\/radioljubuski.ba\/wp-content\/uploads\/2022\/05\/IMG_0078-18x12.jpg 18w\" sizes=\"auto, (max-width: 1024px) 100vw, 1024px\" \/><\/figure><\/li><li class=\"blocks-gallery-item\"><figure><img loading=\"lazy\" decoding=\"async\" width=\"1024\" height=\"683\" src=\"https:\/\/radioljubuski.ba\/wp-content\/uploads\/2022\/05\/IMG_0081.jpg\" alt=\"\" data-id=\"144620\" data-full-url=\"https:\/\/radioljubuski.ba\/wp-content\/uploads\/2022\/05\/IMG_0081.jpg\" data-link=\"https:\/\/radioljubuski.ba\/?attachment_id=144620\" class=\"wp-image-144620\" srcset=\"https:\/\/radioljubuski.ba\/wp-content\/uploads\/2022\/05\/IMG_0081.jpg 1024w, https:\/\/radioljubuski.ba\/wp-content\/uploads\/2022\/05\/IMG_0081-300x200.jpg 300w, https:\/\/radioljubuski.ba\/wp-content\/uploads\/2022\/05\/IMG_0081-768x512.jpg 768w, https:\/\/radioljubuski.ba\/wp-content\/uploads\/2022\/05\/IMG_0081-18x12.jpg 18w\" sizes=\"auto, (max-width: 1024px) 100vw, 1024px\" \/><\/figure><\/li><li class=\"blocks-gallery-item\"><figure><img loading=\"lazy\" decoding=\"async\" width=\"1024\" height=\"694\" src=\"https:\/\/radioljubuski.ba\/wp-content\/uploads\/2022\/05\/IMG_0082.jpg\" alt=\"\" data-id=\"144621\" data-full-url=\"https:\/\/radioljubuski.ba\/wp-content\/uploads\/2022\/05\/IMG_0082.jpg\" data-link=\"https:\/\/radioljubuski.ba\/?attachment_id=144621\" class=\"wp-image-144621\" srcset=\"https:\/\/radioljubuski.ba\/wp-content\/uploads\/2022\/05\/IMG_0082.jpg 1024w, https:\/\/radioljubuski.ba\/wp-content\/uploads\/2022\/05\/IMG_0082-300x203.jpg 300w, https:\/\/radioljubuski.ba\/wp-content\/uploads\/2022\/05\/IMG_0082-768x521.jpg 768w, https:\/\/radioljubuski.ba\/wp-content\/uploads\/2022\/05\/IMG_0082-18x12.jpg 18w\" sizes=\"auto, (max-width: 1024px) 100vw, 1024px\" \/><\/figure><\/li><li class=\"blocks-gallery-item\"><figure><img loading=\"lazy\" decoding=\"async\" width=\"768\" height=\"910\" src=\"https:\/\/radioljubuski.ba\/wp-content\/uploads\/2022\/05\/IMG_0084.jpg\" alt=\"\" data-id=\"144622\" data-full-url=\"https:\/\/radioljubuski.ba\/wp-content\/uploads\/2022\/05\/IMG_0084.jpg\" data-link=\"https:\/\/radioljubuski.ba\/?attachment_id=144622\" class=\"wp-image-144622\" srcset=\"https:\/\/radioljubuski.ba\/wp-content\/uploads\/2022\/05\/IMG_0084.jpg 768w, https:\/\/radioljubuski.ba\/wp-content\/uploads\/2022\/05\/IMG_0084-253x300.jpg 253w, https:\/\/radioljubuski.ba\/wp-content\/uploads\/2022\/05\/IMG_0084-10x12.jpg 10w\" sizes=\"auto, (max-width: 768px) 100vw, 768px\" \/><\/figure><\/li><\/ul><\/figure>\n\n\n\n<p>Sve pohvale idu i publici, na tribinama je bilo oko tisu\u0107u gledatelja koji su cijelo vrijeme bodrili svoje ljubimce, a oni su im uzvratili na pravi na\u010din.<\/p>\n\n\n\n<p>mile kraljevi\u0107\/radio ljubu\u0161ki<\/p>\n","protected":false},"excerpt":{"rendered":"<p>Dobrom i borbenom igrom tijekom cijele utakmice rukometa\u0161i Izvi\u0111a\u010da CO pobijedili su novog prvaka BiH, banjalu\u010dki Borac m&amp;tel 34:29 i plasirali se u finale Kupa koje se igra u nedjelju. Prvih desetak minuta igralo se gol za gol, Borac bi poveo, a Izvi\u0111a\u010d poravnao. Ipak, sredinom prvog dijela Izvi\u0111a\u010d se polako po\u010deo odvajati, u 15.minuti [&hellip;]<\/p>\n","protected":false},"author":2,"featured_media":144623,"comment_status":"closed","ping_status":"closed","sticky":false,"template":"","format":"standard","meta":{"h5ap_radio_sources":[],"footnotes":""},"categories":[3],"tags":[],"class_list":["post-144618","post","type-post","status-publish","format-standard","has-post-thumbnail","hentry","category-ljubuski"],"yoast_head":"<!-- This site is optimized with the Yoast SEO plugin v27.5 - https:\/\/yoast.com\/product\/yoast-seo-wordpress\/ -->\n<title>Izvi\u0111a\u010d u finalu Kupa BiH!!! - RADIO LJUBU\u0160KI<\/title>\n<meta name=\"robots\" content=\"index, follow, max-snippet:-1, max-image-preview:large, max-video-preview:-1\" \/>\n<link rel=\"canonical\" href=\"https:\/\/radioljubuski.ba\/index.php\/2022\/05\/28\/izvidac-u-finalu\/\" \/>\n<meta property=\"og:locale\" content=\"hr_HR\" \/>\n<meta property=\"og:type\" content=\"article\" \/>\n<meta property=\"og:title\" content=\"Izvi\u0111a\u010d u finalu Kupa BiH!!! - RADIO LJUBU\u0160KI\" \/>\n<meta property=\"og:description\" content=\"Dobrom i borbenom igrom tijekom cijele utakmice rukometa\u0161i Izvi\u0111a\u010da CO pobijedili su novog prvaka BiH, banjalu\u010dki Borac m&amp;tel 34:29 i plasirali se u finale Kupa koje se igra u nedjelju. Prvih desetak minuta igralo se gol za gol, Borac bi poveo, a Izvi\u0111a\u010d poravnao. Ipak, sredinom prvog dijela Izvi\u0111a\u010d se polako po\u010deo odvajati, u 15.minuti [&hellip;]\" \/>\n<meta property=\"og:url\" content=\"https:\/\/radioljubuski.ba\/index.php\/2022\/05\/28\/izvidac-u-finalu\/\" \/>\n<meta property=\"og:site_name\" content=\"RADIO LJUBU\u0160KI\" \/>\n<meta property=\"article:publisher\" content=\"https:\/\/www.facebook.com\/Radiio-Ljubuski-1490835324566332\" \/>\n<meta property=\"article:published_time\" content=\"2022-05-28T17:19:35+00:00\" \/>\n<meta property=\"article:modified_time\" content=\"2022-05-29T21:18:24+00:00\" \/>\n<meta property=\"og:image\" content=\"https:\/\/radioljubuski.ba\/wp-content\/uploads\/2022\/05\/IMG_0084-1.jpg\" \/>\n\t<meta property=\"og:image:width\" content=\"768\" \/>\n\t<meta property=\"og:image:height\" content=\"910\" \/>\n\t<meta property=\"og:image:type\" content=\"image\/jpeg\" \/>\n<meta name=\"author\" content=\"Radio Ljubu\u0161ki\" \/>\n<meta name=\"twitter:card\" content=\"summary_large_image\" \/>\n<meta name=\"twitter:creator\" content=\"@radioljubuski\" \/>\n<meta name=\"twitter:site\" content=\"@radioljubuski\" \/>\n<meta name=\"twitter:label1\" content=\"Napisao\/la\" \/>\n\t<meta name=\"twitter:data1\" content=\"Radio Ljubu\u0161ki\" \/>\n\t<meta name=\"twitter:label2\" content=\"Procijenjeno vrijeme \u010ditanja\" \/>\n\t<meta name=\"twitter:data2\" content=\"3 minute\" \/>\n<script type=\"application\/ld+json\" class=\"yoast-schema-graph\">{\"@context\":\"https:\\\/\\\/schema.org\",\"@graph\":[{\"@type\":\"Article\",\"@id\":\"https:\\\/\\\/radioljubuski.ba\\\/index.php\\\/2022\\\/05\\\/28\\\/izvidac-u-finalu\\\/#article\",\"isPartOf\":{\"@id\":\"https:\\\/\\\/radioljubuski.ba\\\/index.php\\\/2022\\\/05\\\/28\\\/izvidac-u-finalu\\\/\"},\"author\":{\"name\":\"Radio Ljubu\u0161ki\",\"@id\":\"https:\\\/\\\/radioljubuski.ba\\\/#\\\/schema\\\/person\\\/19fc700381a780f69665d7956c469e3b\"},\"headline\":\"Izvi\u0111a\u010d u finalu Kupa BiH!!!\",\"datePublished\":\"2022-05-28T17:19:35+00:00\",\"dateModified\":\"2022-05-29T21:18:24+00:00\",\"mainEntityOfPage\":{\"@id\":\"https:\\\/\\\/radioljubuski.ba\\\/index.php\\\/2022\\\/05\\\/28\\\/izvidac-u-finalu\\\/\"},\"wordCount\":325,\"publisher\":{\"@id\":\"https:\\\/\\\/radioljubuski.ba\\\/#organization\"},\"image\":{\"@id\":\"https:\\\/\\\/radioljubuski.ba\\\/index.php\\\/2022\\\/05\\\/28\\\/izvidac-u-finalu\\\/#primaryimage\"},\"thumbnailUrl\":\"https:\\\/\\\/radioljubuski.ba\\\/wp-content\\\/uploads\\\/2022\\\/05\\\/IMG_0084-1.jpg\",\"articleSection\":[\"Ljubu\u0161ki\"],\"inLanguage\":\"hr\"},{\"@type\":\"WebPage\",\"@id\":\"https:\\\/\\\/radioljubuski.ba\\\/index.php\\\/2022\\\/05\\\/28\\\/izvidac-u-finalu\\\/\",\"url\":\"https:\\\/\\\/radioljubuski.ba\\\/index.php\\\/2022\\\/05\\\/28\\\/izvidac-u-finalu\\\/\",\"name\":\"Izvi\u0111a\u010d u finalu Kupa BiH!!! - RADIO LJUBU\u0160KI\",\"isPartOf\":{\"@id\":\"https:\\\/\\\/radioljubuski.ba\\\/#website\"},\"primaryImageOfPage\":{\"@id\":\"https:\\\/\\\/radioljubuski.ba\\\/index.php\\\/2022\\\/05\\\/28\\\/izvidac-u-finalu\\\/#primaryimage\"},\"image\":{\"@id\":\"https:\\\/\\\/radioljubuski.ba\\\/index.php\\\/2022\\\/05\\\/28\\\/izvidac-u-finalu\\\/#primaryimage\"},\"thumbnailUrl\":\"https:\\\/\\\/radioljubuski.ba\\\/wp-content\\\/uploads\\\/2022\\\/05\\\/IMG_0084-1.jpg\",\"datePublished\":\"2022-05-28T17:19:35+00:00\",\"dateModified\":\"2022-05-29T21:18:24+00:00\",\"breadcrumb\":{\"@id\":\"https:\\\/\\\/radioljubuski.ba\\\/index.php\\\/2022\\\/05\\\/28\\\/izvidac-u-finalu\\\/#breadcrumb\"},\"inLanguage\":\"hr\",\"potentialAction\":[{\"@type\":\"ReadAction\",\"target\":[\"https:\\\/\\\/radioljubuski.ba\\\/index.php\\\/2022\\\/05\\\/28\\\/izvidac-u-finalu\\\/\"]}]},{\"@type\":\"ImageObject\",\"inLanguage\":\"hr\",\"@id\":\"https:\\\/\\\/radioljubuski.ba\\\/index.php\\\/2022\\\/05\\\/28\\\/izvidac-u-finalu\\\/#primaryimage\",\"url\":\"https:\\\/\\\/radioljubuski.ba\\\/wp-content\\\/uploads\\\/2022\\\/05\\\/IMG_0084-1.jpg\",\"contentUrl\":\"https:\\\/\\\/radioljubuski.ba\\\/wp-content\\\/uploads\\\/2022\\\/05\\\/IMG_0084-1.jpg\",\"width\":768,\"height\":910},{\"@type\":\"BreadcrumbList\",\"@id\":\"https:\\\/\\\/radioljubuski.ba\\\/index.php\\\/2022\\\/05\\\/28\\\/izvidac-u-finalu\\\/#breadcrumb\",\"itemListElement\":[{\"@type\":\"ListItem\",\"position\":1,\"name\":\"Po\u010detna stranica\",\"item\":\"https:\\\/\\\/radioljubuski.ba\\\/\"},{\"@type\":\"ListItem\",\"position\":2,\"name\":\"Izvi\u0111a\u010d u finalu Kupa BiH!!!\"}]},{\"@type\":\"WebSite\",\"@id\":\"https:\\\/\\\/radioljubuski.ba\\\/#website\",\"url\":\"https:\\\/\\\/radioljubuski.ba\\\/\",\"name\":\"Radio Ljubu\u0161ki\",\"description\":\"Sun\u010dana frekvencija Hercegovine\",\"publisher\":{\"@id\":\"https:\\\/\\\/radioljubuski.ba\\\/#organization\"},\"potentialAction\":[{\"@type\":\"SearchAction\",\"target\":{\"@type\":\"EntryPoint\",\"urlTemplate\":\"https:\\\/\\\/radioljubuski.ba\\\/?s={search_term_string}\"},\"query-input\":{\"@type\":\"PropertyValueSpecification\",\"valueRequired\":true,\"valueName\":\"search_term_string\"}}],\"inLanguage\":\"hr\"},{\"@type\":\"Organization\",\"@id\":\"https:\\\/\\\/radioljubuski.ba\\\/#organization\",\"name\":\"Radio Ljubu\u0161ki\",\"url\":\"https:\\\/\\\/radioljubuski.ba\\\/\",\"logo\":{\"@type\":\"ImageObject\",\"inLanguage\":\"hr\",\"@id\":\"https:\\\/\\\/radioljubuski.ba\\\/#\\\/schema\\\/logo\\\/image\\\/\",\"url\":\"https:\\\/\\\/radioljubuski.ba\\\/wp-content\\\/uploads\\\/2021\\\/02\\\/cropped-Radio_Ljubuski_logo1.jpg\",\"contentUrl\":\"https:\\\/\\\/radioljubuski.ba\\\/wp-content\\\/uploads\\\/2021\\\/02\\\/cropped-Radio_Ljubuski_logo1.jpg\",\"width\":512,\"height\":512,\"caption\":\"Radio Ljubu\u0161ki\"},\"image\":{\"@id\":\"https:\\\/\\\/radioljubuski.ba\\\/#\\\/schema\\\/logo\\\/image\\\/\"},\"sameAs\":[\"https:\\\/\\\/www.facebook.com\\\/Radiio-Ljubuski-1490835324566332\",\"https:\\\/\\\/x.com\\\/radioljubuski\",\"https:\\\/\\\/hr.linkedin.com\\\/company\\\/radio-ljubuski\",\"https:\\\/\\\/www.youtube.com\\\/channel\\\/UCHYaeO_n0Db3tjNGudGpXyw\"]},{\"@type\":\"Person\",\"@id\":\"https:\\\/\\\/radioljubuski.ba\\\/#\\\/schema\\\/person\\\/19fc700381a780f69665d7956c469e3b\",\"name\":\"Radio Ljubu\u0161ki\"}]}<\/script>\n<!-- \/ Yoast SEO plugin. -->","yoast_head_json":{"title":"Izvi\u0111a\u010d u finalu Kupa BiH!!! - RADIO LJUBU\u0160KI","robots":{"index":"index","follow":"follow","max-snippet":"max-snippet:-1","max-image-preview":"max-image-preview:large","max-video-preview":"max-video-preview:-1"},"canonical":"https:\/\/radioljubuski.ba\/index.php\/2022\/05\/28\/izvidac-u-finalu\/","og_locale":"hr_HR","og_type":"article","og_title":"Izvi\u0111a\u010d u finalu Kupa BiH!!! - RADIO LJUBU\u0160KI","og_description":"Dobrom i borbenom igrom tijekom cijele utakmice rukometa\u0161i Izvi\u0111a\u010da CO pobijedili su novog prvaka BiH, banjalu\u010dki Borac m&amp;tel 34:29 i plasirali se u finale Kupa koje se igra u nedjelju. Prvih desetak minuta igralo se gol za gol, Borac bi poveo, a Izvi\u0111a\u010d poravnao. Ipak, sredinom prvog dijela Izvi\u0111a\u010d se polako po\u010deo odvajati, u 15.minuti [&hellip;]","og_url":"https:\/\/radioljubuski.ba\/index.php\/2022\/05\/28\/izvidac-u-finalu\/","og_site_name":"RADIO LJUBU\u0160KI","article_publisher":"https:\/\/www.facebook.com\/Radiio-Ljubuski-1490835324566332","article_published_time":"2022-05-28T17:19:35+00:00","article_modified_time":"2022-05-29T21:18:24+00:00","og_image":[{"width":768,"height":910,"url":"https:\/\/radioljubuski.ba\/wp-content\/uploads\/2022\/05\/IMG_0084-1.jpg","type":"image\/jpeg"}],"author":"Radio Ljubu\u0161ki","twitter_card":"summary_large_image","twitter_creator":"@radioljubuski","twitter_site":"@radioljubuski","twitter_misc":{"Napisao\/la":"Radio Ljubu\u0161ki","Procijenjeno vrijeme \u010ditanja":"3 minute"},"schema":{"@context":"https:\/\/schema.org","@graph":[{"@type":"Article","@id":"https:\/\/radioljubuski.ba\/index.php\/2022\/05\/28\/izvidac-u-finalu\/#article","isPartOf":{"@id":"https:\/\/radioljubuski.ba\/index.php\/2022\/05\/28\/izvidac-u-finalu\/"},"author":{"name":"Radio Ljubu\u0161ki","@id":"https:\/\/radioljubuski.ba\/#\/schema\/person\/19fc700381a780f69665d7956c469e3b"},"headline":"Izvi\u0111a\u010d u finalu Kupa BiH!!!","datePublished":"2022-05-28T17:19:35+00:00","dateModified":"2022-05-29T21:18:24+00:00","mainEntityOfPage":{"@id":"https:\/\/radioljubuski.ba\/index.php\/2022\/05\/28\/izvidac-u-finalu\/"},"wordCount":325,"publisher":{"@id":"https:\/\/radioljubuski.ba\/#organization"},"image":{"@id":"https:\/\/radioljubuski.ba\/index.php\/2022\/05\/28\/izvidac-u-finalu\/#primaryimage"},"thumbnailUrl":"https:\/\/radioljubuski.ba\/wp-content\/uploads\/2022\/05\/IMG_0084-1.jpg","articleSection":["Ljubu\u0161ki"],"inLanguage":"hr"},{"@type":"WebPage","@id":"https:\/\/radioljubuski.ba\/index.php\/2022\/05\/28\/izvidac-u-finalu\/","url":"https:\/\/radioljubuski.ba\/index.php\/2022\/05\/28\/izvidac-u-finalu\/","name":"Izvi\u0111a\u010d u finalu Kupa BiH!!! - RADIO LJUBU\u0160KI","isPartOf":{"@id":"https:\/\/radioljubuski.ba\/#website"},"primaryImageOfPage":{"@id":"https:\/\/radioljubuski.ba\/index.php\/2022\/05\/28\/izvidac-u-finalu\/#primaryimage"},"image":{"@id":"https:\/\/radioljubuski.ba\/index.php\/2022\/05\/28\/izvidac-u-finalu\/#primaryimage"},"thumbnailUrl":"https:\/\/radioljubuski.ba\/wp-content\/uploads\/2022\/05\/IMG_0084-1.jpg","datePublished":"2022-05-28T17:19:35+00:00","dateModified":"2022-05-29T21:18:24+00:00","breadcrumb":{"@id":"https:\/\/radioljubuski.ba\/index.php\/2022\/05\/28\/izvidac-u-finalu\/#breadcrumb"},"inLanguage":"hr","potentialAction":[{"@type":"ReadAction","target":["https:\/\/radioljubuski.ba\/index.php\/2022\/05\/28\/izvidac-u-finalu\/"]}]},{"@type":"ImageObject","inLanguage":"hr","@id":"https:\/\/radioljubuski.ba\/index.php\/2022\/05\/28\/izvidac-u-finalu\/#primaryimage","url":"https:\/\/radioljubuski.ba\/wp-content\/uploads\/2022\/05\/IMG_0084-1.jpg","contentUrl":"https:\/\/radioljubuski.ba\/wp-content\/uploads\/2022\/05\/IMG_0084-1.jpg","width":768,"height":910},{"@type":"BreadcrumbList","@id":"https:\/\/radioljubuski.ba\/index.php\/2022\/05\/28\/izvidac-u-finalu\/#breadcrumb","itemListElement":[{"@type":"ListItem","position":1,"name":"Po\u010detna stranica","item":"https:\/\/radioljubuski.ba\/"},{"@type":"ListItem","position":2,"name":"Izvi\u0111a\u010d u finalu Kupa BiH!!!"}]},{"@type":"WebSite","@id":"https:\/\/radioljubuski.ba\/#website","url":"https:\/\/radioljubuski.ba\/","name":"Radio Ljubu\u0161ki","description":"Sun\u010dana frekvencija Hercegovine","publisher":{"@id":"https:\/\/radioljubuski.ba\/#organization"},"potentialAction":[{"@type":"SearchAction","target":{"@type":"EntryPoint","urlTemplate":"https:\/\/radioljubuski.ba\/?s={search_term_string}"},"query-input":{"@type":"PropertyValueSpecification","valueRequired":true,"valueName":"search_term_string"}}],"inLanguage":"hr"},{"@type":"Organization","@id":"https:\/\/radioljubuski.ba\/#organization","name":"Radio Ljubu\u0161ki","url":"https:\/\/radioljubuski.ba\/","logo":{"@type":"ImageObject","inLanguage":"hr","@id":"https:\/\/radioljubuski.ba\/#\/schema\/logo\/image\/","url":"https:\/\/radioljubuski.ba\/wp-content\/uploads\/2021\/02\/cropped-Radio_Ljubuski_logo1.jpg","contentUrl":"https:\/\/radioljubuski.ba\/wp-content\/uploads\/2021\/02\/cropped-Radio_Ljubuski_logo1.jpg","width":512,"height":512,"caption":"Radio Ljubu\u0161ki"},"image":{"@id":"https:\/\/radioljubuski.ba\/#\/schema\/logo\/image\/"},"sameAs":["https:\/\/www.facebook.com\/Radiio-Ljubuski-1490835324566332","https:\/\/x.com\/radioljubuski","https:\/\/hr.linkedin.com\/company\/radio-ljubuski","https:\/\/www.youtube.com\/channel\/UCHYaeO_n0Db3tjNGudGpXyw"]},{"@type":"Person","@id":"https:\/\/radioljubuski.ba\/#\/schema\/person\/19fc700381a780f69665d7956c469e3b","name":"Radio Ljubu\u0161ki"}]}},"_links":{"self":[{"href":"https:\/\/radioljubuski.ba\/index.php\/wp-json\/wp\/v2\/posts\/144618","targetHints":{"allow":["GET"]}}],"collection":[{"href":"https:\/\/radioljubuski.ba\/index.php\/wp-json\/wp\/v2\/posts"}],"about":[{"href":"https:\/\/radioljubuski.ba\/index.php\/wp-json\/wp\/v2\/types\/post"}],"author":[{"embeddable":true,"href":"https:\/\/radioljubuski.ba\/index.php\/wp-json\/wp\/v2\/users\/2"}],"replies":[{"embeddable":true,"href":"https:\/\/radioljubuski.ba\/index.php\/wp-json\/wp\/v2\/comments?post=144618"}],"version-history":[{"count":2,"href":"https:\/\/radioljubuski.ba\/index.php\/wp-json\/wp\/v2\/posts\/144618\/revisions"}],"predecessor-version":[{"id":144703,"href":"https:\/\/radioljubuski.ba\/index.php\/wp-json\/wp\/v2\/posts\/144618\/revisions\/144703"}],"wp:featuredmedia":[{"embeddable":true,"href":"https:\/\/radioljubuski.ba\/index.php\/wp-json\/wp\/v2\/media\/144623"}],"wp:attachment":[{"href":"https:\/\/radioljubuski.ba\/index.php\/wp-json\/wp\/v2\/media?parent=144618"}],"wp:term":[{"taxonomy":"category","embeddable":true,"href":"https:\/\/radioljubuski.ba\/index.php\/wp-json\/wp\/v2\/categories?post=144618"},{"taxonomy":"post_tag","embeddable":true,"href":"https:\/\/radioljubuski.ba\/index.php\/wp-json\/wp\/v2\/tags?post=144618"}],"curies":[{"name":"wp","href":"https:\/\/api.w.org\/{rel}","templated":true}]}}