{"id":144625,"date":"2022-05-28T18:22:29","date_gmt":"2022-05-28T17:22:29","guid":{"rendered":"https:\/\/radioljubuski.ba\/?p=144625"},"modified":"2022-05-29T07:42:57","modified_gmt":"2022-05-29T06:42:57","slug":"ivan-dracar-pobjednik-2-polumaratona-dva-slapa","status":"publish","type":"post","link":"https:\/\/radioljubuski.ba\/index.php\/2022\/05\/28\/ivan-dracar-pobjednik-2-polumaratona-dva-slapa\/","title":{"rendered":"Ivan Dra\u010dar pobjednik 2. polumaratona &#8220;Dva slapa&#8221;"},"content":{"rendered":"\n<p>Ivan Dra\u010dar pobjednik je 2. polumaratona Dva slapa, koji se po sun\u010danom i sparnom vremenu danas tr\u010dao ulicama Ljubu\u0161kog te uz rijeku Trebi\u017eat.<\/p>\n\n\n\n<p>U cilj je utr\u010dao ispred Alije Imamovi\u0107a s kojim se &#8220;borio&#8221; dugi dio utrke, a za njima je kroz cilj protr\u010dao pro\u0161logodi\u0161nji pobjednik Andrej Vi\u0161tica.<\/p>\n\n\n\n<p>\u201e<em>Utrka je bila dosta zanimljiva, ja i Alija smo se borili sve do 13 kilometra, onda sam ja napravio malo ja\u010du promjenu i diktirao sam tempo do kraja. Trka je bila dinami\u010dna, vrijeme je bilo malo sparno,\u00a0 \u010destitam organizatoru na sjajnoj organizaciji\u201c,<\/em> izjavio je dana\u0161nji pobjednik nakon prolaska kroz cilj.<\/p>\n\n\n\n<p>Drugoplasirani Alija Imamovi\u0107 je pohvalio Dra\u010dara, rekav\u0161i; \u201eIvan je danas fenomenalno otr\u010dao i mene je izvukao do drugog mjesta\u201c. &nbsp;<\/p>\n\n\n\n<p>Pohvalio je Imamovi\u0107 i organizaciju, sve je bilo na razini, staze su bile markirane, bilo je dovoljno okrijepnih stanica, no na vrijeme se nije moglo utjecati.<\/p>\n\n\n\n<p>\u201e<em>Danas je bilo pakleno, pakleni su bili uvjeti, pripremala se ki\u0161a \u010ditavo vrijeme, ali je nismo do\u010dekali da nas malo rashladi, stoga je bilo dosta te\u0161ko tr\u010dati. Te\u0161ko je posebno bilo po makadamskoj cesti koja je skoro pola trke\u201c, <\/em>svoje je dojmove podijelio Imamovi\u0107.<\/p>\n\n\n\n<p>Pro\u0161logodi\u0161nji pobjednik Andrej Vi\u0161tica danas se morao zadovoljiti tre\u0107im mjestom, a po ulasku u cilj voditelju Albertu Peharu koji ga je pitao za dojmove se po\u017ealio kako ga noge \u201enisu slu\u0161ale\u201c.<\/p>\n\n\n\n<p>\u201eUtrka je super, ja nisam ba\u0161 bio, nisu noge funkcionirale, ali \u010destitam ovom prvom dvojcu, i da su funkcionirale, ne bih ih stigao\u201c, izjavio je Vi\u0161tica kroz smijeh.<\/p>\n\n\n\n<iframe loading=\"lazy\" src=\"https:\/\/www.facebook.com\/plugins\/video.php?height=314&#038;href=https%3A%2F%2Fwww.facebook.com%2F168112865100%2Fvideos%2F330898772453754%2F&#038;show_text=false&#038;width=560&#038;t=0\" width=\"560\" height=\"314\" style=\"border:none;overflow:hidden\" scrolling=\"no\" frameborder=\"0\" allowfullscreen=\"true\" allow=\"autoplay; clipboard-write; encrypted-media; picture-in-picture; web-share\" allowFullScreen=\"true\"><\/iframe>\n\n\n\n<p>Ina\u010de, start polumaratona je bio kod vodopada &#8220;Ko\u0107u\u0161a&#8221; gdje su istom nazo\u010dili i ministar vanjskih i europskih poslova u Vladi RH Gordan Grli\u0107 Radman, zamjenik ministrice vanjskih poslova BiH Josip Brki\u0107, veleposlanik RH u BiH Ivan Saboli\u0107, ministar financija i dopredsjednik Vlade \u017dZH Toni Kraljevi\u0107 i gradona\u010delnik Ljubu\u0161kog Vedran Markoti\u0107. <\/p>\n\n\n\n<figure class=\"wp-block-embed is-type-wp-embed is-provider-radio-ljubuski wp-block-embed-radio-ljubuski\"><div class=\"wp-block-embed__wrapper\">\n<blockquote class=\"wp-embedded-content\" data-secret=\"PdwDfIshNm\"><a href=\"https:\/\/radioljubuski.ba\/index.php\/2022\/05\/28\/gordan-grlic-radman-i-josip-brkic-razgovarali-u-ljubuskom-o-europskom-putu-bih-audio\/\">Gordan Grli\u0107 Radman i Josip Brki\u0107 razgovarali u Ljubu\u0161kom o europskom putu BiH &#8211; audio<\/a><\/blockquote><iframe loading=\"lazy\" class=\"wp-embedded-content\" sandbox=\"allow-scripts\" security=\"restricted\" style=\"position: absolute; clip: rect(1px, 1px, 1px, 1px);\" title=\"&#8220;Gordan Grli\u0107 Radman i Josip Brki\u0107 razgovarali u Ljubu\u0161kom o europskom putu BiH &#8211; audio&#8221; &#8212;   RADIO LJUBU\u0160KI\" src=\"https:\/\/radioljubuski.ba\/index.php\/2022\/05\/28\/gordan-grlic-radman-i-josip-brkic-razgovarali-u-ljubuskom-o-europskom-putu-bih-audio\/embed\/#?secret=jYcEqxCNey#?secret=PdwDfIshNm\" data-secret=\"PdwDfIshNm\" width=\"600\" height=\"338\" frameborder=\"0\" marginwidth=\"0\" marginheight=\"0\" scrolling=\"no\"><\/iframe>\n<\/div><\/figure>\n\n\n\n<figure class=\"wp-block-embed is-type-wp-embed is-provider-radio-ljubuski wp-block-embed-radio-ljubuski\"><div class=\"wp-block-embed__wrapper\">\n<blockquote class=\"wp-embedded-content\" data-secret=\"6PTZdiRrMz\"><a href=\"https:\/\/radioljubuski.ba\/index.php\/2022\/05\/28\/ljof-gordan-grlic-radman-polumaratoncima-pozelio-sretnu-utrku\/\">LJOF: Gordan Grli\u0107 Radman polumaratoncima po\u017eelio sretnu utrku &#8211; audio<\/a><\/blockquote><iframe loading=\"lazy\" class=\"wp-embedded-content\" sandbox=\"allow-scripts\" security=\"restricted\" style=\"position: absolute; clip: rect(1px, 1px, 1px, 1px);\" title=\"&#8220;LJOF: Gordan Grli\u0107 Radman polumaratoncima po\u017eelio sretnu utrku &#8211; audio&#8221; &#8212;   RADIO LJUBU\u0160KI\" src=\"https:\/\/radioljubuski.ba\/index.php\/2022\/05\/28\/ljof-gordan-grlic-radman-polumaratoncima-pozelio-sretnu-utrku\/embed\/#?secret=gJJ9GgPgBc#?secret=6PTZdiRrMz\" data-secret=\"6PTZdiRrMz\" width=\"600\" height=\"338\" frameborder=\"0\" marginwidth=\"0\" marginheight=\"0\" scrolling=\"no\"><\/iframe>\n<\/div><\/figure>\n","protected":false},"excerpt":{"rendered":"<p>Ivan Dra\u010dar pobjednik je 2. polumaratona Dva slapa, koji se po sun\u010danom i sparnom vremenu danas tr\u010dao ulicama Ljubu\u0161kog te uz rijeku Trebi\u017eat. U cilj je utr\u010dao ispred Alije Imamovi\u0107a s kojim se &#8220;borio&#8221; dugi dio utrke, a za njima je kroz cilj protr\u010dao pro\u0161logodi\u0161nji pobjednik Andrej Vi\u0161tica. \u201eUtrka je bila dosta zanimljiva, ja i [&hellip;]<\/p>\n","protected":false},"author":2,"featured_media":144626,"comment_status":"closed","ping_status":"closed","sticky":false,"template":"","format":"standard","meta":{"h5ap_radio_sources":[],"footnotes":""},"categories":[3],"tags":[],"class_list":["post-144625","post","type-post","status-publish","format-standard","has-post-thumbnail","hentry","category-ljubuski"],"yoast_head":"<!-- This site is optimized with the Yoast SEO plugin v27.5 - https:\/\/yoast.com\/product\/yoast-seo-wordpress\/ -->\n<title>Ivan Dra\u010dar pobjednik 2. polumaratona &quot;Dva slapa&quot; - RADIO LJUBU\u0160KI<\/title>\n<meta name=\"robots\" content=\"index, follow, max-snippet:-1, max-image-preview:large, max-video-preview:-1\" \/>\n<link rel=\"canonical\" href=\"https:\/\/radioljubuski.ba\/index.php\/2022\/05\/28\/ivan-dracar-pobjednik-2-polumaratona-dva-slapa\/\" \/>\n<meta property=\"og:locale\" content=\"hr_HR\" \/>\n<meta property=\"og:type\" content=\"article\" \/>\n<meta property=\"og:title\" content=\"Ivan Dra\u010dar pobjednik 2. polumaratona &quot;Dva slapa&quot; - RADIO LJUBU\u0160KI\" \/>\n<meta property=\"og:description\" content=\"Ivan Dra\u010dar pobjednik je 2. polumaratona Dva slapa, koji se po sun\u010danom i sparnom vremenu danas tr\u010dao ulicama Ljubu\u0161kog te uz rijeku Trebi\u017eat. U cilj je utr\u010dao ispred Alije Imamovi\u0107a s kojim se &#8220;borio&#8221; dugi dio utrke, a za njima je kroz cilj protr\u010dao pro\u0161logodi\u0161nji pobjednik Andrej Vi\u0161tica. \u201eUtrka je bila dosta zanimljiva, ja i [&hellip;]\" \/>\n<meta property=\"og:url\" content=\"https:\/\/radioljubuski.ba\/index.php\/2022\/05\/28\/ivan-dracar-pobjednik-2-polumaratona-dva-slapa\/\" \/>\n<meta property=\"og:site_name\" content=\"RADIO LJUBU\u0160KI\" \/>\n<meta property=\"article:publisher\" content=\"https:\/\/www.facebook.com\/Radiio-Ljubuski-1490835324566332\" \/>\n<meta property=\"article:published_time\" content=\"2022-05-28T17:22:29+00:00\" \/>\n<meta property=\"article:modified_time\" content=\"2022-05-29T06:42:57+00:00\" \/>\n<meta property=\"og:image\" content=\"https:\/\/radioljubuski.ba\/wp-content\/uploads\/2022\/05\/dracar-imamovic.jpg\" \/>\n\t<meta property=\"og:image:width\" content=\"1290\" \/>\n\t<meta property=\"og:image:height\" content=\"817\" \/>\n\t<meta property=\"og:image:type\" content=\"image\/jpeg\" \/>\n<meta name=\"author\" content=\"Radio Ljubu\u0161ki\" \/>\n<meta name=\"twitter:card\" content=\"summary_large_image\" \/>\n<meta name=\"twitter:creator\" content=\"@radioljubuski\" \/>\n<meta name=\"twitter:site\" content=\"@radioljubuski\" \/>\n<meta name=\"twitter:label1\" content=\"Napisao\/la\" \/>\n\t<meta name=\"twitter:data1\" content=\"Radio Ljubu\u0161ki\" \/>\n\t<meta name=\"twitter:label2\" content=\"Procijenjeno vrijeme \u010ditanja\" \/>\n\t<meta name=\"twitter:data2\" content=\"2 minute\" \/>\n<script type=\"application\/ld+json\" class=\"yoast-schema-graph\">{\"@context\":\"https:\\\/\\\/schema.org\",\"@graph\":[{\"@type\":\"Article\",\"@id\":\"https:\\\/\\\/radioljubuski.ba\\\/index.php\\\/2022\\\/05\\\/28\\\/ivan-dracar-pobjednik-2-polumaratona-dva-slapa\\\/#article\",\"isPartOf\":{\"@id\":\"https:\\\/\\\/radioljubuski.ba\\\/index.php\\\/2022\\\/05\\\/28\\\/ivan-dracar-pobjednik-2-polumaratona-dva-slapa\\\/\"},\"author\":{\"name\":\"Radio Ljubu\u0161ki\",\"@id\":\"https:\\\/\\\/radioljubuski.ba\\\/#\\\/schema\\\/person\\\/19fc700381a780f69665d7956c469e3b\"},\"headline\":\"Ivan Dra\u010dar pobjednik 2. polumaratona &#8220;Dva slapa&#8221;\",\"datePublished\":\"2022-05-28T17:22:29+00:00\",\"dateModified\":\"2022-05-29T06:42:57+00:00\",\"mainEntityOfPage\":{\"@id\":\"https:\\\/\\\/radioljubuski.ba\\\/index.php\\\/2022\\\/05\\\/28\\\/ivan-dracar-pobjednik-2-polumaratona-dva-slapa\\\/\"},\"wordCount\":349,\"publisher\":{\"@id\":\"https:\\\/\\\/radioljubuski.ba\\\/#organization\"},\"image\":{\"@id\":\"https:\\\/\\\/radioljubuski.ba\\\/index.php\\\/2022\\\/05\\\/28\\\/ivan-dracar-pobjednik-2-polumaratona-dva-slapa\\\/#primaryimage\"},\"thumbnailUrl\":\"https:\\\/\\\/radioljubuski.ba\\\/wp-content\\\/uploads\\\/2022\\\/05\\\/dracar-imamovic.jpg\",\"articleSection\":[\"Ljubu\u0161ki\"],\"inLanguage\":\"hr\"},{\"@type\":\"WebPage\",\"@id\":\"https:\\\/\\\/radioljubuski.ba\\\/index.php\\\/2022\\\/05\\\/28\\\/ivan-dracar-pobjednik-2-polumaratona-dva-slapa\\\/\",\"url\":\"https:\\\/\\\/radioljubuski.ba\\\/index.php\\\/2022\\\/05\\\/28\\\/ivan-dracar-pobjednik-2-polumaratona-dva-slapa\\\/\",\"name\":\"Ivan Dra\u010dar pobjednik 2. polumaratona \\\"Dva slapa\\\" - RADIO LJUBU\u0160KI\",\"isPartOf\":{\"@id\":\"https:\\\/\\\/radioljubuski.ba\\\/#website\"},\"primaryImageOfPage\":{\"@id\":\"https:\\\/\\\/radioljubuski.ba\\\/index.php\\\/2022\\\/05\\\/28\\\/ivan-dracar-pobjednik-2-polumaratona-dva-slapa\\\/#primaryimage\"},\"image\":{\"@id\":\"https:\\\/\\\/radioljubuski.ba\\\/index.php\\\/2022\\\/05\\\/28\\\/ivan-dracar-pobjednik-2-polumaratona-dva-slapa\\\/#primaryimage\"},\"thumbnailUrl\":\"https:\\\/\\\/radioljubuski.ba\\\/wp-content\\\/uploads\\\/2022\\\/05\\\/dracar-imamovic.jpg\",\"datePublished\":\"2022-05-28T17:22:29+00:00\",\"dateModified\":\"2022-05-29T06:42:57+00:00\",\"breadcrumb\":{\"@id\":\"https:\\\/\\\/radioljubuski.ba\\\/index.php\\\/2022\\\/05\\\/28\\\/ivan-dracar-pobjednik-2-polumaratona-dva-slapa\\\/#breadcrumb\"},\"inLanguage\":\"hr\",\"potentialAction\":[{\"@type\":\"ReadAction\",\"target\":[\"https:\\\/\\\/radioljubuski.ba\\\/index.php\\\/2022\\\/05\\\/28\\\/ivan-dracar-pobjednik-2-polumaratona-dva-slapa\\\/\"]}]},{\"@type\":\"ImageObject\",\"inLanguage\":\"hr\",\"@id\":\"https:\\\/\\\/radioljubuski.ba\\\/index.php\\\/2022\\\/05\\\/28\\\/ivan-dracar-pobjednik-2-polumaratona-dva-slapa\\\/#primaryimage\",\"url\":\"https:\\\/\\\/radioljubuski.ba\\\/wp-content\\\/uploads\\\/2022\\\/05\\\/dracar-imamovic.jpg\",\"contentUrl\":\"https:\\\/\\\/radioljubuski.ba\\\/wp-content\\\/uploads\\\/2022\\\/05\\\/dracar-imamovic.jpg\",\"width\":1290,\"height\":817},{\"@type\":\"BreadcrumbList\",\"@id\":\"https:\\\/\\\/radioljubuski.ba\\\/index.php\\\/2022\\\/05\\\/28\\\/ivan-dracar-pobjednik-2-polumaratona-dva-slapa\\\/#breadcrumb\",\"itemListElement\":[{\"@type\":\"ListItem\",\"position\":1,\"name\":\"Po\u010detna stranica\",\"item\":\"https:\\\/\\\/radioljubuski.ba\\\/\"},{\"@type\":\"ListItem\",\"position\":2,\"name\":\"Ivan Dra\u010dar pobjednik 2. polumaratona &#8220;Dva slapa&#8221;\"}]},{\"@type\":\"WebSite\",\"@id\":\"https:\\\/\\\/radioljubuski.ba\\\/#website\",\"url\":\"https:\\\/\\\/radioljubuski.ba\\\/\",\"name\":\"Radio Ljubu\u0161ki\",\"description\":\"Sun\u010dana frekvencija Hercegovine\",\"publisher\":{\"@id\":\"https:\\\/\\\/radioljubuski.ba\\\/#organization\"},\"potentialAction\":[{\"@type\":\"SearchAction\",\"target\":{\"@type\":\"EntryPoint\",\"urlTemplate\":\"https:\\\/\\\/radioljubuski.ba\\\/?s={search_term_string}\"},\"query-input\":{\"@type\":\"PropertyValueSpecification\",\"valueRequired\":true,\"valueName\":\"search_term_string\"}}],\"inLanguage\":\"hr\"},{\"@type\":\"Organization\",\"@id\":\"https:\\\/\\\/radioljubuski.ba\\\/#organization\",\"name\":\"Radio Ljubu\u0161ki\",\"url\":\"https:\\\/\\\/radioljubuski.ba\\\/\",\"logo\":{\"@type\":\"ImageObject\",\"inLanguage\":\"hr\",\"@id\":\"https:\\\/\\\/radioljubuski.ba\\\/#\\\/schema\\\/logo\\\/image\\\/\",\"url\":\"https:\\\/\\\/radioljubuski.ba\\\/wp-content\\\/uploads\\\/2021\\\/02\\\/cropped-Radio_Ljubuski_logo1.jpg\",\"contentUrl\":\"https:\\\/\\\/radioljubuski.ba\\\/wp-content\\\/uploads\\\/2021\\\/02\\\/cropped-Radio_Ljubuski_logo1.jpg\",\"width\":512,\"height\":512,\"caption\":\"Radio Ljubu\u0161ki\"},\"image\":{\"@id\":\"https:\\\/\\\/radioljubuski.ba\\\/#\\\/schema\\\/logo\\\/image\\\/\"},\"sameAs\":[\"https:\\\/\\\/www.facebook.com\\\/Radiio-Ljubuski-1490835324566332\",\"https:\\\/\\\/x.com\\\/radioljubuski\",\"https:\\\/\\\/hr.linkedin.com\\\/company\\\/radio-ljubuski\",\"https:\\\/\\\/www.youtube.com\\\/channel\\\/UCHYaeO_n0Db3tjNGudGpXyw\"]},{\"@type\":\"Person\",\"@id\":\"https:\\\/\\\/radioljubuski.ba\\\/#\\\/schema\\\/person\\\/19fc700381a780f69665d7956c469e3b\",\"name\":\"Radio Ljubu\u0161ki\"}]}<\/script>\n<!-- \/ Yoast SEO plugin. -->","yoast_head_json":{"title":"Ivan Dra\u010dar pobjednik 2. polumaratona \"Dva slapa\" - RADIO LJUBU\u0160KI","robots":{"index":"index","follow":"follow","max-snippet":"max-snippet:-1","max-image-preview":"max-image-preview:large","max-video-preview":"max-video-preview:-1"},"canonical":"https:\/\/radioljubuski.ba\/index.php\/2022\/05\/28\/ivan-dracar-pobjednik-2-polumaratona-dva-slapa\/","og_locale":"hr_HR","og_type":"article","og_title":"Ivan Dra\u010dar pobjednik 2. polumaratona \"Dva slapa\" - RADIO LJUBU\u0160KI","og_description":"Ivan Dra\u010dar pobjednik je 2. polumaratona Dva slapa, koji se po sun\u010danom i sparnom vremenu danas tr\u010dao ulicama Ljubu\u0161kog te uz rijeku Trebi\u017eat. U cilj je utr\u010dao ispred Alije Imamovi\u0107a s kojim se &#8220;borio&#8221; dugi dio utrke, a za njima je kroz cilj protr\u010dao pro\u0161logodi\u0161nji pobjednik Andrej Vi\u0161tica. \u201eUtrka je bila dosta zanimljiva, ja i [&hellip;]","og_url":"https:\/\/radioljubuski.ba\/index.php\/2022\/05\/28\/ivan-dracar-pobjednik-2-polumaratona-dva-slapa\/","og_site_name":"RADIO LJUBU\u0160KI","article_publisher":"https:\/\/www.facebook.com\/Radiio-Ljubuski-1490835324566332","article_published_time":"2022-05-28T17:22:29+00:00","article_modified_time":"2022-05-29T06:42:57+00:00","og_image":[{"width":1290,"height":817,"url":"https:\/\/radioljubuski.ba\/wp-content\/uploads\/2022\/05\/dracar-imamovic.jpg","type":"image\/jpeg"}],"author":"Radio Ljubu\u0161ki","twitter_card":"summary_large_image","twitter_creator":"@radioljubuski","twitter_site":"@radioljubuski","twitter_misc":{"Napisao\/la":"Radio Ljubu\u0161ki","Procijenjeno vrijeme \u010ditanja":"2 minute"},"schema":{"@context":"https:\/\/schema.org","@graph":[{"@type":"Article","@id":"https:\/\/radioljubuski.ba\/index.php\/2022\/05\/28\/ivan-dracar-pobjednik-2-polumaratona-dva-slapa\/#article","isPartOf":{"@id":"https:\/\/radioljubuski.ba\/index.php\/2022\/05\/28\/ivan-dracar-pobjednik-2-polumaratona-dva-slapa\/"},"author":{"name":"Radio Ljubu\u0161ki","@id":"https:\/\/radioljubuski.ba\/#\/schema\/person\/19fc700381a780f69665d7956c469e3b"},"headline":"Ivan Dra\u010dar pobjednik 2. polumaratona &#8220;Dva slapa&#8221;","datePublished":"2022-05-28T17:22:29+00:00","dateModified":"2022-05-29T06:42:57+00:00","mainEntityOfPage":{"@id":"https:\/\/radioljubuski.ba\/index.php\/2022\/05\/28\/ivan-dracar-pobjednik-2-polumaratona-dva-slapa\/"},"wordCount":349,"publisher":{"@id":"https:\/\/radioljubuski.ba\/#organization"},"image":{"@id":"https:\/\/radioljubuski.ba\/index.php\/2022\/05\/28\/ivan-dracar-pobjednik-2-polumaratona-dva-slapa\/#primaryimage"},"thumbnailUrl":"https:\/\/radioljubuski.ba\/wp-content\/uploads\/2022\/05\/dracar-imamovic.jpg","articleSection":["Ljubu\u0161ki"],"inLanguage":"hr"},{"@type":"WebPage","@id":"https:\/\/radioljubuski.ba\/index.php\/2022\/05\/28\/ivan-dracar-pobjednik-2-polumaratona-dva-slapa\/","url":"https:\/\/radioljubuski.ba\/index.php\/2022\/05\/28\/ivan-dracar-pobjednik-2-polumaratona-dva-slapa\/","name":"Ivan Dra\u010dar pobjednik 2. polumaratona \"Dva slapa\" - RADIO LJUBU\u0160KI","isPartOf":{"@id":"https:\/\/radioljubuski.ba\/#website"},"primaryImageOfPage":{"@id":"https:\/\/radioljubuski.ba\/index.php\/2022\/05\/28\/ivan-dracar-pobjednik-2-polumaratona-dva-slapa\/#primaryimage"},"image":{"@id":"https:\/\/radioljubuski.ba\/index.php\/2022\/05\/28\/ivan-dracar-pobjednik-2-polumaratona-dva-slapa\/#primaryimage"},"thumbnailUrl":"https:\/\/radioljubuski.ba\/wp-content\/uploads\/2022\/05\/dracar-imamovic.jpg","datePublished":"2022-05-28T17:22:29+00:00","dateModified":"2022-05-29T06:42:57+00:00","breadcrumb":{"@id":"https:\/\/radioljubuski.ba\/index.php\/2022\/05\/28\/ivan-dracar-pobjednik-2-polumaratona-dva-slapa\/#breadcrumb"},"inLanguage":"hr","potentialAction":[{"@type":"ReadAction","target":["https:\/\/radioljubuski.ba\/index.php\/2022\/05\/28\/ivan-dracar-pobjednik-2-polumaratona-dva-slapa\/"]}]},{"@type":"ImageObject","inLanguage":"hr","@id":"https:\/\/radioljubuski.ba\/index.php\/2022\/05\/28\/ivan-dracar-pobjednik-2-polumaratona-dva-slapa\/#primaryimage","url":"https:\/\/radioljubuski.ba\/wp-content\/uploads\/2022\/05\/dracar-imamovic.jpg","contentUrl":"https:\/\/radioljubuski.ba\/wp-content\/uploads\/2022\/05\/dracar-imamovic.jpg","width":1290,"height":817},{"@type":"BreadcrumbList","@id":"https:\/\/radioljubuski.ba\/index.php\/2022\/05\/28\/ivan-dracar-pobjednik-2-polumaratona-dva-slapa\/#breadcrumb","itemListElement":[{"@type":"ListItem","position":1,"name":"Po\u010detna stranica","item":"https:\/\/radioljubuski.ba\/"},{"@type":"ListItem","position":2,"name":"Ivan Dra\u010dar pobjednik 2. polumaratona &#8220;Dva slapa&#8221;"}]},{"@type":"WebSite","@id":"https:\/\/radioljubuski.ba\/#website","url":"https:\/\/radioljubuski.ba\/","name":"Radio Ljubu\u0161ki","description":"Sun\u010dana frekvencija Hercegovine","publisher":{"@id":"https:\/\/radioljubuski.ba\/#organization"},"potentialAction":[{"@type":"SearchAction","target":{"@type":"EntryPoint","urlTemplate":"https:\/\/radioljubuski.ba\/?s={search_term_string}"},"query-input":{"@type":"PropertyValueSpecification","valueRequired":true,"valueName":"search_term_string"}}],"inLanguage":"hr"},{"@type":"Organization","@id":"https:\/\/radioljubuski.ba\/#organization","name":"Radio Ljubu\u0161ki","url":"https:\/\/radioljubuski.ba\/","logo":{"@type":"ImageObject","inLanguage":"hr","@id":"https:\/\/radioljubuski.ba\/#\/schema\/logo\/image\/","url":"https:\/\/radioljubuski.ba\/wp-content\/uploads\/2021\/02\/cropped-Radio_Ljubuski_logo1.jpg","contentUrl":"https:\/\/radioljubuski.ba\/wp-content\/uploads\/2021\/02\/cropped-Radio_Ljubuski_logo1.jpg","width":512,"height":512,"caption":"Radio Ljubu\u0161ki"},"image":{"@id":"https:\/\/radioljubuski.ba\/#\/schema\/logo\/image\/"},"sameAs":["https:\/\/www.facebook.com\/Radiio-Ljubuski-1490835324566332","https:\/\/x.com\/radioljubuski","https:\/\/hr.linkedin.com\/company\/radio-ljubuski","https:\/\/www.youtube.com\/channel\/UCHYaeO_n0Db3tjNGudGpXyw"]},{"@type":"Person","@id":"https:\/\/radioljubuski.ba\/#\/schema\/person\/19fc700381a780f69665d7956c469e3b","name":"Radio Ljubu\u0161ki"}]}},"_links":{"self":[{"href":"https:\/\/radioljubuski.ba\/index.php\/wp-json\/wp\/v2\/posts\/144625","targetHints":{"allow":["GET"]}}],"collection":[{"href":"https:\/\/radioljubuski.ba\/index.php\/wp-json\/wp\/v2\/posts"}],"about":[{"href":"https:\/\/radioljubuski.ba\/index.php\/wp-json\/wp\/v2\/types\/post"}],"author":[{"embeddable":true,"href":"https:\/\/radioljubuski.ba\/index.php\/wp-json\/wp\/v2\/users\/2"}],"replies":[{"embeddable":true,"href":"https:\/\/radioljubuski.ba\/index.php\/wp-json\/wp\/v2\/comments?post=144625"}],"version-history":[{"count":5,"href":"https:\/\/radioljubuski.ba\/index.php\/wp-json\/wp\/v2\/posts\/144625\/revisions"}],"predecessor-version":[{"id":144638,"href":"https:\/\/radioljubuski.ba\/index.php\/wp-json\/wp\/v2\/posts\/144625\/revisions\/144638"}],"wp:featuredmedia":[{"embeddable":true,"href":"https:\/\/radioljubuski.ba\/index.php\/wp-json\/wp\/v2\/media\/144626"}],"wp:attachment":[{"href":"https:\/\/radioljubuski.ba\/index.php\/wp-json\/wp\/v2\/media?parent=144625"}],"wp:term":[{"taxonomy":"category","embeddable":true,"href":"https:\/\/radioljubuski.ba\/index.php\/wp-json\/wp\/v2\/categories?post=144625"},{"taxonomy":"post_tag","embeddable":true,"href":"https:\/\/radioljubuski.ba\/index.php\/wp-json\/wp\/v2\/tags?post=144625"}],"curies":[{"name":"wp","href":"https:\/\/api.w.org\/{rel}","templated":true}]}}