{"id":144640,"date":"2022-05-29T09:48:30","date_gmt":"2022-05-29T08:48:30","guid":{"rendered":"https:\/\/radioljubuski.ba\/?p=144640"},"modified":"2022-08-09T14:09:18","modified_gmt":"2022-08-09T13:09:18","slug":"trkacki-dio-ljof-a-sjajna-turisticka-razglednica-ljubuskog-audio-foto-i-video","status":"publish","type":"post","link":"https:\/\/radioljubuski.ba\/index.php\/2022\/05\/29\/trkacki-dio-ljof-a-sjajna-turisticka-razglednica-ljubuskog-audio-foto-i-video\/","title":{"rendered":"Trka\u010dki dio LJOF-a: Sjajna \u201cturisti\u010dka razglednica\u201d Ljubu\u0161kog &#8211; audio, foto i video"},"content":{"rendered":"\n<p>Dvjestotinjak zaljubljenika u tr\u010danje, \u0161to profesionalaca \u0161to rekreativaca iz \u010ditave regije okupilo se ju\u010der u Ljubu\u0161kom na drugom izdanju LJOF-a koji im je ponudio dvije distance, Ljubu\u0161ku desetku Scunasticus u du\u017eini od 10,4 kilometara te polumaratonsku utrku Dva slapa (21,1 km).<\/p>\n\n\n\n<p>Polumaratonci su startali kod \u017eivopisnog krajolika uz vodopad Ko\u0107u\u0161u, a tamo im se prije starta obratio i po\u017eelio sretnu utrku ministar vanjskih i europskih poslova u Vladi RH Gordan Grli\u0107 Radman.<\/p>\n\n\n\n<figure class=\"wp-block-image\"><img decoding=\"async\" src=\"https:\/\/radioljubuski.ba\/wp-content\/uploads\/2022\/05\/281743303_10160444737435101_8397204552449830201_n.jpg\" alt=\"\"\/><\/figure>\n\n\n\n<p>Tr\u010dali su polumaratonci prvom polovicom staze uz rijeku Trebi\u017eat, nasipom \u201eBajer\u201c kroz Ljubu\u0161ko polje, a potom kroz urbani dio Ljubu\u0161kog sve do cilja na vodopadu Kravica. <\/p>\n\n\n\n<p>Prvi je kroz cilj protr\u010dao Imo\u0107anin Ivan Dra\u010dar s vremenom 1:12:52, bilo je zanimljivo vidjeti kako ga publika pljeskom do\u010dekuje na cilju, a par minuta kasnije dotr\u010dao je i Alija Imamovi\u0107. Kada je Imamovi\u0107 protr\u010dao pored vozila sa satom koje je stajalo na cilju, vrijeme je pokazivalo 1:15:39. Tre\u0107i je bio Andrej Vi\u0161tica, pro\u0161logodi\u0161nji pobjednik, on je istr\u010dao ovu dionicu za 1:17:47, a doma\u0107a publika ga je do\u010dekala aplauzima i ovacijama.<\/p>\n\n\n\n<p>U \u017eenskoj konkurenciji u polumaratonu prva je bila Zoe Hamel s vremenom 1:30:52, iza nje je u cilj utr\u010dala Dijana Man\u0111eralo s vremenom 1:36:39, a broncu je pokupila Sandra Gangloff (1:43:44).<\/p>\n\n\n\n<p>Polumaratonsku utrku zavr\u0161ilo je 95 trka\u010da.<\/p>\n\n\n\n<p>Program na cilju je bio na razini, voditelj Albert Pehar je zaustavljao trka\u010de i pitao ih za dojmove, volonteri su dijelili medalje i okrijepu za trka\u010de, a GSS-ovci su bili spremni ako bude trebalo intervenirati. <\/p>\n\n\n\n<p>Publika je pljeskom bodrila sve trka\u010de koji su stizali na cilj, a to je posebno puno zna\u010dilo onima koji su tr\u010dali &#8220;Desetku&#8221; koja je vi\u0161e bila namijenjena za rekreativne trka\u010de i bila je puna emocija. <\/p>\n\n\n\n<p>Zavr\u0161ilo ju je 105 trka\u010da, nekima je ovo bio i prvi trka\u010dki event, mogao se kod fini\u0161era vidjeti ponos na licu zbog istr\u010dane utrke, \u017eene su na cilju do\u010dekivale mu\u017eeve i obrnuto, prijatelji su bodrili jedni druge, bilo je tu puno zagrljaja i \u010destitanja.<\/p>\n\n\n\n<p>U mu\u0161koj konkurenciji &#8220;Desetke&#8221; prvi je bio Belmin Mrkanovi\u0107 (35:15), drugi Uros Gutic (35:28) a tre\u0107i je kroz cilj protr\u010dao D\u017eemal Bukvi\u0107 (38:47). U \u017eenskoj konkurenciji prvih troje su bili; Irma Kristi\u0107 (45:27)&nbsp; Naomi Man\u0111eralo (47:45), te Monika Vi\u0161tica (53:22).<\/p>\n\n\n\n<p>Ono \u0161to je karakteristi\u010dno za trke u Ljubu\u0161kom je da je sve trka\u010de \u201emorila\u201c vru\u0107ina. \u201eBilo je pakleno\u201c, prokomentirao je kasnije novinarima Alija Imamovi\u0107, a i doma\u0107a Monika Vi\u0161tica istaknula je kako je ba\u0161 bilo prevru\u0107e, trka je ovo koja uistinu zahtjeva velik fizi\u010dki napor.  <\/p>\n\n\n\n<p>\u201eIako se trenira na ovakvim vru\u0107inama, barem ja tako treniram, ipak je ovo Hercegovina i Ljubu\u0161ki, ima dosta sunca, danas je ba\u0161 bilo vru\u0107e\u201c, prokomentirala je Monika Vi\u0161tica. <\/p>\n\n\n\n<p>Organizatori su zato diljem staze postavili okrijepne stanice, volonteri su pratili trka\u010de, biciklisti tako\u0111er, na pojedinim mjestima bili su postavljeni i improvizirani tu\u0161evi kako bi se trka\u010di malo rashladili. <\/p>\n\n\n\n<p>Upravo stoga se svi trka\u010di s kojima smo razgovarali sla\u017eu u jednom &#8211; organizacija je bila sjajna. <\/p>\n\n\n\n<p>Imao je razloga za zadovoljstvo Vladimir Pokraj\u010di\u0107, trener u Hrvatskom atletskom klubu Ljubu\u0161ki, klubu koji je iznio ovaj doga\u0111aj.<\/p>\n\n\n\n<p>\u201eSada kada je gotovo, s velikim uzbu\u0111enjem i velikom rado\u0161\u0107u mogu se osvrnuti na sve i re\u0107i da smo prezadovoljni. Sve je proteklo u najboljem redu. Nismo imali nikakvih posebnih intervencija. Svi trka\u010di su u\u0161li u cilj. Konkurencija je bila jako dobra u obje utrke, dobili smo \u0161to smo htjeli, a to je da dobijemo na kvaliteti\u201c, prokomentirao je za Radio Ljubu\u0161ki.<\/p>\n\n\n\n<p>Nakon trka\u010dkog dijela programa, uslijedila je dodjela nagrada, a na platou iznad Kravice i zabavni program, svi posjetitelji su mogli u\u017eivati uz svirke \u201cZostera i \u201cNoa&amp;Funk blasters\u201d<\/p>\n\n\n\n<p>Cilj Ljubu\u0161kog Outdoor Festivala je popularizirati sportove na otvorenom i u prirodi, te istovremeno povezati i revitalizirati kulturno, povijesnu i prirodnu ba\u0161tinu uz natjecateljske rute, a zadovoljstvo trka\u010da koji su ju\u010der sa svih strana stigli u Ljubu\u0161ki ukazuje da je LJOF sjajna \u201cturisti\u010dka razglednica\u201d na\u0161eg grada. <\/p>\n\n\n\n<p>Za one koji nisu tr\u010dali, bilo je puno popratnih zabavnih sadr\u017eaja, djeca su se ljuljala i penjala, u\u010dili su kako rukovati lukom i strijelom, plesali, na ve\u010dernji koncert stiglo je ljudi iz \u010ditave Hercegovine. <\/p>\n\n\n\n<p>Osim promocije sporta i zdravog na\u010dina \u017eivota, kroz ovaj festival nastoji se promovirati i razvoj aktivnog destinacijskog turizma ne samo u Ljubu\u0161kom&nbsp; i u ostalim sredinama u Bosni i Hercegovini. <\/p>\n\n\n\n<p>Poslu\u0161ajte \u0161to smo snimili ju\u010der<\/p>\n\n\n\n<iframe src=\"https:\/\/drive.google.com\/file\/d\/1VAXUgh0-eigLCbS-ACdWDpkTnBXjHkM1\/preview\" style=\"width: 100%; height: 100px;\"><\/iframe>\n\n\n\n<iframe loading=\"lazy\" src=\"https:\/\/www.facebook.com\/plugins\/video.php?height=314&#038;href=https%3A%2F%2Fwww.facebook.com%2F168112865100%2Fvideos%2F330898772453754%2F&#038;show_text=false&#038;width=560&#038;t=0\" width=\"560\" height=\"314\" style=\"border:none;overflow:hidden\" scrolling=\"no\" frameborder=\"0\" allowfullscreen=\"true\" allow=\"autoplay; clipboard-write; encrypted-media; picture-in-picture; web-share\" allowFullScreen=\"true\"><\/iframe>\n\n\n\n<p>Kako je sve izgledalo na fotografijama  pogledajte <a href=\"https:\/\/www.facebook.com\/permalink.php?story_fbid=pfbid04vL68BnnA7cyvLB48sBvGXpi6apcSTjcXqhqV4NWaGxhf3AgUtLJbLBvEhJRi3Uol&amp;id=168112865100\">OVDJE<\/a><\/p>\n\n\n\n<p><strong>Gordana Ili\u0107 \/ Ivan Herceg \/ Radio Ljubu\u0161ki<\/strong><\/p>\n","protected":false},"excerpt":{"rendered":"<p>Dvjestotinjak zaljubljenika u tr\u010danje, \u0161to profesionalaca \u0161to rekreativaca iz \u010ditave regije okupilo se ju\u010der u Ljubu\u0161kom na drugom izdanju LJOF-a koji im je ponudio dvije distance, Ljubu\u0161ku desetku Scunasticus u du\u017eini od 10,4 kilometara te polumaratonsku utrku Dva slapa (21,1 km). Polumaratonci su startali kod \u017eivopisnog krajolika uz vodopad Ko\u0107u\u0161u, a tamo im se prije [&hellip;]<\/p>\n","protected":false},"author":2,"featured_media":144641,"comment_status":"closed","ping_status":"closed","sticky":false,"template":"","format":"standard","meta":{"h5ap_radio_sources":[],"footnotes":""},"categories":[8],"tags":[],"class_list":["post-144640","post","type-post","status-publish","format-standard","has-post-thumbnail","hentry","category-rlj-audio"],"yoast_head":"<!-- This site is optimized with the Yoast SEO plugin v27.5 - https:\/\/yoast.com\/product\/yoast-seo-wordpress\/ -->\n<title>Trka\u010dki dio LJOF-a: Sjajna \u201cturisti\u010dka razglednica\u201d Ljubu\u0161kog - audio, foto i video - RADIO LJUBU\u0160KI<\/title>\n<meta name=\"robots\" content=\"index, follow, max-snippet:-1, max-image-preview:large, max-video-preview:-1\" \/>\n<link rel=\"canonical\" href=\"https:\/\/radioljubuski.ba\/index.php\/2022\/05\/29\/trkacki-dio-ljof-a-sjajna-turisticka-razglednica-ljubuskog-audio-foto-i-video\/\" \/>\n<meta property=\"og:locale\" content=\"hr_HR\" \/>\n<meta property=\"og:type\" content=\"article\" \/>\n<meta property=\"og:title\" content=\"Trka\u010dki dio LJOF-a: Sjajna \u201cturisti\u010dka razglednica\u201d Ljubu\u0161kog - audio, foto i video - RADIO LJUBU\u0160KI\" \/>\n<meta property=\"og:description\" content=\"Dvjestotinjak zaljubljenika u tr\u010danje, \u0161to profesionalaca \u0161to rekreativaca iz \u010ditave regije okupilo se ju\u010der u Ljubu\u0161kom na drugom izdanju LJOF-a koji im je ponudio dvije distance, Ljubu\u0161ku desetku Scunasticus u du\u017eini od 10,4 kilometara te polumaratonsku utrku Dva slapa (21,1 km). Polumaratonci su startali kod \u017eivopisnog krajolika uz vodopad Ko\u0107u\u0161u, a tamo im se prije [&hellip;]\" \/>\n<meta property=\"og:url\" content=\"https:\/\/radioljubuski.ba\/index.php\/2022\/05\/29\/trkacki-dio-ljof-a-sjajna-turisticka-razglednica-ljubuskog-audio-foto-i-video\/\" \/>\n<meta property=\"og:site_name\" content=\"RADIO LJUBU\u0160KI\" \/>\n<meta property=\"article:publisher\" content=\"https:\/\/www.facebook.com\/Radiio-Ljubuski-1490835324566332\" \/>\n<meta property=\"article:published_time\" content=\"2022-05-29T08:48:30+00:00\" \/>\n<meta property=\"article:modified_time\" content=\"2022-08-09T13:09:18+00:00\" \/>\n<meta property=\"og:image\" content=\"https:\/\/radioljubuski.ba\/wp-content\/uploads\/2022\/05\/dracar1.jpg\" \/>\n\t<meta property=\"og:image:width\" content=\"1365\" \/>\n\t<meta property=\"og:image:height\" content=\"2048\" \/>\n\t<meta property=\"og:image:type\" content=\"image\/jpeg\" \/>\n<meta name=\"author\" content=\"Radio Ljubu\u0161ki\" \/>\n<meta name=\"twitter:card\" content=\"summary_large_image\" \/>\n<meta name=\"twitter:creator\" content=\"@radioljubuski\" \/>\n<meta name=\"twitter:site\" content=\"@radioljubuski\" \/>\n<meta name=\"twitter:label1\" content=\"Napisao\/la\" \/>\n\t<meta name=\"twitter:data1\" content=\"Radio Ljubu\u0161ki\" \/>\n\t<meta name=\"twitter:label2\" content=\"Procijenjeno vrijeme \u010ditanja\" \/>\n\t<meta name=\"twitter:data2\" content=\"4 minute\" \/>\n<script type=\"application\/ld+json\" class=\"yoast-schema-graph\">{\"@context\":\"https:\\\/\\\/schema.org\",\"@graph\":[{\"@type\":\"Article\",\"@id\":\"https:\\\/\\\/radioljubuski.ba\\\/index.php\\\/2022\\\/05\\\/29\\\/trkacki-dio-ljof-a-sjajna-turisticka-razglednica-ljubuskog-audio-foto-i-video\\\/#article\",\"isPartOf\":{\"@id\":\"https:\\\/\\\/radioljubuski.ba\\\/index.php\\\/2022\\\/05\\\/29\\\/trkacki-dio-ljof-a-sjajna-turisticka-razglednica-ljubuskog-audio-foto-i-video\\\/\"},\"author\":{\"name\":\"Radio Ljubu\u0161ki\",\"@id\":\"https:\\\/\\\/radioljubuski.ba\\\/#\\\/schema\\\/person\\\/19fc700381a780f69665d7956c469e3b\"},\"headline\":\"Trka\u010dki dio LJOF-a: Sjajna \u201cturisti\u010dka razglednica\u201d Ljubu\u0161kog &#8211; audio, foto i video\",\"datePublished\":\"2022-05-29T08:48:30+00:00\",\"dateModified\":\"2022-08-09T13:09:18+00:00\",\"mainEntityOfPage\":{\"@id\":\"https:\\\/\\\/radioljubuski.ba\\\/index.php\\\/2022\\\/05\\\/29\\\/trkacki-dio-ljof-a-sjajna-turisticka-razglednica-ljubuskog-audio-foto-i-video\\\/\"},\"wordCount\":813,\"publisher\":{\"@id\":\"https:\\\/\\\/radioljubuski.ba\\\/#organization\"},\"image\":{\"@id\":\"https:\\\/\\\/radioljubuski.ba\\\/index.php\\\/2022\\\/05\\\/29\\\/trkacki-dio-ljof-a-sjajna-turisticka-razglednica-ljubuskog-audio-foto-i-video\\\/#primaryimage\"},\"thumbnailUrl\":\"https:\\\/\\\/radioljubuski.ba\\\/wp-content\\\/uploads\\\/2022\\\/05\\\/dracar1.jpg\",\"articleSection\":[\"RLJ Audio\"],\"inLanguage\":\"hr\"},{\"@type\":\"WebPage\",\"@id\":\"https:\\\/\\\/radioljubuski.ba\\\/index.php\\\/2022\\\/05\\\/29\\\/trkacki-dio-ljof-a-sjajna-turisticka-razglednica-ljubuskog-audio-foto-i-video\\\/\",\"url\":\"https:\\\/\\\/radioljubuski.ba\\\/index.php\\\/2022\\\/05\\\/29\\\/trkacki-dio-ljof-a-sjajna-turisticka-razglednica-ljubuskog-audio-foto-i-video\\\/\",\"name\":\"Trka\u010dki dio LJOF-a: Sjajna \u201cturisti\u010dka razglednica\u201d Ljubu\u0161kog - audio, foto i video - RADIO LJUBU\u0160KI\",\"isPartOf\":{\"@id\":\"https:\\\/\\\/radioljubuski.ba\\\/#website\"},\"primaryImageOfPage\":{\"@id\":\"https:\\\/\\\/radioljubuski.ba\\\/index.php\\\/2022\\\/05\\\/29\\\/trkacki-dio-ljof-a-sjajna-turisticka-razglednica-ljubuskog-audio-foto-i-video\\\/#primaryimage\"},\"image\":{\"@id\":\"https:\\\/\\\/radioljubuski.ba\\\/index.php\\\/2022\\\/05\\\/29\\\/trkacki-dio-ljof-a-sjajna-turisticka-razglednica-ljubuskog-audio-foto-i-video\\\/#primaryimage\"},\"thumbnailUrl\":\"https:\\\/\\\/radioljubuski.ba\\\/wp-content\\\/uploads\\\/2022\\\/05\\\/dracar1.jpg\",\"datePublished\":\"2022-05-29T08:48:30+00:00\",\"dateModified\":\"2022-08-09T13:09:18+00:00\",\"breadcrumb\":{\"@id\":\"https:\\\/\\\/radioljubuski.ba\\\/index.php\\\/2022\\\/05\\\/29\\\/trkacki-dio-ljof-a-sjajna-turisticka-razglednica-ljubuskog-audio-foto-i-video\\\/#breadcrumb\"},\"inLanguage\":\"hr\",\"potentialAction\":[{\"@type\":\"ReadAction\",\"target\":[\"https:\\\/\\\/radioljubuski.ba\\\/index.php\\\/2022\\\/05\\\/29\\\/trkacki-dio-ljof-a-sjajna-turisticka-razglednica-ljubuskog-audio-foto-i-video\\\/\"]}]},{\"@type\":\"ImageObject\",\"inLanguage\":\"hr\",\"@id\":\"https:\\\/\\\/radioljubuski.ba\\\/index.php\\\/2022\\\/05\\\/29\\\/trkacki-dio-ljof-a-sjajna-turisticka-razglednica-ljubuskog-audio-foto-i-video\\\/#primaryimage\",\"url\":\"https:\\\/\\\/radioljubuski.ba\\\/wp-content\\\/uploads\\\/2022\\\/05\\\/dracar1.jpg\",\"contentUrl\":\"https:\\\/\\\/radioljubuski.ba\\\/wp-content\\\/uploads\\\/2022\\\/05\\\/dracar1.jpg\",\"width\":1365,\"height\":2048},{\"@type\":\"BreadcrumbList\",\"@id\":\"https:\\\/\\\/radioljubuski.ba\\\/index.php\\\/2022\\\/05\\\/29\\\/trkacki-dio-ljof-a-sjajna-turisticka-razglednica-ljubuskog-audio-foto-i-video\\\/#breadcrumb\",\"itemListElement\":[{\"@type\":\"ListItem\",\"position\":1,\"name\":\"Po\u010detna stranica\",\"item\":\"https:\\\/\\\/radioljubuski.ba\\\/\"},{\"@type\":\"ListItem\",\"position\":2,\"name\":\"Trka\u010dki dio LJOF-a: Sjajna \u201cturisti\u010dka razglednica\u201d Ljubu\u0161kog &#8211; audio, foto i video\"}]},{\"@type\":\"WebSite\",\"@id\":\"https:\\\/\\\/radioljubuski.ba\\\/#website\",\"url\":\"https:\\\/\\\/radioljubuski.ba\\\/\",\"name\":\"Radio Ljubu\u0161ki\",\"description\":\"Sun\u010dana frekvencija Hercegovine\",\"publisher\":{\"@id\":\"https:\\\/\\\/radioljubuski.ba\\\/#organization\"},\"potentialAction\":[{\"@type\":\"SearchAction\",\"target\":{\"@type\":\"EntryPoint\",\"urlTemplate\":\"https:\\\/\\\/radioljubuski.ba\\\/?s={search_term_string}\"},\"query-input\":{\"@type\":\"PropertyValueSpecification\",\"valueRequired\":true,\"valueName\":\"search_term_string\"}}],\"inLanguage\":\"hr\"},{\"@type\":\"Organization\",\"@id\":\"https:\\\/\\\/radioljubuski.ba\\\/#organization\",\"name\":\"Radio Ljubu\u0161ki\",\"url\":\"https:\\\/\\\/radioljubuski.ba\\\/\",\"logo\":{\"@type\":\"ImageObject\",\"inLanguage\":\"hr\",\"@id\":\"https:\\\/\\\/radioljubuski.ba\\\/#\\\/schema\\\/logo\\\/image\\\/\",\"url\":\"https:\\\/\\\/radioljubuski.ba\\\/wp-content\\\/uploads\\\/2021\\\/02\\\/cropped-Radio_Ljubuski_logo1.jpg\",\"contentUrl\":\"https:\\\/\\\/radioljubuski.ba\\\/wp-content\\\/uploads\\\/2021\\\/02\\\/cropped-Radio_Ljubuski_logo1.jpg\",\"width\":512,\"height\":512,\"caption\":\"Radio Ljubu\u0161ki\"},\"image\":{\"@id\":\"https:\\\/\\\/radioljubuski.ba\\\/#\\\/schema\\\/logo\\\/image\\\/\"},\"sameAs\":[\"https:\\\/\\\/www.facebook.com\\\/Radiio-Ljubuski-1490835324566332\",\"https:\\\/\\\/x.com\\\/radioljubuski\",\"https:\\\/\\\/hr.linkedin.com\\\/company\\\/radio-ljubuski\",\"https:\\\/\\\/www.youtube.com\\\/channel\\\/UCHYaeO_n0Db3tjNGudGpXyw\"]},{\"@type\":\"Person\",\"@id\":\"https:\\\/\\\/radioljubuski.ba\\\/#\\\/schema\\\/person\\\/19fc700381a780f69665d7956c469e3b\",\"name\":\"Radio Ljubu\u0161ki\"}]}<\/script>\n<!-- \/ Yoast SEO plugin. -->","yoast_head_json":{"title":"Trka\u010dki dio LJOF-a: Sjajna \u201cturisti\u010dka razglednica\u201d Ljubu\u0161kog - audio, foto i video - RADIO LJUBU\u0160KI","robots":{"index":"index","follow":"follow","max-snippet":"max-snippet:-1","max-image-preview":"max-image-preview:large","max-video-preview":"max-video-preview:-1"},"canonical":"https:\/\/radioljubuski.ba\/index.php\/2022\/05\/29\/trkacki-dio-ljof-a-sjajna-turisticka-razglednica-ljubuskog-audio-foto-i-video\/","og_locale":"hr_HR","og_type":"article","og_title":"Trka\u010dki dio LJOF-a: Sjajna \u201cturisti\u010dka razglednica\u201d Ljubu\u0161kog - audio, foto i video - RADIO LJUBU\u0160KI","og_description":"Dvjestotinjak zaljubljenika u tr\u010danje, \u0161to profesionalaca \u0161to rekreativaca iz \u010ditave regije okupilo se ju\u010der u Ljubu\u0161kom na drugom izdanju LJOF-a koji im je ponudio dvije distance, Ljubu\u0161ku desetku Scunasticus u du\u017eini od 10,4 kilometara te polumaratonsku utrku Dva slapa (21,1 km). Polumaratonci su startali kod \u017eivopisnog krajolika uz vodopad Ko\u0107u\u0161u, a tamo im se prije [&hellip;]","og_url":"https:\/\/radioljubuski.ba\/index.php\/2022\/05\/29\/trkacki-dio-ljof-a-sjajna-turisticka-razglednica-ljubuskog-audio-foto-i-video\/","og_site_name":"RADIO LJUBU\u0160KI","article_publisher":"https:\/\/www.facebook.com\/Radiio-Ljubuski-1490835324566332","article_published_time":"2022-05-29T08:48:30+00:00","article_modified_time":"2022-08-09T13:09:18+00:00","og_image":[{"width":1365,"height":2048,"url":"https:\/\/radioljubuski.ba\/wp-content\/uploads\/2022\/05\/dracar1.jpg","type":"image\/jpeg"}],"author":"Radio Ljubu\u0161ki","twitter_card":"summary_large_image","twitter_creator":"@radioljubuski","twitter_site":"@radioljubuski","twitter_misc":{"Napisao\/la":"Radio Ljubu\u0161ki","Procijenjeno vrijeme \u010ditanja":"4 minute"},"schema":{"@context":"https:\/\/schema.org","@graph":[{"@type":"Article","@id":"https:\/\/radioljubuski.ba\/index.php\/2022\/05\/29\/trkacki-dio-ljof-a-sjajna-turisticka-razglednica-ljubuskog-audio-foto-i-video\/#article","isPartOf":{"@id":"https:\/\/radioljubuski.ba\/index.php\/2022\/05\/29\/trkacki-dio-ljof-a-sjajna-turisticka-razglednica-ljubuskog-audio-foto-i-video\/"},"author":{"name":"Radio Ljubu\u0161ki","@id":"https:\/\/radioljubuski.ba\/#\/schema\/person\/19fc700381a780f69665d7956c469e3b"},"headline":"Trka\u010dki dio LJOF-a: Sjajna \u201cturisti\u010dka razglednica\u201d Ljubu\u0161kog &#8211; audio, foto i video","datePublished":"2022-05-29T08:48:30+00:00","dateModified":"2022-08-09T13:09:18+00:00","mainEntityOfPage":{"@id":"https:\/\/radioljubuski.ba\/index.php\/2022\/05\/29\/trkacki-dio-ljof-a-sjajna-turisticka-razglednica-ljubuskog-audio-foto-i-video\/"},"wordCount":813,"publisher":{"@id":"https:\/\/radioljubuski.ba\/#organization"},"image":{"@id":"https:\/\/radioljubuski.ba\/index.php\/2022\/05\/29\/trkacki-dio-ljof-a-sjajna-turisticka-razglednica-ljubuskog-audio-foto-i-video\/#primaryimage"},"thumbnailUrl":"https:\/\/radioljubuski.ba\/wp-content\/uploads\/2022\/05\/dracar1.jpg","articleSection":["RLJ Audio"],"inLanguage":"hr"},{"@type":"WebPage","@id":"https:\/\/radioljubuski.ba\/index.php\/2022\/05\/29\/trkacki-dio-ljof-a-sjajna-turisticka-razglednica-ljubuskog-audio-foto-i-video\/","url":"https:\/\/radioljubuski.ba\/index.php\/2022\/05\/29\/trkacki-dio-ljof-a-sjajna-turisticka-razglednica-ljubuskog-audio-foto-i-video\/","name":"Trka\u010dki dio LJOF-a: Sjajna \u201cturisti\u010dka razglednica\u201d Ljubu\u0161kog - audio, foto i video - RADIO LJUBU\u0160KI","isPartOf":{"@id":"https:\/\/radioljubuski.ba\/#website"},"primaryImageOfPage":{"@id":"https:\/\/radioljubuski.ba\/index.php\/2022\/05\/29\/trkacki-dio-ljof-a-sjajna-turisticka-razglednica-ljubuskog-audio-foto-i-video\/#primaryimage"},"image":{"@id":"https:\/\/radioljubuski.ba\/index.php\/2022\/05\/29\/trkacki-dio-ljof-a-sjajna-turisticka-razglednica-ljubuskog-audio-foto-i-video\/#primaryimage"},"thumbnailUrl":"https:\/\/radioljubuski.ba\/wp-content\/uploads\/2022\/05\/dracar1.jpg","datePublished":"2022-05-29T08:48:30+00:00","dateModified":"2022-08-09T13:09:18+00:00","breadcrumb":{"@id":"https:\/\/radioljubuski.ba\/index.php\/2022\/05\/29\/trkacki-dio-ljof-a-sjajna-turisticka-razglednica-ljubuskog-audio-foto-i-video\/#breadcrumb"},"inLanguage":"hr","potentialAction":[{"@type":"ReadAction","target":["https:\/\/radioljubuski.ba\/index.php\/2022\/05\/29\/trkacki-dio-ljof-a-sjajna-turisticka-razglednica-ljubuskog-audio-foto-i-video\/"]}]},{"@type":"ImageObject","inLanguage":"hr","@id":"https:\/\/radioljubuski.ba\/index.php\/2022\/05\/29\/trkacki-dio-ljof-a-sjajna-turisticka-razglednica-ljubuskog-audio-foto-i-video\/#primaryimage","url":"https:\/\/radioljubuski.ba\/wp-content\/uploads\/2022\/05\/dracar1.jpg","contentUrl":"https:\/\/radioljubuski.ba\/wp-content\/uploads\/2022\/05\/dracar1.jpg","width":1365,"height":2048},{"@type":"BreadcrumbList","@id":"https:\/\/radioljubuski.ba\/index.php\/2022\/05\/29\/trkacki-dio-ljof-a-sjajna-turisticka-razglednica-ljubuskog-audio-foto-i-video\/#breadcrumb","itemListElement":[{"@type":"ListItem","position":1,"name":"Po\u010detna stranica","item":"https:\/\/radioljubuski.ba\/"},{"@type":"ListItem","position":2,"name":"Trka\u010dki dio LJOF-a: Sjajna \u201cturisti\u010dka razglednica\u201d Ljubu\u0161kog &#8211; audio, foto i video"}]},{"@type":"WebSite","@id":"https:\/\/radioljubuski.ba\/#website","url":"https:\/\/radioljubuski.ba\/","name":"Radio Ljubu\u0161ki","description":"Sun\u010dana frekvencija Hercegovine","publisher":{"@id":"https:\/\/radioljubuski.ba\/#organization"},"potentialAction":[{"@type":"SearchAction","target":{"@type":"EntryPoint","urlTemplate":"https:\/\/radioljubuski.ba\/?s={search_term_string}"},"query-input":{"@type":"PropertyValueSpecification","valueRequired":true,"valueName":"search_term_string"}}],"inLanguage":"hr"},{"@type":"Organization","@id":"https:\/\/radioljubuski.ba\/#organization","name":"Radio Ljubu\u0161ki","url":"https:\/\/radioljubuski.ba\/","logo":{"@type":"ImageObject","inLanguage":"hr","@id":"https:\/\/radioljubuski.ba\/#\/schema\/logo\/image\/","url":"https:\/\/radioljubuski.ba\/wp-content\/uploads\/2021\/02\/cropped-Radio_Ljubuski_logo1.jpg","contentUrl":"https:\/\/radioljubuski.ba\/wp-content\/uploads\/2021\/02\/cropped-Radio_Ljubuski_logo1.jpg","width":512,"height":512,"caption":"Radio Ljubu\u0161ki"},"image":{"@id":"https:\/\/radioljubuski.ba\/#\/schema\/logo\/image\/"},"sameAs":["https:\/\/www.facebook.com\/Radiio-Ljubuski-1490835324566332","https:\/\/x.com\/radioljubuski","https:\/\/hr.linkedin.com\/company\/radio-ljubuski","https:\/\/www.youtube.com\/channel\/UCHYaeO_n0Db3tjNGudGpXyw"]},{"@type":"Person","@id":"https:\/\/radioljubuski.ba\/#\/schema\/person\/19fc700381a780f69665d7956c469e3b","name":"Radio Ljubu\u0161ki"}]}},"_links":{"self":[{"href":"https:\/\/radioljubuski.ba\/index.php\/wp-json\/wp\/v2\/posts\/144640","targetHints":{"allow":["GET"]}}],"collection":[{"href":"https:\/\/radioljubuski.ba\/index.php\/wp-json\/wp\/v2\/posts"}],"about":[{"href":"https:\/\/radioljubuski.ba\/index.php\/wp-json\/wp\/v2\/types\/post"}],"author":[{"embeddable":true,"href":"https:\/\/radioljubuski.ba\/index.php\/wp-json\/wp\/v2\/users\/2"}],"replies":[{"embeddable":true,"href":"https:\/\/radioljubuski.ba\/index.php\/wp-json\/wp\/v2\/comments?post=144640"}],"version-history":[{"count":8,"href":"https:\/\/radioljubuski.ba\/index.php\/wp-json\/wp\/v2\/posts\/144640\/revisions"}],"predecessor-version":[{"id":168031,"href":"https:\/\/radioljubuski.ba\/index.php\/wp-json\/wp\/v2\/posts\/144640\/revisions\/168031"}],"wp:featuredmedia":[{"embeddable":true,"href":"https:\/\/radioljubuski.ba\/index.php\/wp-json\/wp\/v2\/media\/144641"}],"wp:attachment":[{"href":"https:\/\/radioljubuski.ba\/index.php\/wp-json\/wp\/v2\/media?parent=144640"}],"wp:term":[{"taxonomy":"category","embeddable":true,"href":"https:\/\/radioljubuski.ba\/index.php\/wp-json\/wp\/v2\/categories?post=144640"},{"taxonomy":"post_tag","embeddable":true,"href":"https:\/\/radioljubuski.ba\/index.php\/wp-json\/wp\/v2\/tags?post=144640"}],"curies":[{"name":"wp","href":"https:\/\/api.w.org\/{rel}","templated":true}]}}