{"id":144656,"date":"2022-05-29T15:30:22","date_gmt":"2022-05-29T14:30:22","guid":{"rendered":"https:\/\/radioljubuski.ba\/?p=144656"},"modified":"2022-05-31T13:24:18","modified_gmt":"2022-05-31T12:24:18","slug":"obiljezen-dan-zrtava-zupe-studenci-2","status":"publish","type":"post","link":"https:\/\/radioljubuski.ba\/index.php\/2022\/05\/29\/obiljezen-dan-zrtava-zupe-studenci-2\/","title":{"rendered":"Obilje\u017een Dan \u017ertava \u017eupe Studenci &#8211; foto"},"content":{"rendered":"\n<p>Nakon \u201eLijepe na\u0161e\u201c koju je otpjevao mje\u0161oviti \u017eupni zbor \u201eVrelo \u017eivota\u201c voditelj programa komemoracije Ivica Luburi\u0107 pozdravio je sve koji su danas pristigli u Studence odati po\u010dast i prisjetiti se \u017ertava Drugog svjetskog rata i pora\u0107a, te \u017ertava Domovinskog obrambenog rata.<\/p>\n\n\n\n<p>Na spomen-obilje\u017eje u Sveti\u0161tu na kojem su ispisana imena 263 \u017ertve Drugog svjetskog rata i pora\u0107a i 9 \u017ertava Domovinskog rata uz ve\u0107 upaljene svije\u0107e vijence su polo\u017eili: u ime \u017eupe \u010detiri predsjednika MZ koje \u010dine \u017eupu (Studenci,Stubica, Zvirovi\u0107i i Pr\u0107avci), izaslanstvo Grada Ljubu\u0161kog i udruga proisteklih iz Domovinskog rata na \u010delu&nbsp; s gradona\u010delnikom Vedranom Markoti\u0107em, izaslanstvo Grada \u010capljine i koordinacije udruga iz Domovinskog rata na \u010delu s gradona\u010delnikom Smiljanom Vidi\u0107em i izaslanstvo \u017dupanije Zapadnohercegova\u010dke na \u010delu s ministrima Tonijem Kraljevi\u0107em i Davidom Grbavcem i predsjednikom Skup\u0161tine \u017dZH-e Ivanom Jel\u010di\u0107em.<\/p>\n\n\n\n<p>Potom su pro\u010ditana imena 263 \u017eupljanina poginula i pobijena u i nakon Drugog svjetskog rata me\u0111u kojima su bila i \u010detiri sve\u0107enika, te imena devet poginulih u Domovinskom ratu.<\/p>\n\n\n\n<p>Upravitelj \u017eupe i Sveti\u0161ta don Ivan Peri\u0107 uz prigodnu molitvu za sve poginule i pobijene blagoslovio spomen obilje\u017eje. U svojoj homiliji don Ivan se prisjetio i svoje rodne \u017eupe na \u0160\u0107epan Krsta gdje je, kako re\u010de, jugo-\u010detni\u010dka vojska pobila 23-je uglavnom starije \u010deljadi i ni danas se ne zna gdje su pokopani. Tako\u0111er, poku\u0161ao je podsvjestiti kako smo kao narod zaboravni i nejedinstveni i stoga nam se kroz povijest doga\u0111aju ovakve i sli\u010dne po\u0161asti. &nbsp;<\/p>\n\n\n\n<figure class=\"wp-block-gallery columns-3 is-cropped wp-block-gallery-1 is-layout-flex wp-block-gallery-is-layout-flex\"><ul class=\"blocks-gallery-grid\"><li class=\"blocks-gallery-item\"><figure><img loading=\"lazy\" decoding=\"async\" width=\"1024\" height=\"683\" src=\"https:\/\/radioljubuski.ba\/wp-content\/uploads\/2022\/05\/IMG_0003.jpg\" alt=\"\" data-id=\"144657\" data-full-url=\"https:\/\/radioljubuski.ba\/wp-content\/uploads\/2022\/05\/IMG_0003.jpg\" data-link=\"https:\/\/radioljubuski.ba\/?attachment_id=144657\" class=\"wp-image-144657\" srcset=\"https:\/\/radioljubuski.ba\/wp-content\/uploads\/2022\/05\/IMG_0003.jpg 1024w, https:\/\/radioljubuski.ba\/wp-content\/uploads\/2022\/05\/IMG_0003-300x200.jpg 300w, https:\/\/radioljubuski.ba\/wp-content\/uploads\/2022\/05\/IMG_0003-768x512.jpg 768w, https:\/\/radioljubuski.ba\/wp-content\/uploads\/2022\/05\/IMG_0003-18x12.jpg 18w\" sizes=\"auto, (max-width: 1024px) 100vw, 1024px\" \/><\/figure><\/li><li class=\"blocks-gallery-item\"><figure><img loading=\"lazy\" decoding=\"async\" width=\"1024\" height=\"683\" src=\"https:\/\/radioljubuski.ba\/wp-content\/uploads\/2022\/05\/IMG_0006.jpg\" alt=\"\" data-id=\"144658\" data-full-url=\"https:\/\/radioljubuski.ba\/wp-content\/uploads\/2022\/05\/IMG_0006.jpg\" data-link=\"https:\/\/radioljubuski.ba\/?attachment_id=144658\" class=\"wp-image-144658\" srcset=\"https:\/\/radioljubuski.ba\/wp-content\/uploads\/2022\/05\/IMG_0006.jpg 1024w, https:\/\/radioljubuski.ba\/wp-content\/uploads\/2022\/05\/IMG_0006-300x200.jpg 300w, https:\/\/radioljubuski.ba\/wp-content\/uploads\/2022\/05\/IMG_0006-768x512.jpg 768w, https:\/\/radioljubuski.ba\/wp-content\/uploads\/2022\/05\/IMG_0006-18x12.jpg 18w\" sizes=\"auto, (max-width: 1024px) 100vw, 1024px\" \/><\/figure><\/li><li class=\"blocks-gallery-item\"><figure><img loading=\"lazy\" decoding=\"async\" width=\"1024\" height=\"683\" src=\"https:\/\/radioljubuski.ba\/wp-content\/uploads\/2022\/05\/IMG_0011.jpg\" alt=\"\" data-id=\"144659\" data-full-url=\"https:\/\/radioljubuski.ba\/wp-content\/uploads\/2022\/05\/IMG_0011.jpg\" data-link=\"https:\/\/radioljubuski.ba\/?attachment_id=144659\" class=\"wp-image-144659\" srcset=\"https:\/\/radioljubuski.ba\/wp-content\/uploads\/2022\/05\/IMG_0011.jpg 1024w, https:\/\/radioljubuski.ba\/wp-content\/uploads\/2022\/05\/IMG_0011-300x200.jpg 300w, https:\/\/radioljubuski.ba\/wp-content\/uploads\/2022\/05\/IMG_0011-768x512.jpg 768w, https:\/\/radioljubuski.ba\/wp-content\/uploads\/2022\/05\/IMG_0011-18x12.jpg 18w\" sizes=\"auto, (max-width: 1024px) 100vw, 1024px\" \/><\/figure><\/li><li class=\"blocks-gallery-item\"><figure><img loading=\"lazy\" decoding=\"async\" width=\"1024\" height=\"683\" src=\"https:\/\/radioljubuski.ba\/wp-content\/uploads\/2022\/05\/IMG_0013.jpg\" alt=\"\" data-id=\"144660\" data-full-url=\"https:\/\/radioljubuski.ba\/wp-content\/uploads\/2022\/05\/IMG_0013.jpg\" data-link=\"https:\/\/radioljubuski.ba\/?attachment_id=144660\" class=\"wp-image-144660\" srcset=\"https:\/\/radioljubuski.ba\/wp-content\/uploads\/2022\/05\/IMG_0013.jpg 1024w, https:\/\/radioljubuski.ba\/wp-content\/uploads\/2022\/05\/IMG_0013-300x200.jpg 300w, https:\/\/radioljubuski.ba\/wp-content\/uploads\/2022\/05\/IMG_0013-768x512.jpg 768w, https:\/\/radioljubuski.ba\/wp-content\/uploads\/2022\/05\/IMG_0013-18x12.jpg 18w\" sizes=\"auto, (max-width: 1024px) 100vw, 1024px\" \/><\/figure><\/li><li class=\"blocks-gallery-item\"><figure><img loading=\"lazy\" decoding=\"async\" width=\"1024\" height=\"683\" src=\"https:\/\/radioljubuski.ba\/wp-content\/uploads\/2022\/05\/IMG_0018.jpg\" alt=\"\" data-id=\"144661\" data-full-url=\"https:\/\/radioljubuski.ba\/wp-content\/uploads\/2022\/05\/IMG_0018.jpg\" data-link=\"https:\/\/radioljubuski.ba\/?attachment_id=144661\" class=\"wp-image-144661\" srcset=\"https:\/\/radioljubuski.ba\/wp-content\/uploads\/2022\/05\/IMG_0018.jpg 1024w, https:\/\/radioljubuski.ba\/wp-content\/uploads\/2022\/05\/IMG_0018-300x200.jpg 300w, https:\/\/radioljubuski.ba\/wp-content\/uploads\/2022\/05\/IMG_0018-768x512.jpg 768w, https:\/\/radioljubuski.ba\/wp-content\/uploads\/2022\/05\/IMG_0018-18x12.jpg 18w\" sizes=\"auto, (max-width: 1024px) 100vw, 1024px\" \/><\/figure><\/li><li class=\"blocks-gallery-item\"><figure><img loading=\"lazy\" decoding=\"async\" width=\"1024\" height=\"683\" src=\"https:\/\/radioljubuski.ba\/wp-content\/uploads\/2022\/05\/IMG_0020.jpg\" alt=\"\" data-id=\"144662\" data-full-url=\"https:\/\/radioljubuski.ba\/wp-content\/uploads\/2022\/05\/IMG_0020.jpg\" data-link=\"https:\/\/radioljubuski.ba\/?attachment_id=144662\" class=\"wp-image-144662\" srcset=\"https:\/\/radioljubuski.ba\/wp-content\/uploads\/2022\/05\/IMG_0020.jpg 1024w, https:\/\/radioljubuski.ba\/wp-content\/uploads\/2022\/05\/IMG_0020-300x200.jpg 300w, https:\/\/radioljubuski.ba\/wp-content\/uploads\/2022\/05\/IMG_0020-768x512.jpg 768w, https:\/\/radioljubuski.ba\/wp-content\/uploads\/2022\/05\/IMG_0020-18x12.jpg 18w\" sizes=\"auto, (max-width: 1024px) 100vw, 1024px\" \/><\/figure><\/li><li class=\"blocks-gallery-item\"><figure><img loading=\"lazy\" decoding=\"async\" width=\"1024\" height=\"683\" src=\"https:\/\/radioljubuski.ba\/wp-content\/uploads\/2022\/05\/IMG_0022.jpg\" alt=\"\" data-id=\"144663\" data-full-url=\"https:\/\/radioljubuski.ba\/wp-content\/uploads\/2022\/05\/IMG_0022.jpg\" data-link=\"https:\/\/radioljubuski.ba\/?attachment_id=144663\" class=\"wp-image-144663\" srcset=\"https:\/\/radioljubuski.ba\/wp-content\/uploads\/2022\/05\/IMG_0022.jpg 1024w, https:\/\/radioljubuski.ba\/wp-content\/uploads\/2022\/05\/IMG_0022-300x200.jpg 300w, https:\/\/radioljubuski.ba\/wp-content\/uploads\/2022\/05\/IMG_0022-768x512.jpg 768w, https:\/\/radioljubuski.ba\/wp-content\/uploads\/2022\/05\/IMG_0022-18x12.jpg 18w\" sizes=\"auto, (max-width: 1024px) 100vw, 1024px\" \/><\/figure><\/li><li class=\"blocks-gallery-item\"><figure><img loading=\"lazy\" decoding=\"async\" width=\"1024\" height=\"683\" src=\"https:\/\/radioljubuski.ba\/wp-content\/uploads\/2022\/05\/IMG_0023.jpg\" alt=\"\" data-id=\"144664\" data-full-url=\"https:\/\/radioljubuski.ba\/wp-content\/uploads\/2022\/05\/IMG_0023.jpg\" data-link=\"https:\/\/radioljubuski.ba\/?attachment_id=144664\" class=\"wp-image-144664\" srcset=\"https:\/\/radioljubuski.ba\/wp-content\/uploads\/2022\/05\/IMG_0023.jpg 1024w, https:\/\/radioljubuski.ba\/wp-content\/uploads\/2022\/05\/IMG_0023-300x200.jpg 300w, https:\/\/radioljubuski.ba\/wp-content\/uploads\/2022\/05\/IMG_0023-768x512.jpg 768w, https:\/\/radioljubuski.ba\/wp-content\/uploads\/2022\/05\/IMG_0023-18x12.jpg 18w\" sizes=\"auto, (max-width: 1024px) 100vw, 1024px\" \/><\/figure><\/li><li class=\"blocks-gallery-item\"><figure><img loading=\"lazy\" decoding=\"async\" width=\"1024\" height=\"683\" src=\"https:\/\/radioljubuski.ba\/wp-content\/uploads\/2022\/05\/IMG_0024.jpg\" alt=\"\" data-id=\"144665\" data-full-url=\"https:\/\/radioljubuski.ba\/wp-content\/uploads\/2022\/05\/IMG_0024.jpg\" data-link=\"https:\/\/radioljubuski.ba\/?attachment_id=144665\" class=\"wp-image-144665\" srcset=\"https:\/\/radioljubuski.ba\/wp-content\/uploads\/2022\/05\/IMG_0024.jpg 1024w, https:\/\/radioljubuski.ba\/wp-content\/uploads\/2022\/05\/IMG_0024-300x200.jpg 300w, https:\/\/radioljubuski.ba\/wp-content\/uploads\/2022\/05\/IMG_0024-768x512.jpg 768w, https:\/\/radioljubuski.ba\/wp-content\/uploads\/2022\/05\/IMG_0024-18x12.jpg 18w\" sizes=\"auto, (max-width: 1024px) 100vw, 1024px\" \/><\/figure><\/li><li class=\"blocks-gallery-item\"><figure><img loading=\"lazy\" decoding=\"async\" width=\"1024\" height=\"683\" src=\"https:\/\/radioljubuski.ba\/wp-content\/uploads\/2022\/05\/IMG_0027.jpg\" alt=\"\" data-id=\"144666\" data-full-url=\"https:\/\/radioljubuski.ba\/wp-content\/uploads\/2022\/05\/IMG_0027.jpg\" data-link=\"https:\/\/radioljubuski.ba\/?attachment_id=144666\" class=\"wp-image-144666\" srcset=\"https:\/\/radioljubuski.ba\/wp-content\/uploads\/2022\/05\/IMG_0027.jpg 1024w, https:\/\/radioljubuski.ba\/wp-content\/uploads\/2022\/05\/IMG_0027-300x200.jpg 300w, https:\/\/radioljubuski.ba\/wp-content\/uploads\/2022\/05\/IMG_0027-768x512.jpg 768w, https:\/\/radioljubuski.ba\/wp-content\/uploads\/2022\/05\/IMG_0027-18x12.jpg 18w\" sizes=\"auto, (max-width: 1024px) 100vw, 1024px\" \/><\/figure><\/li><li class=\"blocks-gallery-item\"><figure><img loading=\"lazy\" decoding=\"async\" width=\"1024\" height=\"683\" src=\"https:\/\/radioljubuski.ba\/wp-content\/uploads\/2022\/05\/IMG_0029.jpg\" alt=\"\" data-id=\"144667\" data-full-url=\"https:\/\/radioljubuski.ba\/wp-content\/uploads\/2022\/05\/IMG_0029.jpg\" data-link=\"https:\/\/radioljubuski.ba\/?attachment_id=144667\" class=\"wp-image-144667\" srcset=\"https:\/\/radioljubuski.ba\/wp-content\/uploads\/2022\/05\/IMG_0029.jpg 1024w, https:\/\/radioljubuski.ba\/wp-content\/uploads\/2022\/05\/IMG_0029-300x200.jpg 300w, https:\/\/radioljubuski.ba\/wp-content\/uploads\/2022\/05\/IMG_0029-768x512.jpg 768w, https:\/\/radioljubuski.ba\/wp-content\/uploads\/2022\/05\/IMG_0029-18x12.jpg 18w\" sizes=\"auto, (max-width: 1024px) 100vw, 1024px\" \/><\/figure><\/li><li class=\"blocks-gallery-item\"><figure><img loading=\"lazy\" decoding=\"async\" width=\"1024\" height=\"683\" src=\"https:\/\/radioljubuski.ba\/wp-content\/uploads\/2022\/05\/IMG_0034.jpg\" alt=\"\" data-id=\"144668\" data-full-url=\"https:\/\/radioljubuski.ba\/wp-content\/uploads\/2022\/05\/IMG_0034.jpg\" data-link=\"https:\/\/radioljubuski.ba\/?attachment_id=144668\" class=\"wp-image-144668\" srcset=\"https:\/\/radioljubuski.ba\/wp-content\/uploads\/2022\/05\/IMG_0034.jpg 1024w, https:\/\/radioljubuski.ba\/wp-content\/uploads\/2022\/05\/IMG_0034-300x200.jpg 300w, https:\/\/radioljubuski.ba\/wp-content\/uploads\/2022\/05\/IMG_0034-768x512.jpg 768w, https:\/\/radioljubuski.ba\/wp-content\/uploads\/2022\/05\/IMG_0034-18x12.jpg 18w\" sizes=\"auto, (max-width: 1024px) 100vw, 1024px\" \/><\/figure><\/li><li class=\"blocks-gallery-item\"><figure><img loading=\"lazy\" decoding=\"async\" width=\"1024\" height=\"683\" src=\"https:\/\/radioljubuski.ba\/wp-content\/uploads\/2022\/05\/IMG_0037.jpg\" alt=\"\" data-id=\"144669\" data-full-url=\"https:\/\/radioljubuski.ba\/wp-content\/uploads\/2022\/05\/IMG_0037.jpg\" data-link=\"https:\/\/radioljubuski.ba\/?attachment_id=144669\" class=\"wp-image-144669\" srcset=\"https:\/\/radioljubuski.ba\/wp-content\/uploads\/2022\/05\/IMG_0037.jpg 1024w, https:\/\/radioljubuski.ba\/wp-content\/uploads\/2022\/05\/IMG_0037-300x200.jpg 300w, https:\/\/radioljubuski.ba\/wp-content\/uploads\/2022\/05\/IMG_0037-768x512.jpg 768w, https:\/\/radioljubuski.ba\/wp-content\/uploads\/2022\/05\/IMG_0037-18x12.jpg 18w\" sizes=\"auto, (max-width: 1024px) 100vw, 1024px\" \/><\/figure><\/li><li class=\"blocks-gallery-item\"><figure><img loading=\"lazy\" decoding=\"async\" width=\"1024\" height=\"683\" src=\"https:\/\/radioljubuski.ba\/wp-content\/uploads\/2022\/05\/IMG_0038.jpg\" alt=\"\" data-id=\"144670\" data-full-url=\"https:\/\/radioljubuski.ba\/wp-content\/uploads\/2022\/05\/IMG_0038.jpg\" data-link=\"https:\/\/radioljubuski.ba\/?attachment_id=144670\" class=\"wp-image-144670\" srcset=\"https:\/\/radioljubuski.ba\/wp-content\/uploads\/2022\/05\/IMG_0038.jpg 1024w, https:\/\/radioljubuski.ba\/wp-content\/uploads\/2022\/05\/IMG_0038-300x200.jpg 300w, https:\/\/radioljubuski.ba\/wp-content\/uploads\/2022\/05\/IMG_0038-768x512.jpg 768w, https:\/\/radioljubuski.ba\/wp-content\/uploads\/2022\/05\/IMG_0038-18x12.jpg 18w\" sizes=\"auto, (max-width: 1024px) 100vw, 1024px\" \/><\/figure><\/li><li class=\"blocks-gallery-item\"><figure><img loading=\"lazy\" decoding=\"async\" width=\"1024\" height=\"683\" src=\"https:\/\/radioljubuski.ba\/wp-content\/uploads\/2022\/05\/IMG_0041.jpg\" alt=\"\" data-id=\"144671\" data-full-url=\"https:\/\/radioljubuski.ba\/wp-content\/uploads\/2022\/05\/IMG_0041.jpg\" data-link=\"https:\/\/radioljubuski.ba\/?attachment_id=144671\" class=\"wp-image-144671\" srcset=\"https:\/\/radioljubuski.ba\/wp-content\/uploads\/2022\/05\/IMG_0041.jpg 1024w, https:\/\/radioljubuski.ba\/wp-content\/uploads\/2022\/05\/IMG_0041-300x200.jpg 300w, https:\/\/radioljubuski.ba\/wp-content\/uploads\/2022\/05\/IMG_0041-768x512.jpg 768w, https:\/\/radioljubuski.ba\/wp-content\/uploads\/2022\/05\/IMG_0041-18x12.jpg 18w\" sizes=\"auto, (max-width: 1024px) 100vw, 1024px\" \/><\/figure><\/li><li class=\"blocks-gallery-item\"><figure><img loading=\"lazy\" decoding=\"async\" width=\"1024\" height=\"683\" src=\"https:\/\/radioljubuski.ba\/wp-content\/uploads\/2022\/05\/IMG_0042.jpg\" alt=\"\" data-id=\"144672\" data-full-url=\"https:\/\/radioljubuski.ba\/wp-content\/uploads\/2022\/05\/IMG_0042.jpg\" data-link=\"https:\/\/radioljubuski.ba\/?attachment_id=144672\" class=\"wp-image-144672\" srcset=\"https:\/\/radioljubuski.ba\/wp-content\/uploads\/2022\/05\/IMG_0042.jpg 1024w, https:\/\/radioljubuski.ba\/wp-content\/uploads\/2022\/05\/IMG_0042-300x200.jpg 300w, https:\/\/radioljubuski.ba\/wp-content\/uploads\/2022\/05\/IMG_0042-768x512.jpg 768w, https:\/\/radioljubuski.ba\/wp-content\/uploads\/2022\/05\/IMG_0042-18x12.jpg 18w\" sizes=\"auto, (max-width: 1024px) 100vw, 1024px\" \/><\/figure><\/li><li class=\"blocks-gallery-item\"><figure><img loading=\"lazy\" decoding=\"async\" width=\"1024\" height=\"683\" src=\"https:\/\/radioljubuski.ba\/wp-content\/uploads\/2022\/05\/IMG_0045.jpg\" alt=\"\" data-id=\"144673\" data-full-url=\"https:\/\/radioljubuski.ba\/wp-content\/uploads\/2022\/05\/IMG_0045.jpg\" data-link=\"https:\/\/radioljubuski.ba\/?attachment_id=144673\" class=\"wp-image-144673\" srcset=\"https:\/\/radioljubuski.ba\/wp-content\/uploads\/2022\/05\/IMG_0045.jpg 1024w, https:\/\/radioljubuski.ba\/wp-content\/uploads\/2022\/05\/IMG_0045-300x200.jpg 300w, https:\/\/radioljubuski.ba\/wp-content\/uploads\/2022\/05\/IMG_0045-768x512.jpg 768w, https:\/\/radioljubuski.ba\/wp-content\/uploads\/2022\/05\/IMG_0045-18x12.jpg 18w\" sizes=\"auto, (max-width: 1024px) 100vw, 1024px\" \/><\/figure><\/li><li class=\"blocks-gallery-item\"><figure><img loading=\"lazy\" decoding=\"async\" width=\"1024\" height=\"683\" src=\"https:\/\/radioljubuski.ba\/wp-content\/uploads\/2022\/05\/IMG_0047.jpg\" alt=\"\" data-id=\"144674\" data-full-url=\"https:\/\/radioljubuski.ba\/wp-content\/uploads\/2022\/05\/IMG_0047.jpg\" data-link=\"https:\/\/radioljubuski.ba\/?attachment_id=144674\" class=\"wp-image-144674\" srcset=\"https:\/\/radioljubuski.ba\/wp-content\/uploads\/2022\/05\/IMG_0047.jpg 1024w, https:\/\/radioljubuski.ba\/wp-content\/uploads\/2022\/05\/IMG_0047-300x200.jpg 300w, https:\/\/radioljubuski.ba\/wp-content\/uploads\/2022\/05\/IMG_0047-768x512.jpg 768w, https:\/\/radioljubuski.ba\/wp-content\/uploads\/2022\/05\/IMG_0047-18x12.jpg 18w\" sizes=\"auto, (max-width: 1024px) 100vw, 1024px\" \/><\/figure><\/li><li class=\"blocks-gallery-item\"><figure><img loading=\"lazy\" decoding=\"async\" width=\"1024\" height=\"683\" src=\"https:\/\/radioljubuski.ba\/wp-content\/uploads\/2022\/05\/IMG_0049.jpg\" alt=\"\" data-id=\"144675\" data-full-url=\"https:\/\/radioljubuski.ba\/wp-content\/uploads\/2022\/05\/IMG_0049.jpg\" data-link=\"https:\/\/radioljubuski.ba\/?attachment_id=144675\" class=\"wp-image-144675\" srcset=\"https:\/\/radioljubuski.ba\/wp-content\/uploads\/2022\/05\/IMG_0049.jpg 1024w, https:\/\/radioljubuski.ba\/wp-content\/uploads\/2022\/05\/IMG_0049-300x200.jpg 300w, https:\/\/radioljubuski.ba\/wp-content\/uploads\/2022\/05\/IMG_0049-768x512.jpg 768w, https:\/\/radioljubuski.ba\/wp-content\/uploads\/2022\/05\/IMG_0049-18x12.jpg 18w\" sizes=\"auto, (max-width: 1024px) 100vw, 1024px\" \/><\/figure><\/li><\/ul><\/figure>\n\n\n\n<p>Na kraju svete mise koju je liturgijskim pjevanjem uljep\u0161ao \u017eupni zbor Vrelo \u017eivota, \u017eupnik se zahvalio svima koji su do\u0161li na komemoraciju i svetu misu, a goste i sve \u017eupljane koji to \u017eele pozvao na osvje\u017eenje u Pastoralni centar.<\/p>\n\n\n\n<p>mile kraljevi\u0107\/radio ljubu\u0161ki<\/p>\n","protected":false},"excerpt":{"rendered":"<p>Nakon \u201eLijepe na\u0161e\u201c koju je otpjevao mje\u0161oviti \u017eupni zbor \u201eVrelo \u017eivota\u201c voditelj programa komemoracije Ivica Luburi\u0107 pozdravio je sve koji su danas pristigli u Studence odati po\u010dast i prisjetiti se \u017ertava Drugog svjetskog rata i pora\u0107a, te \u017ertava Domovinskog obrambenog rata. Na spomen-obilje\u017eje u Sveti\u0161tu na kojem su ispisana imena 263 \u017ertve Drugog svjetskog rata [&hellip;]<\/p>\n","protected":false},"author":2,"featured_media":144676,"comment_status":"closed","ping_status":"closed","sticky":false,"template":"","format":"standard","meta":{"h5ap_radio_sources":[],"footnotes":""},"categories":[3],"tags":[],"class_list":["post-144656","post","type-post","status-publish","format-standard","has-post-thumbnail","hentry","category-ljubuski"],"yoast_head":"<!-- This site is optimized with the Yoast SEO plugin v27.5 - https:\/\/yoast.com\/product\/yoast-seo-wordpress\/ -->\n<title>Obilje\u017een Dan \u017ertava \u017eupe Studenci - foto - RADIO LJUBU\u0160KI<\/title>\n<meta name=\"robots\" content=\"index, follow, max-snippet:-1, max-image-preview:large, max-video-preview:-1\" \/>\n<link rel=\"canonical\" href=\"https:\/\/radioljubuski.ba\/index.php\/2022\/05\/29\/obiljezen-dan-zrtava-zupe-studenci-2\/\" \/>\n<meta property=\"og:locale\" content=\"hr_HR\" \/>\n<meta property=\"og:type\" content=\"article\" \/>\n<meta property=\"og:title\" content=\"Obilje\u017een Dan \u017ertava \u017eupe Studenci - foto - RADIO LJUBU\u0160KI\" \/>\n<meta property=\"og:description\" content=\"Nakon \u201eLijepe na\u0161e\u201c koju je otpjevao mje\u0161oviti \u017eupni zbor \u201eVrelo \u017eivota\u201c voditelj programa komemoracije Ivica Luburi\u0107 pozdravio je sve koji su danas pristigli u Studence odati po\u010dast i prisjetiti se \u017ertava Drugog svjetskog rata i pora\u0107a, te \u017ertava Domovinskog obrambenog rata. Na spomen-obilje\u017eje u Sveti\u0161tu na kojem su ispisana imena 263 \u017ertve Drugog svjetskog rata [&hellip;]\" \/>\n<meta property=\"og:url\" content=\"https:\/\/radioljubuski.ba\/index.php\/2022\/05\/29\/obiljezen-dan-zrtava-zupe-studenci-2\/\" \/>\n<meta property=\"og:site_name\" content=\"RADIO LJUBU\u0160KI\" \/>\n<meta property=\"article:publisher\" content=\"https:\/\/www.facebook.com\/Radiio-Ljubuski-1490835324566332\" \/>\n<meta property=\"article:published_time\" content=\"2022-05-29T14:30:22+00:00\" \/>\n<meta property=\"article:modified_time\" content=\"2022-05-31T12:24:18+00:00\" \/>\n<meta property=\"og:image\" content=\"https:\/\/radioljubuski.ba\/wp-content\/uploads\/2022\/05\/IMG_0006-1.jpg\" \/>\n\t<meta property=\"og:image:width\" content=\"1024\" \/>\n\t<meta property=\"og:image:height\" content=\"683\" \/>\n\t<meta property=\"og:image:type\" content=\"image\/jpeg\" \/>\n<meta name=\"author\" content=\"Radio Ljubu\u0161ki\" \/>\n<meta name=\"twitter:card\" content=\"summary_large_image\" \/>\n<meta name=\"twitter:creator\" content=\"@radioljubuski\" \/>\n<meta name=\"twitter:site\" content=\"@radioljubuski\" \/>\n<meta name=\"twitter:label1\" content=\"Napisao\/la\" \/>\n\t<meta name=\"twitter:data1\" content=\"Radio Ljubu\u0161ki\" \/>\n\t<meta name=\"twitter:label2\" content=\"Procijenjeno vrijeme \u010ditanja\" \/>\n\t<meta name=\"twitter:data2\" content=\"6 minuta\" \/>\n<script type=\"application\/ld+json\" class=\"yoast-schema-graph\">{\"@context\":\"https:\\\/\\\/schema.org\",\"@graph\":[{\"@type\":\"Article\",\"@id\":\"https:\\\/\\\/radioljubuski.ba\\\/index.php\\\/2022\\\/05\\\/29\\\/obiljezen-dan-zrtava-zupe-studenci-2\\\/#article\",\"isPartOf\":{\"@id\":\"https:\\\/\\\/radioljubuski.ba\\\/index.php\\\/2022\\\/05\\\/29\\\/obiljezen-dan-zrtava-zupe-studenci-2\\\/\"},\"author\":{\"name\":\"Radio Ljubu\u0161ki\",\"@id\":\"https:\\\/\\\/radioljubuski.ba\\\/#\\\/schema\\\/person\\\/19fc700381a780f69665d7956c469e3b\"},\"headline\":\"Obilje\u017een Dan \u017ertava \u017eupe Studenci &#8211; foto\",\"datePublished\":\"2022-05-29T14:30:22+00:00\",\"dateModified\":\"2022-05-31T12:24:18+00:00\",\"mainEntityOfPage\":{\"@id\":\"https:\\\/\\\/radioljubuski.ba\\\/index.php\\\/2022\\\/05\\\/29\\\/obiljezen-dan-zrtava-zupe-studenci-2\\\/\"},\"wordCount\":323,\"publisher\":{\"@id\":\"https:\\\/\\\/radioljubuski.ba\\\/#organization\"},\"image\":{\"@id\":\"https:\\\/\\\/radioljubuski.ba\\\/index.php\\\/2022\\\/05\\\/29\\\/obiljezen-dan-zrtava-zupe-studenci-2\\\/#primaryimage\"},\"thumbnailUrl\":\"https:\\\/\\\/radioljubuski.ba\\\/wp-content\\\/uploads\\\/2022\\\/05\\\/IMG_0006-1.jpg\",\"articleSection\":[\"Ljubu\u0161ki\"],\"inLanguage\":\"hr\"},{\"@type\":\"WebPage\",\"@id\":\"https:\\\/\\\/radioljubuski.ba\\\/index.php\\\/2022\\\/05\\\/29\\\/obiljezen-dan-zrtava-zupe-studenci-2\\\/\",\"url\":\"https:\\\/\\\/radioljubuski.ba\\\/index.php\\\/2022\\\/05\\\/29\\\/obiljezen-dan-zrtava-zupe-studenci-2\\\/\",\"name\":\"Obilje\u017een Dan \u017ertava \u017eupe Studenci - foto - RADIO LJUBU\u0160KI\",\"isPartOf\":{\"@id\":\"https:\\\/\\\/radioljubuski.ba\\\/#website\"},\"primaryImageOfPage\":{\"@id\":\"https:\\\/\\\/radioljubuski.ba\\\/index.php\\\/2022\\\/05\\\/29\\\/obiljezen-dan-zrtava-zupe-studenci-2\\\/#primaryimage\"},\"image\":{\"@id\":\"https:\\\/\\\/radioljubuski.ba\\\/index.php\\\/2022\\\/05\\\/29\\\/obiljezen-dan-zrtava-zupe-studenci-2\\\/#primaryimage\"},\"thumbnailUrl\":\"https:\\\/\\\/radioljubuski.ba\\\/wp-content\\\/uploads\\\/2022\\\/05\\\/IMG_0006-1.jpg\",\"datePublished\":\"2022-05-29T14:30:22+00:00\",\"dateModified\":\"2022-05-31T12:24:18+00:00\",\"breadcrumb\":{\"@id\":\"https:\\\/\\\/radioljubuski.ba\\\/index.php\\\/2022\\\/05\\\/29\\\/obiljezen-dan-zrtava-zupe-studenci-2\\\/#breadcrumb\"},\"inLanguage\":\"hr\",\"potentialAction\":[{\"@type\":\"ReadAction\",\"target\":[\"https:\\\/\\\/radioljubuski.ba\\\/index.php\\\/2022\\\/05\\\/29\\\/obiljezen-dan-zrtava-zupe-studenci-2\\\/\"]}]},{\"@type\":\"ImageObject\",\"inLanguage\":\"hr\",\"@id\":\"https:\\\/\\\/radioljubuski.ba\\\/index.php\\\/2022\\\/05\\\/29\\\/obiljezen-dan-zrtava-zupe-studenci-2\\\/#primaryimage\",\"url\":\"https:\\\/\\\/radioljubuski.ba\\\/wp-content\\\/uploads\\\/2022\\\/05\\\/IMG_0006-1.jpg\",\"contentUrl\":\"https:\\\/\\\/radioljubuski.ba\\\/wp-content\\\/uploads\\\/2022\\\/05\\\/IMG_0006-1.jpg\",\"width\":1024,\"height\":683},{\"@type\":\"BreadcrumbList\",\"@id\":\"https:\\\/\\\/radioljubuski.ba\\\/index.php\\\/2022\\\/05\\\/29\\\/obiljezen-dan-zrtava-zupe-studenci-2\\\/#breadcrumb\",\"itemListElement\":[{\"@type\":\"ListItem\",\"position\":1,\"name\":\"Po\u010detna stranica\",\"item\":\"https:\\\/\\\/radioljubuski.ba\\\/\"},{\"@type\":\"ListItem\",\"position\":2,\"name\":\"Obilje\u017een Dan \u017ertava \u017eupe Studenci &#8211; foto\"}]},{\"@type\":\"WebSite\",\"@id\":\"https:\\\/\\\/radioljubuski.ba\\\/#website\",\"url\":\"https:\\\/\\\/radioljubuski.ba\\\/\",\"name\":\"Radio Ljubu\u0161ki\",\"description\":\"Sun\u010dana frekvencija Hercegovine\",\"publisher\":{\"@id\":\"https:\\\/\\\/radioljubuski.ba\\\/#organization\"},\"potentialAction\":[{\"@type\":\"SearchAction\",\"target\":{\"@type\":\"EntryPoint\",\"urlTemplate\":\"https:\\\/\\\/radioljubuski.ba\\\/?s={search_term_string}\"},\"query-input\":{\"@type\":\"PropertyValueSpecification\",\"valueRequired\":true,\"valueName\":\"search_term_string\"}}],\"inLanguage\":\"hr\"},{\"@type\":\"Organization\",\"@id\":\"https:\\\/\\\/radioljubuski.ba\\\/#organization\",\"name\":\"Radio Ljubu\u0161ki\",\"url\":\"https:\\\/\\\/radioljubuski.ba\\\/\",\"logo\":{\"@type\":\"ImageObject\",\"inLanguage\":\"hr\",\"@id\":\"https:\\\/\\\/radioljubuski.ba\\\/#\\\/schema\\\/logo\\\/image\\\/\",\"url\":\"https:\\\/\\\/radioljubuski.ba\\\/wp-content\\\/uploads\\\/2021\\\/02\\\/cropped-Radio_Ljubuski_logo1.jpg\",\"contentUrl\":\"https:\\\/\\\/radioljubuski.ba\\\/wp-content\\\/uploads\\\/2021\\\/02\\\/cropped-Radio_Ljubuski_logo1.jpg\",\"width\":512,\"height\":512,\"caption\":\"Radio Ljubu\u0161ki\"},\"image\":{\"@id\":\"https:\\\/\\\/radioljubuski.ba\\\/#\\\/schema\\\/logo\\\/image\\\/\"},\"sameAs\":[\"https:\\\/\\\/www.facebook.com\\\/Radiio-Ljubuski-1490835324566332\",\"https:\\\/\\\/x.com\\\/radioljubuski\",\"https:\\\/\\\/hr.linkedin.com\\\/company\\\/radio-ljubuski\",\"https:\\\/\\\/www.youtube.com\\\/channel\\\/UCHYaeO_n0Db3tjNGudGpXyw\"]},{\"@type\":\"Person\",\"@id\":\"https:\\\/\\\/radioljubuski.ba\\\/#\\\/schema\\\/person\\\/19fc700381a780f69665d7956c469e3b\",\"name\":\"Radio Ljubu\u0161ki\"}]}<\/script>\n<!-- \/ Yoast SEO plugin. -->","yoast_head_json":{"title":"Obilje\u017een Dan \u017ertava \u017eupe Studenci - foto - RADIO LJUBU\u0160KI","robots":{"index":"index","follow":"follow","max-snippet":"max-snippet:-1","max-image-preview":"max-image-preview:large","max-video-preview":"max-video-preview:-1"},"canonical":"https:\/\/radioljubuski.ba\/index.php\/2022\/05\/29\/obiljezen-dan-zrtava-zupe-studenci-2\/","og_locale":"hr_HR","og_type":"article","og_title":"Obilje\u017een Dan \u017ertava \u017eupe Studenci - foto - RADIO LJUBU\u0160KI","og_description":"Nakon \u201eLijepe na\u0161e\u201c koju je otpjevao mje\u0161oviti \u017eupni zbor \u201eVrelo \u017eivota\u201c voditelj programa komemoracije Ivica Luburi\u0107 pozdravio je sve koji su danas pristigli u Studence odati po\u010dast i prisjetiti se \u017ertava Drugog svjetskog rata i pora\u0107a, te \u017ertava Domovinskog obrambenog rata. Na spomen-obilje\u017eje u Sveti\u0161tu na kojem su ispisana imena 263 \u017ertve Drugog svjetskog rata [&hellip;]","og_url":"https:\/\/radioljubuski.ba\/index.php\/2022\/05\/29\/obiljezen-dan-zrtava-zupe-studenci-2\/","og_site_name":"RADIO LJUBU\u0160KI","article_publisher":"https:\/\/www.facebook.com\/Radiio-Ljubuski-1490835324566332","article_published_time":"2022-05-29T14:30:22+00:00","article_modified_time":"2022-05-31T12:24:18+00:00","og_image":[{"width":1024,"height":683,"url":"https:\/\/radioljubuski.ba\/wp-content\/uploads\/2022\/05\/IMG_0006-1.jpg","type":"image\/jpeg"}],"author":"Radio Ljubu\u0161ki","twitter_card":"summary_large_image","twitter_creator":"@radioljubuski","twitter_site":"@radioljubuski","twitter_misc":{"Napisao\/la":"Radio Ljubu\u0161ki","Procijenjeno vrijeme \u010ditanja":"6 minuta"},"schema":{"@context":"https:\/\/schema.org","@graph":[{"@type":"Article","@id":"https:\/\/radioljubuski.ba\/index.php\/2022\/05\/29\/obiljezen-dan-zrtava-zupe-studenci-2\/#article","isPartOf":{"@id":"https:\/\/radioljubuski.ba\/index.php\/2022\/05\/29\/obiljezen-dan-zrtava-zupe-studenci-2\/"},"author":{"name":"Radio Ljubu\u0161ki","@id":"https:\/\/radioljubuski.ba\/#\/schema\/person\/19fc700381a780f69665d7956c469e3b"},"headline":"Obilje\u017een Dan \u017ertava \u017eupe Studenci &#8211; foto","datePublished":"2022-05-29T14:30:22+00:00","dateModified":"2022-05-31T12:24:18+00:00","mainEntityOfPage":{"@id":"https:\/\/radioljubuski.ba\/index.php\/2022\/05\/29\/obiljezen-dan-zrtava-zupe-studenci-2\/"},"wordCount":323,"publisher":{"@id":"https:\/\/radioljubuski.ba\/#organization"},"image":{"@id":"https:\/\/radioljubuski.ba\/index.php\/2022\/05\/29\/obiljezen-dan-zrtava-zupe-studenci-2\/#primaryimage"},"thumbnailUrl":"https:\/\/radioljubuski.ba\/wp-content\/uploads\/2022\/05\/IMG_0006-1.jpg","articleSection":["Ljubu\u0161ki"],"inLanguage":"hr"},{"@type":"WebPage","@id":"https:\/\/radioljubuski.ba\/index.php\/2022\/05\/29\/obiljezen-dan-zrtava-zupe-studenci-2\/","url":"https:\/\/radioljubuski.ba\/index.php\/2022\/05\/29\/obiljezen-dan-zrtava-zupe-studenci-2\/","name":"Obilje\u017een Dan \u017ertava \u017eupe Studenci - foto - RADIO LJUBU\u0160KI","isPartOf":{"@id":"https:\/\/radioljubuski.ba\/#website"},"primaryImageOfPage":{"@id":"https:\/\/radioljubuski.ba\/index.php\/2022\/05\/29\/obiljezen-dan-zrtava-zupe-studenci-2\/#primaryimage"},"image":{"@id":"https:\/\/radioljubuski.ba\/index.php\/2022\/05\/29\/obiljezen-dan-zrtava-zupe-studenci-2\/#primaryimage"},"thumbnailUrl":"https:\/\/radioljubuski.ba\/wp-content\/uploads\/2022\/05\/IMG_0006-1.jpg","datePublished":"2022-05-29T14:30:22+00:00","dateModified":"2022-05-31T12:24:18+00:00","breadcrumb":{"@id":"https:\/\/radioljubuski.ba\/index.php\/2022\/05\/29\/obiljezen-dan-zrtava-zupe-studenci-2\/#breadcrumb"},"inLanguage":"hr","potentialAction":[{"@type":"ReadAction","target":["https:\/\/radioljubuski.ba\/index.php\/2022\/05\/29\/obiljezen-dan-zrtava-zupe-studenci-2\/"]}]},{"@type":"ImageObject","inLanguage":"hr","@id":"https:\/\/radioljubuski.ba\/index.php\/2022\/05\/29\/obiljezen-dan-zrtava-zupe-studenci-2\/#primaryimage","url":"https:\/\/radioljubuski.ba\/wp-content\/uploads\/2022\/05\/IMG_0006-1.jpg","contentUrl":"https:\/\/radioljubuski.ba\/wp-content\/uploads\/2022\/05\/IMG_0006-1.jpg","width":1024,"height":683},{"@type":"BreadcrumbList","@id":"https:\/\/radioljubuski.ba\/index.php\/2022\/05\/29\/obiljezen-dan-zrtava-zupe-studenci-2\/#breadcrumb","itemListElement":[{"@type":"ListItem","position":1,"name":"Po\u010detna stranica","item":"https:\/\/radioljubuski.ba\/"},{"@type":"ListItem","position":2,"name":"Obilje\u017een Dan \u017ertava \u017eupe Studenci &#8211; foto"}]},{"@type":"WebSite","@id":"https:\/\/radioljubuski.ba\/#website","url":"https:\/\/radioljubuski.ba\/","name":"Radio Ljubu\u0161ki","description":"Sun\u010dana frekvencija Hercegovine","publisher":{"@id":"https:\/\/radioljubuski.ba\/#organization"},"potentialAction":[{"@type":"SearchAction","target":{"@type":"EntryPoint","urlTemplate":"https:\/\/radioljubuski.ba\/?s={search_term_string}"},"query-input":{"@type":"PropertyValueSpecification","valueRequired":true,"valueName":"search_term_string"}}],"inLanguage":"hr"},{"@type":"Organization","@id":"https:\/\/radioljubuski.ba\/#organization","name":"Radio Ljubu\u0161ki","url":"https:\/\/radioljubuski.ba\/","logo":{"@type":"ImageObject","inLanguage":"hr","@id":"https:\/\/radioljubuski.ba\/#\/schema\/logo\/image\/","url":"https:\/\/radioljubuski.ba\/wp-content\/uploads\/2021\/02\/cropped-Radio_Ljubuski_logo1.jpg","contentUrl":"https:\/\/radioljubuski.ba\/wp-content\/uploads\/2021\/02\/cropped-Radio_Ljubuski_logo1.jpg","width":512,"height":512,"caption":"Radio Ljubu\u0161ki"},"image":{"@id":"https:\/\/radioljubuski.ba\/#\/schema\/logo\/image\/"},"sameAs":["https:\/\/www.facebook.com\/Radiio-Ljubuski-1490835324566332","https:\/\/x.com\/radioljubuski","https:\/\/hr.linkedin.com\/company\/radio-ljubuski","https:\/\/www.youtube.com\/channel\/UCHYaeO_n0Db3tjNGudGpXyw"]},{"@type":"Person","@id":"https:\/\/radioljubuski.ba\/#\/schema\/person\/19fc700381a780f69665d7956c469e3b","name":"Radio Ljubu\u0161ki"}]}},"_links":{"self":[{"href":"https:\/\/radioljubuski.ba\/index.php\/wp-json\/wp\/v2\/posts\/144656","targetHints":{"allow":["GET"]}}],"collection":[{"href":"https:\/\/radioljubuski.ba\/index.php\/wp-json\/wp\/v2\/posts"}],"about":[{"href":"https:\/\/radioljubuski.ba\/index.php\/wp-json\/wp\/v2\/types\/post"}],"author":[{"embeddable":true,"href":"https:\/\/radioljubuski.ba\/index.php\/wp-json\/wp\/v2\/users\/2"}],"replies":[{"embeddable":true,"href":"https:\/\/radioljubuski.ba\/index.php\/wp-json\/wp\/v2\/comments?post=144656"}],"version-history":[{"count":2,"href":"https:\/\/radioljubuski.ba\/index.php\/wp-json\/wp\/v2\/posts\/144656\/revisions"}],"predecessor-version":[{"id":144699,"href":"https:\/\/radioljubuski.ba\/index.php\/wp-json\/wp\/v2\/posts\/144656\/revisions\/144699"}],"wp:featuredmedia":[{"embeddable":true,"href":"https:\/\/radioljubuski.ba\/index.php\/wp-json\/wp\/v2\/media\/144676"}],"wp:attachment":[{"href":"https:\/\/radioljubuski.ba\/index.php\/wp-json\/wp\/v2\/media?parent=144656"}],"wp:term":[{"taxonomy":"category","embeddable":true,"href":"https:\/\/radioljubuski.ba\/index.php\/wp-json\/wp\/v2\/categories?post=144656"},{"taxonomy":"post_tag","embeddable":true,"href":"https:\/\/radioljubuski.ba\/index.php\/wp-json\/wp\/v2\/tags?post=144656"}],"curies":[{"name":"wp","href":"https:\/\/api.w.org\/{rel}","templated":true}]}}