{"id":144678,"date":"2022-05-29T18:52:29","date_gmt":"2022-05-29T17:52:29","guid":{"rendered":"https:\/\/radioljubuski.ba\/?p=144678"},"modified":"2022-05-31T13:24:59","modified_gmt":"2022-05-31T12:24:59","slug":"izvidacu-kup","status":"publish","type":"post","link":"https:\/\/radioljubuski.ba\/index.php\/2022\/05\/29\/izvidacu-kup\/","title":{"rendered":"Izvi\u0111a\u010du Kup BiH!!!!"},"content":{"rendered":"\n<p>Dva dana za redom rukometa\u0161i Izvi\u0111a\u010da odigrali su dvije velike utakmice, u polufinalu Kupa protiv Borca, a u finalu protiv Slobode. Bile su to dvije sigurne i uvjerljive pobjede protiv prvaka i viceprvaka \u0161to jo\u0161 daje na te\u017eini ovom uspjehu i osvajanju titule Kupa nakon dvadeset godina.<\/p>\n\n\n\n<p>\u0160to se same utakmice ti\u010de, ona je i\u0161la u jednom smjeru osim prvih 12-13 minuta kad se Sloboda dr\u017eala, u 10. minuti bilo je 4:4, u 13-oj 6:6, a onda je krenuo Izvi\u0111a\u010dev stroj. <\/p>\n\n\n\n<p>U 17.minuti bilo je 8:6, u 20-oj 11:7, a u 24-oj 15:10. Kada je Izvi\u0111a\u010d u 29. minuti poveo 18:11 na prepunoj tribini je gorjelo, a s tim se rezultatom oti\u0161lo na odmor.<\/p>\n\n\n\n<p>Iako su gosti na po\u010detku nastavka postigli dva brza gola, nisu niti jednom ugrozili sigurno vodstvo Izvi\u0111a\u010da \u0161to \u0107e zorno pokazati slijede\u0107e minute. <\/p>\n\n\n\n<p>Skauti su poga\u0111ali sa svih strana, Mladen Bo\u0161kovi\u0107 s krila, Milan Mi\u0107a Vuk\u0161i\u0107 sa sedam metara, Ivano Pavlovi\u0107 i Milo\u0161 Kos kad se god dignu, a ni ostali nisu zaostajali. <\/p>\n\n\n\n<p>U 40.minuti bilo je plus osam 22:14, a u 48-oj bilo je plus deset 27:17 i na tribinama je po\u010delo slavlje, a zavr\u0161ilo je 32:25. <\/p>\n\n\n\n<p>Jo\u0161 jednom velika pohvala publici, isto\u010dna tribina bila je puna, oko 1500 navija\u010da nije \u017ealilo grla svih \u0161ezdeset minuta i umnogome su olak\u0161ali igra\u010dima da zabilje\u017ee jo\u0161 jednu veliku pobjedu.<\/p>\n\n\n\n<p>Cijela mom\u010dad je izgarala na parketu, bacali su se &#8220;na glave&#8221; za svaku loptu i rezultat nije mogao izostati. <\/p>\n\n\n\n<p>\u010cetvorica igra\u010da Izvi\u0111a\u010da postigli su po \u0161est golova, Ivano Pavlovi\u0107, Mladen Bo\u0161kovi\u0107, Milo\u0161 Kos i Milan Vuk\u0161i\u0107, a strijelce Slobode predvodio je Anes Be\u010di\u0107 s osam postignutih golova (\u0161est sa sedam metara).<\/p>\n\n\n\n<p>Prije dodjele medalja i pehara od Izvi\u0111a\u010da se oprostio Amir Muhovi\u0107 koji je od kluba na dar dobio umjetni\u010dku sliku, a kako re\u010de \u201evratit \u0107u se ja\u201c. Ide u slovenskog prvaka Celje.<\/p>\n\n\n\n<p>Predsjednik Zrinjskog Dario Vuk\u0161i\u0107 uru\u010dio je medalje i pehar za osvojeno drug mjesto rukometa\u0161ima Slobode, a komesar Premier lige Zdenko Alpeza i predsjednik Izvi\u0111a\u010da Toni Kraljevi\u0107 uru\u010dili su medalje i pehar pobjednicima \u2013 rukometa\u0161ima Izvi\u0111a\u010da, a tada su se u slavlje uklju\u010dili i navija\u010di koji nisu napu\u0161tali dvoranu.<\/p>\n\n\n\n<p>Poslu\u0161ajte \u0161to smo snimili sino\u0107<\/p>\n\n\n\n<iframe src=\"https:\/\/drive.google.com\/file\/d\/1Z7cwRF2fRSnzuEBRyDsp3Bu1WotAqhik\/preview\" style=\"width: 100%; height: 100px;\"><\/iframe>\n\n\n\n<figure class=\"wp-block-gallery columns-3 is-cropped wp-block-gallery-1 is-layout-flex wp-block-gallery-is-layout-flex\"><ul class=\"blocks-gallery-grid\"><li class=\"blocks-gallery-item\"><figure><img loading=\"lazy\" decoding=\"async\" width=\"1024\" height=\"683\" src=\"https:\/\/radioljubuski.ba\/wp-content\/uploads\/2022\/05\/DSC0034-2.jpg\" alt=\"\" data-id=\"144679\" data-full-url=\"https:\/\/radioljubuski.ba\/wp-content\/uploads\/2022\/05\/DSC0034-2.jpg\" data-link=\"https:\/\/radioljubuski.ba\/?attachment_id=144679\" class=\"wp-image-144679\" srcset=\"https:\/\/radioljubuski.ba\/wp-content\/uploads\/2022\/05\/DSC0034-2.jpg 1024w, https:\/\/radioljubuski.ba\/wp-content\/uploads\/2022\/05\/DSC0034-2-300x200.jpg 300w, https:\/\/radioljubuski.ba\/wp-content\/uploads\/2022\/05\/DSC0034-2-768x512.jpg 768w, https:\/\/radioljubuski.ba\/wp-content\/uploads\/2022\/05\/DSC0034-2-18x12.jpg 18w\" sizes=\"auto, (max-width: 1024px) 100vw, 1024px\" \/><\/figure><\/li><li class=\"blocks-gallery-item\"><figure><img loading=\"lazy\" decoding=\"async\" width=\"1024\" height=\"683\" src=\"https:\/\/radioljubuski.ba\/wp-content\/uploads\/2022\/05\/DSC0035.jpg\" alt=\"\" data-id=\"144680\" data-full-url=\"https:\/\/radioljubuski.ba\/wp-content\/uploads\/2022\/05\/DSC0035.jpg\" data-link=\"https:\/\/radioljubuski.ba\/?attachment_id=144680\" class=\"wp-image-144680\" srcset=\"https:\/\/radioljubuski.ba\/wp-content\/uploads\/2022\/05\/DSC0035.jpg 1024w, https:\/\/radioljubuski.ba\/wp-content\/uploads\/2022\/05\/DSC0035-300x200.jpg 300w, https:\/\/radioljubuski.ba\/wp-content\/uploads\/2022\/05\/DSC0035-768x512.jpg 768w, https:\/\/radioljubuski.ba\/wp-content\/uploads\/2022\/05\/DSC0035-18x12.jpg 18w\" sizes=\"auto, (max-width: 1024px) 100vw, 1024px\" \/><\/figure><\/li><li class=\"blocks-gallery-item\"><figure><img loading=\"lazy\" decoding=\"async\" width=\"1024\" height=\"683\" src=\"https:\/\/radioljubuski.ba\/wp-content\/uploads\/2022\/05\/DSC0038-1.jpg\" alt=\"\" data-id=\"144681\" data-full-url=\"https:\/\/radioljubuski.ba\/wp-content\/uploads\/2022\/05\/DSC0038-1.jpg\" data-link=\"https:\/\/radioljubuski.ba\/?attachment_id=144681\" class=\"wp-image-144681\" srcset=\"https:\/\/radioljubuski.ba\/wp-content\/uploads\/2022\/05\/DSC0038-1.jpg 1024w, https:\/\/radioljubuski.ba\/wp-content\/uploads\/2022\/05\/DSC0038-1-300x200.jpg 300w, https:\/\/radioljubuski.ba\/wp-content\/uploads\/2022\/05\/DSC0038-1-768x512.jpg 768w, https:\/\/radioljubuski.ba\/wp-content\/uploads\/2022\/05\/DSC0038-1-18x12.jpg 18w\" sizes=\"auto, (max-width: 1024px) 100vw, 1024px\" \/><\/figure><\/li><li class=\"blocks-gallery-item\"><figure><img loading=\"lazy\" decoding=\"async\" width=\"1024\" height=\"683\" src=\"https:\/\/radioljubuski.ba\/wp-content\/uploads\/2022\/05\/DSC0044-2.jpg\" alt=\"\" data-id=\"144682\" data-full-url=\"https:\/\/radioljubuski.ba\/wp-content\/uploads\/2022\/05\/DSC0044-2.jpg\" data-link=\"https:\/\/radioljubuski.ba\/?attachment_id=144682\" class=\"wp-image-144682\" srcset=\"https:\/\/radioljubuski.ba\/wp-content\/uploads\/2022\/05\/DSC0044-2.jpg 1024w, https:\/\/radioljubuski.ba\/wp-content\/uploads\/2022\/05\/DSC0044-2-300x200.jpg 300w, https:\/\/radioljubuski.ba\/wp-content\/uploads\/2022\/05\/DSC0044-2-768x512.jpg 768w, https:\/\/radioljubuski.ba\/wp-content\/uploads\/2022\/05\/DSC0044-2-18x12.jpg 18w\" sizes=\"auto, (max-width: 1024px) 100vw, 1024px\" \/><\/figure><\/li><li class=\"blocks-gallery-item\"><figure><img loading=\"lazy\" decoding=\"async\" width=\"1024\" height=\"683\" src=\"https:\/\/radioljubuski.ba\/wp-content\/uploads\/2022\/05\/DSC0046.jpg\" alt=\"\" data-id=\"144683\" data-full-url=\"https:\/\/radioljubuski.ba\/wp-content\/uploads\/2022\/05\/DSC0046.jpg\" data-link=\"https:\/\/radioljubuski.ba\/?attachment_id=144683\" class=\"wp-image-144683\" srcset=\"https:\/\/radioljubuski.ba\/wp-content\/uploads\/2022\/05\/DSC0046.jpg 1024w, https:\/\/radioljubuski.ba\/wp-content\/uploads\/2022\/05\/DSC0046-300x200.jpg 300w, https:\/\/radioljubuski.ba\/wp-content\/uploads\/2022\/05\/DSC0046-768x512.jpg 768w, https:\/\/radioljubuski.ba\/wp-content\/uploads\/2022\/05\/DSC0046-18x12.jpg 18w\" sizes=\"auto, (max-width: 1024px) 100vw, 1024px\" \/><\/figure><\/li><li class=\"blocks-gallery-item\"><figure><img loading=\"lazy\" decoding=\"async\" width=\"1024\" height=\"683\" src=\"https:\/\/radioljubuski.ba\/wp-content\/uploads\/2022\/05\/DSC0065-1.jpg\" alt=\"\" data-id=\"144684\" data-full-url=\"https:\/\/radioljubuski.ba\/wp-content\/uploads\/2022\/05\/DSC0065-1.jpg\" data-link=\"https:\/\/radioljubuski.ba\/?attachment_id=144684\" class=\"wp-image-144684\" srcset=\"https:\/\/radioljubuski.ba\/wp-content\/uploads\/2022\/05\/DSC0065-1.jpg 1024w, https:\/\/radioljubuski.ba\/wp-content\/uploads\/2022\/05\/DSC0065-1-300x200.jpg 300w, https:\/\/radioljubuski.ba\/wp-content\/uploads\/2022\/05\/DSC0065-1-768x512.jpg 768w, https:\/\/radioljubuski.ba\/wp-content\/uploads\/2022\/05\/DSC0065-1-18x12.jpg 18w\" sizes=\"auto, (max-width: 1024px) 100vw, 1024px\" \/><\/figure><\/li><li class=\"blocks-gallery-item\"><figure><img loading=\"lazy\" decoding=\"async\" width=\"907\" height=\"768\" src=\"https:\/\/radioljubuski.ba\/wp-content\/uploads\/2022\/05\/DSC0071-1.jpg\" alt=\"\" data-id=\"144685\" data-full-url=\"https:\/\/radioljubuski.ba\/wp-content\/uploads\/2022\/05\/DSC0071-1.jpg\" data-link=\"https:\/\/radioljubuski.ba\/?attachment_id=144685\" class=\"wp-image-144685\" srcset=\"https:\/\/radioljubuski.ba\/wp-content\/uploads\/2022\/05\/DSC0071-1.jpg 907w, https:\/\/radioljubuski.ba\/wp-content\/uploads\/2022\/05\/DSC0071-1-300x254.jpg 300w, https:\/\/radioljubuski.ba\/wp-content\/uploads\/2022\/05\/DSC0071-1-768x650.jpg 768w, https:\/\/radioljubuski.ba\/wp-content\/uploads\/2022\/05\/DSC0071-1-14x12.jpg 14w\" sizes=\"auto, (max-width: 907px) 100vw, 907px\" \/><\/figure><\/li><li class=\"blocks-gallery-item\"><figure><img loading=\"lazy\" decoding=\"async\" width=\"1024\" height=\"683\" src=\"https:\/\/radioljubuski.ba\/wp-content\/uploads\/2022\/05\/DSC0076-1.jpg\" alt=\"\" data-id=\"144686\" data-full-url=\"https:\/\/radioljubuski.ba\/wp-content\/uploads\/2022\/05\/DSC0076-1.jpg\" data-link=\"https:\/\/radioljubuski.ba\/?attachment_id=144686\" class=\"wp-image-144686\" srcset=\"https:\/\/radioljubuski.ba\/wp-content\/uploads\/2022\/05\/DSC0076-1.jpg 1024w, https:\/\/radioljubuski.ba\/wp-content\/uploads\/2022\/05\/DSC0076-1-300x200.jpg 300w, https:\/\/radioljubuski.ba\/wp-content\/uploads\/2022\/05\/DSC0076-1-768x512.jpg 768w, https:\/\/radioljubuski.ba\/wp-content\/uploads\/2022\/05\/DSC0076-1-18x12.jpg 18w\" sizes=\"auto, (max-width: 1024px) 100vw, 1024px\" \/><\/figure><\/li><li class=\"blocks-gallery-item\"><figure><img loading=\"lazy\" decoding=\"async\" width=\"768\" height=\"899\" src=\"https:\/\/radioljubuski.ba\/wp-content\/uploads\/2022\/05\/DSC0083.jpg\" alt=\"\" data-id=\"144687\" data-full-url=\"https:\/\/radioljubuski.ba\/wp-content\/uploads\/2022\/05\/DSC0083.jpg\" data-link=\"https:\/\/radioljubuski.ba\/?attachment_id=144687\" class=\"wp-image-144687\" srcset=\"https:\/\/radioljubuski.ba\/wp-content\/uploads\/2022\/05\/DSC0083.jpg 768w, https:\/\/radioljubuski.ba\/wp-content\/uploads\/2022\/05\/DSC0083-256x300.jpg 256w, https:\/\/radioljubuski.ba\/wp-content\/uploads\/2022\/05\/DSC0083-10x12.jpg 10w\" sizes=\"auto, (max-width: 768px) 100vw, 768px\" \/><\/figure><\/li><li class=\"blocks-gallery-item\"><figure><img loading=\"lazy\" decoding=\"async\" width=\"1024\" height=\"683\" src=\"https:\/\/radioljubuski.ba\/wp-content\/uploads\/2022\/05\/DSC0087.jpg\" alt=\"\" data-id=\"144688\" data-full-url=\"https:\/\/radioljubuski.ba\/wp-content\/uploads\/2022\/05\/DSC0087.jpg\" data-link=\"https:\/\/radioljubuski.ba\/?attachment_id=144688\" class=\"wp-image-144688\" srcset=\"https:\/\/radioljubuski.ba\/wp-content\/uploads\/2022\/05\/DSC0087.jpg 1024w, https:\/\/radioljubuski.ba\/wp-content\/uploads\/2022\/05\/DSC0087-300x200.jpg 300w, https:\/\/radioljubuski.ba\/wp-content\/uploads\/2022\/05\/DSC0087-768x512.jpg 768w, https:\/\/radioljubuski.ba\/wp-content\/uploads\/2022\/05\/DSC0087-18x12.jpg 18w\" sizes=\"auto, (max-width: 1024px) 100vw, 1024px\" \/><\/figure><\/li><li class=\"blocks-gallery-item\"><figure><img loading=\"lazy\" decoding=\"async\" width=\"1024\" height=\"683\" src=\"https:\/\/radioljubuski.ba\/wp-content\/uploads\/2022\/05\/DSC0089.jpg\" alt=\"\" data-id=\"144689\" data-full-url=\"https:\/\/radioljubuski.ba\/wp-content\/uploads\/2022\/05\/DSC0089.jpg\" data-link=\"https:\/\/radioljubuski.ba\/?attachment_id=144689\" class=\"wp-image-144689\" srcset=\"https:\/\/radioljubuski.ba\/wp-content\/uploads\/2022\/05\/DSC0089.jpg 1024w, https:\/\/radioljubuski.ba\/wp-content\/uploads\/2022\/05\/DSC0089-300x200.jpg 300w, https:\/\/radioljubuski.ba\/wp-content\/uploads\/2022\/05\/DSC0089-768x512.jpg 768w, https:\/\/radioljubuski.ba\/wp-content\/uploads\/2022\/05\/DSC0089-18x12.jpg 18w\" sizes=\"auto, (max-width: 1024px) 100vw, 1024px\" \/><\/figure><\/li><li class=\"blocks-gallery-item\"><figure><img loading=\"lazy\" decoding=\"async\" width=\"1024\" height=\"683\" src=\"https:\/\/radioljubuski.ba\/wp-content\/uploads\/2022\/05\/DSC0092.jpg\" alt=\"\" data-id=\"144690\" data-full-url=\"https:\/\/radioljubuski.ba\/wp-content\/uploads\/2022\/05\/DSC0092.jpg\" data-link=\"https:\/\/radioljubuski.ba\/?attachment_id=144690\" class=\"wp-image-144690\" srcset=\"https:\/\/radioljubuski.ba\/wp-content\/uploads\/2022\/05\/DSC0092.jpg 1024w, https:\/\/radioljubuski.ba\/wp-content\/uploads\/2022\/05\/DSC0092-300x200.jpg 300w, https:\/\/radioljubuski.ba\/wp-content\/uploads\/2022\/05\/DSC0092-768x512.jpg 768w, https:\/\/radioljubuski.ba\/wp-content\/uploads\/2022\/05\/DSC0092-18x12.jpg 18w\" sizes=\"auto, (max-width: 1024px) 100vw, 1024px\" \/><\/figure><\/li><li class=\"blocks-gallery-item\"><figure><img loading=\"lazy\" decoding=\"async\" width=\"826\" height=\"768\" src=\"https:\/\/radioljubuski.ba\/wp-content\/uploads\/2022\/05\/DSC0108.jpg\" alt=\"\" data-id=\"144691\" data-full-url=\"https:\/\/radioljubuski.ba\/wp-content\/uploads\/2022\/05\/DSC0108.jpg\" data-link=\"https:\/\/radioljubuski.ba\/?attachment_id=144691\" class=\"wp-image-144691\" srcset=\"https:\/\/radioljubuski.ba\/wp-content\/uploads\/2022\/05\/DSC0108.jpg 826w, https:\/\/radioljubuski.ba\/wp-content\/uploads\/2022\/05\/DSC0108-300x279.jpg 300w, https:\/\/radioljubuski.ba\/wp-content\/uploads\/2022\/05\/DSC0108-768x714.jpg 768w, https:\/\/radioljubuski.ba\/wp-content\/uploads\/2022\/05\/DSC0108-13x12.jpg 13w\" sizes=\"auto, (max-width: 826px) 100vw, 826px\" \/><\/figure><\/li><li class=\"blocks-gallery-item\"><figure><img loading=\"lazy\" decoding=\"async\" width=\"1024\" height=\"654\" src=\"https:\/\/radioljubuski.ba\/wp-content\/uploads\/2022\/05\/DSC0112.jpg\" alt=\"\" data-id=\"144692\" data-full-url=\"https:\/\/radioljubuski.ba\/wp-content\/uploads\/2022\/05\/DSC0112.jpg\" data-link=\"https:\/\/radioljubuski.ba\/?attachment_id=144692\" class=\"wp-image-144692\" srcset=\"https:\/\/radioljubuski.ba\/wp-content\/uploads\/2022\/05\/DSC0112.jpg 1024w, https:\/\/radioljubuski.ba\/wp-content\/uploads\/2022\/05\/DSC0112-300x192.jpg 300w, https:\/\/radioljubuski.ba\/wp-content\/uploads\/2022\/05\/DSC0112-768x491.jpg 768w, https:\/\/radioljubuski.ba\/wp-content\/uploads\/2022\/05\/DSC0112-18x12.jpg 18w\" sizes=\"auto, (max-width: 1024px) 100vw, 1024px\" \/><\/figure><\/li><li class=\"blocks-gallery-item\"><figure><img loading=\"lazy\" decoding=\"async\" width=\"1024\" height=\"683\" src=\"https:\/\/radioljubuski.ba\/wp-content\/uploads\/2022\/05\/DSC0115.jpg\" alt=\"\" data-id=\"144693\" data-full-url=\"https:\/\/radioljubuski.ba\/wp-content\/uploads\/2022\/05\/DSC0115.jpg\" data-link=\"https:\/\/radioljubuski.ba\/?attachment_id=144693\" class=\"wp-image-144693\" srcset=\"https:\/\/radioljubuski.ba\/wp-content\/uploads\/2022\/05\/DSC0115.jpg 1024w, https:\/\/radioljubuski.ba\/wp-content\/uploads\/2022\/05\/DSC0115-300x200.jpg 300w, https:\/\/radioljubuski.ba\/wp-content\/uploads\/2022\/05\/DSC0115-768x512.jpg 768w, https:\/\/radioljubuski.ba\/wp-content\/uploads\/2022\/05\/DSC0115-18x12.jpg 18w\" sizes=\"auto, (max-width: 1024px) 100vw, 1024px\" \/><\/figure><\/li><li class=\"blocks-gallery-item\"><figure><img loading=\"lazy\" decoding=\"async\" width=\"1024\" height=\"709\" src=\"https:\/\/radioljubuski.ba\/wp-content\/uploads\/2022\/05\/DSC0123.jpg\" alt=\"\" data-id=\"144694\" data-full-url=\"https:\/\/radioljubuski.ba\/wp-content\/uploads\/2022\/05\/DSC0123.jpg\" data-link=\"https:\/\/radioljubuski.ba\/?attachment_id=144694\" class=\"wp-image-144694\" srcset=\"https:\/\/radioljubuski.ba\/wp-content\/uploads\/2022\/05\/DSC0123.jpg 1024w, https:\/\/radioljubuski.ba\/wp-content\/uploads\/2022\/05\/DSC0123-300x208.jpg 300w, https:\/\/radioljubuski.ba\/wp-content\/uploads\/2022\/05\/DSC0123-768x532.jpg 768w, https:\/\/radioljubuski.ba\/wp-content\/uploads\/2022\/05\/DSC0123-18x12.jpg 18w\" sizes=\"auto, (max-width: 1024px) 100vw, 1024px\" \/><\/figure><\/li><li class=\"blocks-gallery-item\"><figure><img loading=\"lazy\" decoding=\"async\" width=\"1024\" height=\"683\" src=\"https:\/\/radioljubuski.ba\/wp-content\/uploads\/2022\/05\/DSC0128.jpg\" alt=\"\" data-id=\"144695\" data-full-url=\"https:\/\/radioljubuski.ba\/wp-content\/uploads\/2022\/05\/DSC0128.jpg\" data-link=\"https:\/\/radioljubuski.ba\/?attachment_id=144695\" class=\"wp-image-144695\" srcset=\"https:\/\/radioljubuski.ba\/wp-content\/uploads\/2022\/05\/DSC0128.jpg 1024w, https:\/\/radioljubuski.ba\/wp-content\/uploads\/2022\/05\/DSC0128-300x200.jpg 300w, https:\/\/radioljubuski.ba\/wp-content\/uploads\/2022\/05\/DSC0128-768x512.jpg 768w, https:\/\/radioljubuski.ba\/wp-content\/uploads\/2022\/05\/DSC0128-18x12.jpg 18w\" sizes=\"auto, (max-width: 1024px) 100vw, 1024px\" \/><\/figure><\/li><\/ul><\/figure>\n\n\n\n<p>mile kraljevi\u0107\/radio ljubu\u0161ki<\/p>\n","protected":false},"excerpt":{"rendered":"<p>Dva dana za redom rukometa\u0161i Izvi\u0111a\u010da odigrali su dvije velike utakmice, u polufinalu Kupa protiv Borca, a u finalu protiv Slobode. Bile su to dvije sigurne i uvjerljive pobjede protiv prvaka i viceprvaka \u0161to jo\u0161 daje na te\u017eini ovom uspjehu i osvajanju titule Kupa nakon dvadeset godina. \u0160to se same utakmice ti\u010de, ona je i\u0161la [&hellip;]<\/p>\n","protected":false},"author":2,"featured_media":144696,"comment_status":"closed","ping_status":"closed","sticky":false,"template":"","format":"standard","meta":{"h5ap_radio_sources":[],"footnotes":""},"categories":[8],"tags":[],"class_list":["post-144678","post","type-post","status-publish","format-standard","has-post-thumbnail","hentry","category-rlj-audio"],"yoast_head":"<!-- This site is optimized with the Yoast SEO plugin v27.5 - https:\/\/yoast.com\/product\/yoast-seo-wordpress\/ -->\n<title>Izvi\u0111a\u010du Kup BiH!!!! - RADIO LJUBU\u0160KI<\/title>\n<meta name=\"robots\" content=\"index, follow, max-snippet:-1, max-image-preview:large, max-video-preview:-1\" \/>\n<link rel=\"canonical\" href=\"https:\/\/radioljubuski.ba\/index.php\/2022\/05\/29\/izvidacu-kup\/\" \/>\n<meta property=\"og:locale\" content=\"hr_HR\" \/>\n<meta property=\"og:type\" content=\"article\" \/>\n<meta property=\"og:title\" content=\"Izvi\u0111a\u010du Kup BiH!!!! - RADIO LJUBU\u0160KI\" \/>\n<meta property=\"og:description\" content=\"Dva dana za redom rukometa\u0161i Izvi\u0111a\u010da odigrali su dvije velike utakmice, u polufinalu Kupa protiv Borca, a u finalu protiv Slobode. Bile su to dvije sigurne i uvjerljive pobjede protiv prvaka i viceprvaka \u0161to jo\u0161 daje na te\u017eini ovom uspjehu i osvajanju titule Kupa nakon dvadeset godina. \u0160to se same utakmice ti\u010de, ona je i\u0161la [&hellip;]\" \/>\n<meta property=\"og:url\" content=\"https:\/\/radioljubuski.ba\/index.php\/2022\/05\/29\/izvidacu-kup\/\" \/>\n<meta property=\"og:site_name\" content=\"RADIO LJUBU\u0160KI\" \/>\n<meta property=\"article:publisher\" content=\"https:\/\/www.facebook.com\/Radiio-Ljubuski-1490835324566332\" \/>\n<meta property=\"article:published_time\" content=\"2022-05-29T17:52:29+00:00\" \/>\n<meta property=\"article:modified_time\" content=\"2022-05-31T12:24:59+00:00\" \/>\n<meta property=\"og:image\" content=\"https:\/\/radioljubuski.ba\/wp-content\/uploads\/2022\/05\/DSC0112-1.jpg\" \/>\n\t<meta property=\"og:image:width\" content=\"1024\" \/>\n\t<meta property=\"og:image:height\" content=\"654\" \/>\n\t<meta property=\"og:image:type\" content=\"image\/jpeg\" \/>\n<meta name=\"author\" content=\"Radio Ljubu\u0161ki\" \/>\n<meta name=\"twitter:card\" content=\"summary_large_image\" \/>\n<meta name=\"twitter:creator\" content=\"@radioljubuski\" \/>\n<meta name=\"twitter:site\" content=\"@radioljubuski\" \/>\n<meta name=\"twitter:label1\" content=\"Napisao\/la\" \/>\n\t<meta name=\"twitter:data1\" content=\"Radio Ljubu\u0161ki\" \/>\n\t<meta name=\"twitter:label2\" content=\"Procijenjeno vrijeme \u010ditanja\" \/>\n\t<meta name=\"twitter:data2\" content=\"5 minuta\" \/>\n<script type=\"application\/ld+json\" class=\"yoast-schema-graph\">{\"@context\":\"https:\\\/\\\/schema.org\",\"@graph\":[{\"@type\":\"Article\",\"@id\":\"https:\\\/\\\/radioljubuski.ba\\\/index.php\\\/2022\\\/05\\\/29\\\/izvidacu-kup\\\/#article\",\"isPartOf\":{\"@id\":\"https:\\\/\\\/radioljubuski.ba\\\/index.php\\\/2022\\\/05\\\/29\\\/izvidacu-kup\\\/\"},\"author\":{\"name\":\"Radio Ljubu\u0161ki\",\"@id\":\"https:\\\/\\\/radioljubuski.ba\\\/#\\\/schema\\\/person\\\/19fc700381a780f69665d7956c469e3b\"},\"headline\":\"Izvi\u0111a\u010du Kup BiH!!!!\",\"datePublished\":\"2022-05-29T17:52:29+00:00\",\"dateModified\":\"2022-05-31T12:24:59+00:00\",\"mainEntityOfPage\":{\"@id\":\"https:\\\/\\\/radioljubuski.ba\\\/index.php\\\/2022\\\/05\\\/29\\\/izvidacu-kup\\\/\"},\"wordCount\":405,\"publisher\":{\"@id\":\"https:\\\/\\\/radioljubuski.ba\\\/#organization\"},\"image\":{\"@id\":\"https:\\\/\\\/radioljubuski.ba\\\/index.php\\\/2022\\\/05\\\/29\\\/izvidacu-kup\\\/#primaryimage\"},\"thumbnailUrl\":\"https:\\\/\\\/radioljubuski.ba\\\/wp-content\\\/uploads\\\/2022\\\/05\\\/DSC0112-1.jpg\",\"articleSection\":[\"RLJ Audio\"],\"inLanguage\":\"hr\"},{\"@type\":\"WebPage\",\"@id\":\"https:\\\/\\\/radioljubuski.ba\\\/index.php\\\/2022\\\/05\\\/29\\\/izvidacu-kup\\\/\",\"url\":\"https:\\\/\\\/radioljubuski.ba\\\/index.php\\\/2022\\\/05\\\/29\\\/izvidacu-kup\\\/\",\"name\":\"Izvi\u0111a\u010du Kup BiH!!!! - RADIO LJUBU\u0160KI\",\"isPartOf\":{\"@id\":\"https:\\\/\\\/radioljubuski.ba\\\/#website\"},\"primaryImageOfPage\":{\"@id\":\"https:\\\/\\\/radioljubuski.ba\\\/index.php\\\/2022\\\/05\\\/29\\\/izvidacu-kup\\\/#primaryimage\"},\"image\":{\"@id\":\"https:\\\/\\\/radioljubuski.ba\\\/index.php\\\/2022\\\/05\\\/29\\\/izvidacu-kup\\\/#primaryimage\"},\"thumbnailUrl\":\"https:\\\/\\\/radioljubuski.ba\\\/wp-content\\\/uploads\\\/2022\\\/05\\\/DSC0112-1.jpg\",\"datePublished\":\"2022-05-29T17:52:29+00:00\",\"dateModified\":\"2022-05-31T12:24:59+00:00\",\"breadcrumb\":{\"@id\":\"https:\\\/\\\/radioljubuski.ba\\\/index.php\\\/2022\\\/05\\\/29\\\/izvidacu-kup\\\/#breadcrumb\"},\"inLanguage\":\"hr\",\"potentialAction\":[{\"@type\":\"ReadAction\",\"target\":[\"https:\\\/\\\/radioljubuski.ba\\\/index.php\\\/2022\\\/05\\\/29\\\/izvidacu-kup\\\/\"]}]},{\"@type\":\"ImageObject\",\"inLanguage\":\"hr\",\"@id\":\"https:\\\/\\\/radioljubuski.ba\\\/index.php\\\/2022\\\/05\\\/29\\\/izvidacu-kup\\\/#primaryimage\",\"url\":\"https:\\\/\\\/radioljubuski.ba\\\/wp-content\\\/uploads\\\/2022\\\/05\\\/DSC0112-1.jpg\",\"contentUrl\":\"https:\\\/\\\/radioljubuski.ba\\\/wp-content\\\/uploads\\\/2022\\\/05\\\/DSC0112-1.jpg\",\"width\":1024,\"height\":654},{\"@type\":\"BreadcrumbList\",\"@id\":\"https:\\\/\\\/radioljubuski.ba\\\/index.php\\\/2022\\\/05\\\/29\\\/izvidacu-kup\\\/#breadcrumb\",\"itemListElement\":[{\"@type\":\"ListItem\",\"position\":1,\"name\":\"Po\u010detna stranica\",\"item\":\"https:\\\/\\\/radioljubuski.ba\\\/\"},{\"@type\":\"ListItem\",\"position\":2,\"name\":\"Izvi\u0111a\u010du Kup BiH!!!!\"}]},{\"@type\":\"WebSite\",\"@id\":\"https:\\\/\\\/radioljubuski.ba\\\/#website\",\"url\":\"https:\\\/\\\/radioljubuski.ba\\\/\",\"name\":\"Radio Ljubu\u0161ki\",\"description\":\"Sun\u010dana frekvencija Hercegovine\",\"publisher\":{\"@id\":\"https:\\\/\\\/radioljubuski.ba\\\/#organization\"},\"potentialAction\":[{\"@type\":\"SearchAction\",\"target\":{\"@type\":\"EntryPoint\",\"urlTemplate\":\"https:\\\/\\\/radioljubuski.ba\\\/?s={search_term_string}\"},\"query-input\":{\"@type\":\"PropertyValueSpecification\",\"valueRequired\":true,\"valueName\":\"search_term_string\"}}],\"inLanguage\":\"hr\"},{\"@type\":\"Organization\",\"@id\":\"https:\\\/\\\/radioljubuski.ba\\\/#organization\",\"name\":\"Radio Ljubu\u0161ki\",\"url\":\"https:\\\/\\\/radioljubuski.ba\\\/\",\"logo\":{\"@type\":\"ImageObject\",\"inLanguage\":\"hr\",\"@id\":\"https:\\\/\\\/radioljubuski.ba\\\/#\\\/schema\\\/logo\\\/image\\\/\",\"url\":\"https:\\\/\\\/radioljubuski.ba\\\/wp-content\\\/uploads\\\/2021\\\/02\\\/cropped-Radio_Ljubuski_logo1.jpg\",\"contentUrl\":\"https:\\\/\\\/radioljubuski.ba\\\/wp-content\\\/uploads\\\/2021\\\/02\\\/cropped-Radio_Ljubuski_logo1.jpg\",\"width\":512,\"height\":512,\"caption\":\"Radio Ljubu\u0161ki\"},\"image\":{\"@id\":\"https:\\\/\\\/radioljubuski.ba\\\/#\\\/schema\\\/logo\\\/image\\\/\"},\"sameAs\":[\"https:\\\/\\\/www.facebook.com\\\/Radiio-Ljubuski-1490835324566332\",\"https:\\\/\\\/x.com\\\/radioljubuski\",\"https:\\\/\\\/hr.linkedin.com\\\/company\\\/radio-ljubuski\",\"https:\\\/\\\/www.youtube.com\\\/channel\\\/UCHYaeO_n0Db3tjNGudGpXyw\"]},{\"@type\":\"Person\",\"@id\":\"https:\\\/\\\/radioljubuski.ba\\\/#\\\/schema\\\/person\\\/19fc700381a780f69665d7956c469e3b\",\"name\":\"Radio Ljubu\u0161ki\"}]}<\/script>\n<!-- \/ Yoast SEO plugin. -->","yoast_head_json":{"title":"Izvi\u0111a\u010du Kup BiH!!!! - RADIO LJUBU\u0160KI","robots":{"index":"index","follow":"follow","max-snippet":"max-snippet:-1","max-image-preview":"max-image-preview:large","max-video-preview":"max-video-preview:-1"},"canonical":"https:\/\/radioljubuski.ba\/index.php\/2022\/05\/29\/izvidacu-kup\/","og_locale":"hr_HR","og_type":"article","og_title":"Izvi\u0111a\u010du Kup BiH!!!! - RADIO LJUBU\u0160KI","og_description":"Dva dana za redom rukometa\u0161i Izvi\u0111a\u010da odigrali su dvije velike utakmice, u polufinalu Kupa protiv Borca, a u finalu protiv Slobode. Bile su to dvije sigurne i uvjerljive pobjede protiv prvaka i viceprvaka \u0161to jo\u0161 daje na te\u017eini ovom uspjehu i osvajanju titule Kupa nakon dvadeset godina. \u0160to se same utakmice ti\u010de, ona je i\u0161la [&hellip;]","og_url":"https:\/\/radioljubuski.ba\/index.php\/2022\/05\/29\/izvidacu-kup\/","og_site_name":"RADIO LJUBU\u0160KI","article_publisher":"https:\/\/www.facebook.com\/Radiio-Ljubuski-1490835324566332","article_published_time":"2022-05-29T17:52:29+00:00","article_modified_time":"2022-05-31T12:24:59+00:00","og_image":[{"width":1024,"height":654,"url":"https:\/\/radioljubuski.ba\/wp-content\/uploads\/2022\/05\/DSC0112-1.jpg","type":"image\/jpeg"}],"author":"Radio Ljubu\u0161ki","twitter_card":"summary_large_image","twitter_creator":"@radioljubuski","twitter_site":"@radioljubuski","twitter_misc":{"Napisao\/la":"Radio Ljubu\u0161ki","Procijenjeno vrijeme \u010ditanja":"5 minuta"},"schema":{"@context":"https:\/\/schema.org","@graph":[{"@type":"Article","@id":"https:\/\/radioljubuski.ba\/index.php\/2022\/05\/29\/izvidacu-kup\/#article","isPartOf":{"@id":"https:\/\/radioljubuski.ba\/index.php\/2022\/05\/29\/izvidacu-kup\/"},"author":{"name":"Radio Ljubu\u0161ki","@id":"https:\/\/radioljubuski.ba\/#\/schema\/person\/19fc700381a780f69665d7956c469e3b"},"headline":"Izvi\u0111a\u010du Kup BiH!!!!","datePublished":"2022-05-29T17:52:29+00:00","dateModified":"2022-05-31T12:24:59+00:00","mainEntityOfPage":{"@id":"https:\/\/radioljubuski.ba\/index.php\/2022\/05\/29\/izvidacu-kup\/"},"wordCount":405,"publisher":{"@id":"https:\/\/radioljubuski.ba\/#organization"},"image":{"@id":"https:\/\/radioljubuski.ba\/index.php\/2022\/05\/29\/izvidacu-kup\/#primaryimage"},"thumbnailUrl":"https:\/\/radioljubuski.ba\/wp-content\/uploads\/2022\/05\/DSC0112-1.jpg","articleSection":["RLJ Audio"],"inLanguage":"hr"},{"@type":"WebPage","@id":"https:\/\/radioljubuski.ba\/index.php\/2022\/05\/29\/izvidacu-kup\/","url":"https:\/\/radioljubuski.ba\/index.php\/2022\/05\/29\/izvidacu-kup\/","name":"Izvi\u0111a\u010du Kup BiH!!!! - RADIO LJUBU\u0160KI","isPartOf":{"@id":"https:\/\/radioljubuski.ba\/#website"},"primaryImageOfPage":{"@id":"https:\/\/radioljubuski.ba\/index.php\/2022\/05\/29\/izvidacu-kup\/#primaryimage"},"image":{"@id":"https:\/\/radioljubuski.ba\/index.php\/2022\/05\/29\/izvidacu-kup\/#primaryimage"},"thumbnailUrl":"https:\/\/radioljubuski.ba\/wp-content\/uploads\/2022\/05\/DSC0112-1.jpg","datePublished":"2022-05-29T17:52:29+00:00","dateModified":"2022-05-31T12:24:59+00:00","breadcrumb":{"@id":"https:\/\/radioljubuski.ba\/index.php\/2022\/05\/29\/izvidacu-kup\/#breadcrumb"},"inLanguage":"hr","potentialAction":[{"@type":"ReadAction","target":["https:\/\/radioljubuski.ba\/index.php\/2022\/05\/29\/izvidacu-kup\/"]}]},{"@type":"ImageObject","inLanguage":"hr","@id":"https:\/\/radioljubuski.ba\/index.php\/2022\/05\/29\/izvidacu-kup\/#primaryimage","url":"https:\/\/radioljubuski.ba\/wp-content\/uploads\/2022\/05\/DSC0112-1.jpg","contentUrl":"https:\/\/radioljubuski.ba\/wp-content\/uploads\/2022\/05\/DSC0112-1.jpg","width":1024,"height":654},{"@type":"BreadcrumbList","@id":"https:\/\/radioljubuski.ba\/index.php\/2022\/05\/29\/izvidacu-kup\/#breadcrumb","itemListElement":[{"@type":"ListItem","position":1,"name":"Po\u010detna stranica","item":"https:\/\/radioljubuski.ba\/"},{"@type":"ListItem","position":2,"name":"Izvi\u0111a\u010du Kup BiH!!!!"}]},{"@type":"WebSite","@id":"https:\/\/radioljubuski.ba\/#website","url":"https:\/\/radioljubuski.ba\/","name":"Radio Ljubu\u0161ki","description":"Sun\u010dana frekvencija Hercegovine","publisher":{"@id":"https:\/\/radioljubuski.ba\/#organization"},"potentialAction":[{"@type":"SearchAction","target":{"@type":"EntryPoint","urlTemplate":"https:\/\/radioljubuski.ba\/?s={search_term_string}"},"query-input":{"@type":"PropertyValueSpecification","valueRequired":true,"valueName":"search_term_string"}}],"inLanguage":"hr"},{"@type":"Organization","@id":"https:\/\/radioljubuski.ba\/#organization","name":"Radio Ljubu\u0161ki","url":"https:\/\/radioljubuski.ba\/","logo":{"@type":"ImageObject","inLanguage":"hr","@id":"https:\/\/radioljubuski.ba\/#\/schema\/logo\/image\/","url":"https:\/\/radioljubuski.ba\/wp-content\/uploads\/2021\/02\/cropped-Radio_Ljubuski_logo1.jpg","contentUrl":"https:\/\/radioljubuski.ba\/wp-content\/uploads\/2021\/02\/cropped-Radio_Ljubuski_logo1.jpg","width":512,"height":512,"caption":"Radio Ljubu\u0161ki"},"image":{"@id":"https:\/\/radioljubuski.ba\/#\/schema\/logo\/image\/"},"sameAs":["https:\/\/www.facebook.com\/Radiio-Ljubuski-1490835324566332","https:\/\/x.com\/radioljubuski","https:\/\/hr.linkedin.com\/company\/radio-ljubuski","https:\/\/www.youtube.com\/channel\/UCHYaeO_n0Db3tjNGudGpXyw"]},{"@type":"Person","@id":"https:\/\/radioljubuski.ba\/#\/schema\/person\/19fc700381a780f69665d7956c469e3b","name":"Radio Ljubu\u0161ki"}]}},"_links":{"self":[{"href":"https:\/\/radioljubuski.ba\/index.php\/wp-json\/wp\/v2\/posts\/144678","targetHints":{"allow":["GET"]}}],"collection":[{"href":"https:\/\/radioljubuski.ba\/index.php\/wp-json\/wp\/v2\/posts"}],"about":[{"href":"https:\/\/radioljubuski.ba\/index.php\/wp-json\/wp\/v2\/types\/post"}],"author":[{"embeddable":true,"href":"https:\/\/radioljubuski.ba\/index.php\/wp-json\/wp\/v2\/users\/2"}],"replies":[{"embeddable":true,"href":"https:\/\/radioljubuski.ba\/index.php\/wp-json\/wp\/v2\/comments?post=144678"}],"version-history":[{"count":3,"href":"https:\/\/radioljubuski.ba\/index.php\/wp-json\/wp\/v2\/posts\/144678\/revisions"}],"predecessor-version":[{"id":144942,"href":"https:\/\/radioljubuski.ba\/index.php\/wp-json\/wp\/v2\/posts\/144678\/revisions\/144942"}],"wp:featuredmedia":[{"embeddable":true,"href":"https:\/\/radioljubuski.ba\/index.php\/wp-json\/wp\/v2\/media\/144696"}],"wp:attachment":[{"href":"https:\/\/radioljubuski.ba\/index.php\/wp-json\/wp\/v2\/media?parent=144678"}],"wp:term":[{"taxonomy":"category","embeddable":true,"href":"https:\/\/radioljubuski.ba\/index.php\/wp-json\/wp\/v2\/categories?post=144678"},{"taxonomy":"post_tag","embeddable":true,"href":"https:\/\/radioljubuski.ba\/index.php\/wp-json\/wp\/v2\/tags?post=144678"}],"curies":[{"name":"wp","href":"https:\/\/api.w.org\/{rel}","templated":true}]}}