{"id":14518,"date":"2021-04-19T22:23:37","date_gmt":"2021-04-19T21:23:37","guid":{"rendered":"https:\/\/radioljubuski.ba\/?p=14518"},"modified":"2021-04-19T22:23:37","modified_gmt":"2021-04-19T21:23:37","slug":"skup-potpore-napadnutom-novinaru-dasku-milinovicu-u-novom-sadu","status":"publish","type":"post","link":"https:\/\/radioljubuski.ba\/index.php\/2021\/04\/19\/skup-potpore-napadnutom-novinaru-dasku-milinovicu-u-novom-sadu\/","title":{"rendered":"Skup potpore napadnutom novinaru Da\u0161ku Milinovi\u0107u u Novom Sadu"},"content":{"rendered":"\n<p><strong>Petstotinjak ljudi okupilo se u ponedjeljak u sredi\u0161tu Novog Sada prosvjeduju\u0107i protiv pro\u0161lotjednog napada na radijskog voditelja&nbsp;Da\u0161ka Milinovi\u0107a&nbsp;za koji su optu\u017eili desne profa\u0161isti\u010dke organizacije, javili su novosadski portali 021.rs i Autonomija.<\/strong><\/p>\n\n\n\n<p>&#8211; Ne\u0107e biti bolje ako pu\u0161tamo fa\u0161iste da nam kroje sudbinu i da oni odlu\u010duju kako \u0107e ovo dru\u0161tvo izgledati u budu\u0107nosti, rekao je na skupu predsjednik Neovisnog dru\u0161tva novinara Srbije (NUNS)&nbsp;<strong>\u017deljko Bodro\u017ei\u0107<\/strong>.<\/p>\n\n\n\n<p>&#8211; Ovdje je po\u010delo, u Novom Sadu je krenuo taj zao val nacionalizma da se valja, i mi ve\u0107 vi\u0161e od 30 godina gledamo kako kolaboracionisti iz Drugog svjetskog rata dobivaju na zna\u010daju, dodao je.<\/p>\n\n\n\n<p>Napadnuti novinar Da\u0161ko Milinovi\u0107 je rekao da su gra\u0111ani danas uradili najva\u017eniju stvar, do\u0161li su na prosvjed.<\/p>\n\n\n\n<p>&#8211; Antifa\u0161izam je da sudjeluje\u0161, da ne pusti\u0161 da se doga\u0111aju lo\u0161e stvari. Drago mi je \u0161to ste ovdje jer to zna\u010di da ima ljudi koji ne \u017eele dopustiti da ovaj grad padne u totalni mrak, poru\u010dio je okupljenima.<\/p>\n\n\n\n<p>Istodobno se na drugome mjestu okupilo 30-tak pripadnika desni\u010darske organizacije &#8220;Tradicionalisti&#8221;. Oba su skupa pro\u0161la bez ve\u0107ih incidenata, navode mediji.&nbsp;<\/p>\n\n\n\n<p>Milinovi\u0107a su dvojica mladi\u0107a napala u petak ujutro papar sprejem i metalnom \u0161ipkom.<\/p>\n\n\n\n<p>Neovisno dru\u0161tvo novinara Vojvodine priop\u0107ilo je da takvi barbarski napadi pokazuju koliko je danas ozbiljno ugro\u017eena fizi\u010dka sigurnost novinara i medijskih radnika u Srbiji, a o \u010demu novinarske i medijske udruge svakodnevno obavje\u0161tavaju javnost.<\/p>\n\n\n\n<p>Policija je isti dan uhitila jednog od dvojice napada\u010da, kao i naru\u010ditelja, no njihova imena kao i motiv napada nije otkrila.<\/p>\n\n\n\n<p>Novinar i \u010dlan vladine Radne skupine za sigurnost i za\u0161titu novinara&nbsp;<strong>Veran Mati\u0107<\/strong>&nbsp;izjavio je u tome povodu da je Milinovi\u0107 &#8220;u stalnom verbalnom ratu s ekstremno desnim i profa\u0161isti\u010dkim organizacijama, tako da se mo\u017ee naslutiti odakle dolazi ovaj napad.<\/p>\n\n\n\n<p>Dodao je da je tu\u017eiteljstvo pro\u0161le godine evidentiralo 49 napada na novinare, ocijeniv\u0161i da je nedopustivo da Srbija ima slu\u010dajeve ubojstva novinara koji se rje\u0161avaju 15 ili 20 godina.<\/p>\n\n\n\n<p>Izvor.hrt.hr<\/p>\n","protected":false},"excerpt":{"rendered":"<p>Petstotinjak ljudi okupilo se u ponedjeljak u sredi\u0161tu Novog Sada prosvjeduju\u0107i protiv pro\u0161lotjednog napada na radijskog voditelja&nbsp;Da\u0161ka Milinovi\u0107a&nbsp;za koji su optu\u017eili desne profa\u0161isti\u010dke organizacije, javili su novosadski portali 021.rs i Autonomija. &#8211; Ne\u0107e biti bolje ako pu\u0161tamo fa\u0161iste da nam kroje sudbinu i da oni odlu\u010duju kako \u0107e ovo dru\u0161tvo izgledati u budu\u0107nosti, rekao je [&hellip;]<\/p>\n","protected":false},"author":2,"featured_media":14519,"comment_status":"closed","ping_status":"closed","sticky":false,"template":"","format":"standard","meta":{"h5ap_radio_sources":[],"footnotes":""},"categories":[1],"tags":[],"class_list":["post-14518","post","type-post","status-publish","format-standard","has-post-thumbnail","hentry","category-bihiregija"],"yoast_head":"<!-- This site is optimized with the Yoast SEO plugin v27.5 - https:\/\/yoast.com\/product\/yoast-seo-wordpress\/ -->\n<title>Skup potpore napadnutom novinaru Da\u0161ku Milinovi\u0107u u Novom Sadu - RADIO LJUBU\u0160KI<\/title>\n<meta name=\"robots\" content=\"index, follow, max-snippet:-1, max-image-preview:large, max-video-preview:-1\" \/>\n<link rel=\"canonical\" href=\"https:\/\/radioljubuski.ba\/index.php\/2021\/04\/19\/skup-potpore-napadnutom-novinaru-dasku-milinovicu-u-novom-sadu\/\" \/>\n<meta property=\"og:locale\" content=\"hr_HR\" \/>\n<meta property=\"og:type\" content=\"article\" \/>\n<meta property=\"og:title\" content=\"Skup potpore napadnutom novinaru Da\u0161ku Milinovi\u0107u u Novom Sadu - RADIO LJUBU\u0160KI\" \/>\n<meta property=\"og:description\" content=\"Petstotinjak ljudi okupilo se u ponedjeljak u sredi\u0161tu Novog Sada prosvjeduju\u0107i protiv pro\u0161lotjednog napada na radijskog voditelja&nbsp;Da\u0161ka Milinovi\u0107a&nbsp;za koji su optu\u017eili desne profa\u0161isti\u010dke organizacije, javili su novosadski portali 021.rs i Autonomija. &#8211; Ne\u0107e biti bolje ako pu\u0161tamo fa\u0161iste da nam kroje sudbinu i da oni odlu\u010duju kako \u0107e ovo dru\u0161tvo izgledati u budu\u0107nosti, rekao je [&hellip;]\" \/>\n<meta property=\"og:url\" content=\"https:\/\/radioljubuski.ba\/index.php\/2021\/04\/19\/skup-potpore-napadnutom-novinaru-dasku-milinovicu-u-novom-sadu\/\" \/>\n<meta property=\"og:site_name\" content=\"RADIO LJUBU\u0160KI\" \/>\n<meta property=\"article:publisher\" content=\"https:\/\/www.facebook.com\/Radiio-Ljubuski-1490835324566332\" \/>\n<meta property=\"article:published_time\" content=\"2021-04-19T21:23:37+00:00\" \/>\n<meta property=\"og:image\" content=\"https:\/\/radioljubuski.ba\/wp-content\/uploads\/2021\/04\/vv-1.png\" \/>\n\t<meta property=\"og:image:width\" content=\"646\" \/>\n\t<meta property=\"og:image:height\" content=\"359\" \/>\n\t<meta property=\"og:image:type\" content=\"image\/png\" \/>\n<meta name=\"author\" content=\"Radio Ljubu\u0161ki\" \/>\n<meta name=\"twitter:card\" content=\"summary_large_image\" \/>\n<meta name=\"twitter:creator\" content=\"@radioljubuski\" \/>\n<meta name=\"twitter:site\" content=\"@radioljubuski\" \/>\n<meta name=\"twitter:label1\" content=\"Napisao\/la\" \/>\n\t<meta name=\"twitter:data1\" content=\"Radio Ljubu\u0161ki\" \/>\n\t<meta name=\"twitter:label2\" content=\"Procijenjeno vrijeme \u010ditanja\" \/>\n\t<meta name=\"twitter:data2\" content=\"2 minute\" \/>\n<script type=\"application\/ld+json\" class=\"yoast-schema-graph\">{\"@context\":\"https:\\\/\\\/schema.org\",\"@graph\":[{\"@type\":\"Article\",\"@id\":\"https:\\\/\\\/radioljubuski.ba\\\/index.php\\\/2021\\\/04\\\/19\\\/skup-potpore-napadnutom-novinaru-dasku-milinovicu-u-novom-sadu\\\/#article\",\"isPartOf\":{\"@id\":\"https:\\\/\\\/radioljubuski.ba\\\/index.php\\\/2021\\\/04\\\/19\\\/skup-potpore-napadnutom-novinaru-dasku-milinovicu-u-novom-sadu\\\/\"},\"author\":{\"name\":\"Radio Ljubu\u0161ki\",\"@id\":\"https:\\\/\\\/radioljubuski.ba\\\/#\\\/schema\\\/person\\\/19fc700381a780f69665d7956c469e3b\"},\"headline\":\"Skup potpore napadnutom novinaru Da\u0161ku Milinovi\u0107u u Novom Sadu\",\"datePublished\":\"2021-04-19T21:23:37+00:00\",\"mainEntityOfPage\":{\"@id\":\"https:\\\/\\\/radioljubuski.ba\\\/index.php\\\/2021\\\/04\\\/19\\\/skup-potpore-napadnutom-novinaru-dasku-milinovicu-u-novom-sadu\\\/\"},\"wordCount\":380,\"publisher\":{\"@id\":\"https:\\\/\\\/radioljubuski.ba\\\/#organization\"},\"image\":{\"@id\":\"https:\\\/\\\/radioljubuski.ba\\\/index.php\\\/2021\\\/04\\\/19\\\/skup-potpore-napadnutom-novinaru-dasku-milinovicu-u-novom-sadu\\\/#primaryimage\"},\"thumbnailUrl\":\"https:\\\/\\\/radioljubuski.ba\\\/wp-content\\\/uploads\\\/2021\\\/04\\\/vv-1.png\",\"articleSection\":[\"BIH i regija\"],\"inLanguage\":\"hr\"},{\"@type\":\"WebPage\",\"@id\":\"https:\\\/\\\/radioljubuski.ba\\\/index.php\\\/2021\\\/04\\\/19\\\/skup-potpore-napadnutom-novinaru-dasku-milinovicu-u-novom-sadu\\\/\",\"url\":\"https:\\\/\\\/radioljubuski.ba\\\/index.php\\\/2021\\\/04\\\/19\\\/skup-potpore-napadnutom-novinaru-dasku-milinovicu-u-novom-sadu\\\/\",\"name\":\"Skup potpore napadnutom novinaru Da\u0161ku Milinovi\u0107u u Novom Sadu - RADIO LJUBU\u0160KI\",\"isPartOf\":{\"@id\":\"https:\\\/\\\/radioljubuski.ba\\\/#website\"},\"primaryImageOfPage\":{\"@id\":\"https:\\\/\\\/radioljubuski.ba\\\/index.php\\\/2021\\\/04\\\/19\\\/skup-potpore-napadnutom-novinaru-dasku-milinovicu-u-novom-sadu\\\/#primaryimage\"},\"image\":{\"@id\":\"https:\\\/\\\/radioljubuski.ba\\\/index.php\\\/2021\\\/04\\\/19\\\/skup-potpore-napadnutom-novinaru-dasku-milinovicu-u-novom-sadu\\\/#primaryimage\"},\"thumbnailUrl\":\"https:\\\/\\\/radioljubuski.ba\\\/wp-content\\\/uploads\\\/2021\\\/04\\\/vv-1.png\",\"datePublished\":\"2021-04-19T21:23:37+00:00\",\"breadcrumb\":{\"@id\":\"https:\\\/\\\/radioljubuski.ba\\\/index.php\\\/2021\\\/04\\\/19\\\/skup-potpore-napadnutom-novinaru-dasku-milinovicu-u-novom-sadu\\\/#breadcrumb\"},\"inLanguage\":\"hr\",\"potentialAction\":[{\"@type\":\"ReadAction\",\"target\":[\"https:\\\/\\\/radioljubuski.ba\\\/index.php\\\/2021\\\/04\\\/19\\\/skup-potpore-napadnutom-novinaru-dasku-milinovicu-u-novom-sadu\\\/\"]}]},{\"@type\":\"ImageObject\",\"inLanguage\":\"hr\",\"@id\":\"https:\\\/\\\/radioljubuski.ba\\\/index.php\\\/2021\\\/04\\\/19\\\/skup-potpore-napadnutom-novinaru-dasku-milinovicu-u-novom-sadu\\\/#primaryimage\",\"url\":\"https:\\\/\\\/radioljubuski.ba\\\/wp-content\\\/uploads\\\/2021\\\/04\\\/vv-1.png\",\"contentUrl\":\"https:\\\/\\\/radioljubuski.ba\\\/wp-content\\\/uploads\\\/2021\\\/04\\\/vv-1.png\",\"width\":646,\"height\":359},{\"@type\":\"BreadcrumbList\",\"@id\":\"https:\\\/\\\/radioljubuski.ba\\\/index.php\\\/2021\\\/04\\\/19\\\/skup-potpore-napadnutom-novinaru-dasku-milinovicu-u-novom-sadu\\\/#breadcrumb\",\"itemListElement\":[{\"@type\":\"ListItem\",\"position\":1,\"name\":\"Po\u010detna stranica\",\"item\":\"https:\\\/\\\/radioljubuski.ba\\\/\"},{\"@type\":\"ListItem\",\"position\":2,\"name\":\"Skup potpore napadnutom novinaru Da\u0161ku Milinovi\u0107u u Novom Sadu\"}]},{\"@type\":\"WebSite\",\"@id\":\"https:\\\/\\\/radioljubuski.ba\\\/#website\",\"url\":\"https:\\\/\\\/radioljubuski.ba\\\/\",\"name\":\"Radio Ljubu\u0161ki\",\"description\":\"Sun\u010dana frekvencija Hercegovine\",\"publisher\":{\"@id\":\"https:\\\/\\\/radioljubuski.ba\\\/#organization\"},\"potentialAction\":[{\"@type\":\"SearchAction\",\"target\":{\"@type\":\"EntryPoint\",\"urlTemplate\":\"https:\\\/\\\/radioljubuski.ba\\\/?s={search_term_string}\"},\"query-input\":{\"@type\":\"PropertyValueSpecification\",\"valueRequired\":true,\"valueName\":\"search_term_string\"}}],\"inLanguage\":\"hr\"},{\"@type\":\"Organization\",\"@id\":\"https:\\\/\\\/radioljubuski.ba\\\/#organization\",\"name\":\"Radio Ljubu\u0161ki\",\"url\":\"https:\\\/\\\/radioljubuski.ba\\\/\",\"logo\":{\"@type\":\"ImageObject\",\"inLanguage\":\"hr\",\"@id\":\"https:\\\/\\\/radioljubuski.ba\\\/#\\\/schema\\\/logo\\\/image\\\/\",\"url\":\"https:\\\/\\\/radioljubuski.ba\\\/wp-content\\\/uploads\\\/2021\\\/02\\\/cropped-Radio_Ljubuski_logo1.jpg\",\"contentUrl\":\"https:\\\/\\\/radioljubuski.ba\\\/wp-content\\\/uploads\\\/2021\\\/02\\\/cropped-Radio_Ljubuski_logo1.jpg\",\"width\":512,\"height\":512,\"caption\":\"Radio Ljubu\u0161ki\"},\"image\":{\"@id\":\"https:\\\/\\\/radioljubuski.ba\\\/#\\\/schema\\\/logo\\\/image\\\/\"},\"sameAs\":[\"https:\\\/\\\/www.facebook.com\\\/Radiio-Ljubuski-1490835324566332\",\"https:\\\/\\\/x.com\\\/radioljubuski\",\"https:\\\/\\\/hr.linkedin.com\\\/company\\\/radio-ljubuski\",\"https:\\\/\\\/www.youtube.com\\\/channel\\\/UCHYaeO_n0Db3tjNGudGpXyw\"]},{\"@type\":\"Person\",\"@id\":\"https:\\\/\\\/radioljubuski.ba\\\/#\\\/schema\\\/person\\\/19fc700381a780f69665d7956c469e3b\",\"name\":\"Radio Ljubu\u0161ki\"}]}<\/script>\n<!-- \/ Yoast SEO plugin. -->","yoast_head_json":{"title":"Skup potpore napadnutom novinaru Da\u0161ku Milinovi\u0107u u Novom Sadu - RADIO LJUBU\u0160KI","robots":{"index":"index","follow":"follow","max-snippet":"max-snippet:-1","max-image-preview":"max-image-preview:large","max-video-preview":"max-video-preview:-1"},"canonical":"https:\/\/radioljubuski.ba\/index.php\/2021\/04\/19\/skup-potpore-napadnutom-novinaru-dasku-milinovicu-u-novom-sadu\/","og_locale":"hr_HR","og_type":"article","og_title":"Skup potpore napadnutom novinaru Da\u0161ku Milinovi\u0107u u Novom Sadu - RADIO LJUBU\u0160KI","og_description":"Petstotinjak ljudi okupilo se u ponedjeljak u sredi\u0161tu Novog Sada prosvjeduju\u0107i protiv pro\u0161lotjednog napada na radijskog voditelja&nbsp;Da\u0161ka Milinovi\u0107a&nbsp;za koji su optu\u017eili desne profa\u0161isti\u010dke organizacije, javili su novosadski portali 021.rs i Autonomija. &#8211; Ne\u0107e biti bolje ako pu\u0161tamo fa\u0161iste da nam kroje sudbinu i da oni odlu\u010duju kako \u0107e ovo dru\u0161tvo izgledati u budu\u0107nosti, rekao je [&hellip;]","og_url":"https:\/\/radioljubuski.ba\/index.php\/2021\/04\/19\/skup-potpore-napadnutom-novinaru-dasku-milinovicu-u-novom-sadu\/","og_site_name":"RADIO LJUBU\u0160KI","article_publisher":"https:\/\/www.facebook.com\/Radiio-Ljubuski-1490835324566332","article_published_time":"2021-04-19T21:23:37+00:00","og_image":[{"width":646,"height":359,"url":"https:\/\/radioljubuski.ba\/wp-content\/uploads\/2021\/04\/vv-1.png","type":"image\/png"}],"author":"Radio Ljubu\u0161ki","twitter_card":"summary_large_image","twitter_creator":"@radioljubuski","twitter_site":"@radioljubuski","twitter_misc":{"Napisao\/la":"Radio Ljubu\u0161ki","Procijenjeno vrijeme \u010ditanja":"2 minute"},"schema":{"@context":"https:\/\/schema.org","@graph":[{"@type":"Article","@id":"https:\/\/radioljubuski.ba\/index.php\/2021\/04\/19\/skup-potpore-napadnutom-novinaru-dasku-milinovicu-u-novom-sadu\/#article","isPartOf":{"@id":"https:\/\/radioljubuski.ba\/index.php\/2021\/04\/19\/skup-potpore-napadnutom-novinaru-dasku-milinovicu-u-novom-sadu\/"},"author":{"name":"Radio Ljubu\u0161ki","@id":"https:\/\/radioljubuski.ba\/#\/schema\/person\/19fc700381a780f69665d7956c469e3b"},"headline":"Skup potpore napadnutom novinaru Da\u0161ku Milinovi\u0107u u Novom Sadu","datePublished":"2021-04-19T21:23:37+00:00","mainEntityOfPage":{"@id":"https:\/\/radioljubuski.ba\/index.php\/2021\/04\/19\/skup-potpore-napadnutom-novinaru-dasku-milinovicu-u-novom-sadu\/"},"wordCount":380,"publisher":{"@id":"https:\/\/radioljubuski.ba\/#organization"},"image":{"@id":"https:\/\/radioljubuski.ba\/index.php\/2021\/04\/19\/skup-potpore-napadnutom-novinaru-dasku-milinovicu-u-novom-sadu\/#primaryimage"},"thumbnailUrl":"https:\/\/radioljubuski.ba\/wp-content\/uploads\/2021\/04\/vv-1.png","articleSection":["BIH i regija"],"inLanguage":"hr"},{"@type":"WebPage","@id":"https:\/\/radioljubuski.ba\/index.php\/2021\/04\/19\/skup-potpore-napadnutom-novinaru-dasku-milinovicu-u-novom-sadu\/","url":"https:\/\/radioljubuski.ba\/index.php\/2021\/04\/19\/skup-potpore-napadnutom-novinaru-dasku-milinovicu-u-novom-sadu\/","name":"Skup potpore napadnutom novinaru Da\u0161ku Milinovi\u0107u u Novom Sadu - RADIO LJUBU\u0160KI","isPartOf":{"@id":"https:\/\/radioljubuski.ba\/#website"},"primaryImageOfPage":{"@id":"https:\/\/radioljubuski.ba\/index.php\/2021\/04\/19\/skup-potpore-napadnutom-novinaru-dasku-milinovicu-u-novom-sadu\/#primaryimage"},"image":{"@id":"https:\/\/radioljubuski.ba\/index.php\/2021\/04\/19\/skup-potpore-napadnutom-novinaru-dasku-milinovicu-u-novom-sadu\/#primaryimage"},"thumbnailUrl":"https:\/\/radioljubuski.ba\/wp-content\/uploads\/2021\/04\/vv-1.png","datePublished":"2021-04-19T21:23:37+00:00","breadcrumb":{"@id":"https:\/\/radioljubuski.ba\/index.php\/2021\/04\/19\/skup-potpore-napadnutom-novinaru-dasku-milinovicu-u-novom-sadu\/#breadcrumb"},"inLanguage":"hr","potentialAction":[{"@type":"ReadAction","target":["https:\/\/radioljubuski.ba\/index.php\/2021\/04\/19\/skup-potpore-napadnutom-novinaru-dasku-milinovicu-u-novom-sadu\/"]}]},{"@type":"ImageObject","inLanguage":"hr","@id":"https:\/\/radioljubuski.ba\/index.php\/2021\/04\/19\/skup-potpore-napadnutom-novinaru-dasku-milinovicu-u-novom-sadu\/#primaryimage","url":"https:\/\/radioljubuski.ba\/wp-content\/uploads\/2021\/04\/vv-1.png","contentUrl":"https:\/\/radioljubuski.ba\/wp-content\/uploads\/2021\/04\/vv-1.png","width":646,"height":359},{"@type":"BreadcrumbList","@id":"https:\/\/radioljubuski.ba\/index.php\/2021\/04\/19\/skup-potpore-napadnutom-novinaru-dasku-milinovicu-u-novom-sadu\/#breadcrumb","itemListElement":[{"@type":"ListItem","position":1,"name":"Po\u010detna stranica","item":"https:\/\/radioljubuski.ba\/"},{"@type":"ListItem","position":2,"name":"Skup potpore napadnutom novinaru Da\u0161ku Milinovi\u0107u u Novom Sadu"}]},{"@type":"WebSite","@id":"https:\/\/radioljubuski.ba\/#website","url":"https:\/\/radioljubuski.ba\/","name":"Radio Ljubu\u0161ki","description":"Sun\u010dana frekvencija Hercegovine","publisher":{"@id":"https:\/\/radioljubuski.ba\/#organization"},"potentialAction":[{"@type":"SearchAction","target":{"@type":"EntryPoint","urlTemplate":"https:\/\/radioljubuski.ba\/?s={search_term_string}"},"query-input":{"@type":"PropertyValueSpecification","valueRequired":true,"valueName":"search_term_string"}}],"inLanguage":"hr"},{"@type":"Organization","@id":"https:\/\/radioljubuski.ba\/#organization","name":"Radio Ljubu\u0161ki","url":"https:\/\/radioljubuski.ba\/","logo":{"@type":"ImageObject","inLanguage":"hr","@id":"https:\/\/radioljubuski.ba\/#\/schema\/logo\/image\/","url":"https:\/\/radioljubuski.ba\/wp-content\/uploads\/2021\/02\/cropped-Radio_Ljubuski_logo1.jpg","contentUrl":"https:\/\/radioljubuski.ba\/wp-content\/uploads\/2021\/02\/cropped-Radio_Ljubuski_logo1.jpg","width":512,"height":512,"caption":"Radio Ljubu\u0161ki"},"image":{"@id":"https:\/\/radioljubuski.ba\/#\/schema\/logo\/image\/"},"sameAs":["https:\/\/www.facebook.com\/Radiio-Ljubuski-1490835324566332","https:\/\/x.com\/radioljubuski","https:\/\/hr.linkedin.com\/company\/radio-ljubuski","https:\/\/www.youtube.com\/channel\/UCHYaeO_n0Db3tjNGudGpXyw"]},{"@type":"Person","@id":"https:\/\/radioljubuski.ba\/#\/schema\/person\/19fc700381a780f69665d7956c469e3b","name":"Radio Ljubu\u0161ki"}]}},"_links":{"self":[{"href":"https:\/\/radioljubuski.ba\/index.php\/wp-json\/wp\/v2\/posts\/14518","targetHints":{"allow":["GET"]}}],"collection":[{"href":"https:\/\/radioljubuski.ba\/index.php\/wp-json\/wp\/v2\/posts"}],"about":[{"href":"https:\/\/radioljubuski.ba\/index.php\/wp-json\/wp\/v2\/types\/post"}],"author":[{"embeddable":true,"href":"https:\/\/radioljubuski.ba\/index.php\/wp-json\/wp\/v2\/users\/2"}],"replies":[{"embeddable":true,"href":"https:\/\/radioljubuski.ba\/index.php\/wp-json\/wp\/v2\/comments?post=14518"}],"version-history":[{"count":1,"href":"https:\/\/radioljubuski.ba\/index.php\/wp-json\/wp\/v2\/posts\/14518\/revisions"}],"predecessor-version":[{"id":14520,"href":"https:\/\/radioljubuski.ba\/index.php\/wp-json\/wp\/v2\/posts\/14518\/revisions\/14520"}],"wp:featuredmedia":[{"embeddable":true,"href":"https:\/\/radioljubuski.ba\/index.php\/wp-json\/wp\/v2\/media\/14519"}],"wp:attachment":[{"href":"https:\/\/radioljubuski.ba\/index.php\/wp-json\/wp\/v2\/media?parent=14518"}],"wp:term":[{"taxonomy":"category","embeddable":true,"href":"https:\/\/radioljubuski.ba\/index.php\/wp-json\/wp\/v2\/categories?post=14518"},{"taxonomy":"post_tag","embeddable":true,"href":"https:\/\/radioljubuski.ba\/index.php\/wp-json\/wp\/v2\/tags?post=14518"}],"curies":[{"name":"wp","href":"https:\/\/api.w.org\/{rel}","templated":true}]}}