{"id":14533,"date":"2021-04-19T22:32:25","date_gmt":"2021-04-19T21:32:25","guid":{"rendered":"https:\/\/radioljubuski.ba\/?p=14533"},"modified":"2021-04-19T22:32:26","modified_gmt":"2021-04-19T21:32:26","slug":"raspudic-zar-je-prijetnja-ratom-jedino-vezivno-tkivo-sarajeva","status":"publish","type":"post","link":"https:\/\/radioljubuski.ba\/index.php\/2021\/04\/19\/raspudic-zar-je-prijetnja-ratom-jedino-vezivno-tkivo-sarajeva\/","title":{"rendered":"Raspudi\u0107: Zar je prijetnja ratom jedino vezivno tkivo Sarajeva"},"content":{"rendered":"\n<p><strong>\u017du\u010dne reakcije \u010delnih ljudi u SDA i \u017deljka Kom\u0161i\u0107a na dokument \u010dija autenti\u010dnost jo\u0161 nije potvr\u0111ena svjedo\u010di o njihovoj paranoji. Pa nije valjda da im je prijetnja ratom preostala kao jedino vezivno tkivo BiH? \u0160to time govore o samom smislu postojanja dr\u017eave u koju se toliko kunu?<\/strong><\/p>\n\n\n\n<p>Rekao je to u intervjuu za \u201cGlas Srpske\u201d dugogodi\u0161nji politi\u010dki analiti\u010dar, a odnedavno i zastupnik u Hrvatskom saboru Nino Raspudi\u0107 komentiraju\u0107i reakcije iz Sarajeva u vezi s \u201cnon paperom\u201d, koji je podigao veliku pra\u0161inu u cijeloj regiji.<\/p>\n\n\n\n<p>\u201cJo\u0161 je nejasno porijeklo i svrha tog dokumenta. Me\u0111utim, i ako i nije autenti\u010dan, reakcije na njega to svakako jesu i govore ne\u0161to o stanju duha u BiH i okru\u017eenju. Te reakcije pokazuju kako \u017eivimo u paralelnim stvarnostima, odvojenim svjetovima \u010dime se, paradoksalno, potvr\u0111uju teze koje on iznosi\u201d, istakao je Raspudi\u0107.<\/p>\n\n\n\n<p>Na pitanje da li je po njegovom mi\u0161ljenju prihvatljiva ideja predstavljena u ovom dokumentu, rekao je da to nije nu\u017eno jedino rje\u0161enje za ostvarivanje stabilnosti i napretka.<\/p>\n\n\n\n<p>\u201cI vi\u0161enacionalne dr\u017eave mogu biti stabilne i funkcionalne ako me\u0111u njihovim sastavnicama postoji dovoljno dobre volje za uva\u017eavanjem drugih i spremnosti na dogovore i kompromise. Na\u017ealost, u BiH to nije slu\u010daj. Ponovno se tu susre\u0107emo sa starim paradoksom, oni koji se najvi\u0161e kunu u BiH i tobo\u017ee je najvi\u0161e vole, a to je dana\u0161nja sarajevska pseudogra\u0111anska politika, u praksi kr\u0161e politi\u010dka prava drugih naroda i podrivaju ustavne temelje BiH, \u010dime najvi\u0161e i navode vodu na mlin stajali\u0161ta izra\u017eenih u spomenutom dokumentu, a koja se svode na tezu kako je kona\u010dan dovr\u0161etak raspada Jugoslavije po ratnim linijama razdvajanja, uz neka zaokru\u017eivanja i korekcije najbolje rje\u0161enje za ovaj dio Europe\u201d, ka\u017ee on.<\/p>\n\n\n\n<p>O tome je li miran razlaz mogu\u0107 Raspudi\u0107 ka\u017ee da smo u povijesti vidjeli i mirne razlaze, na primjer \u010ce\u0161ka i Slova\u010dka, ali i ostajanja u prisilnom \u201cbraku\u201d nakon krvavih ratova, kao u BiH.<\/p>\n\n\n\n<p>\u201cIz perspektive pripadnika generacije koja je do\u017eivjela rat mogu samo re\u0107i da preferiram svaku mirnu i dugoro\u010dno odr\u017eivu opciju. No, za imati mir potrebno je da ga \u017eele svi, dok je za sukob dovoljno da ga \u017eeli samo jedna strana\u201d, rekao je Raspudi\u0107.<\/p>\n\n\n\n<p>Upitan u vezi s \u201cgra\u0111anskim konceptom\u201d koji propagiraju SDA i dio sarajevske javnosti ka\u017ee da je BiH i po ustavu i po povijesti slo\u017eena, vi\u0161enacionalna dr\u017eava.<\/p>\n\n\n\n<p>\u201c\u010cista gra\u0111anska opcija je u njoj nemogu\u0107a, jer predstavlja negaciju same biti BiH. Ve\u0107 je pticama na grani jasno da je ta pri\u010da o \u2018gra\u0111anskoj BiH\u2019 samo maska za nacionalizam brojnijeg naroda\u201d, ka\u017ee Raspudi\u0107<\/p>\n\n\n\n<p>U vezi s realno\u0161\u0107u da se postigne prihvatljivo rje\u0161enje za Hrvate u BiH prilikom izmjena Izbornog zakona Raspudi\u0107 ka\u017ee da, koliko on ima uvid u politi\u010dke odnose u BiH, bo\u0161nja\u010dko politi\u010dko vodstvo danas nije spremno ni za kakav dogovor koji bi Hrvatima jam\u010dio da im drugi ne\u0107e odre\u0111ivati politi\u010dke predstavnike.<\/p>\n\n\n\n<p>\u201cU takvoj destruktivnoj politici ih podr\u017eava i dio me\u0111unarodne zajednice pri\u010dama o tome kako treba prevladati na\u010delo konstitutivnosti naroda\u201d, rekao je Raspudi\u0107.<\/p>\n\n\n\n<p>\/HMS\/<\/p>\n","protected":false},"excerpt":{"rendered":"<p>\u017du\u010dne reakcije \u010delnih ljudi u SDA i \u017deljka Kom\u0161i\u0107a na dokument \u010dija autenti\u010dnost jo\u0161 nije potvr\u0111ena svjedo\u010di o njihovoj paranoji. Pa nije valjda da im je prijetnja ratom preostala kao jedino vezivno tkivo BiH? \u0160to time govore o samom smislu postojanja dr\u017eave u koju se toliko kunu? Rekao je to u intervjuu za \u201cGlas Srpske\u201d [&hellip;]<\/p>\n","protected":false},"author":2,"featured_media":14534,"comment_status":"closed","ping_status":"closed","sticky":false,"template":"","format":"standard","meta":{"h5ap_radio_sources":[],"footnotes":""},"categories":[1],"tags":[],"class_list":["post-14533","post","type-post","status-publish","format-standard","has-post-thumbnail","hentry","category-bihiregija"],"yoast_head":"<!-- This site is optimized with the Yoast SEO plugin v27.5 - https:\/\/yoast.com\/product\/yoast-seo-wordpress\/ -->\n<title>Raspudi\u0107: Zar je prijetnja ratom jedino vezivno tkivo Sarajeva - RADIO LJUBU\u0160KI<\/title>\n<meta name=\"robots\" content=\"index, follow, max-snippet:-1, max-image-preview:large, max-video-preview:-1\" \/>\n<link rel=\"canonical\" href=\"https:\/\/radioljubuski.ba\/index.php\/2021\/04\/19\/raspudic-zar-je-prijetnja-ratom-jedino-vezivno-tkivo-sarajeva\/\" \/>\n<meta property=\"og:locale\" content=\"hr_HR\" \/>\n<meta property=\"og:type\" content=\"article\" \/>\n<meta property=\"og:title\" content=\"Raspudi\u0107: Zar je prijetnja ratom jedino vezivno tkivo Sarajeva - RADIO LJUBU\u0160KI\" \/>\n<meta property=\"og:description\" content=\"\u017du\u010dne reakcije \u010delnih ljudi u SDA i \u017deljka Kom\u0161i\u0107a na dokument \u010dija autenti\u010dnost jo\u0161 nije potvr\u0111ena svjedo\u010di o njihovoj paranoji. Pa nije valjda da im je prijetnja ratom preostala kao jedino vezivno tkivo BiH? \u0160to time govore o samom smislu postojanja dr\u017eave u koju se toliko kunu? Rekao je to u intervjuu za \u201cGlas Srpske\u201d [&hellip;]\" \/>\n<meta property=\"og:url\" content=\"https:\/\/radioljubuski.ba\/index.php\/2021\/04\/19\/raspudic-zar-je-prijetnja-ratom-jedino-vezivno-tkivo-sarajeva\/\" \/>\n<meta property=\"og:site_name\" content=\"RADIO LJUBU\u0160KI\" \/>\n<meta property=\"article:publisher\" content=\"https:\/\/www.facebook.com\/Radiio-Ljubuski-1490835324566332\" \/>\n<meta property=\"article:published_time\" content=\"2021-04-19T21:32:25+00:00\" \/>\n<meta property=\"article:modified_time\" content=\"2021-04-19T21:32:26+00:00\" \/>\n<meta property=\"og:image\" content=\"https:\/\/radioljubuski.ba\/wp-content\/uploads\/2021\/04\/Nino-Raspudi.jpg\" \/>\n\t<meta property=\"og:image:width\" content=\"939\" \/>\n\t<meta property=\"og:image:height\" content=\"529\" \/>\n\t<meta property=\"og:image:type\" content=\"image\/jpeg\" \/>\n<meta name=\"author\" content=\"Radio Ljubu\u0161ki\" \/>\n<meta name=\"twitter:card\" content=\"summary_large_image\" \/>\n<meta name=\"twitter:creator\" content=\"@radioljubuski\" \/>\n<meta name=\"twitter:site\" content=\"@radioljubuski\" \/>\n<meta name=\"twitter:label1\" content=\"Napisao\/la\" \/>\n\t<meta name=\"twitter:data1\" content=\"Radio Ljubu\u0161ki\" \/>\n\t<meta name=\"twitter:label2\" content=\"Procijenjeno vrijeme \u010ditanja\" \/>\n\t<meta name=\"twitter:data2\" content=\"3 minute\" \/>\n<script type=\"application\/ld+json\" class=\"yoast-schema-graph\">{\"@context\":\"https:\\\/\\\/schema.org\",\"@graph\":[{\"@type\":\"Article\",\"@id\":\"https:\\\/\\\/radioljubuski.ba\\\/index.php\\\/2021\\\/04\\\/19\\\/raspudic-zar-je-prijetnja-ratom-jedino-vezivno-tkivo-sarajeva\\\/#article\",\"isPartOf\":{\"@id\":\"https:\\\/\\\/radioljubuski.ba\\\/index.php\\\/2021\\\/04\\\/19\\\/raspudic-zar-je-prijetnja-ratom-jedino-vezivno-tkivo-sarajeva\\\/\"},\"author\":{\"name\":\"Radio Ljubu\u0161ki\",\"@id\":\"https:\\\/\\\/radioljubuski.ba\\\/#\\\/schema\\\/person\\\/19fc700381a780f69665d7956c469e3b\"},\"headline\":\"Raspudi\u0107: Zar je prijetnja ratom jedino vezivno tkivo Sarajeva\",\"datePublished\":\"2021-04-19T21:32:25+00:00\",\"dateModified\":\"2021-04-19T21:32:26+00:00\",\"mainEntityOfPage\":{\"@id\":\"https:\\\/\\\/radioljubuski.ba\\\/index.php\\\/2021\\\/04\\\/19\\\/raspudic-zar-je-prijetnja-ratom-jedino-vezivno-tkivo-sarajeva\\\/\"},\"wordCount\":565,\"publisher\":{\"@id\":\"https:\\\/\\\/radioljubuski.ba\\\/#organization\"},\"image\":{\"@id\":\"https:\\\/\\\/radioljubuski.ba\\\/index.php\\\/2021\\\/04\\\/19\\\/raspudic-zar-je-prijetnja-ratom-jedino-vezivno-tkivo-sarajeva\\\/#primaryimage\"},\"thumbnailUrl\":\"https:\\\/\\\/radioljubuski.ba\\\/wp-content\\\/uploads\\\/2021\\\/04\\\/Nino-Raspudi.jpg\",\"articleSection\":[\"BIH i regija\"],\"inLanguage\":\"hr\"},{\"@type\":\"WebPage\",\"@id\":\"https:\\\/\\\/radioljubuski.ba\\\/index.php\\\/2021\\\/04\\\/19\\\/raspudic-zar-je-prijetnja-ratom-jedino-vezivno-tkivo-sarajeva\\\/\",\"url\":\"https:\\\/\\\/radioljubuski.ba\\\/index.php\\\/2021\\\/04\\\/19\\\/raspudic-zar-je-prijetnja-ratom-jedino-vezivno-tkivo-sarajeva\\\/\",\"name\":\"Raspudi\u0107: Zar je prijetnja ratom jedino vezivno tkivo Sarajeva - RADIO LJUBU\u0160KI\",\"isPartOf\":{\"@id\":\"https:\\\/\\\/radioljubuski.ba\\\/#website\"},\"primaryImageOfPage\":{\"@id\":\"https:\\\/\\\/radioljubuski.ba\\\/index.php\\\/2021\\\/04\\\/19\\\/raspudic-zar-je-prijetnja-ratom-jedino-vezivno-tkivo-sarajeva\\\/#primaryimage\"},\"image\":{\"@id\":\"https:\\\/\\\/radioljubuski.ba\\\/index.php\\\/2021\\\/04\\\/19\\\/raspudic-zar-je-prijetnja-ratom-jedino-vezivno-tkivo-sarajeva\\\/#primaryimage\"},\"thumbnailUrl\":\"https:\\\/\\\/radioljubuski.ba\\\/wp-content\\\/uploads\\\/2021\\\/04\\\/Nino-Raspudi.jpg\",\"datePublished\":\"2021-04-19T21:32:25+00:00\",\"dateModified\":\"2021-04-19T21:32:26+00:00\",\"breadcrumb\":{\"@id\":\"https:\\\/\\\/radioljubuski.ba\\\/index.php\\\/2021\\\/04\\\/19\\\/raspudic-zar-je-prijetnja-ratom-jedino-vezivno-tkivo-sarajeva\\\/#breadcrumb\"},\"inLanguage\":\"hr\",\"potentialAction\":[{\"@type\":\"ReadAction\",\"target\":[\"https:\\\/\\\/radioljubuski.ba\\\/index.php\\\/2021\\\/04\\\/19\\\/raspudic-zar-je-prijetnja-ratom-jedino-vezivno-tkivo-sarajeva\\\/\"]}]},{\"@type\":\"ImageObject\",\"inLanguage\":\"hr\",\"@id\":\"https:\\\/\\\/radioljubuski.ba\\\/index.php\\\/2021\\\/04\\\/19\\\/raspudic-zar-je-prijetnja-ratom-jedino-vezivno-tkivo-sarajeva\\\/#primaryimage\",\"url\":\"https:\\\/\\\/radioljubuski.ba\\\/wp-content\\\/uploads\\\/2021\\\/04\\\/Nino-Raspudi.jpg\",\"contentUrl\":\"https:\\\/\\\/radioljubuski.ba\\\/wp-content\\\/uploads\\\/2021\\\/04\\\/Nino-Raspudi.jpg\",\"width\":939,\"height\":529},{\"@type\":\"BreadcrumbList\",\"@id\":\"https:\\\/\\\/radioljubuski.ba\\\/index.php\\\/2021\\\/04\\\/19\\\/raspudic-zar-je-prijetnja-ratom-jedino-vezivno-tkivo-sarajeva\\\/#breadcrumb\",\"itemListElement\":[{\"@type\":\"ListItem\",\"position\":1,\"name\":\"Po\u010detna stranica\",\"item\":\"https:\\\/\\\/radioljubuski.ba\\\/\"},{\"@type\":\"ListItem\",\"position\":2,\"name\":\"Raspudi\u0107: Zar je prijetnja ratom jedino vezivno tkivo Sarajeva\"}]},{\"@type\":\"WebSite\",\"@id\":\"https:\\\/\\\/radioljubuski.ba\\\/#website\",\"url\":\"https:\\\/\\\/radioljubuski.ba\\\/\",\"name\":\"Radio Ljubu\u0161ki\",\"description\":\"Sun\u010dana frekvencija Hercegovine\",\"publisher\":{\"@id\":\"https:\\\/\\\/radioljubuski.ba\\\/#organization\"},\"potentialAction\":[{\"@type\":\"SearchAction\",\"target\":{\"@type\":\"EntryPoint\",\"urlTemplate\":\"https:\\\/\\\/radioljubuski.ba\\\/?s={search_term_string}\"},\"query-input\":{\"@type\":\"PropertyValueSpecification\",\"valueRequired\":true,\"valueName\":\"search_term_string\"}}],\"inLanguage\":\"hr\"},{\"@type\":\"Organization\",\"@id\":\"https:\\\/\\\/radioljubuski.ba\\\/#organization\",\"name\":\"Radio Ljubu\u0161ki\",\"url\":\"https:\\\/\\\/radioljubuski.ba\\\/\",\"logo\":{\"@type\":\"ImageObject\",\"inLanguage\":\"hr\",\"@id\":\"https:\\\/\\\/radioljubuski.ba\\\/#\\\/schema\\\/logo\\\/image\\\/\",\"url\":\"https:\\\/\\\/radioljubuski.ba\\\/wp-content\\\/uploads\\\/2021\\\/02\\\/cropped-Radio_Ljubuski_logo1.jpg\",\"contentUrl\":\"https:\\\/\\\/radioljubuski.ba\\\/wp-content\\\/uploads\\\/2021\\\/02\\\/cropped-Radio_Ljubuski_logo1.jpg\",\"width\":512,\"height\":512,\"caption\":\"Radio Ljubu\u0161ki\"},\"image\":{\"@id\":\"https:\\\/\\\/radioljubuski.ba\\\/#\\\/schema\\\/logo\\\/image\\\/\"},\"sameAs\":[\"https:\\\/\\\/www.facebook.com\\\/Radiio-Ljubuski-1490835324566332\",\"https:\\\/\\\/x.com\\\/radioljubuski\",\"https:\\\/\\\/hr.linkedin.com\\\/company\\\/radio-ljubuski\",\"https:\\\/\\\/www.youtube.com\\\/channel\\\/UCHYaeO_n0Db3tjNGudGpXyw\"]},{\"@type\":\"Person\",\"@id\":\"https:\\\/\\\/radioljubuski.ba\\\/#\\\/schema\\\/person\\\/19fc700381a780f69665d7956c469e3b\",\"name\":\"Radio Ljubu\u0161ki\"}]}<\/script>\n<!-- \/ Yoast SEO plugin. -->","yoast_head_json":{"title":"Raspudi\u0107: Zar je prijetnja ratom jedino vezivno tkivo Sarajeva - RADIO LJUBU\u0160KI","robots":{"index":"index","follow":"follow","max-snippet":"max-snippet:-1","max-image-preview":"max-image-preview:large","max-video-preview":"max-video-preview:-1"},"canonical":"https:\/\/radioljubuski.ba\/index.php\/2021\/04\/19\/raspudic-zar-je-prijetnja-ratom-jedino-vezivno-tkivo-sarajeva\/","og_locale":"hr_HR","og_type":"article","og_title":"Raspudi\u0107: Zar je prijetnja ratom jedino vezivno tkivo Sarajeva - RADIO LJUBU\u0160KI","og_description":"\u017du\u010dne reakcije \u010delnih ljudi u SDA i \u017deljka Kom\u0161i\u0107a na dokument \u010dija autenti\u010dnost jo\u0161 nije potvr\u0111ena svjedo\u010di o njihovoj paranoji. Pa nije valjda da im je prijetnja ratom preostala kao jedino vezivno tkivo BiH? \u0160to time govore o samom smislu postojanja dr\u017eave u koju se toliko kunu? Rekao je to u intervjuu za \u201cGlas Srpske\u201d [&hellip;]","og_url":"https:\/\/radioljubuski.ba\/index.php\/2021\/04\/19\/raspudic-zar-je-prijetnja-ratom-jedino-vezivno-tkivo-sarajeva\/","og_site_name":"RADIO LJUBU\u0160KI","article_publisher":"https:\/\/www.facebook.com\/Radiio-Ljubuski-1490835324566332","article_published_time":"2021-04-19T21:32:25+00:00","article_modified_time":"2021-04-19T21:32:26+00:00","og_image":[{"width":939,"height":529,"url":"https:\/\/radioljubuski.ba\/wp-content\/uploads\/2021\/04\/Nino-Raspudi.jpg","type":"image\/jpeg"}],"author":"Radio Ljubu\u0161ki","twitter_card":"summary_large_image","twitter_creator":"@radioljubuski","twitter_site":"@radioljubuski","twitter_misc":{"Napisao\/la":"Radio Ljubu\u0161ki","Procijenjeno vrijeme \u010ditanja":"3 minute"},"schema":{"@context":"https:\/\/schema.org","@graph":[{"@type":"Article","@id":"https:\/\/radioljubuski.ba\/index.php\/2021\/04\/19\/raspudic-zar-je-prijetnja-ratom-jedino-vezivno-tkivo-sarajeva\/#article","isPartOf":{"@id":"https:\/\/radioljubuski.ba\/index.php\/2021\/04\/19\/raspudic-zar-je-prijetnja-ratom-jedino-vezivno-tkivo-sarajeva\/"},"author":{"name":"Radio Ljubu\u0161ki","@id":"https:\/\/radioljubuski.ba\/#\/schema\/person\/19fc700381a780f69665d7956c469e3b"},"headline":"Raspudi\u0107: Zar je prijetnja ratom jedino vezivno tkivo Sarajeva","datePublished":"2021-04-19T21:32:25+00:00","dateModified":"2021-04-19T21:32:26+00:00","mainEntityOfPage":{"@id":"https:\/\/radioljubuski.ba\/index.php\/2021\/04\/19\/raspudic-zar-je-prijetnja-ratom-jedino-vezivno-tkivo-sarajeva\/"},"wordCount":565,"publisher":{"@id":"https:\/\/radioljubuski.ba\/#organization"},"image":{"@id":"https:\/\/radioljubuski.ba\/index.php\/2021\/04\/19\/raspudic-zar-je-prijetnja-ratom-jedino-vezivno-tkivo-sarajeva\/#primaryimage"},"thumbnailUrl":"https:\/\/radioljubuski.ba\/wp-content\/uploads\/2021\/04\/Nino-Raspudi.jpg","articleSection":["BIH i regija"],"inLanguage":"hr"},{"@type":"WebPage","@id":"https:\/\/radioljubuski.ba\/index.php\/2021\/04\/19\/raspudic-zar-je-prijetnja-ratom-jedino-vezivno-tkivo-sarajeva\/","url":"https:\/\/radioljubuski.ba\/index.php\/2021\/04\/19\/raspudic-zar-je-prijetnja-ratom-jedino-vezivno-tkivo-sarajeva\/","name":"Raspudi\u0107: Zar je prijetnja ratom jedino vezivno tkivo Sarajeva - RADIO LJUBU\u0160KI","isPartOf":{"@id":"https:\/\/radioljubuski.ba\/#website"},"primaryImageOfPage":{"@id":"https:\/\/radioljubuski.ba\/index.php\/2021\/04\/19\/raspudic-zar-je-prijetnja-ratom-jedino-vezivno-tkivo-sarajeva\/#primaryimage"},"image":{"@id":"https:\/\/radioljubuski.ba\/index.php\/2021\/04\/19\/raspudic-zar-je-prijetnja-ratom-jedino-vezivno-tkivo-sarajeva\/#primaryimage"},"thumbnailUrl":"https:\/\/radioljubuski.ba\/wp-content\/uploads\/2021\/04\/Nino-Raspudi.jpg","datePublished":"2021-04-19T21:32:25+00:00","dateModified":"2021-04-19T21:32:26+00:00","breadcrumb":{"@id":"https:\/\/radioljubuski.ba\/index.php\/2021\/04\/19\/raspudic-zar-je-prijetnja-ratom-jedino-vezivno-tkivo-sarajeva\/#breadcrumb"},"inLanguage":"hr","potentialAction":[{"@type":"ReadAction","target":["https:\/\/radioljubuski.ba\/index.php\/2021\/04\/19\/raspudic-zar-je-prijetnja-ratom-jedino-vezivno-tkivo-sarajeva\/"]}]},{"@type":"ImageObject","inLanguage":"hr","@id":"https:\/\/radioljubuski.ba\/index.php\/2021\/04\/19\/raspudic-zar-je-prijetnja-ratom-jedino-vezivno-tkivo-sarajeva\/#primaryimage","url":"https:\/\/radioljubuski.ba\/wp-content\/uploads\/2021\/04\/Nino-Raspudi.jpg","contentUrl":"https:\/\/radioljubuski.ba\/wp-content\/uploads\/2021\/04\/Nino-Raspudi.jpg","width":939,"height":529},{"@type":"BreadcrumbList","@id":"https:\/\/radioljubuski.ba\/index.php\/2021\/04\/19\/raspudic-zar-je-prijetnja-ratom-jedino-vezivno-tkivo-sarajeva\/#breadcrumb","itemListElement":[{"@type":"ListItem","position":1,"name":"Po\u010detna stranica","item":"https:\/\/radioljubuski.ba\/"},{"@type":"ListItem","position":2,"name":"Raspudi\u0107: Zar je prijetnja ratom jedino vezivno tkivo Sarajeva"}]},{"@type":"WebSite","@id":"https:\/\/radioljubuski.ba\/#website","url":"https:\/\/radioljubuski.ba\/","name":"Radio Ljubu\u0161ki","description":"Sun\u010dana frekvencija Hercegovine","publisher":{"@id":"https:\/\/radioljubuski.ba\/#organization"},"potentialAction":[{"@type":"SearchAction","target":{"@type":"EntryPoint","urlTemplate":"https:\/\/radioljubuski.ba\/?s={search_term_string}"},"query-input":{"@type":"PropertyValueSpecification","valueRequired":true,"valueName":"search_term_string"}}],"inLanguage":"hr"},{"@type":"Organization","@id":"https:\/\/radioljubuski.ba\/#organization","name":"Radio Ljubu\u0161ki","url":"https:\/\/radioljubuski.ba\/","logo":{"@type":"ImageObject","inLanguage":"hr","@id":"https:\/\/radioljubuski.ba\/#\/schema\/logo\/image\/","url":"https:\/\/radioljubuski.ba\/wp-content\/uploads\/2021\/02\/cropped-Radio_Ljubuski_logo1.jpg","contentUrl":"https:\/\/radioljubuski.ba\/wp-content\/uploads\/2021\/02\/cropped-Radio_Ljubuski_logo1.jpg","width":512,"height":512,"caption":"Radio Ljubu\u0161ki"},"image":{"@id":"https:\/\/radioljubuski.ba\/#\/schema\/logo\/image\/"},"sameAs":["https:\/\/www.facebook.com\/Radiio-Ljubuski-1490835324566332","https:\/\/x.com\/radioljubuski","https:\/\/hr.linkedin.com\/company\/radio-ljubuski","https:\/\/www.youtube.com\/channel\/UCHYaeO_n0Db3tjNGudGpXyw"]},{"@type":"Person","@id":"https:\/\/radioljubuski.ba\/#\/schema\/person\/19fc700381a780f69665d7956c469e3b","name":"Radio Ljubu\u0161ki"}]}},"_links":{"self":[{"href":"https:\/\/radioljubuski.ba\/index.php\/wp-json\/wp\/v2\/posts\/14533","targetHints":{"allow":["GET"]}}],"collection":[{"href":"https:\/\/radioljubuski.ba\/index.php\/wp-json\/wp\/v2\/posts"}],"about":[{"href":"https:\/\/radioljubuski.ba\/index.php\/wp-json\/wp\/v2\/types\/post"}],"author":[{"embeddable":true,"href":"https:\/\/radioljubuski.ba\/index.php\/wp-json\/wp\/v2\/users\/2"}],"replies":[{"embeddable":true,"href":"https:\/\/radioljubuski.ba\/index.php\/wp-json\/wp\/v2\/comments?post=14533"}],"version-history":[{"count":1,"href":"https:\/\/radioljubuski.ba\/index.php\/wp-json\/wp\/v2\/posts\/14533\/revisions"}],"predecessor-version":[{"id":14535,"href":"https:\/\/radioljubuski.ba\/index.php\/wp-json\/wp\/v2\/posts\/14533\/revisions\/14535"}],"wp:featuredmedia":[{"embeddable":true,"href":"https:\/\/radioljubuski.ba\/index.php\/wp-json\/wp\/v2\/media\/14534"}],"wp:attachment":[{"href":"https:\/\/radioljubuski.ba\/index.php\/wp-json\/wp\/v2\/media?parent=14533"}],"wp:term":[{"taxonomy":"category","embeddable":true,"href":"https:\/\/radioljubuski.ba\/index.php\/wp-json\/wp\/v2\/categories?post=14533"},{"taxonomy":"post_tag","embeddable":true,"href":"https:\/\/radioljubuski.ba\/index.php\/wp-json\/wp\/v2\/tags?post=14533"}],"curies":[{"name":"wp","href":"https:\/\/api.w.org\/{rel}","templated":true}]}}