{"id":14553,"date":"2021-04-19T23:31:36","date_gmt":"2021-04-19T22:31:36","guid":{"rendered":"https:\/\/radioljubuski.ba\/?p=14553"},"modified":"2021-04-19T23:31:37","modified_gmt":"2021-04-19T22:31:37","slug":"bosnjacke-stranke-ne-zele-razgovore-o-izbornom-zakonu-otuda-non-paper","status":"publish","type":"post","link":"https:\/\/radioljubuski.ba\/index.php\/2021\/04\/19\/bosnjacke-stranke-ne-zele-razgovore-o-izbornom-zakonu-otuda-non-paper\/","title":{"rendered":"Bo\u0161nja\u010dke stranke ne \u017eele razgovore o Izbornom zakonu, otuda non-paper"},"content":{"rendered":"\n<p><strong>Nije dugo trebalo da probo\u0161nja\u010dki medijski komunikatori ponude Zapadu verziju koja bi bila prihvatljiva oko non-papera, koji je do\u017eivio potpuni slom budu\u0107i da se zapravo vi\u0161e ne zna ni\u0161ta o tome dokumentu, tko je autor i za koga je bio namijenjen.<\/strong><\/p>\n\n\n\n<p>Naime, biv\u0161i visoki me\u0111unarodni predstavnik Christian Schwarz-Schilling za Deutsche Welle napisao je u biti ono \u0161to je i bila zamisao s paraobavje\u0161tajnim pamfletom \u2013 da se kompromitira hrvatski non-paper, ali i posredno kupuje vrijeme te poku\u0161ava zbuniti ameri\u010dku i europsku administraciju kako se ne bi nastavili razgovori o izmjenama Izbornog zakona, na \u0161to zapravo ni po koju cijenu ne \u017eeli pristati bo\u0161nja\u010dka politika. Tako je sve \u201cobjektivni\u201d Schilling pou\u010dio da nijedan non-paper nastao oko Balkana ne valja, pi\u0161e&nbsp;<a href=\"https:\/\/www.vecernji.ba\/vijesti\/bosnjacke-stranke-ne-zele-razgovore-o-izbornom-zakonu-otuda-non-paper-1485773\" target=\"_blank\" rel=\"noreferrer noopener\">Ve\u010dernji list BiH<\/a>.<\/p>\n\n\n\n<p><strong>Rama pokazao papir Pahoru<\/strong><\/p>\n\n\n\n<p>\u2013 Ovim non-paperom hrvatska vladaju\u0107a stranka HDZ podr\u017eava napore svoje sestrinske stranke \u2013 HDZ-a BiH da promijeni Izborni zakon u BiH na takav na\u010din da se mo\u017ee odr\u017eati blokada dr\u017eave BiH, a uz to i stalna kontrola i utjecaj Hrvatske na dono\u0161enje odluka u BiH. Da ovo otvara put tre\u0107em entitetu i u kona\u010dnici njegovu pripajanju Hrvatskoj, na prvi pogled se ne prepoznaje u ovom non-paperu \u2013 napisao je Schilling.<\/p>\n\n\n\n<p>Ovaj njema\u010dki politi\u010dar imao je najkra\u0107i mandat visokog predstavnika, ne\u0161to vi\u0161e od godinu dana, a smijenili su ga Amerikanci u Vije\u0107u za provedbu mira jer je prije 14 godina znao prespavati ve\u0107i dio sastanaka s lokalnim du\u017enosnicima. Valja re\u0107i kako ovaj danas 90-godi\u0161njak na vrhu jedne zgrade u sredi\u0161tu Sarajeva, nedaleko od Parku\u0161e, koristi cijeli peti kat, a predava\u010d je i na sveu\u010dili\u0161tu Ejupa Gani\u0107a. On u autorskom tekstu hvali \u017deljka Kom\u0161i\u0107a te zaklju\u010duje kako se EU mora pozicionirati \u201cprotiv nacionalisti\u010dkih i fa\u0161isti\u010dkih te\u017enji\u201d. A da se danas zapravo ne zna \u010diji je dokument, bio je najprije slovenski pa ma\u0111arski, dodatno je sve zamrsio albanski premijer Edi Rama. Rama je rekao kako je taj dokument upravo pokazao slovenskom premijeru Janezu Jan\u0161i, kojega se optu\u017eivalo da je njegov kreator. Hrvatski \u0161ef diplomacije Gordan Grli\u0107 Radman rekao je kako Hrvatska ne podupire bilo kakvo prekrajanje granica.<\/p>\n\n\n\n<p>\u2013 Pozicija Hrvatske u odnosu na BiH uvijek je bila jasna. Dakle, uva\u017eavamo je onakvom kako je Pari\u0161ko-daytonski mirovni sporazum i njezin Ustav definiraju \u2013 kao suverenu dr\u017eavu s dvama entitetima i trima konstitutivnim jednakopravnim narodima \u2013 kazao je Grli\u0107 Radman. Identi\u010dan, s ne\u0161to \u201cprilago\u0111enom\u201d retorikom, komentar oko navodnog dokumenta dao je i hrvatski predsjednik Zoran Milanovi\u0107.<\/p>\n\n\n\n<p>\u2013 Kad je u pitanju mirni razlaz u BiH, to je toliko neozbiljna i opasna tema da je ne treba stavljati \u010dak ni na non-paper, pa tko god to napravio. Bilo kakvo miroljubivo razila\u017eenje, Hrvatska do Drine, Beograd do Une, ne dolazi u obzir. I u tom smislu taj papir je big sh*t (veliko s*anje) \u2013 rekao je Milanovi\u0107. No pri tome je Milanovi\u0107 poentirao upravo tamo gdje se problem i nalazi. A to je u ru\u0161enju daytonske formule \u2013 jedna dr\u017eava, dva entiteta i tri konstitutivna naroda.<\/p>\n\n\n\n<p><strong>Hrvatima ukradena prava<\/strong><\/p>\n\n\n\n<p>\u2013 \u0160to se mene ti\u010de, nema govora o razlazu BiH, ono o \u010demu ima jest davanje temeljnih ustavnih prava iz Daytona koja hrvatskom narodu pripadaju, a koja su im uskra\u0107ena, \u010dak i ukradena \u2013 poru\u010dio je Milanovi\u0107. A upravo je bit da je pregovore o izmjenama Izbornog zakona blokirala bo\u0161nja\u010dka strana ne \u017eele\u0107i uop\u0107e sjesti za stol. Zbog toga je ovaj paraobavje\u0161tajni uradak poslu\u017eio kako bi prakti\u010dki odbili i zahtjev ameri\u010dkog dr\u017eavnog tajnika Antonyja Blinkena ili pak Europske komisije, koja je jednoglasno pozvala na to da 2021. bude godina u kojoj \u0107e se izmijeniti Izborni zakon.<\/p>\n\n\n\n<p>To podrazumijeva da se moraju provesti presude Suda za ljudska prava, ali i presuda Ustavnoga suda BiH o legitimnom politi\u010dkom predstavljanju. A to zapravo zna\u010di da se ne\u0107e mo\u0107i realizirati plan o \u201cukidanju okova\u201d i vladavini bo\u0161nja\u010dke ve\u0107ine, \u0161to je u pozadini svih ovih pamfleta i politike.<\/p>\n\n\n\n<p>\/HMS\/<\/p>\n","protected":false},"excerpt":{"rendered":"<p>Nije dugo trebalo da probo\u0161nja\u010dki medijski komunikatori ponude Zapadu verziju koja bi bila prihvatljiva oko non-papera, koji je do\u017eivio potpuni slom budu\u0107i da se zapravo vi\u0161e ne zna ni\u0161ta o tome dokumentu, tko je autor i za koga je bio namijenjen. Naime, biv\u0161i visoki me\u0111unarodni predstavnik Christian Schwarz-Schilling za Deutsche Welle napisao je u biti [&hellip;]<\/p>\n","protected":false},"author":2,"featured_media":14554,"comment_status":"closed","ping_status":"closed","sticky":false,"template":"","format":"standard","meta":{"h5ap_radio_sources":[],"footnotes":""},"categories":[1],"tags":[],"class_list":["post-14553","post","type-post","status-publish","format-standard","has-post-thumbnail","hentry","category-bihiregija"],"yoast_head":"<!-- This site is optimized with the Yoast SEO plugin v27.5 - https:\/\/yoast.com\/product\/yoast-seo-wordpress\/ -->\n<title>Bo\u0161nja\u010dke stranke ne \u017eele razgovore o Izbornom zakonu, otuda non-paper - RADIO LJUBU\u0160KI<\/title>\n<meta name=\"robots\" content=\"index, follow, max-snippet:-1, max-image-preview:large, max-video-preview:-1\" \/>\n<link rel=\"canonical\" href=\"https:\/\/radioljubuski.ba\/index.php\/2021\/04\/19\/bosnjacke-stranke-ne-zele-razgovore-o-izbornom-zakonu-otuda-non-paper\/\" \/>\n<meta property=\"og:locale\" content=\"hr_HR\" \/>\n<meta property=\"og:type\" content=\"article\" \/>\n<meta property=\"og:title\" content=\"Bo\u0161nja\u010dke stranke ne \u017eele razgovore o Izbornom zakonu, otuda non-paper - RADIO LJUBU\u0160KI\" \/>\n<meta property=\"og:description\" content=\"Nije dugo trebalo da probo\u0161nja\u010dki medijski komunikatori ponude Zapadu verziju koja bi bila prihvatljiva oko non-papera, koji je do\u017eivio potpuni slom budu\u0107i da se zapravo vi\u0161e ne zna ni\u0161ta o tome dokumentu, tko je autor i za koga je bio namijenjen. Naime, biv\u0161i visoki me\u0111unarodni predstavnik Christian Schwarz-Schilling za Deutsche Welle napisao je u biti [&hellip;]\" \/>\n<meta property=\"og:url\" content=\"https:\/\/radioljubuski.ba\/index.php\/2021\/04\/19\/bosnjacke-stranke-ne-zele-razgovore-o-izbornom-zakonu-otuda-non-paper\/\" \/>\n<meta property=\"og:site_name\" content=\"RADIO LJUBU\u0160KI\" \/>\n<meta property=\"article:publisher\" content=\"https:\/\/www.facebook.com\/Radiio-Ljubuski-1490835324566332\" \/>\n<meta property=\"article:published_time\" content=\"2021-04-19T22:31:36+00:00\" \/>\n<meta property=\"article:modified_time\" content=\"2021-04-19T22:31:37+00:00\" \/>\n<meta property=\"og:image\" content=\"https:\/\/radioljubuski.ba\/wp-content\/uploads\/2021\/04\/parlamentarna_skupstina_bih_2-3.jpg\" \/>\n\t<meta property=\"og:image:width\" content=\"750\" \/>\n\t<meta property=\"og:image:height\" content=\"450\" \/>\n\t<meta property=\"og:image:type\" content=\"image\/jpeg\" \/>\n<meta name=\"author\" content=\"Radio Ljubu\u0161ki\" \/>\n<meta name=\"twitter:card\" content=\"summary_large_image\" \/>\n<meta name=\"twitter:creator\" content=\"@radioljubuski\" \/>\n<meta name=\"twitter:site\" content=\"@radioljubuski\" \/>\n<meta name=\"twitter:label1\" content=\"Napisao\/la\" \/>\n\t<meta name=\"twitter:data1\" content=\"Radio Ljubu\u0161ki\" \/>\n\t<meta name=\"twitter:label2\" content=\"Procijenjeno vrijeme \u010ditanja\" \/>\n\t<meta name=\"twitter:data2\" content=\"3 minute\" \/>\n<script type=\"application\/ld+json\" class=\"yoast-schema-graph\">{\"@context\":\"https:\\\/\\\/schema.org\",\"@graph\":[{\"@type\":\"Article\",\"@id\":\"https:\\\/\\\/radioljubuski.ba\\\/index.php\\\/2021\\\/04\\\/19\\\/bosnjacke-stranke-ne-zele-razgovore-o-izbornom-zakonu-otuda-non-paper\\\/#article\",\"isPartOf\":{\"@id\":\"https:\\\/\\\/radioljubuski.ba\\\/index.php\\\/2021\\\/04\\\/19\\\/bosnjacke-stranke-ne-zele-razgovore-o-izbornom-zakonu-otuda-non-paper\\\/\"},\"author\":{\"name\":\"Radio Ljubu\u0161ki\",\"@id\":\"https:\\\/\\\/radioljubuski.ba\\\/#\\\/schema\\\/person\\\/19fc700381a780f69665d7956c469e3b\"},\"headline\":\"Bo\u0161nja\u010dke stranke ne \u017eele razgovore o Izbornom zakonu, otuda non-paper\",\"datePublished\":\"2021-04-19T22:31:36+00:00\",\"dateModified\":\"2021-04-19T22:31:37+00:00\",\"mainEntityOfPage\":{\"@id\":\"https:\\\/\\\/radioljubuski.ba\\\/index.php\\\/2021\\\/04\\\/19\\\/bosnjacke-stranke-ne-zele-razgovore-o-izbornom-zakonu-otuda-non-paper\\\/\"},\"wordCount\":711,\"publisher\":{\"@id\":\"https:\\\/\\\/radioljubuski.ba\\\/#organization\"},\"image\":{\"@id\":\"https:\\\/\\\/radioljubuski.ba\\\/index.php\\\/2021\\\/04\\\/19\\\/bosnjacke-stranke-ne-zele-razgovore-o-izbornom-zakonu-otuda-non-paper\\\/#primaryimage\"},\"thumbnailUrl\":\"https:\\\/\\\/radioljubuski.ba\\\/wp-content\\\/uploads\\\/2021\\\/04\\\/parlamentarna_skupstina_bih_2-3.jpg\",\"articleSection\":[\"BIH i regija\"],\"inLanguage\":\"hr\"},{\"@type\":\"WebPage\",\"@id\":\"https:\\\/\\\/radioljubuski.ba\\\/index.php\\\/2021\\\/04\\\/19\\\/bosnjacke-stranke-ne-zele-razgovore-o-izbornom-zakonu-otuda-non-paper\\\/\",\"url\":\"https:\\\/\\\/radioljubuski.ba\\\/index.php\\\/2021\\\/04\\\/19\\\/bosnjacke-stranke-ne-zele-razgovore-o-izbornom-zakonu-otuda-non-paper\\\/\",\"name\":\"Bo\u0161nja\u010dke stranke ne \u017eele razgovore o Izbornom zakonu, otuda non-paper - RADIO LJUBU\u0160KI\",\"isPartOf\":{\"@id\":\"https:\\\/\\\/radioljubuski.ba\\\/#website\"},\"primaryImageOfPage\":{\"@id\":\"https:\\\/\\\/radioljubuski.ba\\\/index.php\\\/2021\\\/04\\\/19\\\/bosnjacke-stranke-ne-zele-razgovore-o-izbornom-zakonu-otuda-non-paper\\\/#primaryimage\"},\"image\":{\"@id\":\"https:\\\/\\\/radioljubuski.ba\\\/index.php\\\/2021\\\/04\\\/19\\\/bosnjacke-stranke-ne-zele-razgovore-o-izbornom-zakonu-otuda-non-paper\\\/#primaryimage\"},\"thumbnailUrl\":\"https:\\\/\\\/radioljubuski.ba\\\/wp-content\\\/uploads\\\/2021\\\/04\\\/parlamentarna_skupstina_bih_2-3.jpg\",\"datePublished\":\"2021-04-19T22:31:36+00:00\",\"dateModified\":\"2021-04-19T22:31:37+00:00\",\"breadcrumb\":{\"@id\":\"https:\\\/\\\/radioljubuski.ba\\\/index.php\\\/2021\\\/04\\\/19\\\/bosnjacke-stranke-ne-zele-razgovore-o-izbornom-zakonu-otuda-non-paper\\\/#breadcrumb\"},\"inLanguage\":\"hr\",\"potentialAction\":[{\"@type\":\"ReadAction\",\"target\":[\"https:\\\/\\\/radioljubuski.ba\\\/index.php\\\/2021\\\/04\\\/19\\\/bosnjacke-stranke-ne-zele-razgovore-o-izbornom-zakonu-otuda-non-paper\\\/\"]}]},{\"@type\":\"ImageObject\",\"inLanguage\":\"hr\",\"@id\":\"https:\\\/\\\/radioljubuski.ba\\\/index.php\\\/2021\\\/04\\\/19\\\/bosnjacke-stranke-ne-zele-razgovore-o-izbornom-zakonu-otuda-non-paper\\\/#primaryimage\",\"url\":\"https:\\\/\\\/radioljubuski.ba\\\/wp-content\\\/uploads\\\/2021\\\/04\\\/parlamentarna_skupstina_bih_2-3.jpg\",\"contentUrl\":\"https:\\\/\\\/radioljubuski.ba\\\/wp-content\\\/uploads\\\/2021\\\/04\\\/parlamentarna_skupstina_bih_2-3.jpg\",\"width\":750,\"height\":450},{\"@type\":\"BreadcrumbList\",\"@id\":\"https:\\\/\\\/radioljubuski.ba\\\/index.php\\\/2021\\\/04\\\/19\\\/bosnjacke-stranke-ne-zele-razgovore-o-izbornom-zakonu-otuda-non-paper\\\/#breadcrumb\",\"itemListElement\":[{\"@type\":\"ListItem\",\"position\":1,\"name\":\"Po\u010detna stranica\",\"item\":\"https:\\\/\\\/radioljubuski.ba\\\/\"},{\"@type\":\"ListItem\",\"position\":2,\"name\":\"Bo\u0161nja\u010dke stranke ne \u017eele razgovore o Izbornom zakonu, otuda non-paper\"}]},{\"@type\":\"WebSite\",\"@id\":\"https:\\\/\\\/radioljubuski.ba\\\/#website\",\"url\":\"https:\\\/\\\/radioljubuski.ba\\\/\",\"name\":\"Radio Ljubu\u0161ki\",\"description\":\"Sun\u010dana frekvencija Hercegovine\",\"publisher\":{\"@id\":\"https:\\\/\\\/radioljubuski.ba\\\/#organization\"},\"potentialAction\":[{\"@type\":\"SearchAction\",\"target\":{\"@type\":\"EntryPoint\",\"urlTemplate\":\"https:\\\/\\\/radioljubuski.ba\\\/?s={search_term_string}\"},\"query-input\":{\"@type\":\"PropertyValueSpecification\",\"valueRequired\":true,\"valueName\":\"search_term_string\"}}],\"inLanguage\":\"hr\"},{\"@type\":\"Organization\",\"@id\":\"https:\\\/\\\/radioljubuski.ba\\\/#organization\",\"name\":\"Radio Ljubu\u0161ki\",\"url\":\"https:\\\/\\\/radioljubuski.ba\\\/\",\"logo\":{\"@type\":\"ImageObject\",\"inLanguage\":\"hr\",\"@id\":\"https:\\\/\\\/radioljubuski.ba\\\/#\\\/schema\\\/logo\\\/image\\\/\",\"url\":\"https:\\\/\\\/radioljubuski.ba\\\/wp-content\\\/uploads\\\/2021\\\/02\\\/cropped-Radio_Ljubuski_logo1.jpg\",\"contentUrl\":\"https:\\\/\\\/radioljubuski.ba\\\/wp-content\\\/uploads\\\/2021\\\/02\\\/cropped-Radio_Ljubuski_logo1.jpg\",\"width\":512,\"height\":512,\"caption\":\"Radio Ljubu\u0161ki\"},\"image\":{\"@id\":\"https:\\\/\\\/radioljubuski.ba\\\/#\\\/schema\\\/logo\\\/image\\\/\"},\"sameAs\":[\"https:\\\/\\\/www.facebook.com\\\/Radiio-Ljubuski-1490835324566332\",\"https:\\\/\\\/x.com\\\/radioljubuski\",\"https:\\\/\\\/hr.linkedin.com\\\/company\\\/radio-ljubuski\",\"https:\\\/\\\/www.youtube.com\\\/channel\\\/UCHYaeO_n0Db3tjNGudGpXyw\"]},{\"@type\":\"Person\",\"@id\":\"https:\\\/\\\/radioljubuski.ba\\\/#\\\/schema\\\/person\\\/19fc700381a780f69665d7956c469e3b\",\"name\":\"Radio Ljubu\u0161ki\"}]}<\/script>\n<!-- \/ Yoast SEO plugin. -->","yoast_head_json":{"title":"Bo\u0161nja\u010dke stranke ne \u017eele razgovore o Izbornom zakonu, otuda non-paper - RADIO LJUBU\u0160KI","robots":{"index":"index","follow":"follow","max-snippet":"max-snippet:-1","max-image-preview":"max-image-preview:large","max-video-preview":"max-video-preview:-1"},"canonical":"https:\/\/radioljubuski.ba\/index.php\/2021\/04\/19\/bosnjacke-stranke-ne-zele-razgovore-o-izbornom-zakonu-otuda-non-paper\/","og_locale":"hr_HR","og_type":"article","og_title":"Bo\u0161nja\u010dke stranke ne \u017eele razgovore o Izbornom zakonu, otuda non-paper - RADIO LJUBU\u0160KI","og_description":"Nije dugo trebalo da probo\u0161nja\u010dki medijski komunikatori ponude Zapadu verziju koja bi bila prihvatljiva oko non-papera, koji je do\u017eivio potpuni slom budu\u0107i da se zapravo vi\u0161e ne zna ni\u0161ta o tome dokumentu, tko je autor i za koga je bio namijenjen. Naime, biv\u0161i visoki me\u0111unarodni predstavnik Christian Schwarz-Schilling za Deutsche Welle napisao je u biti [&hellip;]","og_url":"https:\/\/radioljubuski.ba\/index.php\/2021\/04\/19\/bosnjacke-stranke-ne-zele-razgovore-o-izbornom-zakonu-otuda-non-paper\/","og_site_name":"RADIO LJUBU\u0160KI","article_publisher":"https:\/\/www.facebook.com\/Radiio-Ljubuski-1490835324566332","article_published_time":"2021-04-19T22:31:36+00:00","article_modified_time":"2021-04-19T22:31:37+00:00","og_image":[{"width":750,"height":450,"url":"https:\/\/radioljubuski.ba\/wp-content\/uploads\/2021\/04\/parlamentarna_skupstina_bih_2-3.jpg","type":"image\/jpeg"}],"author":"Radio Ljubu\u0161ki","twitter_card":"summary_large_image","twitter_creator":"@radioljubuski","twitter_site":"@radioljubuski","twitter_misc":{"Napisao\/la":"Radio Ljubu\u0161ki","Procijenjeno vrijeme \u010ditanja":"3 minute"},"schema":{"@context":"https:\/\/schema.org","@graph":[{"@type":"Article","@id":"https:\/\/radioljubuski.ba\/index.php\/2021\/04\/19\/bosnjacke-stranke-ne-zele-razgovore-o-izbornom-zakonu-otuda-non-paper\/#article","isPartOf":{"@id":"https:\/\/radioljubuski.ba\/index.php\/2021\/04\/19\/bosnjacke-stranke-ne-zele-razgovore-o-izbornom-zakonu-otuda-non-paper\/"},"author":{"name":"Radio Ljubu\u0161ki","@id":"https:\/\/radioljubuski.ba\/#\/schema\/person\/19fc700381a780f69665d7956c469e3b"},"headline":"Bo\u0161nja\u010dke stranke ne \u017eele razgovore o Izbornom zakonu, otuda non-paper","datePublished":"2021-04-19T22:31:36+00:00","dateModified":"2021-04-19T22:31:37+00:00","mainEntityOfPage":{"@id":"https:\/\/radioljubuski.ba\/index.php\/2021\/04\/19\/bosnjacke-stranke-ne-zele-razgovore-o-izbornom-zakonu-otuda-non-paper\/"},"wordCount":711,"publisher":{"@id":"https:\/\/radioljubuski.ba\/#organization"},"image":{"@id":"https:\/\/radioljubuski.ba\/index.php\/2021\/04\/19\/bosnjacke-stranke-ne-zele-razgovore-o-izbornom-zakonu-otuda-non-paper\/#primaryimage"},"thumbnailUrl":"https:\/\/radioljubuski.ba\/wp-content\/uploads\/2021\/04\/parlamentarna_skupstina_bih_2-3.jpg","articleSection":["BIH i regija"],"inLanguage":"hr"},{"@type":"WebPage","@id":"https:\/\/radioljubuski.ba\/index.php\/2021\/04\/19\/bosnjacke-stranke-ne-zele-razgovore-o-izbornom-zakonu-otuda-non-paper\/","url":"https:\/\/radioljubuski.ba\/index.php\/2021\/04\/19\/bosnjacke-stranke-ne-zele-razgovore-o-izbornom-zakonu-otuda-non-paper\/","name":"Bo\u0161nja\u010dke stranke ne \u017eele razgovore o Izbornom zakonu, otuda non-paper - RADIO LJUBU\u0160KI","isPartOf":{"@id":"https:\/\/radioljubuski.ba\/#website"},"primaryImageOfPage":{"@id":"https:\/\/radioljubuski.ba\/index.php\/2021\/04\/19\/bosnjacke-stranke-ne-zele-razgovore-o-izbornom-zakonu-otuda-non-paper\/#primaryimage"},"image":{"@id":"https:\/\/radioljubuski.ba\/index.php\/2021\/04\/19\/bosnjacke-stranke-ne-zele-razgovore-o-izbornom-zakonu-otuda-non-paper\/#primaryimage"},"thumbnailUrl":"https:\/\/radioljubuski.ba\/wp-content\/uploads\/2021\/04\/parlamentarna_skupstina_bih_2-3.jpg","datePublished":"2021-04-19T22:31:36+00:00","dateModified":"2021-04-19T22:31:37+00:00","breadcrumb":{"@id":"https:\/\/radioljubuski.ba\/index.php\/2021\/04\/19\/bosnjacke-stranke-ne-zele-razgovore-o-izbornom-zakonu-otuda-non-paper\/#breadcrumb"},"inLanguage":"hr","potentialAction":[{"@type":"ReadAction","target":["https:\/\/radioljubuski.ba\/index.php\/2021\/04\/19\/bosnjacke-stranke-ne-zele-razgovore-o-izbornom-zakonu-otuda-non-paper\/"]}]},{"@type":"ImageObject","inLanguage":"hr","@id":"https:\/\/radioljubuski.ba\/index.php\/2021\/04\/19\/bosnjacke-stranke-ne-zele-razgovore-o-izbornom-zakonu-otuda-non-paper\/#primaryimage","url":"https:\/\/radioljubuski.ba\/wp-content\/uploads\/2021\/04\/parlamentarna_skupstina_bih_2-3.jpg","contentUrl":"https:\/\/radioljubuski.ba\/wp-content\/uploads\/2021\/04\/parlamentarna_skupstina_bih_2-3.jpg","width":750,"height":450},{"@type":"BreadcrumbList","@id":"https:\/\/radioljubuski.ba\/index.php\/2021\/04\/19\/bosnjacke-stranke-ne-zele-razgovore-o-izbornom-zakonu-otuda-non-paper\/#breadcrumb","itemListElement":[{"@type":"ListItem","position":1,"name":"Po\u010detna stranica","item":"https:\/\/radioljubuski.ba\/"},{"@type":"ListItem","position":2,"name":"Bo\u0161nja\u010dke stranke ne \u017eele razgovore o Izbornom zakonu, otuda non-paper"}]},{"@type":"WebSite","@id":"https:\/\/radioljubuski.ba\/#website","url":"https:\/\/radioljubuski.ba\/","name":"Radio Ljubu\u0161ki","description":"Sun\u010dana frekvencija Hercegovine","publisher":{"@id":"https:\/\/radioljubuski.ba\/#organization"},"potentialAction":[{"@type":"SearchAction","target":{"@type":"EntryPoint","urlTemplate":"https:\/\/radioljubuski.ba\/?s={search_term_string}"},"query-input":{"@type":"PropertyValueSpecification","valueRequired":true,"valueName":"search_term_string"}}],"inLanguage":"hr"},{"@type":"Organization","@id":"https:\/\/radioljubuski.ba\/#organization","name":"Radio Ljubu\u0161ki","url":"https:\/\/radioljubuski.ba\/","logo":{"@type":"ImageObject","inLanguage":"hr","@id":"https:\/\/radioljubuski.ba\/#\/schema\/logo\/image\/","url":"https:\/\/radioljubuski.ba\/wp-content\/uploads\/2021\/02\/cropped-Radio_Ljubuski_logo1.jpg","contentUrl":"https:\/\/radioljubuski.ba\/wp-content\/uploads\/2021\/02\/cropped-Radio_Ljubuski_logo1.jpg","width":512,"height":512,"caption":"Radio Ljubu\u0161ki"},"image":{"@id":"https:\/\/radioljubuski.ba\/#\/schema\/logo\/image\/"},"sameAs":["https:\/\/www.facebook.com\/Radiio-Ljubuski-1490835324566332","https:\/\/x.com\/radioljubuski","https:\/\/hr.linkedin.com\/company\/radio-ljubuski","https:\/\/www.youtube.com\/channel\/UCHYaeO_n0Db3tjNGudGpXyw"]},{"@type":"Person","@id":"https:\/\/radioljubuski.ba\/#\/schema\/person\/19fc700381a780f69665d7956c469e3b","name":"Radio Ljubu\u0161ki"}]}},"_links":{"self":[{"href":"https:\/\/radioljubuski.ba\/index.php\/wp-json\/wp\/v2\/posts\/14553","targetHints":{"allow":["GET"]}}],"collection":[{"href":"https:\/\/radioljubuski.ba\/index.php\/wp-json\/wp\/v2\/posts"}],"about":[{"href":"https:\/\/radioljubuski.ba\/index.php\/wp-json\/wp\/v2\/types\/post"}],"author":[{"embeddable":true,"href":"https:\/\/radioljubuski.ba\/index.php\/wp-json\/wp\/v2\/users\/2"}],"replies":[{"embeddable":true,"href":"https:\/\/radioljubuski.ba\/index.php\/wp-json\/wp\/v2\/comments?post=14553"}],"version-history":[{"count":1,"href":"https:\/\/radioljubuski.ba\/index.php\/wp-json\/wp\/v2\/posts\/14553\/revisions"}],"predecessor-version":[{"id":14555,"href":"https:\/\/radioljubuski.ba\/index.php\/wp-json\/wp\/v2\/posts\/14553\/revisions\/14555"}],"wp:featuredmedia":[{"embeddable":true,"href":"https:\/\/radioljubuski.ba\/index.php\/wp-json\/wp\/v2\/media\/14554"}],"wp:attachment":[{"href":"https:\/\/radioljubuski.ba\/index.php\/wp-json\/wp\/v2\/media?parent=14553"}],"wp:term":[{"taxonomy":"category","embeddable":true,"href":"https:\/\/radioljubuski.ba\/index.php\/wp-json\/wp\/v2\/categories?post=14553"},{"taxonomy":"post_tag","embeddable":true,"href":"https:\/\/radioljubuski.ba\/index.php\/wp-json\/wp\/v2\/tags?post=14553"}],"curies":[{"name":"wp","href":"https:\/\/api.w.org\/{rel}","templated":true}]}}