{"id":14577,"date":"2021-04-20T00:18:23","date_gmt":"2021-04-19T23:18:23","guid":{"rendered":"https:\/\/radioljubuski.ba\/?p=14577"},"modified":"2021-04-20T00:18:24","modified_gmt":"2021-04-19T23:18:24","slug":"citaci-s-usana-otkrili-o-cemu-su-pricali-harry-i-william-nakon-sprovoda-svoga-djeda","status":"publish","type":"post","link":"https:\/\/radioljubuski.ba\/index.php\/2021\/04\/20\/citaci-s-usana-otkrili-o-cemu-su-pricali-harry-i-william-nakon-sprovoda-svoga-djeda\/","title":{"rendered":"\u010cita\u010di s usana otkrili o \u010demu su pri\u010dali Harry i William nakon sprovoda svoga djeda"},"content":{"rendered":"\n<p>S obzirom na to da su&nbsp;<strong>prin\u010devi Harry<\/strong>&nbsp;i&nbsp;<strong>William<\/strong>&nbsp;zahladili svoje odnose o \u010demu se zna i iz slavnog intervjua koji su&nbsp;<strong>Meghan Markle<\/strong>&nbsp;i Harry dali&nbsp;<strong>Oprah Winfrey<\/strong>, svi su sa zanimanjem pratili kako \u0107e se pona\u0161ati jedno prema drugome u trenutku kada budu prisiljeni susresti se. Na\u017ealost okolnosti ponovnog dru\u017eenja bile su tu\u017ene pa su se bra\u0107a vidjela nakon sprovoda svoga djeda&nbsp;<strong>Philipa<\/strong>.<\/p>\n\n\n\n<p>Na sprovodu bra\u0107a nisu stajala jedan do drugoga ve\u0107 je izme\u0111u njih bio ro\u0111ak, a vi\u0111eni su kako razgovaraju tek nakon \u0161to je sprovod pro\u0161ao. Na izlasku iz kapele sv. Jurja u Windsoru zastali su da popri\u010daju. Prvo je s njima hodala i&nbsp;<strong>Kate Middleton<\/strong>, ali se onda elegantno izvukla iz te situacije i ostavila ih da popri\u010daju sami.<\/p>\n\n\n\n<p>Do sada se nije znalo o \u010demu su prin\u010devi razgovarali, ali su za&nbsp;<a href=\"https:\/\/www.mirror.co.uk\/news\/uk-news\/harry-william-chatted-how-funeral-23935173\">Mirror<\/a>&nbsp;stru\u010dnjaci za \u010ditanje s usana uspjeli otkriti \u0161to su komentirali. Oni tvrde kako su se princ William i princ Harry slo\u017eili kako sprovod pro\u0161ao ba\u0161 onako kako bi to htio njihov djed.<\/p>\n\n\n\n<p>Prema \u010ditateljima usana, kad je vojvoda od Cambridgea skinuo masku s lica, rekao je: &#8220;Da, bilo je sjajno, zar ne.&#8221;<\/p>\n\n\n\n<p>\u010cinilo se da je vojvoda od Sussexa odgovorio: &#8220;Bilo je kako je \u017eelio.&#8221;<\/p>\n\n\n\n<p><strong>PI\u0160E&nbsp;<\/strong>PSD<\/p>\n","protected":false},"excerpt":{"rendered":"<p>S obzirom na to da su&nbsp;prin\u010devi Harry&nbsp;i&nbsp;William&nbsp;zahladili svoje odnose o \u010demu se zna i iz slavnog intervjua koji su&nbsp;Meghan Markle&nbsp;i Harry dali&nbsp;Oprah Winfrey, svi su sa zanimanjem pratili kako \u0107e se pona\u0161ati jedno prema drugome u trenutku kada budu prisiljeni susresti se. Na\u017ealost okolnosti ponovnog dru\u017eenja bile su tu\u017ene pa su se bra\u0107a vidjela nakon [&hellip;]<\/p>\n","protected":false},"author":2,"featured_media":14578,"comment_status":"closed","ping_status":"closed","sticky":false,"template":"","format":"standard","meta":{"h5ap_radio_sources":[],"footnotes":""},"categories":[1],"tags":[],"class_list":["post-14577","post","type-post","status-publish","format-standard","has-post-thumbnail","hentry","category-bihiregija"],"yoast_head":"<!-- This site is optimized with the Yoast SEO plugin v27.5 - https:\/\/yoast.com\/product\/yoast-seo-wordpress\/ -->\n<title>\u010cita\u010di s usana otkrili o \u010demu su pri\u010dali Harry i William nakon sprovoda svoga djeda - RADIO LJUBU\u0160KI<\/title>\n<meta name=\"robots\" content=\"index, follow, max-snippet:-1, max-image-preview:large, max-video-preview:-1\" \/>\n<link rel=\"canonical\" href=\"https:\/\/radioljubuski.ba\/index.php\/2021\/04\/20\/citaci-s-usana-otkrili-o-cemu-su-pricali-harry-i-william-nakon-sprovoda-svoga-djeda\/\" \/>\n<meta property=\"og:locale\" content=\"hr_HR\" \/>\n<meta property=\"og:type\" content=\"article\" \/>\n<meta property=\"og:title\" content=\"\u010cita\u010di s usana otkrili o \u010demu su pri\u010dali Harry i William nakon sprovoda svoga djeda - RADIO LJUBU\u0160KI\" \/>\n<meta property=\"og:description\" content=\"S obzirom na to da su&nbsp;prin\u010devi Harry&nbsp;i&nbsp;William&nbsp;zahladili svoje odnose o \u010demu se zna i iz slavnog intervjua koji su&nbsp;Meghan Markle&nbsp;i Harry dali&nbsp;Oprah Winfrey, svi su sa zanimanjem pratili kako \u0107e se pona\u0161ati jedno prema drugome u trenutku kada budu prisiljeni susresti se. Na\u017ealost okolnosti ponovnog dru\u017eenja bile su tu\u017ene pa su se bra\u0107a vidjela nakon [&hellip;]\" \/>\n<meta property=\"og:url\" content=\"https:\/\/radioljubuski.ba\/index.php\/2021\/04\/20\/citaci-s-usana-otkrili-o-cemu-su-pricali-harry-i-william-nakon-sprovoda-svoga-djeda\/\" \/>\n<meta property=\"og:site_name\" content=\"RADIO LJUBU\u0160KI\" \/>\n<meta property=\"article:publisher\" content=\"https:\/\/www.facebook.com\/Radiio-Ljubuski-1490835324566332\" \/>\n<meta property=\"article:published_time\" content=\"2021-04-19T23:18:23+00:00\" \/>\n<meta property=\"article:modified_time\" content=\"2021-04-19T23:18:24+00:00\" \/>\n<meta property=\"og:image\" content=\"https:\/\/radioljubuski.ba\/wp-content\/uploads\/2021\/04\/66666.png\" \/>\n\t<meta property=\"og:image:width\" content=\"500\" \/>\n\t<meta property=\"og:image:height\" content=\"348\" \/>\n\t<meta property=\"og:image:type\" content=\"image\/png\" \/>\n<meta name=\"author\" content=\"Radio Ljubu\u0161ki\" \/>\n<meta name=\"twitter:card\" content=\"summary_large_image\" \/>\n<meta name=\"twitter:creator\" content=\"@radioljubuski\" \/>\n<meta name=\"twitter:site\" content=\"@radioljubuski\" \/>\n<meta name=\"twitter:label1\" content=\"Napisao\/la\" \/>\n\t<meta name=\"twitter:data1\" content=\"Radio Ljubu\u0161ki\" \/>\n\t<meta name=\"twitter:label2\" content=\"Procijenjeno vrijeme \u010ditanja\" \/>\n\t<meta name=\"twitter:data2\" content=\"1 minuta\" \/>\n<script type=\"application\/ld+json\" class=\"yoast-schema-graph\">{\"@context\":\"https:\\\/\\\/schema.org\",\"@graph\":[{\"@type\":\"Article\",\"@id\":\"https:\\\/\\\/radioljubuski.ba\\\/index.php\\\/2021\\\/04\\\/20\\\/citaci-s-usana-otkrili-o-cemu-su-pricali-harry-i-william-nakon-sprovoda-svoga-djeda\\\/#article\",\"isPartOf\":{\"@id\":\"https:\\\/\\\/radioljubuski.ba\\\/index.php\\\/2021\\\/04\\\/20\\\/citaci-s-usana-otkrili-o-cemu-su-pricali-harry-i-william-nakon-sprovoda-svoga-djeda\\\/\"},\"author\":{\"name\":\"Radio Ljubu\u0161ki\",\"@id\":\"https:\\\/\\\/radioljubuski.ba\\\/#\\\/schema\\\/person\\\/19fc700381a780f69665d7956c469e3b\"},\"headline\":\"\u010cita\u010di s usana otkrili o \u010demu su pri\u010dali Harry i William nakon sprovoda svoga djeda\",\"datePublished\":\"2021-04-19T23:18:23+00:00\",\"dateModified\":\"2021-04-19T23:18:24+00:00\",\"mainEntityOfPage\":{\"@id\":\"https:\\\/\\\/radioljubuski.ba\\\/index.php\\\/2021\\\/04\\\/20\\\/citaci-s-usana-otkrili-o-cemu-su-pricali-harry-i-william-nakon-sprovoda-svoga-djeda\\\/\"},\"wordCount\":253,\"publisher\":{\"@id\":\"https:\\\/\\\/radioljubuski.ba\\\/#organization\"},\"image\":{\"@id\":\"https:\\\/\\\/radioljubuski.ba\\\/index.php\\\/2021\\\/04\\\/20\\\/citaci-s-usana-otkrili-o-cemu-su-pricali-harry-i-william-nakon-sprovoda-svoga-djeda\\\/#primaryimage\"},\"thumbnailUrl\":\"https:\\\/\\\/radioljubuski.ba\\\/wp-content\\\/uploads\\\/2021\\\/04\\\/66666.png\",\"articleSection\":[\"BIH i regija\"],\"inLanguage\":\"hr\"},{\"@type\":\"WebPage\",\"@id\":\"https:\\\/\\\/radioljubuski.ba\\\/index.php\\\/2021\\\/04\\\/20\\\/citaci-s-usana-otkrili-o-cemu-su-pricali-harry-i-william-nakon-sprovoda-svoga-djeda\\\/\",\"url\":\"https:\\\/\\\/radioljubuski.ba\\\/index.php\\\/2021\\\/04\\\/20\\\/citaci-s-usana-otkrili-o-cemu-su-pricali-harry-i-william-nakon-sprovoda-svoga-djeda\\\/\",\"name\":\"\u010cita\u010di s usana otkrili o \u010demu su pri\u010dali Harry i William nakon sprovoda svoga djeda - RADIO LJUBU\u0160KI\",\"isPartOf\":{\"@id\":\"https:\\\/\\\/radioljubuski.ba\\\/#website\"},\"primaryImageOfPage\":{\"@id\":\"https:\\\/\\\/radioljubuski.ba\\\/index.php\\\/2021\\\/04\\\/20\\\/citaci-s-usana-otkrili-o-cemu-su-pricali-harry-i-william-nakon-sprovoda-svoga-djeda\\\/#primaryimage\"},\"image\":{\"@id\":\"https:\\\/\\\/radioljubuski.ba\\\/index.php\\\/2021\\\/04\\\/20\\\/citaci-s-usana-otkrili-o-cemu-su-pricali-harry-i-william-nakon-sprovoda-svoga-djeda\\\/#primaryimage\"},\"thumbnailUrl\":\"https:\\\/\\\/radioljubuski.ba\\\/wp-content\\\/uploads\\\/2021\\\/04\\\/66666.png\",\"datePublished\":\"2021-04-19T23:18:23+00:00\",\"dateModified\":\"2021-04-19T23:18:24+00:00\",\"breadcrumb\":{\"@id\":\"https:\\\/\\\/radioljubuski.ba\\\/index.php\\\/2021\\\/04\\\/20\\\/citaci-s-usana-otkrili-o-cemu-su-pricali-harry-i-william-nakon-sprovoda-svoga-djeda\\\/#breadcrumb\"},\"inLanguage\":\"hr\",\"potentialAction\":[{\"@type\":\"ReadAction\",\"target\":[\"https:\\\/\\\/radioljubuski.ba\\\/index.php\\\/2021\\\/04\\\/20\\\/citaci-s-usana-otkrili-o-cemu-su-pricali-harry-i-william-nakon-sprovoda-svoga-djeda\\\/\"]}]},{\"@type\":\"ImageObject\",\"inLanguage\":\"hr\",\"@id\":\"https:\\\/\\\/radioljubuski.ba\\\/index.php\\\/2021\\\/04\\\/20\\\/citaci-s-usana-otkrili-o-cemu-su-pricali-harry-i-william-nakon-sprovoda-svoga-djeda\\\/#primaryimage\",\"url\":\"https:\\\/\\\/radioljubuski.ba\\\/wp-content\\\/uploads\\\/2021\\\/04\\\/66666.png\",\"contentUrl\":\"https:\\\/\\\/radioljubuski.ba\\\/wp-content\\\/uploads\\\/2021\\\/04\\\/66666.png\",\"width\":500,\"height\":348},{\"@type\":\"BreadcrumbList\",\"@id\":\"https:\\\/\\\/radioljubuski.ba\\\/index.php\\\/2021\\\/04\\\/20\\\/citaci-s-usana-otkrili-o-cemu-su-pricali-harry-i-william-nakon-sprovoda-svoga-djeda\\\/#breadcrumb\",\"itemListElement\":[{\"@type\":\"ListItem\",\"position\":1,\"name\":\"Po\u010detna stranica\",\"item\":\"https:\\\/\\\/radioljubuski.ba\\\/\"},{\"@type\":\"ListItem\",\"position\":2,\"name\":\"\u010cita\u010di s usana otkrili o \u010demu su pri\u010dali Harry i William nakon sprovoda svoga djeda\"}]},{\"@type\":\"WebSite\",\"@id\":\"https:\\\/\\\/radioljubuski.ba\\\/#website\",\"url\":\"https:\\\/\\\/radioljubuski.ba\\\/\",\"name\":\"Radio Ljubu\u0161ki\",\"description\":\"Sun\u010dana frekvencija Hercegovine\",\"publisher\":{\"@id\":\"https:\\\/\\\/radioljubuski.ba\\\/#organization\"},\"potentialAction\":[{\"@type\":\"SearchAction\",\"target\":{\"@type\":\"EntryPoint\",\"urlTemplate\":\"https:\\\/\\\/radioljubuski.ba\\\/?s={search_term_string}\"},\"query-input\":{\"@type\":\"PropertyValueSpecification\",\"valueRequired\":true,\"valueName\":\"search_term_string\"}}],\"inLanguage\":\"hr\"},{\"@type\":\"Organization\",\"@id\":\"https:\\\/\\\/radioljubuski.ba\\\/#organization\",\"name\":\"Radio Ljubu\u0161ki\",\"url\":\"https:\\\/\\\/radioljubuski.ba\\\/\",\"logo\":{\"@type\":\"ImageObject\",\"inLanguage\":\"hr\",\"@id\":\"https:\\\/\\\/radioljubuski.ba\\\/#\\\/schema\\\/logo\\\/image\\\/\",\"url\":\"https:\\\/\\\/radioljubuski.ba\\\/wp-content\\\/uploads\\\/2021\\\/02\\\/cropped-Radio_Ljubuski_logo1.jpg\",\"contentUrl\":\"https:\\\/\\\/radioljubuski.ba\\\/wp-content\\\/uploads\\\/2021\\\/02\\\/cropped-Radio_Ljubuski_logo1.jpg\",\"width\":512,\"height\":512,\"caption\":\"Radio Ljubu\u0161ki\"},\"image\":{\"@id\":\"https:\\\/\\\/radioljubuski.ba\\\/#\\\/schema\\\/logo\\\/image\\\/\"},\"sameAs\":[\"https:\\\/\\\/www.facebook.com\\\/Radiio-Ljubuski-1490835324566332\",\"https:\\\/\\\/x.com\\\/radioljubuski\",\"https:\\\/\\\/hr.linkedin.com\\\/company\\\/radio-ljubuski\",\"https:\\\/\\\/www.youtube.com\\\/channel\\\/UCHYaeO_n0Db3tjNGudGpXyw\"]},{\"@type\":\"Person\",\"@id\":\"https:\\\/\\\/radioljubuski.ba\\\/#\\\/schema\\\/person\\\/19fc700381a780f69665d7956c469e3b\",\"name\":\"Radio Ljubu\u0161ki\"}]}<\/script>\n<!-- \/ Yoast SEO plugin. -->","yoast_head_json":{"title":"\u010cita\u010di s usana otkrili o \u010demu su pri\u010dali Harry i William nakon sprovoda svoga djeda - RADIO LJUBU\u0160KI","robots":{"index":"index","follow":"follow","max-snippet":"max-snippet:-1","max-image-preview":"max-image-preview:large","max-video-preview":"max-video-preview:-1"},"canonical":"https:\/\/radioljubuski.ba\/index.php\/2021\/04\/20\/citaci-s-usana-otkrili-o-cemu-su-pricali-harry-i-william-nakon-sprovoda-svoga-djeda\/","og_locale":"hr_HR","og_type":"article","og_title":"\u010cita\u010di s usana otkrili o \u010demu su pri\u010dali Harry i William nakon sprovoda svoga djeda - RADIO LJUBU\u0160KI","og_description":"S obzirom na to da su&nbsp;prin\u010devi Harry&nbsp;i&nbsp;William&nbsp;zahladili svoje odnose o \u010demu se zna i iz slavnog intervjua koji su&nbsp;Meghan Markle&nbsp;i Harry dali&nbsp;Oprah Winfrey, svi su sa zanimanjem pratili kako \u0107e se pona\u0161ati jedno prema drugome u trenutku kada budu prisiljeni susresti se. Na\u017ealost okolnosti ponovnog dru\u017eenja bile su tu\u017ene pa su se bra\u0107a vidjela nakon [&hellip;]","og_url":"https:\/\/radioljubuski.ba\/index.php\/2021\/04\/20\/citaci-s-usana-otkrili-o-cemu-su-pricali-harry-i-william-nakon-sprovoda-svoga-djeda\/","og_site_name":"RADIO LJUBU\u0160KI","article_publisher":"https:\/\/www.facebook.com\/Radiio-Ljubuski-1490835324566332","article_published_time":"2021-04-19T23:18:23+00:00","article_modified_time":"2021-04-19T23:18:24+00:00","og_image":[{"width":500,"height":348,"url":"https:\/\/radioljubuski.ba\/wp-content\/uploads\/2021\/04\/66666.png","type":"image\/png"}],"author":"Radio Ljubu\u0161ki","twitter_card":"summary_large_image","twitter_creator":"@radioljubuski","twitter_site":"@radioljubuski","twitter_misc":{"Napisao\/la":"Radio Ljubu\u0161ki","Procijenjeno vrijeme \u010ditanja":"1 minuta"},"schema":{"@context":"https:\/\/schema.org","@graph":[{"@type":"Article","@id":"https:\/\/radioljubuski.ba\/index.php\/2021\/04\/20\/citaci-s-usana-otkrili-o-cemu-su-pricali-harry-i-william-nakon-sprovoda-svoga-djeda\/#article","isPartOf":{"@id":"https:\/\/radioljubuski.ba\/index.php\/2021\/04\/20\/citaci-s-usana-otkrili-o-cemu-su-pricali-harry-i-william-nakon-sprovoda-svoga-djeda\/"},"author":{"name":"Radio Ljubu\u0161ki","@id":"https:\/\/radioljubuski.ba\/#\/schema\/person\/19fc700381a780f69665d7956c469e3b"},"headline":"\u010cita\u010di s usana otkrili o \u010demu su pri\u010dali Harry i William nakon sprovoda svoga djeda","datePublished":"2021-04-19T23:18:23+00:00","dateModified":"2021-04-19T23:18:24+00:00","mainEntityOfPage":{"@id":"https:\/\/radioljubuski.ba\/index.php\/2021\/04\/20\/citaci-s-usana-otkrili-o-cemu-su-pricali-harry-i-william-nakon-sprovoda-svoga-djeda\/"},"wordCount":253,"publisher":{"@id":"https:\/\/radioljubuski.ba\/#organization"},"image":{"@id":"https:\/\/radioljubuski.ba\/index.php\/2021\/04\/20\/citaci-s-usana-otkrili-o-cemu-su-pricali-harry-i-william-nakon-sprovoda-svoga-djeda\/#primaryimage"},"thumbnailUrl":"https:\/\/radioljubuski.ba\/wp-content\/uploads\/2021\/04\/66666.png","articleSection":["BIH i regija"],"inLanguage":"hr"},{"@type":"WebPage","@id":"https:\/\/radioljubuski.ba\/index.php\/2021\/04\/20\/citaci-s-usana-otkrili-o-cemu-su-pricali-harry-i-william-nakon-sprovoda-svoga-djeda\/","url":"https:\/\/radioljubuski.ba\/index.php\/2021\/04\/20\/citaci-s-usana-otkrili-o-cemu-su-pricali-harry-i-william-nakon-sprovoda-svoga-djeda\/","name":"\u010cita\u010di s usana otkrili o \u010demu su pri\u010dali Harry i William nakon sprovoda svoga djeda - RADIO LJUBU\u0160KI","isPartOf":{"@id":"https:\/\/radioljubuski.ba\/#website"},"primaryImageOfPage":{"@id":"https:\/\/radioljubuski.ba\/index.php\/2021\/04\/20\/citaci-s-usana-otkrili-o-cemu-su-pricali-harry-i-william-nakon-sprovoda-svoga-djeda\/#primaryimage"},"image":{"@id":"https:\/\/radioljubuski.ba\/index.php\/2021\/04\/20\/citaci-s-usana-otkrili-o-cemu-su-pricali-harry-i-william-nakon-sprovoda-svoga-djeda\/#primaryimage"},"thumbnailUrl":"https:\/\/radioljubuski.ba\/wp-content\/uploads\/2021\/04\/66666.png","datePublished":"2021-04-19T23:18:23+00:00","dateModified":"2021-04-19T23:18:24+00:00","breadcrumb":{"@id":"https:\/\/radioljubuski.ba\/index.php\/2021\/04\/20\/citaci-s-usana-otkrili-o-cemu-su-pricali-harry-i-william-nakon-sprovoda-svoga-djeda\/#breadcrumb"},"inLanguage":"hr","potentialAction":[{"@type":"ReadAction","target":["https:\/\/radioljubuski.ba\/index.php\/2021\/04\/20\/citaci-s-usana-otkrili-o-cemu-su-pricali-harry-i-william-nakon-sprovoda-svoga-djeda\/"]}]},{"@type":"ImageObject","inLanguage":"hr","@id":"https:\/\/radioljubuski.ba\/index.php\/2021\/04\/20\/citaci-s-usana-otkrili-o-cemu-su-pricali-harry-i-william-nakon-sprovoda-svoga-djeda\/#primaryimage","url":"https:\/\/radioljubuski.ba\/wp-content\/uploads\/2021\/04\/66666.png","contentUrl":"https:\/\/radioljubuski.ba\/wp-content\/uploads\/2021\/04\/66666.png","width":500,"height":348},{"@type":"BreadcrumbList","@id":"https:\/\/radioljubuski.ba\/index.php\/2021\/04\/20\/citaci-s-usana-otkrili-o-cemu-su-pricali-harry-i-william-nakon-sprovoda-svoga-djeda\/#breadcrumb","itemListElement":[{"@type":"ListItem","position":1,"name":"Po\u010detna stranica","item":"https:\/\/radioljubuski.ba\/"},{"@type":"ListItem","position":2,"name":"\u010cita\u010di s usana otkrili o \u010demu su pri\u010dali Harry i William nakon sprovoda svoga djeda"}]},{"@type":"WebSite","@id":"https:\/\/radioljubuski.ba\/#website","url":"https:\/\/radioljubuski.ba\/","name":"Radio Ljubu\u0161ki","description":"Sun\u010dana frekvencija Hercegovine","publisher":{"@id":"https:\/\/radioljubuski.ba\/#organization"},"potentialAction":[{"@type":"SearchAction","target":{"@type":"EntryPoint","urlTemplate":"https:\/\/radioljubuski.ba\/?s={search_term_string}"},"query-input":{"@type":"PropertyValueSpecification","valueRequired":true,"valueName":"search_term_string"}}],"inLanguage":"hr"},{"@type":"Organization","@id":"https:\/\/radioljubuski.ba\/#organization","name":"Radio Ljubu\u0161ki","url":"https:\/\/radioljubuski.ba\/","logo":{"@type":"ImageObject","inLanguage":"hr","@id":"https:\/\/radioljubuski.ba\/#\/schema\/logo\/image\/","url":"https:\/\/radioljubuski.ba\/wp-content\/uploads\/2021\/02\/cropped-Radio_Ljubuski_logo1.jpg","contentUrl":"https:\/\/radioljubuski.ba\/wp-content\/uploads\/2021\/02\/cropped-Radio_Ljubuski_logo1.jpg","width":512,"height":512,"caption":"Radio Ljubu\u0161ki"},"image":{"@id":"https:\/\/radioljubuski.ba\/#\/schema\/logo\/image\/"},"sameAs":["https:\/\/www.facebook.com\/Radiio-Ljubuski-1490835324566332","https:\/\/x.com\/radioljubuski","https:\/\/hr.linkedin.com\/company\/radio-ljubuski","https:\/\/www.youtube.com\/channel\/UCHYaeO_n0Db3tjNGudGpXyw"]},{"@type":"Person","@id":"https:\/\/radioljubuski.ba\/#\/schema\/person\/19fc700381a780f69665d7956c469e3b","name":"Radio Ljubu\u0161ki"}]}},"_links":{"self":[{"href":"https:\/\/radioljubuski.ba\/index.php\/wp-json\/wp\/v2\/posts\/14577","targetHints":{"allow":["GET"]}}],"collection":[{"href":"https:\/\/radioljubuski.ba\/index.php\/wp-json\/wp\/v2\/posts"}],"about":[{"href":"https:\/\/radioljubuski.ba\/index.php\/wp-json\/wp\/v2\/types\/post"}],"author":[{"embeddable":true,"href":"https:\/\/radioljubuski.ba\/index.php\/wp-json\/wp\/v2\/users\/2"}],"replies":[{"embeddable":true,"href":"https:\/\/radioljubuski.ba\/index.php\/wp-json\/wp\/v2\/comments?post=14577"}],"version-history":[{"count":1,"href":"https:\/\/radioljubuski.ba\/index.php\/wp-json\/wp\/v2\/posts\/14577\/revisions"}],"predecessor-version":[{"id":14579,"href":"https:\/\/radioljubuski.ba\/index.php\/wp-json\/wp\/v2\/posts\/14577\/revisions\/14579"}],"wp:featuredmedia":[{"embeddable":true,"href":"https:\/\/radioljubuski.ba\/index.php\/wp-json\/wp\/v2\/media\/14578"}],"wp:attachment":[{"href":"https:\/\/radioljubuski.ba\/index.php\/wp-json\/wp\/v2\/media?parent=14577"}],"wp:term":[{"taxonomy":"category","embeddable":true,"href":"https:\/\/radioljubuski.ba\/index.php\/wp-json\/wp\/v2\/categories?post=14577"},{"taxonomy":"post_tag","embeddable":true,"href":"https:\/\/radioljubuski.ba\/index.php\/wp-json\/wp\/v2\/tags?post=14577"}],"curies":[{"name":"wp","href":"https:\/\/api.w.org\/{rel}","templated":true}]}}