{"id":14653,"date":"2021-04-20T10:30:43","date_gmt":"2021-04-20T09:30:43","guid":{"rendered":"https:\/\/radioljubuski.ba\/?p=14653"},"modified":"2021-04-20T10:30:43","modified_gmt":"2021-04-20T09:30:43","slug":"imunolog-o-smrti-bebe-koja-je-imala-koronavirus-to-je-izuzetno-rijetko","status":"publish","type":"post","link":"https:\/\/radioljubuski.ba\/index.php\/2021\/04\/20\/imunolog-o-smrti-bebe-koja-je-imala-koronavirus-to-je-izuzetno-rijetko\/","title":{"rendered":"Imunolog o smrti bebe koja je imala koronavirus: To je izuzetno rijetko"},"content":{"rendered":"\n<p>Imunolog prof. dr. sc. Zlatko Trobonja\u010da otkrio je kolike su \u0161anse da zara\u017eena majka koronavirus prenese na nero\u0111eno dijete.<\/p>\n\n\n\n<p>\u201dTo nije ne\u0161to \u0161to je u\u010destalo. Znamo za ovaj jedan slu\u010daj koji se dogodio u Srbiji, gdje je majka odmah nakon poroda inficirala dijete. Ono je brzo razvilo te\u0161ku klini\u010dku sliku, zavr\u0161ilo na respiratoru i na\u017ealost umrlo\u201d, ka\u017ee prof. dr. sc. Trobonja\u010da, dr. med., redoviti profesor u trajnom zvanju, za <a href=\"https:\/\/dnevnik.hr\/vijesti\/koronavirus\/imnulog-zlatko-trobonjaca-o-smrti-bebe-zarazene-koronavirusom-u-srbiji---648463.html?itm_source=HomeTopRow&amp;itm_medium=Dnevnik&amp;itm_campaign=Naslovnica\" target=\"_blank\" rel=\"noreferrer noopener\">dnevnik.hr<\/a>.<\/p>\n\n\n\n<p>\u201cDa je kojim slu\u010dajem majka ranije preboljela COVID i razvila antitijela IGG razreda, to je onaj razred protutijela koji prolazi kroz placentu i ulazi u dje\u010dju krv, mo\u017eda bi dijete nakon poroda bilo za\u0161ti\u0107eno i ne bi do\u017eivjelo ovako lo\u0161u sliku. Me\u0111utim, ne znamo ba\u0161 cijelu pri\u010du, mo\u017eda je dijete imalo neko imunodeficijentnu bolest pa je zato sve tako zavr\u0161ilo\u201d, obja\u0161njava imunolog.<\/p>\n\n\n\n<p>Podsjetio je kako je poznato da djeca u pravilu ne razvijaju te\u017eu klini\u010dku sliku. \u201dTo je izuzetno rijetko. U principu nisu nekakva opasnost u ovoj epidemiji\u201d, ka\u017ee.<\/p>\n\n\n\n<p>Trobonja\u010da se osvrnuo i na probleme s cijepljenjem u Hrvatskoj. \u201dNaravno da to ne stvara dobru sliku kod ljudi, no ljudi moraju shvatiti da je cijepljenje izuzetno va\u017eno i da ih jedino to mo\u017ee za\u0161tititi, da imaju relativno veliku \u0161ansu zaraziti se. Ako gledate koji je rizik od cjepiva, da se razviju neke ne\u017eeljene pojave, to je jedan naprama milijun, pa i vi\u0161e od toga\u201d, poru\u010duje.<\/p>\n\n\n\n<p><em>Izvor: narod.hr\/dnevnik.hr<\/em><\/p>\n","protected":false},"excerpt":{"rendered":"<p>Imunolog prof. dr. sc. Zlatko Trobonja\u010da otkrio je kolike su \u0161anse da zara\u017eena majka koronavirus prenese na nero\u0111eno dijete. \u201dTo nije ne\u0161to \u0161to je u\u010destalo. Znamo za ovaj jedan slu\u010daj koji se dogodio u Srbiji, gdje je majka odmah nakon poroda inficirala dijete. Ono je brzo razvilo te\u0161ku klini\u010dku sliku, zavr\u0161ilo na respiratoru i na\u017ealost [&hellip;]<\/p>\n","protected":false},"author":2,"featured_media":14654,"comment_status":"closed","ping_status":"closed","sticky":false,"template":"","format":"standard","meta":{"h5ap_radio_sources":[],"footnotes":""},"categories":[1],"tags":[],"class_list":["post-14653","post","type-post","status-publish","format-standard","has-post-thumbnail","hentry","category-bihiregija"],"yoast_head":"<!-- This site is optimized with the Yoast SEO plugin v27.5 - https:\/\/yoast.com\/product\/yoast-seo-wordpress\/ -->\n<title>Imunolog o smrti bebe koja je imala koronavirus: To je izuzetno rijetko - RADIO LJUBU\u0160KI<\/title>\n<meta name=\"robots\" content=\"index, follow, max-snippet:-1, max-image-preview:large, max-video-preview:-1\" \/>\n<link rel=\"canonical\" href=\"https:\/\/radioljubuski.ba\/index.php\/2021\/04\/20\/imunolog-o-smrti-bebe-koja-je-imala-koronavirus-to-je-izuzetno-rijetko\/\" \/>\n<meta property=\"og:locale\" content=\"hr_HR\" \/>\n<meta property=\"og:type\" content=\"article\" \/>\n<meta property=\"og:title\" content=\"Imunolog o smrti bebe koja je imala koronavirus: To je izuzetno rijetko - RADIO LJUBU\u0160KI\" \/>\n<meta property=\"og:description\" content=\"Imunolog prof. dr. sc. Zlatko Trobonja\u010da otkrio je kolike su \u0161anse da zara\u017eena majka koronavirus prenese na nero\u0111eno dijete. \u201dTo nije ne\u0161to \u0161to je u\u010destalo. Znamo za ovaj jedan slu\u010daj koji se dogodio u Srbiji, gdje je majka odmah nakon poroda inficirala dijete. Ono je brzo razvilo te\u0161ku klini\u010dku sliku, zavr\u0161ilo na respiratoru i na\u017ealost [&hellip;]\" \/>\n<meta property=\"og:url\" content=\"https:\/\/radioljubuski.ba\/index.php\/2021\/04\/20\/imunolog-o-smrti-bebe-koja-je-imala-koronavirus-to-je-izuzetno-rijetko\/\" \/>\n<meta property=\"og:site_name\" content=\"RADIO LJUBU\u0160KI\" \/>\n<meta property=\"article:publisher\" content=\"https:\/\/www.facebook.com\/Radiio-Ljubuski-1490835324566332\" \/>\n<meta property=\"article:published_time\" content=\"2021-04-20T09:30:43+00:00\" \/>\n<meta property=\"og:image\" content=\"https:\/\/radioljubuski.ba\/wp-content\/uploads\/2021\/04\/zlatko-trobonjaca-696x430-1.jpg\" \/>\n\t<meta property=\"og:image:width\" content=\"696\" \/>\n\t<meta property=\"og:image:height\" content=\"430\" \/>\n\t<meta property=\"og:image:type\" content=\"image\/jpeg\" \/>\n<meta name=\"author\" content=\"Radio Ljubu\u0161ki\" \/>\n<meta name=\"twitter:card\" content=\"summary_large_image\" \/>\n<meta name=\"twitter:creator\" content=\"@radioljubuski\" \/>\n<meta name=\"twitter:site\" content=\"@radioljubuski\" \/>\n<meta name=\"twitter:label1\" content=\"Napisao\/la\" \/>\n\t<meta name=\"twitter:data1\" content=\"Radio Ljubu\u0161ki\" \/>\n\t<meta name=\"twitter:label2\" content=\"Procijenjeno vrijeme \u010ditanja\" \/>\n\t<meta name=\"twitter:data2\" content=\"1 minuta\" \/>\n<script type=\"application\/ld+json\" class=\"yoast-schema-graph\">{\"@context\":\"https:\\\/\\\/schema.org\",\"@graph\":[{\"@type\":\"Article\",\"@id\":\"https:\\\/\\\/radioljubuski.ba\\\/index.php\\\/2021\\\/04\\\/20\\\/imunolog-o-smrti-bebe-koja-je-imala-koronavirus-to-je-izuzetno-rijetko\\\/#article\",\"isPartOf\":{\"@id\":\"https:\\\/\\\/radioljubuski.ba\\\/index.php\\\/2021\\\/04\\\/20\\\/imunolog-o-smrti-bebe-koja-je-imala-koronavirus-to-je-izuzetno-rijetko\\\/\"},\"author\":{\"name\":\"Radio Ljubu\u0161ki\",\"@id\":\"https:\\\/\\\/radioljubuski.ba\\\/#\\\/schema\\\/person\\\/19fc700381a780f69665d7956c469e3b\"},\"headline\":\"Imunolog o smrti bebe koja je imala koronavirus: To je izuzetno rijetko\",\"datePublished\":\"2021-04-20T09:30:43+00:00\",\"mainEntityOfPage\":{\"@id\":\"https:\\\/\\\/radioljubuski.ba\\\/index.php\\\/2021\\\/04\\\/20\\\/imunolog-o-smrti-bebe-koja-je-imala-koronavirus-to-je-izuzetno-rijetko\\\/\"},\"wordCount\":277,\"publisher\":{\"@id\":\"https:\\\/\\\/radioljubuski.ba\\\/#organization\"},\"image\":{\"@id\":\"https:\\\/\\\/radioljubuski.ba\\\/index.php\\\/2021\\\/04\\\/20\\\/imunolog-o-smrti-bebe-koja-je-imala-koronavirus-to-je-izuzetno-rijetko\\\/#primaryimage\"},\"thumbnailUrl\":\"https:\\\/\\\/radioljubuski.ba\\\/wp-content\\\/uploads\\\/2021\\\/04\\\/zlatko-trobonjaca-696x430-1.jpg\",\"articleSection\":[\"BIH i regija\"],\"inLanguage\":\"hr\"},{\"@type\":\"WebPage\",\"@id\":\"https:\\\/\\\/radioljubuski.ba\\\/index.php\\\/2021\\\/04\\\/20\\\/imunolog-o-smrti-bebe-koja-je-imala-koronavirus-to-je-izuzetno-rijetko\\\/\",\"url\":\"https:\\\/\\\/radioljubuski.ba\\\/index.php\\\/2021\\\/04\\\/20\\\/imunolog-o-smrti-bebe-koja-je-imala-koronavirus-to-je-izuzetno-rijetko\\\/\",\"name\":\"Imunolog o smrti bebe koja je imala koronavirus: To je izuzetno rijetko - RADIO LJUBU\u0160KI\",\"isPartOf\":{\"@id\":\"https:\\\/\\\/radioljubuski.ba\\\/#website\"},\"primaryImageOfPage\":{\"@id\":\"https:\\\/\\\/radioljubuski.ba\\\/index.php\\\/2021\\\/04\\\/20\\\/imunolog-o-smrti-bebe-koja-je-imala-koronavirus-to-je-izuzetno-rijetko\\\/#primaryimage\"},\"image\":{\"@id\":\"https:\\\/\\\/radioljubuski.ba\\\/index.php\\\/2021\\\/04\\\/20\\\/imunolog-o-smrti-bebe-koja-je-imala-koronavirus-to-je-izuzetno-rijetko\\\/#primaryimage\"},\"thumbnailUrl\":\"https:\\\/\\\/radioljubuski.ba\\\/wp-content\\\/uploads\\\/2021\\\/04\\\/zlatko-trobonjaca-696x430-1.jpg\",\"datePublished\":\"2021-04-20T09:30:43+00:00\",\"breadcrumb\":{\"@id\":\"https:\\\/\\\/radioljubuski.ba\\\/index.php\\\/2021\\\/04\\\/20\\\/imunolog-o-smrti-bebe-koja-je-imala-koronavirus-to-je-izuzetno-rijetko\\\/#breadcrumb\"},\"inLanguage\":\"hr\",\"potentialAction\":[{\"@type\":\"ReadAction\",\"target\":[\"https:\\\/\\\/radioljubuski.ba\\\/index.php\\\/2021\\\/04\\\/20\\\/imunolog-o-smrti-bebe-koja-je-imala-koronavirus-to-je-izuzetno-rijetko\\\/\"]}]},{\"@type\":\"ImageObject\",\"inLanguage\":\"hr\",\"@id\":\"https:\\\/\\\/radioljubuski.ba\\\/index.php\\\/2021\\\/04\\\/20\\\/imunolog-o-smrti-bebe-koja-je-imala-koronavirus-to-je-izuzetno-rijetko\\\/#primaryimage\",\"url\":\"https:\\\/\\\/radioljubuski.ba\\\/wp-content\\\/uploads\\\/2021\\\/04\\\/zlatko-trobonjaca-696x430-1.jpg\",\"contentUrl\":\"https:\\\/\\\/radioljubuski.ba\\\/wp-content\\\/uploads\\\/2021\\\/04\\\/zlatko-trobonjaca-696x430-1.jpg\",\"width\":696,\"height\":430},{\"@type\":\"BreadcrumbList\",\"@id\":\"https:\\\/\\\/radioljubuski.ba\\\/index.php\\\/2021\\\/04\\\/20\\\/imunolog-o-smrti-bebe-koja-je-imala-koronavirus-to-je-izuzetno-rijetko\\\/#breadcrumb\",\"itemListElement\":[{\"@type\":\"ListItem\",\"position\":1,\"name\":\"Po\u010detna stranica\",\"item\":\"https:\\\/\\\/radioljubuski.ba\\\/\"},{\"@type\":\"ListItem\",\"position\":2,\"name\":\"Imunolog o smrti bebe koja je imala koronavirus: To je izuzetno rijetko\"}]},{\"@type\":\"WebSite\",\"@id\":\"https:\\\/\\\/radioljubuski.ba\\\/#website\",\"url\":\"https:\\\/\\\/radioljubuski.ba\\\/\",\"name\":\"Radio Ljubu\u0161ki\",\"description\":\"Sun\u010dana frekvencija Hercegovine\",\"publisher\":{\"@id\":\"https:\\\/\\\/radioljubuski.ba\\\/#organization\"},\"potentialAction\":[{\"@type\":\"SearchAction\",\"target\":{\"@type\":\"EntryPoint\",\"urlTemplate\":\"https:\\\/\\\/radioljubuski.ba\\\/?s={search_term_string}\"},\"query-input\":{\"@type\":\"PropertyValueSpecification\",\"valueRequired\":true,\"valueName\":\"search_term_string\"}}],\"inLanguage\":\"hr\"},{\"@type\":\"Organization\",\"@id\":\"https:\\\/\\\/radioljubuski.ba\\\/#organization\",\"name\":\"Radio Ljubu\u0161ki\",\"url\":\"https:\\\/\\\/radioljubuski.ba\\\/\",\"logo\":{\"@type\":\"ImageObject\",\"inLanguage\":\"hr\",\"@id\":\"https:\\\/\\\/radioljubuski.ba\\\/#\\\/schema\\\/logo\\\/image\\\/\",\"url\":\"https:\\\/\\\/radioljubuski.ba\\\/wp-content\\\/uploads\\\/2021\\\/02\\\/cropped-Radio_Ljubuski_logo1.jpg\",\"contentUrl\":\"https:\\\/\\\/radioljubuski.ba\\\/wp-content\\\/uploads\\\/2021\\\/02\\\/cropped-Radio_Ljubuski_logo1.jpg\",\"width\":512,\"height\":512,\"caption\":\"Radio Ljubu\u0161ki\"},\"image\":{\"@id\":\"https:\\\/\\\/radioljubuski.ba\\\/#\\\/schema\\\/logo\\\/image\\\/\"},\"sameAs\":[\"https:\\\/\\\/www.facebook.com\\\/Radiio-Ljubuski-1490835324566332\",\"https:\\\/\\\/x.com\\\/radioljubuski\",\"https:\\\/\\\/hr.linkedin.com\\\/company\\\/radio-ljubuski\",\"https:\\\/\\\/www.youtube.com\\\/channel\\\/UCHYaeO_n0Db3tjNGudGpXyw\"]},{\"@type\":\"Person\",\"@id\":\"https:\\\/\\\/radioljubuski.ba\\\/#\\\/schema\\\/person\\\/19fc700381a780f69665d7956c469e3b\",\"name\":\"Radio Ljubu\u0161ki\"}]}<\/script>\n<!-- \/ Yoast SEO plugin. -->","yoast_head_json":{"title":"Imunolog o smrti bebe koja je imala koronavirus: To je izuzetno rijetko - RADIO LJUBU\u0160KI","robots":{"index":"index","follow":"follow","max-snippet":"max-snippet:-1","max-image-preview":"max-image-preview:large","max-video-preview":"max-video-preview:-1"},"canonical":"https:\/\/radioljubuski.ba\/index.php\/2021\/04\/20\/imunolog-o-smrti-bebe-koja-je-imala-koronavirus-to-je-izuzetno-rijetko\/","og_locale":"hr_HR","og_type":"article","og_title":"Imunolog o smrti bebe koja je imala koronavirus: To je izuzetno rijetko - RADIO LJUBU\u0160KI","og_description":"Imunolog prof. dr. sc. Zlatko Trobonja\u010da otkrio je kolike su \u0161anse da zara\u017eena majka koronavirus prenese na nero\u0111eno dijete. \u201dTo nije ne\u0161to \u0161to je u\u010destalo. Znamo za ovaj jedan slu\u010daj koji se dogodio u Srbiji, gdje je majka odmah nakon poroda inficirala dijete. Ono je brzo razvilo te\u0161ku klini\u010dku sliku, zavr\u0161ilo na respiratoru i na\u017ealost [&hellip;]","og_url":"https:\/\/radioljubuski.ba\/index.php\/2021\/04\/20\/imunolog-o-smrti-bebe-koja-je-imala-koronavirus-to-je-izuzetno-rijetko\/","og_site_name":"RADIO LJUBU\u0160KI","article_publisher":"https:\/\/www.facebook.com\/Radiio-Ljubuski-1490835324566332","article_published_time":"2021-04-20T09:30:43+00:00","og_image":[{"width":696,"height":430,"url":"https:\/\/radioljubuski.ba\/wp-content\/uploads\/2021\/04\/zlatko-trobonjaca-696x430-1.jpg","type":"image\/jpeg"}],"author":"Radio Ljubu\u0161ki","twitter_card":"summary_large_image","twitter_creator":"@radioljubuski","twitter_site":"@radioljubuski","twitter_misc":{"Napisao\/la":"Radio Ljubu\u0161ki","Procijenjeno vrijeme \u010ditanja":"1 minuta"},"schema":{"@context":"https:\/\/schema.org","@graph":[{"@type":"Article","@id":"https:\/\/radioljubuski.ba\/index.php\/2021\/04\/20\/imunolog-o-smrti-bebe-koja-je-imala-koronavirus-to-je-izuzetno-rijetko\/#article","isPartOf":{"@id":"https:\/\/radioljubuski.ba\/index.php\/2021\/04\/20\/imunolog-o-smrti-bebe-koja-je-imala-koronavirus-to-je-izuzetno-rijetko\/"},"author":{"name":"Radio Ljubu\u0161ki","@id":"https:\/\/radioljubuski.ba\/#\/schema\/person\/19fc700381a780f69665d7956c469e3b"},"headline":"Imunolog o smrti bebe koja je imala koronavirus: To je izuzetno rijetko","datePublished":"2021-04-20T09:30:43+00:00","mainEntityOfPage":{"@id":"https:\/\/radioljubuski.ba\/index.php\/2021\/04\/20\/imunolog-o-smrti-bebe-koja-je-imala-koronavirus-to-je-izuzetno-rijetko\/"},"wordCount":277,"publisher":{"@id":"https:\/\/radioljubuski.ba\/#organization"},"image":{"@id":"https:\/\/radioljubuski.ba\/index.php\/2021\/04\/20\/imunolog-o-smrti-bebe-koja-je-imala-koronavirus-to-je-izuzetno-rijetko\/#primaryimage"},"thumbnailUrl":"https:\/\/radioljubuski.ba\/wp-content\/uploads\/2021\/04\/zlatko-trobonjaca-696x430-1.jpg","articleSection":["BIH i regija"],"inLanguage":"hr"},{"@type":"WebPage","@id":"https:\/\/radioljubuski.ba\/index.php\/2021\/04\/20\/imunolog-o-smrti-bebe-koja-je-imala-koronavirus-to-je-izuzetno-rijetko\/","url":"https:\/\/radioljubuski.ba\/index.php\/2021\/04\/20\/imunolog-o-smrti-bebe-koja-je-imala-koronavirus-to-je-izuzetno-rijetko\/","name":"Imunolog o smrti bebe koja je imala koronavirus: To je izuzetno rijetko - RADIO LJUBU\u0160KI","isPartOf":{"@id":"https:\/\/radioljubuski.ba\/#website"},"primaryImageOfPage":{"@id":"https:\/\/radioljubuski.ba\/index.php\/2021\/04\/20\/imunolog-o-smrti-bebe-koja-je-imala-koronavirus-to-je-izuzetno-rijetko\/#primaryimage"},"image":{"@id":"https:\/\/radioljubuski.ba\/index.php\/2021\/04\/20\/imunolog-o-smrti-bebe-koja-je-imala-koronavirus-to-je-izuzetno-rijetko\/#primaryimage"},"thumbnailUrl":"https:\/\/radioljubuski.ba\/wp-content\/uploads\/2021\/04\/zlatko-trobonjaca-696x430-1.jpg","datePublished":"2021-04-20T09:30:43+00:00","breadcrumb":{"@id":"https:\/\/radioljubuski.ba\/index.php\/2021\/04\/20\/imunolog-o-smrti-bebe-koja-je-imala-koronavirus-to-je-izuzetno-rijetko\/#breadcrumb"},"inLanguage":"hr","potentialAction":[{"@type":"ReadAction","target":["https:\/\/radioljubuski.ba\/index.php\/2021\/04\/20\/imunolog-o-smrti-bebe-koja-je-imala-koronavirus-to-je-izuzetno-rijetko\/"]}]},{"@type":"ImageObject","inLanguage":"hr","@id":"https:\/\/radioljubuski.ba\/index.php\/2021\/04\/20\/imunolog-o-smrti-bebe-koja-je-imala-koronavirus-to-je-izuzetno-rijetko\/#primaryimage","url":"https:\/\/radioljubuski.ba\/wp-content\/uploads\/2021\/04\/zlatko-trobonjaca-696x430-1.jpg","contentUrl":"https:\/\/radioljubuski.ba\/wp-content\/uploads\/2021\/04\/zlatko-trobonjaca-696x430-1.jpg","width":696,"height":430},{"@type":"BreadcrumbList","@id":"https:\/\/radioljubuski.ba\/index.php\/2021\/04\/20\/imunolog-o-smrti-bebe-koja-je-imala-koronavirus-to-je-izuzetno-rijetko\/#breadcrumb","itemListElement":[{"@type":"ListItem","position":1,"name":"Po\u010detna stranica","item":"https:\/\/radioljubuski.ba\/"},{"@type":"ListItem","position":2,"name":"Imunolog o smrti bebe koja je imala koronavirus: To je izuzetno rijetko"}]},{"@type":"WebSite","@id":"https:\/\/radioljubuski.ba\/#website","url":"https:\/\/radioljubuski.ba\/","name":"Radio Ljubu\u0161ki","description":"Sun\u010dana frekvencija Hercegovine","publisher":{"@id":"https:\/\/radioljubuski.ba\/#organization"},"potentialAction":[{"@type":"SearchAction","target":{"@type":"EntryPoint","urlTemplate":"https:\/\/radioljubuski.ba\/?s={search_term_string}"},"query-input":{"@type":"PropertyValueSpecification","valueRequired":true,"valueName":"search_term_string"}}],"inLanguage":"hr"},{"@type":"Organization","@id":"https:\/\/radioljubuski.ba\/#organization","name":"Radio Ljubu\u0161ki","url":"https:\/\/radioljubuski.ba\/","logo":{"@type":"ImageObject","inLanguage":"hr","@id":"https:\/\/radioljubuski.ba\/#\/schema\/logo\/image\/","url":"https:\/\/radioljubuski.ba\/wp-content\/uploads\/2021\/02\/cropped-Radio_Ljubuski_logo1.jpg","contentUrl":"https:\/\/radioljubuski.ba\/wp-content\/uploads\/2021\/02\/cropped-Radio_Ljubuski_logo1.jpg","width":512,"height":512,"caption":"Radio Ljubu\u0161ki"},"image":{"@id":"https:\/\/radioljubuski.ba\/#\/schema\/logo\/image\/"},"sameAs":["https:\/\/www.facebook.com\/Radiio-Ljubuski-1490835324566332","https:\/\/x.com\/radioljubuski","https:\/\/hr.linkedin.com\/company\/radio-ljubuski","https:\/\/www.youtube.com\/channel\/UCHYaeO_n0Db3tjNGudGpXyw"]},{"@type":"Person","@id":"https:\/\/radioljubuski.ba\/#\/schema\/person\/19fc700381a780f69665d7956c469e3b","name":"Radio Ljubu\u0161ki"}]}},"_links":{"self":[{"href":"https:\/\/radioljubuski.ba\/index.php\/wp-json\/wp\/v2\/posts\/14653","targetHints":{"allow":["GET"]}}],"collection":[{"href":"https:\/\/radioljubuski.ba\/index.php\/wp-json\/wp\/v2\/posts"}],"about":[{"href":"https:\/\/radioljubuski.ba\/index.php\/wp-json\/wp\/v2\/types\/post"}],"author":[{"embeddable":true,"href":"https:\/\/radioljubuski.ba\/index.php\/wp-json\/wp\/v2\/users\/2"}],"replies":[{"embeddable":true,"href":"https:\/\/radioljubuski.ba\/index.php\/wp-json\/wp\/v2\/comments?post=14653"}],"version-history":[{"count":1,"href":"https:\/\/radioljubuski.ba\/index.php\/wp-json\/wp\/v2\/posts\/14653\/revisions"}],"predecessor-version":[{"id":14655,"href":"https:\/\/radioljubuski.ba\/index.php\/wp-json\/wp\/v2\/posts\/14653\/revisions\/14655"}],"wp:featuredmedia":[{"embeddable":true,"href":"https:\/\/radioljubuski.ba\/index.php\/wp-json\/wp\/v2\/media\/14654"}],"wp:attachment":[{"href":"https:\/\/radioljubuski.ba\/index.php\/wp-json\/wp\/v2\/media?parent=14653"}],"wp:term":[{"taxonomy":"category","embeddable":true,"href":"https:\/\/radioljubuski.ba\/index.php\/wp-json\/wp\/v2\/categories?post=14653"},{"taxonomy":"post_tag","embeddable":true,"href":"https:\/\/radioljubuski.ba\/index.php\/wp-json\/wp\/v2\/tags?post=14653"}],"curies":[{"name":"wp","href":"https:\/\/api.w.org\/{rel}","templated":true}]}}