{"id":14656,"date":"2021-04-20T10:32:30","date_gmt":"2021-04-20T09:32:30","guid":{"rendered":"https:\/\/radioljubuski.ba\/?p=14656"},"modified":"2021-04-20T10:32:31","modified_gmt":"2021-04-20T09:32:31","slug":"hzjz-objavio-detalje-o-broju-cijepljenih-gotovo-svaki-treci-zdravstveni-djelatnik-odbio-cjepivo","status":"publish","type":"post","link":"https:\/\/radioljubuski.ba\/index.php\/2021\/04\/20\/hzjz-objavio-detalje-o-broju-cijepljenih-gotovo-svaki-treci-zdravstveni-djelatnik-odbio-cjepivo\/","title":{"rendered":"HZJZ objavio detalje o broju cijepljenih: Gotovo svaki tre\u0107i zdravstveni djelatnik odbio cjepivo"},"content":{"rendered":"\n<p>U drugoj fazi cijepljenja, koja je zavr\u0161ila u ve\u0107em dijelu zemlje, cijepilo se samo 38,6 posto starijih od 65 godina, iako je cjepivo bilo ponu\u0111eno svima, pokazuju podaci koje nam je dostavio Hrvatski zavod za javno zdravstvo.<\/p>\n\n\n\n<p>Sto\u017eer civilne za\u0161tite Republike Hrvatske danas je izvijestio kako je dosad protiv koronavirusa cijepljeno 553.883 osoba dok je utro\u0161eno 693.530 doza cjepiva. Prvom dozom cijepljene su 412.143 osobe, dok je drugom dozom cijepljeno 139.647 osoba. Za 2.093 osobe nema podataka kojom dozom su cijepljenje.<\/p>\n\n\n\n<p><strong>Gotovo svaki tre\u0107i zdravstveni djelatnik odbio cjepivo<\/strong><\/p>\n\n\n\n<p>Hrvatski zavod za javno priop\u0107enje u kojem su detaljnije iznijeli podatke vezane za cijepljenje u Hrvatskoj.<\/p>\n\n\n\n<p>\u201cDanas je pristiglo 51 480 doza Pfizerovog cjepiva, o\u010dekujemo i isporuku AZ cjepiva u koli\u010dini od 31 200 doza, prema najavama ovaj tjedan trebalo bi pristi\u0107i i 18 000 doza cjepiva Moderne. Do 12. travnja 2021., u Hrvatskoj je utro\u0161eno 595.369 doza; 483.825 osoba cijepljeno je prvom dozom (11,9 % ukupnog stanovni\u0161tva), dok je drugom dozom cijepljeno 111.544 osoba (2,7 % stanovni\u0161tva).<\/p>\n\n\n\n<p>Na cijepljenje zdravstvenih radnika dosad je utro\u0161eno 85.760 doza cjepiva, a prvu ili drugu dozu cjepiva, uklju\u010duju\u0107i i doze sa statusom \u201enepoznato\u201c, primilo je 52.449 zdravstvenih radnika \u0161to je 71,4% zdravstvenih radnika. Osobe kod kojih je postignut obuhvat ve\u0107i od prosje\u010dnih 11,9 % nalaze se u dobnim skupinama od 60 godina i vi\u0161e. Najve\u0107i obuhvat cijepljenjem postignut je za osobe u dobi 80 i vi\u0161e godina, od kojih je vi\u0161e od 44% primilo prvu ili drugu dozu\u201d, navodi HZJZ<\/p>\n\n\n\n<p>Premijer Andrej Plenkovi\u0107 najavio je danas da \u0107e Hrvatska do 30. lipnja imati oko 3,1 milijun doza cjepiva jer su <strong>Pfizer, Moderna i AstraZeneca najavili isporuku,<\/strong> prenosi <a href=\"https:\/\/www.vecernji.hr\/vijesti\/dosad-cijepljeno-vise-od-550-tisuca-osoba-1485728\">Ve\u010dernji list.<\/a><\/p>\n\n\n\n<p>\u2013 U kontekstu \u010dinjenice da do tada imamo dva i pol mjeseca, treba intenzivirati cijepljenje. Zada\u0107a je ministra zdravstva, HZJZ-a i svih koji su uklju\u010deni da se \u0161to ve\u0107i broj ljudi procijepi \u2013 rekao je. Ako \u0107e ljudi htjeti primiti cjepivo, s prvom dozom sigurno \u0107e se procijepiti iznad 50 posto stanovni\u0161tva, a druga doza \u0107e i\u0107i u dinamici, ka\u017ee Plenkovi\u0107 i podsje\u0107a da je niska procijepljenost u Hrvatskoj posljedica manje isporuke AstraZenece.<\/p>\n\n\n\n<p>Iz Ministarstva zdravstva su za <a href=\"https:\/\/www.rtl.hr\/vijesti-hr\/novosti\/zanimljivosti\/4018582\/medicinski-fenomen-ostala-trudna-dok-je-bila-trudna-apsolutno-ludo-jer-to-se-ne-bi-trebalo-dogoditi\/?utm_source=MagicFlow&amp;display_position=1\">Jutarnji list<\/a> prije nekoliko dana rekli kako je problem u odustajanju od AstraZenecina cjepiva.<\/p>\n\n\n\n<p>\u2013 Neovisno o tome kada je registrirana prijava na platformi cijepise.zdravlje.hr, stariji gra\u0111ani i pacijenti s kroni\u010dnim bolestima imaju prednost, a pozivi mla\u0111ima i onima bez kroni\u010dnih bolesti upu\u0107uju se isklju\u010divo u slu\u010daju odustajanja onih iz prioritetnih skupina kako bi se u potpunosti popunio kapacitet masovnog punkta na Zagreba\u010dkom velesajmu. To je isklju\u010divi razlog dobivanja termina na masovnom punktu kod pojedinih gra\u0111ana iz mla\u0111e skupine u odnosu na prioritetnu skupinu. Takav princip slijedit \u0107e se i u narednim pozivima za cijepljenje na punktu \u2013 ka\u017eu iz resornog Ministarstva.<\/p>\n\n\n\n<p><em>Izvor: narod.hr\/Ve\u010dernji list\/Jutarnji list<\/em><\/p>\n","protected":false},"excerpt":{"rendered":"<p>U drugoj fazi cijepljenja, koja je zavr\u0161ila u ve\u0107em dijelu zemlje, cijepilo se samo 38,6 posto starijih od 65 godina, iako je cjepivo bilo ponu\u0111eno svima, pokazuju podaci koje nam je dostavio Hrvatski zavod za javno zdravstvo. Sto\u017eer civilne za\u0161tite Republike Hrvatske danas je izvijestio kako je dosad protiv koronavirusa cijepljeno 553.883 osoba dok je [&hellip;]<\/p>\n","protected":false},"author":2,"featured_media":14657,"comment_status":"closed","ping_status":"closed","sticky":false,"template":"","format":"standard","meta":{"h5ap_radio_sources":[],"footnotes":""},"categories":[1],"tags":[],"class_list":["post-14656","post","type-post","status-publish","format-standard","has-post-thumbnail","hentry","category-bihiregija"],"yoast_head":"<!-- This site is optimized with the Yoast SEO plugin v27.5 - https:\/\/yoast.com\/product\/yoast-seo-wordpress\/ -->\n<title>HZJZ objavio detalje o broju cijepljenih: Gotovo svaki tre\u0107i zdravstveni djelatnik odbio cjepivo - RADIO LJUBU\u0160KI<\/title>\n<meta name=\"robots\" content=\"index, follow, max-snippet:-1, max-image-preview:large, max-video-preview:-1\" \/>\n<link rel=\"canonical\" href=\"https:\/\/radioljubuski.ba\/index.php\/2021\/04\/20\/hzjz-objavio-detalje-o-broju-cijepljenih-gotovo-svaki-treci-zdravstveni-djelatnik-odbio-cjepivo\/\" \/>\n<meta property=\"og:locale\" content=\"hr_HR\" \/>\n<meta property=\"og:type\" content=\"article\" \/>\n<meta property=\"og:title\" content=\"HZJZ objavio detalje o broju cijepljenih: Gotovo svaki tre\u0107i zdravstveni djelatnik odbio cjepivo - RADIO LJUBU\u0160KI\" \/>\n<meta property=\"og:description\" content=\"U drugoj fazi cijepljenja, koja je zavr\u0161ila u ve\u0107em dijelu zemlje, cijepilo se samo 38,6 posto starijih od 65 godina, iako je cjepivo bilo ponu\u0111eno svima, pokazuju podaci koje nam je dostavio Hrvatski zavod za javno zdravstvo. Sto\u017eer civilne za\u0161tite Republike Hrvatske danas je izvijestio kako je dosad protiv koronavirusa cijepljeno 553.883 osoba dok je [&hellip;]\" \/>\n<meta property=\"og:url\" content=\"https:\/\/radioljubuski.ba\/index.php\/2021\/04\/20\/hzjz-objavio-detalje-o-broju-cijepljenih-gotovo-svaki-treci-zdravstveni-djelatnik-odbio-cjepivo\/\" \/>\n<meta property=\"og:site_name\" content=\"RADIO LJUBU\u0160KI\" \/>\n<meta property=\"article:publisher\" content=\"https:\/\/www.facebook.com\/Radiio-Ljubuski-1490835324566332\" \/>\n<meta property=\"article:published_time\" content=\"2021-04-20T09:32:30+00:00\" \/>\n<meta property=\"article:modified_time\" content=\"2021-04-20T09:32:31+00:00\" \/>\n<meta property=\"og:image\" content=\"https:\/\/radioljubuski.ba\/wp-content\/uploads\/2021\/04\/HN20210401976830-1-696x464-1.jpg\" \/>\n\t<meta property=\"og:image:width\" content=\"696\" \/>\n\t<meta property=\"og:image:height\" content=\"464\" \/>\n\t<meta property=\"og:image:type\" content=\"image\/jpeg\" \/>\n<meta name=\"author\" content=\"Radio Ljubu\u0161ki\" \/>\n<meta name=\"twitter:card\" content=\"summary_large_image\" \/>\n<meta name=\"twitter:creator\" content=\"@radioljubuski\" \/>\n<meta name=\"twitter:site\" content=\"@radioljubuski\" \/>\n<meta name=\"twitter:label1\" content=\"Napisao\/la\" \/>\n\t<meta name=\"twitter:data1\" content=\"Radio Ljubu\u0161ki\" \/>\n\t<meta name=\"twitter:label2\" content=\"Procijenjeno vrijeme \u010ditanja\" \/>\n\t<meta name=\"twitter:data2\" content=\"2 minute\" \/>\n<script type=\"application\/ld+json\" class=\"yoast-schema-graph\">{\"@context\":\"https:\\\/\\\/schema.org\",\"@graph\":[{\"@type\":\"Article\",\"@id\":\"https:\\\/\\\/radioljubuski.ba\\\/index.php\\\/2021\\\/04\\\/20\\\/hzjz-objavio-detalje-o-broju-cijepljenih-gotovo-svaki-treci-zdravstveni-djelatnik-odbio-cjepivo\\\/#article\",\"isPartOf\":{\"@id\":\"https:\\\/\\\/radioljubuski.ba\\\/index.php\\\/2021\\\/04\\\/20\\\/hzjz-objavio-detalje-o-broju-cijepljenih-gotovo-svaki-treci-zdravstveni-djelatnik-odbio-cjepivo\\\/\"},\"author\":{\"name\":\"Radio Ljubu\u0161ki\",\"@id\":\"https:\\\/\\\/radioljubuski.ba\\\/#\\\/schema\\\/person\\\/19fc700381a780f69665d7956c469e3b\"},\"headline\":\"HZJZ objavio detalje o broju cijepljenih: Gotovo svaki tre\u0107i zdravstveni djelatnik odbio cjepivo\",\"datePublished\":\"2021-04-20T09:32:30+00:00\",\"dateModified\":\"2021-04-20T09:32:31+00:00\",\"mainEntityOfPage\":{\"@id\":\"https:\\\/\\\/radioljubuski.ba\\\/index.php\\\/2021\\\/04\\\/20\\\/hzjz-objavio-detalje-o-broju-cijepljenih-gotovo-svaki-treci-zdravstveni-djelatnik-odbio-cjepivo\\\/\"},\"wordCount\":484,\"publisher\":{\"@id\":\"https:\\\/\\\/radioljubuski.ba\\\/#organization\"},\"image\":{\"@id\":\"https:\\\/\\\/radioljubuski.ba\\\/index.php\\\/2021\\\/04\\\/20\\\/hzjz-objavio-detalje-o-broju-cijepljenih-gotovo-svaki-treci-zdravstveni-djelatnik-odbio-cjepivo\\\/#primaryimage\"},\"thumbnailUrl\":\"https:\\\/\\\/radioljubuski.ba\\\/wp-content\\\/uploads\\\/2021\\\/04\\\/HN20210401976830-1-696x464-1.jpg\",\"articleSection\":[\"BIH i regija\"],\"inLanguage\":\"hr\"},{\"@type\":\"WebPage\",\"@id\":\"https:\\\/\\\/radioljubuski.ba\\\/index.php\\\/2021\\\/04\\\/20\\\/hzjz-objavio-detalje-o-broju-cijepljenih-gotovo-svaki-treci-zdravstveni-djelatnik-odbio-cjepivo\\\/\",\"url\":\"https:\\\/\\\/radioljubuski.ba\\\/index.php\\\/2021\\\/04\\\/20\\\/hzjz-objavio-detalje-o-broju-cijepljenih-gotovo-svaki-treci-zdravstveni-djelatnik-odbio-cjepivo\\\/\",\"name\":\"HZJZ objavio detalje o broju cijepljenih: Gotovo svaki tre\u0107i zdravstveni djelatnik odbio cjepivo - RADIO LJUBU\u0160KI\",\"isPartOf\":{\"@id\":\"https:\\\/\\\/radioljubuski.ba\\\/#website\"},\"primaryImageOfPage\":{\"@id\":\"https:\\\/\\\/radioljubuski.ba\\\/index.php\\\/2021\\\/04\\\/20\\\/hzjz-objavio-detalje-o-broju-cijepljenih-gotovo-svaki-treci-zdravstveni-djelatnik-odbio-cjepivo\\\/#primaryimage\"},\"image\":{\"@id\":\"https:\\\/\\\/radioljubuski.ba\\\/index.php\\\/2021\\\/04\\\/20\\\/hzjz-objavio-detalje-o-broju-cijepljenih-gotovo-svaki-treci-zdravstveni-djelatnik-odbio-cjepivo\\\/#primaryimage\"},\"thumbnailUrl\":\"https:\\\/\\\/radioljubuski.ba\\\/wp-content\\\/uploads\\\/2021\\\/04\\\/HN20210401976830-1-696x464-1.jpg\",\"datePublished\":\"2021-04-20T09:32:30+00:00\",\"dateModified\":\"2021-04-20T09:32:31+00:00\",\"breadcrumb\":{\"@id\":\"https:\\\/\\\/radioljubuski.ba\\\/index.php\\\/2021\\\/04\\\/20\\\/hzjz-objavio-detalje-o-broju-cijepljenih-gotovo-svaki-treci-zdravstveni-djelatnik-odbio-cjepivo\\\/#breadcrumb\"},\"inLanguage\":\"hr\",\"potentialAction\":[{\"@type\":\"ReadAction\",\"target\":[\"https:\\\/\\\/radioljubuski.ba\\\/index.php\\\/2021\\\/04\\\/20\\\/hzjz-objavio-detalje-o-broju-cijepljenih-gotovo-svaki-treci-zdravstveni-djelatnik-odbio-cjepivo\\\/\"]}]},{\"@type\":\"ImageObject\",\"inLanguage\":\"hr\",\"@id\":\"https:\\\/\\\/radioljubuski.ba\\\/index.php\\\/2021\\\/04\\\/20\\\/hzjz-objavio-detalje-o-broju-cijepljenih-gotovo-svaki-treci-zdravstveni-djelatnik-odbio-cjepivo\\\/#primaryimage\",\"url\":\"https:\\\/\\\/radioljubuski.ba\\\/wp-content\\\/uploads\\\/2021\\\/04\\\/HN20210401976830-1-696x464-1.jpg\",\"contentUrl\":\"https:\\\/\\\/radioljubuski.ba\\\/wp-content\\\/uploads\\\/2021\\\/04\\\/HN20210401976830-1-696x464-1.jpg\",\"width\":696,\"height\":464},{\"@type\":\"BreadcrumbList\",\"@id\":\"https:\\\/\\\/radioljubuski.ba\\\/index.php\\\/2021\\\/04\\\/20\\\/hzjz-objavio-detalje-o-broju-cijepljenih-gotovo-svaki-treci-zdravstveni-djelatnik-odbio-cjepivo\\\/#breadcrumb\",\"itemListElement\":[{\"@type\":\"ListItem\",\"position\":1,\"name\":\"Po\u010detna stranica\",\"item\":\"https:\\\/\\\/radioljubuski.ba\\\/\"},{\"@type\":\"ListItem\",\"position\":2,\"name\":\"HZJZ objavio detalje o broju cijepljenih: Gotovo svaki tre\u0107i zdravstveni djelatnik odbio cjepivo\"}]},{\"@type\":\"WebSite\",\"@id\":\"https:\\\/\\\/radioljubuski.ba\\\/#website\",\"url\":\"https:\\\/\\\/radioljubuski.ba\\\/\",\"name\":\"Radio Ljubu\u0161ki\",\"description\":\"Sun\u010dana frekvencija Hercegovine\",\"publisher\":{\"@id\":\"https:\\\/\\\/radioljubuski.ba\\\/#organization\"},\"potentialAction\":[{\"@type\":\"SearchAction\",\"target\":{\"@type\":\"EntryPoint\",\"urlTemplate\":\"https:\\\/\\\/radioljubuski.ba\\\/?s={search_term_string}\"},\"query-input\":{\"@type\":\"PropertyValueSpecification\",\"valueRequired\":true,\"valueName\":\"search_term_string\"}}],\"inLanguage\":\"hr\"},{\"@type\":\"Organization\",\"@id\":\"https:\\\/\\\/radioljubuski.ba\\\/#organization\",\"name\":\"Radio Ljubu\u0161ki\",\"url\":\"https:\\\/\\\/radioljubuski.ba\\\/\",\"logo\":{\"@type\":\"ImageObject\",\"inLanguage\":\"hr\",\"@id\":\"https:\\\/\\\/radioljubuski.ba\\\/#\\\/schema\\\/logo\\\/image\\\/\",\"url\":\"https:\\\/\\\/radioljubuski.ba\\\/wp-content\\\/uploads\\\/2021\\\/02\\\/cropped-Radio_Ljubuski_logo1.jpg\",\"contentUrl\":\"https:\\\/\\\/radioljubuski.ba\\\/wp-content\\\/uploads\\\/2021\\\/02\\\/cropped-Radio_Ljubuski_logo1.jpg\",\"width\":512,\"height\":512,\"caption\":\"Radio Ljubu\u0161ki\"},\"image\":{\"@id\":\"https:\\\/\\\/radioljubuski.ba\\\/#\\\/schema\\\/logo\\\/image\\\/\"},\"sameAs\":[\"https:\\\/\\\/www.facebook.com\\\/Radiio-Ljubuski-1490835324566332\",\"https:\\\/\\\/x.com\\\/radioljubuski\",\"https:\\\/\\\/hr.linkedin.com\\\/company\\\/radio-ljubuski\",\"https:\\\/\\\/www.youtube.com\\\/channel\\\/UCHYaeO_n0Db3tjNGudGpXyw\"]},{\"@type\":\"Person\",\"@id\":\"https:\\\/\\\/radioljubuski.ba\\\/#\\\/schema\\\/person\\\/19fc700381a780f69665d7956c469e3b\",\"name\":\"Radio Ljubu\u0161ki\"}]}<\/script>\n<!-- \/ Yoast SEO plugin. -->","yoast_head_json":{"title":"HZJZ objavio detalje o broju cijepljenih: Gotovo svaki tre\u0107i zdravstveni djelatnik odbio cjepivo - RADIO LJUBU\u0160KI","robots":{"index":"index","follow":"follow","max-snippet":"max-snippet:-1","max-image-preview":"max-image-preview:large","max-video-preview":"max-video-preview:-1"},"canonical":"https:\/\/radioljubuski.ba\/index.php\/2021\/04\/20\/hzjz-objavio-detalje-o-broju-cijepljenih-gotovo-svaki-treci-zdravstveni-djelatnik-odbio-cjepivo\/","og_locale":"hr_HR","og_type":"article","og_title":"HZJZ objavio detalje o broju cijepljenih: Gotovo svaki tre\u0107i zdravstveni djelatnik odbio cjepivo - RADIO LJUBU\u0160KI","og_description":"U drugoj fazi cijepljenja, koja je zavr\u0161ila u ve\u0107em dijelu zemlje, cijepilo se samo 38,6 posto starijih od 65 godina, iako je cjepivo bilo ponu\u0111eno svima, pokazuju podaci koje nam je dostavio Hrvatski zavod za javno zdravstvo. Sto\u017eer civilne za\u0161tite Republike Hrvatske danas je izvijestio kako je dosad protiv koronavirusa cijepljeno 553.883 osoba dok je [&hellip;]","og_url":"https:\/\/radioljubuski.ba\/index.php\/2021\/04\/20\/hzjz-objavio-detalje-o-broju-cijepljenih-gotovo-svaki-treci-zdravstveni-djelatnik-odbio-cjepivo\/","og_site_name":"RADIO LJUBU\u0160KI","article_publisher":"https:\/\/www.facebook.com\/Radiio-Ljubuski-1490835324566332","article_published_time":"2021-04-20T09:32:30+00:00","article_modified_time":"2021-04-20T09:32:31+00:00","og_image":[{"width":696,"height":464,"url":"https:\/\/radioljubuski.ba\/wp-content\/uploads\/2021\/04\/HN20210401976830-1-696x464-1.jpg","type":"image\/jpeg"}],"author":"Radio Ljubu\u0161ki","twitter_card":"summary_large_image","twitter_creator":"@radioljubuski","twitter_site":"@radioljubuski","twitter_misc":{"Napisao\/la":"Radio Ljubu\u0161ki","Procijenjeno vrijeme \u010ditanja":"2 minute"},"schema":{"@context":"https:\/\/schema.org","@graph":[{"@type":"Article","@id":"https:\/\/radioljubuski.ba\/index.php\/2021\/04\/20\/hzjz-objavio-detalje-o-broju-cijepljenih-gotovo-svaki-treci-zdravstveni-djelatnik-odbio-cjepivo\/#article","isPartOf":{"@id":"https:\/\/radioljubuski.ba\/index.php\/2021\/04\/20\/hzjz-objavio-detalje-o-broju-cijepljenih-gotovo-svaki-treci-zdravstveni-djelatnik-odbio-cjepivo\/"},"author":{"name":"Radio Ljubu\u0161ki","@id":"https:\/\/radioljubuski.ba\/#\/schema\/person\/19fc700381a780f69665d7956c469e3b"},"headline":"HZJZ objavio detalje o broju cijepljenih: Gotovo svaki tre\u0107i zdravstveni djelatnik odbio cjepivo","datePublished":"2021-04-20T09:32:30+00:00","dateModified":"2021-04-20T09:32:31+00:00","mainEntityOfPage":{"@id":"https:\/\/radioljubuski.ba\/index.php\/2021\/04\/20\/hzjz-objavio-detalje-o-broju-cijepljenih-gotovo-svaki-treci-zdravstveni-djelatnik-odbio-cjepivo\/"},"wordCount":484,"publisher":{"@id":"https:\/\/radioljubuski.ba\/#organization"},"image":{"@id":"https:\/\/radioljubuski.ba\/index.php\/2021\/04\/20\/hzjz-objavio-detalje-o-broju-cijepljenih-gotovo-svaki-treci-zdravstveni-djelatnik-odbio-cjepivo\/#primaryimage"},"thumbnailUrl":"https:\/\/radioljubuski.ba\/wp-content\/uploads\/2021\/04\/HN20210401976830-1-696x464-1.jpg","articleSection":["BIH i regija"],"inLanguage":"hr"},{"@type":"WebPage","@id":"https:\/\/radioljubuski.ba\/index.php\/2021\/04\/20\/hzjz-objavio-detalje-o-broju-cijepljenih-gotovo-svaki-treci-zdravstveni-djelatnik-odbio-cjepivo\/","url":"https:\/\/radioljubuski.ba\/index.php\/2021\/04\/20\/hzjz-objavio-detalje-o-broju-cijepljenih-gotovo-svaki-treci-zdravstveni-djelatnik-odbio-cjepivo\/","name":"HZJZ objavio detalje o broju cijepljenih: Gotovo svaki tre\u0107i zdravstveni djelatnik odbio cjepivo - RADIO LJUBU\u0160KI","isPartOf":{"@id":"https:\/\/radioljubuski.ba\/#website"},"primaryImageOfPage":{"@id":"https:\/\/radioljubuski.ba\/index.php\/2021\/04\/20\/hzjz-objavio-detalje-o-broju-cijepljenih-gotovo-svaki-treci-zdravstveni-djelatnik-odbio-cjepivo\/#primaryimage"},"image":{"@id":"https:\/\/radioljubuski.ba\/index.php\/2021\/04\/20\/hzjz-objavio-detalje-o-broju-cijepljenih-gotovo-svaki-treci-zdravstveni-djelatnik-odbio-cjepivo\/#primaryimage"},"thumbnailUrl":"https:\/\/radioljubuski.ba\/wp-content\/uploads\/2021\/04\/HN20210401976830-1-696x464-1.jpg","datePublished":"2021-04-20T09:32:30+00:00","dateModified":"2021-04-20T09:32:31+00:00","breadcrumb":{"@id":"https:\/\/radioljubuski.ba\/index.php\/2021\/04\/20\/hzjz-objavio-detalje-o-broju-cijepljenih-gotovo-svaki-treci-zdravstveni-djelatnik-odbio-cjepivo\/#breadcrumb"},"inLanguage":"hr","potentialAction":[{"@type":"ReadAction","target":["https:\/\/radioljubuski.ba\/index.php\/2021\/04\/20\/hzjz-objavio-detalje-o-broju-cijepljenih-gotovo-svaki-treci-zdravstveni-djelatnik-odbio-cjepivo\/"]}]},{"@type":"ImageObject","inLanguage":"hr","@id":"https:\/\/radioljubuski.ba\/index.php\/2021\/04\/20\/hzjz-objavio-detalje-o-broju-cijepljenih-gotovo-svaki-treci-zdravstveni-djelatnik-odbio-cjepivo\/#primaryimage","url":"https:\/\/radioljubuski.ba\/wp-content\/uploads\/2021\/04\/HN20210401976830-1-696x464-1.jpg","contentUrl":"https:\/\/radioljubuski.ba\/wp-content\/uploads\/2021\/04\/HN20210401976830-1-696x464-1.jpg","width":696,"height":464},{"@type":"BreadcrumbList","@id":"https:\/\/radioljubuski.ba\/index.php\/2021\/04\/20\/hzjz-objavio-detalje-o-broju-cijepljenih-gotovo-svaki-treci-zdravstveni-djelatnik-odbio-cjepivo\/#breadcrumb","itemListElement":[{"@type":"ListItem","position":1,"name":"Po\u010detna stranica","item":"https:\/\/radioljubuski.ba\/"},{"@type":"ListItem","position":2,"name":"HZJZ objavio detalje o broju cijepljenih: Gotovo svaki tre\u0107i zdravstveni djelatnik odbio cjepivo"}]},{"@type":"WebSite","@id":"https:\/\/radioljubuski.ba\/#website","url":"https:\/\/radioljubuski.ba\/","name":"Radio Ljubu\u0161ki","description":"Sun\u010dana frekvencija Hercegovine","publisher":{"@id":"https:\/\/radioljubuski.ba\/#organization"},"potentialAction":[{"@type":"SearchAction","target":{"@type":"EntryPoint","urlTemplate":"https:\/\/radioljubuski.ba\/?s={search_term_string}"},"query-input":{"@type":"PropertyValueSpecification","valueRequired":true,"valueName":"search_term_string"}}],"inLanguage":"hr"},{"@type":"Organization","@id":"https:\/\/radioljubuski.ba\/#organization","name":"Radio Ljubu\u0161ki","url":"https:\/\/radioljubuski.ba\/","logo":{"@type":"ImageObject","inLanguage":"hr","@id":"https:\/\/radioljubuski.ba\/#\/schema\/logo\/image\/","url":"https:\/\/radioljubuski.ba\/wp-content\/uploads\/2021\/02\/cropped-Radio_Ljubuski_logo1.jpg","contentUrl":"https:\/\/radioljubuski.ba\/wp-content\/uploads\/2021\/02\/cropped-Radio_Ljubuski_logo1.jpg","width":512,"height":512,"caption":"Radio Ljubu\u0161ki"},"image":{"@id":"https:\/\/radioljubuski.ba\/#\/schema\/logo\/image\/"},"sameAs":["https:\/\/www.facebook.com\/Radiio-Ljubuski-1490835324566332","https:\/\/x.com\/radioljubuski","https:\/\/hr.linkedin.com\/company\/radio-ljubuski","https:\/\/www.youtube.com\/channel\/UCHYaeO_n0Db3tjNGudGpXyw"]},{"@type":"Person","@id":"https:\/\/radioljubuski.ba\/#\/schema\/person\/19fc700381a780f69665d7956c469e3b","name":"Radio Ljubu\u0161ki"}]}},"_links":{"self":[{"href":"https:\/\/radioljubuski.ba\/index.php\/wp-json\/wp\/v2\/posts\/14656","targetHints":{"allow":["GET"]}}],"collection":[{"href":"https:\/\/radioljubuski.ba\/index.php\/wp-json\/wp\/v2\/posts"}],"about":[{"href":"https:\/\/radioljubuski.ba\/index.php\/wp-json\/wp\/v2\/types\/post"}],"author":[{"embeddable":true,"href":"https:\/\/radioljubuski.ba\/index.php\/wp-json\/wp\/v2\/users\/2"}],"replies":[{"embeddable":true,"href":"https:\/\/radioljubuski.ba\/index.php\/wp-json\/wp\/v2\/comments?post=14656"}],"version-history":[{"count":1,"href":"https:\/\/radioljubuski.ba\/index.php\/wp-json\/wp\/v2\/posts\/14656\/revisions"}],"predecessor-version":[{"id":14658,"href":"https:\/\/radioljubuski.ba\/index.php\/wp-json\/wp\/v2\/posts\/14656\/revisions\/14658"}],"wp:featuredmedia":[{"embeddable":true,"href":"https:\/\/radioljubuski.ba\/index.php\/wp-json\/wp\/v2\/media\/14657"}],"wp:attachment":[{"href":"https:\/\/radioljubuski.ba\/index.php\/wp-json\/wp\/v2\/media?parent=14656"}],"wp:term":[{"taxonomy":"category","embeddable":true,"href":"https:\/\/radioljubuski.ba\/index.php\/wp-json\/wp\/v2\/categories?post=14656"},{"taxonomy":"post_tag","embeddable":true,"href":"https:\/\/radioljubuski.ba\/index.php\/wp-json\/wp\/v2\/tags?post=14656"}],"curies":[{"name":"wp","href":"https:\/\/api.w.org\/{rel}","templated":true}]}}