{"id":14664,"date":"2021-04-20T10:41:37","date_gmt":"2021-04-20T09:41:37","guid":{"rendered":"https:\/\/radioljubuski.ba\/?p=14664"},"modified":"2021-04-20T10:41:38","modified_gmt":"2021-04-20T09:41:38","slug":"u-mrezi-prvog-politicke-tenzije-nakon-nesluzbenog-dokumenta-o-podjeli-bih","status":"publish","type":"post","link":"https:\/\/radioljubuski.ba\/index.php\/2021\/04\/20\/u-mrezi-prvog-politicke-tenzije-nakon-nesluzbenog-dokumenta-o-podjeli-bih\/","title":{"rendered":"U mre\u017ei Prvog: Politi\u010dke tenzije nakon neslu\u017ebenog dokumenta o podjeli BiH"},"content":{"rendered":"\n<p>Navodni neslu\u017ebeni diplomatski dokument iz Slovenije podigao je politi\u010dke tenzije diljem regije jer se u njemu zagovara podjela Bosne i Hercegovine, ali i promjena granica drugih dr\u017eava na jugoistoku Europe. Zbog toga je ponovno u fokusu institucionalna i politi\u010dka budu\u0107nost BiH. O tome su u emisiji Hrvatskog radija &#8220;U mre\u017ei Prvog&#8221; urednice Ane Krolo Molnar govorili zastupnik u Europskom parlamentu Tomislav Sokol, predsjednik saborskog Odbora za europske poslove Domagoj Hajdukovi\u0107 i politi\u010dki analiti\u010dar Denis Avdagi\u0107.<\/p>\n\n\n\n<iframe loading=\"lazy\" src=\"https:\/\/www.facebook.com\/plugins\/video.php?height=314&#038;href=https%3A%2F%2Fwww.facebook.com%2Fprviprogramradija%2Fvideos%2F212577827293148%2F&#038;show_text=false&#038;width=560\" width=\"560\" height=\"314\" style=\"border:none;overflow:hidden\" scrolling=\"no\" frameborder=\"0\" allowfullscreen=\"true\" allow=\"autoplay; clipboard-write; encrypted-media; picture-in-picture; web-share\" allowFullScreen=\"true\"><\/iframe>\n\n\n\n<p>&#8211; Non-paper postoji u medijskom prostoru na me\u0111unarodnoj razini, bez obzira \u0161to, \u010dini mi se, nema relevantnog dokaza koji bi opravdao slovensko autorstvo tog dokumenta, rekao je politi\u010dki analiti\u010dar <strong>Denis Avdagi\u0107<\/strong>.&nbsp;<\/p>\n\n\n\n<p>&#8211; Sve \u0161to je iza\u0161lo i \u0161to smo \u010duli su samo indicije i ne daje odgovor od kuda je on stigao, dodao je. Smatra da europski dokument moraju vidjeti sve dr\u017eave \u010dlanice, &#8220;a nitko ga nije vidio&#8221;. Medij koji je to objavio nije dao odgovor tko im je izvor, bez obzira \u0161to su objavili da imaju vi\u0161estruku potvrdu o postojanju dokumenta, dodao je Avdagi\u0107.&nbsp;<\/p>\n\n\n\n<p><strong>Koji je interes Slovenije da objavi takav dokument?<\/strong><\/p>\n\n\n\n<p>&#8211; Slovenska politika prema BiH je ne\u0161to posve druga\u010dije nego \u0161to je ovaj dokument i nije uobi\u010dajeno da se vani vodi jedna plitika, a da postoji dokument, bez obzira \u0161to nije potpisan, koji govori o ne\u010demu sasvim drugome, kazao je Avdagi\u0107. Smatra da, na\u017ealost, sutra netko mo\u017ee izvesti sli\u010dnu akciju i naveo primjer da se mo\u017ee pustiti npr. dokument o Ukrajini koji govori suprotno svemu onome \u0161to \u010delnici EU-a &#8211;&nbsp; da podupiru da Rusija preuzme pola ukrajinskog teritorija.&nbsp;<\/p>\n\n\n\n<p>&#8211; Na kraju se tra\u017ei rasprava o dokumentu koji je zapravo fingiran. Ako \u0107emo tako funkcionirati &#8211; to je vrlo opasna situacija, naglasio je Avdagi\u0107.&nbsp;&nbsp;<\/p>\n\n\n\n<p>Avdagi\u0107 je mi\u0161ljenja da je dokument pu\u0161ten u javnost kako bi se destabilizirala vlada Janeza Jan\u0161e, \u0161to i sam Jan\u0161a tvrdi.<\/p>\n\n\n\n<p>&#8211; S druge strane, mo\u017eda je i u BiH nekome odgovaralo da se otvori ova tema umjesto recimo vrlo ru\u017ene afere s respiratorima, kazao&nbsp; je Avdagi\u0107.<\/p>\n\n\n\n<p><strong>Skretanje rasprave od va\u017enijih problema u BiH<\/strong><\/p>\n\n\n\n<p>Zastupnik u Europskom parlementu Tomislav Sokol naglasio je da je Jan\u0161a nekoliko puta demantirao postojanje non-papera i smatra da se ne bi trebala voditi rasprava oko ne\u010dega za \u0161to ne postoji dokaza.<\/p>\n\n\n\n<p>&#8211; Rekao bih da se tu radi o obavje\u0161tajnoj ili paraobavje\u0161tajnoj manipulaciji kojoj je cilj usmjeriti diskurs prema ne\u010demu \u0161to odgovara onima koji su tu vijest i plasirali. Sigurno ne odgovara Jan\u0161i, a slovenske lijeve opcije su pomalo nervozne koriste sve kako bi sru\u0161ili Jan\u0161u. S druge strane, u BiH se \u010dini da je nekim politi\u010dkim akterima, pogotovo s bo\u0161nja\u010dke strane ovo jako dobro do\u0161lo, kako bi preusmjerili pozornost javnosti sa svojih ogromnih problema, kazao je Sokol.<\/p>\n\n\n\n<p>&#8211; Jedini non-paper koji postoji je hrvatski i kojeg podupire pet \u010dlanica EU-a, koji je na tragu onoga \u0161to bo\u0161nja\u010dkim politi\u010dkim elitama ne odgovara, a to je rje\u0161avanje najva\u017enijeg problema BiH &#8211; neravnopravnost hrvatskog naroda, kazao je Sokol.&nbsp;<\/p>\n\n\n\n<p><strong>Nastavak borbe non-paperima?<\/strong><\/p>\n\n\n\n<p>&#8211; Tu se ne radi o ratu non-paperima ve\u0107 o borbi za na\u010dela, a temeljna na\u010dela su po\u0161tivanje vladavine prava i odluka Ustavnog suda i ravnopravnost sva tri konstitutivna naroda, naglasio je Sokol. Smatra da je hrvatska politika dosljedna, jasna i za uvo\u0111enje europskih standarda za\u0161tite politi\u010dkih prava hrvatskog naroda u BiH.&nbsp;<\/p>\n\n\n\n<p><strong>Domagoj Hajdukovi\u0107<\/strong>, predsjednik saborskog Odbora za europske poslove, smatra da je problem &#8220;vi\u0161eslojan&#8221;.<\/p>\n\n\n\n<p>&#8211; Netkome odgovara da se o tome raspravlja i to ba\u0161 na Zapadnom Balkanu gdje je posljednje desetlje\u0107e postignut relativan krhki mir nakon niza ratova. U svakom slu\u010daju, unio se nemir. \u0160to se ti\u010de BiH i njezinog puta prema EU-u, prili\u010dno sam uvjeren da bez vanjskog pritiska zna\u010dajnjih reformi u BiH ne\u0107e biti jer politi\u010dkoj eliti odgovara status quo, kazao je Hajdukovi\u0107.&nbsp;<\/p>\n\n\n\n<p>Smatra da EU ne radi dovoljno na problemu BiH te da &#8220;u postbrexitovskoj EU prevladavaju unutarnji problemi&#8221; te da je najve\u0107i problem EU-a je njegova vanjska politika.<\/p>\n\n\n\n<p>&#8211; Jedna od ciljeva EU-a bi trebao biti integracija Zapadnog Balkana koji je \u010desto bio izvor sukoba. Mislim da je brisanje granica jedina mogu\u0107nost za dugoro\u010dnu stabilnost ovog dijela Europe.&nbsp;<\/p>\n\n\n\n<p>Od slovenskog predsjedanja EU-om o\u010dekuje da pitanje pro\u0161irenja ponovno stavi&nbsp; na vrh dnevnog reda EU-a.<\/p>\n\n\n\n<p><strong>Budu\u0107nost BiH<\/strong><\/p>\n\n\n\n<p>&#8211; Kada postoji volja, u \u010dlanstvo mo\u017eete primiti i dr\u017eave koje nisu dovoljno sre\u0111ene, rekao je Avdagi\u0107. Ponovio je da BiH ima jako puno problema i naglasio da je pitanje konstitutivnosti hrvatskog naroda u BiH mora rije\u0161iti.&nbsp;&nbsp;<\/p>\n\n\n\n<p>&#8211; \u0160to se ti\u010de NATO-a, pri\u010da je druga\u010dija jer je srpska strana jasno rekla da je to nemogu\u0107e, dodao je.<\/p>\n\n\n\n<p><strong>Izmjena izbornog zakona u BiH do lipnja?<\/strong><\/p>\n\n\n\n<p>&#8211; To mo\u017eda nije realan rok, ali je potrebiti. To je veliki test za BiH da poka\u017ee da je funkcionalna dr\u017eava koja implementira presude svojih sudova, kazao je Hajdukovi\u0107.<\/p>\n\n\n\n<p>Smatra da za izmjene izbornog zakona u ovomom trenutku ne postoji &#8220;kriti\u010dna masa&#8221;.&nbsp;<\/p>\n\n\n\n<p>Sokol ka\u017ee da je te\u0161ko biti optimist glede izmjena izbornog zakona. Za europski put BiH smatra da jedino hrvatski narod glada na taj put &#8220;bez fige u d\u017eepu&#8221;.&nbsp;&nbsp;<\/p>\n\n\n\n<p>Izvor:hrt.hr<\/p>\n","protected":false},"excerpt":{"rendered":"<p>Navodni neslu\u017ebeni diplomatski dokument iz Slovenije podigao je politi\u010dke tenzije diljem regije jer se u njemu zagovara podjela Bosne i Hercegovine, ali i promjena granica drugih dr\u017eava na jugoistoku Europe. Zbog toga je ponovno u fokusu institucionalna i politi\u010dka budu\u0107nost BiH. O tome su u emisiji Hrvatskog radija &#8220;U mre\u017ei Prvog&#8221; urednice Ane Krolo Molnar [&hellip;]<\/p>\n","protected":false},"author":2,"featured_media":14665,"comment_status":"closed","ping_status":"closed","sticky":false,"template":"","format":"standard","meta":{"h5ap_radio_sources":[],"footnotes":""},"categories":[1],"tags":[],"class_list":["post-14664","post","type-post","status-publish","format-standard","has-post-thumbnail","hentry","category-bihiregija"],"yoast_head":"<!-- This site is optimized with the Yoast SEO plugin v27.4 - https:\/\/yoast.com\/product\/yoast-seo-wordpress\/ -->\n<title>U mre\u017ei Prvog: Politi\u010dke tenzije nakon neslu\u017ebenog dokumenta o podjeli BiH - RADIO LJUBU\u0160KI<\/title>\n<meta name=\"robots\" content=\"index, follow, max-snippet:-1, max-image-preview:large, max-video-preview:-1\" \/>\n<link rel=\"canonical\" href=\"https:\/\/radioljubuski.ba\/index.php\/2021\/04\/20\/u-mrezi-prvog-politicke-tenzije-nakon-nesluzbenog-dokumenta-o-podjeli-bih\/\" \/>\n<meta property=\"og:locale\" content=\"hr_HR\" \/>\n<meta property=\"og:type\" content=\"article\" \/>\n<meta property=\"og:title\" content=\"U mre\u017ei Prvog: Politi\u010dke tenzije nakon neslu\u017ebenog dokumenta o podjeli BiH - RADIO LJUBU\u0160KI\" \/>\n<meta property=\"og:description\" content=\"Navodni neslu\u017ebeni diplomatski dokument iz Slovenije podigao je politi\u010dke tenzije diljem regije jer se u njemu zagovara podjela Bosne i Hercegovine, ali i promjena granica drugih dr\u017eava na jugoistoku Europe. Zbog toga je ponovno u fokusu institucionalna i politi\u010dka budu\u0107nost BiH. O tome su u emisiji Hrvatskog radija &#8220;U mre\u017ei Prvog&#8221; urednice Ane Krolo Molnar [&hellip;]\" \/>\n<meta property=\"og:url\" content=\"https:\/\/radioljubuski.ba\/index.php\/2021\/04\/20\/u-mrezi-prvog-politicke-tenzije-nakon-nesluzbenog-dokumenta-o-podjeli-bih\/\" \/>\n<meta property=\"og:site_name\" content=\"RADIO LJUBU\u0160KI\" \/>\n<meta property=\"article:publisher\" content=\"https:\/\/www.facebook.com\/Radiio-Ljubuski-1490835324566332\" \/>\n<meta property=\"article:published_time\" content=\"2021-04-20T09:41:37+00:00\" \/>\n<meta property=\"article:modified_time\" content=\"2021-04-20T09:41:38+00:00\" \/>\n<meta property=\"og:image\" content=\"https:\/\/radioljubuski.ba\/wp-content\/uploads\/2021\/04\/aa-9.png\" \/>\n\t<meta property=\"og:image:width\" content=\"644\" \/>\n\t<meta property=\"og:image:height\" content=\"366\" \/>\n\t<meta property=\"og:image:type\" content=\"image\/png\" \/>\n<meta name=\"author\" content=\"Radio Ljubu\u0161ki\" \/>\n<meta name=\"twitter:card\" content=\"summary_large_image\" \/>\n<meta name=\"twitter:creator\" content=\"@radioljubuski\" \/>\n<meta name=\"twitter:site\" content=\"@radioljubuski\" \/>\n<meta name=\"twitter:label1\" content=\"Napisao\/la\" \/>\n\t<meta name=\"twitter:data1\" content=\"Radio Ljubu\u0161ki\" \/>\n\t<meta name=\"twitter:label2\" content=\"Procijenjeno vrijeme \u010ditanja\" \/>\n\t<meta name=\"twitter:data2\" content=\"4 minute\" \/>\n<script type=\"application\/ld+json\" class=\"yoast-schema-graph\">{\"@context\":\"https:\\\/\\\/schema.org\",\"@graph\":[{\"@type\":\"Article\",\"@id\":\"https:\\\/\\\/radioljubuski.ba\\\/index.php\\\/2021\\\/04\\\/20\\\/u-mrezi-prvog-politicke-tenzije-nakon-nesluzbenog-dokumenta-o-podjeli-bih\\\/#article\",\"isPartOf\":{\"@id\":\"https:\\\/\\\/radioljubuski.ba\\\/index.php\\\/2021\\\/04\\\/20\\\/u-mrezi-prvog-politicke-tenzije-nakon-nesluzbenog-dokumenta-o-podjeli-bih\\\/\"},\"author\":{\"name\":\"Radio Ljubu\u0161ki\",\"@id\":\"https:\\\/\\\/radioljubuski.ba\\\/#\\\/schema\\\/person\\\/19fc700381a780f69665d7956c469e3b\"},\"headline\":\"U mre\u017ei Prvog: Politi\u010dke tenzije nakon neslu\u017ebenog dokumenta o podjeli BiH\",\"datePublished\":\"2021-04-20T09:41:37+00:00\",\"dateModified\":\"2021-04-20T09:41:38+00:00\",\"mainEntityOfPage\":{\"@id\":\"https:\\\/\\\/radioljubuski.ba\\\/index.php\\\/2021\\\/04\\\/20\\\/u-mrezi-prvog-politicke-tenzije-nakon-nesluzbenog-dokumenta-o-podjeli-bih\\\/\"},\"wordCount\":936,\"publisher\":{\"@id\":\"https:\\\/\\\/radioljubuski.ba\\\/#organization\"},\"image\":{\"@id\":\"https:\\\/\\\/radioljubuski.ba\\\/index.php\\\/2021\\\/04\\\/20\\\/u-mrezi-prvog-politicke-tenzije-nakon-nesluzbenog-dokumenta-o-podjeli-bih\\\/#primaryimage\"},\"thumbnailUrl\":\"https:\\\/\\\/radioljubuski.ba\\\/wp-content\\\/uploads\\\/2021\\\/04\\\/aa-9.png\",\"articleSection\":[\"BIH i regija\"],\"inLanguage\":\"hr\"},{\"@type\":\"WebPage\",\"@id\":\"https:\\\/\\\/radioljubuski.ba\\\/index.php\\\/2021\\\/04\\\/20\\\/u-mrezi-prvog-politicke-tenzije-nakon-nesluzbenog-dokumenta-o-podjeli-bih\\\/\",\"url\":\"https:\\\/\\\/radioljubuski.ba\\\/index.php\\\/2021\\\/04\\\/20\\\/u-mrezi-prvog-politicke-tenzije-nakon-nesluzbenog-dokumenta-o-podjeli-bih\\\/\",\"name\":\"U mre\u017ei Prvog: Politi\u010dke tenzije nakon neslu\u017ebenog dokumenta o podjeli BiH - RADIO LJUBU\u0160KI\",\"isPartOf\":{\"@id\":\"https:\\\/\\\/radioljubuski.ba\\\/#website\"},\"primaryImageOfPage\":{\"@id\":\"https:\\\/\\\/radioljubuski.ba\\\/index.php\\\/2021\\\/04\\\/20\\\/u-mrezi-prvog-politicke-tenzije-nakon-nesluzbenog-dokumenta-o-podjeli-bih\\\/#primaryimage\"},\"image\":{\"@id\":\"https:\\\/\\\/radioljubuski.ba\\\/index.php\\\/2021\\\/04\\\/20\\\/u-mrezi-prvog-politicke-tenzije-nakon-nesluzbenog-dokumenta-o-podjeli-bih\\\/#primaryimage\"},\"thumbnailUrl\":\"https:\\\/\\\/radioljubuski.ba\\\/wp-content\\\/uploads\\\/2021\\\/04\\\/aa-9.png\",\"datePublished\":\"2021-04-20T09:41:37+00:00\",\"dateModified\":\"2021-04-20T09:41:38+00:00\",\"breadcrumb\":{\"@id\":\"https:\\\/\\\/radioljubuski.ba\\\/index.php\\\/2021\\\/04\\\/20\\\/u-mrezi-prvog-politicke-tenzije-nakon-nesluzbenog-dokumenta-o-podjeli-bih\\\/#breadcrumb\"},\"inLanguage\":\"hr\",\"potentialAction\":[{\"@type\":\"ReadAction\",\"target\":[\"https:\\\/\\\/radioljubuski.ba\\\/index.php\\\/2021\\\/04\\\/20\\\/u-mrezi-prvog-politicke-tenzije-nakon-nesluzbenog-dokumenta-o-podjeli-bih\\\/\"]}]},{\"@type\":\"ImageObject\",\"inLanguage\":\"hr\",\"@id\":\"https:\\\/\\\/radioljubuski.ba\\\/index.php\\\/2021\\\/04\\\/20\\\/u-mrezi-prvog-politicke-tenzije-nakon-nesluzbenog-dokumenta-o-podjeli-bih\\\/#primaryimage\",\"url\":\"https:\\\/\\\/radioljubuski.ba\\\/wp-content\\\/uploads\\\/2021\\\/04\\\/aa-9.png\",\"contentUrl\":\"https:\\\/\\\/radioljubuski.ba\\\/wp-content\\\/uploads\\\/2021\\\/04\\\/aa-9.png\",\"width\":644,\"height\":366},{\"@type\":\"BreadcrumbList\",\"@id\":\"https:\\\/\\\/radioljubuski.ba\\\/index.php\\\/2021\\\/04\\\/20\\\/u-mrezi-prvog-politicke-tenzije-nakon-nesluzbenog-dokumenta-o-podjeli-bih\\\/#breadcrumb\",\"itemListElement\":[{\"@type\":\"ListItem\",\"position\":1,\"name\":\"Po\u010detna stranica\",\"item\":\"https:\\\/\\\/radioljubuski.ba\\\/\"},{\"@type\":\"ListItem\",\"position\":2,\"name\":\"U mre\u017ei Prvog: Politi\u010dke tenzije nakon neslu\u017ebenog dokumenta o podjeli BiH\"}]},{\"@type\":\"WebSite\",\"@id\":\"https:\\\/\\\/radioljubuski.ba\\\/#website\",\"url\":\"https:\\\/\\\/radioljubuski.ba\\\/\",\"name\":\"Radio Ljubu\u0161ki\",\"description\":\"Sun\u010dana frekvencija Hercegovine\",\"publisher\":{\"@id\":\"https:\\\/\\\/radioljubuski.ba\\\/#organization\"},\"potentialAction\":[{\"@type\":\"SearchAction\",\"target\":{\"@type\":\"EntryPoint\",\"urlTemplate\":\"https:\\\/\\\/radioljubuski.ba\\\/?s={search_term_string}\"},\"query-input\":{\"@type\":\"PropertyValueSpecification\",\"valueRequired\":true,\"valueName\":\"search_term_string\"}}],\"inLanguage\":\"hr\"},{\"@type\":\"Organization\",\"@id\":\"https:\\\/\\\/radioljubuski.ba\\\/#organization\",\"name\":\"Radio Ljubu\u0161ki\",\"url\":\"https:\\\/\\\/radioljubuski.ba\\\/\",\"logo\":{\"@type\":\"ImageObject\",\"inLanguage\":\"hr\",\"@id\":\"https:\\\/\\\/radioljubuski.ba\\\/#\\\/schema\\\/logo\\\/image\\\/\",\"url\":\"https:\\\/\\\/radioljubuski.ba\\\/wp-content\\\/uploads\\\/2021\\\/02\\\/cropped-Radio_Ljubuski_logo1.jpg\",\"contentUrl\":\"https:\\\/\\\/radioljubuski.ba\\\/wp-content\\\/uploads\\\/2021\\\/02\\\/cropped-Radio_Ljubuski_logo1.jpg\",\"width\":512,\"height\":512,\"caption\":\"Radio Ljubu\u0161ki\"},\"image\":{\"@id\":\"https:\\\/\\\/radioljubuski.ba\\\/#\\\/schema\\\/logo\\\/image\\\/\"},\"sameAs\":[\"https:\\\/\\\/www.facebook.com\\\/Radiio-Ljubuski-1490835324566332\",\"https:\\\/\\\/x.com\\\/radioljubuski\",\"https:\\\/\\\/hr.linkedin.com\\\/company\\\/radio-ljubuski\",\"https:\\\/\\\/www.youtube.com\\\/channel\\\/UCHYaeO_n0Db3tjNGudGpXyw\"]},{\"@type\":\"Person\",\"@id\":\"https:\\\/\\\/radioljubuski.ba\\\/#\\\/schema\\\/person\\\/19fc700381a780f69665d7956c469e3b\",\"name\":\"Radio Ljubu\u0161ki\"}]}<\/script>\n<!-- \/ Yoast SEO plugin. -->","yoast_head_json":{"title":"U mre\u017ei Prvog: Politi\u010dke tenzije nakon neslu\u017ebenog dokumenta o podjeli BiH - RADIO LJUBU\u0160KI","robots":{"index":"index","follow":"follow","max-snippet":"max-snippet:-1","max-image-preview":"max-image-preview:large","max-video-preview":"max-video-preview:-1"},"canonical":"https:\/\/radioljubuski.ba\/index.php\/2021\/04\/20\/u-mrezi-prvog-politicke-tenzije-nakon-nesluzbenog-dokumenta-o-podjeli-bih\/","og_locale":"hr_HR","og_type":"article","og_title":"U mre\u017ei Prvog: Politi\u010dke tenzije nakon neslu\u017ebenog dokumenta o podjeli BiH - RADIO LJUBU\u0160KI","og_description":"Navodni neslu\u017ebeni diplomatski dokument iz Slovenije podigao je politi\u010dke tenzije diljem regije jer se u njemu zagovara podjela Bosne i Hercegovine, ali i promjena granica drugih dr\u017eava na jugoistoku Europe. Zbog toga je ponovno u fokusu institucionalna i politi\u010dka budu\u0107nost BiH. O tome su u emisiji Hrvatskog radija &#8220;U mre\u017ei Prvog&#8221; urednice Ane Krolo Molnar [&hellip;]","og_url":"https:\/\/radioljubuski.ba\/index.php\/2021\/04\/20\/u-mrezi-prvog-politicke-tenzije-nakon-nesluzbenog-dokumenta-o-podjeli-bih\/","og_site_name":"RADIO LJUBU\u0160KI","article_publisher":"https:\/\/www.facebook.com\/Radiio-Ljubuski-1490835324566332","article_published_time":"2021-04-20T09:41:37+00:00","article_modified_time":"2021-04-20T09:41:38+00:00","og_image":[{"width":644,"height":366,"url":"https:\/\/radioljubuski.ba\/wp-content\/uploads\/2021\/04\/aa-9.png","type":"image\/png"}],"author":"Radio Ljubu\u0161ki","twitter_card":"summary_large_image","twitter_creator":"@radioljubuski","twitter_site":"@radioljubuski","twitter_misc":{"Napisao\/la":"Radio Ljubu\u0161ki","Procijenjeno vrijeme \u010ditanja":"4 minute"},"schema":{"@context":"https:\/\/schema.org","@graph":[{"@type":"Article","@id":"https:\/\/radioljubuski.ba\/index.php\/2021\/04\/20\/u-mrezi-prvog-politicke-tenzije-nakon-nesluzbenog-dokumenta-o-podjeli-bih\/#article","isPartOf":{"@id":"https:\/\/radioljubuski.ba\/index.php\/2021\/04\/20\/u-mrezi-prvog-politicke-tenzije-nakon-nesluzbenog-dokumenta-o-podjeli-bih\/"},"author":{"name":"Radio Ljubu\u0161ki","@id":"https:\/\/radioljubuski.ba\/#\/schema\/person\/19fc700381a780f69665d7956c469e3b"},"headline":"U mre\u017ei Prvog: Politi\u010dke tenzije nakon neslu\u017ebenog dokumenta o podjeli BiH","datePublished":"2021-04-20T09:41:37+00:00","dateModified":"2021-04-20T09:41:38+00:00","mainEntityOfPage":{"@id":"https:\/\/radioljubuski.ba\/index.php\/2021\/04\/20\/u-mrezi-prvog-politicke-tenzije-nakon-nesluzbenog-dokumenta-o-podjeli-bih\/"},"wordCount":936,"publisher":{"@id":"https:\/\/radioljubuski.ba\/#organization"},"image":{"@id":"https:\/\/radioljubuski.ba\/index.php\/2021\/04\/20\/u-mrezi-prvog-politicke-tenzije-nakon-nesluzbenog-dokumenta-o-podjeli-bih\/#primaryimage"},"thumbnailUrl":"https:\/\/radioljubuski.ba\/wp-content\/uploads\/2021\/04\/aa-9.png","articleSection":["BIH i regija"],"inLanguage":"hr"},{"@type":"WebPage","@id":"https:\/\/radioljubuski.ba\/index.php\/2021\/04\/20\/u-mrezi-prvog-politicke-tenzije-nakon-nesluzbenog-dokumenta-o-podjeli-bih\/","url":"https:\/\/radioljubuski.ba\/index.php\/2021\/04\/20\/u-mrezi-prvog-politicke-tenzije-nakon-nesluzbenog-dokumenta-o-podjeli-bih\/","name":"U mre\u017ei Prvog: Politi\u010dke tenzije nakon neslu\u017ebenog dokumenta o podjeli BiH - RADIO LJUBU\u0160KI","isPartOf":{"@id":"https:\/\/radioljubuski.ba\/#website"},"primaryImageOfPage":{"@id":"https:\/\/radioljubuski.ba\/index.php\/2021\/04\/20\/u-mrezi-prvog-politicke-tenzije-nakon-nesluzbenog-dokumenta-o-podjeli-bih\/#primaryimage"},"image":{"@id":"https:\/\/radioljubuski.ba\/index.php\/2021\/04\/20\/u-mrezi-prvog-politicke-tenzije-nakon-nesluzbenog-dokumenta-o-podjeli-bih\/#primaryimage"},"thumbnailUrl":"https:\/\/radioljubuski.ba\/wp-content\/uploads\/2021\/04\/aa-9.png","datePublished":"2021-04-20T09:41:37+00:00","dateModified":"2021-04-20T09:41:38+00:00","breadcrumb":{"@id":"https:\/\/radioljubuski.ba\/index.php\/2021\/04\/20\/u-mrezi-prvog-politicke-tenzije-nakon-nesluzbenog-dokumenta-o-podjeli-bih\/#breadcrumb"},"inLanguage":"hr","potentialAction":[{"@type":"ReadAction","target":["https:\/\/radioljubuski.ba\/index.php\/2021\/04\/20\/u-mrezi-prvog-politicke-tenzije-nakon-nesluzbenog-dokumenta-o-podjeli-bih\/"]}]},{"@type":"ImageObject","inLanguage":"hr","@id":"https:\/\/radioljubuski.ba\/index.php\/2021\/04\/20\/u-mrezi-prvog-politicke-tenzije-nakon-nesluzbenog-dokumenta-o-podjeli-bih\/#primaryimage","url":"https:\/\/radioljubuski.ba\/wp-content\/uploads\/2021\/04\/aa-9.png","contentUrl":"https:\/\/radioljubuski.ba\/wp-content\/uploads\/2021\/04\/aa-9.png","width":644,"height":366},{"@type":"BreadcrumbList","@id":"https:\/\/radioljubuski.ba\/index.php\/2021\/04\/20\/u-mrezi-prvog-politicke-tenzije-nakon-nesluzbenog-dokumenta-o-podjeli-bih\/#breadcrumb","itemListElement":[{"@type":"ListItem","position":1,"name":"Po\u010detna stranica","item":"https:\/\/radioljubuski.ba\/"},{"@type":"ListItem","position":2,"name":"U mre\u017ei Prvog: Politi\u010dke tenzije nakon neslu\u017ebenog dokumenta o podjeli BiH"}]},{"@type":"WebSite","@id":"https:\/\/radioljubuski.ba\/#website","url":"https:\/\/radioljubuski.ba\/","name":"Radio Ljubu\u0161ki","description":"Sun\u010dana frekvencija Hercegovine","publisher":{"@id":"https:\/\/radioljubuski.ba\/#organization"},"potentialAction":[{"@type":"SearchAction","target":{"@type":"EntryPoint","urlTemplate":"https:\/\/radioljubuski.ba\/?s={search_term_string}"},"query-input":{"@type":"PropertyValueSpecification","valueRequired":true,"valueName":"search_term_string"}}],"inLanguage":"hr"},{"@type":"Organization","@id":"https:\/\/radioljubuski.ba\/#organization","name":"Radio Ljubu\u0161ki","url":"https:\/\/radioljubuski.ba\/","logo":{"@type":"ImageObject","inLanguage":"hr","@id":"https:\/\/radioljubuski.ba\/#\/schema\/logo\/image\/","url":"https:\/\/radioljubuski.ba\/wp-content\/uploads\/2021\/02\/cropped-Radio_Ljubuski_logo1.jpg","contentUrl":"https:\/\/radioljubuski.ba\/wp-content\/uploads\/2021\/02\/cropped-Radio_Ljubuski_logo1.jpg","width":512,"height":512,"caption":"Radio Ljubu\u0161ki"},"image":{"@id":"https:\/\/radioljubuski.ba\/#\/schema\/logo\/image\/"},"sameAs":["https:\/\/www.facebook.com\/Radiio-Ljubuski-1490835324566332","https:\/\/x.com\/radioljubuski","https:\/\/hr.linkedin.com\/company\/radio-ljubuski","https:\/\/www.youtube.com\/channel\/UCHYaeO_n0Db3tjNGudGpXyw"]},{"@type":"Person","@id":"https:\/\/radioljubuski.ba\/#\/schema\/person\/19fc700381a780f69665d7956c469e3b","name":"Radio Ljubu\u0161ki"}]}},"_links":{"self":[{"href":"https:\/\/radioljubuski.ba\/index.php\/wp-json\/wp\/v2\/posts\/14664","targetHints":{"allow":["GET"]}}],"collection":[{"href":"https:\/\/radioljubuski.ba\/index.php\/wp-json\/wp\/v2\/posts"}],"about":[{"href":"https:\/\/radioljubuski.ba\/index.php\/wp-json\/wp\/v2\/types\/post"}],"author":[{"embeddable":true,"href":"https:\/\/radioljubuski.ba\/index.php\/wp-json\/wp\/v2\/users\/2"}],"replies":[{"embeddable":true,"href":"https:\/\/radioljubuski.ba\/index.php\/wp-json\/wp\/v2\/comments?post=14664"}],"version-history":[{"count":1,"href":"https:\/\/radioljubuski.ba\/index.php\/wp-json\/wp\/v2\/posts\/14664\/revisions"}],"predecessor-version":[{"id":14666,"href":"https:\/\/radioljubuski.ba\/index.php\/wp-json\/wp\/v2\/posts\/14664\/revisions\/14666"}],"wp:featuredmedia":[{"embeddable":true,"href":"https:\/\/radioljubuski.ba\/index.php\/wp-json\/wp\/v2\/media\/14665"}],"wp:attachment":[{"href":"https:\/\/radioljubuski.ba\/index.php\/wp-json\/wp\/v2\/media?parent=14664"}],"wp:term":[{"taxonomy":"category","embeddable":true,"href":"https:\/\/radioljubuski.ba\/index.php\/wp-json\/wp\/v2\/categories?post=14664"},{"taxonomy":"post_tag","embeddable":true,"href":"https:\/\/radioljubuski.ba\/index.php\/wp-json\/wp\/v2\/tags?post=14664"}],"curies":[{"name":"wp","href":"https:\/\/api.w.org\/{rel}","templated":true}]}}