{"id":14689,"date":"2021-04-20T11:10:30","date_gmt":"2021-04-20T10:10:30","guid":{"rendered":"https:\/\/radioljubuski.ba\/?p=14689"},"modified":"2021-04-20T11:10:31","modified_gmt":"2021-04-20T10:10:31","slug":"obracun-hrs-a-s-hdz-om-naravno-da-se-sramimo","status":"publish","type":"post","link":"https:\/\/radioljubuski.ba\/index.php\/2021\/04\/20\/obracun-hrs-a-s-hdz-om-naravno-da-se-sramimo\/","title":{"rendered":"Obra\u010dun HRS-a s HDZ-om: Naravno da se sramimo"},"content":{"rendered":"\n<p>Hrvatska republikanska stranka reagirala je na priop\u0107enje HDZ-a BiH o mostarskom prora\u010dunu rekav\u0161i kako &#8221;stranka u poku\u0161aju, odgovara vije\u0107nicima u poku\u0161aju&#8221;.<\/p>\n\n\n\n<p>&#8221;\u0160to uistinu stoji iza naprasno probu\u0111ene i agresivno u medije plasirane socijalne osjetljivosti vladaju\u0107e stranke u Mostaru? Je li to posve\u0107enost \u201enajosjetljivijim temama\u201c, kako oni \u017eele predstaviti, ili gramzivost i pohlepa, kako smo to ina\u010de navikli od njih?&#8221;, navodi mostarski Gradski odbor Hrvatske republikanske stranke na priop\u0107enje mostarskog ogranka HDZ-a BiH povodom izglasavanja mostarskog prora\u010dun. <\/p>\n\n\n\n<p>&#8221;Ne bismo reagirali na njihove pamflete da nisu, valjda zbog \u010dinjenice da ih nitko ne do\u017eivljava ozbiljno, pla\u0107enim oglasima i anga\u017emanom svih mogu\u0107ih strana\u010dkih novinarskih pera agresivno udarili na HRS, kako ka\u017eu, &#8216;stranku u poku\u0161aju koja bi se morala sramiti&#8217;. S toga jednostavno moramo reagirati, kako bi javnosti predstavili o \u010demu se uistinu radi i na \u0161to smo se referirali i u vije\u0107u. Prije svega moramo pojasniti \u010clanak 7 St. 2 Zakona o financiranju politi\u010dkih stranaka koji vrlo jasno ka\u017ee kako prora\u010dunska izdvajanja za financiranje stranaka ne mogu prelaziti 0,2% prora\u010duna u kalendarskoj godini. Dogovorom HDZ-a i SDA, iznos za financiranje stranaka iz prora\u010duna grada Mostara je 520 000 KM. Ako se uzme ukupni iznos prora\u010duna Grada, vrlo lako se mo\u017ee dokazati kako je iznos za financiranje stranaka u Mostaru skoro tri puta ve\u0107i od zakonski definiranog&#8221;, navodi HRS.<\/p>\n\n\n\n<p>Dodaju kako &#8221;HDZ godi\u0161nje iz prora\u010duna dobije skoro 1 milijun KM, a SDA 1,5 milijuna KM&#8221; te da se s pravom postavlja pitanje zar im to nije dosta? &#8221;Dogovorom gradskih organizacija ove dvije stranke, svaka \u0107e do Op\u0107ih izbora inkasirati po 200 000 KM iz gradskog prora\u010duna. Osigurana sredstva za kampanju mostarskih gradskih organizacija HDZ-a i SDA&#8221;, navodi se u reagiranju. Dodaju kako je bilo vidljivo svakome tko je pratio prijenos sjednice g.v. Mostara, da je HRS amandman o jednokratnim naknadama formulirao na zakonski definiran na\u010din. Navode da su za novoro\u0111enu djecu, pomo\u0107 roditeljima njegovateljima predlo\u017eili da se prenamijene sredstva koja idu politi\u010dkim strankama. &#8221;Iznos od 520 000 KM bi bio sasvim dovoljan za to, \u0161to je i sam HDZ priznao u svom ju\u010der poslanom pamfletu, kada su rekli da je i &#8216;po njihovim analizama iznos oko pola milijuna KM dovoljan za jednokratne naknade&#8217;. Usput re\u010deno, te analize i prijedloge koje spominju, nitko u vije\u0107u nije vidio, jer ih nisu prezentirali, niti uputili u proceduru. Kad ve\u0107 pozivaju na gledanje snimke sjednice vije\u0107a, neka iz iste izre\u017eu trenutak u kojem se govori o svim stavkama i iznosima koje su ju\u010der iznijeli u priop\u0107enju i neka poka\u017eu javnost dokument koji tada (ni)su predali. Podsje\u0107amo sto\u017eernu, najja\u010du, najbolju i sve naj stranku kako ne samo zadnjih 7 godina neprekidnog mandata, nego i vi\u0161e, ta stranka upravlja u potpunosti pravosu\u0111em i ekonomijom u dr\u017eavi, po vertikali na svim razinama. \u0160to ste do sada \u010dekali sa implementacijom svih onih stavki s kojima ste izi\u0161li ju\u010der u javnost? \u0160to sada \u010dekate? Imate \u010dak i svog predsjednika Federacije&#8221;, navodi se u priop\u0107enju. Mostarski republikanci reagirali su i na poruke HDZ-a BiH da se trebaju sramiti.<\/p>\n\n\n\n<figure class=\"wp-block-image\"><img decoding=\"async\" src=\"https:\/\/storage.bljesak.info\/image\/374095\/800x550\/HRS_amandman_proracun_mostar.jpg\" alt=\"Amandman HRS-a - Obra\u010dun HRS-a s HDZ-om: Naravno da se sramimo\"\/><\/figure>\n\n\n\n<p>Kao stranka u poku\u0161aju, vije\u0107nicima u poku\u0161aju iz vladaju\u0107e stranke, moramo se osvrnuti na poziv da se &#8216;sramimo&#8217;. Naravno da se sramimo. Sramimo se \u0161to \u017eivimo u dru\u0161tvu korupcije, nepotizma i parazitarenja na \u017eivotima i radu poreznih obveznika. Sramimo se dru\u0161tva u kojem je jedino i isklju\u010divo mjerilo strana\u010dka iskaznica, dru\u0161tvo u kojem &#8216;dragi Tata&#8217; diktira i odobrava sve, dru\u0161tvo u kojem vladaju\u0107e strukture zloupotrebljavaju polo\u017eaj svoga naroda i polo\u017eaj pripadnika svoga naroda za zadovoljavanje osobnih interesa, pohlepe i nezasitnosti. Sramimo se dru\u0161tva kojeg ste vi kreirali i \u017eelite svim silama odr\u017eati, jer samo u ovom i ovakvom dru\u0161tvu mo\u017eete \u017eivjeti na na\u010din na koji \u017eivite. Sve na tu\u0111i ra\u010dun. Ponosimo se \u0161to smo za vas &#8216;stranka u poku\u0161aju&#8217;, jer to zna\u010di da smo svjetlosnim godinama udaljeni od na\u010dina politi\u010dkog djelovanja kakvog vi prakticirate. Mo\u017eete kako ho\u0107ete, ne\u0107ete dokle ho\u0107ete. Mi smo svoje, a vi svoje, znanje zakonskih procedura i poznavanja djelovanja lokalne samouprave pokazali na prvim zasjedanjima ovog saziva gradskog vije\u0107a. Pozivamo vas da, kad ste ve\u0107 &#8216;zaboravili&#8217; izi\u0107i sa ovom inicijativom koju ste ju\u010der prezentirali, da istu ponudite \u0161to je mogu\u0107e prije, ili kroz rebalans, ili bilo kako druga\u010dije, imat \u0107ete na\u0161e ruke za to. Uz to, pozivamo vas da nau\u010dite koju drugu stranu rije\u010d osim &#8216;populizma&#8217; koju \u0107ete koristiti kao protuargumentaciju za svaku sugestiju i kritiku. Imate te svoje politi\u010dke akademije, imate svoga Rektora i Sveu\u010dili\u0161te, \u0161arajte malo&#8221;, navodi s eu priop\u0107enju kojeg potpisuje Silvio Bubalo, vije\u0107nik u Gradskom vije\u0107u i predsjednik Gradskog odbora HRS-a Mostar.<\/p>\n\n\n\n<p>Izvor: <a href=\"https:\/\/www.bljesak.info\/vijesti\/politika\/obracun-hrs-a-s-hdz-om-naravno-da-se-sramimo\/345204\" target=\"_blank\" rel=\"noreferrer noopener\">Bljesak.info<\/a><\/p>\n\n\n\n<p><\/p>\n","protected":false},"excerpt":{"rendered":"<p>Hrvatska republikanska stranka reagirala je na priop\u0107enje HDZ-a BiH o mostarskom prora\u010dunu rekav\u0161i kako &#8221;stranka u poku\u0161aju, odgovara vije\u0107nicima u poku\u0161aju&#8221;. &#8221;\u0160to uistinu stoji iza naprasno probu\u0111ene i agresivno u medije plasirane socijalne osjetljivosti vladaju\u0107e stranke u Mostaru? Je li to posve\u0107enost \u201enajosjetljivijim temama\u201c, kako oni \u017eele predstaviti, ili gramzivost i pohlepa, kako smo to [&hellip;]<\/p>\n","protected":false},"author":2,"featured_media":14694,"comment_status":"closed","ping_status":"closed","sticky":false,"template":"","format":"standard","meta":{"h5ap_radio_sources":[],"footnotes":""},"categories":[1],"tags":[],"class_list":["post-14689","post","type-post","status-publish","format-standard","has-post-thumbnail","hentry","category-bihiregija"],"yoast_head":"<!-- This site is optimized with the Yoast SEO plugin v27.4 - https:\/\/yoast.com\/product\/yoast-seo-wordpress\/ -->\n<title>Obra\u010dun HRS-a s HDZ-om: Naravno da se sramimo - RADIO LJUBU\u0160KI<\/title>\n<meta name=\"robots\" content=\"index, follow, max-snippet:-1, max-image-preview:large, max-video-preview:-1\" \/>\n<link rel=\"canonical\" href=\"https:\/\/radioljubuski.ba\/index.php\/2021\/04\/20\/obracun-hrs-a-s-hdz-om-naravno-da-se-sramimo\/\" \/>\n<meta property=\"og:locale\" content=\"hr_HR\" \/>\n<meta property=\"og:type\" content=\"article\" \/>\n<meta property=\"og:title\" content=\"Obra\u010dun HRS-a s HDZ-om: Naravno da se sramimo - RADIO LJUBU\u0160KI\" \/>\n<meta property=\"og:description\" content=\"Hrvatska republikanska stranka reagirala je na priop\u0107enje HDZ-a BiH o mostarskom prora\u010dunu rekav\u0161i kako &#8221;stranka u poku\u0161aju, odgovara vije\u0107nicima u poku\u0161aju&#8221;. &#8221;\u0160to uistinu stoji iza naprasno probu\u0111ene i agresivno u medije plasirane socijalne osjetljivosti vladaju\u0107e stranke u Mostaru? Je li to posve\u0107enost \u201enajosjetljivijim temama\u201c, kako oni \u017eele predstaviti, ili gramzivost i pohlepa, kako smo to [&hellip;]\" \/>\n<meta property=\"og:url\" content=\"https:\/\/radioljubuski.ba\/index.php\/2021\/04\/20\/obracun-hrs-a-s-hdz-om-naravno-da-se-sramimo\/\" \/>\n<meta property=\"og:site_name\" content=\"RADIO LJUBU\u0160KI\" \/>\n<meta property=\"article:publisher\" content=\"https:\/\/www.facebook.com\/Radiio-Ljubuski-1490835324566332\" \/>\n<meta property=\"article:published_time\" content=\"2021-04-20T10:10:30+00:00\" \/>\n<meta property=\"article:modified_time\" content=\"2021-04-20T10:10:31+00:00\" \/>\n<meta property=\"og:image\" content=\"https:\/\/radioljubuski.ba\/wp-content\/uploads\/2021\/04\/gradskovijece4.jpg\" \/>\n\t<meta property=\"og:image:width\" content=\"800\" \/>\n\t<meta property=\"og:image:height\" content=\"550\" \/>\n\t<meta property=\"og:image:type\" content=\"image\/jpeg\" \/>\n<meta name=\"author\" content=\"Radio Ljubu\u0161ki\" \/>\n<meta name=\"twitter:card\" content=\"summary_large_image\" \/>\n<meta name=\"twitter:creator\" content=\"@radioljubuski\" \/>\n<meta name=\"twitter:site\" content=\"@radioljubuski\" \/>\n<meta name=\"twitter:label1\" content=\"Napisao\/la\" \/>\n\t<meta name=\"twitter:data1\" content=\"Radio Ljubu\u0161ki\" \/>\n\t<meta name=\"twitter:label2\" content=\"Procijenjeno vrijeme \u010ditanja\" \/>\n\t<meta name=\"twitter:data2\" content=\"4 minute\" \/>\n<script type=\"application\/ld+json\" class=\"yoast-schema-graph\">{\"@context\":\"https:\\\/\\\/schema.org\",\"@graph\":[{\"@type\":\"Article\",\"@id\":\"https:\\\/\\\/radioljubuski.ba\\\/index.php\\\/2021\\\/04\\\/20\\\/obracun-hrs-a-s-hdz-om-naravno-da-se-sramimo\\\/#article\",\"isPartOf\":{\"@id\":\"https:\\\/\\\/radioljubuski.ba\\\/index.php\\\/2021\\\/04\\\/20\\\/obracun-hrs-a-s-hdz-om-naravno-da-se-sramimo\\\/\"},\"author\":{\"name\":\"Radio Ljubu\u0161ki\",\"@id\":\"https:\\\/\\\/radioljubuski.ba\\\/#\\\/schema\\\/person\\\/19fc700381a780f69665d7956c469e3b\"},\"headline\":\"Obra\u010dun HRS-a s HDZ-om: Naravno da se sramimo\",\"datePublished\":\"2021-04-20T10:10:30+00:00\",\"dateModified\":\"2021-04-20T10:10:31+00:00\",\"mainEntityOfPage\":{\"@id\":\"https:\\\/\\\/radioljubuski.ba\\\/index.php\\\/2021\\\/04\\\/20\\\/obracun-hrs-a-s-hdz-om-naravno-da-se-sramimo\\\/\"},\"wordCount\":839,\"publisher\":{\"@id\":\"https:\\\/\\\/radioljubuski.ba\\\/#organization\"},\"image\":{\"@id\":\"https:\\\/\\\/radioljubuski.ba\\\/index.php\\\/2021\\\/04\\\/20\\\/obracun-hrs-a-s-hdz-om-naravno-da-se-sramimo\\\/#primaryimage\"},\"thumbnailUrl\":\"https:\\\/\\\/radioljubuski.ba\\\/wp-content\\\/uploads\\\/2021\\\/04\\\/gradskovijece4.jpg\",\"articleSection\":[\"BIH i regija\"],\"inLanguage\":\"hr\"},{\"@type\":\"WebPage\",\"@id\":\"https:\\\/\\\/radioljubuski.ba\\\/index.php\\\/2021\\\/04\\\/20\\\/obracun-hrs-a-s-hdz-om-naravno-da-se-sramimo\\\/\",\"url\":\"https:\\\/\\\/radioljubuski.ba\\\/index.php\\\/2021\\\/04\\\/20\\\/obracun-hrs-a-s-hdz-om-naravno-da-se-sramimo\\\/\",\"name\":\"Obra\u010dun HRS-a s HDZ-om: Naravno da se sramimo - RADIO LJUBU\u0160KI\",\"isPartOf\":{\"@id\":\"https:\\\/\\\/radioljubuski.ba\\\/#website\"},\"primaryImageOfPage\":{\"@id\":\"https:\\\/\\\/radioljubuski.ba\\\/index.php\\\/2021\\\/04\\\/20\\\/obracun-hrs-a-s-hdz-om-naravno-da-se-sramimo\\\/#primaryimage\"},\"image\":{\"@id\":\"https:\\\/\\\/radioljubuski.ba\\\/index.php\\\/2021\\\/04\\\/20\\\/obracun-hrs-a-s-hdz-om-naravno-da-se-sramimo\\\/#primaryimage\"},\"thumbnailUrl\":\"https:\\\/\\\/radioljubuski.ba\\\/wp-content\\\/uploads\\\/2021\\\/04\\\/gradskovijece4.jpg\",\"datePublished\":\"2021-04-20T10:10:30+00:00\",\"dateModified\":\"2021-04-20T10:10:31+00:00\",\"breadcrumb\":{\"@id\":\"https:\\\/\\\/radioljubuski.ba\\\/index.php\\\/2021\\\/04\\\/20\\\/obracun-hrs-a-s-hdz-om-naravno-da-se-sramimo\\\/#breadcrumb\"},\"inLanguage\":\"hr\",\"potentialAction\":[{\"@type\":\"ReadAction\",\"target\":[\"https:\\\/\\\/radioljubuski.ba\\\/index.php\\\/2021\\\/04\\\/20\\\/obracun-hrs-a-s-hdz-om-naravno-da-se-sramimo\\\/\"]}]},{\"@type\":\"ImageObject\",\"inLanguage\":\"hr\",\"@id\":\"https:\\\/\\\/radioljubuski.ba\\\/index.php\\\/2021\\\/04\\\/20\\\/obracun-hrs-a-s-hdz-om-naravno-da-se-sramimo\\\/#primaryimage\",\"url\":\"https:\\\/\\\/radioljubuski.ba\\\/wp-content\\\/uploads\\\/2021\\\/04\\\/gradskovijece4.jpg\",\"contentUrl\":\"https:\\\/\\\/radioljubuski.ba\\\/wp-content\\\/uploads\\\/2021\\\/04\\\/gradskovijece4.jpg\",\"width\":800,\"height\":550},{\"@type\":\"BreadcrumbList\",\"@id\":\"https:\\\/\\\/radioljubuski.ba\\\/index.php\\\/2021\\\/04\\\/20\\\/obracun-hrs-a-s-hdz-om-naravno-da-se-sramimo\\\/#breadcrumb\",\"itemListElement\":[{\"@type\":\"ListItem\",\"position\":1,\"name\":\"Po\u010detna stranica\",\"item\":\"https:\\\/\\\/radioljubuski.ba\\\/\"},{\"@type\":\"ListItem\",\"position\":2,\"name\":\"Obra\u010dun HRS-a s HDZ-om: Naravno da se sramimo\"}]},{\"@type\":\"WebSite\",\"@id\":\"https:\\\/\\\/radioljubuski.ba\\\/#website\",\"url\":\"https:\\\/\\\/radioljubuski.ba\\\/\",\"name\":\"Radio Ljubu\u0161ki\",\"description\":\"Sun\u010dana frekvencija Hercegovine\",\"publisher\":{\"@id\":\"https:\\\/\\\/radioljubuski.ba\\\/#organization\"},\"potentialAction\":[{\"@type\":\"SearchAction\",\"target\":{\"@type\":\"EntryPoint\",\"urlTemplate\":\"https:\\\/\\\/radioljubuski.ba\\\/?s={search_term_string}\"},\"query-input\":{\"@type\":\"PropertyValueSpecification\",\"valueRequired\":true,\"valueName\":\"search_term_string\"}}],\"inLanguage\":\"hr\"},{\"@type\":\"Organization\",\"@id\":\"https:\\\/\\\/radioljubuski.ba\\\/#organization\",\"name\":\"Radio Ljubu\u0161ki\",\"url\":\"https:\\\/\\\/radioljubuski.ba\\\/\",\"logo\":{\"@type\":\"ImageObject\",\"inLanguage\":\"hr\",\"@id\":\"https:\\\/\\\/radioljubuski.ba\\\/#\\\/schema\\\/logo\\\/image\\\/\",\"url\":\"https:\\\/\\\/radioljubuski.ba\\\/wp-content\\\/uploads\\\/2021\\\/02\\\/cropped-Radio_Ljubuski_logo1.jpg\",\"contentUrl\":\"https:\\\/\\\/radioljubuski.ba\\\/wp-content\\\/uploads\\\/2021\\\/02\\\/cropped-Radio_Ljubuski_logo1.jpg\",\"width\":512,\"height\":512,\"caption\":\"Radio Ljubu\u0161ki\"},\"image\":{\"@id\":\"https:\\\/\\\/radioljubuski.ba\\\/#\\\/schema\\\/logo\\\/image\\\/\"},\"sameAs\":[\"https:\\\/\\\/www.facebook.com\\\/Radiio-Ljubuski-1490835324566332\",\"https:\\\/\\\/x.com\\\/radioljubuski\",\"https:\\\/\\\/hr.linkedin.com\\\/company\\\/radio-ljubuski\",\"https:\\\/\\\/www.youtube.com\\\/channel\\\/UCHYaeO_n0Db3tjNGudGpXyw\"]},{\"@type\":\"Person\",\"@id\":\"https:\\\/\\\/radioljubuski.ba\\\/#\\\/schema\\\/person\\\/19fc700381a780f69665d7956c469e3b\",\"name\":\"Radio Ljubu\u0161ki\"}]}<\/script>\n<!-- \/ Yoast SEO plugin. -->","yoast_head_json":{"title":"Obra\u010dun HRS-a s HDZ-om: Naravno da se sramimo - RADIO LJUBU\u0160KI","robots":{"index":"index","follow":"follow","max-snippet":"max-snippet:-1","max-image-preview":"max-image-preview:large","max-video-preview":"max-video-preview:-1"},"canonical":"https:\/\/radioljubuski.ba\/index.php\/2021\/04\/20\/obracun-hrs-a-s-hdz-om-naravno-da-se-sramimo\/","og_locale":"hr_HR","og_type":"article","og_title":"Obra\u010dun HRS-a s HDZ-om: Naravno da se sramimo - RADIO LJUBU\u0160KI","og_description":"Hrvatska republikanska stranka reagirala je na priop\u0107enje HDZ-a BiH o mostarskom prora\u010dunu rekav\u0161i kako &#8221;stranka u poku\u0161aju, odgovara vije\u0107nicima u poku\u0161aju&#8221;. &#8221;\u0160to uistinu stoji iza naprasno probu\u0111ene i agresivno u medije plasirane socijalne osjetljivosti vladaju\u0107e stranke u Mostaru? Je li to posve\u0107enost \u201enajosjetljivijim temama\u201c, kako oni \u017eele predstaviti, ili gramzivost i pohlepa, kako smo to [&hellip;]","og_url":"https:\/\/radioljubuski.ba\/index.php\/2021\/04\/20\/obracun-hrs-a-s-hdz-om-naravno-da-se-sramimo\/","og_site_name":"RADIO LJUBU\u0160KI","article_publisher":"https:\/\/www.facebook.com\/Radiio-Ljubuski-1490835324566332","article_published_time":"2021-04-20T10:10:30+00:00","article_modified_time":"2021-04-20T10:10:31+00:00","og_image":[{"width":800,"height":550,"url":"https:\/\/radioljubuski.ba\/wp-content\/uploads\/2021\/04\/gradskovijece4.jpg","type":"image\/jpeg"}],"author":"Radio Ljubu\u0161ki","twitter_card":"summary_large_image","twitter_creator":"@radioljubuski","twitter_site":"@radioljubuski","twitter_misc":{"Napisao\/la":"Radio Ljubu\u0161ki","Procijenjeno vrijeme \u010ditanja":"4 minute"},"schema":{"@context":"https:\/\/schema.org","@graph":[{"@type":"Article","@id":"https:\/\/radioljubuski.ba\/index.php\/2021\/04\/20\/obracun-hrs-a-s-hdz-om-naravno-da-se-sramimo\/#article","isPartOf":{"@id":"https:\/\/radioljubuski.ba\/index.php\/2021\/04\/20\/obracun-hrs-a-s-hdz-om-naravno-da-se-sramimo\/"},"author":{"name":"Radio Ljubu\u0161ki","@id":"https:\/\/radioljubuski.ba\/#\/schema\/person\/19fc700381a780f69665d7956c469e3b"},"headline":"Obra\u010dun HRS-a s HDZ-om: Naravno da se sramimo","datePublished":"2021-04-20T10:10:30+00:00","dateModified":"2021-04-20T10:10:31+00:00","mainEntityOfPage":{"@id":"https:\/\/radioljubuski.ba\/index.php\/2021\/04\/20\/obracun-hrs-a-s-hdz-om-naravno-da-se-sramimo\/"},"wordCount":839,"publisher":{"@id":"https:\/\/radioljubuski.ba\/#organization"},"image":{"@id":"https:\/\/radioljubuski.ba\/index.php\/2021\/04\/20\/obracun-hrs-a-s-hdz-om-naravno-da-se-sramimo\/#primaryimage"},"thumbnailUrl":"https:\/\/radioljubuski.ba\/wp-content\/uploads\/2021\/04\/gradskovijece4.jpg","articleSection":["BIH i regija"],"inLanguage":"hr"},{"@type":"WebPage","@id":"https:\/\/radioljubuski.ba\/index.php\/2021\/04\/20\/obracun-hrs-a-s-hdz-om-naravno-da-se-sramimo\/","url":"https:\/\/radioljubuski.ba\/index.php\/2021\/04\/20\/obracun-hrs-a-s-hdz-om-naravno-da-se-sramimo\/","name":"Obra\u010dun HRS-a s HDZ-om: Naravno da se sramimo - RADIO LJUBU\u0160KI","isPartOf":{"@id":"https:\/\/radioljubuski.ba\/#website"},"primaryImageOfPage":{"@id":"https:\/\/radioljubuski.ba\/index.php\/2021\/04\/20\/obracun-hrs-a-s-hdz-om-naravno-da-se-sramimo\/#primaryimage"},"image":{"@id":"https:\/\/radioljubuski.ba\/index.php\/2021\/04\/20\/obracun-hrs-a-s-hdz-om-naravno-da-se-sramimo\/#primaryimage"},"thumbnailUrl":"https:\/\/radioljubuski.ba\/wp-content\/uploads\/2021\/04\/gradskovijece4.jpg","datePublished":"2021-04-20T10:10:30+00:00","dateModified":"2021-04-20T10:10:31+00:00","breadcrumb":{"@id":"https:\/\/radioljubuski.ba\/index.php\/2021\/04\/20\/obracun-hrs-a-s-hdz-om-naravno-da-se-sramimo\/#breadcrumb"},"inLanguage":"hr","potentialAction":[{"@type":"ReadAction","target":["https:\/\/radioljubuski.ba\/index.php\/2021\/04\/20\/obracun-hrs-a-s-hdz-om-naravno-da-se-sramimo\/"]}]},{"@type":"ImageObject","inLanguage":"hr","@id":"https:\/\/radioljubuski.ba\/index.php\/2021\/04\/20\/obracun-hrs-a-s-hdz-om-naravno-da-se-sramimo\/#primaryimage","url":"https:\/\/radioljubuski.ba\/wp-content\/uploads\/2021\/04\/gradskovijece4.jpg","contentUrl":"https:\/\/radioljubuski.ba\/wp-content\/uploads\/2021\/04\/gradskovijece4.jpg","width":800,"height":550},{"@type":"BreadcrumbList","@id":"https:\/\/radioljubuski.ba\/index.php\/2021\/04\/20\/obracun-hrs-a-s-hdz-om-naravno-da-se-sramimo\/#breadcrumb","itemListElement":[{"@type":"ListItem","position":1,"name":"Po\u010detna stranica","item":"https:\/\/radioljubuski.ba\/"},{"@type":"ListItem","position":2,"name":"Obra\u010dun HRS-a s HDZ-om: Naravno da se sramimo"}]},{"@type":"WebSite","@id":"https:\/\/radioljubuski.ba\/#website","url":"https:\/\/radioljubuski.ba\/","name":"Radio Ljubu\u0161ki","description":"Sun\u010dana frekvencija Hercegovine","publisher":{"@id":"https:\/\/radioljubuski.ba\/#organization"},"potentialAction":[{"@type":"SearchAction","target":{"@type":"EntryPoint","urlTemplate":"https:\/\/radioljubuski.ba\/?s={search_term_string}"},"query-input":{"@type":"PropertyValueSpecification","valueRequired":true,"valueName":"search_term_string"}}],"inLanguage":"hr"},{"@type":"Organization","@id":"https:\/\/radioljubuski.ba\/#organization","name":"Radio Ljubu\u0161ki","url":"https:\/\/radioljubuski.ba\/","logo":{"@type":"ImageObject","inLanguage":"hr","@id":"https:\/\/radioljubuski.ba\/#\/schema\/logo\/image\/","url":"https:\/\/radioljubuski.ba\/wp-content\/uploads\/2021\/02\/cropped-Radio_Ljubuski_logo1.jpg","contentUrl":"https:\/\/radioljubuski.ba\/wp-content\/uploads\/2021\/02\/cropped-Radio_Ljubuski_logo1.jpg","width":512,"height":512,"caption":"Radio Ljubu\u0161ki"},"image":{"@id":"https:\/\/radioljubuski.ba\/#\/schema\/logo\/image\/"},"sameAs":["https:\/\/www.facebook.com\/Radiio-Ljubuski-1490835324566332","https:\/\/x.com\/radioljubuski","https:\/\/hr.linkedin.com\/company\/radio-ljubuski","https:\/\/www.youtube.com\/channel\/UCHYaeO_n0Db3tjNGudGpXyw"]},{"@type":"Person","@id":"https:\/\/radioljubuski.ba\/#\/schema\/person\/19fc700381a780f69665d7956c469e3b","name":"Radio Ljubu\u0161ki"}]}},"_links":{"self":[{"href":"https:\/\/radioljubuski.ba\/index.php\/wp-json\/wp\/v2\/posts\/14689","targetHints":{"allow":["GET"]}}],"collection":[{"href":"https:\/\/radioljubuski.ba\/index.php\/wp-json\/wp\/v2\/posts"}],"about":[{"href":"https:\/\/radioljubuski.ba\/index.php\/wp-json\/wp\/v2\/types\/post"}],"author":[{"embeddable":true,"href":"https:\/\/radioljubuski.ba\/index.php\/wp-json\/wp\/v2\/users\/2"}],"replies":[{"embeddable":true,"href":"https:\/\/radioljubuski.ba\/index.php\/wp-json\/wp\/v2\/comments?post=14689"}],"version-history":[{"count":1,"href":"https:\/\/radioljubuski.ba\/index.php\/wp-json\/wp\/v2\/posts\/14689\/revisions"}],"predecessor-version":[{"id":14695,"href":"https:\/\/radioljubuski.ba\/index.php\/wp-json\/wp\/v2\/posts\/14689\/revisions\/14695"}],"wp:featuredmedia":[{"embeddable":true,"href":"https:\/\/radioljubuski.ba\/index.php\/wp-json\/wp\/v2\/media\/14694"}],"wp:attachment":[{"href":"https:\/\/radioljubuski.ba\/index.php\/wp-json\/wp\/v2\/media?parent=14689"}],"wp:term":[{"taxonomy":"category","embeddable":true,"href":"https:\/\/radioljubuski.ba\/index.php\/wp-json\/wp\/v2\/categories?post=14689"},{"taxonomy":"post_tag","embeddable":true,"href":"https:\/\/radioljubuski.ba\/index.php\/wp-json\/wp\/v2\/tags?post=14689"}],"curies":[{"name":"wp","href":"https:\/\/api.w.org\/{rel}","templated":true}]}}