{"id":14743,"date":"2021-04-20T12:50:24","date_gmt":"2021-04-20T11:50:24","guid":{"rendered":"https:\/\/radioljubuski.ba\/?p=14743"},"modified":"2021-04-20T12:50:24","modified_gmt":"2021-04-20T11:50:24","slug":"sostar-guzva-na-velesajmu-zbog-tri-razloga","status":"publish","type":"post","link":"https:\/\/radioljubuski.ba\/index.php\/2021\/04\/20\/sostar-guzva-na-velesajmu-zbog-tri-razloga\/","title":{"rendered":"\u0160ostar: Gu\u017eva na Velesajmu zbog tri razloga"},"content":{"rendered":"\n<p>Na punktu za masovno cijepljenje na zagreba\u010dkom Velesajmu okupio se veliki broj gra\u0111ana. Tri su razloga zbog \u010dega se stvara gu\u017eva, rekao je za HRT-ov portal Zvonimir \u0160ostar, ravnatelj Nastavnog zavoda za javno zdravstvo (NZZJZ) &#8220;Dr. Andrija \u0160tampar&#8221;.&nbsp; Iz NZZJZ-a su potom uputili priop\u0107enje gra\u0111anima u kojemu ih mole da ne dolaze na cijepljenje ako nisu pozvani.&nbsp; &nbsp;<\/p>\n\n\n\n<p>Jedan je razlog \u0161to se danas ljudi cijepe s Pfizerovim cjepivom, drugi \u0161to ljudi dolaze po sat, dva ili tri ranije nego \u0161to imaju termin, a tre\u0107i je da dolaze i oni koji bi se \u017eeljeli cijepiti a nisu naru\u010deni. Oni koji nisu naru\u010deni, nema teroije da dobiju cjepivo, izjavio je \u0160ostar.&nbsp;&nbsp;<br><br>&#8211; Ljudi ne slu\u0161aju. Lijepo smo im rekli da do\u0111u 5-10 minuta prije termina. Da to rade, ne bi bilo gu\u017eve. Ne\u0107e sigurno biti cijepljeni ranije. I prije 7 sati bilo je ve\u0107 100-ak ljudi, a mi radimo od 8 sati, dodao je.&nbsp;<br><br>Istaknuo je da se za po\u0161tivanje epidemiolo\u0161kih mjera brine 25 covid redara i petorica pripadnika civilne za\u0161tite. Poku\u0161avamo razrijediti gu\u017evu, ka\u017ee, ali ljudi ne slu\u0161aju.<br><br>Govore\u0107i o planovima za cijepljenje kazao je da se tjedno cijepi od 16.000 do 16.500 ljudi.&nbsp;Do kraja tjedna cijepit \u0107e se Pfizerovim cjepivom te se tako sutra i prekosutra planira cijepiti po 4.500 ljudi, a u petak 2.000 budu\u0107i da \u0107e tada raditi samo prijepodne, kako bi se nakon toga paviljoni mogli temeljito o\u010distiti.&nbsp;<\/p>\n\n\n\n<p><strong>Rotim: Gra\u0111ani trebaju biti svjesni da moraju dr\u017eati socijalnu distancu<br><br>Cecilija Rotim<\/strong>, glavna sestra Nastavnog zavoda &#8220;Dr. Andrija \u0160tampar&#8221;, u HTV-ovom podnevnom Dnevniku tako\u0111er je rekla kako nema potrebe da ljudi na cijepljenje dolaze puno ranije, nego \u0161to su naru\u010deni. Na pitanje je li se organizacijski mo\u017ee ne\u0161to u\u010diniti, kazala je da organizatori daju maksimum, ali da i sami gra\u0111ani trebaju biti svjesni da moraju dr\u017eati socijalnu distancu.&nbsp;<br><br>&#8211; Velesajam je veliki, mo\u017eemo se ra\u0161iriti. Ljudi iz zadnjih redova guraju se naprijed i koliko god ih covid redari upozoravali, gra\u0111ani se toga ne pridr\u017eavaju, dodala je.&nbsp;<\/p>\n\n\n\n<p><strong>NZZJZ: Bit \u0107e cijepljeni samo oni koji su pozvani preko platforme Cijepise.zdravlje.hr ili od lije\u010dnika obiteljske medicine<\/strong><br><br>U priop\u0107enju NZZJZ-a &#8220;Dr. Andrija \u0160tampar&#8221; jo\u0161 jednom pozivaju gra\u0111ane da ne dolaze na zagreba\u010dki Velesajam ako nisu naru\u010deni za cijepljenje te da ne dolaze prije ugovorenog termina kako bi se izbjeglo stvaranje nepotrebne gu\u017eve. Dovoljno je do\u0107i 5 minuta prije dogovorenog termina te nagla\u0161avaju kako cjepiva ima dovoljno za sve naru\u010dene.<br><br>&#8220;Samo oni gra\u0111ani koji su pozvani preko platforme Cijepise.zravlje.hr ili od lije\u010dnika obiteljske medicine, bit \u0107e cijepljeni prema rasporedu prijave.&nbsp;Gra\u0111ani se mole i da odr\u017eavaju propisani fizi\u010dki razmak dok \u010dekaju svoj red na cijepljenje. Anga\u017eirano je 25 covid-redara i pet pripadnika civilne za\u0161tite po smjeni koji paze na odr\u017eavanje razmaka, ali jo\u0161 jedom se apelira na odgovornost gra\u0111ana da \u0161tite sebe i druge&#8221;, stoji me\u0111u ostalim u priop\u0107enju.<br><br>Na Velesajmu je dosad procijepljeno oko 19.000 ljudi, a danas \u0107e cjepivo primiti jo\u0161 4500 osoba. Stru\u010dnjaci nagla\u0161avaju kako je u\u010dinkovito cijepiti se bilo kojim od ponu\u0111enih cjepiva, dodaje se u priop\u0107enju NZZJZ-a te nagla\u0161avaju da \u0107e danas raditi do 19 sati, u srijedu i \u010detvrtak od 8 do 19, a u petak (23.4) od 8 do 13 sati.&nbsp;<\/p>\n\n\n\n<p>Neki od gra\u0111ana kazali su da \u010dekaju vi\u0161e od sat vremena.&nbsp;<\/p>\n\n\n\n<p>U vezi s planovima za idu\u0107i tjedan \u0160ostar je kazao da ne zna jo\u0161 to\u010dno kada \u0107e cjepivo sti\u0107i, ali je sigurno da rade u ponedjeljak poslijepodne, pa utorak, srijedu i \u010detvrtak cijeli dan, a petak prijepodne.<br><br>Za vrijeme cijepljenja s AstraZenecinim cjepivom gu\u017eve nije bilo toliko. Tada su naru\u010divali po 3.000 ljudi dnevno, a budu\u0107i da su za Pfizerovo cjepivo o\u010dekivali ve\u0107i interes, onda su i pove\u0107ali broj ljudi za cijepljenje.&nbsp;<\/p>\n\n\n\n<p>Premijer <strong>Andrej Plenkovi\u0107<\/strong> najavio je da \u0107e Hrvatska do 30. lipnja imati oko 3 milijuna 100 tisu\u0107a doza cjepiva. U drugoj fazi jednu je dozu cjepiva do sada primilo 39 posto starijih od 65 i kroni\u010dnih bolesnika, a oko 7 posto obje doze.<\/p>\n\n\n\n<p>Izvor:hrt.hr<\/p>\n","protected":false},"excerpt":{"rendered":"<p>Na punktu za masovno cijepljenje na zagreba\u010dkom Velesajmu okupio se veliki broj gra\u0111ana. Tri su razloga zbog \u010dega se stvara gu\u017eva, rekao je za HRT-ov portal Zvonimir \u0160ostar, ravnatelj Nastavnog zavoda za javno zdravstvo (NZZJZ) &#8220;Dr. Andrija \u0160tampar&#8221;.&nbsp; Iz NZZJZ-a su potom uputili priop\u0107enje gra\u0111anima u kojemu ih mole da ne dolaze na cijepljenje ako [&hellip;]<\/p>\n","protected":false},"author":2,"featured_media":14747,"comment_status":"closed","ping_status":"closed","sticky":false,"template":"","format":"standard","meta":{"h5ap_radio_sources":[],"footnotes":""},"categories":[1],"tags":[],"class_list":["post-14743","post","type-post","status-publish","format-standard","has-post-thumbnail","hentry","category-bihiregija"],"yoast_head":"<!-- This site is optimized with the Yoast SEO plugin v27.4 - https:\/\/yoast.com\/product\/yoast-seo-wordpress\/ -->\n<title>\u0160ostar: Gu\u017eva na Velesajmu zbog tri razloga - RADIO LJUBU\u0160KI<\/title>\n<meta name=\"robots\" content=\"index, follow, max-snippet:-1, max-image-preview:large, max-video-preview:-1\" \/>\n<link rel=\"canonical\" href=\"https:\/\/radioljubuski.ba\/index.php\/2021\/04\/20\/sostar-guzva-na-velesajmu-zbog-tri-razloga\/\" \/>\n<meta property=\"og:locale\" content=\"hr_HR\" \/>\n<meta property=\"og:type\" content=\"article\" \/>\n<meta property=\"og:title\" content=\"\u0160ostar: Gu\u017eva na Velesajmu zbog tri razloga - RADIO LJUBU\u0160KI\" \/>\n<meta property=\"og:description\" content=\"Na punktu za masovno cijepljenje na zagreba\u010dkom Velesajmu okupio se veliki broj gra\u0111ana. Tri su razloga zbog \u010dega se stvara gu\u017eva, rekao je za HRT-ov portal Zvonimir \u0160ostar, ravnatelj Nastavnog zavoda za javno zdravstvo (NZZJZ) &#8220;Dr. Andrija \u0160tampar&#8221;.&nbsp; Iz NZZJZ-a su potom uputili priop\u0107enje gra\u0111anima u kojemu ih mole da ne dolaze na cijepljenje ako [&hellip;]\" \/>\n<meta property=\"og:url\" content=\"https:\/\/radioljubuski.ba\/index.php\/2021\/04\/20\/sostar-guzva-na-velesajmu-zbog-tri-razloga\/\" \/>\n<meta property=\"og:site_name\" content=\"RADIO LJUBU\u0160KI\" \/>\n<meta property=\"article:publisher\" content=\"https:\/\/www.facebook.com\/Radiio-Ljubuski-1490835324566332\" \/>\n<meta property=\"article:published_time\" content=\"2021-04-20T11:50:24+00:00\" \/>\n<meta property=\"og:image\" content=\"https:\/\/radioljubuski.ba\/wp-content\/uploads\/2021\/04\/33-31.png\" \/>\n\t<meta property=\"og:image:width\" content=\"646\" \/>\n\t<meta property=\"og:image:height\" content=\"359\" \/>\n\t<meta property=\"og:image:type\" content=\"image\/png\" \/>\n<meta name=\"author\" content=\"Radio Ljubu\u0161ki\" \/>\n<meta name=\"twitter:card\" content=\"summary_large_image\" \/>\n<meta name=\"twitter:creator\" content=\"@radioljubuski\" \/>\n<meta name=\"twitter:site\" content=\"@radioljubuski\" \/>\n<meta name=\"twitter:label1\" content=\"Napisao\/la\" \/>\n\t<meta name=\"twitter:data1\" content=\"Radio Ljubu\u0161ki\" \/>\n\t<meta name=\"twitter:label2\" content=\"Procijenjeno vrijeme \u010ditanja\" \/>\n\t<meta name=\"twitter:data2\" content=\"3 minute\" \/>\n<script type=\"application\/ld+json\" class=\"yoast-schema-graph\">{\"@context\":\"https:\\\/\\\/schema.org\",\"@graph\":[{\"@type\":\"Article\",\"@id\":\"https:\\\/\\\/radioljubuski.ba\\\/index.php\\\/2021\\\/04\\\/20\\\/sostar-guzva-na-velesajmu-zbog-tri-razloga\\\/#article\",\"isPartOf\":{\"@id\":\"https:\\\/\\\/radioljubuski.ba\\\/index.php\\\/2021\\\/04\\\/20\\\/sostar-guzva-na-velesajmu-zbog-tri-razloga\\\/\"},\"author\":{\"name\":\"Radio Ljubu\u0161ki\",\"@id\":\"https:\\\/\\\/radioljubuski.ba\\\/#\\\/schema\\\/person\\\/19fc700381a780f69665d7956c469e3b\"},\"headline\":\"\u0160ostar: Gu\u017eva na Velesajmu zbog tri razloga\",\"datePublished\":\"2021-04-20T11:50:24+00:00\",\"mainEntityOfPage\":{\"@id\":\"https:\\\/\\\/radioljubuski.ba\\\/index.php\\\/2021\\\/04\\\/20\\\/sostar-guzva-na-velesajmu-zbog-tri-razloga\\\/\"},\"wordCount\":730,\"publisher\":{\"@id\":\"https:\\\/\\\/radioljubuski.ba\\\/#organization\"},\"image\":{\"@id\":\"https:\\\/\\\/radioljubuski.ba\\\/index.php\\\/2021\\\/04\\\/20\\\/sostar-guzva-na-velesajmu-zbog-tri-razloga\\\/#primaryimage\"},\"thumbnailUrl\":\"https:\\\/\\\/radioljubuski.ba\\\/wp-content\\\/uploads\\\/2021\\\/04\\\/33-31.png\",\"articleSection\":[\"BIH i regija\"],\"inLanguage\":\"hr\"},{\"@type\":\"WebPage\",\"@id\":\"https:\\\/\\\/radioljubuski.ba\\\/index.php\\\/2021\\\/04\\\/20\\\/sostar-guzva-na-velesajmu-zbog-tri-razloga\\\/\",\"url\":\"https:\\\/\\\/radioljubuski.ba\\\/index.php\\\/2021\\\/04\\\/20\\\/sostar-guzva-na-velesajmu-zbog-tri-razloga\\\/\",\"name\":\"\u0160ostar: Gu\u017eva na Velesajmu zbog tri razloga - RADIO LJUBU\u0160KI\",\"isPartOf\":{\"@id\":\"https:\\\/\\\/radioljubuski.ba\\\/#website\"},\"primaryImageOfPage\":{\"@id\":\"https:\\\/\\\/radioljubuski.ba\\\/index.php\\\/2021\\\/04\\\/20\\\/sostar-guzva-na-velesajmu-zbog-tri-razloga\\\/#primaryimage\"},\"image\":{\"@id\":\"https:\\\/\\\/radioljubuski.ba\\\/index.php\\\/2021\\\/04\\\/20\\\/sostar-guzva-na-velesajmu-zbog-tri-razloga\\\/#primaryimage\"},\"thumbnailUrl\":\"https:\\\/\\\/radioljubuski.ba\\\/wp-content\\\/uploads\\\/2021\\\/04\\\/33-31.png\",\"datePublished\":\"2021-04-20T11:50:24+00:00\",\"breadcrumb\":{\"@id\":\"https:\\\/\\\/radioljubuski.ba\\\/index.php\\\/2021\\\/04\\\/20\\\/sostar-guzva-na-velesajmu-zbog-tri-razloga\\\/#breadcrumb\"},\"inLanguage\":\"hr\",\"potentialAction\":[{\"@type\":\"ReadAction\",\"target\":[\"https:\\\/\\\/radioljubuski.ba\\\/index.php\\\/2021\\\/04\\\/20\\\/sostar-guzva-na-velesajmu-zbog-tri-razloga\\\/\"]}]},{\"@type\":\"ImageObject\",\"inLanguage\":\"hr\",\"@id\":\"https:\\\/\\\/radioljubuski.ba\\\/index.php\\\/2021\\\/04\\\/20\\\/sostar-guzva-na-velesajmu-zbog-tri-razloga\\\/#primaryimage\",\"url\":\"https:\\\/\\\/radioljubuski.ba\\\/wp-content\\\/uploads\\\/2021\\\/04\\\/33-31.png\",\"contentUrl\":\"https:\\\/\\\/radioljubuski.ba\\\/wp-content\\\/uploads\\\/2021\\\/04\\\/33-31.png\",\"width\":646,\"height\":359},{\"@type\":\"BreadcrumbList\",\"@id\":\"https:\\\/\\\/radioljubuski.ba\\\/index.php\\\/2021\\\/04\\\/20\\\/sostar-guzva-na-velesajmu-zbog-tri-razloga\\\/#breadcrumb\",\"itemListElement\":[{\"@type\":\"ListItem\",\"position\":1,\"name\":\"Po\u010detna stranica\",\"item\":\"https:\\\/\\\/radioljubuski.ba\\\/\"},{\"@type\":\"ListItem\",\"position\":2,\"name\":\"\u0160ostar: Gu\u017eva na Velesajmu zbog tri razloga\"}]},{\"@type\":\"WebSite\",\"@id\":\"https:\\\/\\\/radioljubuski.ba\\\/#website\",\"url\":\"https:\\\/\\\/radioljubuski.ba\\\/\",\"name\":\"Radio Ljubu\u0161ki\",\"description\":\"Sun\u010dana frekvencija Hercegovine\",\"publisher\":{\"@id\":\"https:\\\/\\\/radioljubuski.ba\\\/#organization\"},\"potentialAction\":[{\"@type\":\"SearchAction\",\"target\":{\"@type\":\"EntryPoint\",\"urlTemplate\":\"https:\\\/\\\/radioljubuski.ba\\\/?s={search_term_string}\"},\"query-input\":{\"@type\":\"PropertyValueSpecification\",\"valueRequired\":true,\"valueName\":\"search_term_string\"}}],\"inLanguage\":\"hr\"},{\"@type\":\"Organization\",\"@id\":\"https:\\\/\\\/radioljubuski.ba\\\/#organization\",\"name\":\"Radio Ljubu\u0161ki\",\"url\":\"https:\\\/\\\/radioljubuski.ba\\\/\",\"logo\":{\"@type\":\"ImageObject\",\"inLanguage\":\"hr\",\"@id\":\"https:\\\/\\\/radioljubuski.ba\\\/#\\\/schema\\\/logo\\\/image\\\/\",\"url\":\"https:\\\/\\\/radioljubuski.ba\\\/wp-content\\\/uploads\\\/2021\\\/02\\\/cropped-Radio_Ljubuski_logo1.jpg\",\"contentUrl\":\"https:\\\/\\\/radioljubuski.ba\\\/wp-content\\\/uploads\\\/2021\\\/02\\\/cropped-Radio_Ljubuski_logo1.jpg\",\"width\":512,\"height\":512,\"caption\":\"Radio Ljubu\u0161ki\"},\"image\":{\"@id\":\"https:\\\/\\\/radioljubuski.ba\\\/#\\\/schema\\\/logo\\\/image\\\/\"},\"sameAs\":[\"https:\\\/\\\/www.facebook.com\\\/Radiio-Ljubuski-1490835324566332\",\"https:\\\/\\\/x.com\\\/radioljubuski\",\"https:\\\/\\\/hr.linkedin.com\\\/company\\\/radio-ljubuski\",\"https:\\\/\\\/www.youtube.com\\\/channel\\\/UCHYaeO_n0Db3tjNGudGpXyw\"]},{\"@type\":\"Person\",\"@id\":\"https:\\\/\\\/radioljubuski.ba\\\/#\\\/schema\\\/person\\\/19fc700381a780f69665d7956c469e3b\",\"name\":\"Radio Ljubu\u0161ki\"}]}<\/script>\n<!-- \/ Yoast SEO plugin. -->","yoast_head_json":{"title":"\u0160ostar: Gu\u017eva na Velesajmu zbog tri razloga - RADIO LJUBU\u0160KI","robots":{"index":"index","follow":"follow","max-snippet":"max-snippet:-1","max-image-preview":"max-image-preview:large","max-video-preview":"max-video-preview:-1"},"canonical":"https:\/\/radioljubuski.ba\/index.php\/2021\/04\/20\/sostar-guzva-na-velesajmu-zbog-tri-razloga\/","og_locale":"hr_HR","og_type":"article","og_title":"\u0160ostar: Gu\u017eva na Velesajmu zbog tri razloga - RADIO LJUBU\u0160KI","og_description":"Na punktu za masovno cijepljenje na zagreba\u010dkom Velesajmu okupio se veliki broj gra\u0111ana. Tri su razloga zbog \u010dega se stvara gu\u017eva, rekao je za HRT-ov portal Zvonimir \u0160ostar, ravnatelj Nastavnog zavoda za javno zdravstvo (NZZJZ) &#8220;Dr. Andrija \u0160tampar&#8221;.&nbsp; Iz NZZJZ-a su potom uputili priop\u0107enje gra\u0111anima u kojemu ih mole da ne dolaze na cijepljenje ako [&hellip;]","og_url":"https:\/\/radioljubuski.ba\/index.php\/2021\/04\/20\/sostar-guzva-na-velesajmu-zbog-tri-razloga\/","og_site_name":"RADIO LJUBU\u0160KI","article_publisher":"https:\/\/www.facebook.com\/Radiio-Ljubuski-1490835324566332","article_published_time":"2021-04-20T11:50:24+00:00","og_image":[{"width":646,"height":359,"url":"https:\/\/radioljubuski.ba\/wp-content\/uploads\/2021\/04\/33-31.png","type":"image\/png"}],"author":"Radio Ljubu\u0161ki","twitter_card":"summary_large_image","twitter_creator":"@radioljubuski","twitter_site":"@radioljubuski","twitter_misc":{"Napisao\/la":"Radio Ljubu\u0161ki","Procijenjeno vrijeme \u010ditanja":"3 minute"},"schema":{"@context":"https:\/\/schema.org","@graph":[{"@type":"Article","@id":"https:\/\/radioljubuski.ba\/index.php\/2021\/04\/20\/sostar-guzva-na-velesajmu-zbog-tri-razloga\/#article","isPartOf":{"@id":"https:\/\/radioljubuski.ba\/index.php\/2021\/04\/20\/sostar-guzva-na-velesajmu-zbog-tri-razloga\/"},"author":{"name":"Radio Ljubu\u0161ki","@id":"https:\/\/radioljubuski.ba\/#\/schema\/person\/19fc700381a780f69665d7956c469e3b"},"headline":"\u0160ostar: Gu\u017eva na Velesajmu zbog tri razloga","datePublished":"2021-04-20T11:50:24+00:00","mainEntityOfPage":{"@id":"https:\/\/radioljubuski.ba\/index.php\/2021\/04\/20\/sostar-guzva-na-velesajmu-zbog-tri-razloga\/"},"wordCount":730,"publisher":{"@id":"https:\/\/radioljubuski.ba\/#organization"},"image":{"@id":"https:\/\/radioljubuski.ba\/index.php\/2021\/04\/20\/sostar-guzva-na-velesajmu-zbog-tri-razloga\/#primaryimage"},"thumbnailUrl":"https:\/\/radioljubuski.ba\/wp-content\/uploads\/2021\/04\/33-31.png","articleSection":["BIH i regija"],"inLanguage":"hr"},{"@type":"WebPage","@id":"https:\/\/radioljubuski.ba\/index.php\/2021\/04\/20\/sostar-guzva-na-velesajmu-zbog-tri-razloga\/","url":"https:\/\/radioljubuski.ba\/index.php\/2021\/04\/20\/sostar-guzva-na-velesajmu-zbog-tri-razloga\/","name":"\u0160ostar: Gu\u017eva na Velesajmu zbog tri razloga - RADIO LJUBU\u0160KI","isPartOf":{"@id":"https:\/\/radioljubuski.ba\/#website"},"primaryImageOfPage":{"@id":"https:\/\/radioljubuski.ba\/index.php\/2021\/04\/20\/sostar-guzva-na-velesajmu-zbog-tri-razloga\/#primaryimage"},"image":{"@id":"https:\/\/radioljubuski.ba\/index.php\/2021\/04\/20\/sostar-guzva-na-velesajmu-zbog-tri-razloga\/#primaryimage"},"thumbnailUrl":"https:\/\/radioljubuski.ba\/wp-content\/uploads\/2021\/04\/33-31.png","datePublished":"2021-04-20T11:50:24+00:00","breadcrumb":{"@id":"https:\/\/radioljubuski.ba\/index.php\/2021\/04\/20\/sostar-guzva-na-velesajmu-zbog-tri-razloga\/#breadcrumb"},"inLanguage":"hr","potentialAction":[{"@type":"ReadAction","target":["https:\/\/radioljubuski.ba\/index.php\/2021\/04\/20\/sostar-guzva-na-velesajmu-zbog-tri-razloga\/"]}]},{"@type":"ImageObject","inLanguage":"hr","@id":"https:\/\/radioljubuski.ba\/index.php\/2021\/04\/20\/sostar-guzva-na-velesajmu-zbog-tri-razloga\/#primaryimage","url":"https:\/\/radioljubuski.ba\/wp-content\/uploads\/2021\/04\/33-31.png","contentUrl":"https:\/\/radioljubuski.ba\/wp-content\/uploads\/2021\/04\/33-31.png","width":646,"height":359},{"@type":"BreadcrumbList","@id":"https:\/\/radioljubuski.ba\/index.php\/2021\/04\/20\/sostar-guzva-na-velesajmu-zbog-tri-razloga\/#breadcrumb","itemListElement":[{"@type":"ListItem","position":1,"name":"Po\u010detna stranica","item":"https:\/\/radioljubuski.ba\/"},{"@type":"ListItem","position":2,"name":"\u0160ostar: Gu\u017eva na Velesajmu zbog tri razloga"}]},{"@type":"WebSite","@id":"https:\/\/radioljubuski.ba\/#website","url":"https:\/\/radioljubuski.ba\/","name":"Radio Ljubu\u0161ki","description":"Sun\u010dana frekvencija Hercegovine","publisher":{"@id":"https:\/\/radioljubuski.ba\/#organization"},"potentialAction":[{"@type":"SearchAction","target":{"@type":"EntryPoint","urlTemplate":"https:\/\/radioljubuski.ba\/?s={search_term_string}"},"query-input":{"@type":"PropertyValueSpecification","valueRequired":true,"valueName":"search_term_string"}}],"inLanguage":"hr"},{"@type":"Organization","@id":"https:\/\/radioljubuski.ba\/#organization","name":"Radio Ljubu\u0161ki","url":"https:\/\/radioljubuski.ba\/","logo":{"@type":"ImageObject","inLanguage":"hr","@id":"https:\/\/radioljubuski.ba\/#\/schema\/logo\/image\/","url":"https:\/\/radioljubuski.ba\/wp-content\/uploads\/2021\/02\/cropped-Radio_Ljubuski_logo1.jpg","contentUrl":"https:\/\/radioljubuski.ba\/wp-content\/uploads\/2021\/02\/cropped-Radio_Ljubuski_logo1.jpg","width":512,"height":512,"caption":"Radio Ljubu\u0161ki"},"image":{"@id":"https:\/\/radioljubuski.ba\/#\/schema\/logo\/image\/"},"sameAs":["https:\/\/www.facebook.com\/Radiio-Ljubuski-1490835324566332","https:\/\/x.com\/radioljubuski","https:\/\/hr.linkedin.com\/company\/radio-ljubuski","https:\/\/www.youtube.com\/channel\/UCHYaeO_n0Db3tjNGudGpXyw"]},{"@type":"Person","@id":"https:\/\/radioljubuski.ba\/#\/schema\/person\/19fc700381a780f69665d7956c469e3b","name":"Radio Ljubu\u0161ki"}]}},"_links":{"self":[{"href":"https:\/\/radioljubuski.ba\/index.php\/wp-json\/wp\/v2\/posts\/14743","targetHints":{"allow":["GET"]}}],"collection":[{"href":"https:\/\/radioljubuski.ba\/index.php\/wp-json\/wp\/v2\/posts"}],"about":[{"href":"https:\/\/radioljubuski.ba\/index.php\/wp-json\/wp\/v2\/types\/post"}],"author":[{"embeddable":true,"href":"https:\/\/radioljubuski.ba\/index.php\/wp-json\/wp\/v2\/users\/2"}],"replies":[{"embeddable":true,"href":"https:\/\/radioljubuski.ba\/index.php\/wp-json\/wp\/v2\/comments?post=14743"}],"version-history":[{"count":1,"href":"https:\/\/radioljubuski.ba\/index.php\/wp-json\/wp\/v2\/posts\/14743\/revisions"}],"predecessor-version":[{"id":14748,"href":"https:\/\/radioljubuski.ba\/index.php\/wp-json\/wp\/v2\/posts\/14743\/revisions\/14748"}],"wp:featuredmedia":[{"embeddable":true,"href":"https:\/\/radioljubuski.ba\/index.php\/wp-json\/wp\/v2\/media\/14747"}],"wp:attachment":[{"href":"https:\/\/radioljubuski.ba\/index.php\/wp-json\/wp\/v2\/media?parent=14743"}],"wp:term":[{"taxonomy":"category","embeddable":true,"href":"https:\/\/radioljubuski.ba\/index.php\/wp-json\/wp\/v2\/categories?post=14743"},{"taxonomy":"post_tag","embeddable":true,"href":"https:\/\/radioljubuski.ba\/index.php\/wp-json\/wp\/v2\/tags?post=14743"}],"curies":[{"name":"wp","href":"https:\/\/api.w.org\/{rel}","templated":true}]}}