{"id":14787,"date":"2021-04-20T19:42:46","date_gmt":"2021-04-20T18:42:46","guid":{"rendered":"https:\/\/radioljubuski.ba\/?p=14787"},"modified":"2021-04-20T19:42:46","modified_gmt":"2021-04-20T18:42:46","slug":"biden-porucio-da-je-za-uzajamno-priznanje-srbije-i-kosova","status":"publish","type":"post","link":"https:\/\/radioljubuski.ba\/index.php\/2021\/04\/20\/biden-porucio-da-je-za-uzajamno-priznanje-srbije-i-kosova\/","title":{"rendered":"Biden poru\u010dio da je za uzajamno priznanje Srbije i Kosova"},"content":{"rendered":"\n<p>Predsjednik SAD-a Joe Biden poru\u010dio je da se zala\u017ee za uzajamno priznanje Srbije i Kosova, dodaju\u0107i da \u0107e Washington nastaviti podupirati napore za osiguranje trajnog mira me\u0111u njima.<\/p>\n\n\n\n<p>Washington &#8220;\u0107e nastaviti podupirati napore kako bi se postigao trajni mir kroz produktivni dijalog izme\u0111u Srbije i Kosova i kona\u010dno sporazum o normalizaciji&#8221; koji se treba &#8220;temeljiti na uzajamnom priznanju&#8221;, pi\u0161e ameri\u010dki predsjednik u \u010destitki novoj predsjednici Kosova Vjosi Osmani, koju su objavili kosovski mediji.<\/p>\n\n\n\n<p>On je istaknuo da je za Kosovo &#8220;od temeljne va\u017enosti normalizacija odnosa sa Srbijom&#8221; jer tako Kosovo mo\u017ee &#8220;ostvariti svoje potencijale i u potpunosti se integrirati u euroatlantske institucije&#8221;, poru\u010dio je Biden.<\/p>\n\n\n\n<p>SAD \u0107e, kako je rekao, ustrajno podr\u017eavati Kosovo. &#8220;Znam da \u0107e postizanje tog cilja zahtijevati fleksibilnost i te\u0161ke kompromise na tom putu, a Sjedinjene Dr\u017eave bit \u0107e vam partner na svakom koraku&#8221;, istaknuo je Biden.<\/p>\n\n\n\n<p>Opisuju\u0107i odnose Kosova i SAD-a, Biden je ocijenio da je rije\u010d o &#8220;partnerstvu ukorijenjenom u zajedni\u010dkim vrijednostima&#8221;.<\/p>\n\n\n\n<p>Ameri\u010dki \u0161ef dr\u017eave poru\u010dio je da \u0107e s Osmani raditi na prioritetnim pitanjima vezanim za ja\u010danje vladavine zakona, borbu protiv korupcije, za\u0161titu prava manjina i vjerskih zajednica te na oporavku od posljedica pandemije covida-19, kao i na ekonomskom razvoju i osiguranju odr\u017eive energetske budu\u0107nosti.<\/p>\n\n\n\n<p>Odgovor na pandemiju<\/p>\n\n\n\n<p>Biden je, kako prenosi portal Kossev, potvrdio da mu je Osmani pisala jo\u0161 19. o\u017eujka da su Kosovu potrebna cjepiva.<\/p>\n\n\n\n<p>Poru\u010dio je da njegova administracija sura\u0111uje &#8220;s bilateralnim i multilateralnim partnerima kako bi odgovorila na pandemiju&#8221; te da su SAD dale po\u010detnih \u010detiri milijarde dolara doprinosa za potporu programu COVAX za opskrbu &#8220;sigurnim i efikasnim cjepivima&#8221; za potrebite zemlje.<\/p>\n\n\n\n<p>S pove\u0107anjem broja proizvedenih cjepiva SAD \u0107e s partnerima raditi na njihovoj distribuciji, gdje \u0107e biti u kontaktu i s predsjednicom Kosova.<\/p>\n\n\n\n<p>Kosovski mediji podsje\u0107aju da je Osmani, osim Bidenova pisma, dobila i \u010destitku francuskog predsjednika Emmanuela Macrona koji je poru\u010dio da \u0107e Francuska podr\u017eati Kosovo &#8220;u temeljnim reformama&#8221; i nastavku dijaloga u Bruxellesu koji bi vodio \u201esveobuhvatnom sporazumu\u201c.<\/p>\n\n\n\n<p>Portal Kossev nagla\u0161ava da je Biden pisao Osmani i u velja\u010di, u povodu 13. obljetnice samoprogla\u0161enja neovisnosti, a istog mjeseca i predsjedniku Srbije Aleksandru Vu\u010di\u0107u \u010destitaju\u0107i mu Dan dr\u017eavnosti.<\/p>\n\n\n\n<p>&#8220;U oba pisma pozvao je na postizanje sveobuhvatnog sporazuma koji bi trebao rezultirati uzajamnim priznanjem&#8221;, objavio je portal.<\/p>\n\n\n\n<p>Kosovski parlament potvrdio je 38-godi\u0161nju profesoricu prava i kandidatkinju vladaju\u0107e stranke Vet\u00ebvendosje Vjosu Osmani za novu predsjednicu Kosova 4. travnja.<\/p>\n\n\n\n<p>Izvor:pogled.ba<\/p>\n","protected":false},"excerpt":{"rendered":"<p>Predsjednik SAD-a Joe Biden poru\u010dio je da se zala\u017ee za uzajamno priznanje Srbije i Kosova, dodaju\u0107i da \u0107e Washington nastaviti podupirati napore za osiguranje trajnog mira me\u0111u njima. Washington &#8220;\u0107e nastaviti podupirati napore kako bi se postigao trajni mir kroz produktivni dijalog izme\u0111u Srbije i Kosova i kona\u010dno sporazum o normalizaciji&#8221; koji se treba &#8220;temeljiti [&hellip;]<\/p>\n","protected":false},"author":2,"featured_media":14788,"comment_status":"closed","ping_status":"closed","sticky":false,"template":"","format":"standard","meta":{"h5ap_radio_sources":[],"footnotes":""},"categories":[1],"tags":[],"class_list":["post-14787","post","type-post","status-publish","format-standard","has-post-thumbnail","hentry","category-bihiregija"],"yoast_head":"<!-- This site is optimized with the Yoast SEO plugin v27.5 - https:\/\/yoast.com\/product\/yoast-seo-wordpress\/ -->\n<title>Biden poru\u010dio da je za uzajamno priznanje Srbije i Kosova - RADIO LJUBU\u0160KI<\/title>\n<meta name=\"robots\" content=\"index, follow, max-snippet:-1, max-image-preview:large, max-video-preview:-1\" \/>\n<link rel=\"canonical\" href=\"https:\/\/radioljubuski.ba\/index.php\/2021\/04\/20\/biden-porucio-da-je-za-uzajamno-priznanje-srbije-i-kosova\/\" \/>\n<meta property=\"og:locale\" content=\"hr_HR\" \/>\n<meta property=\"og:type\" content=\"article\" \/>\n<meta property=\"og:title\" content=\"Biden poru\u010dio da je za uzajamno priznanje Srbije i Kosova - RADIO LJUBU\u0160KI\" \/>\n<meta property=\"og:description\" content=\"Predsjednik SAD-a Joe Biden poru\u010dio je da se zala\u017ee za uzajamno priznanje Srbije i Kosova, dodaju\u0107i da \u0107e Washington nastaviti podupirati napore za osiguranje trajnog mira me\u0111u njima. Washington &#8220;\u0107e nastaviti podupirati napore kako bi se postigao trajni mir kroz produktivni dijalog izme\u0111u Srbije i Kosova i kona\u010dno sporazum o normalizaciji&#8221; koji se treba &#8220;temeljiti [&hellip;]\" \/>\n<meta property=\"og:url\" content=\"https:\/\/radioljubuski.ba\/index.php\/2021\/04\/20\/biden-porucio-da-je-za-uzajamno-priznanje-srbije-i-kosova\/\" \/>\n<meta property=\"og:site_name\" content=\"RADIO LJUBU\u0160KI\" \/>\n<meta property=\"article:publisher\" content=\"https:\/\/www.facebook.com\/Radiio-Ljubuski-1490835324566332\" \/>\n<meta property=\"article:published_time\" content=\"2021-04-20T18:42:46+00:00\" \/>\n<meta property=\"og:image\" content=\"https:\/\/radioljubuski.ba\/wp-content\/uploads\/2021\/04\/9-2021-04-20-20-28-52-biden34.jpg\" \/>\n\t<meta property=\"og:image:width\" content=\"1000\" \/>\n\t<meta property=\"og:image:height\" content=\"625\" \/>\n\t<meta property=\"og:image:type\" content=\"image\/jpeg\" \/>\n<meta name=\"author\" content=\"Radio Ljubu\u0161ki\" \/>\n<meta name=\"twitter:card\" content=\"summary_large_image\" \/>\n<meta name=\"twitter:creator\" content=\"@radioljubuski\" \/>\n<meta name=\"twitter:site\" content=\"@radioljubuski\" \/>\n<meta name=\"twitter:label1\" content=\"Napisao\/la\" \/>\n\t<meta name=\"twitter:data1\" content=\"Radio Ljubu\u0161ki\" \/>\n\t<meta name=\"twitter:label2\" content=\"Procijenjeno vrijeme \u010ditanja\" \/>\n\t<meta name=\"twitter:data2\" content=\"2 minute\" \/>\n<script type=\"application\/ld+json\" class=\"yoast-schema-graph\">{\"@context\":\"https:\\\/\\\/schema.org\",\"@graph\":[{\"@type\":\"Article\",\"@id\":\"https:\\\/\\\/radioljubuski.ba\\\/index.php\\\/2021\\\/04\\\/20\\\/biden-porucio-da-je-za-uzajamno-priznanje-srbije-i-kosova\\\/#article\",\"isPartOf\":{\"@id\":\"https:\\\/\\\/radioljubuski.ba\\\/index.php\\\/2021\\\/04\\\/20\\\/biden-porucio-da-je-za-uzajamno-priznanje-srbije-i-kosova\\\/\"},\"author\":{\"name\":\"Radio Ljubu\u0161ki\",\"@id\":\"https:\\\/\\\/radioljubuski.ba\\\/#\\\/schema\\\/person\\\/19fc700381a780f69665d7956c469e3b\"},\"headline\":\"Biden poru\u010dio da je za uzajamno priznanje Srbije i Kosova\",\"datePublished\":\"2021-04-20T18:42:46+00:00\",\"mainEntityOfPage\":{\"@id\":\"https:\\\/\\\/radioljubuski.ba\\\/index.php\\\/2021\\\/04\\\/20\\\/biden-porucio-da-je-za-uzajamno-priznanje-srbije-i-kosova\\\/\"},\"wordCount\":441,\"publisher\":{\"@id\":\"https:\\\/\\\/radioljubuski.ba\\\/#organization\"},\"image\":{\"@id\":\"https:\\\/\\\/radioljubuski.ba\\\/index.php\\\/2021\\\/04\\\/20\\\/biden-porucio-da-je-za-uzajamno-priznanje-srbije-i-kosova\\\/#primaryimage\"},\"thumbnailUrl\":\"https:\\\/\\\/radioljubuski.ba\\\/wp-content\\\/uploads\\\/2021\\\/04\\\/9-2021-04-20-20-28-52-biden34.jpg\",\"articleSection\":[\"BIH i regija\"],\"inLanguage\":\"hr\"},{\"@type\":\"WebPage\",\"@id\":\"https:\\\/\\\/radioljubuski.ba\\\/index.php\\\/2021\\\/04\\\/20\\\/biden-porucio-da-je-za-uzajamno-priznanje-srbije-i-kosova\\\/\",\"url\":\"https:\\\/\\\/radioljubuski.ba\\\/index.php\\\/2021\\\/04\\\/20\\\/biden-porucio-da-je-za-uzajamno-priznanje-srbije-i-kosova\\\/\",\"name\":\"Biden poru\u010dio da je za uzajamno priznanje Srbije i Kosova - RADIO LJUBU\u0160KI\",\"isPartOf\":{\"@id\":\"https:\\\/\\\/radioljubuski.ba\\\/#website\"},\"primaryImageOfPage\":{\"@id\":\"https:\\\/\\\/radioljubuski.ba\\\/index.php\\\/2021\\\/04\\\/20\\\/biden-porucio-da-je-za-uzajamno-priznanje-srbije-i-kosova\\\/#primaryimage\"},\"image\":{\"@id\":\"https:\\\/\\\/radioljubuski.ba\\\/index.php\\\/2021\\\/04\\\/20\\\/biden-porucio-da-je-za-uzajamno-priznanje-srbije-i-kosova\\\/#primaryimage\"},\"thumbnailUrl\":\"https:\\\/\\\/radioljubuski.ba\\\/wp-content\\\/uploads\\\/2021\\\/04\\\/9-2021-04-20-20-28-52-biden34.jpg\",\"datePublished\":\"2021-04-20T18:42:46+00:00\",\"breadcrumb\":{\"@id\":\"https:\\\/\\\/radioljubuski.ba\\\/index.php\\\/2021\\\/04\\\/20\\\/biden-porucio-da-je-za-uzajamno-priznanje-srbije-i-kosova\\\/#breadcrumb\"},\"inLanguage\":\"hr\",\"potentialAction\":[{\"@type\":\"ReadAction\",\"target\":[\"https:\\\/\\\/radioljubuski.ba\\\/index.php\\\/2021\\\/04\\\/20\\\/biden-porucio-da-je-za-uzajamno-priznanje-srbije-i-kosova\\\/\"]}]},{\"@type\":\"ImageObject\",\"inLanguage\":\"hr\",\"@id\":\"https:\\\/\\\/radioljubuski.ba\\\/index.php\\\/2021\\\/04\\\/20\\\/biden-porucio-da-je-za-uzajamno-priznanje-srbije-i-kosova\\\/#primaryimage\",\"url\":\"https:\\\/\\\/radioljubuski.ba\\\/wp-content\\\/uploads\\\/2021\\\/04\\\/9-2021-04-20-20-28-52-biden34.jpg\",\"contentUrl\":\"https:\\\/\\\/radioljubuski.ba\\\/wp-content\\\/uploads\\\/2021\\\/04\\\/9-2021-04-20-20-28-52-biden34.jpg\",\"width\":1000,\"height\":625},{\"@type\":\"BreadcrumbList\",\"@id\":\"https:\\\/\\\/radioljubuski.ba\\\/index.php\\\/2021\\\/04\\\/20\\\/biden-porucio-da-je-za-uzajamno-priznanje-srbije-i-kosova\\\/#breadcrumb\",\"itemListElement\":[{\"@type\":\"ListItem\",\"position\":1,\"name\":\"Po\u010detna stranica\",\"item\":\"https:\\\/\\\/radioljubuski.ba\\\/\"},{\"@type\":\"ListItem\",\"position\":2,\"name\":\"Biden poru\u010dio da je za uzajamno priznanje Srbije i Kosova\"}]},{\"@type\":\"WebSite\",\"@id\":\"https:\\\/\\\/radioljubuski.ba\\\/#website\",\"url\":\"https:\\\/\\\/radioljubuski.ba\\\/\",\"name\":\"Radio Ljubu\u0161ki\",\"description\":\"Sun\u010dana frekvencija Hercegovine\",\"publisher\":{\"@id\":\"https:\\\/\\\/radioljubuski.ba\\\/#organization\"},\"potentialAction\":[{\"@type\":\"SearchAction\",\"target\":{\"@type\":\"EntryPoint\",\"urlTemplate\":\"https:\\\/\\\/radioljubuski.ba\\\/?s={search_term_string}\"},\"query-input\":{\"@type\":\"PropertyValueSpecification\",\"valueRequired\":true,\"valueName\":\"search_term_string\"}}],\"inLanguage\":\"hr\"},{\"@type\":\"Organization\",\"@id\":\"https:\\\/\\\/radioljubuski.ba\\\/#organization\",\"name\":\"Radio Ljubu\u0161ki\",\"url\":\"https:\\\/\\\/radioljubuski.ba\\\/\",\"logo\":{\"@type\":\"ImageObject\",\"inLanguage\":\"hr\",\"@id\":\"https:\\\/\\\/radioljubuski.ba\\\/#\\\/schema\\\/logo\\\/image\\\/\",\"url\":\"https:\\\/\\\/radioljubuski.ba\\\/wp-content\\\/uploads\\\/2021\\\/02\\\/cropped-Radio_Ljubuski_logo1.jpg\",\"contentUrl\":\"https:\\\/\\\/radioljubuski.ba\\\/wp-content\\\/uploads\\\/2021\\\/02\\\/cropped-Radio_Ljubuski_logo1.jpg\",\"width\":512,\"height\":512,\"caption\":\"Radio Ljubu\u0161ki\"},\"image\":{\"@id\":\"https:\\\/\\\/radioljubuski.ba\\\/#\\\/schema\\\/logo\\\/image\\\/\"},\"sameAs\":[\"https:\\\/\\\/www.facebook.com\\\/Radiio-Ljubuski-1490835324566332\",\"https:\\\/\\\/x.com\\\/radioljubuski\",\"https:\\\/\\\/hr.linkedin.com\\\/company\\\/radio-ljubuski\",\"https:\\\/\\\/www.youtube.com\\\/channel\\\/UCHYaeO_n0Db3tjNGudGpXyw\"]},{\"@type\":\"Person\",\"@id\":\"https:\\\/\\\/radioljubuski.ba\\\/#\\\/schema\\\/person\\\/19fc700381a780f69665d7956c469e3b\",\"name\":\"Radio Ljubu\u0161ki\"}]}<\/script>\n<!-- \/ Yoast SEO plugin. -->","yoast_head_json":{"title":"Biden poru\u010dio da je za uzajamno priznanje Srbije i Kosova - RADIO LJUBU\u0160KI","robots":{"index":"index","follow":"follow","max-snippet":"max-snippet:-1","max-image-preview":"max-image-preview:large","max-video-preview":"max-video-preview:-1"},"canonical":"https:\/\/radioljubuski.ba\/index.php\/2021\/04\/20\/biden-porucio-da-je-za-uzajamno-priznanje-srbije-i-kosova\/","og_locale":"hr_HR","og_type":"article","og_title":"Biden poru\u010dio da je za uzajamno priznanje Srbije i Kosova - RADIO LJUBU\u0160KI","og_description":"Predsjednik SAD-a Joe Biden poru\u010dio je da se zala\u017ee za uzajamno priznanje Srbije i Kosova, dodaju\u0107i da \u0107e Washington nastaviti podupirati napore za osiguranje trajnog mira me\u0111u njima. Washington &#8220;\u0107e nastaviti podupirati napore kako bi se postigao trajni mir kroz produktivni dijalog izme\u0111u Srbije i Kosova i kona\u010dno sporazum o normalizaciji&#8221; koji se treba &#8220;temeljiti [&hellip;]","og_url":"https:\/\/radioljubuski.ba\/index.php\/2021\/04\/20\/biden-porucio-da-je-za-uzajamno-priznanje-srbije-i-kosova\/","og_site_name":"RADIO LJUBU\u0160KI","article_publisher":"https:\/\/www.facebook.com\/Radiio-Ljubuski-1490835324566332","article_published_time":"2021-04-20T18:42:46+00:00","og_image":[{"width":1000,"height":625,"url":"https:\/\/radioljubuski.ba\/wp-content\/uploads\/2021\/04\/9-2021-04-20-20-28-52-biden34.jpg","type":"image\/jpeg"}],"author":"Radio Ljubu\u0161ki","twitter_card":"summary_large_image","twitter_creator":"@radioljubuski","twitter_site":"@radioljubuski","twitter_misc":{"Napisao\/la":"Radio Ljubu\u0161ki","Procijenjeno vrijeme \u010ditanja":"2 minute"},"schema":{"@context":"https:\/\/schema.org","@graph":[{"@type":"Article","@id":"https:\/\/radioljubuski.ba\/index.php\/2021\/04\/20\/biden-porucio-da-je-za-uzajamno-priznanje-srbije-i-kosova\/#article","isPartOf":{"@id":"https:\/\/radioljubuski.ba\/index.php\/2021\/04\/20\/biden-porucio-da-je-za-uzajamno-priznanje-srbije-i-kosova\/"},"author":{"name":"Radio Ljubu\u0161ki","@id":"https:\/\/radioljubuski.ba\/#\/schema\/person\/19fc700381a780f69665d7956c469e3b"},"headline":"Biden poru\u010dio da je za uzajamno priznanje Srbije i Kosova","datePublished":"2021-04-20T18:42:46+00:00","mainEntityOfPage":{"@id":"https:\/\/radioljubuski.ba\/index.php\/2021\/04\/20\/biden-porucio-da-je-za-uzajamno-priznanje-srbije-i-kosova\/"},"wordCount":441,"publisher":{"@id":"https:\/\/radioljubuski.ba\/#organization"},"image":{"@id":"https:\/\/radioljubuski.ba\/index.php\/2021\/04\/20\/biden-porucio-da-je-za-uzajamno-priznanje-srbije-i-kosova\/#primaryimage"},"thumbnailUrl":"https:\/\/radioljubuski.ba\/wp-content\/uploads\/2021\/04\/9-2021-04-20-20-28-52-biden34.jpg","articleSection":["BIH i regija"],"inLanguage":"hr"},{"@type":"WebPage","@id":"https:\/\/radioljubuski.ba\/index.php\/2021\/04\/20\/biden-porucio-da-je-za-uzajamno-priznanje-srbije-i-kosova\/","url":"https:\/\/radioljubuski.ba\/index.php\/2021\/04\/20\/biden-porucio-da-je-za-uzajamno-priznanje-srbije-i-kosova\/","name":"Biden poru\u010dio da je za uzajamno priznanje Srbije i Kosova - RADIO LJUBU\u0160KI","isPartOf":{"@id":"https:\/\/radioljubuski.ba\/#website"},"primaryImageOfPage":{"@id":"https:\/\/radioljubuski.ba\/index.php\/2021\/04\/20\/biden-porucio-da-je-za-uzajamno-priznanje-srbije-i-kosova\/#primaryimage"},"image":{"@id":"https:\/\/radioljubuski.ba\/index.php\/2021\/04\/20\/biden-porucio-da-je-za-uzajamno-priznanje-srbije-i-kosova\/#primaryimage"},"thumbnailUrl":"https:\/\/radioljubuski.ba\/wp-content\/uploads\/2021\/04\/9-2021-04-20-20-28-52-biden34.jpg","datePublished":"2021-04-20T18:42:46+00:00","breadcrumb":{"@id":"https:\/\/radioljubuski.ba\/index.php\/2021\/04\/20\/biden-porucio-da-je-za-uzajamno-priznanje-srbije-i-kosova\/#breadcrumb"},"inLanguage":"hr","potentialAction":[{"@type":"ReadAction","target":["https:\/\/radioljubuski.ba\/index.php\/2021\/04\/20\/biden-porucio-da-je-za-uzajamno-priznanje-srbije-i-kosova\/"]}]},{"@type":"ImageObject","inLanguage":"hr","@id":"https:\/\/radioljubuski.ba\/index.php\/2021\/04\/20\/biden-porucio-da-je-za-uzajamno-priznanje-srbije-i-kosova\/#primaryimage","url":"https:\/\/radioljubuski.ba\/wp-content\/uploads\/2021\/04\/9-2021-04-20-20-28-52-biden34.jpg","contentUrl":"https:\/\/radioljubuski.ba\/wp-content\/uploads\/2021\/04\/9-2021-04-20-20-28-52-biden34.jpg","width":1000,"height":625},{"@type":"BreadcrumbList","@id":"https:\/\/radioljubuski.ba\/index.php\/2021\/04\/20\/biden-porucio-da-je-za-uzajamno-priznanje-srbije-i-kosova\/#breadcrumb","itemListElement":[{"@type":"ListItem","position":1,"name":"Po\u010detna stranica","item":"https:\/\/radioljubuski.ba\/"},{"@type":"ListItem","position":2,"name":"Biden poru\u010dio da je za uzajamno priznanje Srbije i Kosova"}]},{"@type":"WebSite","@id":"https:\/\/radioljubuski.ba\/#website","url":"https:\/\/radioljubuski.ba\/","name":"Radio Ljubu\u0161ki","description":"Sun\u010dana frekvencija Hercegovine","publisher":{"@id":"https:\/\/radioljubuski.ba\/#organization"},"potentialAction":[{"@type":"SearchAction","target":{"@type":"EntryPoint","urlTemplate":"https:\/\/radioljubuski.ba\/?s={search_term_string}"},"query-input":{"@type":"PropertyValueSpecification","valueRequired":true,"valueName":"search_term_string"}}],"inLanguage":"hr"},{"@type":"Organization","@id":"https:\/\/radioljubuski.ba\/#organization","name":"Radio Ljubu\u0161ki","url":"https:\/\/radioljubuski.ba\/","logo":{"@type":"ImageObject","inLanguage":"hr","@id":"https:\/\/radioljubuski.ba\/#\/schema\/logo\/image\/","url":"https:\/\/radioljubuski.ba\/wp-content\/uploads\/2021\/02\/cropped-Radio_Ljubuski_logo1.jpg","contentUrl":"https:\/\/radioljubuski.ba\/wp-content\/uploads\/2021\/02\/cropped-Radio_Ljubuski_logo1.jpg","width":512,"height":512,"caption":"Radio Ljubu\u0161ki"},"image":{"@id":"https:\/\/radioljubuski.ba\/#\/schema\/logo\/image\/"},"sameAs":["https:\/\/www.facebook.com\/Radiio-Ljubuski-1490835324566332","https:\/\/x.com\/radioljubuski","https:\/\/hr.linkedin.com\/company\/radio-ljubuski","https:\/\/www.youtube.com\/channel\/UCHYaeO_n0Db3tjNGudGpXyw"]},{"@type":"Person","@id":"https:\/\/radioljubuski.ba\/#\/schema\/person\/19fc700381a780f69665d7956c469e3b","name":"Radio Ljubu\u0161ki"}]}},"_links":{"self":[{"href":"https:\/\/radioljubuski.ba\/index.php\/wp-json\/wp\/v2\/posts\/14787","targetHints":{"allow":["GET"]}}],"collection":[{"href":"https:\/\/radioljubuski.ba\/index.php\/wp-json\/wp\/v2\/posts"}],"about":[{"href":"https:\/\/radioljubuski.ba\/index.php\/wp-json\/wp\/v2\/types\/post"}],"author":[{"embeddable":true,"href":"https:\/\/radioljubuski.ba\/index.php\/wp-json\/wp\/v2\/users\/2"}],"replies":[{"embeddable":true,"href":"https:\/\/radioljubuski.ba\/index.php\/wp-json\/wp\/v2\/comments?post=14787"}],"version-history":[{"count":1,"href":"https:\/\/radioljubuski.ba\/index.php\/wp-json\/wp\/v2\/posts\/14787\/revisions"}],"predecessor-version":[{"id":14789,"href":"https:\/\/radioljubuski.ba\/index.php\/wp-json\/wp\/v2\/posts\/14787\/revisions\/14789"}],"wp:featuredmedia":[{"embeddable":true,"href":"https:\/\/radioljubuski.ba\/index.php\/wp-json\/wp\/v2\/media\/14788"}],"wp:attachment":[{"href":"https:\/\/radioljubuski.ba\/index.php\/wp-json\/wp\/v2\/media?parent=14787"}],"wp:term":[{"taxonomy":"category","embeddable":true,"href":"https:\/\/radioljubuski.ba\/index.php\/wp-json\/wp\/v2\/categories?post=14787"},{"taxonomy":"post_tag","embeddable":true,"href":"https:\/\/radioljubuski.ba\/index.php\/wp-json\/wp\/v2\/tags?post=14787"}],"curies":[{"name":"wp","href":"https:\/\/api.w.org\/{rel}","templated":true}]}}