{"id":14796,"date":"2021-04-20T19:46:26","date_gmt":"2021-04-20T18:46:26","guid":{"rendered":"https:\/\/radioljubuski.ba\/?p=14796"},"modified":"2021-04-20T19:46:27","modified_gmt":"2021-04-20T18:46:27","slug":"opcina-grude-za-sanaciju-procistaca-izdvaja-pola-milijuna-km","status":"publish","type":"post","link":"https:\/\/radioljubuski.ba\/index.php\/2021\/04\/20\/opcina-grude-za-sanaciju-procistaca-izdvaja-pola-milijuna-km\/","title":{"rendered":"Op\u0107ina Grude za sanaciju pro\u010dista\u010da izdvaja pola milijuna KM"},"content":{"rendered":"\n<p>Op\u0107ina Grude ulo\u017eit \u0107e pola milijuna KM u sanaciju pro\u010dista\u010da otpadnih voda. Obavijest o javnoj nabavi \u201cSanacija pro\u010dista\u010da otpadnih voda Faza II\u201d, objavljena je na slu\u017ebenoj internetskoj stranici Op\u0107ine Grude.<\/p>\n\n\n\n<p>Kako je navedeno tra\u017ei se izvo\u0111a\u010d za izvr\u0161enje gra\u0111evinskih radova na ure\u0111aju za obradu otpadnih voda.<\/p>\n\n\n\n<p>Navedeno je kako procijenjena ukupna vrijednost ugovora iznosi 500.000,00 bez PDV-a. Tako\u0111er je navedeno kako je rok trajanja ugovora ili rok izvr\u0161enja radova \u0161est mjeseci.<\/p>\n\n\n\n<p>Izvor:pogled.ba<\/p>\n","protected":false},"excerpt":{"rendered":"<p>Op\u0107ina Grude ulo\u017eit \u0107e pola milijuna KM u sanaciju pro\u010dista\u010da otpadnih voda. Obavijest o javnoj nabavi \u201cSanacija pro\u010dista\u010da otpadnih voda Faza II\u201d, objavljena je na slu\u017ebenoj internetskoj stranici Op\u0107ine Grude. Kako je navedeno tra\u017ei se izvo\u0111a\u010d za izvr\u0161enje gra\u0111evinskih radova na ure\u0111aju za obradu otpadnih voda. Navedeno je kako procijenjena ukupna vrijednost ugovora iznosi 500.000,00 [&hellip;]<\/p>\n","protected":false},"author":2,"featured_media":14797,"comment_status":"closed","ping_status":"closed","sticky":false,"template":"","format":"standard","meta":{"h5ap_radio_sources":[],"footnotes":""},"categories":[1],"tags":[],"class_list":["post-14796","post","type-post","status-publish","format-standard","has-post-thumbnail","hentry","category-bihiregija"],"yoast_head":"<!-- This site is optimized with the Yoast SEO plugin v27.5 - https:\/\/yoast.com\/product\/yoast-seo-wordpress\/ -->\n<title>Op\u0107ina Grude za sanaciju pro\u010dista\u010da izdvaja pola milijuna KM - RADIO LJUBU\u0160KI<\/title>\n<meta name=\"robots\" content=\"index, follow, max-snippet:-1, max-image-preview:large, max-video-preview:-1\" \/>\n<link rel=\"canonical\" href=\"https:\/\/radioljubuski.ba\/index.php\/2021\/04\/20\/opcina-grude-za-sanaciju-procistaca-izdvaja-pola-milijuna-km\/\" \/>\n<meta property=\"og:locale\" content=\"hr_HR\" \/>\n<meta property=\"og:type\" content=\"article\" \/>\n<meta property=\"og:title\" content=\"Op\u0107ina Grude za sanaciju pro\u010dista\u010da izdvaja pola milijuna KM - RADIO LJUBU\u0160KI\" \/>\n<meta property=\"og:description\" content=\"Op\u0107ina Grude ulo\u017eit \u0107e pola milijuna KM u sanaciju pro\u010dista\u010da otpadnih voda. Obavijest o javnoj nabavi \u201cSanacija pro\u010dista\u010da otpadnih voda Faza II\u201d, objavljena je na slu\u017ebenoj internetskoj stranici Op\u0107ine Grude. Kako je navedeno tra\u017ei se izvo\u0111a\u010d za izvr\u0161enje gra\u0111evinskih radova na ure\u0111aju za obradu otpadnih voda. Navedeno je kako procijenjena ukupna vrijednost ugovora iznosi 500.000,00 [&hellip;]\" \/>\n<meta property=\"og:url\" content=\"https:\/\/radioljubuski.ba\/index.php\/2021\/04\/20\/opcina-grude-za-sanaciju-procistaca-izdvaja-pola-milijuna-km\/\" \/>\n<meta property=\"og:site_name\" content=\"RADIO LJUBU\u0160KI\" \/>\n<meta property=\"article:publisher\" content=\"https:\/\/www.facebook.com\/Radiio-Ljubuski-1490835324566332\" \/>\n<meta property=\"article:published_time\" content=\"2021-04-20T18:46:26+00:00\" \/>\n<meta property=\"article:modified_time\" content=\"2021-04-20T18:46:27+00:00\" \/>\n<meta property=\"og:image\" content=\"https:\/\/radioljubuski.ba\/wp-content\/uploads\/2021\/04\/2-2021-04-18-11-59-57-grude.jpg\" \/>\n\t<meta property=\"og:image:width\" content=\"1000\" \/>\n\t<meta property=\"og:image:height\" content=\"625\" \/>\n\t<meta property=\"og:image:type\" content=\"image\/jpeg\" \/>\n<meta name=\"author\" content=\"Radio Ljubu\u0161ki\" \/>\n<meta name=\"twitter:card\" content=\"summary_large_image\" \/>\n<meta name=\"twitter:creator\" content=\"@radioljubuski\" \/>\n<meta name=\"twitter:site\" content=\"@radioljubuski\" \/>\n<meta name=\"twitter:label1\" content=\"Napisao\/la\" \/>\n\t<meta name=\"twitter:data1\" content=\"Radio Ljubu\u0161ki\" \/>\n\t<meta name=\"twitter:label2\" content=\"Procijenjeno vrijeme \u010ditanja\" \/>\n\t<meta name=\"twitter:data2\" content=\"1 minuta\" \/>\n<script type=\"application\/ld+json\" class=\"yoast-schema-graph\">{\"@context\":\"https:\\\/\\\/schema.org\",\"@graph\":[{\"@type\":\"Article\",\"@id\":\"https:\\\/\\\/radioljubuski.ba\\\/index.php\\\/2021\\\/04\\\/20\\\/opcina-grude-za-sanaciju-procistaca-izdvaja-pola-milijuna-km\\\/#article\",\"isPartOf\":{\"@id\":\"https:\\\/\\\/radioljubuski.ba\\\/index.php\\\/2021\\\/04\\\/20\\\/opcina-grude-za-sanaciju-procistaca-izdvaja-pola-milijuna-km\\\/\"},\"author\":{\"name\":\"Radio Ljubu\u0161ki\",\"@id\":\"https:\\\/\\\/radioljubuski.ba\\\/#\\\/schema\\\/person\\\/19fc700381a780f69665d7956c469e3b\"},\"headline\":\"Op\u0107ina Grude za sanaciju pro\u010dista\u010da izdvaja pola milijuna KM\",\"datePublished\":\"2021-04-20T18:46:26+00:00\",\"dateModified\":\"2021-04-20T18:46:27+00:00\",\"mainEntityOfPage\":{\"@id\":\"https:\\\/\\\/radioljubuski.ba\\\/index.php\\\/2021\\\/04\\\/20\\\/opcina-grude-za-sanaciju-procistaca-izdvaja-pola-milijuna-km\\\/\"},\"wordCount\":100,\"publisher\":{\"@id\":\"https:\\\/\\\/radioljubuski.ba\\\/#organization\"},\"image\":{\"@id\":\"https:\\\/\\\/radioljubuski.ba\\\/index.php\\\/2021\\\/04\\\/20\\\/opcina-grude-za-sanaciju-procistaca-izdvaja-pola-milijuna-km\\\/#primaryimage\"},\"thumbnailUrl\":\"https:\\\/\\\/radioljubuski.ba\\\/wp-content\\\/uploads\\\/2021\\\/04\\\/2-2021-04-18-11-59-57-grude.jpg\",\"articleSection\":[\"BIH i regija\"],\"inLanguage\":\"hr\"},{\"@type\":\"WebPage\",\"@id\":\"https:\\\/\\\/radioljubuski.ba\\\/index.php\\\/2021\\\/04\\\/20\\\/opcina-grude-za-sanaciju-procistaca-izdvaja-pola-milijuna-km\\\/\",\"url\":\"https:\\\/\\\/radioljubuski.ba\\\/index.php\\\/2021\\\/04\\\/20\\\/opcina-grude-za-sanaciju-procistaca-izdvaja-pola-milijuna-km\\\/\",\"name\":\"Op\u0107ina Grude za sanaciju pro\u010dista\u010da izdvaja pola milijuna KM - RADIO LJUBU\u0160KI\",\"isPartOf\":{\"@id\":\"https:\\\/\\\/radioljubuski.ba\\\/#website\"},\"primaryImageOfPage\":{\"@id\":\"https:\\\/\\\/radioljubuski.ba\\\/index.php\\\/2021\\\/04\\\/20\\\/opcina-grude-za-sanaciju-procistaca-izdvaja-pola-milijuna-km\\\/#primaryimage\"},\"image\":{\"@id\":\"https:\\\/\\\/radioljubuski.ba\\\/index.php\\\/2021\\\/04\\\/20\\\/opcina-grude-za-sanaciju-procistaca-izdvaja-pola-milijuna-km\\\/#primaryimage\"},\"thumbnailUrl\":\"https:\\\/\\\/radioljubuski.ba\\\/wp-content\\\/uploads\\\/2021\\\/04\\\/2-2021-04-18-11-59-57-grude.jpg\",\"datePublished\":\"2021-04-20T18:46:26+00:00\",\"dateModified\":\"2021-04-20T18:46:27+00:00\",\"breadcrumb\":{\"@id\":\"https:\\\/\\\/radioljubuski.ba\\\/index.php\\\/2021\\\/04\\\/20\\\/opcina-grude-za-sanaciju-procistaca-izdvaja-pola-milijuna-km\\\/#breadcrumb\"},\"inLanguage\":\"hr\",\"potentialAction\":[{\"@type\":\"ReadAction\",\"target\":[\"https:\\\/\\\/radioljubuski.ba\\\/index.php\\\/2021\\\/04\\\/20\\\/opcina-grude-za-sanaciju-procistaca-izdvaja-pola-milijuna-km\\\/\"]}]},{\"@type\":\"ImageObject\",\"inLanguage\":\"hr\",\"@id\":\"https:\\\/\\\/radioljubuski.ba\\\/index.php\\\/2021\\\/04\\\/20\\\/opcina-grude-za-sanaciju-procistaca-izdvaja-pola-milijuna-km\\\/#primaryimage\",\"url\":\"https:\\\/\\\/radioljubuski.ba\\\/wp-content\\\/uploads\\\/2021\\\/04\\\/2-2021-04-18-11-59-57-grude.jpg\",\"contentUrl\":\"https:\\\/\\\/radioljubuski.ba\\\/wp-content\\\/uploads\\\/2021\\\/04\\\/2-2021-04-18-11-59-57-grude.jpg\",\"width\":1000,\"height\":625},{\"@type\":\"BreadcrumbList\",\"@id\":\"https:\\\/\\\/radioljubuski.ba\\\/index.php\\\/2021\\\/04\\\/20\\\/opcina-grude-za-sanaciju-procistaca-izdvaja-pola-milijuna-km\\\/#breadcrumb\",\"itemListElement\":[{\"@type\":\"ListItem\",\"position\":1,\"name\":\"Po\u010detna stranica\",\"item\":\"https:\\\/\\\/radioljubuski.ba\\\/\"},{\"@type\":\"ListItem\",\"position\":2,\"name\":\"Op\u0107ina Grude za sanaciju pro\u010dista\u010da izdvaja pola milijuna KM\"}]},{\"@type\":\"WebSite\",\"@id\":\"https:\\\/\\\/radioljubuski.ba\\\/#website\",\"url\":\"https:\\\/\\\/radioljubuski.ba\\\/\",\"name\":\"Radio Ljubu\u0161ki\",\"description\":\"Sun\u010dana frekvencija Hercegovine\",\"publisher\":{\"@id\":\"https:\\\/\\\/radioljubuski.ba\\\/#organization\"},\"potentialAction\":[{\"@type\":\"SearchAction\",\"target\":{\"@type\":\"EntryPoint\",\"urlTemplate\":\"https:\\\/\\\/radioljubuski.ba\\\/?s={search_term_string}\"},\"query-input\":{\"@type\":\"PropertyValueSpecification\",\"valueRequired\":true,\"valueName\":\"search_term_string\"}}],\"inLanguage\":\"hr\"},{\"@type\":\"Organization\",\"@id\":\"https:\\\/\\\/radioljubuski.ba\\\/#organization\",\"name\":\"Radio Ljubu\u0161ki\",\"url\":\"https:\\\/\\\/radioljubuski.ba\\\/\",\"logo\":{\"@type\":\"ImageObject\",\"inLanguage\":\"hr\",\"@id\":\"https:\\\/\\\/radioljubuski.ba\\\/#\\\/schema\\\/logo\\\/image\\\/\",\"url\":\"https:\\\/\\\/radioljubuski.ba\\\/wp-content\\\/uploads\\\/2021\\\/02\\\/cropped-Radio_Ljubuski_logo1.jpg\",\"contentUrl\":\"https:\\\/\\\/radioljubuski.ba\\\/wp-content\\\/uploads\\\/2021\\\/02\\\/cropped-Radio_Ljubuski_logo1.jpg\",\"width\":512,\"height\":512,\"caption\":\"Radio Ljubu\u0161ki\"},\"image\":{\"@id\":\"https:\\\/\\\/radioljubuski.ba\\\/#\\\/schema\\\/logo\\\/image\\\/\"},\"sameAs\":[\"https:\\\/\\\/www.facebook.com\\\/Radiio-Ljubuski-1490835324566332\",\"https:\\\/\\\/x.com\\\/radioljubuski\",\"https:\\\/\\\/hr.linkedin.com\\\/company\\\/radio-ljubuski\",\"https:\\\/\\\/www.youtube.com\\\/channel\\\/UCHYaeO_n0Db3tjNGudGpXyw\"]},{\"@type\":\"Person\",\"@id\":\"https:\\\/\\\/radioljubuski.ba\\\/#\\\/schema\\\/person\\\/19fc700381a780f69665d7956c469e3b\",\"name\":\"Radio Ljubu\u0161ki\"}]}<\/script>\n<!-- \/ Yoast SEO plugin. -->","yoast_head_json":{"title":"Op\u0107ina Grude za sanaciju pro\u010dista\u010da izdvaja pola milijuna KM - RADIO LJUBU\u0160KI","robots":{"index":"index","follow":"follow","max-snippet":"max-snippet:-1","max-image-preview":"max-image-preview:large","max-video-preview":"max-video-preview:-1"},"canonical":"https:\/\/radioljubuski.ba\/index.php\/2021\/04\/20\/opcina-grude-za-sanaciju-procistaca-izdvaja-pola-milijuna-km\/","og_locale":"hr_HR","og_type":"article","og_title":"Op\u0107ina Grude za sanaciju pro\u010dista\u010da izdvaja pola milijuna KM - RADIO LJUBU\u0160KI","og_description":"Op\u0107ina Grude ulo\u017eit \u0107e pola milijuna KM u sanaciju pro\u010dista\u010da otpadnih voda. Obavijest o javnoj nabavi \u201cSanacija pro\u010dista\u010da otpadnih voda Faza II\u201d, objavljena je na slu\u017ebenoj internetskoj stranici Op\u0107ine Grude. Kako je navedeno tra\u017ei se izvo\u0111a\u010d za izvr\u0161enje gra\u0111evinskih radova na ure\u0111aju za obradu otpadnih voda. Navedeno je kako procijenjena ukupna vrijednost ugovora iznosi 500.000,00 [&hellip;]","og_url":"https:\/\/radioljubuski.ba\/index.php\/2021\/04\/20\/opcina-grude-za-sanaciju-procistaca-izdvaja-pola-milijuna-km\/","og_site_name":"RADIO LJUBU\u0160KI","article_publisher":"https:\/\/www.facebook.com\/Radiio-Ljubuski-1490835324566332","article_published_time":"2021-04-20T18:46:26+00:00","article_modified_time":"2021-04-20T18:46:27+00:00","og_image":[{"width":1000,"height":625,"url":"https:\/\/radioljubuski.ba\/wp-content\/uploads\/2021\/04\/2-2021-04-18-11-59-57-grude.jpg","type":"image\/jpeg"}],"author":"Radio Ljubu\u0161ki","twitter_card":"summary_large_image","twitter_creator":"@radioljubuski","twitter_site":"@radioljubuski","twitter_misc":{"Napisao\/la":"Radio Ljubu\u0161ki","Procijenjeno vrijeme \u010ditanja":"1 minuta"},"schema":{"@context":"https:\/\/schema.org","@graph":[{"@type":"Article","@id":"https:\/\/radioljubuski.ba\/index.php\/2021\/04\/20\/opcina-grude-za-sanaciju-procistaca-izdvaja-pola-milijuna-km\/#article","isPartOf":{"@id":"https:\/\/radioljubuski.ba\/index.php\/2021\/04\/20\/opcina-grude-za-sanaciju-procistaca-izdvaja-pola-milijuna-km\/"},"author":{"name":"Radio Ljubu\u0161ki","@id":"https:\/\/radioljubuski.ba\/#\/schema\/person\/19fc700381a780f69665d7956c469e3b"},"headline":"Op\u0107ina Grude za sanaciju pro\u010dista\u010da izdvaja pola milijuna KM","datePublished":"2021-04-20T18:46:26+00:00","dateModified":"2021-04-20T18:46:27+00:00","mainEntityOfPage":{"@id":"https:\/\/radioljubuski.ba\/index.php\/2021\/04\/20\/opcina-grude-za-sanaciju-procistaca-izdvaja-pola-milijuna-km\/"},"wordCount":100,"publisher":{"@id":"https:\/\/radioljubuski.ba\/#organization"},"image":{"@id":"https:\/\/radioljubuski.ba\/index.php\/2021\/04\/20\/opcina-grude-za-sanaciju-procistaca-izdvaja-pola-milijuna-km\/#primaryimage"},"thumbnailUrl":"https:\/\/radioljubuski.ba\/wp-content\/uploads\/2021\/04\/2-2021-04-18-11-59-57-grude.jpg","articleSection":["BIH i regija"],"inLanguage":"hr"},{"@type":"WebPage","@id":"https:\/\/radioljubuski.ba\/index.php\/2021\/04\/20\/opcina-grude-za-sanaciju-procistaca-izdvaja-pola-milijuna-km\/","url":"https:\/\/radioljubuski.ba\/index.php\/2021\/04\/20\/opcina-grude-za-sanaciju-procistaca-izdvaja-pola-milijuna-km\/","name":"Op\u0107ina Grude za sanaciju pro\u010dista\u010da izdvaja pola milijuna KM - RADIO LJUBU\u0160KI","isPartOf":{"@id":"https:\/\/radioljubuski.ba\/#website"},"primaryImageOfPage":{"@id":"https:\/\/radioljubuski.ba\/index.php\/2021\/04\/20\/opcina-grude-za-sanaciju-procistaca-izdvaja-pola-milijuna-km\/#primaryimage"},"image":{"@id":"https:\/\/radioljubuski.ba\/index.php\/2021\/04\/20\/opcina-grude-za-sanaciju-procistaca-izdvaja-pola-milijuna-km\/#primaryimage"},"thumbnailUrl":"https:\/\/radioljubuski.ba\/wp-content\/uploads\/2021\/04\/2-2021-04-18-11-59-57-grude.jpg","datePublished":"2021-04-20T18:46:26+00:00","dateModified":"2021-04-20T18:46:27+00:00","breadcrumb":{"@id":"https:\/\/radioljubuski.ba\/index.php\/2021\/04\/20\/opcina-grude-za-sanaciju-procistaca-izdvaja-pola-milijuna-km\/#breadcrumb"},"inLanguage":"hr","potentialAction":[{"@type":"ReadAction","target":["https:\/\/radioljubuski.ba\/index.php\/2021\/04\/20\/opcina-grude-za-sanaciju-procistaca-izdvaja-pola-milijuna-km\/"]}]},{"@type":"ImageObject","inLanguage":"hr","@id":"https:\/\/radioljubuski.ba\/index.php\/2021\/04\/20\/opcina-grude-za-sanaciju-procistaca-izdvaja-pola-milijuna-km\/#primaryimage","url":"https:\/\/radioljubuski.ba\/wp-content\/uploads\/2021\/04\/2-2021-04-18-11-59-57-grude.jpg","contentUrl":"https:\/\/radioljubuski.ba\/wp-content\/uploads\/2021\/04\/2-2021-04-18-11-59-57-grude.jpg","width":1000,"height":625},{"@type":"BreadcrumbList","@id":"https:\/\/radioljubuski.ba\/index.php\/2021\/04\/20\/opcina-grude-za-sanaciju-procistaca-izdvaja-pola-milijuna-km\/#breadcrumb","itemListElement":[{"@type":"ListItem","position":1,"name":"Po\u010detna stranica","item":"https:\/\/radioljubuski.ba\/"},{"@type":"ListItem","position":2,"name":"Op\u0107ina Grude za sanaciju pro\u010dista\u010da izdvaja pola milijuna KM"}]},{"@type":"WebSite","@id":"https:\/\/radioljubuski.ba\/#website","url":"https:\/\/radioljubuski.ba\/","name":"Radio Ljubu\u0161ki","description":"Sun\u010dana frekvencija Hercegovine","publisher":{"@id":"https:\/\/radioljubuski.ba\/#organization"},"potentialAction":[{"@type":"SearchAction","target":{"@type":"EntryPoint","urlTemplate":"https:\/\/radioljubuski.ba\/?s={search_term_string}"},"query-input":{"@type":"PropertyValueSpecification","valueRequired":true,"valueName":"search_term_string"}}],"inLanguage":"hr"},{"@type":"Organization","@id":"https:\/\/radioljubuski.ba\/#organization","name":"Radio Ljubu\u0161ki","url":"https:\/\/radioljubuski.ba\/","logo":{"@type":"ImageObject","inLanguage":"hr","@id":"https:\/\/radioljubuski.ba\/#\/schema\/logo\/image\/","url":"https:\/\/radioljubuski.ba\/wp-content\/uploads\/2021\/02\/cropped-Radio_Ljubuski_logo1.jpg","contentUrl":"https:\/\/radioljubuski.ba\/wp-content\/uploads\/2021\/02\/cropped-Radio_Ljubuski_logo1.jpg","width":512,"height":512,"caption":"Radio Ljubu\u0161ki"},"image":{"@id":"https:\/\/radioljubuski.ba\/#\/schema\/logo\/image\/"},"sameAs":["https:\/\/www.facebook.com\/Radiio-Ljubuski-1490835324566332","https:\/\/x.com\/radioljubuski","https:\/\/hr.linkedin.com\/company\/radio-ljubuski","https:\/\/www.youtube.com\/channel\/UCHYaeO_n0Db3tjNGudGpXyw"]},{"@type":"Person","@id":"https:\/\/radioljubuski.ba\/#\/schema\/person\/19fc700381a780f69665d7956c469e3b","name":"Radio Ljubu\u0161ki"}]}},"_links":{"self":[{"href":"https:\/\/radioljubuski.ba\/index.php\/wp-json\/wp\/v2\/posts\/14796","targetHints":{"allow":["GET"]}}],"collection":[{"href":"https:\/\/radioljubuski.ba\/index.php\/wp-json\/wp\/v2\/posts"}],"about":[{"href":"https:\/\/radioljubuski.ba\/index.php\/wp-json\/wp\/v2\/types\/post"}],"author":[{"embeddable":true,"href":"https:\/\/radioljubuski.ba\/index.php\/wp-json\/wp\/v2\/users\/2"}],"replies":[{"embeddable":true,"href":"https:\/\/radioljubuski.ba\/index.php\/wp-json\/wp\/v2\/comments?post=14796"}],"version-history":[{"count":1,"href":"https:\/\/radioljubuski.ba\/index.php\/wp-json\/wp\/v2\/posts\/14796\/revisions"}],"predecessor-version":[{"id":14798,"href":"https:\/\/radioljubuski.ba\/index.php\/wp-json\/wp\/v2\/posts\/14796\/revisions\/14798"}],"wp:featuredmedia":[{"embeddable":true,"href":"https:\/\/radioljubuski.ba\/index.php\/wp-json\/wp\/v2\/media\/14797"}],"wp:attachment":[{"href":"https:\/\/radioljubuski.ba\/index.php\/wp-json\/wp\/v2\/media?parent=14796"}],"wp:term":[{"taxonomy":"category","embeddable":true,"href":"https:\/\/radioljubuski.ba\/index.php\/wp-json\/wp\/v2\/categories?post=14796"},{"taxonomy":"post_tag","embeddable":true,"href":"https:\/\/radioljubuski.ba\/index.php\/wp-json\/wp\/v2\/tags?post=14796"}],"curies":[{"name":"wp","href":"https:\/\/api.w.org\/{rel}","templated":true}]}}