{"id":14849,"date":"2021-04-21T07:38:05","date_gmt":"2021-04-21T06:38:05","guid":{"rendered":"https:\/\/radioljubuski.ba\/?p=14849"},"modified":"2021-04-21T07:38:07","modified_gmt":"2021-04-21T06:38:07","slug":"mjestani-zive-u-strahu-od-migranata-bojimo-se-izaci-iz-kuce-na-sat-dva-a-noci-su-najgore","status":"publish","type":"post","link":"https:\/\/radioljubuski.ba\/index.php\/2021\/04\/21\/mjestani-zive-u-strahu-od-migranata-bojimo-se-izaci-iz-kuce-na-sat-dva-a-noci-su-najgore\/","title":{"rendered":"Mje\u0161tani \u017eive u strahu od migranata: Bojimo se iza\u0107i iz ku\u0107e na sat, dva, a no\u0107i su najgore"},"content":{"rendered":"\n<p>U Lukavcu, u naselju Bistarac, u\u010destale su provale u obiteljsku ku\u0107e zbog \u010dega mje\u0161tani \u017eive u strahu. Sumnjaju da su na meti migranta i tra\u017ee za\u0161titu policije.<\/p>\n\n\n\n<p>Ljubica Lukanovi\u0107 je nedavno, nakon povratka od djece iz Njema\u010dke, zatekla potpuno devastiranu ku\u0107u. \u017divi sama i u strahu. Ka\u017ee da provalnicima vi\u0161e nije bitno \u017eivi li u ku\u0107i netko&nbsp; ne.<\/p>\n\n\n\n<p>&nbsp; &nbsp; \u201cCijeli sam dan zaklju\u010dana kao \u017eivotinja. Sad i ovo zvono, oni su mi ga i\u0161\u010dupali. Kad netko pozvoni uvijek pita\u0161 tko je. Cure mi sad znaju do\u0107i na prozor i ka\u017eu strina mi smo. Najgore je, u pet u \u0161est sati. Pogotovo kad mi Ante nema. Sebi unesem ugalj i drva i vi\u0161e ne izlazim vani\u201d, kazala je Lukanovi\u0107eva.<\/p>\n\n\n\n<p>Finki Dragi\u0107 su provalnici dva puta provjeravali je li ku\u0107a prazna, susjedna ku\u0107a je zapaljena i sve je iz nje izneseno. Ka\u017ee da su no\u0107i najgore, a nedavno je jedna susjeda pretu\u010dena. Mje\u0161tani tvrde da su u proteklih mjesec dana pedeset puta bili na meti provalnika.<\/p>\n\n\n\n<p>\u00a0\u00a0 \u201cNama gra\u0111anima je zabranjeno od 9 sati da \u0161etamo, a ovdje oni rade \u0161to ho\u0107e i kako ho\u0107e. Tko ne bi bio zabrinut, svatko bi bio zabrinut. Nema veze koje su godine, ali mi pogotovo. Nas pola Bistarca nema, ljudi su pomrli, djeca su vani, ku\u0107e su prazne,\u201d istakla je Dragi\u0107eva.<\/p>\n\n\n\n<p>\u201cVjerujete li vi da ljudi ovdje u Bistarcu vi\u0161e ne smiju da idu od ku\u0107e, boje se iza\u0107i na sat dva, jer kad se vrate isto da netko de\u017eura i napravi se \u0161to se napravi,\u201d rekao je Anto Tunji\u0107.<\/p>\n\n\n\n<p>Mje\u0161tani su pomo\u0107 tra\u017eili od policije. Da je broj kra\u0111a i provala pove\u0107an, potvr\u0111uju i u MUP-u Tuzlanske \u017eupanije.<\/p>\n\n\n\n<p>&nbsp; &nbsp; \u201cPo mom mi\u0161ljenju, evo i unato\u010d svim htjenjima i nastojanjima Policijske uprave Lukavac da za\u0161tite imovinu gra\u0111ana, ja smatram da oni nemaju dovoljno ni ljudskih ni materijalnih kapaciteta da to u\u010dine. Druga stvar je i da kada se uhvate ti migranti na licu mjesta, primje\u0107eno je da nakon dva se ponovno vrate na isto mjesto gdje su bili i gdje su uhva\u0107eni,\u201d istakao je predsjednik Mjesne zajednice Bistarac Jozo Tunji\u0107.<\/p>\n\n\n\n<p>&nbsp; &nbsp; \u201cNastoji se izna\u0107i najadekvatnije rje\u0161enje, a kada je u pitanju postupanje policije, svakako da \u0107e policija poduzimati poja\u010dane mjere i aktivnosti u smislu poja\u0161anog prisustva policijskih slu\u017ebenika na terenu u cilju preventivnog, ali i represivnog djelovanja,\u201d istakla je glasnogovornica Uprave policije MUP-a T\u017d Amra Kapid\u017ei\u0107.<\/p>\n\n\n\n<p>Gra\u0111ani su uznemirani i apeliraju na sve doma\u0107e i me\u0111unarodne institucije da ih za\u0161tite, jer je, ka\u017eu, njihova sigurnost ozbiljno ugro\u017eena.<\/p>\n\n\n\n<p><a href=\"https:\/\/pogled.ba\/novosti\/video-mjestani-zive-u-strahu-od-migranata-bojimo-se-izaci-iz-kuce-na-sat-dva-a-noci-su-najgore\/214929\">Izvor: Pogled.ba <\/a><\/p>\n","protected":false},"excerpt":{"rendered":"<p>U Lukavcu, u naselju Bistarac, u\u010destale su provale u obiteljsku ku\u0107e zbog \u010dega mje\u0161tani \u017eive u strahu. Sumnjaju da su na meti migranta i tra\u017ee za\u0161titu policije. Ljubica Lukanovi\u0107 je nedavno, nakon povratka od djece iz Njema\u010dke, zatekla potpuno devastiranu ku\u0107u. \u017divi sama i u strahu. Ka\u017ee da provalnicima vi\u0161e nije bitno \u017eivi li u [&hellip;]<\/p>\n","protected":false},"author":2,"featured_media":14850,"comment_status":"closed","ping_status":"closed","sticky":false,"template":"","format":"standard","meta":{"h5ap_radio_sources":[],"footnotes":""},"categories":[1],"tags":[],"class_list":["post-14849","post","type-post","status-publish","format-standard","has-post-thumbnail","hentry","category-bihiregija"],"yoast_head":"<!-- This site is optimized with the Yoast SEO plugin v27.5 - https:\/\/yoast.com\/product\/yoast-seo-wordpress\/ -->\n<title>Mje\u0161tani \u017eive u strahu od migranata: Bojimo se iza\u0107i iz ku\u0107e na sat, dva, a no\u0107i su najgore - RADIO LJUBU\u0160KI<\/title>\n<meta name=\"robots\" content=\"index, follow, max-snippet:-1, max-image-preview:large, max-video-preview:-1\" \/>\n<link rel=\"canonical\" href=\"https:\/\/radioljubuski.ba\/index.php\/2021\/04\/21\/mjestani-zive-u-strahu-od-migranata-bojimo-se-izaci-iz-kuce-na-sat-dva-a-noci-su-najgore\/\" \/>\n<meta property=\"og:locale\" content=\"hr_HR\" \/>\n<meta property=\"og:type\" content=\"article\" \/>\n<meta property=\"og:title\" content=\"Mje\u0161tani \u017eive u strahu od migranata: Bojimo se iza\u0107i iz ku\u0107e na sat, dva, a no\u0107i su najgore - RADIO LJUBU\u0160KI\" \/>\n<meta property=\"og:description\" content=\"U Lukavcu, u naselju Bistarac, u\u010destale su provale u obiteljsku ku\u0107e zbog \u010dega mje\u0161tani \u017eive u strahu. Sumnjaju da su na meti migranta i tra\u017ee za\u0161titu policije. Ljubica Lukanovi\u0107 je nedavno, nakon povratka od djece iz Njema\u010dke, zatekla potpuno devastiranu ku\u0107u. \u017divi sama i u strahu. Ka\u017ee da provalnicima vi\u0161e nije bitno \u017eivi li u [&hellip;]\" \/>\n<meta property=\"og:url\" content=\"https:\/\/radioljubuski.ba\/index.php\/2021\/04\/21\/mjestani-zive-u-strahu-od-migranata-bojimo-se-izaci-iz-kuce-na-sat-dva-a-noci-su-najgore\/\" \/>\n<meta property=\"og:site_name\" content=\"RADIO LJUBU\u0160KI\" \/>\n<meta property=\"article:publisher\" content=\"https:\/\/www.facebook.com\/Radiio-Ljubuski-1490835324566332\" \/>\n<meta property=\"article:published_time\" content=\"2021-04-21T06:38:05+00:00\" \/>\n<meta property=\"article:modified_time\" content=\"2021-04-21T06:38:07+00:00\" \/>\n<meta property=\"og:image\" content=\"https:\/\/radioljubuski.ba\/wp-content\/uploads\/2021\/04\/lukavac.jpg\" \/>\n\t<meta property=\"og:image:width\" content=\"1000\" \/>\n\t<meta property=\"og:image:height\" content=\"625\" \/>\n\t<meta property=\"og:image:type\" content=\"image\/jpeg\" \/>\n<meta name=\"author\" content=\"Radio Ljubu\u0161ki\" \/>\n<meta name=\"twitter:card\" content=\"summary_large_image\" \/>\n<meta name=\"twitter:creator\" content=\"@radioljubuski\" \/>\n<meta name=\"twitter:site\" content=\"@radioljubuski\" \/>\n<meta name=\"twitter:label1\" content=\"Napisao\/la\" \/>\n\t<meta name=\"twitter:data1\" content=\"Radio Ljubu\u0161ki\" \/>\n\t<meta name=\"twitter:label2\" content=\"Procijenjeno vrijeme \u010ditanja\" \/>\n\t<meta name=\"twitter:data2\" content=\"2 minute\" \/>\n<script type=\"application\/ld+json\" class=\"yoast-schema-graph\">{\"@context\":\"https:\\\/\\\/schema.org\",\"@graph\":[{\"@type\":\"Article\",\"@id\":\"https:\\\/\\\/radioljubuski.ba\\\/index.php\\\/2021\\\/04\\\/21\\\/mjestani-zive-u-strahu-od-migranata-bojimo-se-izaci-iz-kuce-na-sat-dva-a-noci-su-najgore\\\/#article\",\"isPartOf\":{\"@id\":\"https:\\\/\\\/radioljubuski.ba\\\/index.php\\\/2021\\\/04\\\/21\\\/mjestani-zive-u-strahu-od-migranata-bojimo-se-izaci-iz-kuce-na-sat-dva-a-noci-su-najgore\\\/\"},\"author\":{\"name\":\"Radio Ljubu\u0161ki\",\"@id\":\"https:\\\/\\\/radioljubuski.ba\\\/#\\\/schema\\\/person\\\/19fc700381a780f69665d7956c469e3b\"},\"headline\":\"Mje\u0161tani \u017eive u strahu od migranata: Bojimo se iza\u0107i iz ku\u0107e na sat, dva, a no\u0107i su najgore\",\"datePublished\":\"2021-04-21T06:38:05+00:00\",\"dateModified\":\"2021-04-21T06:38:07+00:00\",\"mainEntityOfPage\":{\"@id\":\"https:\\\/\\\/radioljubuski.ba\\\/index.php\\\/2021\\\/04\\\/21\\\/mjestani-zive-u-strahu-od-migranata-bojimo-se-izaci-iz-kuce-na-sat-dva-a-noci-su-najgore\\\/\"},\"wordCount\":493,\"publisher\":{\"@id\":\"https:\\\/\\\/radioljubuski.ba\\\/#organization\"},\"image\":{\"@id\":\"https:\\\/\\\/radioljubuski.ba\\\/index.php\\\/2021\\\/04\\\/21\\\/mjestani-zive-u-strahu-od-migranata-bojimo-se-izaci-iz-kuce-na-sat-dva-a-noci-su-najgore\\\/#primaryimage\"},\"thumbnailUrl\":\"https:\\\/\\\/radioljubuski.ba\\\/wp-content\\\/uploads\\\/2021\\\/04\\\/lukavac.jpg\",\"articleSection\":[\"BIH i regija\"],\"inLanguage\":\"hr\"},{\"@type\":\"WebPage\",\"@id\":\"https:\\\/\\\/radioljubuski.ba\\\/index.php\\\/2021\\\/04\\\/21\\\/mjestani-zive-u-strahu-od-migranata-bojimo-se-izaci-iz-kuce-na-sat-dva-a-noci-su-najgore\\\/\",\"url\":\"https:\\\/\\\/radioljubuski.ba\\\/index.php\\\/2021\\\/04\\\/21\\\/mjestani-zive-u-strahu-od-migranata-bojimo-se-izaci-iz-kuce-na-sat-dva-a-noci-su-najgore\\\/\",\"name\":\"Mje\u0161tani \u017eive u strahu od migranata: Bojimo se iza\u0107i iz ku\u0107e na sat, dva, a no\u0107i su najgore - RADIO LJUBU\u0160KI\",\"isPartOf\":{\"@id\":\"https:\\\/\\\/radioljubuski.ba\\\/#website\"},\"primaryImageOfPage\":{\"@id\":\"https:\\\/\\\/radioljubuski.ba\\\/index.php\\\/2021\\\/04\\\/21\\\/mjestani-zive-u-strahu-od-migranata-bojimo-se-izaci-iz-kuce-na-sat-dva-a-noci-su-najgore\\\/#primaryimage\"},\"image\":{\"@id\":\"https:\\\/\\\/radioljubuski.ba\\\/index.php\\\/2021\\\/04\\\/21\\\/mjestani-zive-u-strahu-od-migranata-bojimo-se-izaci-iz-kuce-na-sat-dva-a-noci-su-najgore\\\/#primaryimage\"},\"thumbnailUrl\":\"https:\\\/\\\/radioljubuski.ba\\\/wp-content\\\/uploads\\\/2021\\\/04\\\/lukavac.jpg\",\"datePublished\":\"2021-04-21T06:38:05+00:00\",\"dateModified\":\"2021-04-21T06:38:07+00:00\",\"breadcrumb\":{\"@id\":\"https:\\\/\\\/radioljubuski.ba\\\/index.php\\\/2021\\\/04\\\/21\\\/mjestani-zive-u-strahu-od-migranata-bojimo-se-izaci-iz-kuce-na-sat-dva-a-noci-su-najgore\\\/#breadcrumb\"},\"inLanguage\":\"hr\",\"potentialAction\":[{\"@type\":\"ReadAction\",\"target\":[\"https:\\\/\\\/radioljubuski.ba\\\/index.php\\\/2021\\\/04\\\/21\\\/mjestani-zive-u-strahu-od-migranata-bojimo-se-izaci-iz-kuce-na-sat-dva-a-noci-su-najgore\\\/\"]}]},{\"@type\":\"ImageObject\",\"inLanguage\":\"hr\",\"@id\":\"https:\\\/\\\/radioljubuski.ba\\\/index.php\\\/2021\\\/04\\\/21\\\/mjestani-zive-u-strahu-od-migranata-bojimo-se-izaci-iz-kuce-na-sat-dva-a-noci-su-najgore\\\/#primaryimage\",\"url\":\"https:\\\/\\\/radioljubuski.ba\\\/wp-content\\\/uploads\\\/2021\\\/04\\\/lukavac.jpg\",\"contentUrl\":\"https:\\\/\\\/radioljubuski.ba\\\/wp-content\\\/uploads\\\/2021\\\/04\\\/lukavac.jpg\",\"width\":1000,\"height\":625},{\"@type\":\"BreadcrumbList\",\"@id\":\"https:\\\/\\\/radioljubuski.ba\\\/index.php\\\/2021\\\/04\\\/21\\\/mjestani-zive-u-strahu-od-migranata-bojimo-se-izaci-iz-kuce-na-sat-dva-a-noci-su-najgore\\\/#breadcrumb\",\"itemListElement\":[{\"@type\":\"ListItem\",\"position\":1,\"name\":\"Po\u010detna stranica\",\"item\":\"https:\\\/\\\/radioljubuski.ba\\\/\"},{\"@type\":\"ListItem\",\"position\":2,\"name\":\"Mje\u0161tani \u017eive u strahu od migranata: Bojimo se iza\u0107i iz ku\u0107e na sat, dva, a no\u0107i su najgore\"}]},{\"@type\":\"WebSite\",\"@id\":\"https:\\\/\\\/radioljubuski.ba\\\/#website\",\"url\":\"https:\\\/\\\/radioljubuski.ba\\\/\",\"name\":\"Radio Ljubu\u0161ki\",\"description\":\"Sun\u010dana frekvencija Hercegovine\",\"publisher\":{\"@id\":\"https:\\\/\\\/radioljubuski.ba\\\/#organization\"},\"potentialAction\":[{\"@type\":\"SearchAction\",\"target\":{\"@type\":\"EntryPoint\",\"urlTemplate\":\"https:\\\/\\\/radioljubuski.ba\\\/?s={search_term_string}\"},\"query-input\":{\"@type\":\"PropertyValueSpecification\",\"valueRequired\":true,\"valueName\":\"search_term_string\"}}],\"inLanguage\":\"hr\"},{\"@type\":\"Organization\",\"@id\":\"https:\\\/\\\/radioljubuski.ba\\\/#organization\",\"name\":\"Radio Ljubu\u0161ki\",\"url\":\"https:\\\/\\\/radioljubuski.ba\\\/\",\"logo\":{\"@type\":\"ImageObject\",\"inLanguage\":\"hr\",\"@id\":\"https:\\\/\\\/radioljubuski.ba\\\/#\\\/schema\\\/logo\\\/image\\\/\",\"url\":\"https:\\\/\\\/radioljubuski.ba\\\/wp-content\\\/uploads\\\/2021\\\/02\\\/cropped-Radio_Ljubuski_logo1.jpg\",\"contentUrl\":\"https:\\\/\\\/radioljubuski.ba\\\/wp-content\\\/uploads\\\/2021\\\/02\\\/cropped-Radio_Ljubuski_logo1.jpg\",\"width\":512,\"height\":512,\"caption\":\"Radio Ljubu\u0161ki\"},\"image\":{\"@id\":\"https:\\\/\\\/radioljubuski.ba\\\/#\\\/schema\\\/logo\\\/image\\\/\"},\"sameAs\":[\"https:\\\/\\\/www.facebook.com\\\/Radiio-Ljubuski-1490835324566332\",\"https:\\\/\\\/x.com\\\/radioljubuski\",\"https:\\\/\\\/hr.linkedin.com\\\/company\\\/radio-ljubuski\",\"https:\\\/\\\/www.youtube.com\\\/channel\\\/UCHYaeO_n0Db3tjNGudGpXyw\"]},{\"@type\":\"Person\",\"@id\":\"https:\\\/\\\/radioljubuski.ba\\\/#\\\/schema\\\/person\\\/19fc700381a780f69665d7956c469e3b\",\"name\":\"Radio Ljubu\u0161ki\"}]}<\/script>\n<!-- \/ Yoast SEO plugin. -->","yoast_head_json":{"title":"Mje\u0161tani \u017eive u strahu od migranata: Bojimo se iza\u0107i iz ku\u0107e na sat, dva, a no\u0107i su najgore - RADIO LJUBU\u0160KI","robots":{"index":"index","follow":"follow","max-snippet":"max-snippet:-1","max-image-preview":"max-image-preview:large","max-video-preview":"max-video-preview:-1"},"canonical":"https:\/\/radioljubuski.ba\/index.php\/2021\/04\/21\/mjestani-zive-u-strahu-od-migranata-bojimo-se-izaci-iz-kuce-na-sat-dva-a-noci-su-najgore\/","og_locale":"hr_HR","og_type":"article","og_title":"Mje\u0161tani \u017eive u strahu od migranata: Bojimo se iza\u0107i iz ku\u0107e na sat, dva, a no\u0107i su najgore - RADIO LJUBU\u0160KI","og_description":"U Lukavcu, u naselju Bistarac, u\u010destale su provale u obiteljsku ku\u0107e zbog \u010dega mje\u0161tani \u017eive u strahu. Sumnjaju da su na meti migranta i tra\u017ee za\u0161titu policije. Ljubica Lukanovi\u0107 je nedavno, nakon povratka od djece iz Njema\u010dke, zatekla potpuno devastiranu ku\u0107u. \u017divi sama i u strahu. Ka\u017ee da provalnicima vi\u0161e nije bitno \u017eivi li u [&hellip;]","og_url":"https:\/\/radioljubuski.ba\/index.php\/2021\/04\/21\/mjestani-zive-u-strahu-od-migranata-bojimo-se-izaci-iz-kuce-na-sat-dva-a-noci-su-najgore\/","og_site_name":"RADIO LJUBU\u0160KI","article_publisher":"https:\/\/www.facebook.com\/Radiio-Ljubuski-1490835324566332","article_published_time":"2021-04-21T06:38:05+00:00","article_modified_time":"2021-04-21T06:38:07+00:00","og_image":[{"width":1000,"height":625,"url":"https:\/\/radioljubuski.ba\/wp-content\/uploads\/2021\/04\/lukavac.jpg","type":"image\/jpeg"}],"author":"Radio Ljubu\u0161ki","twitter_card":"summary_large_image","twitter_creator":"@radioljubuski","twitter_site":"@radioljubuski","twitter_misc":{"Napisao\/la":"Radio Ljubu\u0161ki","Procijenjeno vrijeme \u010ditanja":"2 minute"},"schema":{"@context":"https:\/\/schema.org","@graph":[{"@type":"Article","@id":"https:\/\/radioljubuski.ba\/index.php\/2021\/04\/21\/mjestani-zive-u-strahu-od-migranata-bojimo-se-izaci-iz-kuce-na-sat-dva-a-noci-su-najgore\/#article","isPartOf":{"@id":"https:\/\/radioljubuski.ba\/index.php\/2021\/04\/21\/mjestani-zive-u-strahu-od-migranata-bojimo-se-izaci-iz-kuce-na-sat-dva-a-noci-su-najgore\/"},"author":{"name":"Radio Ljubu\u0161ki","@id":"https:\/\/radioljubuski.ba\/#\/schema\/person\/19fc700381a780f69665d7956c469e3b"},"headline":"Mje\u0161tani \u017eive u strahu od migranata: Bojimo se iza\u0107i iz ku\u0107e na sat, dva, a no\u0107i su najgore","datePublished":"2021-04-21T06:38:05+00:00","dateModified":"2021-04-21T06:38:07+00:00","mainEntityOfPage":{"@id":"https:\/\/radioljubuski.ba\/index.php\/2021\/04\/21\/mjestani-zive-u-strahu-od-migranata-bojimo-se-izaci-iz-kuce-na-sat-dva-a-noci-su-najgore\/"},"wordCount":493,"publisher":{"@id":"https:\/\/radioljubuski.ba\/#organization"},"image":{"@id":"https:\/\/radioljubuski.ba\/index.php\/2021\/04\/21\/mjestani-zive-u-strahu-od-migranata-bojimo-se-izaci-iz-kuce-na-sat-dva-a-noci-su-najgore\/#primaryimage"},"thumbnailUrl":"https:\/\/radioljubuski.ba\/wp-content\/uploads\/2021\/04\/lukavac.jpg","articleSection":["BIH i regija"],"inLanguage":"hr"},{"@type":"WebPage","@id":"https:\/\/radioljubuski.ba\/index.php\/2021\/04\/21\/mjestani-zive-u-strahu-od-migranata-bojimo-se-izaci-iz-kuce-na-sat-dva-a-noci-su-najgore\/","url":"https:\/\/radioljubuski.ba\/index.php\/2021\/04\/21\/mjestani-zive-u-strahu-od-migranata-bojimo-se-izaci-iz-kuce-na-sat-dva-a-noci-su-najgore\/","name":"Mje\u0161tani \u017eive u strahu od migranata: Bojimo se iza\u0107i iz ku\u0107e na sat, dva, a no\u0107i su najgore - RADIO LJUBU\u0160KI","isPartOf":{"@id":"https:\/\/radioljubuski.ba\/#website"},"primaryImageOfPage":{"@id":"https:\/\/radioljubuski.ba\/index.php\/2021\/04\/21\/mjestani-zive-u-strahu-od-migranata-bojimo-se-izaci-iz-kuce-na-sat-dva-a-noci-su-najgore\/#primaryimage"},"image":{"@id":"https:\/\/radioljubuski.ba\/index.php\/2021\/04\/21\/mjestani-zive-u-strahu-od-migranata-bojimo-se-izaci-iz-kuce-na-sat-dva-a-noci-su-najgore\/#primaryimage"},"thumbnailUrl":"https:\/\/radioljubuski.ba\/wp-content\/uploads\/2021\/04\/lukavac.jpg","datePublished":"2021-04-21T06:38:05+00:00","dateModified":"2021-04-21T06:38:07+00:00","breadcrumb":{"@id":"https:\/\/radioljubuski.ba\/index.php\/2021\/04\/21\/mjestani-zive-u-strahu-od-migranata-bojimo-se-izaci-iz-kuce-na-sat-dva-a-noci-su-najgore\/#breadcrumb"},"inLanguage":"hr","potentialAction":[{"@type":"ReadAction","target":["https:\/\/radioljubuski.ba\/index.php\/2021\/04\/21\/mjestani-zive-u-strahu-od-migranata-bojimo-se-izaci-iz-kuce-na-sat-dva-a-noci-su-najgore\/"]}]},{"@type":"ImageObject","inLanguage":"hr","@id":"https:\/\/radioljubuski.ba\/index.php\/2021\/04\/21\/mjestani-zive-u-strahu-od-migranata-bojimo-se-izaci-iz-kuce-na-sat-dva-a-noci-su-najgore\/#primaryimage","url":"https:\/\/radioljubuski.ba\/wp-content\/uploads\/2021\/04\/lukavac.jpg","contentUrl":"https:\/\/radioljubuski.ba\/wp-content\/uploads\/2021\/04\/lukavac.jpg","width":1000,"height":625},{"@type":"BreadcrumbList","@id":"https:\/\/radioljubuski.ba\/index.php\/2021\/04\/21\/mjestani-zive-u-strahu-od-migranata-bojimo-se-izaci-iz-kuce-na-sat-dva-a-noci-su-najgore\/#breadcrumb","itemListElement":[{"@type":"ListItem","position":1,"name":"Po\u010detna stranica","item":"https:\/\/radioljubuski.ba\/"},{"@type":"ListItem","position":2,"name":"Mje\u0161tani \u017eive u strahu od migranata: Bojimo se iza\u0107i iz ku\u0107e na sat, dva, a no\u0107i su najgore"}]},{"@type":"WebSite","@id":"https:\/\/radioljubuski.ba\/#website","url":"https:\/\/radioljubuski.ba\/","name":"Radio Ljubu\u0161ki","description":"Sun\u010dana frekvencija Hercegovine","publisher":{"@id":"https:\/\/radioljubuski.ba\/#organization"},"potentialAction":[{"@type":"SearchAction","target":{"@type":"EntryPoint","urlTemplate":"https:\/\/radioljubuski.ba\/?s={search_term_string}"},"query-input":{"@type":"PropertyValueSpecification","valueRequired":true,"valueName":"search_term_string"}}],"inLanguage":"hr"},{"@type":"Organization","@id":"https:\/\/radioljubuski.ba\/#organization","name":"Radio Ljubu\u0161ki","url":"https:\/\/radioljubuski.ba\/","logo":{"@type":"ImageObject","inLanguage":"hr","@id":"https:\/\/radioljubuski.ba\/#\/schema\/logo\/image\/","url":"https:\/\/radioljubuski.ba\/wp-content\/uploads\/2021\/02\/cropped-Radio_Ljubuski_logo1.jpg","contentUrl":"https:\/\/radioljubuski.ba\/wp-content\/uploads\/2021\/02\/cropped-Radio_Ljubuski_logo1.jpg","width":512,"height":512,"caption":"Radio Ljubu\u0161ki"},"image":{"@id":"https:\/\/radioljubuski.ba\/#\/schema\/logo\/image\/"},"sameAs":["https:\/\/www.facebook.com\/Radiio-Ljubuski-1490835324566332","https:\/\/x.com\/radioljubuski","https:\/\/hr.linkedin.com\/company\/radio-ljubuski","https:\/\/www.youtube.com\/channel\/UCHYaeO_n0Db3tjNGudGpXyw"]},{"@type":"Person","@id":"https:\/\/radioljubuski.ba\/#\/schema\/person\/19fc700381a780f69665d7956c469e3b","name":"Radio Ljubu\u0161ki"}]}},"_links":{"self":[{"href":"https:\/\/radioljubuski.ba\/index.php\/wp-json\/wp\/v2\/posts\/14849","targetHints":{"allow":["GET"]}}],"collection":[{"href":"https:\/\/radioljubuski.ba\/index.php\/wp-json\/wp\/v2\/posts"}],"about":[{"href":"https:\/\/radioljubuski.ba\/index.php\/wp-json\/wp\/v2\/types\/post"}],"author":[{"embeddable":true,"href":"https:\/\/radioljubuski.ba\/index.php\/wp-json\/wp\/v2\/users\/2"}],"replies":[{"embeddable":true,"href":"https:\/\/radioljubuski.ba\/index.php\/wp-json\/wp\/v2\/comments?post=14849"}],"version-history":[{"count":1,"href":"https:\/\/radioljubuski.ba\/index.php\/wp-json\/wp\/v2\/posts\/14849\/revisions"}],"predecessor-version":[{"id":14851,"href":"https:\/\/radioljubuski.ba\/index.php\/wp-json\/wp\/v2\/posts\/14849\/revisions\/14851"}],"wp:featuredmedia":[{"embeddable":true,"href":"https:\/\/radioljubuski.ba\/index.php\/wp-json\/wp\/v2\/media\/14850"}],"wp:attachment":[{"href":"https:\/\/radioljubuski.ba\/index.php\/wp-json\/wp\/v2\/media?parent=14849"}],"wp:term":[{"taxonomy":"category","embeddable":true,"href":"https:\/\/radioljubuski.ba\/index.php\/wp-json\/wp\/v2\/categories?post=14849"},{"taxonomy":"post_tag","embeddable":true,"href":"https:\/\/radioljubuski.ba\/index.php\/wp-json\/wp\/v2\/tags?post=14849"}],"curies":[{"name":"wp","href":"https:\/\/api.w.org\/{rel}","templated":true}]}}