{"id":148932,"date":"2022-06-13T01:35:53","date_gmt":"2022-06-13T00:35:53","guid":{"rendered":"https:\/\/radioljubuski.ba\/?p=148932"},"modified":"2022-06-13T01:35:55","modified_gmt":"2022-06-13T00:35:55","slug":"kakav-dan-za-hrvatsku-gimnastiku-nakon-benovica-zlato-osvojio-i-robert-seligman","status":"publish","type":"post","link":"https:\/\/radioljubuski.ba\/index.php\/2022\/06\/13\/kakav-dan-za-hrvatsku-gimnastiku-nakon-benovica-zlato-osvojio-i-robert-seligman\/","title":{"rendered":"Kakav dan za hrvatsku gimnastiku: Nakon Benovi\u0107a zlato osvojio i Robert Seligman!"},"content":{"rendered":"\n<p>Nakon zlata Aurela Benovi\u0107a na parteru, zlatno odli\u010dje na DOBRO World Cupu u Osijeku osvojio je jo\u0161 jedan hrvatski gimnasti\u010dar, Robert Seligman na konju s hvataljkama!<\/p>\n\n\n\n<p>U svom posljednjem nastupu u Osijeku Robert Seligman ponovno je slavio nakon 2019. pobijediv\u0161i s rezultatom 13.866 ispred Tur\u010dina Ahmeta Ondera (13.666) i Brazilca Caia Souze (13.633.<\/p>\n\n\n\n<p>Drugi hrvatski predstavnik u finalu, Filip Ude, nakon \u0161to je bio najbolji u kvalifikacijama zavr\u0161io je na petom mjestu (13.233).<\/p>\n\n\n\n<p>\u2013 \u0160to re\u0107i? Jedan pozitivno ludi sportski dan, fantasti\u010dna izvedba, ba\u0161 onakva kakvu sam pri\u017eeljkivao i ostvarenje najlu\u0111ih snova, a to je zlatna medalja i opro\u0161taj. To je zahvala osje\u010dkoj publici koja bezuvjetno podr\u017eava cijelu hrvatsku gimnasti\u010dku reprezentaciju, posebno nas Osje\u010dane ve\u0107 13 godina zaredom, rekao je za HRT Robert Seligman koji se tako na najljep\u0161i mogu\u0107i na\u010din oprostio od Osijeka nakon \u0161to je ranije najavio kako \u0107e mu ovo biti posljednji Svjetski kup u rodnom gradu.<\/p>\n\n\n\n<p>Dvije pobjede za dva Osje\u010dana \u2013 zlato za Aurela Benovi\u0107a na parteru i za Roberta Seligmana na konju s hvataljkama.<\/p>\n\n\n\n<p>\u2013 Ni u najlu\u0111im snovima to nisam mogao o\u010dekivati. \u010cestitke Aurelu Benovi\u0107u, velikoj nadi hrvatskog sporta, de\u010dku koji ve\u0107 sada ima vje\u017ebu koja je konkurentna za medalje na svjetskim prvenstvima i olimpijskim igrama i onda nas dva veterana u finalu, Filip Ude i ja. Ude je, na\u017ealost imao tu nesre\u0107u, ponestalo mu je snage pri saskoku. Ja sam sjajno otvorio finale, drugi sam nastupio, napravio vje\u017ebu bez ijedne ve\u0107e pogre\u0161ke. Najljep\u0161i mogu\u0107i na\u010din, zlatna medalja, presretan sam i zahvalan, poru\u010dio je Robert Seligman, pi\u0161e<a href=\"https:\/\/sport.hrt.hr\/ostali-sportovi\/kakav-dan-za-hrvatsku-gimnastiku-zlato-osvojio-i-robert-seligman-7899696\">&nbsp;HRT.<\/a><\/p>\n\n\n\n<p><em>Izvor:&nbsp;<a href=\"http:\/\/narod.hr\/HRT\">narod.hr\/HRT<\/a><\/em><\/p>\n","protected":false},"excerpt":{"rendered":"<p>Nakon zlata Aurela Benovi\u0107a na parteru, zlatno odli\u010dje na DOBRO World Cupu u Osijeku osvojio je jo\u0161 jedan hrvatski gimnasti\u010dar, Robert Seligman na konju s hvataljkama! U svom posljednjem nastupu u Osijeku Robert Seligman ponovno je slavio nakon 2019. pobijediv\u0161i s rezultatom 13.866 ispred Tur\u010dina Ahmeta Ondera (13.666) i Brazilca Caia Souze (13.633. Drugi hrvatski [&hellip;]<\/p>\n","protected":false},"author":2,"featured_media":148933,"comment_status":"closed","ping_status":"closed","sticky":false,"template":"","format":"standard","meta":{"h5ap_radio_sources":[],"footnotes":""},"categories":[7],"tags":[],"class_list":["post-148932","post","type-post","status-publish","format-standard","has-post-thumbnail","hentry","category-sport"],"yoast_head":"<!-- This site is optimized with the Yoast SEO plugin v27.4 - https:\/\/yoast.com\/product\/yoast-seo-wordpress\/ -->\n<title>Kakav dan za hrvatsku gimnastiku: Nakon Benovi\u0107a zlato osvojio i Robert Seligman! - RADIO LJUBU\u0160KI<\/title>\n<meta name=\"robots\" content=\"index, follow, max-snippet:-1, max-image-preview:large, max-video-preview:-1\" \/>\n<link rel=\"canonical\" href=\"https:\/\/radioljubuski.ba\/index.php\/2022\/06\/13\/kakav-dan-za-hrvatsku-gimnastiku-nakon-benovica-zlato-osvojio-i-robert-seligman\/\" \/>\n<meta property=\"og:locale\" content=\"hr_HR\" \/>\n<meta property=\"og:type\" content=\"article\" \/>\n<meta property=\"og:title\" content=\"Kakav dan za hrvatsku gimnastiku: Nakon Benovi\u0107a zlato osvojio i Robert Seligman! - RADIO LJUBU\u0160KI\" \/>\n<meta property=\"og:description\" content=\"Nakon zlata Aurela Benovi\u0107a na parteru, zlatno odli\u010dje na DOBRO World Cupu u Osijeku osvojio je jo\u0161 jedan hrvatski gimnasti\u010dar, Robert Seligman na konju s hvataljkama! U svom posljednjem nastupu u Osijeku Robert Seligman ponovno je slavio nakon 2019. pobijediv\u0161i s rezultatom 13.866 ispred Tur\u010dina Ahmeta Ondera (13.666) i Brazilca Caia Souze (13.633. Drugi hrvatski [&hellip;]\" \/>\n<meta property=\"og:url\" content=\"https:\/\/radioljubuski.ba\/index.php\/2022\/06\/13\/kakav-dan-za-hrvatsku-gimnastiku-nakon-benovica-zlato-osvojio-i-robert-seligman\/\" \/>\n<meta property=\"og:site_name\" content=\"RADIO LJUBU\u0160KI\" \/>\n<meta property=\"article:publisher\" content=\"https:\/\/www.facebook.com\/Radiio-Ljubuski-1490835324566332\" \/>\n<meta property=\"article:published_time\" content=\"2022-06-13T00:35:53+00:00\" \/>\n<meta property=\"article:modified_time\" content=\"2022-06-13T00:35:55+00:00\" \/>\n<meta property=\"og:image\" content=\"https:\/\/radioljubuski.ba\/wp-content\/uploads\/2022\/06\/HN20190525151213-696x464-1.jpg\" \/>\n\t<meta property=\"og:image:width\" content=\"696\" \/>\n\t<meta property=\"og:image:height\" content=\"464\" \/>\n\t<meta property=\"og:image:type\" content=\"image\/jpeg\" \/>\n<meta name=\"author\" content=\"Radio Ljubu\u0161ki\" \/>\n<meta name=\"twitter:card\" content=\"summary_large_image\" \/>\n<meta name=\"twitter:creator\" content=\"@radioljubuski\" \/>\n<meta name=\"twitter:site\" content=\"@radioljubuski\" \/>\n<meta name=\"twitter:label1\" content=\"Napisao\/la\" \/>\n\t<meta name=\"twitter:data1\" content=\"Radio Ljubu\u0161ki\" \/>\n\t<meta name=\"twitter:label2\" content=\"Procijenjeno vrijeme \u010ditanja\" \/>\n\t<meta name=\"twitter:data2\" content=\"2 minute\" \/>\n<script type=\"application\/ld+json\" class=\"yoast-schema-graph\">{\"@context\":\"https:\\\/\\\/schema.org\",\"@graph\":[{\"@type\":\"Article\",\"@id\":\"https:\\\/\\\/radioljubuski.ba\\\/index.php\\\/2022\\\/06\\\/13\\\/kakav-dan-za-hrvatsku-gimnastiku-nakon-benovica-zlato-osvojio-i-robert-seligman\\\/#article\",\"isPartOf\":{\"@id\":\"https:\\\/\\\/radioljubuski.ba\\\/index.php\\\/2022\\\/06\\\/13\\\/kakav-dan-za-hrvatsku-gimnastiku-nakon-benovica-zlato-osvojio-i-robert-seligman\\\/\"},\"author\":{\"name\":\"Radio Ljubu\u0161ki\",\"@id\":\"https:\\\/\\\/radioljubuski.ba\\\/#\\\/schema\\\/person\\\/19fc700381a780f69665d7956c469e3b\"},\"headline\":\"Kakav dan za hrvatsku gimnastiku: Nakon Benovi\u0107a zlato osvojio i Robert Seligman!\",\"datePublished\":\"2022-06-13T00:35:53+00:00\",\"dateModified\":\"2022-06-13T00:35:55+00:00\",\"mainEntityOfPage\":{\"@id\":\"https:\\\/\\\/radioljubuski.ba\\\/index.php\\\/2022\\\/06\\\/13\\\/kakav-dan-za-hrvatsku-gimnastiku-nakon-benovica-zlato-osvojio-i-robert-seligman\\\/\"},\"wordCount\":300,\"publisher\":{\"@id\":\"https:\\\/\\\/radioljubuski.ba\\\/#organization\"},\"image\":{\"@id\":\"https:\\\/\\\/radioljubuski.ba\\\/index.php\\\/2022\\\/06\\\/13\\\/kakav-dan-za-hrvatsku-gimnastiku-nakon-benovica-zlato-osvojio-i-robert-seligman\\\/#primaryimage\"},\"thumbnailUrl\":\"https:\\\/\\\/radioljubuski.ba\\\/wp-content\\\/uploads\\\/2022\\\/06\\\/HN20190525151213-696x464-1.jpg\",\"articleSection\":[\"\u0160port\"],\"inLanguage\":\"hr\"},{\"@type\":\"WebPage\",\"@id\":\"https:\\\/\\\/radioljubuski.ba\\\/index.php\\\/2022\\\/06\\\/13\\\/kakav-dan-za-hrvatsku-gimnastiku-nakon-benovica-zlato-osvojio-i-robert-seligman\\\/\",\"url\":\"https:\\\/\\\/radioljubuski.ba\\\/index.php\\\/2022\\\/06\\\/13\\\/kakav-dan-za-hrvatsku-gimnastiku-nakon-benovica-zlato-osvojio-i-robert-seligman\\\/\",\"name\":\"Kakav dan za hrvatsku gimnastiku: Nakon Benovi\u0107a zlato osvojio i Robert Seligman! - RADIO LJUBU\u0160KI\",\"isPartOf\":{\"@id\":\"https:\\\/\\\/radioljubuski.ba\\\/#website\"},\"primaryImageOfPage\":{\"@id\":\"https:\\\/\\\/radioljubuski.ba\\\/index.php\\\/2022\\\/06\\\/13\\\/kakav-dan-za-hrvatsku-gimnastiku-nakon-benovica-zlato-osvojio-i-robert-seligman\\\/#primaryimage\"},\"image\":{\"@id\":\"https:\\\/\\\/radioljubuski.ba\\\/index.php\\\/2022\\\/06\\\/13\\\/kakav-dan-za-hrvatsku-gimnastiku-nakon-benovica-zlato-osvojio-i-robert-seligman\\\/#primaryimage\"},\"thumbnailUrl\":\"https:\\\/\\\/radioljubuski.ba\\\/wp-content\\\/uploads\\\/2022\\\/06\\\/HN20190525151213-696x464-1.jpg\",\"datePublished\":\"2022-06-13T00:35:53+00:00\",\"dateModified\":\"2022-06-13T00:35:55+00:00\",\"breadcrumb\":{\"@id\":\"https:\\\/\\\/radioljubuski.ba\\\/index.php\\\/2022\\\/06\\\/13\\\/kakav-dan-za-hrvatsku-gimnastiku-nakon-benovica-zlato-osvojio-i-robert-seligman\\\/#breadcrumb\"},\"inLanguage\":\"hr\",\"potentialAction\":[{\"@type\":\"ReadAction\",\"target\":[\"https:\\\/\\\/radioljubuski.ba\\\/index.php\\\/2022\\\/06\\\/13\\\/kakav-dan-za-hrvatsku-gimnastiku-nakon-benovica-zlato-osvojio-i-robert-seligman\\\/\"]}]},{\"@type\":\"ImageObject\",\"inLanguage\":\"hr\",\"@id\":\"https:\\\/\\\/radioljubuski.ba\\\/index.php\\\/2022\\\/06\\\/13\\\/kakav-dan-za-hrvatsku-gimnastiku-nakon-benovica-zlato-osvojio-i-robert-seligman\\\/#primaryimage\",\"url\":\"https:\\\/\\\/radioljubuski.ba\\\/wp-content\\\/uploads\\\/2022\\\/06\\\/HN20190525151213-696x464-1.jpg\",\"contentUrl\":\"https:\\\/\\\/radioljubuski.ba\\\/wp-content\\\/uploads\\\/2022\\\/06\\\/HN20190525151213-696x464-1.jpg\",\"width\":696,\"height\":464},{\"@type\":\"BreadcrumbList\",\"@id\":\"https:\\\/\\\/radioljubuski.ba\\\/index.php\\\/2022\\\/06\\\/13\\\/kakav-dan-za-hrvatsku-gimnastiku-nakon-benovica-zlato-osvojio-i-robert-seligman\\\/#breadcrumb\",\"itemListElement\":[{\"@type\":\"ListItem\",\"position\":1,\"name\":\"Po\u010detna stranica\",\"item\":\"https:\\\/\\\/radioljubuski.ba\\\/\"},{\"@type\":\"ListItem\",\"position\":2,\"name\":\"Kakav dan za hrvatsku gimnastiku: Nakon Benovi\u0107a zlato osvojio i Robert Seligman!\"}]},{\"@type\":\"WebSite\",\"@id\":\"https:\\\/\\\/radioljubuski.ba\\\/#website\",\"url\":\"https:\\\/\\\/radioljubuski.ba\\\/\",\"name\":\"Radio Ljubu\u0161ki\",\"description\":\"Sun\u010dana frekvencija Hercegovine\",\"publisher\":{\"@id\":\"https:\\\/\\\/radioljubuski.ba\\\/#organization\"},\"potentialAction\":[{\"@type\":\"SearchAction\",\"target\":{\"@type\":\"EntryPoint\",\"urlTemplate\":\"https:\\\/\\\/radioljubuski.ba\\\/?s={search_term_string}\"},\"query-input\":{\"@type\":\"PropertyValueSpecification\",\"valueRequired\":true,\"valueName\":\"search_term_string\"}}],\"inLanguage\":\"hr\"},{\"@type\":\"Organization\",\"@id\":\"https:\\\/\\\/radioljubuski.ba\\\/#organization\",\"name\":\"Radio Ljubu\u0161ki\",\"url\":\"https:\\\/\\\/radioljubuski.ba\\\/\",\"logo\":{\"@type\":\"ImageObject\",\"inLanguage\":\"hr\",\"@id\":\"https:\\\/\\\/radioljubuski.ba\\\/#\\\/schema\\\/logo\\\/image\\\/\",\"url\":\"https:\\\/\\\/radioljubuski.ba\\\/wp-content\\\/uploads\\\/2021\\\/02\\\/cropped-Radio_Ljubuski_logo1.jpg\",\"contentUrl\":\"https:\\\/\\\/radioljubuski.ba\\\/wp-content\\\/uploads\\\/2021\\\/02\\\/cropped-Radio_Ljubuski_logo1.jpg\",\"width\":512,\"height\":512,\"caption\":\"Radio Ljubu\u0161ki\"},\"image\":{\"@id\":\"https:\\\/\\\/radioljubuski.ba\\\/#\\\/schema\\\/logo\\\/image\\\/\"},\"sameAs\":[\"https:\\\/\\\/www.facebook.com\\\/Radiio-Ljubuski-1490835324566332\",\"https:\\\/\\\/x.com\\\/radioljubuski\",\"https:\\\/\\\/hr.linkedin.com\\\/company\\\/radio-ljubuski\",\"https:\\\/\\\/www.youtube.com\\\/channel\\\/UCHYaeO_n0Db3tjNGudGpXyw\"]},{\"@type\":\"Person\",\"@id\":\"https:\\\/\\\/radioljubuski.ba\\\/#\\\/schema\\\/person\\\/19fc700381a780f69665d7956c469e3b\",\"name\":\"Radio Ljubu\u0161ki\"}]}<\/script>\n<!-- \/ Yoast SEO plugin. -->","yoast_head_json":{"title":"Kakav dan za hrvatsku gimnastiku: Nakon Benovi\u0107a zlato osvojio i Robert Seligman! - RADIO LJUBU\u0160KI","robots":{"index":"index","follow":"follow","max-snippet":"max-snippet:-1","max-image-preview":"max-image-preview:large","max-video-preview":"max-video-preview:-1"},"canonical":"https:\/\/radioljubuski.ba\/index.php\/2022\/06\/13\/kakav-dan-za-hrvatsku-gimnastiku-nakon-benovica-zlato-osvojio-i-robert-seligman\/","og_locale":"hr_HR","og_type":"article","og_title":"Kakav dan za hrvatsku gimnastiku: Nakon Benovi\u0107a zlato osvojio i Robert Seligman! - RADIO LJUBU\u0160KI","og_description":"Nakon zlata Aurela Benovi\u0107a na parteru, zlatno odli\u010dje na DOBRO World Cupu u Osijeku osvojio je jo\u0161 jedan hrvatski gimnasti\u010dar, Robert Seligman na konju s hvataljkama! U svom posljednjem nastupu u Osijeku Robert Seligman ponovno je slavio nakon 2019. pobijediv\u0161i s rezultatom 13.866 ispred Tur\u010dina Ahmeta Ondera (13.666) i Brazilca Caia Souze (13.633. Drugi hrvatski [&hellip;]","og_url":"https:\/\/radioljubuski.ba\/index.php\/2022\/06\/13\/kakav-dan-za-hrvatsku-gimnastiku-nakon-benovica-zlato-osvojio-i-robert-seligman\/","og_site_name":"RADIO LJUBU\u0160KI","article_publisher":"https:\/\/www.facebook.com\/Radiio-Ljubuski-1490835324566332","article_published_time":"2022-06-13T00:35:53+00:00","article_modified_time":"2022-06-13T00:35:55+00:00","og_image":[{"width":696,"height":464,"url":"https:\/\/radioljubuski.ba\/wp-content\/uploads\/2022\/06\/HN20190525151213-696x464-1.jpg","type":"image\/jpeg"}],"author":"Radio Ljubu\u0161ki","twitter_card":"summary_large_image","twitter_creator":"@radioljubuski","twitter_site":"@radioljubuski","twitter_misc":{"Napisao\/la":"Radio Ljubu\u0161ki","Procijenjeno vrijeme \u010ditanja":"2 minute"},"schema":{"@context":"https:\/\/schema.org","@graph":[{"@type":"Article","@id":"https:\/\/radioljubuski.ba\/index.php\/2022\/06\/13\/kakav-dan-za-hrvatsku-gimnastiku-nakon-benovica-zlato-osvojio-i-robert-seligman\/#article","isPartOf":{"@id":"https:\/\/radioljubuski.ba\/index.php\/2022\/06\/13\/kakav-dan-za-hrvatsku-gimnastiku-nakon-benovica-zlato-osvojio-i-robert-seligman\/"},"author":{"name":"Radio Ljubu\u0161ki","@id":"https:\/\/radioljubuski.ba\/#\/schema\/person\/19fc700381a780f69665d7956c469e3b"},"headline":"Kakav dan za hrvatsku gimnastiku: Nakon Benovi\u0107a zlato osvojio i Robert Seligman!","datePublished":"2022-06-13T00:35:53+00:00","dateModified":"2022-06-13T00:35:55+00:00","mainEntityOfPage":{"@id":"https:\/\/radioljubuski.ba\/index.php\/2022\/06\/13\/kakav-dan-za-hrvatsku-gimnastiku-nakon-benovica-zlato-osvojio-i-robert-seligman\/"},"wordCount":300,"publisher":{"@id":"https:\/\/radioljubuski.ba\/#organization"},"image":{"@id":"https:\/\/radioljubuski.ba\/index.php\/2022\/06\/13\/kakav-dan-za-hrvatsku-gimnastiku-nakon-benovica-zlato-osvojio-i-robert-seligman\/#primaryimage"},"thumbnailUrl":"https:\/\/radioljubuski.ba\/wp-content\/uploads\/2022\/06\/HN20190525151213-696x464-1.jpg","articleSection":["\u0160port"],"inLanguage":"hr"},{"@type":"WebPage","@id":"https:\/\/radioljubuski.ba\/index.php\/2022\/06\/13\/kakav-dan-za-hrvatsku-gimnastiku-nakon-benovica-zlato-osvojio-i-robert-seligman\/","url":"https:\/\/radioljubuski.ba\/index.php\/2022\/06\/13\/kakav-dan-za-hrvatsku-gimnastiku-nakon-benovica-zlato-osvojio-i-robert-seligman\/","name":"Kakav dan za hrvatsku gimnastiku: Nakon Benovi\u0107a zlato osvojio i Robert Seligman! - RADIO LJUBU\u0160KI","isPartOf":{"@id":"https:\/\/radioljubuski.ba\/#website"},"primaryImageOfPage":{"@id":"https:\/\/radioljubuski.ba\/index.php\/2022\/06\/13\/kakav-dan-za-hrvatsku-gimnastiku-nakon-benovica-zlato-osvojio-i-robert-seligman\/#primaryimage"},"image":{"@id":"https:\/\/radioljubuski.ba\/index.php\/2022\/06\/13\/kakav-dan-za-hrvatsku-gimnastiku-nakon-benovica-zlato-osvojio-i-robert-seligman\/#primaryimage"},"thumbnailUrl":"https:\/\/radioljubuski.ba\/wp-content\/uploads\/2022\/06\/HN20190525151213-696x464-1.jpg","datePublished":"2022-06-13T00:35:53+00:00","dateModified":"2022-06-13T00:35:55+00:00","breadcrumb":{"@id":"https:\/\/radioljubuski.ba\/index.php\/2022\/06\/13\/kakav-dan-za-hrvatsku-gimnastiku-nakon-benovica-zlato-osvojio-i-robert-seligman\/#breadcrumb"},"inLanguage":"hr","potentialAction":[{"@type":"ReadAction","target":["https:\/\/radioljubuski.ba\/index.php\/2022\/06\/13\/kakav-dan-za-hrvatsku-gimnastiku-nakon-benovica-zlato-osvojio-i-robert-seligman\/"]}]},{"@type":"ImageObject","inLanguage":"hr","@id":"https:\/\/radioljubuski.ba\/index.php\/2022\/06\/13\/kakav-dan-za-hrvatsku-gimnastiku-nakon-benovica-zlato-osvojio-i-robert-seligman\/#primaryimage","url":"https:\/\/radioljubuski.ba\/wp-content\/uploads\/2022\/06\/HN20190525151213-696x464-1.jpg","contentUrl":"https:\/\/radioljubuski.ba\/wp-content\/uploads\/2022\/06\/HN20190525151213-696x464-1.jpg","width":696,"height":464},{"@type":"BreadcrumbList","@id":"https:\/\/radioljubuski.ba\/index.php\/2022\/06\/13\/kakav-dan-za-hrvatsku-gimnastiku-nakon-benovica-zlato-osvojio-i-robert-seligman\/#breadcrumb","itemListElement":[{"@type":"ListItem","position":1,"name":"Po\u010detna stranica","item":"https:\/\/radioljubuski.ba\/"},{"@type":"ListItem","position":2,"name":"Kakav dan za hrvatsku gimnastiku: Nakon Benovi\u0107a zlato osvojio i Robert Seligman!"}]},{"@type":"WebSite","@id":"https:\/\/radioljubuski.ba\/#website","url":"https:\/\/radioljubuski.ba\/","name":"Radio Ljubu\u0161ki","description":"Sun\u010dana frekvencija Hercegovine","publisher":{"@id":"https:\/\/radioljubuski.ba\/#organization"},"potentialAction":[{"@type":"SearchAction","target":{"@type":"EntryPoint","urlTemplate":"https:\/\/radioljubuski.ba\/?s={search_term_string}"},"query-input":{"@type":"PropertyValueSpecification","valueRequired":true,"valueName":"search_term_string"}}],"inLanguage":"hr"},{"@type":"Organization","@id":"https:\/\/radioljubuski.ba\/#organization","name":"Radio Ljubu\u0161ki","url":"https:\/\/radioljubuski.ba\/","logo":{"@type":"ImageObject","inLanguage":"hr","@id":"https:\/\/radioljubuski.ba\/#\/schema\/logo\/image\/","url":"https:\/\/radioljubuski.ba\/wp-content\/uploads\/2021\/02\/cropped-Radio_Ljubuski_logo1.jpg","contentUrl":"https:\/\/radioljubuski.ba\/wp-content\/uploads\/2021\/02\/cropped-Radio_Ljubuski_logo1.jpg","width":512,"height":512,"caption":"Radio Ljubu\u0161ki"},"image":{"@id":"https:\/\/radioljubuski.ba\/#\/schema\/logo\/image\/"},"sameAs":["https:\/\/www.facebook.com\/Radiio-Ljubuski-1490835324566332","https:\/\/x.com\/radioljubuski","https:\/\/hr.linkedin.com\/company\/radio-ljubuski","https:\/\/www.youtube.com\/channel\/UCHYaeO_n0Db3tjNGudGpXyw"]},{"@type":"Person","@id":"https:\/\/radioljubuski.ba\/#\/schema\/person\/19fc700381a780f69665d7956c469e3b","name":"Radio Ljubu\u0161ki"}]}},"_links":{"self":[{"href":"https:\/\/radioljubuski.ba\/index.php\/wp-json\/wp\/v2\/posts\/148932","targetHints":{"allow":["GET"]}}],"collection":[{"href":"https:\/\/radioljubuski.ba\/index.php\/wp-json\/wp\/v2\/posts"}],"about":[{"href":"https:\/\/radioljubuski.ba\/index.php\/wp-json\/wp\/v2\/types\/post"}],"author":[{"embeddable":true,"href":"https:\/\/radioljubuski.ba\/index.php\/wp-json\/wp\/v2\/users\/2"}],"replies":[{"embeddable":true,"href":"https:\/\/radioljubuski.ba\/index.php\/wp-json\/wp\/v2\/comments?post=148932"}],"version-history":[{"count":1,"href":"https:\/\/radioljubuski.ba\/index.php\/wp-json\/wp\/v2\/posts\/148932\/revisions"}],"predecessor-version":[{"id":148934,"href":"https:\/\/radioljubuski.ba\/index.php\/wp-json\/wp\/v2\/posts\/148932\/revisions\/148934"}],"wp:featuredmedia":[{"embeddable":true,"href":"https:\/\/radioljubuski.ba\/index.php\/wp-json\/wp\/v2\/media\/148933"}],"wp:attachment":[{"href":"https:\/\/radioljubuski.ba\/index.php\/wp-json\/wp\/v2\/media?parent=148932"}],"wp:term":[{"taxonomy":"category","embeddable":true,"href":"https:\/\/radioljubuski.ba\/index.php\/wp-json\/wp\/v2\/categories?post=148932"},{"taxonomy":"post_tag","embeddable":true,"href":"https:\/\/radioljubuski.ba\/index.php\/wp-json\/wp\/v2\/tags?post=148932"}],"curies":[{"name":"wp","href":"https:\/\/api.w.org\/{rel}","templated":true}]}}