{"id":149263,"date":"2022-06-14T09:16:36","date_gmt":"2022-06-14T08:16:36","guid":{"rendered":"https:\/\/radioljubuski.ba\/?p=149263"},"modified":"2022-06-14T09:16:38","modified_gmt":"2022-06-14T08:16:38","slug":"sudacka-festa-u-posusju","status":"publish","type":"post","link":"https:\/\/radioljubuski.ba\/index.php\/2022\/06\/14\/sudacka-festa-u-posusju\/","title":{"rendered":"Suda\u010dka fe\u0161ta u Posu\u0161ju"},"content":{"rendered":"\n<p>Nogometni suci u Bosni i Hercegovini, pa tako i u \u017dupaniji Zapadnohercegova\u010dkoj tradicionalno nakon zavr\u0161etka sezone odigraju utakmica izme\u0111u sudaca udru\u017eenja Sarajevo i udruge sudaca \u017dZH-e. Ove godine iz \u017dZH-e pozvali su prijatelje iz HN\u017d-a, iz Mostara kako bi ih poja\u010dali jer im je falilo nekoliko bitnih igra\u010da. Pro\u0161le godine u Sarajevu a sad na Mokrom Docu u Posu\u0161ju.<\/p>\n\n\n\n<p>Iako rezultat u ovakvim prigodama nije toliko bitan pobijedila je doma\u0107a ekipa, a sudile su sutkinje iz Sarajeva. Doma\u0107in je bio H\u0160K Posu\u0161je koji je osim glavnog terena osigurao i ve\u010deru u elitnom restoranu Astorija za sve sudionike njih oko 80. Iz Udruge sudaca \u017dZH-e zahvalili su doma\u0107inu, a tre\u0107e poluvrijeme uz glazbu bilo je do ranih jutarnjih sati.<\/p>\n\n\n\n<p><br>\u201eNakon Ljubu\u0161kog koncem pro\u0161le godine kad su se skupili suci iz cijele BiH na odli\u010dno organiziranoj manifestaciji \u201eSuci humanitarci, udruga sudaca \u017dZH-e jo\u0161 je jednom bila dobar organizator. Hvala svima, a osobito predsjedniku H\u0160K Posu\u0161je Dariju Sesaru koji se potrudio da ni\u0161ta i ni\u010dega ne manjka\u201c, rekao nam je Goran Parad\u017eik, predsjednik udruge sudaca \u017dZH-e.<\/p>\n\n\n\n<figure class=\"wp-block-gallery columns-3 is-cropped wp-block-gallery-1 is-layout-flex wp-block-gallery-is-layout-flex\"><ul class=\"blocks-gallery-grid\"><li class=\"blocks-gallery-item\"><figure><img loading=\"lazy\" decoding=\"async\" width=\"1024\" height=\"768\" src=\"https:\/\/radioljubuski.ba\/wp-content\/uploads\/2022\/06\/IMG-20220612-WA0001.jpg\" alt=\"\" data-id=\"149266\" data-full-url=\"https:\/\/radioljubuski.ba\/wp-content\/uploads\/2022\/06\/IMG-20220612-WA0001.jpg\" data-link=\"https:\/\/radioljubuski.ba\/?attachment_id=149266\" class=\"wp-image-149266\" srcset=\"https:\/\/radioljubuski.ba\/wp-content\/uploads\/2022\/06\/IMG-20220612-WA0001.jpg 1024w, https:\/\/radioljubuski.ba\/wp-content\/uploads\/2022\/06\/IMG-20220612-WA0001-300x225.jpg 300w, https:\/\/radioljubuski.ba\/wp-content\/uploads\/2022\/06\/IMG-20220612-WA0001-768x576.jpg 768w, https:\/\/radioljubuski.ba\/wp-content\/uploads\/2022\/06\/IMG-20220612-WA0001-16x12.jpg 16w\" sizes=\"auto, (max-width: 1024px) 100vw, 1024px\" \/><\/figure><\/li><li class=\"blocks-gallery-item\"><figure><img loading=\"lazy\" decoding=\"async\" width=\"1024\" height=\"678\" src=\"https:\/\/radioljubuski.ba\/wp-content\/uploads\/2022\/06\/IMG-20220612-WA0002-1.jpg\" alt=\"\" data-id=\"149267\" data-full-url=\"https:\/\/radioljubuski.ba\/wp-content\/uploads\/2022\/06\/IMG-20220612-WA0002-1.jpg\" data-link=\"https:\/\/radioljubuski.ba\/?attachment_id=149267\" class=\"wp-image-149267\" srcset=\"https:\/\/radioljubuski.ba\/wp-content\/uploads\/2022\/06\/IMG-20220612-WA0002-1.jpg 1024w, https:\/\/radioljubuski.ba\/wp-content\/uploads\/2022\/06\/IMG-20220612-WA0002-1-300x199.jpg 300w, https:\/\/radioljubuski.ba\/wp-content\/uploads\/2022\/06\/IMG-20220612-WA0002-1-768x509.jpg 768w, https:\/\/radioljubuski.ba\/wp-content\/uploads\/2022\/06\/IMG-20220612-WA0002-1-18x12.jpg 18w\" sizes=\"auto, (max-width: 1024px) 100vw, 1024px\" \/><\/figure><\/li><li class=\"blocks-gallery-item\"><figure><img loading=\"lazy\" decoding=\"async\" width=\"1024\" height=\"768\" src=\"https:\/\/radioljubuski.ba\/wp-content\/uploads\/2022\/06\/IMG-20220612-WA0003.jpg\" alt=\"\" data-id=\"149268\" data-full-url=\"https:\/\/radioljubuski.ba\/wp-content\/uploads\/2022\/06\/IMG-20220612-WA0003.jpg\" data-link=\"https:\/\/radioljubuski.ba\/?attachment_id=149268\" class=\"wp-image-149268\" srcset=\"https:\/\/radioljubuski.ba\/wp-content\/uploads\/2022\/06\/IMG-20220612-WA0003.jpg 1024w, https:\/\/radioljubuski.ba\/wp-content\/uploads\/2022\/06\/IMG-20220612-WA0003-300x225.jpg 300w, https:\/\/radioljubuski.ba\/wp-content\/uploads\/2022\/06\/IMG-20220612-WA0003-768x576.jpg 768w, https:\/\/radioljubuski.ba\/wp-content\/uploads\/2022\/06\/IMG-20220612-WA0003-16x12.jpg 16w\" sizes=\"auto, (max-width: 1024px) 100vw, 1024px\" \/><\/figure><\/li><li class=\"blocks-gallery-item\"><figure><img loading=\"lazy\" decoding=\"async\" width=\"1024\" height=\"768\" src=\"https:\/\/radioljubuski.ba\/wp-content\/uploads\/2022\/06\/IMG-20220612-WA0004.jpg\" alt=\"\" data-id=\"149269\" data-full-url=\"https:\/\/radioljubuski.ba\/wp-content\/uploads\/2022\/06\/IMG-20220612-WA0004.jpg\" data-link=\"https:\/\/radioljubuski.ba\/?attachment_id=149269\" class=\"wp-image-149269\" srcset=\"https:\/\/radioljubuski.ba\/wp-content\/uploads\/2022\/06\/IMG-20220612-WA0004.jpg 1024w, https:\/\/radioljubuski.ba\/wp-content\/uploads\/2022\/06\/IMG-20220612-WA0004-300x225.jpg 300w, https:\/\/radioljubuski.ba\/wp-content\/uploads\/2022\/06\/IMG-20220612-WA0004-768x576.jpg 768w, https:\/\/radioljubuski.ba\/wp-content\/uploads\/2022\/06\/IMG-20220612-WA0004-16x12.jpg 16w\" sizes=\"auto, (max-width: 1024px) 100vw, 1024px\" \/><\/figure><\/li><li class=\"blocks-gallery-item\"><figure><img loading=\"lazy\" decoding=\"async\" width=\"975\" height=\"768\" src=\"https:\/\/radioljubuski.ba\/wp-content\/uploads\/2022\/06\/IMG-20220612-WA0005.jpg\" alt=\"\" data-id=\"149270\" data-full-url=\"https:\/\/radioljubuski.ba\/wp-content\/uploads\/2022\/06\/IMG-20220612-WA0005.jpg\" data-link=\"https:\/\/radioljubuski.ba\/?attachment_id=149270\" class=\"wp-image-149270\" srcset=\"https:\/\/radioljubuski.ba\/wp-content\/uploads\/2022\/06\/IMG-20220612-WA0005.jpg 975w, https:\/\/radioljubuski.ba\/wp-content\/uploads\/2022\/06\/IMG-20220612-WA0005-300x236.jpg 300w, https:\/\/radioljubuski.ba\/wp-content\/uploads\/2022\/06\/IMG-20220612-WA0005-768x605.jpg 768w, https:\/\/radioljubuski.ba\/wp-content\/uploads\/2022\/06\/IMG-20220612-WA0005-15x12.jpg 15w\" sizes=\"auto, (max-width: 975px) 100vw, 975px\" \/><\/figure><\/li><li class=\"blocks-gallery-item\"><figure><img loading=\"lazy\" decoding=\"async\" width=\"1024\" height=\"768\" src=\"https:\/\/radioljubuski.ba\/wp-content\/uploads\/2022\/06\/IMG-20220612-WA0006.jpg\" alt=\"\" data-id=\"149271\" data-full-url=\"https:\/\/radioljubuski.ba\/wp-content\/uploads\/2022\/06\/IMG-20220612-WA0006.jpg\" data-link=\"https:\/\/radioljubuski.ba\/?attachment_id=149271\" class=\"wp-image-149271\" srcset=\"https:\/\/radioljubuski.ba\/wp-content\/uploads\/2022\/06\/IMG-20220612-WA0006.jpg 1024w, https:\/\/radioljubuski.ba\/wp-content\/uploads\/2022\/06\/IMG-20220612-WA0006-300x225.jpg 300w, https:\/\/radioljubuski.ba\/wp-content\/uploads\/2022\/06\/IMG-20220612-WA0006-768x576.jpg 768w, https:\/\/radioljubuski.ba\/wp-content\/uploads\/2022\/06\/IMG-20220612-WA0006-16x12.jpg 16w\" sizes=\"auto, (max-width: 1024px) 100vw, 1024px\" \/><\/figure><\/li><li class=\"blocks-gallery-item\"><figure><img loading=\"lazy\" decoding=\"async\" width=\"854\" height=\"609\" src=\"https:\/\/radioljubuski.ba\/wp-content\/uploads\/2022\/06\/IMG-20220612-WA0008.jpg\" alt=\"\" data-id=\"149272\" data-full-url=\"https:\/\/radioljubuski.ba\/wp-content\/uploads\/2022\/06\/IMG-20220612-WA0008.jpg\" data-link=\"https:\/\/radioljubuski.ba\/?attachment_id=149272\" class=\"wp-image-149272\" srcset=\"https:\/\/radioljubuski.ba\/wp-content\/uploads\/2022\/06\/IMG-20220612-WA0008.jpg 854w, https:\/\/radioljubuski.ba\/wp-content\/uploads\/2022\/06\/IMG-20220612-WA0008-300x214.jpg 300w, https:\/\/radioljubuski.ba\/wp-content\/uploads\/2022\/06\/IMG-20220612-WA0008-768x548.jpg 768w, https:\/\/radioljubuski.ba\/wp-content\/uploads\/2022\/06\/IMG-20220612-WA0008-18x12.jpg 18w\" sizes=\"auto, (max-width: 854px) 100vw, 854px\" \/><\/figure><\/li><li class=\"blocks-gallery-item\"><figure><img loading=\"lazy\" decoding=\"async\" width=\"768\" height=\"1024\" src=\"https:\/\/radioljubuski.ba\/wp-content\/uploads\/2022\/06\/IMG-20220612-WA0009.jpg\" alt=\"\" data-id=\"149273\" data-full-url=\"https:\/\/radioljubuski.ba\/wp-content\/uploads\/2022\/06\/IMG-20220612-WA0009.jpg\" data-link=\"https:\/\/radioljubuski.ba\/?attachment_id=149273\" class=\"wp-image-149273\" srcset=\"https:\/\/radioljubuski.ba\/wp-content\/uploads\/2022\/06\/IMG-20220612-WA0009.jpg 768w, https:\/\/radioljubuski.ba\/wp-content\/uploads\/2022\/06\/IMG-20220612-WA0009-225x300.jpg 225w, https:\/\/radioljubuski.ba\/wp-content\/uploads\/2022\/06\/IMG-20220612-WA0009-9x12.jpg 9w\" sizes=\"auto, (max-width: 768px) 100vw, 768px\" \/><\/figure><\/li><li class=\"blocks-gallery-item\"><figure><img loading=\"lazy\" decoding=\"async\" width=\"1024\" height=\"768\" src=\"https:\/\/radioljubuski.ba\/wp-content\/uploads\/2022\/06\/IMG-20220612-WA0010-1024x768.jpg\" alt=\"\" data-id=\"149274\" data-full-url=\"https:\/\/radioljubuski.ba\/wp-content\/uploads\/2022\/06\/IMG-20220612-WA0010.jpg\" data-link=\"https:\/\/radioljubuski.ba\/?attachment_id=149274\" class=\"wp-image-149274\" srcset=\"https:\/\/radioljubuski.ba\/wp-content\/uploads\/2022\/06\/IMG-20220612-WA0010-1024x768.jpg 1024w, https:\/\/radioljubuski.ba\/wp-content\/uploads\/2022\/06\/IMG-20220612-WA0010-300x225.jpg 300w, https:\/\/radioljubuski.ba\/wp-content\/uploads\/2022\/06\/IMG-20220612-WA0010-768x576.jpg 768w, https:\/\/radioljubuski.ba\/wp-content\/uploads\/2022\/06\/IMG-20220612-WA0010-1536x1152.jpg 1536w, https:\/\/radioljubuski.ba\/wp-content\/uploads\/2022\/06\/IMG-20220612-WA0010-16x12.jpg 16w, https:\/\/radioljubuski.ba\/wp-content\/uploads\/2022\/06\/IMG-20220612-WA0010.jpg 1952w\" sizes=\"auto, (max-width: 1024px) 100vw, 1024px\" \/><\/figure><\/li><li class=\"blocks-gallery-item\"><figure><img loading=\"lazy\" decoding=\"async\" width=\"1024\" height=\"768\" src=\"https:\/\/radioljubuski.ba\/wp-content\/uploads\/2022\/06\/IMG-20220612-WA0011-1024x768.jpg\" alt=\"\" data-id=\"149275\" data-full-url=\"https:\/\/radioljubuski.ba\/wp-content\/uploads\/2022\/06\/IMG-20220612-WA0011.jpg\" data-link=\"https:\/\/radioljubuski.ba\/?attachment_id=149275\" class=\"wp-image-149275\" srcset=\"https:\/\/radioljubuski.ba\/wp-content\/uploads\/2022\/06\/IMG-20220612-WA0011-1024x768.jpg 1024w, https:\/\/radioljubuski.ba\/wp-content\/uploads\/2022\/06\/IMG-20220612-WA0011-300x225.jpg 300w, https:\/\/radioljubuski.ba\/wp-content\/uploads\/2022\/06\/IMG-20220612-WA0011-768x576.jpg 768w, https:\/\/radioljubuski.ba\/wp-content\/uploads\/2022\/06\/IMG-20220612-WA0011-1536x1152.jpg 1536w, https:\/\/radioljubuski.ba\/wp-content\/uploads\/2022\/06\/IMG-20220612-WA0011-16x12.jpg 16w, https:\/\/radioljubuski.ba\/wp-content\/uploads\/2022\/06\/IMG-20220612-WA0011.jpg 1952w\" sizes=\"auto, (max-width: 1024px) 100vw, 1024px\" \/><\/figure><\/li><li class=\"blocks-gallery-item\"><figure><img loading=\"lazy\" decoding=\"async\" width=\"929\" height=\"768\" src=\"https:\/\/radioljubuski.ba\/wp-content\/uploads\/2022\/06\/IMG-20220612-WA0000-1.jpg\" alt=\"\" data-id=\"149276\" data-full-url=\"https:\/\/radioljubuski.ba\/wp-content\/uploads\/2022\/06\/IMG-20220612-WA0000-1.jpg\" data-link=\"https:\/\/radioljubuski.ba\/?attachment_id=149276\" class=\"wp-image-149276\" srcset=\"https:\/\/radioljubuski.ba\/wp-content\/uploads\/2022\/06\/IMG-20220612-WA0000-1.jpg 929w, https:\/\/radioljubuski.ba\/wp-content\/uploads\/2022\/06\/IMG-20220612-WA0000-1-300x248.jpg 300w, https:\/\/radioljubuski.ba\/wp-content\/uploads\/2022\/06\/IMG-20220612-WA0000-1-768x635.jpg 768w, https:\/\/radioljubuski.ba\/wp-content\/uploads\/2022\/06\/IMG-20220612-WA0000-1-15x12.jpg 15w\" sizes=\"auto, (max-width: 929px) 100vw, 929px\" \/><\/figure><\/li><\/ul><\/figure>\n\n\n\n<p>Mile Kraljevi\u0107\/ Radio Ljubu\u0161ki<\/p>\n","protected":false},"excerpt":{"rendered":"<p>Nogometni suci u Bosni i Hercegovini, pa tako i u \u017dupaniji Zapadnohercegova\u010dkoj tradicionalno nakon zavr\u0161etka sezone odigraju utakmica izme\u0111u sudaca udru\u017eenja Sarajevo i udruge sudaca \u017dZH-e. Ove godine iz \u017dZH-e pozvali su prijatelje iz HN\u017d-a, iz Mostara kako bi ih poja\u010dali jer im je falilo nekoliko bitnih igra\u010da. Pro\u0161le godine u Sarajevu a sad na [&hellip;]<\/p>\n","protected":false},"author":2,"featured_media":149264,"comment_status":"closed","ping_status":"closed","sticky":false,"template":"","format":"standard","meta":{"h5ap_radio_sources":[],"footnotes":""},"categories":[7],"tags":[],"class_list":["post-149263","post","type-post","status-publish","format-standard","has-post-thumbnail","hentry","category-sport"],"yoast_head":"<!-- This site is optimized with the Yoast SEO plugin v27.4 - https:\/\/yoast.com\/product\/yoast-seo-wordpress\/ -->\n<title>Suda\u010dka fe\u0161ta u Posu\u0161ju - RADIO LJUBU\u0160KI<\/title>\n<meta name=\"robots\" content=\"index, follow, max-snippet:-1, max-image-preview:large, max-video-preview:-1\" \/>\n<link rel=\"canonical\" href=\"https:\/\/radioljubuski.ba\/index.php\/2022\/06\/14\/sudacka-festa-u-posusju\/\" \/>\n<meta property=\"og:locale\" content=\"hr_HR\" \/>\n<meta property=\"og:type\" content=\"article\" \/>\n<meta property=\"og:title\" content=\"Suda\u010dka fe\u0161ta u Posu\u0161ju - RADIO LJUBU\u0160KI\" \/>\n<meta property=\"og:description\" content=\"Nogometni suci u Bosni i Hercegovini, pa tako i u \u017dupaniji Zapadnohercegova\u010dkoj tradicionalno nakon zavr\u0161etka sezone odigraju utakmica izme\u0111u sudaca udru\u017eenja Sarajevo i udruge sudaca \u017dZH-e. Ove godine iz \u017dZH-e pozvali su prijatelje iz HN\u017d-a, iz Mostara kako bi ih poja\u010dali jer im je falilo nekoliko bitnih igra\u010da. Pro\u0161le godine u Sarajevu a sad na [&hellip;]\" \/>\n<meta property=\"og:url\" content=\"https:\/\/radioljubuski.ba\/index.php\/2022\/06\/14\/sudacka-festa-u-posusju\/\" \/>\n<meta property=\"og:site_name\" content=\"RADIO LJUBU\u0160KI\" \/>\n<meta property=\"article:publisher\" content=\"https:\/\/www.facebook.com\/Radiio-Ljubuski-1490835324566332\" \/>\n<meta property=\"article:published_time\" content=\"2022-06-14T08:16:36+00:00\" \/>\n<meta property=\"article:modified_time\" content=\"2022-06-14T08:16:38+00:00\" \/>\n<meta property=\"og:image\" content=\"https:\/\/radioljubuski.ba\/wp-content\/uploads\/2022\/06\/IMG-20220612-WA0002.jpg\" \/>\n\t<meta property=\"og:image:width\" content=\"1024\" \/>\n\t<meta property=\"og:image:height\" content=\"678\" \/>\n\t<meta property=\"og:image:type\" content=\"image\/jpeg\" \/>\n<meta name=\"author\" content=\"Radio Ljubu\u0161ki\" \/>\n<meta name=\"twitter:card\" content=\"summary_large_image\" \/>\n<meta name=\"twitter:creator\" content=\"@radioljubuski\" \/>\n<meta name=\"twitter:site\" content=\"@radioljubuski\" \/>\n<meta name=\"twitter:label1\" content=\"Napisao\/la\" \/>\n\t<meta name=\"twitter:data1\" content=\"Radio Ljubu\u0161ki\" \/>\n\t<meta name=\"twitter:label2\" content=\"Procijenjeno vrijeme \u010ditanja\" \/>\n\t<meta name=\"twitter:data2\" content=\"3 minute\" \/>\n<script type=\"application\/ld+json\" class=\"yoast-schema-graph\">{\"@context\":\"https:\\\/\\\/schema.org\",\"@graph\":[{\"@type\":\"Article\",\"@id\":\"https:\\\/\\\/radioljubuski.ba\\\/index.php\\\/2022\\\/06\\\/14\\\/sudacka-festa-u-posusju\\\/#article\",\"isPartOf\":{\"@id\":\"https:\\\/\\\/radioljubuski.ba\\\/index.php\\\/2022\\\/06\\\/14\\\/sudacka-festa-u-posusju\\\/\"},\"author\":{\"name\":\"Radio Ljubu\u0161ki\",\"@id\":\"https:\\\/\\\/radioljubuski.ba\\\/#\\\/schema\\\/person\\\/19fc700381a780f69665d7956c469e3b\"},\"headline\":\"Suda\u010dka fe\u0161ta u Posu\u0161ju\",\"datePublished\":\"2022-06-14T08:16:36+00:00\",\"dateModified\":\"2022-06-14T08:16:38+00:00\",\"mainEntityOfPage\":{\"@id\":\"https:\\\/\\\/radioljubuski.ba\\\/index.php\\\/2022\\\/06\\\/14\\\/sudacka-festa-u-posusju\\\/\"},\"wordCount\":208,\"publisher\":{\"@id\":\"https:\\\/\\\/radioljubuski.ba\\\/#organization\"},\"image\":{\"@id\":\"https:\\\/\\\/radioljubuski.ba\\\/index.php\\\/2022\\\/06\\\/14\\\/sudacka-festa-u-posusju\\\/#primaryimage\"},\"thumbnailUrl\":\"https:\\\/\\\/radioljubuski.ba\\\/wp-content\\\/uploads\\\/2022\\\/06\\\/IMG-20220612-WA0002.jpg\",\"articleSection\":[\"\u0160port\"],\"inLanguage\":\"hr\"},{\"@type\":\"WebPage\",\"@id\":\"https:\\\/\\\/radioljubuski.ba\\\/index.php\\\/2022\\\/06\\\/14\\\/sudacka-festa-u-posusju\\\/\",\"url\":\"https:\\\/\\\/radioljubuski.ba\\\/index.php\\\/2022\\\/06\\\/14\\\/sudacka-festa-u-posusju\\\/\",\"name\":\"Suda\u010dka fe\u0161ta u Posu\u0161ju - RADIO LJUBU\u0160KI\",\"isPartOf\":{\"@id\":\"https:\\\/\\\/radioljubuski.ba\\\/#website\"},\"primaryImageOfPage\":{\"@id\":\"https:\\\/\\\/radioljubuski.ba\\\/index.php\\\/2022\\\/06\\\/14\\\/sudacka-festa-u-posusju\\\/#primaryimage\"},\"image\":{\"@id\":\"https:\\\/\\\/radioljubuski.ba\\\/index.php\\\/2022\\\/06\\\/14\\\/sudacka-festa-u-posusju\\\/#primaryimage\"},\"thumbnailUrl\":\"https:\\\/\\\/radioljubuski.ba\\\/wp-content\\\/uploads\\\/2022\\\/06\\\/IMG-20220612-WA0002.jpg\",\"datePublished\":\"2022-06-14T08:16:36+00:00\",\"dateModified\":\"2022-06-14T08:16:38+00:00\",\"breadcrumb\":{\"@id\":\"https:\\\/\\\/radioljubuski.ba\\\/index.php\\\/2022\\\/06\\\/14\\\/sudacka-festa-u-posusju\\\/#breadcrumb\"},\"inLanguage\":\"hr\",\"potentialAction\":[{\"@type\":\"ReadAction\",\"target\":[\"https:\\\/\\\/radioljubuski.ba\\\/index.php\\\/2022\\\/06\\\/14\\\/sudacka-festa-u-posusju\\\/\"]}]},{\"@type\":\"ImageObject\",\"inLanguage\":\"hr\",\"@id\":\"https:\\\/\\\/radioljubuski.ba\\\/index.php\\\/2022\\\/06\\\/14\\\/sudacka-festa-u-posusju\\\/#primaryimage\",\"url\":\"https:\\\/\\\/radioljubuski.ba\\\/wp-content\\\/uploads\\\/2022\\\/06\\\/IMG-20220612-WA0002.jpg\",\"contentUrl\":\"https:\\\/\\\/radioljubuski.ba\\\/wp-content\\\/uploads\\\/2022\\\/06\\\/IMG-20220612-WA0002.jpg\",\"width\":1024,\"height\":678},{\"@type\":\"BreadcrumbList\",\"@id\":\"https:\\\/\\\/radioljubuski.ba\\\/index.php\\\/2022\\\/06\\\/14\\\/sudacka-festa-u-posusju\\\/#breadcrumb\",\"itemListElement\":[{\"@type\":\"ListItem\",\"position\":1,\"name\":\"Po\u010detna stranica\",\"item\":\"https:\\\/\\\/radioljubuski.ba\\\/\"},{\"@type\":\"ListItem\",\"position\":2,\"name\":\"Suda\u010dka fe\u0161ta u Posu\u0161ju\"}]},{\"@type\":\"WebSite\",\"@id\":\"https:\\\/\\\/radioljubuski.ba\\\/#website\",\"url\":\"https:\\\/\\\/radioljubuski.ba\\\/\",\"name\":\"Radio Ljubu\u0161ki\",\"description\":\"Sun\u010dana frekvencija Hercegovine\",\"publisher\":{\"@id\":\"https:\\\/\\\/radioljubuski.ba\\\/#organization\"},\"potentialAction\":[{\"@type\":\"SearchAction\",\"target\":{\"@type\":\"EntryPoint\",\"urlTemplate\":\"https:\\\/\\\/radioljubuski.ba\\\/?s={search_term_string}\"},\"query-input\":{\"@type\":\"PropertyValueSpecification\",\"valueRequired\":true,\"valueName\":\"search_term_string\"}}],\"inLanguage\":\"hr\"},{\"@type\":\"Organization\",\"@id\":\"https:\\\/\\\/radioljubuski.ba\\\/#organization\",\"name\":\"Radio Ljubu\u0161ki\",\"url\":\"https:\\\/\\\/radioljubuski.ba\\\/\",\"logo\":{\"@type\":\"ImageObject\",\"inLanguage\":\"hr\",\"@id\":\"https:\\\/\\\/radioljubuski.ba\\\/#\\\/schema\\\/logo\\\/image\\\/\",\"url\":\"https:\\\/\\\/radioljubuski.ba\\\/wp-content\\\/uploads\\\/2021\\\/02\\\/cropped-Radio_Ljubuski_logo1.jpg\",\"contentUrl\":\"https:\\\/\\\/radioljubuski.ba\\\/wp-content\\\/uploads\\\/2021\\\/02\\\/cropped-Radio_Ljubuski_logo1.jpg\",\"width\":512,\"height\":512,\"caption\":\"Radio Ljubu\u0161ki\"},\"image\":{\"@id\":\"https:\\\/\\\/radioljubuski.ba\\\/#\\\/schema\\\/logo\\\/image\\\/\"},\"sameAs\":[\"https:\\\/\\\/www.facebook.com\\\/Radiio-Ljubuski-1490835324566332\",\"https:\\\/\\\/x.com\\\/radioljubuski\",\"https:\\\/\\\/hr.linkedin.com\\\/company\\\/radio-ljubuski\",\"https:\\\/\\\/www.youtube.com\\\/channel\\\/UCHYaeO_n0Db3tjNGudGpXyw\"]},{\"@type\":\"Person\",\"@id\":\"https:\\\/\\\/radioljubuski.ba\\\/#\\\/schema\\\/person\\\/19fc700381a780f69665d7956c469e3b\",\"name\":\"Radio Ljubu\u0161ki\"}]}<\/script>\n<!-- \/ Yoast SEO plugin. -->","yoast_head_json":{"title":"Suda\u010dka fe\u0161ta u Posu\u0161ju - RADIO LJUBU\u0160KI","robots":{"index":"index","follow":"follow","max-snippet":"max-snippet:-1","max-image-preview":"max-image-preview:large","max-video-preview":"max-video-preview:-1"},"canonical":"https:\/\/radioljubuski.ba\/index.php\/2022\/06\/14\/sudacka-festa-u-posusju\/","og_locale":"hr_HR","og_type":"article","og_title":"Suda\u010dka fe\u0161ta u Posu\u0161ju - RADIO LJUBU\u0160KI","og_description":"Nogometni suci u Bosni i Hercegovini, pa tako i u \u017dupaniji Zapadnohercegova\u010dkoj tradicionalno nakon zavr\u0161etka sezone odigraju utakmica izme\u0111u sudaca udru\u017eenja Sarajevo i udruge sudaca \u017dZH-e. Ove godine iz \u017dZH-e pozvali su prijatelje iz HN\u017d-a, iz Mostara kako bi ih poja\u010dali jer im je falilo nekoliko bitnih igra\u010da. Pro\u0161le godine u Sarajevu a sad na [&hellip;]","og_url":"https:\/\/radioljubuski.ba\/index.php\/2022\/06\/14\/sudacka-festa-u-posusju\/","og_site_name":"RADIO LJUBU\u0160KI","article_publisher":"https:\/\/www.facebook.com\/Radiio-Ljubuski-1490835324566332","article_published_time":"2022-06-14T08:16:36+00:00","article_modified_time":"2022-06-14T08:16:38+00:00","og_image":[{"width":1024,"height":678,"url":"https:\/\/radioljubuski.ba\/wp-content\/uploads\/2022\/06\/IMG-20220612-WA0002.jpg","type":"image\/jpeg"}],"author":"Radio Ljubu\u0161ki","twitter_card":"summary_large_image","twitter_creator":"@radioljubuski","twitter_site":"@radioljubuski","twitter_misc":{"Napisao\/la":"Radio Ljubu\u0161ki","Procijenjeno vrijeme \u010ditanja":"3 minute"},"schema":{"@context":"https:\/\/schema.org","@graph":[{"@type":"Article","@id":"https:\/\/radioljubuski.ba\/index.php\/2022\/06\/14\/sudacka-festa-u-posusju\/#article","isPartOf":{"@id":"https:\/\/radioljubuski.ba\/index.php\/2022\/06\/14\/sudacka-festa-u-posusju\/"},"author":{"name":"Radio Ljubu\u0161ki","@id":"https:\/\/radioljubuski.ba\/#\/schema\/person\/19fc700381a780f69665d7956c469e3b"},"headline":"Suda\u010dka fe\u0161ta u Posu\u0161ju","datePublished":"2022-06-14T08:16:36+00:00","dateModified":"2022-06-14T08:16:38+00:00","mainEntityOfPage":{"@id":"https:\/\/radioljubuski.ba\/index.php\/2022\/06\/14\/sudacka-festa-u-posusju\/"},"wordCount":208,"publisher":{"@id":"https:\/\/radioljubuski.ba\/#organization"},"image":{"@id":"https:\/\/radioljubuski.ba\/index.php\/2022\/06\/14\/sudacka-festa-u-posusju\/#primaryimage"},"thumbnailUrl":"https:\/\/radioljubuski.ba\/wp-content\/uploads\/2022\/06\/IMG-20220612-WA0002.jpg","articleSection":["\u0160port"],"inLanguage":"hr"},{"@type":"WebPage","@id":"https:\/\/radioljubuski.ba\/index.php\/2022\/06\/14\/sudacka-festa-u-posusju\/","url":"https:\/\/radioljubuski.ba\/index.php\/2022\/06\/14\/sudacka-festa-u-posusju\/","name":"Suda\u010dka fe\u0161ta u Posu\u0161ju - RADIO LJUBU\u0160KI","isPartOf":{"@id":"https:\/\/radioljubuski.ba\/#website"},"primaryImageOfPage":{"@id":"https:\/\/radioljubuski.ba\/index.php\/2022\/06\/14\/sudacka-festa-u-posusju\/#primaryimage"},"image":{"@id":"https:\/\/radioljubuski.ba\/index.php\/2022\/06\/14\/sudacka-festa-u-posusju\/#primaryimage"},"thumbnailUrl":"https:\/\/radioljubuski.ba\/wp-content\/uploads\/2022\/06\/IMG-20220612-WA0002.jpg","datePublished":"2022-06-14T08:16:36+00:00","dateModified":"2022-06-14T08:16:38+00:00","breadcrumb":{"@id":"https:\/\/radioljubuski.ba\/index.php\/2022\/06\/14\/sudacka-festa-u-posusju\/#breadcrumb"},"inLanguage":"hr","potentialAction":[{"@type":"ReadAction","target":["https:\/\/radioljubuski.ba\/index.php\/2022\/06\/14\/sudacka-festa-u-posusju\/"]}]},{"@type":"ImageObject","inLanguage":"hr","@id":"https:\/\/radioljubuski.ba\/index.php\/2022\/06\/14\/sudacka-festa-u-posusju\/#primaryimage","url":"https:\/\/radioljubuski.ba\/wp-content\/uploads\/2022\/06\/IMG-20220612-WA0002.jpg","contentUrl":"https:\/\/radioljubuski.ba\/wp-content\/uploads\/2022\/06\/IMG-20220612-WA0002.jpg","width":1024,"height":678},{"@type":"BreadcrumbList","@id":"https:\/\/radioljubuski.ba\/index.php\/2022\/06\/14\/sudacka-festa-u-posusju\/#breadcrumb","itemListElement":[{"@type":"ListItem","position":1,"name":"Po\u010detna stranica","item":"https:\/\/radioljubuski.ba\/"},{"@type":"ListItem","position":2,"name":"Suda\u010dka fe\u0161ta u Posu\u0161ju"}]},{"@type":"WebSite","@id":"https:\/\/radioljubuski.ba\/#website","url":"https:\/\/radioljubuski.ba\/","name":"Radio Ljubu\u0161ki","description":"Sun\u010dana frekvencija Hercegovine","publisher":{"@id":"https:\/\/radioljubuski.ba\/#organization"},"potentialAction":[{"@type":"SearchAction","target":{"@type":"EntryPoint","urlTemplate":"https:\/\/radioljubuski.ba\/?s={search_term_string}"},"query-input":{"@type":"PropertyValueSpecification","valueRequired":true,"valueName":"search_term_string"}}],"inLanguage":"hr"},{"@type":"Organization","@id":"https:\/\/radioljubuski.ba\/#organization","name":"Radio Ljubu\u0161ki","url":"https:\/\/radioljubuski.ba\/","logo":{"@type":"ImageObject","inLanguage":"hr","@id":"https:\/\/radioljubuski.ba\/#\/schema\/logo\/image\/","url":"https:\/\/radioljubuski.ba\/wp-content\/uploads\/2021\/02\/cropped-Radio_Ljubuski_logo1.jpg","contentUrl":"https:\/\/radioljubuski.ba\/wp-content\/uploads\/2021\/02\/cropped-Radio_Ljubuski_logo1.jpg","width":512,"height":512,"caption":"Radio Ljubu\u0161ki"},"image":{"@id":"https:\/\/radioljubuski.ba\/#\/schema\/logo\/image\/"},"sameAs":["https:\/\/www.facebook.com\/Radiio-Ljubuski-1490835324566332","https:\/\/x.com\/radioljubuski","https:\/\/hr.linkedin.com\/company\/radio-ljubuski","https:\/\/www.youtube.com\/channel\/UCHYaeO_n0Db3tjNGudGpXyw"]},{"@type":"Person","@id":"https:\/\/radioljubuski.ba\/#\/schema\/person\/19fc700381a780f69665d7956c469e3b","name":"Radio Ljubu\u0161ki"}]}},"_links":{"self":[{"href":"https:\/\/radioljubuski.ba\/index.php\/wp-json\/wp\/v2\/posts\/149263","targetHints":{"allow":["GET"]}}],"collection":[{"href":"https:\/\/radioljubuski.ba\/index.php\/wp-json\/wp\/v2\/posts"}],"about":[{"href":"https:\/\/radioljubuski.ba\/index.php\/wp-json\/wp\/v2\/types\/post"}],"author":[{"embeddable":true,"href":"https:\/\/radioljubuski.ba\/index.php\/wp-json\/wp\/v2\/users\/2"}],"replies":[{"embeddable":true,"href":"https:\/\/radioljubuski.ba\/index.php\/wp-json\/wp\/v2\/comments?post=149263"}],"version-history":[{"count":1,"href":"https:\/\/radioljubuski.ba\/index.php\/wp-json\/wp\/v2\/posts\/149263\/revisions"}],"predecessor-version":[{"id":149277,"href":"https:\/\/radioljubuski.ba\/index.php\/wp-json\/wp\/v2\/posts\/149263\/revisions\/149277"}],"wp:featuredmedia":[{"embeddable":true,"href":"https:\/\/radioljubuski.ba\/index.php\/wp-json\/wp\/v2\/media\/149264"}],"wp:attachment":[{"href":"https:\/\/radioljubuski.ba\/index.php\/wp-json\/wp\/v2\/media?parent=149263"}],"wp:term":[{"taxonomy":"category","embeddable":true,"href":"https:\/\/radioljubuski.ba\/index.php\/wp-json\/wp\/v2\/categories?post=149263"},{"taxonomy":"post_tag","embeddable":true,"href":"https:\/\/radioljubuski.ba\/index.php\/wp-json\/wp\/v2\/tags?post=149263"}],"curies":[{"name":"wp","href":"https:\/\/api.w.org\/{rel}","templated":true}]}}