{"id":14961,"date":"2021-04-21T10:17:00","date_gmt":"2021-04-21T09:17:00","guid":{"rendered":"https:\/\/radioljubuski.ba\/?p=14961"},"modified":"2021-04-21T10:17:01","modified_gmt":"2021-04-21T09:17:01","slug":"mostar-u-bolnici-umrlo-osam-osoba-na-lijecenju-149-pacijenata","status":"publish","type":"post","link":"https:\/\/radioljubuski.ba\/index.php\/2021\/04\/21\/mostar-u-bolnici-umrlo-osam-osoba-na-lijecenju-149-pacijenata\/","title":{"rendered":"Mostar: U bolnici umrlo osam osoba, na lije\u010denju 149 pacijenata"},"content":{"rendered":"\n<p>U Klinici za infektivne bolesti Sveu\u010dili\u0161ne klini\u010dke bolnice Mostar preminulo je 8 osoba:<\/p>\n\n\n\n<p>\u00b7 &nbsp; &nbsp; &nbsp; &nbsp; MU\u0160KA OSOBA,1978 GODI\u0160TE,GLAMO\u010c<\/p>\n\n\n\n<p>\u00b7 &nbsp; &nbsp; &nbsp; &nbsp; MU\u0160KA OSOBA,1956 GODI\u0160TE,MOSTAR<\/p>\n\n\n\n<p>\u00b7 &nbsp; &nbsp; &nbsp; &nbsp; MU\u0160KA OSOBA,1939 GODI\u0160TE,MOSTAR<\/p>\n\n\n\n<p>\u00b7 &nbsp; &nbsp; &nbsp; &nbsp; \u017dENSKA OSOBA,1930 GODI\u0160TE,PROZOR-RAMA<\/p>\n\n\n\n<p>\u00b7 &nbsp; &nbsp; &nbsp; &nbsp; \u017dENSKA OSOBA,1953 GODI\u0160TE,GRUDE<\/p>\n\n\n\n<p>\u00b7 &nbsp; &nbsp; &nbsp; &nbsp; MU\u0160KA OSOBA,1934 GODI\u0160TE,\u010cITLUK<\/p>\n\n\n\n<p>\u00b7 &nbsp; &nbsp; &nbsp; &nbsp; MU\u0160KA OSOBA,1939 GODI\u0160TE,\u010cAPLJINA<\/p>\n\n\n\n<p>\u00b7 &nbsp; &nbsp; &nbsp; &nbsp; \u017dENSKA OSOBA,1941 GODI\u0160TE,MOSTAR<\/p>\n\n\n\n<p>Na bolni\u010dkom lije\u010denju trenutno su 149 bolesnika, od kojih je 15 na invazivnoj i 10 na neinvazivnoj mehani\u010dkoj ventilaciji, a ostali su klini\u010dki stabilno. Tijekom posljednja 24 sata hospitalizirano je 18, a otpu\u0161teno 14 pacijenata.<\/p>\n\n\n\n<p>U Zavodu za mikrobiologiju i molekularnu dijagnostiku SKB testirano je 902 uzoraka. U Hercegova\u010dko-neretvanskoj \u017eupaniji pozitivnih je 181 i to: 129 iz Mostara, 9 iz \u010citluka, 6 iz Jablanice, 4 iz Ravnog, 26 iz \u010capljine, 4 iz Konjica i 3 iz Prozor- Rame.<\/p>\n\n\n\n<p>\u017dupanijski i op\u0107inski sanitarni inspektori izdali su ju\u010der 372 rje\u0161enje o samoizoliranju i izoliranju, a na snazi je 4 023 rje\u0161enje. Ukupno su izdana 34 495 rje\u0161enja.<\/p>\n\n\n\n<p><a href=\"https:\/\/pogled.ba\/novosti\/mostar-u-bolnici-umrlo-osam-osoba-na-lijecenju-149-pacijenata\/214966\">Izvor: Pogled.ba<\/a><\/p>\n","protected":false},"excerpt":{"rendered":"<p>U Klinici za infektivne bolesti Sveu\u010dili\u0161ne klini\u010dke bolnice Mostar preminulo je 8 osoba: \u00b7 &nbsp; &nbsp; &nbsp; &nbsp; MU\u0160KA OSOBA,1978 GODI\u0160TE,GLAMO\u010c \u00b7 &nbsp; &nbsp; &nbsp; &nbsp; MU\u0160KA OSOBA,1956 GODI\u0160TE,MOSTAR \u00b7 &nbsp; &nbsp; &nbsp; &nbsp; MU\u0160KA OSOBA,1939 GODI\u0160TE,MOSTAR \u00b7 &nbsp; &nbsp; &nbsp; &nbsp; \u017dENSKA OSOBA,1930 GODI\u0160TE,PROZOR-RAMA \u00b7 &nbsp; &nbsp; &nbsp; &nbsp; \u017dENSKA OSOBA,1953 GODI\u0160TE,GRUDE \u00b7 &nbsp; [&hellip;]<\/p>\n","protected":false},"author":2,"featured_media":14962,"comment_status":"closed","ping_status":"closed","sticky":false,"template":"","format":"standard","meta":{"h5ap_radio_sources":[],"footnotes":""},"categories":[1],"tags":[],"class_list":["post-14961","post","type-post","status-publish","format-standard","has-post-thumbnail","hentry","category-bihiregija"],"yoast_head":"<!-- This site is optimized with the Yoast SEO plugin v27.5 - https:\/\/yoast.com\/product\/yoast-seo-wordpress\/ -->\n<title>Mostar: U bolnici umrlo osam osoba, na lije\u010denju 149 pacijenata - RADIO LJUBU\u0160KI<\/title>\n<meta name=\"robots\" content=\"index, follow, max-snippet:-1, max-image-preview:large, max-video-preview:-1\" \/>\n<link rel=\"canonical\" href=\"https:\/\/radioljubuski.ba\/index.php\/2021\/04\/21\/mostar-u-bolnici-umrlo-osam-osoba-na-lijecenju-149-pacijenata\/\" \/>\n<meta property=\"og:locale\" content=\"hr_HR\" \/>\n<meta property=\"og:type\" content=\"article\" \/>\n<meta property=\"og:title\" content=\"Mostar: U bolnici umrlo osam osoba, na lije\u010denju 149 pacijenata - RADIO LJUBU\u0160KI\" \/>\n<meta property=\"og:description\" content=\"U Klinici za infektivne bolesti Sveu\u010dili\u0161ne klini\u010dke bolnice Mostar preminulo je 8 osoba: \u00b7 &nbsp; &nbsp; &nbsp; &nbsp; MU\u0160KA OSOBA,1978 GODI\u0160TE,GLAMO\u010c \u00b7 &nbsp; &nbsp; &nbsp; &nbsp; MU\u0160KA OSOBA,1956 GODI\u0160TE,MOSTAR \u00b7 &nbsp; &nbsp; &nbsp; &nbsp; MU\u0160KA OSOBA,1939 GODI\u0160TE,MOSTAR \u00b7 &nbsp; &nbsp; &nbsp; &nbsp; \u017dENSKA OSOBA,1930 GODI\u0160TE,PROZOR-RAMA \u00b7 &nbsp; &nbsp; &nbsp; &nbsp; \u017dENSKA OSOBA,1953 GODI\u0160TE,GRUDE \u00b7 &nbsp; [&hellip;]\" \/>\n<meta property=\"og:url\" content=\"https:\/\/radioljubuski.ba\/index.php\/2021\/04\/21\/mostar-u-bolnici-umrlo-osam-osoba-na-lijecenju-149-pacijenata\/\" \/>\n<meta property=\"og:site_name\" content=\"RADIO LJUBU\u0160KI\" \/>\n<meta property=\"article:publisher\" content=\"https:\/\/www.facebook.com\/Radiio-Ljubuski-1490835324566332\" \/>\n<meta property=\"article:published_time\" content=\"2021-04-21T09:17:00+00:00\" \/>\n<meta property=\"article:modified_time\" content=\"2021-04-21T09:17:01+00:00\" \/>\n<meta property=\"og:image\" content=\"https:\/\/radioljubuski.ba\/wp-content\/uploads\/2021\/04\/covid-2.jpg\" \/>\n\t<meta property=\"og:image:width\" content=\"1000\" \/>\n\t<meta property=\"og:image:height\" content=\"625\" \/>\n\t<meta property=\"og:image:type\" content=\"image\/jpeg\" \/>\n<meta name=\"author\" content=\"Radio Ljubu\u0161ki\" \/>\n<meta name=\"twitter:card\" content=\"summary_large_image\" \/>\n<meta name=\"twitter:creator\" content=\"@radioljubuski\" \/>\n<meta name=\"twitter:site\" content=\"@radioljubuski\" \/>\n<meta name=\"twitter:label1\" content=\"Napisao\/la\" \/>\n\t<meta name=\"twitter:data1\" content=\"Radio Ljubu\u0161ki\" \/>\n\t<meta name=\"twitter:label2\" content=\"Procijenjeno vrijeme \u010ditanja\" \/>\n\t<meta name=\"twitter:data2\" content=\"1 minuta\" \/>\n<script type=\"application\/ld+json\" class=\"yoast-schema-graph\">{\"@context\":\"https:\\\/\\\/schema.org\",\"@graph\":[{\"@type\":\"Article\",\"@id\":\"https:\\\/\\\/radioljubuski.ba\\\/index.php\\\/2021\\\/04\\\/21\\\/mostar-u-bolnici-umrlo-osam-osoba-na-lijecenju-149-pacijenata\\\/#article\",\"isPartOf\":{\"@id\":\"https:\\\/\\\/radioljubuski.ba\\\/index.php\\\/2021\\\/04\\\/21\\\/mostar-u-bolnici-umrlo-osam-osoba-na-lijecenju-149-pacijenata\\\/\"},\"author\":{\"name\":\"Radio Ljubu\u0161ki\",\"@id\":\"https:\\\/\\\/radioljubuski.ba\\\/#\\\/schema\\\/person\\\/19fc700381a780f69665d7956c469e3b\"},\"headline\":\"Mostar: U bolnici umrlo osam osoba, na lije\u010denju 149 pacijenata\",\"datePublished\":\"2021-04-21T09:17:00+00:00\",\"dateModified\":\"2021-04-21T09:17:01+00:00\",\"mainEntityOfPage\":{\"@id\":\"https:\\\/\\\/radioljubuski.ba\\\/index.php\\\/2021\\\/04\\\/21\\\/mostar-u-bolnici-umrlo-osam-osoba-na-lijecenju-149-pacijenata\\\/\"},\"wordCount\":201,\"publisher\":{\"@id\":\"https:\\\/\\\/radioljubuski.ba\\\/#organization\"},\"image\":{\"@id\":\"https:\\\/\\\/radioljubuski.ba\\\/index.php\\\/2021\\\/04\\\/21\\\/mostar-u-bolnici-umrlo-osam-osoba-na-lijecenju-149-pacijenata\\\/#primaryimage\"},\"thumbnailUrl\":\"https:\\\/\\\/radioljubuski.ba\\\/wp-content\\\/uploads\\\/2021\\\/04\\\/covid-2.jpg\",\"articleSection\":[\"BIH i regija\"],\"inLanguage\":\"hr\"},{\"@type\":\"WebPage\",\"@id\":\"https:\\\/\\\/radioljubuski.ba\\\/index.php\\\/2021\\\/04\\\/21\\\/mostar-u-bolnici-umrlo-osam-osoba-na-lijecenju-149-pacijenata\\\/\",\"url\":\"https:\\\/\\\/radioljubuski.ba\\\/index.php\\\/2021\\\/04\\\/21\\\/mostar-u-bolnici-umrlo-osam-osoba-na-lijecenju-149-pacijenata\\\/\",\"name\":\"Mostar: U bolnici umrlo osam osoba, na lije\u010denju 149 pacijenata - RADIO LJUBU\u0160KI\",\"isPartOf\":{\"@id\":\"https:\\\/\\\/radioljubuski.ba\\\/#website\"},\"primaryImageOfPage\":{\"@id\":\"https:\\\/\\\/radioljubuski.ba\\\/index.php\\\/2021\\\/04\\\/21\\\/mostar-u-bolnici-umrlo-osam-osoba-na-lijecenju-149-pacijenata\\\/#primaryimage\"},\"image\":{\"@id\":\"https:\\\/\\\/radioljubuski.ba\\\/index.php\\\/2021\\\/04\\\/21\\\/mostar-u-bolnici-umrlo-osam-osoba-na-lijecenju-149-pacijenata\\\/#primaryimage\"},\"thumbnailUrl\":\"https:\\\/\\\/radioljubuski.ba\\\/wp-content\\\/uploads\\\/2021\\\/04\\\/covid-2.jpg\",\"datePublished\":\"2021-04-21T09:17:00+00:00\",\"dateModified\":\"2021-04-21T09:17:01+00:00\",\"breadcrumb\":{\"@id\":\"https:\\\/\\\/radioljubuski.ba\\\/index.php\\\/2021\\\/04\\\/21\\\/mostar-u-bolnici-umrlo-osam-osoba-na-lijecenju-149-pacijenata\\\/#breadcrumb\"},\"inLanguage\":\"hr\",\"potentialAction\":[{\"@type\":\"ReadAction\",\"target\":[\"https:\\\/\\\/radioljubuski.ba\\\/index.php\\\/2021\\\/04\\\/21\\\/mostar-u-bolnici-umrlo-osam-osoba-na-lijecenju-149-pacijenata\\\/\"]}]},{\"@type\":\"ImageObject\",\"inLanguage\":\"hr\",\"@id\":\"https:\\\/\\\/radioljubuski.ba\\\/index.php\\\/2021\\\/04\\\/21\\\/mostar-u-bolnici-umrlo-osam-osoba-na-lijecenju-149-pacijenata\\\/#primaryimage\",\"url\":\"https:\\\/\\\/radioljubuski.ba\\\/wp-content\\\/uploads\\\/2021\\\/04\\\/covid-2.jpg\",\"contentUrl\":\"https:\\\/\\\/radioljubuski.ba\\\/wp-content\\\/uploads\\\/2021\\\/04\\\/covid-2.jpg\",\"width\":1000,\"height\":625},{\"@type\":\"BreadcrumbList\",\"@id\":\"https:\\\/\\\/radioljubuski.ba\\\/index.php\\\/2021\\\/04\\\/21\\\/mostar-u-bolnici-umrlo-osam-osoba-na-lijecenju-149-pacijenata\\\/#breadcrumb\",\"itemListElement\":[{\"@type\":\"ListItem\",\"position\":1,\"name\":\"Po\u010detna stranica\",\"item\":\"https:\\\/\\\/radioljubuski.ba\\\/\"},{\"@type\":\"ListItem\",\"position\":2,\"name\":\"Mostar: U bolnici umrlo osam osoba, na lije\u010denju 149 pacijenata\"}]},{\"@type\":\"WebSite\",\"@id\":\"https:\\\/\\\/radioljubuski.ba\\\/#website\",\"url\":\"https:\\\/\\\/radioljubuski.ba\\\/\",\"name\":\"Radio Ljubu\u0161ki\",\"description\":\"Sun\u010dana frekvencija Hercegovine\",\"publisher\":{\"@id\":\"https:\\\/\\\/radioljubuski.ba\\\/#organization\"},\"potentialAction\":[{\"@type\":\"SearchAction\",\"target\":{\"@type\":\"EntryPoint\",\"urlTemplate\":\"https:\\\/\\\/radioljubuski.ba\\\/?s={search_term_string}\"},\"query-input\":{\"@type\":\"PropertyValueSpecification\",\"valueRequired\":true,\"valueName\":\"search_term_string\"}}],\"inLanguage\":\"hr\"},{\"@type\":\"Organization\",\"@id\":\"https:\\\/\\\/radioljubuski.ba\\\/#organization\",\"name\":\"Radio Ljubu\u0161ki\",\"url\":\"https:\\\/\\\/radioljubuski.ba\\\/\",\"logo\":{\"@type\":\"ImageObject\",\"inLanguage\":\"hr\",\"@id\":\"https:\\\/\\\/radioljubuski.ba\\\/#\\\/schema\\\/logo\\\/image\\\/\",\"url\":\"https:\\\/\\\/radioljubuski.ba\\\/wp-content\\\/uploads\\\/2021\\\/02\\\/cropped-Radio_Ljubuski_logo1.jpg\",\"contentUrl\":\"https:\\\/\\\/radioljubuski.ba\\\/wp-content\\\/uploads\\\/2021\\\/02\\\/cropped-Radio_Ljubuski_logo1.jpg\",\"width\":512,\"height\":512,\"caption\":\"Radio Ljubu\u0161ki\"},\"image\":{\"@id\":\"https:\\\/\\\/radioljubuski.ba\\\/#\\\/schema\\\/logo\\\/image\\\/\"},\"sameAs\":[\"https:\\\/\\\/www.facebook.com\\\/Radiio-Ljubuski-1490835324566332\",\"https:\\\/\\\/x.com\\\/radioljubuski\",\"https:\\\/\\\/hr.linkedin.com\\\/company\\\/radio-ljubuski\",\"https:\\\/\\\/www.youtube.com\\\/channel\\\/UCHYaeO_n0Db3tjNGudGpXyw\"]},{\"@type\":\"Person\",\"@id\":\"https:\\\/\\\/radioljubuski.ba\\\/#\\\/schema\\\/person\\\/19fc700381a780f69665d7956c469e3b\",\"name\":\"Radio Ljubu\u0161ki\"}]}<\/script>\n<!-- \/ Yoast SEO plugin. -->","yoast_head_json":{"title":"Mostar: U bolnici umrlo osam osoba, na lije\u010denju 149 pacijenata - RADIO LJUBU\u0160KI","robots":{"index":"index","follow":"follow","max-snippet":"max-snippet:-1","max-image-preview":"max-image-preview:large","max-video-preview":"max-video-preview:-1"},"canonical":"https:\/\/radioljubuski.ba\/index.php\/2021\/04\/21\/mostar-u-bolnici-umrlo-osam-osoba-na-lijecenju-149-pacijenata\/","og_locale":"hr_HR","og_type":"article","og_title":"Mostar: U bolnici umrlo osam osoba, na lije\u010denju 149 pacijenata - RADIO LJUBU\u0160KI","og_description":"U Klinici za infektivne bolesti Sveu\u010dili\u0161ne klini\u010dke bolnice Mostar preminulo je 8 osoba: \u00b7 &nbsp; &nbsp; &nbsp; &nbsp; MU\u0160KA OSOBA,1978 GODI\u0160TE,GLAMO\u010c \u00b7 &nbsp; &nbsp; &nbsp; &nbsp; MU\u0160KA OSOBA,1956 GODI\u0160TE,MOSTAR \u00b7 &nbsp; &nbsp; &nbsp; &nbsp; MU\u0160KA OSOBA,1939 GODI\u0160TE,MOSTAR \u00b7 &nbsp; &nbsp; &nbsp; &nbsp; \u017dENSKA OSOBA,1930 GODI\u0160TE,PROZOR-RAMA \u00b7 &nbsp; &nbsp; &nbsp; &nbsp; \u017dENSKA OSOBA,1953 GODI\u0160TE,GRUDE \u00b7 &nbsp; [&hellip;]","og_url":"https:\/\/radioljubuski.ba\/index.php\/2021\/04\/21\/mostar-u-bolnici-umrlo-osam-osoba-na-lijecenju-149-pacijenata\/","og_site_name":"RADIO LJUBU\u0160KI","article_publisher":"https:\/\/www.facebook.com\/Radiio-Ljubuski-1490835324566332","article_published_time":"2021-04-21T09:17:00+00:00","article_modified_time":"2021-04-21T09:17:01+00:00","og_image":[{"width":1000,"height":625,"url":"https:\/\/radioljubuski.ba\/wp-content\/uploads\/2021\/04\/covid-2.jpg","type":"image\/jpeg"}],"author":"Radio Ljubu\u0161ki","twitter_card":"summary_large_image","twitter_creator":"@radioljubuski","twitter_site":"@radioljubuski","twitter_misc":{"Napisao\/la":"Radio Ljubu\u0161ki","Procijenjeno vrijeme \u010ditanja":"1 minuta"},"schema":{"@context":"https:\/\/schema.org","@graph":[{"@type":"Article","@id":"https:\/\/radioljubuski.ba\/index.php\/2021\/04\/21\/mostar-u-bolnici-umrlo-osam-osoba-na-lijecenju-149-pacijenata\/#article","isPartOf":{"@id":"https:\/\/radioljubuski.ba\/index.php\/2021\/04\/21\/mostar-u-bolnici-umrlo-osam-osoba-na-lijecenju-149-pacijenata\/"},"author":{"name":"Radio Ljubu\u0161ki","@id":"https:\/\/radioljubuski.ba\/#\/schema\/person\/19fc700381a780f69665d7956c469e3b"},"headline":"Mostar: U bolnici umrlo osam osoba, na lije\u010denju 149 pacijenata","datePublished":"2021-04-21T09:17:00+00:00","dateModified":"2021-04-21T09:17:01+00:00","mainEntityOfPage":{"@id":"https:\/\/radioljubuski.ba\/index.php\/2021\/04\/21\/mostar-u-bolnici-umrlo-osam-osoba-na-lijecenju-149-pacijenata\/"},"wordCount":201,"publisher":{"@id":"https:\/\/radioljubuski.ba\/#organization"},"image":{"@id":"https:\/\/radioljubuski.ba\/index.php\/2021\/04\/21\/mostar-u-bolnici-umrlo-osam-osoba-na-lijecenju-149-pacijenata\/#primaryimage"},"thumbnailUrl":"https:\/\/radioljubuski.ba\/wp-content\/uploads\/2021\/04\/covid-2.jpg","articleSection":["BIH i regija"],"inLanguage":"hr"},{"@type":"WebPage","@id":"https:\/\/radioljubuski.ba\/index.php\/2021\/04\/21\/mostar-u-bolnici-umrlo-osam-osoba-na-lijecenju-149-pacijenata\/","url":"https:\/\/radioljubuski.ba\/index.php\/2021\/04\/21\/mostar-u-bolnici-umrlo-osam-osoba-na-lijecenju-149-pacijenata\/","name":"Mostar: U bolnici umrlo osam osoba, na lije\u010denju 149 pacijenata - RADIO LJUBU\u0160KI","isPartOf":{"@id":"https:\/\/radioljubuski.ba\/#website"},"primaryImageOfPage":{"@id":"https:\/\/radioljubuski.ba\/index.php\/2021\/04\/21\/mostar-u-bolnici-umrlo-osam-osoba-na-lijecenju-149-pacijenata\/#primaryimage"},"image":{"@id":"https:\/\/radioljubuski.ba\/index.php\/2021\/04\/21\/mostar-u-bolnici-umrlo-osam-osoba-na-lijecenju-149-pacijenata\/#primaryimage"},"thumbnailUrl":"https:\/\/radioljubuski.ba\/wp-content\/uploads\/2021\/04\/covid-2.jpg","datePublished":"2021-04-21T09:17:00+00:00","dateModified":"2021-04-21T09:17:01+00:00","breadcrumb":{"@id":"https:\/\/radioljubuski.ba\/index.php\/2021\/04\/21\/mostar-u-bolnici-umrlo-osam-osoba-na-lijecenju-149-pacijenata\/#breadcrumb"},"inLanguage":"hr","potentialAction":[{"@type":"ReadAction","target":["https:\/\/radioljubuski.ba\/index.php\/2021\/04\/21\/mostar-u-bolnici-umrlo-osam-osoba-na-lijecenju-149-pacijenata\/"]}]},{"@type":"ImageObject","inLanguage":"hr","@id":"https:\/\/radioljubuski.ba\/index.php\/2021\/04\/21\/mostar-u-bolnici-umrlo-osam-osoba-na-lijecenju-149-pacijenata\/#primaryimage","url":"https:\/\/radioljubuski.ba\/wp-content\/uploads\/2021\/04\/covid-2.jpg","contentUrl":"https:\/\/radioljubuski.ba\/wp-content\/uploads\/2021\/04\/covid-2.jpg","width":1000,"height":625},{"@type":"BreadcrumbList","@id":"https:\/\/radioljubuski.ba\/index.php\/2021\/04\/21\/mostar-u-bolnici-umrlo-osam-osoba-na-lijecenju-149-pacijenata\/#breadcrumb","itemListElement":[{"@type":"ListItem","position":1,"name":"Po\u010detna stranica","item":"https:\/\/radioljubuski.ba\/"},{"@type":"ListItem","position":2,"name":"Mostar: U bolnici umrlo osam osoba, na lije\u010denju 149 pacijenata"}]},{"@type":"WebSite","@id":"https:\/\/radioljubuski.ba\/#website","url":"https:\/\/radioljubuski.ba\/","name":"Radio Ljubu\u0161ki","description":"Sun\u010dana frekvencija Hercegovine","publisher":{"@id":"https:\/\/radioljubuski.ba\/#organization"},"potentialAction":[{"@type":"SearchAction","target":{"@type":"EntryPoint","urlTemplate":"https:\/\/radioljubuski.ba\/?s={search_term_string}"},"query-input":{"@type":"PropertyValueSpecification","valueRequired":true,"valueName":"search_term_string"}}],"inLanguage":"hr"},{"@type":"Organization","@id":"https:\/\/radioljubuski.ba\/#organization","name":"Radio Ljubu\u0161ki","url":"https:\/\/radioljubuski.ba\/","logo":{"@type":"ImageObject","inLanguage":"hr","@id":"https:\/\/radioljubuski.ba\/#\/schema\/logo\/image\/","url":"https:\/\/radioljubuski.ba\/wp-content\/uploads\/2021\/02\/cropped-Radio_Ljubuski_logo1.jpg","contentUrl":"https:\/\/radioljubuski.ba\/wp-content\/uploads\/2021\/02\/cropped-Radio_Ljubuski_logo1.jpg","width":512,"height":512,"caption":"Radio Ljubu\u0161ki"},"image":{"@id":"https:\/\/radioljubuski.ba\/#\/schema\/logo\/image\/"},"sameAs":["https:\/\/www.facebook.com\/Radiio-Ljubuski-1490835324566332","https:\/\/x.com\/radioljubuski","https:\/\/hr.linkedin.com\/company\/radio-ljubuski","https:\/\/www.youtube.com\/channel\/UCHYaeO_n0Db3tjNGudGpXyw"]},{"@type":"Person","@id":"https:\/\/radioljubuski.ba\/#\/schema\/person\/19fc700381a780f69665d7956c469e3b","name":"Radio Ljubu\u0161ki"}]}},"_links":{"self":[{"href":"https:\/\/radioljubuski.ba\/index.php\/wp-json\/wp\/v2\/posts\/14961","targetHints":{"allow":["GET"]}}],"collection":[{"href":"https:\/\/radioljubuski.ba\/index.php\/wp-json\/wp\/v2\/posts"}],"about":[{"href":"https:\/\/radioljubuski.ba\/index.php\/wp-json\/wp\/v2\/types\/post"}],"author":[{"embeddable":true,"href":"https:\/\/radioljubuski.ba\/index.php\/wp-json\/wp\/v2\/users\/2"}],"replies":[{"embeddable":true,"href":"https:\/\/radioljubuski.ba\/index.php\/wp-json\/wp\/v2\/comments?post=14961"}],"version-history":[{"count":1,"href":"https:\/\/radioljubuski.ba\/index.php\/wp-json\/wp\/v2\/posts\/14961\/revisions"}],"predecessor-version":[{"id":14963,"href":"https:\/\/radioljubuski.ba\/index.php\/wp-json\/wp\/v2\/posts\/14961\/revisions\/14963"}],"wp:featuredmedia":[{"embeddable":true,"href":"https:\/\/radioljubuski.ba\/index.php\/wp-json\/wp\/v2\/media\/14962"}],"wp:attachment":[{"href":"https:\/\/radioljubuski.ba\/index.php\/wp-json\/wp\/v2\/media?parent=14961"}],"wp:term":[{"taxonomy":"category","embeddable":true,"href":"https:\/\/radioljubuski.ba\/index.php\/wp-json\/wp\/v2\/categories?post=14961"},{"taxonomy":"post_tag","embeddable":true,"href":"https:\/\/radioljubuski.ba\/index.php\/wp-json\/wp\/v2\/tags?post=14961"}],"curies":[{"name":"wp","href":"https:\/\/api.w.org\/{rel}","templated":true}]}}