{"id":15012,"date":"2021-04-21T11:46:24","date_gmt":"2021-04-21T10:46:24","guid":{"rendered":"https:\/\/radioljubuski.ba\/?p=15012"},"modified":"2021-04-21T12:31:37","modified_gmt":"2021-04-21T11:31:37","slug":"covjek-koji-je-knjizevnosti-podario-toma-sawyera-i-huckleberryja-finna","status":"publish","type":"post","link":"https:\/\/radioljubuski.ba\/index.php\/2021\/04\/21\/covjek-koji-je-knjizevnosti-podario-toma-sawyera-i-huckleberryja-finna\/","title":{"rendered":"\u010covjek koji je knji\u017eevnosti podario Toma Sawyera i Huckleberryja Finna"},"content":{"rendered":"\n<p>Ameri\u010dki knji\u017eevnik Mark Twain (pravo ime Samuel Langhorne Clemens) umro je na dana\u0161nji dan, 21. travnja 1910. u ameri\u010dkom Reddingu. <\/p>\n\n\n\n<p>Ro\u0111en je u mjestu Florida 30. studenog 1835., gdje je i odrastao, uz obale rijeke Mississippi. <\/p>\n\n\n\n<p>Obrazovanje je nakon 12. godine \u017eivota stjecao uglavnom u tiskarama i novinskim redakcijama. <\/p>\n\n\n\n<p>Radio je mnoge poslove: bio tiskarski \u0161egrt (od 1848), putuju\u0107i tiskarski slagar (od 1853); pomo\u0107nik rije\u010dnoga pilota na Mississippiju (1856), rije\u010dni pilot (1859). <\/p>\n\n\n\n<p>Nakon izbijanja gra\u0111anskoga rata (1861) oti\u0161ao na ameri\u010dki zapad te se okrenuo humoristi\u010dnim novinskim vrstama, uzev\u0161i 1863. pseudonim pod kojim se proslavio (mark twain:&nbsp;kormilarska oznaka za 12 stopa dubine).<\/p>\n\n\n\n<p>Proslavio se humoreskom Slavna sko\u010di\u017eaba iz Calaveraskog okruga (The Celebrated Jumping Frog of Calaveras County, 1865) te nizom humoreski i kratkih pri\u010da nadahnutih usmenom tradicijom (tzv. tall tales \u2013 lova\u010dke pri\u010de) kao i humoristi\u010dnim putopisnim crticama s puta od Californije do New Yorka, a potom iz Europe i Palestine (sakupljenih u knjizi Naiv\u010dine u inozemstvu \u2013 The Innocents Abroad, 1869). <\/p>\n\n\n\n<p>Njima je jasno pokazao svoj stil zasnovan na majstorskoj izmjeni ozbiljnih i komi\u010dkih dijelova, varijacijama tipova komike (od pu\u010dkoga \u017eargonskog humora do stilskih parodija) i autorskoj poziciji pronicava ameri\u010dkoga zapadnjaka koji slikovito i otvoreno opisuje strane obi\u010daje i satirizira ameri\u010dke turiste. <\/p>\n\n\n\n<p><strong>Dar za humor i romani za mlade <\/strong><\/p>\n\n\n\n<p>Popularnost je dodatno pro\u0161irio duhovitim javnim predavanjima te osobito romanima Pustolovine Toma Sawyera (The Adventures of Tom Sawyer, 1876) i Pustolovine Huckleberryja Finna (The Adventures of Huckleberry Finn, 1884), kojima je stekao status prvog autohtonog ameri\u010dkog romanopisca, neovisna o europskom naslije\u0111u i utjecajima. <\/p>\n\n\n\n<p>Prvi, pustolovni roman za mlade, slika ameri\u010dke pograni\u010dne zajednice s nesta\u0161nim dje\u010dakom kao glavnim likom i radnjom u gradi\u0107u na obali Mississippija, odlikuje se majstorskom kombinacijom \u017eanrovskih formula (detektivskoga, gusarskoga i goti\u010dkoga zapleta) i nagla\u0161enim humoristi\u010dnim elementima. <\/p>\n\n\n\n<p>Drugi, s naslovnim junakom dje\u010daka lutalice (jedan od likova prethodnoga romana) koji napu\u0161ta civilizaciju kako bi punu slobodu ostvario u prirodi, mije\u0161a realisti\u010dno-satiri\u010dne (osobito u prikazu ljudske pohlepe) i romanti\u010dke elemente, s rijekom kao stvarnim i metafori\u010dkim prostorom oslobo\u0111enja. <\/p>\n\n\n\n<p>U njem je dosegnuo i stilski vrhunac, originalnom, nijansiranom i dosljednom uporabom nekoliko narje\u010dja govornoga jezika. <\/p>\n\n\n\n<p>Podjednako su popularni bili i njegov roman za mlade\u017e s radnjom u tudorskoj Engleskoj Kraljevi\u0107 i prosjak (The Prince and the Pauper, 1881), satiri\u010dno-povijesni roman o tipi\u010dnom pragmati\u010dnom Amerikancu na arturijanskom dvoru Yankee na dvoru kralja Arthura (A Connecticut Yankee in King Arthur\u2019s Court, 1889), te nostalgijom pro\u017eeti memoarski zapisi \u017divot na Mississippiju (Life on the Mississippi, 1883). <\/p>\n\n\n\n<p><strong>Rastu\u0107a gor\u010dina u njemu <\/strong><\/p>\n\n\n\n<p>Potkraj stvarala\u0161tva varirao je svoje teme (romani Tragedija glupana Wilsona \u2013 The Tragedy of Pudd\u2019nhead Wilson, 1894; Tom Sawyer u inozemstvu \u2013 Tom Sawyer Abroad, 1894; Osobna sje\u0107anja Ivane Orleanske \u2013 Personal Recollections of Joan of Arc, 1895; Tom Sawyer, detektiv \u2013 Tom Sawyer, Detective, 1896; zbirka pri\u010da Nov\u010danica od milijun funti i druge nove pri\u010de \u2013 The \u00a31,000.000 Bank-Note and Other New Stories, 1893). <\/p>\n\n\n\n<p>Pri\u010de u zbirci \u010covjek koji je pokvario Hadleyburg i druge pri\u010de i skice (The Man That Corrupted Hadleyburg and Other Stories and Sketches, 1900) i nedovr\u0161eni roman Tajanstveni stranac (The Mysterious Stranger, 1916) odlikuju se rastu\u0107om gor\u010dinom, pa i pesimisti\u010dnim gledanjem na \u010dovjeka, koje su prouzro\u010dili njegov poslovni neuspjeh, a kasnije i smrt supruge i dviju k\u0107eri.. <\/p>\n\n\n\n<p>Generalno uzev\u0161i, njegovom pojavom u ameri\u010dkoj knji\u017eevnosti zavr\u0161ava dominacija autora iz Nove Engleske. Ve\u0107 za \u017eivota stje\u010de me\u0111unarodnu slavu. Utjecao je na Faulknera i Hemingwaya, i bio jedan od nekolicine prijatelja Nikole Tesle. <\/p>\n\n\n\n<p>Istaknuti humorist svjetske knji\u017eevnosti, prvi je ameri\u010dki romanopisac izrastao neovisno od europske tradicije. Nazivaju ga ocem ameri\u010dke knji\u017eevnosti. <\/p>\n\n\n\n<p><a href=\"https:\/\/www.bljesak.info\/kultura\/knjige\/covjek-koji-je-knjizevnosti-podario-toma-sawyera-i-huckleberryja-finna\/345317\">Izvor: Bljesak.info<\/a><\/p>\n","protected":false},"excerpt":{"rendered":"<p>Ameri\u010dki knji\u017eevnik Mark Twain (pravo ime Samuel Langhorne Clemens) umro je na dana\u0161nji dan, 21. travnja 1910. u ameri\u010dkom Reddingu. Ro\u0111en je u mjestu Florida 30. studenog 1835., gdje je i odrastao, uz obale rijeke Mississippi. Obrazovanje je nakon 12. godine \u017eivota stjecao uglavnom u tiskarama i novinskim redakcijama. Radio je mnoge poslove: bio tiskarski [&hellip;]<\/p>\n","protected":false},"author":2,"featured_media":15013,"comment_status":"closed","ping_status":"closed","sticky":false,"template":"","format":"standard","meta":{"h5ap_radio_sources":[],"footnotes":""},"categories":[1],"tags":[],"class_list":["post-15012","post","type-post","status-publish","format-standard","has-post-thumbnail","hentry","category-bihiregija"],"yoast_head":"<!-- This site is optimized with the Yoast SEO plugin v27.5 - https:\/\/yoast.com\/product\/yoast-seo-wordpress\/ -->\n<title>\u010covjek koji je knji\u017eevnosti podario Toma Sawyera i Huckleberryja Finna - RADIO LJUBU\u0160KI<\/title>\n<meta name=\"robots\" content=\"index, follow, max-snippet:-1, max-image-preview:large, max-video-preview:-1\" \/>\n<link rel=\"canonical\" href=\"https:\/\/radioljubuski.ba\/index.php\/2021\/04\/21\/covjek-koji-je-knjizevnosti-podario-toma-sawyera-i-huckleberryja-finna\/\" \/>\n<meta property=\"og:locale\" content=\"hr_HR\" \/>\n<meta property=\"og:type\" content=\"article\" \/>\n<meta property=\"og:title\" content=\"\u010covjek koji je knji\u017eevnosti podario Toma Sawyera i Huckleberryja Finna - RADIO LJUBU\u0160KI\" \/>\n<meta property=\"og:description\" content=\"Ameri\u010dki knji\u017eevnik Mark Twain (pravo ime Samuel Langhorne Clemens) umro je na dana\u0161nji dan, 21. travnja 1910. u ameri\u010dkom Reddingu. Ro\u0111en je u mjestu Florida 30. studenog 1835., gdje je i odrastao, uz obale rijeke Mississippi. Obrazovanje je nakon 12. godine \u017eivota stjecao uglavnom u tiskarama i novinskim redakcijama. Radio je mnoge poslove: bio tiskarski [&hellip;]\" \/>\n<meta property=\"og:url\" content=\"https:\/\/radioljubuski.ba\/index.php\/2021\/04\/21\/covjek-koji-je-knjizevnosti-podario-toma-sawyera-i-huckleberryja-finna\/\" \/>\n<meta property=\"og:site_name\" content=\"RADIO LJUBU\u0160KI\" \/>\n<meta property=\"article:publisher\" content=\"https:\/\/www.facebook.com\/Radiio-Ljubuski-1490835324566332\" \/>\n<meta property=\"article:published_time\" content=\"2021-04-21T10:46:24+00:00\" \/>\n<meta property=\"article:modified_time\" content=\"2021-04-21T11:31:37+00:00\" \/>\n<meta property=\"og:image\" content=\"https:\/\/radioljubuski.ba\/wp-content\/uploads\/2021\/04\/mark-twain-photograph.jpg\" \/>\n\t<meta property=\"og:image:width\" content=\"1280\" \/>\n\t<meta property=\"og:image:height\" content=\"720\" \/>\n\t<meta property=\"og:image:type\" content=\"image\/jpeg\" \/>\n<meta name=\"author\" content=\"Radio Ljubu\u0161ki\" \/>\n<meta name=\"twitter:card\" content=\"summary_large_image\" \/>\n<meta name=\"twitter:creator\" content=\"@radioljubuski\" \/>\n<meta name=\"twitter:site\" content=\"@radioljubuski\" \/>\n<meta name=\"twitter:label1\" content=\"Napisao\/la\" \/>\n\t<meta name=\"twitter:data1\" content=\"Radio Ljubu\u0161ki\" \/>\n\t<meta name=\"twitter:label2\" content=\"Procijenjeno vrijeme \u010ditanja\" \/>\n\t<meta name=\"twitter:data2\" content=\"3 minute\" \/>\n<script type=\"application\/ld+json\" class=\"yoast-schema-graph\">{\"@context\":\"https:\\\/\\\/schema.org\",\"@graph\":[{\"@type\":\"Article\",\"@id\":\"https:\\\/\\\/radioljubuski.ba\\\/index.php\\\/2021\\\/04\\\/21\\\/covjek-koji-je-knjizevnosti-podario-toma-sawyera-i-huckleberryja-finna\\\/#article\",\"isPartOf\":{\"@id\":\"https:\\\/\\\/radioljubuski.ba\\\/index.php\\\/2021\\\/04\\\/21\\\/covjek-koji-je-knjizevnosti-podario-toma-sawyera-i-huckleberryja-finna\\\/\"},\"author\":{\"name\":\"Radio Ljubu\u0161ki\",\"@id\":\"https:\\\/\\\/radioljubuski.ba\\\/#\\\/schema\\\/person\\\/19fc700381a780f69665d7956c469e3b\"},\"headline\":\"\u010covjek koji je knji\u017eevnosti podario Toma Sawyera i Huckleberryja Finna\",\"datePublished\":\"2021-04-21T10:46:24+00:00\",\"dateModified\":\"2021-04-21T11:31:37+00:00\",\"mainEntityOfPage\":{\"@id\":\"https:\\\/\\\/radioljubuski.ba\\\/index.php\\\/2021\\\/04\\\/21\\\/covjek-koji-je-knjizevnosti-podario-toma-sawyera-i-huckleberryja-finna\\\/\"},\"wordCount\":638,\"publisher\":{\"@id\":\"https:\\\/\\\/radioljubuski.ba\\\/#organization\"},\"image\":{\"@id\":\"https:\\\/\\\/radioljubuski.ba\\\/index.php\\\/2021\\\/04\\\/21\\\/covjek-koji-je-knjizevnosti-podario-toma-sawyera-i-huckleberryja-finna\\\/#primaryimage\"},\"thumbnailUrl\":\"https:\\\/\\\/radioljubuski.ba\\\/wp-content\\\/uploads\\\/2021\\\/04\\\/mark-twain-photograph.jpg\",\"articleSection\":[\"BIH i regija\"],\"inLanguage\":\"hr\"},{\"@type\":\"WebPage\",\"@id\":\"https:\\\/\\\/radioljubuski.ba\\\/index.php\\\/2021\\\/04\\\/21\\\/covjek-koji-je-knjizevnosti-podario-toma-sawyera-i-huckleberryja-finna\\\/\",\"url\":\"https:\\\/\\\/radioljubuski.ba\\\/index.php\\\/2021\\\/04\\\/21\\\/covjek-koji-je-knjizevnosti-podario-toma-sawyera-i-huckleberryja-finna\\\/\",\"name\":\"\u010covjek koji je knji\u017eevnosti podario Toma Sawyera i Huckleberryja Finna - RADIO LJUBU\u0160KI\",\"isPartOf\":{\"@id\":\"https:\\\/\\\/radioljubuski.ba\\\/#website\"},\"primaryImageOfPage\":{\"@id\":\"https:\\\/\\\/radioljubuski.ba\\\/index.php\\\/2021\\\/04\\\/21\\\/covjek-koji-je-knjizevnosti-podario-toma-sawyera-i-huckleberryja-finna\\\/#primaryimage\"},\"image\":{\"@id\":\"https:\\\/\\\/radioljubuski.ba\\\/index.php\\\/2021\\\/04\\\/21\\\/covjek-koji-je-knjizevnosti-podario-toma-sawyera-i-huckleberryja-finna\\\/#primaryimage\"},\"thumbnailUrl\":\"https:\\\/\\\/radioljubuski.ba\\\/wp-content\\\/uploads\\\/2021\\\/04\\\/mark-twain-photograph.jpg\",\"datePublished\":\"2021-04-21T10:46:24+00:00\",\"dateModified\":\"2021-04-21T11:31:37+00:00\",\"breadcrumb\":{\"@id\":\"https:\\\/\\\/radioljubuski.ba\\\/index.php\\\/2021\\\/04\\\/21\\\/covjek-koji-je-knjizevnosti-podario-toma-sawyera-i-huckleberryja-finna\\\/#breadcrumb\"},\"inLanguage\":\"hr\",\"potentialAction\":[{\"@type\":\"ReadAction\",\"target\":[\"https:\\\/\\\/radioljubuski.ba\\\/index.php\\\/2021\\\/04\\\/21\\\/covjek-koji-je-knjizevnosti-podario-toma-sawyera-i-huckleberryja-finna\\\/\"]}]},{\"@type\":\"ImageObject\",\"inLanguage\":\"hr\",\"@id\":\"https:\\\/\\\/radioljubuski.ba\\\/index.php\\\/2021\\\/04\\\/21\\\/covjek-koji-je-knjizevnosti-podario-toma-sawyera-i-huckleberryja-finna\\\/#primaryimage\",\"url\":\"https:\\\/\\\/radioljubuski.ba\\\/wp-content\\\/uploads\\\/2021\\\/04\\\/mark-twain-photograph.jpg\",\"contentUrl\":\"https:\\\/\\\/radioljubuski.ba\\\/wp-content\\\/uploads\\\/2021\\\/04\\\/mark-twain-photograph.jpg\",\"width\":1280,\"height\":720},{\"@type\":\"BreadcrumbList\",\"@id\":\"https:\\\/\\\/radioljubuski.ba\\\/index.php\\\/2021\\\/04\\\/21\\\/covjek-koji-je-knjizevnosti-podario-toma-sawyera-i-huckleberryja-finna\\\/#breadcrumb\",\"itemListElement\":[{\"@type\":\"ListItem\",\"position\":1,\"name\":\"Po\u010detna stranica\",\"item\":\"https:\\\/\\\/radioljubuski.ba\\\/\"},{\"@type\":\"ListItem\",\"position\":2,\"name\":\"\u010covjek koji je knji\u017eevnosti podario Toma Sawyera i Huckleberryja Finna\"}]},{\"@type\":\"WebSite\",\"@id\":\"https:\\\/\\\/radioljubuski.ba\\\/#website\",\"url\":\"https:\\\/\\\/radioljubuski.ba\\\/\",\"name\":\"Radio Ljubu\u0161ki\",\"description\":\"Sun\u010dana frekvencija Hercegovine\",\"publisher\":{\"@id\":\"https:\\\/\\\/radioljubuski.ba\\\/#organization\"},\"potentialAction\":[{\"@type\":\"SearchAction\",\"target\":{\"@type\":\"EntryPoint\",\"urlTemplate\":\"https:\\\/\\\/radioljubuski.ba\\\/?s={search_term_string}\"},\"query-input\":{\"@type\":\"PropertyValueSpecification\",\"valueRequired\":true,\"valueName\":\"search_term_string\"}}],\"inLanguage\":\"hr\"},{\"@type\":\"Organization\",\"@id\":\"https:\\\/\\\/radioljubuski.ba\\\/#organization\",\"name\":\"Radio Ljubu\u0161ki\",\"url\":\"https:\\\/\\\/radioljubuski.ba\\\/\",\"logo\":{\"@type\":\"ImageObject\",\"inLanguage\":\"hr\",\"@id\":\"https:\\\/\\\/radioljubuski.ba\\\/#\\\/schema\\\/logo\\\/image\\\/\",\"url\":\"https:\\\/\\\/radioljubuski.ba\\\/wp-content\\\/uploads\\\/2021\\\/02\\\/cropped-Radio_Ljubuski_logo1.jpg\",\"contentUrl\":\"https:\\\/\\\/radioljubuski.ba\\\/wp-content\\\/uploads\\\/2021\\\/02\\\/cropped-Radio_Ljubuski_logo1.jpg\",\"width\":512,\"height\":512,\"caption\":\"Radio Ljubu\u0161ki\"},\"image\":{\"@id\":\"https:\\\/\\\/radioljubuski.ba\\\/#\\\/schema\\\/logo\\\/image\\\/\"},\"sameAs\":[\"https:\\\/\\\/www.facebook.com\\\/Radiio-Ljubuski-1490835324566332\",\"https:\\\/\\\/x.com\\\/radioljubuski\",\"https:\\\/\\\/hr.linkedin.com\\\/company\\\/radio-ljubuski\",\"https:\\\/\\\/www.youtube.com\\\/channel\\\/UCHYaeO_n0Db3tjNGudGpXyw\"]},{\"@type\":\"Person\",\"@id\":\"https:\\\/\\\/radioljubuski.ba\\\/#\\\/schema\\\/person\\\/19fc700381a780f69665d7956c469e3b\",\"name\":\"Radio Ljubu\u0161ki\"}]}<\/script>\n<!-- \/ Yoast SEO plugin. -->","yoast_head_json":{"title":"\u010covjek koji je knji\u017eevnosti podario Toma Sawyera i Huckleberryja Finna - RADIO LJUBU\u0160KI","robots":{"index":"index","follow":"follow","max-snippet":"max-snippet:-1","max-image-preview":"max-image-preview:large","max-video-preview":"max-video-preview:-1"},"canonical":"https:\/\/radioljubuski.ba\/index.php\/2021\/04\/21\/covjek-koji-je-knjizevnosti-podario-toma-sawyera-i-huckleberryja-finna\/","og_locale":"hr_HR","og_type":"article","og_title":"\u010covjek koji je knji\u017eevnosti podario Toma Sawyera i Huckleberryja Finna - RADIO LJUBU\u0160KI","og_description":"Ameri\u010dki knji\u017eevnik Mark Twain (pravo ime Samuel Langhorne Clemens) umro je na dana\u0161nji dan, 21. travnja 1910. u ameri\u010dkom Reddingu. Ro\u0111en je u mjestu Florida 30. studenog 1835., gdje je i odrastao, uz obale rijeke Mississippi. Obrazovanje je nakon 12. godine \u017eivota stjecao uglavnom u tiskarama i novinskim redakcijama. Radio je mnoge poslove: bio tiskarski [&hellip;]","og_url":"https:\/\/radioljubuski.ba\/index.php\/2021\/04\/21\/covjek-koji-je-knjizevnosti-podario-toma-sawyera-i-huckleberryja-finna\/","og_site_name":"RADIO LJUBU\u0160KI","article_publisher":"https:\/\/www.facebook.com\/Radiio-Ljubuski-1490835324566332","article_published_time":"2021-04-21T10:46:24+00:00","article_modified_time":"2021-04-21T11:31:37+00:00","og_image":[{"width":1280,"height":720,"url":"https:\/\/radioljubuski.ba\/wp-content\/uploads\/2021\/04\/mark-twain-photograph.jpg","type":"image\/jpeg"}],"author":"Radio Ljubu\u0161ki","twitter_card":"summary_large_image","twitter_creator":"@radioljubuski","twitter_site":"@radioljubuski","twitter_misc":{"Napisao\/la":"Radio Ljubu\u0161ki","Procijenjeno vrijeme \u010ditanja":"3 minute"},"schema":{"@context":"https:\/\/schema.org","@graph":[{"@type":"Article","@id":"https:\/\/radioljubuski.ba\/index.php\/2021\/04\/21\/covjek-koji-je-knjizevnosti-podario-toma-sawyera-i-huckleberryja-finna\/#article","isPartOf":{"@id":"https:\/\/radioljubuski.ba\/index.php\/2021\/04\/21\/covjek-koji-je-knjizevnosti-podario-toma-sawyera-i-huckleberryja-finna\/"},"author":{"name":"Radio Ljubu\u0161ki","@id":"https:\/\/radioljubuski.ba\/#\/schema\/person\/19fc700381a780f69665d7956c469e3b"},"headline":"\u010covjek koji je knji\u017eevnosti podario Toma Sawyera i Huckleberryja Finna","datePublished":"2021-04-21T10:46:24+00:00","dateModified":"2021-04-21T11:31:37+00:00","mainEntityOfPage":{"@id":"https:\/\/radioljubuski.ba\/index.php\/2021\/04\/21\/covjek-koji-je-knjizevnosti-podario-toma-sawyera-i-huckleberryja-finna\/"},"wordCount":638,"publisher":{"@id":"https:\/\/radioljubuski.ba\/#organization"},"image":{"@id":"https:\/\/radioljubuski.ba\/index.php\/2021\/04\/21\/covjek-koji-je-knjizevnosti-podario-toma-sawyera-i-huckleberryja-finna\/#primaryimage"},"thumbnailUrl":"https:\/\/radioljubuski.ba\/wp-content\/uploads\/2021\/04\/mark-twain-photograph.jpg","articleSection":["BIH i regija"],"inLanguage":"hr"},{"@type":"WebPage","@id":"https:\/\/radioljubuski.ba\/index.php\/2021\/04\/21\/covjek-koji-je-knjizevnosti-podario-toma-sawyera-i-huckleberryja-finna\/","url":"https:\/\/radioljubuski.ba\/index.php\/2021\/04\/21\/covjek-koji-je-knjizevnosti-podario-toma-sawyera-i-huckleberryja-finna\/","name":"\u010covjek koji je knji\u017eevnosti podario Toma Sawyera i Huckleberryja Finna - RADIO LJUBU\u0160KI","isPartOf":{"@id":"https:\/\/radioljubuski.ba\/#website"},"primaryImageOfPage":{"@id":"https:\/\/radioljubuski.ba\/index.php\/2021\/04\/21\/covjek-koji-je-knjizevnosti-podario-toma-sawyera-i-huckleberryja-finna\/#primaryimage"},"image":{"@id":"https:\/\/radioljubuski.ba\/index.php\/2021\/04\/21\/covjek-koji-je-knjizevnosti-podario-toma-sawyera-i-huckleberryja-finna\/#primaryimage"},"thumbnailUrl":"https:\/\/radioljubuski.ba\/wp-content\/uploads\/2021\/04\/mark-twain-photograph.jpg","datePublished":"2021-04-21T10:46:24+00:00","dateModified":"2021-04-21T11:31:37+00:00","breadcrumb":{"@id":"https:\/\/radioljubuski.ba\/index.php\/2021\/04\/21\/covjek-koji-je-knjizevnosti-podario-toma-sawyera-i-huckleberryja-finna\/#breadcrumb"},"inLanguage":"hr","potentialAction":[{"@type":"ReadAction","target":["https:\/\/radioljubuski.ba\/index.php\/2021\/04\/21\/covjek-koji-je-knjizevnosti-podario-toma-sawyera-i-huckleberryja-finna\/"]}]},{"@type":"ImageObject","inLanguage":"hr","@id":"https:\/\/radioljubuski.ba\/index.php\/2021\/04\/21\/covjek-koji-je-knjizevnosti-podario-toma-sawyera-i-huckleberryja-finna\/#primaryimage","url":"https:\/\/radioljubuski.ba\/wp-content\/uploads\/2021\/04\/mark-twain-photograph.jpg","contentUrl":"https:\/\/radioljubuski.ba\/wp-content\/uploads\/2021\/04\/mark-twain-photograph.jpg","width":1280,"height":720},{"@type":"BreadcrumbList","@id":"https:\/\/radioljubuski.ba\/index.php\/2021\/04\/21\/covjek-koji-je-knjizevnosti-podario-toma-sawyera-i-huckleberryja-finna\/#breadcrumb","itemListElement":[{"@type":"ListItem","position":1,"name":"Po\u010detna stranica","item":"https:\/\/radioljubuski.ba\/"},{"@type":"ListItem","position":2,"name":"\u010covjek koji je knji\u017eevnosti podario Toma Sawyera i Huckleberryja Finna"}]},{"@type":"WebSite","@id":"https:\/\/radioljubuski.ba\/#website","url":"https:\/\/radioljubuski.ba\/","name":"Radio Ljubu\u0161ki","description":"Sun\u010dana frekvencija Hercegovine","publisher":{"@id":"https:\/\/radioljubuski.ba\/#organization"},"potentialAction":[{"@type":"SearchAction","target":{"@type":"EntryPoint","urlTemplate":"https:\/\/radioljubuski.ba\/?s={search_term_string}"},"query-input":{"@type":"PropertyValueSpecification","valueRequired":true,"valueName":"search_term_string"}}],"inLanguage":"hr"},{"@type":"Organization","@id":"https:\/\/radioljubuski.ba\/#organization","name":"Radio Ljubu\u0161ki","url":"https:\/\/radioljubuski.ba\/","logo":{"@type":"ImageObject","inLanguage":"hr","@id":"https:\/\/radioljubuski.ba\/#\/schema\/logo\/image\/","url":"https:\/\/radioljubuski.ba\/wp-content\/uploads\/2021\/02\/cropped-Radio_Ljubuski_logo1.jpg","contentUrl":"https:\/\/radioljubuski.ba\/wp-content\/uploads\/2021\/02\/cropped-Radio_Ljubuski_logo1.jpg","width":512,"height":512,"caption":"Radio Ljubu\u0161ki"},"image":{"@id":"https:\/\/radioljubuski.ba\/#\/schema\/logo\/image\/"},"sameAs":["https:\/\/www.facebook.com\/Radiio-Ljubuski-1490835324566332","https:\/\/x.com\/radioljubuski","https:\/\/hr.linkedin.com\/company\/radio-ljubuski","https:\/\/www.youtube.com\/channel\/UCHYaeO_n0Db3tjNGudGpXyw"]},{"@type":"Person","@id":"https:\/\/radioljubuski.ba\/#\/schema\/person\/19fc700381a780f69665d7956c469e3b","name":"Radio Ljubu\u0161ki"}]}},"_links":{"self":[{"href":"https:\/\/radioljubuski.ba\/index.php\/wp-json\/wp\/v2\/posts\/15012","targetHints":{"allow":["GET"]}}],"collection":[{"href":"https:\/\/radioljubuski.ba\/index.php\/wp-json\/wp\/v2\/posts"}],"about":[{"href":"https:\/\/radioljubuski.ba\/index.php\/wp-json\/wp\/v2\/types\/post"}],"author":[{"embeddable":true,"href":"https:\/\/radioljubuski.ba\/index.php\/wp-json\/wp\/v2\/users\/2"}],"replies":[{"embeddable":true,"href":"https:\/\/radioljubuski.ba\/index.php\/wp-json\/wp\/v2\/comments?post=15012"}],"version-history":[{"count":2,"href":"https:\/\/radioljubuski.ba\/index.php\/wp-json\/wp\/v2\/posts\/15012\/revisions"}],"predecessor-version":[{"id":15044,"href":"https:\/\/radioljubuski.ba\/index.php\/wp-json\/wp\/v2\/posts\/15012\/revisions\/15044"}],"wp:featuredmedia":[{"embeddable":true,"href":"https:\/\/radioljubuski.ba\/index.php\/wp-json\/wp\/v2\/media\/15013"}],"wp:attachment":[{"href":"https:\/\/radioljubuski.ba\/index.php\/wp-json\/wp\/v2\/media?parent=15012"}],"wp:term":[{"taxonomy":"category","embeddable":true,"href":"https:\/\/radioljubuski.ba\/index.php\/wp-json\/wp\/v2\/categories?post=15012"},{"taxonomy":"post_tag","embeddable":true,"href":"https:\/\/radioljubuski.ba\/index.php\/wp-json\/wp\/v2\/tags?post=15012"}],"curies":[{"name":"wp","href":"https:\/\/api.w.org\/{rel}","templated":true}]}}