{"id":150604,"date":"2022-06-18T11:06:50","date_gmt":"2022-06-18T10:06:50","guid":{"rendered":"https:\/\/radioljubuski.ba\/?p=150604"},"modified":"2022-06-20T13:35:15","modified_gmt":"2022-06-20T12:35:15","slug":"odvjetnik-ivan-herceg-izabran-za-novog-predsjednika-udruge-vojvoda-don-ivan-music-iz-ljubuskog","status":"publish","type":"post","link":"https:\/\/radioljubuski.ba\/index.php\/2022\/06\/18\/odvjetnik-ivan-herceg-izabran-za-novog-predsjednika-udruge-vojvoda-don-ivan-music-iz-ljubuskog\/","title":{"rendered":"Odvjetnik Ivan Herceg izabran za novog predsjednika Udruge  \u201eVojvoda don Ivan Musi\u0107\u201c iz Ljubu\u0161kog"},"content":{"rendered":"\n<p>Dan prije 19. lipnja, datuma na koji je u blizini Gabele 1875., pod vodstvom sve\u0107enika Ivana Musi\u0107a izbio Hercegova\u010dki ustanak, Udruga \u201eVojvoda don Ivan Musi\u0107\u201c iz Ljubu\u0161kog odr\u017eala je svoju 17. redovnu Skup\u0161tinu, ali i petu po redu izbornu Skup\u0161tinu na kojoj je za novog predsjednika izabran odvjetnik Ivan Herceg.<\/p>\n\n\n\n<p>Na Skup\u0161tini, koja je odr\u017eana danas u hotelu Bigeste, bilo je govora o aktivnostima u proteklom razdoblju, o budu\u0107im planovima, a izneseni su i usvojeni izvje\u0161taji o radu i financijski izvje\u0161taj, te su izabrani \u010dlanovi tijela udruge, predsjednik Skup\u0161tine, predsjednik Udruge, \u010dlanovi Upravni i Nadzorni odbora te tajnik.<\/p>\n\n\n\n<p>Na dnevnom redu bilo je ukupno 11 to\u010daka, a nakon utvr\u0111ivanja kvoruma, usvajanja dnevnog reda i izbora radnog predsjedni\u0161tva, \u010dlanovi udruge su odali po\u010dast minutom \u0161utnje nedavno preminulom \u010dlanu Upravnog odbora Ivici Vu\u010di\u0107u, koji se, kako je re\u010deno, neumorno zalagao za udrugu i pomagao je u brojnim aktivnostima. <\/p>\n\n\n\n<p>Dosada\u0161nji predsjednik Ivan Bebek je tijekom izno\u0161enja izvje\u0161taja o radu Udruge za razdoblje od 3. srpnja i pro\u0161le sjednice, do dana\u0161njeg datuma, istaknuo kako radom mogu biti i vi\u0161e nego zadovoljni.<\/p>\n\n\n\n<p>\u201eU proteklih godinu dana imali smo dvije promocije, jedne dopunjene i promociju jedne u ovom razdoblju tiskane knjige. Obje knjige vezane su za Hercegova\u010dki ustanak. Pro\u0161le godine najavili smo tiskanje drugog dopunjenog izdanja knjige \u201eHercegova\u010dki ustanak 1875\u20131878 godine: Akteri, istine i zablude\u201c \u010diji je autor na\u0161 tajnik Du\u0161an Musa i ono je odr\u017eano. Odr\u017eane su i dvije promocije. Prva u \u010capljini 5. kolovoza, a druga u Ravnom 20. kolovoza. Obje prezentacije su bile uspje\u0161ne u smislu prezentacije Hercegova\u010dkog ustanka i njegovih aktera\u201c, sumirao je Bebek rezultate u pro\u0161loj godini, te je dodao kako veseli to \u0161to su ostvarili suradnju s izdava\u010dkom ku\u0107om Synopsys.<\/p>\n\n\n\n<p>&#8220;Suradnja s Synopsysom je bila interes, kako bi za na\u0161a izdanja od\u0161krinuli vrata Hrvatske&#8221;, rekao je.&nbsp;<\/p>\n\n\n\n<p>Tajnik Du\u0161an Musa mu se zahvalio na dugogodi\u0161njem uspje\u0161nom vo\u0111enju udruge.<\/p>\n\n\n\n<p><strong>Ivan Herceg \/ Radio Ljubu\u0161ki<\/strong><\/p>\n","protected":false},"excerpt":{"rendered":"<p>Dan prije 19. lipnja, datuma na koji je u blizini Gabele 1875., pod vodstvom sve\u0107enika Ivana Musi\u0107a izbio Hercegova\u010dki ustanak, Udruga \u201eVojvoda don Ivan Musi\u0107\u201c iz Ljubu\u0161kog odr\u017eala je svoju 17. redovnu Skup\u0161tinu, ali i petu po redu izbornu Skup\u0161tinu na kojoj je za novog predsjednika izabran odvjetnik Ivan Herceg. Na Skup\u0161tini, koja je odr\u017eana [&hellip;]<\/p>\n","protected":false},"author":2,"featured_media":150605,"comment_status":"closed","ping_status":"closed","sticky":false,"template":"","format":"standard","meta":{"h5ap_radio_sources":[],"footnotes":""},"categories":[3],"tags":[],"class_list":["post-150604","post","type-post","status-publish","format-standard","has-post-thumbnail","hentry","category-ljubuski"],"yoast_head":"<!-- This site is optimized with the Yoast SEO plugin v27.4 - https:\/\/yoast.com\/product\/yoast-seo-wordpress\/ -->\n<title>Odvjetnik Ivan Herceg izabran za novog predsjednika Udruge \u201eVojvoda don Ivan Musi\u0107\u201c iz Ljubu\u0161kog - RADIO LJUBU\u0160KI<\/title>\n<meta name=\"robots\" content=\"index, follow, max-snippet:-1, max-image-preview:large, max-video-preview:-1\" \/>\n<link rel=\"canonical\" href=\"https:\/\/radioljubuski.ba\/index.php\/2022\/06\/18\/odvjetnik-ivan-herceg-izabran-za-novog-predsjednika-udruge-vojvoda-don-ivan-music-iz-ljubuskog\/\" \/>\n<meta property=\"og:locale\" content=\"hr_HR\" \/>\n<meta property=\"og:type\" content=\"article\" \/>\n<meta property=\"og:title\" content=\"Odvjetnik Ivan Herceg izabran za novog predsjednika Udruge \u201eVojvoda don Ivan Musi\u0107\u201c iz Ljubu\u0161kog - RADIO LJUBU\u0160KI\" \/>\n<meta property=\"og:description\" content=\"Dan prije 19. lipnja, datuma na koji je u blizini Gabele 1875., pod vodstvom sve\u0107enika Ivana Musi\u0107a izbio Hercegova\u010dki ustanak, Udruga \u201eVojvoda don Ivan Musi\u0107\u201c iz Ljubu\u0161kog odr\u017eala je svoju 17. redovnu Skup\u0161tinu, ali i petu po redu izbornu Skup\u0161tinu na kojoj je za novog predsjednika izabran odvjetnik Ivan Herceg. Na Skup\u0161tini, koja je odr\u017eana [&hellip;]\" \/>\n<meta property=\"og:url\" content=\"https:\/\/radioljubuski.ba\/index.php\/2022\/06\/18\/odvjetnik-ivan-herceg-izabran-za-novog-predsjednika-udruge-vojvoda-don-ivan-music-iz-ljubuskog\/\" \/>\n<meta property=\"og:site_name\" content=\"RADIO LJUBU\u0160KI\" \/>\n<meta property=\"article:publisher\" content=\"https:\/\/www.facebook.com\/Radiio-Ljubuski-1490835324566332\" \/>\n<meta property=\"article:published_time\" content=\"2022-06-18T10:06:50+00:00\" \/>\n<meta property=\"article:modified_time\" content=\"2022-06-20T12:35:15+00:00\" \/>\n<meta property=\"og:image\" content=\"https:\/\/radioljubuski.ba\/wp-content\/uploads\/2022\/06\/don-ivan-music.jpg\" \/>\n\t<meta property=\"og:image:width\" content=\"1412\" \/>\n\t<meta property=\"og:image:height\" content=\"816\" \/>\n\t<meta property=\"og:image:type\" content=\"image\/jpeg\" \/>\n<meta name=\"author\" content=\"Radio Ljubu\u0161ki\" \/>\n<meta name=\"twitter:card\" content=\"summary_large_image\" \/>\n<meta name=\"twitter:creator\" content=\"@radioljubuski\" \/>\n<meta name=\"twitter:site\" content=\"@radioljubuski\" \/>\n<meta name=\"twitter:label1\" content=\"Napisao\/la\" \/>\n\t<meta name=\"twitter:data1\" content=\"Radio Ljubu\u0161ki\" \/>\n\t<meta name=\"twitter:label2\" content=\"Procijenjeno vrijeme \u010ditanja\" \/>\n\t<meta name=\"twitter:data2\" content=\"2 minute\" \/>\n<script type=\"application\/ld+json\" class=\"yoast-schema-graph\">{\"@context\":\"https:\\\/\\\/schema.org\",\"@graph\":[{\"@type\":\"Article\",\"@id\":\"https:\\\/\\\/radioljubuski.ba\\\/index.php\\\/2022\\\/06\\\/18\\\/odvjetnik-ivan-herceg-izabran-za-novog-predsjednika-udruge-vojvoda-don-ivan-music-iz-ljubuskog\\\/#article\",\"isPartOf\":{\"@id\":\"https:\\\/\\\/radioljubuski.ba\\\/index.php\\\/2022\\\/06\\\/18\\\/odvjetnik-ivan-herceg-izabran-za-novog-predsjednika-udruge-vojvoda-don-ivan-music-iz-ljubuskog\\\/\"},\"author\":{\"name\":\"Radio Ljubu\u0161ki\",\"@id\":\"https:\\\/\\\/radioljubuski.ba\\\/#\\\/schema\\\/person\\\/19fc700381a780f69665d7956c469e3b\"},\"headline\":\"Odvjetnik Ivan Herceg izabran za novog predsjednika Udruge \u201eVojvoda don Ivan Musi\u0107\u201c iz Ljubu\u0161kog\",\"datePublished\":\"2022-06-18T10:06:50+00:00\",\"dateModified\":\"2022-06-20T12:35:15+00:00\",\"mainEntityOfPage\":{\"@id\":\"https:\\\/\\\/radioljubuski.ba\\\/index.php\\\/2022\\\/06\\\/18\\\/odvjetnik-ivan-herceg-izabran-za-novog-predsjednika-udruge-vojvoda-don-ivan-music-iz-ljubuskog\\\/\"},\"wordCount\":363,\"publisher\":{\"@id\":\"https:\\\/\\\/radioljubuski.ba\\\/#organization\"},\"image\":{\"@id\":\"https:\\\/\\\/radioljubuski.ba\\\/index.php\\\/2022\\\/06\\\/18\\\/odvjetnik-ivan-herceg-izabran-za-novog-predsjednika-udruge-vojvoda-don-ivan-music-iz-ljubuskog\\\/#primaryimage\"},\"thumbnailUrl\":\"https:\\\/\\\/radioljubuski.ba\\\/wp-content\\\/uploads\\\/2022\\\/06\\\/don-ivan-music.jpg\",\"articleSection\":[\"Ljubu\u0161ki\"],\"inLanguage\":\"hr\"},{\"@type\":\"WebPage\",\"@id\":\"https:\\\/\\\/radioljubuski.ba\\\/index.php\\\/2022\\\/06\\\/18\\\/odvjetnik-ivan-herceg-izabran-za-novog-predsjednika-udruge-vojvoda-don-ivan-music-iz-ljubuskog\\\/\",\"url\":\"https:\\\/\\\/radioljubuski.ba\\\/index.php\\\/2022\\\/06\\\/18\\\/odvjetnik-ivan-herceg-izabran-za-novog-predsjednika-udruge-vojvoda-don-ivan-music-iz-ljubuskog\\\/\",\"name\":\"Odvjetnik Ivan Herceg izabran za novog predsjednika Udruge \u201eVojvoda don Ivan Musi\u0107\u201c iz Ljubu\u0161kog - RADIO LJUBU\u0160KI\",\"isPartOf\":{\"@id\":\"https:\\\/\\\/radioljubuski.ba\\\/#website\"},\"primaryImageOfPage\":{\"@id\":\"https:\\\/\\\/radioljubuski.ba\\\/index.php\\\/2022\\\/06\\\/18\\\/odvjetnik-ivan-herceg-izabran-za-novog-predsjednika-udruge-vojvoda-don-ivan-music-iz-ljubuskog\\\/#primaryimage\"},\"image\":{\"@id\":\"https:\\\/\\\/radioljubuski.ba\\\/index.php\\\/2022\\\/06\\\/18\\\/odvjetnik-ivan-herceg-izabran-za-novog-predsjednika-udruge-vojvoda-don-ivan-music-iz-ljubuskog\\\/#primaryimage\"},\"thumbnailUrl\":\"https:\\\/\\\/radioljubuski.ba\\\/wp-content\\\/uploads\\\/2022\\\/06\\\/don-ivan-music.jpg\",\"datePublished\":\"2022-06-18T10:06:50+00:00\",\"dateModified\":\"2022-06-20T12:35:15+00:00\",\"breadcrumb\":{\"@id\":\"https:\\\/\\\/radioljubuski.ba\\\/index.php\\\/2022\\\/06\\\/18\\\/odvjetnik-ivan-herceg-izabran-za-novog-predsjednika-udruge-vojvoda-don-ivan-music-iz-ljubuskog\\\/#breadcrumb\"},\"inLanguage\":\"hr\",\"potentialAction\":[{\"@type\":\"ReadAction\",\"target\":[\"https:\\\/\\\/radioljubuski.ba\\\/index.php\\\/2022\\\/06\\\/18\\\/odvjetnik-ivan-herceg-izabran-za-novog-predsjednika-udruge-vojvoda-don-ivan-music-iz-ljubuskog\\\/\"]}]},{\"@type\":\"ImageObject\",\"inLanguage\":\"hr\",\"@id\":\"https:\\\/\\\/radioljubuski.ba\\\/index.php\\\/2022\\\/06\\\/18\\\/odvjetnik-ivan-herceg-izabran-za-novog-predsjednika-udruge-vojvoda-don-ivan-music-iz-ljubuskog\\\/#primaryimage\",\"url\":\"https:\\\/\\\/radioljubuski.ba\\\/wp-content\\\/uploads\\\/2022\\\/06\\\/don-ivan-music.jpg\",\"contentUrl\":\"https:\\\/\\\/radioljubuski.ba\\\/wp-content\\\/uploads\\\/2022\\\/06\\\/don-ivan-music.jpg\",\"width\":1412,\"height\":816},{\"@type\":\"BreadcrumbList\",\"@id\":\"https:\\\/\\\/radioljubuski.ba\\\/index.php\\\/2022\\\/06\\\/18\\\/odvjetnik-ivan-herceg-izabran-za-novog-predsjednika-udruge-vojvoda-don-ivan-music-iz-ljubuskog\\\/#breadcrumb\",\"itemListElement\":[{\"@type\":\"ListItem\",\"position\":1,\"name\":\"Po\u010detna stranica\",\"item\":\"https:\\\/\\\/radioljubuski.ba\\\/\"},{\"@type\":\"ListItem\",\"position\":2,\"name\":\"Odvjetnik Ivan Herceg izabran za novog predsjednika Udruge \u201eVojvoda don Ivan Musi\u0107\u201c iz Ljubu\u0161kog\"}]},{\"@type\":\"WebSite\",\"@id\":\"https:\\\/\\\/radioljubuski.ba\\\/#website\",\"url\":\"https:\\\/\\\/radioljubuski.ba\\\/\",\"name\":\"Radio Ljubu\u0161ki\",\"description\":\"Sun\u010dana frekvencija Hercegovine\",\"publisher\":{\"@id\":\"https:\\\/\\\/radioljubuski.ba\\\/#organization\"},\"potentialAction\":[{\"@type\":\"SearchAction\",\"target\":{\"@type\":\"EntryPoint\",\"urlTemplate\":\"https:\\\/\\\/radioljubuski.ba\\\/?s={search_term_string}\"},\"query-input\":{\"@type\":\"PropertyValueSpecification\",\"valueRequired\":true,\"valueName\":\"search_term_string\"}}],\"inLanguage\":\"hr\"},{\"@type\":\"Organization\",\"@id\":\"https:\\\/\\\/radioljubuski.ba\\\/#organization\",\"name\":\"Radio Ljubu\u0161ki\",\"url\":\"https:\\\/\\\/radioljubuski.ba\\\/\",\"logo\":{\"@type\":\"ImageObject\",\"inLanguage\":\"hr\",\"@id\":\"https:\\\/\\\/radioljubuski.ba\\\/#\\\/schema\\\/logo\\\/image\\\/\",\"url\":\"https:\\\/\\\/radioljubuski.ba\\\/wp-content\\\/uploads\\\/2021\\\/02\\\/cropped-Radio_Ljubuski_logo1.jpg\",\"contentUrl\":\"https:\\\/\\\/radioljubuski.ba\\\/wp-content\\\/uploads\\\/2021\\\/02\\\/cropped-Radio_Ljubuski_logo1.jpg\",\"width\":512,\"height\":512,\"caption\":\"Radio Ljubu\u0161ki\"},\"image\":{\"@id\":\"https:\\\/\\\/radioljubuski.ba\\\/#\\\/schema\\\/logo\\\/image\\\/\"},\"sameAs\":[\"https:\\\/\\\/www.facebook.com\\\/Radiio-Ljubuski-1490835324566332\",\"https:\\\/\\\/x.com\\\/radioljubuski\",\"https:\\\/\\\/hr.linkedin.com\\\/company\\\/radio-ljubuski\",\"https:\\\/\\\/www.youtube.com\\\/channel\\\/UCHYaeO_n0Db3tjNGudGpXyw\"]},{\"@type\":\"Person\",\"@id\":\"https:\\\/\\\/radioljubuski.ba\\\/#\\\/schema\\\/person\\\/19fc700381a780f69665d7956c469e3b\",\"name\":\"Radio Ljubu\u0161ki\"}]}<\/script>\n<!-- \/ Yoast SEO plugin. -->","yoast_head_json":{"title":"Odvjetnik Ivan Herceg izabran za novog predsjednika Udruge \u201eVojvoda don Ivan Musi\u0107\u201c iz Ljubu\u0161kog - RADIO LJUBU\u0160KI","robots":{"index":"index","follow":"follow","max-snippet":"max-snippet:-1","max-image-preview":"max-image-preview:large","max-video-preview":"max-video-preview:-1"},"canonical":"https:\/\/radioljubuski.ba\/index.php\/2022\/06\/18\/odvjetnik-ivan-herceg-izabran-za-novog-predsjednika-udruge-vojvoda-don-ivan-music-iz-ljubuskog\/","og_locale":"hr_HR","og_type":"article","og_title":"Odvjetnik Ivan Herceg izabran za novog predsjednika Udruge \u201eVojvoda don Ivan Musi\u0107\u201c iz Ljubu\u0161kog - RADIO LJUBU\u0160KI","og_description":"Dan prije 19. lipnja, datuma na koji je u blizini Gabele 1875., pod vodstvom sve\u0107enika Ivana Musi\u0107a izbio Hercegova\u010dki ustanak, Udruga \u201eVojvoda don Ivan Musi\u0107\u201c iz Ljubu\u0161kog odr\u017eala je svoju 17. redovnu Skup\u0161tinu, ali i petu po redu izbornu Skup\u0161tinu na kojoj je za novog predsjednika izabran odvjetnik Ivan Herceg. Na Skup\u0161tini, koja je odr\u017eana [&hellip;]","og_url":"https:\/\/radioljubuski.ba\/index.php\/2022\/06\/18\/odvjetnik-ivan-herceg-izabran-za-novog-predsjednika-udruge-vojvoda-don-ivan-music-iz-ljubuskog\/","og_site_name":"RADIO LJUBU\u0160KI","article_publisher":"https:\/\/www.facebook.com\/Radiio-Ljubuski-1490835324566332","article_published_time":"2022-06-18T10:06:50+00:00","article_modified_time":"2022-06-20T12:35:15+00:00","og_image":[{"width":1412,"height":816,"url":"https:\/\/radioljubuski.ba\/wp-content\/uploads\/2022\/06\/don-ivan-music.jpg","type":"image\/jpeg"}],"author":"Radio Ljubu\u0161ki","twitter_card":"summary_large_image","twitter_creator":"@radioljubuski","twitter_site":"@radioljubuski","twitter_misc":{"Napisao\/la":"Radio Ljubu\u0161ki","Procijenjeno vrijeme \u010ditanja":"2 minute"},"schema":{"@context":"https:\/\/schema.org","@graph":[{"@type":"Article","@id":"https:\/\/radioljubuski.ba\/index.php\/2022\/06\/18\/odvjetnik-ivan-herceg-izabran-za-novog-predsjednika-udruge-vojvoda-don-ivan-music-iz-ljubuskog\/#article","isPartOf":{"@id":"https:\/\/radioljubuski.ba\/index.php\/2022\/06\/18\/odvjetnik-ivan-herceg-izabran-za-novog-predsjednika-udruge-vojvoda-don-ivan-music-iz-ljubuskog\/"},"author":{"name":"Radio Ljubu\u0161ki","@id":"https:\/\/radioljubuski.ba\/#\/schema\/person\/19fc700381a780f69665d7956c469e3b"},"headline":"Odvjetnik Ivan Herceg izabran za novog predsjednika Udruge \u201eVojvoda don Ivan Musi\u0107\u201c iz Ljubu\u0161kog","datePublished":"2022-06-18T10:06:50+00:00","dateModified":"2022-06-20T12:35:15+00:00","mainEntityOfPage":{"@id":"https:\/\/radioljubuski.ba\/index.php\/2022\/06\/18\/odvjetnik-ivan-herceg-izabran-za-novog-predsjednika-udruge-vojvoda-don-ivan-music-iz-ljubuskog\/"},"wordCount":363,"publisher":{"@id":"https:\/\/radioljubuski.ba\/#organization"},"image":{"@id":"https:\/\/radioljubuski.ba\/index.php\/2022\/06\/18\/odvjetnik-ivan-herceg-izabran-za-novog-predsjednika-udruge-vojvoda-don-ivan-music-iz-ljubuskog\/#primaryimage"},"thumbnailUrl":"https:\/\/radioljubuski.ba\/wp-content\/uploads\/2022\/06\/don-ivan-music.jpg","articleSection":["Ljubu\u0161ki"],"inLanguage":"hr"},{"@type":"WebPage","@id":"https:\/\/radioljubuski.ba\/index.php\/2022\/06\/18\/odvjetnik-ivan-herceg-izabran-za-novog-predsjednika-udruge-vojvoda-don-ivan-music-iz-ljubuskog\/","url":"https:\/\/radioljubuski.ba\/index.php\/2022\/06\/18\/odvjetnik-ivan-herceg-izabran-za-novog-predsjednika-udruge-vojvoda-don-ivan-music-iz-ljubuskog\/","name":"Odvjetnik Ivan Herceg izabran za novog predsjednika Udruge \u201eVojvoda don Ivan Musi\u0107\u201c iz Ljubu\u0161kog - RADIO LJUBU\u0160KI","isPartOf":{"@id":"https:\/\/radioljubuski.ba\/#website"},"primaryImageOfPage":{"@id":"https:\/\/radioljubuski.ba\/index.php\/2022\/06\/18\/odvjetnik-ivan-herceg-izabran-za-novog-predsjednika-udruge-vojvoda-don-ivan-music-iz-ljubuskog\/#primaryimage"},"image":{"@id":"https:\/\/radioljubuski.ba\/index.php\/2022\/06\/18\/odvjetnik-ivan-herceg-izabran-za-novog-predsjednika-udruge-vojvoda-don-ivan-music-iz-ljubuskog\/#primaryimage"},"thumbnailUrl":"https:\/\/radioljubuski.ba\/wp-content\/uploads\/2022\/06\/don-ivan-music.jpg","datePublished":"2022-06-18T10:06:50+00:00","dateModified":"2022-06-20T12:35:15+00:00","breadcrumb":{"@id":"https:\/\/radioljubuski.ba\/index.php\/2022\/06\/18\/odvjetnik-ivan-herceg-izabran-za-novog-predsjednika-udruge-vojvoda-don-ivan-music-iz-ljubuskog\/#breadcrumb"},"inLanguage":"hr","potentialAction":[{"@type":"ReadAction","target":["https:\/\/radioljubuski.ba\/index.php\/2022\/06\/18\/odvjetnik-ivan-herceg-izabran-za-novog-predsjednika-udruge-vojvoda-don-ivan-music-iz-ljubuskog\/"]}]},{"@type":"ImageObject","inLanguage":"hr","@id":"https:\/\/radioljubuski.ba\/index.php\/2022\/06\/18\/odvjetnik-ivan-herceg-izabran-za-novog-predsjednika-udruge-vojvoda-don-ivan-music-iz-ljubuskog\/#primaryimage","url":"https:\/\/radioljubuski.ba\/wp-content\/uploads\/2022\/06\/don-ivan-music.jpg","contentUrl":"https:\/\/radioljubuski.ba\/wp-content\/uploads\/2022\/06\/don-ivan-music.jpg","width":1412,"height":816},{"@type":"BreadcrumbList","@id":"https:\/\/radioljubuski.ba\/index.php\/2022\/06\/18\/odvjetnik-ivan-herceg-izabran-za-novog-predsjednika-udruge-vojvoda-don-ivan-music-iz-ljubuskog\/#breadcrumb","itemListElement":[{"@type":"ListItem","position":1,"name":"Po\u010detna stranica","item":"https:\/\/radioljubuski.ba\/"},{"@type":"ListItem","position":2,"name":"Odvjetnik Ivan Herceg izabran za novog predsjednika Udruge \u201eVojvoda don Ivan Musi\u0107\u201c iz Ljubu\u0161kog"}]},{"@type":"WebSite","@id":"https:\/\/radioljubuski.ba\/#website","url":"https:\/\/radioljubuski.ba\/","name":"Radio Ljubu\u0161ki","description":"Sun\u010dana frekvencija Hercegovine","publisher":{"@id":"https:\/\/radioljubuski.ba\/#organization"},"potentialAction":[{"@type":"SearchAction","target":{"@type":"EntryPoint","urlTemplate":"https:\/\/radioljubuski.ba\/?s={search_term_string}"},"query-input":{"@type":"PropertyValueSpecification","valueRequired":true,"valueName":"search_term_string"}}],"inLanguage":"hr"},{"@type":"Organization","@id":"https:\/\/radioljubuski.ba\/#organization","name":"Radio Ljubu\u0161ki","url":"https:\/\/radioljubuski.ba\/","logo":{"@type":"ImageObject","inLanguage":"hr","@id":"https:\/\/radioljubuski.ba\/#\/schema\/logo\/image\/","url":"https:\/\/radioljubuski.ba\/wp-content\/uploads\/2021\/02\/cropped-Radio_Ljubuski_logo1.jpg","contentUrl":"https:\/\/radioljubuski.ba\/wp-content\/uploads\/2021\/02\/cropped-Radio_Ljubuski_logo1.jpg","width":512,"height":512,"caption":"Radio Ljubu\u0161ki"},"image":{"@id":"https:\/\/radioljubuski.ba\/#\/schema\/logo\/image\/"},"sameAs":["https:\/\/www.facebook.com\/Radiio-Ljubuski-1490835324566332","https:\/\/x.com\/radioljubuski","https:\/\/hr.linkedin.com\/company\/radio-ljubuski","https:\/\/www.youtube.com\/channel\/UCHYaeO_n0Db3tjNGudGpXyw"]},{"@type":"Person","@id":"https:\/\/radioljubuski.ba\/#\/schema\/person\/19fc700381a780f69665d7956c469e3b","name":"Radio Ljubu\u0161ki"}]}},"_links":{"self":[{"href":"https:\/\/radioljubuski.ba\/index.php\/wp-json\/wp\/v2\/posts\/150604","targetHints":{"allow":["GET"]}}],"collection":[{"href":"https:\/\/radioljubuski.ba\/index.php\/wp-json\/wp\/v2\/posts"}],"about":[{"href":"https:\/\/radioljubuski.ba\/index.php\/wp-json\/wp\/v2\/types\/post"}],"author":[{"embeddable":true,"href":"https:\/\/radioljubuski.ba\/index.php\/wp-json\/wp\/v2\/users\/2"}],"replies":[{"embeddable":true,"href":"https:\/\/radioljubuski.ba\/index.php\/wp-json\/wp\/v2\/comments?post=150604"}],"version-history":[{"count":2,"href":"https:\/\/radioljubuski.ba\/index.php\/wp-json\/wp\/v2\/posts\/150604\/revisions"}],"predecessor-version":[{"id":151176,"href":"https:\/\/radioljubuski.ba\/index.php\/wp-json\/wp\/v2\/posts\/150604\/revisions\/151176"}],"wp:featuredmedia":[{"embeddable":true,"href":"https:\/\/radioljubuski.ba\/index.php\/wp-json\/wp\/v2\/media\/150605"}],"wp:attachment":[{"href":"https:\/\/radioljubuski.ba\/index.php\/wp-json\/wp\/v2\/media?parent=150604"}],"wp:term":[{"taxonomy":"category","embeddable":true,"href":"https:\/\/radioljubuski.ba\/index.php\/wp-json\/wp\/v2\/categories?post=150604"},{"taxonomy":"post_tag","embeddable":true,"href":"https:\/\/radioljubuski.ba\/index.php\/wp-json\/wp\/v2\/tags?post=150604"}],"curies":[{"name":"wp","href":"https:\/\/api.w.org\/{rel}","templated":true}]}}