{"id":150676,"date":"2022-06-18T12:01:28","date_gmt":"2022-06-18T11:01:28","guid":{"rendered":"https:\/\/radioljubuski.ba\/?p=150676"},"modified":"2022-06-21T14:09:18","modified_gmt":"2022-06-21T13:09:18","slug":"markotic-ljubuski-napreduje-mijenja-se-vizura-grada","status":"publish","type":"post","link":"https:\/\/radioljubuski.ba\/index.php\/2022\/06\/18\/markotic-ljubuski-napreduje-mijenja-se-vizura-grada\/","title":{"rendered":"Markoti\u0107: Ljubu\u0161ki napreduje, mijenja se vizura grada"},"content":{"rendered":"\n<p>Vedran Markoti\u0107 dvije godine je na poziciji gradona\u010delnika Ljubu\u0161kog, a po njegovim rije\u010dima, u te dvije godine ostvareni su vidljivi pomaci u svim segmentima \u017eivota u tom hercegova\u010dkom gradu. <\/p>\n\n\n\n<p>&#8220;Dvije godine mandata su brzo protekle, a na samom po\u010detku sam obe\u0107ao dva prioriteta: demografija i ja\u010danje gospodarstva. Mislim da se vide pomaci. Odmah na po\u010detku smo donijeli odluku o besplatnom prijevozu u\u010denika osnovnih i srednjih \u0161kola, \u017eupanija je omogu\u0107ila besplatne ud\u017ebenike, a mi smo iz Grada osigurali besplatan pribor, tako da roditelji ne moraju ni\u0161ta kupovati&#8221;, rekao je u razgovoru za Fenu gradona\u010delnik Markoti\u0107. <\/p>\n\n\n\n<p>Tako\u0111er, donesena je i odluku o smanjenju cijena vrti\u0107a pa su tako ljubu\u0161ki vrti\u0107 najjeftiniji u Hercegovini. <\/p>\n\n\n\n<p>&#8220;Vrti\u0107 je besplatan za svako tre\u0107e, \u010detvrto i idu\u0107e dijete. Tako\u0111er, financiramo i \u010detiri privatna vrti\u0107a gdje su tako\u0111er ni\u017ee cijene&#8221;, naglasio je gradona\u010delnik. <\/p>\n\n\n\n<iframe loading=\"lazy\" src=\"https:\/\/www.youtube.com\/embed\/ZdN1Je88eso\" title=\"YouTube video player\" allow=\"accelerometer; autoplay; clipboard-write; encrypted-media; gyroscope; picture-in-picture\" allowfullscreen=\"\" width=\"560\" height=\"315\" frameborder=\"0\"><\/iframe>\n\n\n\n<p>Grad Ljubu\u0161ki sufinancira i kupnju prve stambene nekretninu za mlade s 4.000 KM po obitelji te stipendira vi\u0161e od 600 studenata s ukupno 350.000 KM. &#8220;Svi studenti prve godine dobiju stipendiju, kao i svi studenti vi\u0161ih godina koji uredno ispunjavaju svoje studentske obaveze. Tu se ispreple\u0107u mjere grada i \u017eupanije, ali po feedbacku na\u0161eg stanovni\u0161tva mislim da idemo u pravom smjeru&#8221;, kazao je ljubu\u0161ki gradona\u010delnik. <\/p>\n\n\n\n<p><strong>Pomo\u0107 gospodarstvu<\/strong><\/p>\n\n\n\n<p> \u0160to se ti\u010de drugog prioriteta, Markoti\u0107 je istaknuo kako gradska uprava maksimalno stoji na raspolaganju gospodarstvenicima. <\/p>\n\n\n\n<p>&#8220;Na Gradskom vije\u0107u donijeli smo odluku o povratu novca za investitore, na na\u010din da smo to vezali za zaposlenost. Tvrtke koje do\u0111u u Ljubu\u0161ki, naprave pogon i zaposle ljude, njima se vra\u0107a novac koji su dali za zemlji\u0161te. Osiguravamo im komunalije, asfalt, vodu, kanalizaciju do same parcele kako bi smanjili tro\u0161kove koji one imaju&#8221;, dodao je Markoti\u0107. <\/p>\n\n\n\n<p>U tijeku je realizacija dviju velikih investicija koje \u0107e zna\u010dajno pobolj\u0161ati industrijsku sliku Ljubu\u0161kog. <\/p>\n\n\n\n<p>&#8220;Jedna je investicija mesne industrije \u201eBra\u0107a Pivac\u201d koja privodi kraju izgradnju svog pogona na 8.000 metara \u010detvornih. Ljubu\u0161ki \u0107e za tu tvrtku biti centar za BiH i zemlje CEFTA-e. O\u010dekujemo na po\u010detku 50-60 radnih mjesta, a kasnije i vi\u0161e. Tako\u0111er imamo potpisan ugovor s FEAL-om i uskoro bi se u Ljubu\u0161kom trebao po\u010deti graditi pogon te velike kompanije&#8221;, rekao je gradona\u010delnik. <\/p>\n\n\n\n<p><strong>Infrastruktura i ekologija <\/strong><\/p>\n\n\n\n<p>Gradska uprava veliku pozornost poklanja i izgradnji infrastrukture na podru\u010dju grada, pa se tako gradi ljubu\u0161ka zaobilaznica, kanalizacija u gornjem gradu, vodovod u Studencima za 250 doma\u0107instava u vrijednosti od 550.000 KM te jo\u0161 niz manjih projekata. <\/p>\n\n\n\n<p>U tijeku je rekonstrukcija i obnova tvr\u0111ave hercega Stjepana, zatim posjetiteljskog centra na rimskom nalazi\u0161tu Gra\u010dine, ure\u0111uju se gradska galerija i park kod Babovca. <\/p>\n\n\n\n<p>&#8220;Zadnjih desetak godina Ljubu\u0161ki napreduje, mijenja se vizura grada, od ure\u0111enja ulica do nove izgradnje. Jedini u \u017eupaniji imamo pro\u010dista\u010d otpadnih voda, konstantno se radi na izgradnji novih prometnica, javne rasvjeta po mjesnim zajednicama, ure\u0111uju se novi parkovi i sigurno je da imamo velik broj aktivnosti&#8221;, kazao je jedan od najmla\u0111ih gradona\u010delnika u BiH. <\/p>\n\n\n\n<p>Po njegovim rije\u010dima, cilj je da Ljubu\u0161ki postane jedan od \u010distijih i zelenijih gradova u Bosni i Hercegovini. <\/p>\n\n\n\n<p>&#8220;Mi u Ljubu\u0161kom te\u017eimo o\u010duvanju okoli\u0161a, jedna smo od prvih sredina koji smo potpisali deklaraciju o zabrani mini hidrocentrala. Vjerujem da smo sve ovo posudili od idu\u0107ih generacija i red je na nama da o\u010duvamo okoli\u0161. Od 2012. na prostoru grada nemamo odlagali\u0161te otpada i na sve mogu\u0107e na\u010dine gledamo o\u010duvati okoli\u0161. Radimo sada jedan veliki projekt na sanaciji divljih deponija, a radi se i na edukaciji od vrti\u0107a do srednjih \u0161kola o \u0161tetnosti bacanja otpada&#8221;, naglasio je Markoti\u0107. <\/p>\n\n\n\n<p><strong>Izvor: Bljesak.info<\/strong><\/p>\n","protected":false},"excerpt":{"rendered":"<p>Vedran Markoti\u0107 dvije godine je na poziciji gradona\u010delnika Ljubu\u0161kog, a po njegovim rije\u010dima, u te dvije godine ostvareni su vidljivi pomaci u svim segmentima \u017eivota u tom hercegova\u010dkom gradu. &#8220;Dvije godine mandata su brzo protekle, a na samom po\u010detku sam obe\u0107ao dva prioriteta: demografija i ja\u010danje gospodarstva. Mislim da se vide pomaci. Odmah na po\u010detku [&hellip;]<\/p>\n","protected":false},"author":2,"featured_media":9149,"comment_status":"closed","ping_status":"closed","sticky":false,"template":"","format":"standard","meta":{"h5ap_radio_sources":[],"footnotes":""},"categories":[3],"tags":[],"class_list":["post-150676","post","type-post","status-publish","format-standard","has-post-thumbnail","hentry","category-ljubuski"],"yoast_head":"<!-- This site is optimized with the Yoast SEO plugin v27.4 - https:\/\/yoast.com\/product\/yoast-seo-wordpress\/ -->\n<title>Markoti\u0107: Ljubu\u0161ki napreduje, mijenja se vizura grada - RADIO LJUBU\u0160KI<\/title>\n<meta name=\"robots\" content=\"index, follow, max-snippet:-1, max-image-preview:large, max-video-preview:-1\" \/>\n<link rel=\"canonical\" href=\"https:\/\/radioljubuski.ba\/index.php\/2022\/06\/18\/markotic-ljubuski-napreduje-mijenja-se-vizura-grada\/\" \/>\n<meta property=\"og:locale\" content=\"hr_HR\" \/>\n<meta property=\"og:type\" content=\"article\" \/>\n<meta property=\"og:title\" content=\"Markoti\u0107: Ljubu\u0161ki napreduje, mijenja se vizura grada - RADIO LJUBU\u0160KI\" \/>\n<meta property=\"og:description\" content=\"Vedran Markoti\u0107 dvije godine je na poziciji gradona\u010delnika Ljubu\u0161kog, a po njegovim rije\u010dima, u te dvije godine ostvareni su vidljivi pomaci u svim segmentima \u017eivota u tom hercegova\u010dkom gradu. &#8220;Dvije godine mandata su brzo protekle, a na samom po\u010detku sam obe\u0107ao dva prioriteta: demografija i ja\u010danje gospodarstva. Mislim da se vide pomaci. Odmah na po\u010detku [&hellip;]\" \/>\n<meta property=\"og:url\" content=\"https:\/\/radioljubuski.ba\/index.php\/2022\/06\/18\/markotic-ljubuski-napreduje-mijenja-se-vizura-grada\/\" \/>\n<meta property=\"og:site_name\" content=\"RADIO LJUBU\u0160KI\" \/>\n<meta property=\"article:publisher\" content=\"https:\/\/www.facebook.com\/Radiio-Ljubuski-1490835324566332\" \/>\n<meta property=\"article:published_time\" content=\"2022-06-18T11:01:28+00:00\" \/>\n<meta property=\"article:modified_time\" content=\"2022-06-21T13:09:18+00:00\" \/>\n<meta property=\"og:image\" content=\"https:\/\/radioljubuski.ba\/wp-content\/uploads\/2021\/04\/vedran-markotic.jpg\" \/>\n\t<meta property=\"og:image:width\" content=\"1024\" \/>\n\t<meta property=\"og:image:height\" content=\"568\" \/>\n\t<meta property=\"og:image:type\" content=\"image\/jpeg\" \/>\n<meta name=\"author\" content=\"Radio Ljubu\u0161ki\" \/>\n<meta name=\"twitter:card\" content=\"summary_large_image\" \/>\n<meta name=\"twitter:creator\" content=\"@radioljubuski\" \/>\n<meta name=\"twitter:site\" content=\"@radioljubuski\" \/>\n<meta name=\"twitter:label1\" content=\"Napisao\/la\" \/>\n\t<meta name=\"twitter:data1\" content=\"Radio Ljubu\u0161ki\" \/>\n\t<meta name=\"twitter:label2\" content=\"Procijenjeno vrijeme \u010ditanja\" \/>\n\t<meta name=\"twitter:data2\" content=\"3 minute\" \/>\n<script type=\"application\/ld+json\" class=\"yoast-schema-graph\">{\"@context\":\"https:\\\/\\\/schema.org\",\"@graph\":[{\"@type\":\"Article\",\"@id\":\"https:\\\/\\\/radioljubuski.ba\\\/index.php\\\/2022\\\/06\\\/18\\\/markotic-ljubuski-napreduje-mijenja-se-vizura-grada\\\/#article\",\"isPartOf\":{\"@id\":\"https:\\\/\\\/radioljubuski.ba\\\/index.php\\\/2022\\\/06\\\/18\\\/markotic-ljubuski-napreduje-mijenja-se-vizura-grada\\\/\"},\"author\":{\"name\":\"Radio Ljubu\u0161ki\",\"@id\":\"https:\\\/\\\/radioljubuski.ba\\\/#\\\/schema\\\/person\\\/19fc700381a780f69665d7956c469e3b\"},\"headline\":\"Markoti\u0107: Ljubu\u0161ki napreduje, mijenja se vizura grada\",\"datePublished\":\"2022-06-18T11:01:28+00:00\",\"dateModified\":\"2022-06-21T13:09:18+00:00\",\"mainEntityOfPage\":{\"@id\":\"https:\\\/\\\/radioljubuski.ba\\\/index.php\\\/2022\\\/06\\\/18\\\/markotic-ljubuski-napreduje-mijenja-se-vizura-grada\\\/\"},\"wordCount\":646,\"publisher\":{\"@id\":\"https:\\\/\\\/radioljubuski.ba\\\/#organization\"},\"image\":{\"@id\":\"https:\\\/\\\/radioljubuski.ba\\\/index.php\\\/2022\\\/06\\\/18\\\/markotic-ljubuski-napreduje-mijenja-se-vizura-grada\\\/#primaryimage\"},\"thumbnailUrl\":\"https:\\\/\\\/radioljubuski.ba\\\/wp-content\\\/uploads\\\/2021\\\/04\\\/vedran-markotic.jpg\",\"articleSection\":[\"Ljubu\u0161ki\"],\"inLanguage\":\"hr\"},{\"@type\":\"WebPage\",\"@id\":\"https:\\\/\\\/radioljubuski.ba\\\/index.php\\\/2022\\\/06\\\/18\\\/markotic-ljubuski-napreduje-mijenja-se-vizura-grada\\\/\",\"url\":\"https:\\\/\\\/radioljubuski.ba\\\/index.php\\\/2022\\\/06\\\/18\\\/markotic-ljubuski-napreduje-mijenja-se-vizura-grada\\\/\",\"name\":\"Markoti\u0107: Ljubu\u0161ki napreduje, mijenja se vizura grada - RADIO LJUBU\u0160KI\",\"isPartOf\":{\"@id\":\"https:\\\/\\\/radioljubuski.ba\\\/#website\"},\"primaryImageOfPage\":{\"@id\":\"https:\\\/\\\/radioljubuski.ba\\\/index.php\\\/2022\\\/06\\\/18\\\/markotic-ljubuski-napreduje-mijenja-se-vizura-grada\\\/#primaryimage\"},\"image\":{\"@id\":\"https:\\\/\\\/radioljubuski.ba\\\/index.php\\\/2022\\\/06\\\/18\\\/markotic-ljubuski-napreduje-mijenja-se-vizura-grada\\\/#primaryimage\"},\"thumbnailUrl\":\"https:\\\/\\\/radioljubuski.ba\\\/wp-content\\\/uploads\\\/2021\\\/04\\\/vedran-markotic.jpg\",\"datePublished\":\"2022-06-18T11:01:28+00:00\",\"dateModified\":\"2022-06-21T13:09:18+00:00\",\"breadcrumb\":{\"@id\":\"https:\\\/\\\/radioljubuski.ba\\\/index.php\\\/2022\\\/06\\\/18\\\/markotic-ljubuski-napreduje-mijenja-se-vizura-grada\\\/#breadcrumb\"},\"inLanguage\":\"hr\",\"potentialAction\":[{\"@type\":\"ReadAction\",\"target\":[\"https:\\\/\\\/radioljubuski.ba\\\/index.php\\\/2022\\\/06\\\/18\\\/markotic-ljubuski-napreduje-mijenja-se-vizura-grada\\\/\"]}]},{\"@type\":\"ImageObject\",\"inLanguage\":\"hr\",\"@id\":\"https:\\\/\\\/radioljubuski.ba\\\/index.php\\\/2022\\\/06\\\/18\\\/markotic-ljubuski-napreduje-mijenja-se-vizura-grada\\\/#primaryimage\",\"url\":\"https:\\\/\\\/radioljubuski.ba\\\/wp-content\\\/uploads\\\/2021\\\/04\\\/vedran-markotic.jpg\",\"contentUrl\":\"https:\\\/\\\/radioljubuski.ba\\\/wp-content\\\/uploads\\\/2021\\\/04\\\/vedran-markotic.jpg\",\"width\":1024,\"height\":568},{\"@type\":\"BreadcrumbList\",\"@id\":\"https:\\\/\\\/radioljubuski.ba\\\/index.php\\\/2022\\\/06\\\/18\\\/markotic-ljubuski-napreduje-mijenja-se-vizura-grada\\\/#breadcrumb\",\"itemListElement\":[{\"@type\":\"ListItem\",\"position\":1,\"name\":\"Po\u010detna stranica\",\"item\":\"https:\\\/\\\/radioljubuski.ba\\\/\"},{\"@type\":\"ListItem\",\"position\":2,\"name\":\"Markoti\u0107: Ljubu\u0161ki napreduje, mijenja se vizura grada\"}]},{\"@type\":\"WebSite\",\"@id\":\"https:\\\/\\\/radioljubuski.ba\\\/#website\",\"url\":\"https:\\\/\\\/radioljubuski.ba\\\/\",\"name\":\"Radio Ljubu\u0161ki\",\"description\":\"Sun\u010dana frekvencija Hercegovine\",\"publisher\":{\"@id\":\"https:\\\/\\\/radioljubuski.ba\\\/#organization\"},\"potentialAction\":[{\"@type\":\"SearchAction\",\"target\":{\"@type\":\"EntryPoint\",\"urlTemplate\":\"https:\\\/\\\/radioljubuski.ba\\\/?s={search_term_string}\"},\"query-input\":{\"@type\":\"PropertyValueSpecification\",\"valueRequired\":true,\"valueName\":\"search_term_string\"}}],\"inLanguage\":\"hr\"},{\"@type\":\"Organization\",\"@id\":\"https:\\\/\\\/radioljubuski.ba\\\/#organization\",\"name\":\"Radio Ljubu\u0161ki\",\"url\":\"https:\\\/\\\/radioljubuski.ba\\\/\",\"logo\":{\"@type\":\"ImageObject\",\"inLanguage\":\"hr\",\"@id\":\"https:\\\/\\\/radioljubuski.ba\\\/#\\\/schema\\\/logo\\\/image\\\/\",\"url\":\"https:\\\/\\\/radioljubuski.ba\\\/wp-content\\\/uploads\\\/2021\\\/02\\\/cropped-Radio_Ljubuski_logo1.jpg\",\"contentUrl\":\"https:\\\/\\\/radioljubuski.ba\\\/wp-content\\\/uploads\\\/2021\\\/02\\\/cropped-Radio_Ljubuski_logo1.jpg\",\"width\":512,\"height\":512,\"caption\":\"Radio Ljubu\u0161ki\"},\"image\":{\"@id\":\"https:\\\/\\\/radioljubuski.ba\\\/#\\\/schema\\\/logo\\\/image\\\/\"},\"sameAs\":[\"https:\\\/\\\/www.facebook.com\\\/Radiio-Ljubuski-1490835324566332\",\"https:\\\/\\\/x.com\\\/radioljubuski\",\"https:\\\/\\\/hr.linkedin.com\\\/company\\\/radio-ljubuski\",\"https:\\\/\\\/www.youtube.com\\\/channel\\\/UCHYaeO_n0Db3tjNGudGpXyw\"]},{\"@type\":\"Person\",\"@id\":\"https:\\\/\\\/radioljubuski.ba\\\/#\\\/schema\\\/person\\\/19fc700381a780f69665d7956c469e3b\",\"name\":\"Radio Ljubu\u0161ki\"}]}<\/script>\n<!-- \/ Yoast SEO plugin. -->","yoast_head_json":{"title":"Markoti\u0107: Ljubu\u0161ki napreduje, mijenja se vizura grada - RADIO LJUBU\u0160KI","robots":{"index":"index","follow":"follow","max-snippet":"max-snippet:-1","max-image-preview":"max-image-preview:large","max-video-preview":"max-video-preview:-1"},"canonical":"https:\/\/radioljubuski.ba\/index.php\/2022\/06\/18\/markotic-ljubuski-napreduje-mijenja-se-vizura-grada\/","og_locale":"hr_HR","og_type":"article","og_title":"Markoti\u0107: Ljubu\u0161ki napreduje, mijenja se vizura grada - RADIO LJUBU\u0160KI","og_description":"Vedran Markoti\u0107 dvije godine je na poziciji gradona\u010delnika Ljubu\u0161kog, a po njegovim rije\u010dima, u te dvije godine ostvareni su vidljivi pomaci u svim segmentima \u017eivota u tom hercegova\u010dkom gradu. &#8220;Dvije godine mandata su brzo protekle, a na samom po\u010detku sam obe\u0107ao dva prioriteta: demografija i ja\u010danje gospodarstva. Mislim da se vide pomaci. Odmah na po\u010detku [&hellip;]","og_url":"https:\/\/radioljubuski.ba\/index.php\/2022\/06\/18\/markotic-ljubuski-napreduje-mijenja-se-vizura-grada\/","og_site_name":"RADIO LJUBU\u0160KI","article_publisher":"https:\/\/www.facebook.com\/Radiio-Ljubuski-1490835324566332","article_published_time":"2022-06-18T11:01:28+00:00","article_modified_time":"2022-06-21T13:09:18+00:00","og_image":[{"width":1024,"height":568,"url":"https:\/\/radioljubuski.ba\/wp-content\/uploads\/2021\/04\/vedran-markotic.jpg","type":"image\/jpeg"}],"author":"Radio Ljubu\u0161ki","twitter_card":"summary_large_image","twitter_creator":"@radioljubuski","twitter_site":"@radioljubuski","twitter_misc":{"Napisao\/la":"Radio Ljubu\u0161ki","Procijenjeno vrijeme \u010ditanja":"3 minute"},"schema":{"@context":"https:\/\/schema.org","@graph":[{"@type":"Article","@id":"https:\/\/radioljubuski.ba\/index.php\/2022\/06\/18\/markotic-ljubuski-napreduje-mijenja-se-vizura-grada\/#article","isPartOf":{"@id":"https:\/\/radioljubuski.ba\/index.php\/2022\/06\/18\/markotic-ljubuski-napreduje-mijenja-se-vizura-grada\/"},"author":{"name":"Radio Ljubu\u0161ki","@id":"https:\/\/radioljubuski.ba\/#\/schema\/person\/19fc700381a780f69665d7956c469e3b"},"headline":"Markoti\u0107: Ljubu\u0161ki napreduje, mijenja se vizura grada","datePublished":"2022-06-18T11:01:28+00:00","dateModified":"2022-06-21T13:09:18+00:00","mainEntityOfPage":{"@id":"https:\/\/radioljubuski.ba\/index.php\/2022\/06\/18\/markotic-ljubuski-napreduje-mijenja-se-vizura-grada\/"},"wordCount":646,"publisher":{"@id":"https:\/\/radioljubuski.ba\/#organization"},"image":{"@id":"https:\/\/radioljubuski.ba\/index.php\/2022\/06\/18\/markotic-ljubuski-napreduje-mijenja-se-vizura-grada\/#primaryimage"},"thumbnailUrl":"https:\/\/radioljubuski.ba\/wp-content\/uploads\/2021\/04\/vedran-markotic.jpg","articleSection":["Ljubu\u0161ki"],"inLanguage":"hr"},{"@type":"WebPage","@id":"https:\/\/radioljubuski.ba\/index.php\/2022\/06\/18\/markotic-ljubuski-napreduje-mijenja-se-vizura-grada\/","url":"https:\/\/radioljubuski.ba\/index.php\/2022\/06\/18\/markotic-ljubuski-napreduje-mijenja-se-vizura-grada\/","name":"Markoti\u0107: Ljubu\u0161ki napreduje, mijenja se vizura grada - RADIO LJUBU\u0160KI","isPartOf":{"@id":"https:\/\/radioljubuski.ba\/#website"},"primaryImageOfPage":{"@id":"https:\/\/radioljubuski.ba\/index.php\/2022\/06\/18\/markotic-ljubuski-napreduje-mijenja-se-vizura-grada\/#primaryimage"},"image":{"@id":"https:\/\/radioljubuski.ba\/index.php\/2022\/06\/18\/markotic-ljubuski-napreduje-mijenja-se-vizura-grada\/#primaryimage"},"thumbnailUrl":"https:\/\/radioljubuski.ba\/wp-content\/uploads\/2021\/04\/vedran-markotic.jpg","datePublished":"2022-06-18T11:01:28+00:00","dateModified":"2022-06-21T13:09:18+00:00","breadcrumb":{"@id":"https:\/\/radioljubuski.ba\/index.php\/2022\/06\/18\/markotic-ljubuski-napreduje-mijenja-se-vizura-grada\/#breadcrumb"},"inLanguage":"hr","potentialAction":[{"@type":"ReadAction","target":["https:\/\/radioljubuski.ba\/index.php\/2022\/06\/18\/markotic-ljubuski-napreduje-mijenja-se-vizura-grada\/"]}]},{"@type":"ImageObject","inLanguage":"hr","@id":"https:\/\/radioljubuski.ba\/index.php\/2022\/06\/18\/markotic-ljubuski-napreduje-mijenja-se-vizura-grada\/#primaryimage","url":"https:\/\/radioljubuski.ba\/wp-content\/uploads\/2021\/04\/vedran-markotic.jpg","contentUrl":"https:\/\/radioljubuski.ba\/wp-content\/uploads\/2021\/04\/vedran-markotic.jpg","width":1024,"height":568},{"@type":"BreadcrumbList","@id":"https:\/\/radioljubuski.ba\/index.php\/2022\/06\/18\/markotic-ljubuski-napreduje-mijenja-se-vizura-grada\/#breadcrumb","itemListElement":[{"@type":"ListItem","position":1,"name":"Po\u010detna stranica","item":"https:\/\/radioljubuski.ba\/"},{"@type":"ListItem","position":2,"name":"Markoti\u0107: Ljubu\u0161ki napreduje, mijenja se vizura grada"}]},{"@type":"WebSite","@id":"https:\/\/radioljubuski.ba\/#website","url":"https:\/\/radioljubuski.ba\/","name":"Radio Ljubu\u0161ki","description":"Sun\u010dana frekvencija Hercegovine","publisher":{"@id":"https:\/\/radioljubuski.ba\/#organization"},"potentialAction":[{"@type":"SearchAction","target":{"@type":"EntryPoint","urlTemplate":"https:\/\/radioljubuski.ba\/?s={search_term_string}"},"query-input":{"@type":"PropertyValueSpecification","valueRequired":true,"valueName":"search_term_string"}}],"inLanguage":"hr"},{"@type":"Organization","@id":"https:\/\/radioljubuski.ba\/#organization","name":"Radio Ljubu\u0161ki","url":"https:\/\/radioljubuski.ba\/","logo":{"@type":"ImageObject","inLanguage":"hr","@id":"https:\/\/radioljubuski.ba\/#\/schema\/logo\/image\/","url":"https:\/\/radioljubuski.ba\/wp-content\/uploads\/2021\/02\/cropped-Radio_Ljubuski_logo1.jpg","contentUrl":"https:\/\/radioljubuski.ba\/wp-content\/uploads\/2021\/02\/cropped-Radio_Ljubuski_logo1.jpg","width":512,"height":512,"caption":"Radio Ljubu\u0161ki"},"image":{"@id":"https:\/\/radioljubuski.ba\/#\/schema\/logo\/image\/"},"sameAs":["https:\/\/www.facebook.com\/Radiio-Ljubuski-1490835324566332","https:\/\/x.com\/radioljubuski","https:\/\/hr.linkedin.com\/company\/radio-ljubuski","https:\/\/www.youtube.com\/channel\/UCHYaeO_n0Db3tjNGudGpXyw"]},{"@type":"Person","@id":"https:\/\/radioljubuski.ba\/#\/schema\/person\/19fc700381a780f69665d7956c469e3b","name":"Radio Ljubu\u0161ki"}]}},"_links":{"self":[{"href":"https:\/\/radioljubuski.ba\/index.php\/wp-json\/wp\/v2\/posts\/150676","targetHints":{"allow":["GET"]}}],"collection":[{"href":"https:\/\/radioljubuski.ba\/index.php\/wp-json\/wp\/v2\/posts"}],"about":[{"href":"https:\/\/radioljubuski.ba\/index.php\/wp-json\/wp\/v2\/types\/post"}],"author":[{"embeddable":true,"href":"https:\/\/radioljubuski.ba\/index.php\/wp-json\/wp\/v2\/users\/2"}],"replies":[{"embeddable":true,"href":"https:\/\/radioljubuski.ba\/index.php\/wp-json\/wp\/v2\/comments?post=150676"}],"version-history":[{"count":2,"href":"https:\/\/radioljubuski.ba\/index.php\/wp-json\/wp\/v2\/posts\/150676\/revisions"}],"predecessor-version":[{"id":151760,"href":"https:\/\/radioljubuski.ba\/index.php\/wp-json\/wp\/v2\/posts\/150676\/revisions\/151760"}],"wp:featuredmedia":[{"embeddable":true,"href":"https:\/\/radioljubuski.ba\/index.php\/wp-json\/wp\/v2\/media\/9149"}],"wp:attachment":[{"href":"https:\/\/radioljubuski.ba\/index.php\/wp-json\/wp\/v2\/media?parent=150676"}],"wp:term":[{"taxonomy":"category","embeddable":true,"href":"https:\/\/radioljubuski.ba\/index.php\/wp-json\/wp\/v2\/categories?post=150676"},{"taxonomy":"post_tag","embeddable":true,"href":"https:\/\/radioljubuski.ba\/index.php\/wp-json\/wp\/v2\/tags?post=150676"}],"curies":[{"name":"wp","href":"https:\/\/api.w.org\/{rel}","templated":true}]}}