{"id":15070,"date":"2021-04-21T14:01:28","date_gmt":"2021-04-21T13:01:28","guid":{"rendered":"https:\/\/radioljubuski.ba\/?p=15070"},"modified":"2021-04-21T14:01:28","modified_gmt":"2021-04-21T13:01:28","slug":"zaposlenici-socijalne-skrbi-prosvjedovali-u-tisini","status":"publish","type":"post","link":"https:\/\/radioljubuski.ba\/index.php\/2021\/04\/21\/zaposlenici-socijalne-skrbi-prosvjedovali-u-tisini\/","title":{"rendered":"Zaposlenici socijalne skrbi prosvjedovali u ti\u0161ini"},"content":{"rendered":"\n<p>Zaposlenici u djelatnosti socijalne skrbi prosvjedovali su pitaju\u0107i &#8211; &#8220;\u010cujete li na\u0161u \u0161utnju?&#8221;. Polusatni tihi prosvjed ispred ustanova u kojima rade diljem zemlje njihov je odgovor na ignoriranje goru\u0107ih problema u sustavu. Upozorili su na nedovoljan broj djelatnika, slo\u017eenost svojeg posla te podsjetili na napade kojima su sve \u010de\u0161\u0107e izlo\u017eeni.<\/p>\n\n\n\n<p>&#8211; Tihim prosvjedom i polusatnom \u0161utnjom djelatnici Centra za socijalnu skrb \u017eele upozoriti Vladu, mjerodavne institucije ali i cjelokupnu javnost na probleme u struci, sustavno zanemarivanje, nedovoljan broj djelatnika i te\u017einu njihova posla u ovoj svakodnevici u kojoj postoji atmosfera straha i govor mr\u017enje. Unato\u010d trenutnoj za\u0161titi socijalni su djelatnici izlo\u017eeni verbalnim i fizi\u010dkim napadima, javila je u Dnevniku u podne HTV-ova novinarka<strong> Katarina Bara\u010d Pero\u0161evi\u0107<\/strong>.&nbsp;<\/p>\n\n\n\n<p>Ministar rada, mirovinskoga sustava, obitelji i socijalne politike <strong>Josip Aladrovi\u0107<\/strong> poru\u010dio je danas kako je sustav socijalne skrbi spreman za reformski zahvat te je najavio predstavljanje akcijskog plana hrvatskoj javnosti u sljede\u0107ih nekoliko dana. Poslao je i poruku socijalnim radnicima koji su danas odr\u017eali prosvjed.<br><br>&#8211; Danas se dogodio prosvjed radnika u centrima za socijalnu skrb, to je njihovo pravo i ja ga ne \u017eelim niti na koji na\u010din osporiti. Me\u0111utim ono \u0161to o\u010dekujemo i \u010demu se nadamo je daljnja kvalitetna suradnja sa svim radnicima iz sustava socijalne skrbi. Ja sam siguran da zajedni\u010dkim radom, kvalitetnim Akcijskom planom, kvalitetnom provedbom svih zakonodavnih i nezakonodavnih akata mo\u017eemo promijeniti sustav da on postane kvalitetan, da ga hrvatski gra\u0111ani do\u017eivljavaju kao kvalitetan i da svi korisnici budu zadovoljni, poru\u010dio je ministar Aladrovi\u0107.<\/p>\n\n\n\n<p><strong>Odoba\u0161i\u0107: Zadovoljan mo\u017ee\u0161 oti\u0107i ku\u0107i jedino ako si obavio posao kako treba<\/strong><br><br>Ispred Centra za socijalnu skrb u \u0110akovu prosvjedovalo je dvadesetak djelatnika. Nisu zaboravili tragediju otprije dvije godine, kada je korisnik ubio dvoje djelatnika centra.&nbsp;<br><br>&#8211; Na\u0161 posao podrazumijeva previ\u0161e papirologije, previ\u0161e ovlasti. Ono \u0161to ljudi ne mogu zamisliti je jedan radni dan socijalnog radnika kada ima intervenciju. Nas je premalo, a iako nas je premalo \u010dinimo sve da odradimo sve propisane aktivnosti da za\u0161titimo obitelj, dijete, odraslu osobu, staru i nemo\u0107nu osobu. Zna\u010di, dajemo maksimum, dajemo sve od sebe, \u010dak i vi\u0161e od toga. Zadovoljan mo\u017ee\u0161 oti\u0107i ku\u0107i jedino ako si obavio posao kako treba, rekla je <strong>Glorija Odoba\u0161i\u0107<\/strong>, sindikalna povjerenica u Centru za socijalnu skrb \u0110akovo.<\/p>\n\n\n\n<p><strong>Zadarski socijalni radnici: Prekasno je za prosvjed<\/strong><br><br>Zadarski socijalni radnici nisu danas iza\u0161li na prosvjed \u0161utnje jer smatraju da je za takve prosvjede vrijeme pro\u0161lo. Podsje\u0107aju kako je mjerodavno Ministarstvo prije dvije godine, kada se dogodio slu\u010daj Pag, obe\u0107alo zapo\u0161ljavanje 6 socijalnih radnika no to se nije dogodilo.&nbsp;<br><br>&#8211; U ovakvoj vrsti prosvjeda ne vidimo nikakvu svrhu niti se vi\u0161e nadamo pozitivnim promjenama u sustavu. Ljudi su demotivirani ovakvim stanjem u sustavu, izjavila je socijalna radnica i sindikalna povjerenica zadarskog Centra za socijalnu skrb <strong>Zdenka Bori\u0107<\/strong>.<\/p>\n\n\n\n<p><strong>Rijeka: Za sada jo\u0161 uvijek \u0161utimo ali ako nas nadre\u0111eni ne shvate ozbiljno postat \u0107emo mnogo glasniji<\/strong><br><br>Za sada jo\u0161 uvijek \u0161utimo ali ako nas nadre\u0111eni ne shvate ozbiljno postat \u0107emo mnogo glasniji: poruka je to odaslana danas u Rijeci od strane \u010dlanova sindikata zaposlenih u socijalnoj skrbi koji su se odazvali dana\u0161njem polusatnom tihom prosvjedu pod nazivom &#8220;\u010cujete li na\u0161u \u0161utnju?&#8221;, ispred zgrade u kojoj rade.<br><br>&#8211; Jo\u0161 jednom, nakon \u0161to ih upozoravamo dugih 30-tak godina, \u017eelimo poru\u010diti nadre\u0111enima da sustav socijalne skrbi zahtjeva hitno pobolj\u0161anje. Zaposlenici Centra do\u017eivljavaju kontinuirani stres, vrije\u0111anja a nerijetko i fizi\u010dke napade, pogotovo \u017eene zaposlene u sustavu i \u017eelimo promjene, rekao je socijalni radnik <strong>Livio Dolgo\u0161<\/strong>.<\/p>\n\n\n\n<p>Sindikat zaposlenika u djelatnosti socijalne skrbi Hrvatske organizirao je prosvjed&nbsp;&#8220;\u010cujete li na\u0161u \u0161utnju?&#8221; kao odgovor nadle\u017enim institucijama za ignoriranje goru\u0107ih problema u sustavu i nespremnost da se sustav uredi na dobrobit radnika i korisnika.<br><br>Rad djelatnika u sustavu socijalne skrbi na\u0161ao se u fokusu javnosti nakon smrti dvoipolgodi\u0161nje djevoj\u010dice iz Nove Gradi\u0161ke, \u017ertve zlostavljanja i zanemarivanja.<\/p>\n\n\n\n<p>Izvor:hrt.hr<\/p>\n","protected":false},"excerpt":{"rendered":"<p>Zaposlenici u djelatnosti socijalne skrbi prosvjedovali su pitaju\u0107i &#8211; &#8220;\u010cujete li na\u0161u \u0161utnju?&#8221;. Polusatni tihi prosvjed ispred ustanova u kojima rade diljem zemlje njihov je odgovor na ignoriranje goru\u0107ih problema u sustavu. Upozorili su na nedovoljan broj djelatnika, slo\u017eenost svojeg posla te podsjetili na napade kojima su sve \u010de\u0161\u0107e izlo\u017eeni. &#8211; Tihim prosvjedom i polusatnom [&hellip;]<\/p>\n","protected":false},"author":2,"featured_media":15071,"comment_status":"closed","ping_status":"closed","sticky":false,"template":"","format":"standard","meta":{"h5ap_radio_sources":[],"footnotes":""},"categories":[1],"tags":[],"class_list":["post-15070","post","type-post","status-publish","format-standard","has-post-thumbnail","hentry","category-bihiregija"],"yoast_head":"<!-- This site is optimized with the Yoast SEO plugin v27.5 - https:\/\/yoast.com\/product\/yoast-seo-wordpress\/ -->\n<title>Zaposlenici socijalne skrbi prosvjedovali u ti\u0161ini - RADIO LJUBU\u0160KI<\/title>\n<meta name=\"robots\" content=\"index, follow, max-snippet:-1, max-image-preview:large, max-video-preview:-1\" \/>\n<link rel=\"canonical\" href=\"https:\/\/radioljubuski.ba\/index.php\/2021\/04\/21\/zaposlenici-socijalne-skrbi-prosvjedovali-u-tisini\/\" \/>\n<meta property=\"og:locale\" content=\"hr_HR\" \/>\n<meta property=\"og:type\" content=\"article\" \/>\n<meta property=\"og:title\" content=\"Zaposlenici socijalne skrbi prosvjedovali u ti\u0161ini - RADIO LJUBU\u0160KI\" \/>\n<meta property=\"og:description\" content=\"Zaposlenici u djelatnosti socijalne skrbi prosvjedovali su pitaju\u0107i &#8211; &#8220;\u010cujete li na\u0161u \u0161utnju?&#8221;. Polusatni tihi prosvjed ispred ustanova u kojima rade diljem zemlje njihov je odgovor na ignoriranje goru\u0107ih problema u sustavu. Upozorili su na nedovoljan broj djelatnika, slo\u017eenost svojeg posla te podsjetili na napade kojima su sve \u010de\u0161\u0107e izlo\u017eeni. &#8211; Tihim prosvjedom i polusatnom [&hellip;]\" \/>\n<meta property=\"og:url\" content=\"https:\/\/radioljubuski.ba\/index.php\/2021\/04\/21\/zaposlenici-socijalne-skrbi-prosvjedovali-u-tisini\/\" \/>\n<meta property=\"og:site_name\" content=\"RADIO LJUBU\u0160KI\" \/>\n<meta property=\"article:publisher\" content=\"https:\/\/www.facebook.com\/Radiio-Ljubuski-1490835324566332\" \/>\n<meta property=\"article:published_time\" content=\"2021-04-21T13:01:28+00:00\" \/>\n<meta property=\"og:image\" content=\"https:\/\/radioljubuski.ba\/wp-content\/uploads\/2021\/04\/88-4.png\" \/>\n\t<meta property=\"og:image:width\" content=\"647\" \/>\n\t<meta property=\"og:image:height\" content=\"364\" \/>\n\t<meta property=\"og:image:type\" content=\"image\/png\" \/>\n<meta name=\"author\" content=\"Radio Ljubu\u0161ki\" \/>\n<meta name=\"twitter:card\" content=\"summary_large_image\" \/>\n<meta name=\"twitter:creator\" content=\"@radioljubuski\" \/>\n<meta name=\"twitter:site\" content=\"@radioljubuski\" \/>\n<meta name=\"twitter:label1\" content=\"Napisao\/la\" \/>\n\t<meta name=\"twitter:data1\" content=\"Radio Ljubu\u0161ki\" \/>\n\t<meta name=\"twitter:label2\" content=\"Procijenjeno vrijeme \u010ditanja\" \/>\n\t<meta name=\"twitter:data2\" content=\"3 minute\" \/>\n<script type=\"application\/ld+json\" class=\"yoast-schema-graph\">{\"@context\":\"https:\\\/\\\/schema.org\",\"@graph\":[{\"@type\":\"Article\",\"@id\":\"https:\\\/\\\/radioljubuski.ba\\\/index.php\\\/2021\\\/04\\\/21\\\/zaposlenici-socijalne-skrbi-prosvjedovali-u-tisini\\\/#article\",\"isPartOf\":{\"@id\":\"https:\\\/\\\/radioljubuski.ba\\\/index.php\\\/2021\\\/04\\\/21\\\/zaposlenici-socijalne-skrbi-prosvjedovali-u-tisini\\\/\"},\"author\":{\"name\":\"Radio Ljubu\u0161ki\",\"@id\":\"https:\\\/\\\/radioljubuski.ba\\\/#\\\/schema\\\/person\\\/19fc700381a780f69665d7956c469e3b\"},\"headline\":\"Zaposlenici socijalne skrbi prosvjedovali u ti\u0161ini\",\"datePublished\":\"2021-04-21T13:01:28+00:00\",\"mainEntityOfPage\":{\"@id\":\"https:\\\/\\\/radioljubuski.ba\\\/index.php\\\/2021\\\/04\\\/21\\\/zaposlenici-socijalne-skrbi-prosvjedovali-u-tisini\\\/\"},\"wordCount\":693,\"publisher\":{\"@id\":\"https:\\\/\\\/radioljubuski.ba\\\/#organization\"},\"image\":{\"@id\":\"https:\\\/\\\/radioljubuski.ba\\\/index.php\\\/2021\\\/04\\\/21\\\/zaposlenici-socijalne-skrbi-prosvjedovali-u-tisini\\\/#primaryimage\"},\"thumbnailUrl\":\"https:\\\/\\\/radioljubuski.ba\\\/wp-content\\\/uploads\\\/2021\\\/04\\\/88-4.png\",\"articleSection\":[\"BIH i regija\"],\"inLanguage\":\"hr\"},{\"@type\":\"WebPage\",\"@id\":\"https:\\\/\\\/radioljubuski.ba\\\/index.php\\\/2021\\\/04\\\/21\\\/zaposlenici-socijalne-skrbi-prosvjedovali-u-tisini\\\/\",\"url\":\"https:\\\/\\\/radioljubuski.ba\\\/index.php\\\/2021\\\/04\\\/21\\\/zaposlenici-socijalne-skrbi-prosvjedovali-u-tisini\\\/\",\"name\":\"Zaposlenici socijalne skrbi prosvjedovali u ti\u0161ini - RADIO LJUBU\u0160KI\",\"isPartOf\":{\"@id\":\"https:\\\/\\\/radioljubuski.ba\\\/#website\"},\"primaryImageOfPage\":{\"@id\":\"https:\\\/\\\/radioljubuski.ba\\\/index.php\\\/2021\\\/04\\\/21\\\/zaposlenici-socijalne-skrbi-prosvjedovali-u-tisini\\\/#primaryimage\"},\"image\":{\"@id\":\"https:\\\/\\\/radioljubuski.ba\\\/index.php\\\/2021\\\/04\\\/21\\\/zaposlenici-socijalne-skrbi-prosvjedovali-u-tisini\\\/#primaryimage\"},\"thumbnailUrl\":\"https:\\\/\\\/radioljubuski.ba\\\/wp-content\\\/uploads\\\/2021\\\/04\\\/88-4.png\",\"datePublished\":\"2021-04-21T13:01:28+00:00\",\"breadcrumb\":{\"@id\":\"https:\\\/\\\/radioljubuski.ba\\\/index.php\\\/2021\\\/04\\\/21\\\/zaposlenici-socijalne-skrbi-prosvjedovali-u-tisini\\\/#breadcrumb\"},\"inLanguage\":\"hr\",\"potentialAction\":[{\"@type\":\"ReadAction\",\"target\":[\"https:\\\/\\\/radioljubuski.ba\\\/index.php\\\/2021\\\/04\\\/21\\\/zaposlenici-socijalne-skrbi-prosvjedovali-u-tisini\\\/\"]}]},{\"@type\":\"ImageObject\",\"inLanguage\":\"hr\",\"@id\":\"https:\\\/\\\/radioljubuski.ba\\\/index.php\\\/2021\\\/04\\\/21\\\/zaposlenici-socijalne-skrbi-prosvjedovali-u-tisini\\\/#primaryimage\",\"url\":\"https:\\\/\\\/radioljubuski.ba\\\/wp-content\\\/uploads\\\/2021\\\/04\\\/88-4.png\",\"contentUrl\":\"https:\\\/\\\/radioljubuski.ba\\\/wp-content\\\/uploads\\\/2021\\\/04\\\/88-4.png\",\"width\":647,\"height\":364},{\"@type\":\"BreadcrumbList\",\"@id\":\"https:\\\/\\\/radioljubuski.ba\\\/index.php\\\/2021\\\/04\\\/21\\\/zaposlenici-socijalne-skrbi-prosvjedovali-u-tisini\\\/#breadcrumb\",\"itemListElement\":[{\"@type\":\"ListItem\",\"position\":1,\"name\":\"Po\u010detna stranica\",\"item\":\"https:\\\/\\\/radioljubuski.ba\\\/\"},{\"@type\":\"ListItem\",\"position\":2,\"name\":\"Zaposlenici socijalne skrbi prosvjedovali u ti\u0161ini\"}]},{\"@type\":\"WebSite\",\"@id\":\"https:\\\/\\\/radioljubuski.ba\\\/#website\",\"url\":\"https:\\\/\\\/radioljubuski.ba\\\/\",\"name\":\"Radio Ljubu\u0161ki\",\"description\":\"Sun\u010dana frekvencija Hercegovine\",\"publisher\":{\"@id\":\"https:\\\/\\\/radioljubuski.ba\\\/#organization\"},\"potentialAction\":[{\"@type\":\"SearchAction\",\"target\":{\"@type\":\"EntryPoint\",\"urlTemplate\":\"https:\\\/\\\/radioljubuski.ba\\\/?s={search_term_string}\"},\"query-input\":{\"@type\":\"PropertyValueSpecification\",\"valueRequired\":true,\"valueName\":\"search_term_string\"}}],\"inLanguage\":\"hr\"},{\"@type\":\"Organization\",\"@id\":\"https:\\\/\\\/radioljubuski.ba\\\/#organization\",\"name\":\"Radio Ljubu\u0161ki\",\"url\":\"https:\\\/\\\/radioljubuski.ba\\\/\",\"logo\":{\"@type\":\"ImageObject\",\"inLanguage\":\"hr\",\"@id\":\"https:\\\/\\\/radioljubuski.ba\\\/#\\\/schema\\\/logo\\\/image\\\/\",\"url\":\"https:\\\/\\\/radioljubuski.ba\\\/wp-content\\\/uploads\\\/2021\\\/02\\\/cropped-Radio_Ljubuski_logo1.jpg\",\"contentUrl\":\"https:\\\/\\\/radioljubuski.ba\\\/wp-content\\\/uploads\\\/2021\\\/02\\\/cropped-Radio_Ljubuski_logo1.jpg\",\"width\":512,\"height\":512,\"caption\":\"Radio Ljubu\u0161ki\"},\"image\":{\"@id\":\"https:\\\/\\\/radioljubuski.ba\\\/#\\\/schema\\\/logo\\\/image\\\/\"},\"sameAs\":[\"https:\\\/\\\/www.facebook.com\\\/Radiio-Ljubuski-1490835324566332\",\"https:\\\/\\\/x.com\\\/radioljubuski\",\"https:\\\/\\\/hr.linkedin.com\\\/company\\\/radio-ljubuski\",\"https:\\\/\\\/www.youtube.com\\\/channel\\\/UCHYaeO_n0Db3tjNGudGpXyw\"]},{\"@type\":\"Person\",\"@id\":\"https:\\\/\\\/radioljubuski.ba\\\/#\\\/schema\\\/person\\\/19fc700381a780f69665d7956c469e3b\",\"name\":\"Radio Ljubu\u0161ki\"}]}<\/script>\n<!-- \/ Yoast SEO plugin. -->","yoast_head_json":{"title":"Zaposlenici socijalne skrbi prosvjedovali u ti\u0161ini - RADIO LJUBU\u0160KI","robots":{"index":"index","follow":"follow","max-snippet":"max-snippet:-1","max-image-preview":"max-image-preview:large","max-video-preview":"max-video-preview:-1"},"canonical":"https:\/\/radioljubuski.ba\/index.php\/2021\/04\/21\/zaposlenici-socijalne-skrbi-prosvjedovali-u-tisini\/","og_locale":"hr_HR","og_type":"article","og_title":"Zaposlenici socijalne skrbi prosvjedovali u ti\u0161ini - RADIO LJUBU\u0160KI","og_description":"Zaposlenici u djelatnosti socijalne skrbi prosvjedovali su pitaju\u0107i &#8211; &#8220;\u010cujete li na\u0161u \u0161utnju?&#8221;. Polusatni tihi prosvjed ispred ustanova u kojima rade diljem zemlje njihov je odgovor na ignoriranje goru\u0107ih problema u sustavu. Upozorili su na nedovoljan broj djelatnika, slo\u017eenost svojeg posla te podsjetili na napade kojima su sve \u010de\u0161\u0107e izlo\u017eeni. &#8211; Tihim prosvjedom i polusatnom [&hellip;]","og_url":"https:\/\/radioljubuski.ba\/index.php\/2021\/04\/21\/zaposlenici-socijalne-skrbi-prosvjedovali-u-tisini\/","og_site_name":"RADIO LJUBU\u0160KI","article_publisher":"https:\/\/www.facebook.com\/Radiio-Ljubuski-1490835324566332","article_published_time":"2021-04-21T13:01:28+00:00","og_image":[{"width":647,"height":364,"url":"https:\/\/radioljubuski.ba\/wp-content\/uploads\/2021\/04\/88-4.png","type":"image\/png"}],"author":"Radio Ljubu\u0161ki","twitter_card":"summary_large_image","twitter_creator":"@radioljubuski","twitter_site":"@radioljubuski","twitter_misc":{"Napisao\/la":"Radio Ljubu\u0161ki","Procijenjeno vrijeme \u010ditanja":"3 minute"},"schema":{"@context":"https:\/\/schema.org","@graph":[{"@type":"Article","@id":"https:\/\/radioljubuski.ba\/index.php\/2021\/04\/21\/zaposlenici-socijalne-skrbi-prosvjedovali-u-tisini\/#article","isPartOf":{"@id":"https:\/\/radioljubuski.ba\/index.php\/2021\/04\/21\/zaposlenici-socijalne-skrbi-prosvjedovali-u-tisini\/"},"author":{"name":"Radio Ljubu\u0161ki","@id":"https:\/\/radioljubuski.ba\/#\/schema\/person\/19fc700381a780f69665d7956c469e3b"},"headline":"Zaposlenici socijalne skrbi prosvjedovali u ti\u0161ini","datePublished":"2021-04-21T13:01:28+00:00","mainEntityOfPage":{"@id":"https:\/\/radioljubuski.ba\/index.php\/2021\/04\/21\/zaposlenici-socijalne-skrbi-prosvjedovali-u-tisini\/"},"wordCount":693,"publisher":{"@id":"https:\/\/radioljubuski.ba\/#organization"},"image":{"@id":"https:\/\/radioljubuski.ba\/index.php\/2021\/04\/21\/zaposlenici-socijalne-skrbi-prosvjedovali-u-tisini\/#primaryimage"},"thumbnailUrl":"https:\/\/radioljubuski.ba\/wp-content\/uploads\/2021\/04\/88-4.png","articleSection":["BIH i regija"],"inLanguage":"hr"},{"@type":"WebPage","@id":"https:\/\/radioljubuski.ba\/index.php\/2021\/04\/21\/zaposlenici-socijalne-skrbi-prosvjedovali-u-tisini\/","url":"https:\/\/radioljubuski.ba\/index.php\/2021\/04\/21\/zaposlenici-socijalne-skrbi-prosvjedovali-u-tisini\/","name":"Zaposlenici socijalne skrbi prosvjedovali u ti\u0161ini - RADIO LJUBU\u0160KI","isPartOf":{"@id":"https:\/\/radioljubuski.ba\/#website"},"primaryImageOfPage":{"@id":"https:\/\/radioljubuski.ba\/index.php\/2021\/04\/21\/zaposlenici-socijalne-skrbi-prosvjedovali-u-tisini\/#primaryimage"},"image":{"@id":"https:\/\/radioljubuski.ba\/index.php\/2021\/04\/21\/zaposlenici-socijalne-skrbi-prosvjedovali-u-tisini\/#primaryimage"},"thumbnailUrl":"https:\/\/radioljubuski.ba\/wp-content\/uploads\/2021\/04\/88-4.png","datePublished":"2021-04-21T13:01:28+00:00","breadcrumb":{"@id":"https:\/\/radioljubuski.ba\/index.php\/2021\/04\/21\/zaposlenici-socijalne-skrbi-prosvjedovali-u-tisini\/#breadcrumb"},"inLanguage":"hr","potentialAction":[{"@type":"ReadAction","target":["https:\/\/radioljubuski.ba\/index.php\/2021\/04\/21\/zaposlenici-socijalne-skrbi-prosvjedovali-u-tisini\/"]}]},{"@type":"ImageObject","inLanguage":"hr","@id":"https:\/\/radioljubuski.ba\/index.php\/2021\/04\/21\/zaposlenici-socijalne-skrbi-prosvjedovali-u-tisini\/#primaryimage","url":"https:\/\/radioljubuski.ba\/wp-content\/uploads\/2021\/04\/88-4.png","contentUrl":"https:\/\/radioljubuski.ba\/wp-content\/uploads\/2021\/04\/88-4.png","width":647,"height":364},{"@type":"BreadcrumbList","@id":"https:\/\/radioljubuski.ba\/index.php\/2021\/04\/21\/zaposlenici-socijalne-skrbi-prosvjedovali-u-tisini\/#breadcrumb","itemListElement":[{"@type":"ListItem","position":1,"name":"Po\u010detna stranica","item":"https:\/\/radioljubuski.ba\/"},{"@type":"ListItem","position":2,"name":"Zaposlenici socijalne skrbi prosvjedovali u ti\u0161ini"}]},{"@type":"WebSite","@id":"https:\/\/radioljubuski.ba\/#website","url":"https:\/\/radioljubuski.ba\/","name":"Radio Ljubu\u0161ki","description":"Sun\u010dana frekvencija Hercegovine","publisher":{"@id":"https:\/\/radioljubuski.ba\/#organization"},"potentialAction":[{"@type":"SearchAction","target":{"@type":"EntryPoint","urlTemplate":"https:\/\/radioljubuski.ba\/?s={search_term_string}"},"query-input":{"@type":"PropertyValueSpecification","valueRequired":true,"valueName":"search_term_string"}}],"inLanguage":"hr"},{"@type":"Organization","@id":"https:\/\/radioljubuski.ba\/#organization","name":"Radio Ljubu\u0161ki","url":"https:\/\/radioljubuski.ba\/","logo":{"@type":"ImageObject","inLanguage":"hr","@id":"https:\/\/radioljubuski.ba\/#\/schema\/logo\/image\/","url":"https:\/\/radioljubuski.ba\/wp-content\/uploads\/2021\/02\/cropped-Radio_Ljubuski_logo1.jpg","contentUrl":"https:\/\/radioljubuski.ba\/wp-content\/uploads\/2021\/02\/cropped-Radio_Ljubuski_logo1.jpg","width":512,"height":512,"caption":"Radio Ljubu\u0161ki"},"image":{"@id":"https:\/\/radioljubuski.ba\/#\/schema\/logo\/image\/"},"sameAs":["https:\/\/www.facebook.com\/Radiio-Ljubuski-1490835324566332","https:\/\/x.com\/radioljubuski","https:\/\/hr.linkedin.com\/company\/radio-ljubuski","https:\/\/www.youtube.com\/channel\/UCHYaeO_n0Db3tjNGudGpXyw"]},{"@type":"Person","@id":"https:\/\/radioljubuski.ba\/#\/schema\/person\/19fc700381a780f69665d7956c469e3b","name":"Radio Ljubu\u0161ki"}]}},"_links":{"self":[{"href":"https:\/\/radioljubuski.ba\/index.php\/wp-json\/wp\/v2\/posts\/15070","targetHints":{"allow":["GET"]}}],"collection":[{"href":"https:\/\/radioljubuski.ba\/index.php\/wp-json\/wp\/v2\/posts"}],"about":[{"href":"https:\/\/radioljubuski.ba\/index.php\/wp-json\/wp\/v2\/types\/post"}],"author":[{"embeddable":true,"href":"https:\/\/radioljubuski.ba\/index.php\/wp-json\/wp\/v2\/users\/2"}],"replies":[{"embeddable":true,"href":"https:\/\/radioljubuski.ba\/index.php\/wp-json\/wp\/v2\/comments?post=15070"}],"version-history":[{"count":1,"href":"https:\/\/radioljubuski.ba\/index.php\/wp-json\/wp\/v2\/posts\/15070\/revisions"}],"predecessor-version":[{"id":15072,"href":"https:\/\/radioljubuski.ba\/index.php\/wp-json\/wp\/v2\/posts\/15070\/revisions\/15072"}],"wp:featuredmedia":[{"embeddable":true,"href":"https:\/\/radioljubuski.ba\/index.php\/wp-json\/wp\/v2\/media\/15071"}],"wp:attachment":[{"href":"https:\/\/radioljubuski.ba\/index.php\/wp-json\/wp\/v2\/media?parent=15070"}],"wp:term":[{"taxonomy":"category","embeddable":true,"href":"https:\/\/radioljubuski.ba\/index.php\/wp-json\/wp\/v2\/categories?post=15070"},{"taxonomy":"post_tag","embeddable":true,"href":"https:\/\/radioljubuski.ba\/index.php\/wp-json\/wp\/v2\/tags?post=15070"}],"curies":[{"name":"wp","href":"https:\/\/api.w.org\/{rel}","templated":true}]}}