{"id":150700,"date":"2022-06-18T13:12:48","date_gmt":"2022-06-18T12:12:48","guid":{"rendered":"https:\/\/radioljubuski.ba\/?p=150700"},"modified":"2022-06-18T13:12:49","modified_gmt":"2022-06-18T12:12:49","slug":"ljubuski-za-142-obitelji-i-45-sukorisnika-isplaceno-ukupno-195-040-km-stalne-socijalne-pomoci","status":"publish","type":"post","link":"https:\/\/radioljubuski.ba\/index.php\/2022\/06\/18\/ljubuski-za-142-obitelji-i-45-sukorisnika-isplaceno-ukupno-195-040-km-stalne-socijalne-pomoci\/","title":{"rendered":"Ljubu\u0161ki: Za 142 obitelji i 45 sukorisnika ispla\u0107eno ukupno 195.040 KM stalne socijalne pomo\u0107i"},"content":{"rendered":"\n<p>Iznimno va\u017eno mjesto, zada\u0107a i obveza u radu i djelovanju centara za socijalnu skrb ima socijalna za\u0161tita odraslih osoba, pi\u0161e Ve\u010dernji list BiH. Odnosi se to na ugro\u017eene ljude, osobe koje nemaju sredstava za izdr\u017eavanje i svojim radom ne mogu osigurati svoje egzistencijalne potrebe, a istodobno nemaju srodnika koji \u0107e se po zakonu o njima skrbiti.<\/p>\n\n\n\n<p>Dva oblika<\/p>\n\n\n\n<p>Socijalna za\u0161tita za takve osobe osigurava se i provodi kroz dva oblika: stalnu socijalnu pomo\u0107 i jednokratnu nov\u010danu pomo\u0107. U protekloj, 2021. godini, stalnu socijalnu pomo\u0107 u Gradu Ljubu\u0161kom preko Centra za socijalni rad koristile su 142 obitelji i 45 osoba kao sukorisnici. Iznosila je 100 konvertibilnih maraka mjese\u010dno. Za to je ispla\u0107eno ukupno 195.040 konvertibilnih maraka. Sredstva je osiguralo Ministarstvo zdravstva, rada i socijalne skrbi Zapadnohercegova\u010dke \u017eupanije.<\/p>\n\n\n\n<p>Tijekom godine djelatnici ljubu\u0161kog Centra za socijalni rad proveli su postupak za prestanak prava za 20 korisnika stalne socijalne pomo\u0107i: devet zbog smrti korisnika, \u010detiri zbog smje\u0161taja u odgovaraju\u0107u ustanovu, \u010detiri korisnika zasnovala su radni odnos, jedan zbog preseljenja u drugi grad i dva zbog isteka prava. Za priznavanje prava na stalnu socijalnu pomo\u0107 vodio se upravni postupak za 13 osoba. To podrazumijeva prikupljanje potrebne dokumentacije, suradnju s povjerenicima mjesnih zajednica i izvid na terenu. Postupci za svih 13 osoba rije\u0161eni su pozitivno.<\/p>\n\n\n\n<p>U Dom za stare i nemo\u0107ne osobe \u201cSv. Josip Radnik\u201d u Ljubu\u0161kom u protekloj godini smje\u0161tene su dvije korisnice stalne socijalne pomo\u0107i. Tro\u0161kovi smje\u0161taja u tom domu ne pla\u0107aju se za dvije korisnice (ne pla\u0107a se za osobe koje su smje\u0161tene do 2014. godine) i njima se ispla\u0107uje stalna socijalna pomo\u0107 od 100 konvertibilnih maraka. Jednokratna nov\u010dana pomo\u0107 odobrava se socijalno ugro\u017eenoj osobi ili obitelji koja, zbog trenuta\u010dnih materijalnih ili zdravstvenih te\u0161ko\u0107a, nije u mogu\u0107nosti podmiriti najosnovnije \u017eivotne potrebe. Taj vid pomo\u0107i osiguravaju Grad Ljubu\u0161ki i \u017eupanijsko Ministarstvo zdravstva, rada i socijalne skrbi. Prema Gradskoj upravi Ljubu\u0161ki za jednokratnu nov\u010danu pomo\u0107 upu\u0107eno je 178 zahtjeva i svi su prihva\u0107eni i odobreni. Ministarstvu financija Zapadnohercegova\u010dke \u017eupanije upu\u0107eno je osam zahtjeva za jednokratnom nov\u010danom pomo\u0107i i svi su realizirani.<\/p>\n\n\n\n<p>\u017dupanijskom Ministarstvu zdravstva, rada i socijalne skrbi upu\u0107eno je 28 zahtjeva za priznavanje prava na jednokratnu nov\u010danu pomo\u0107 i devet zahtjeva za jednokratnu nov\u010danu pomo\u0107 za tro\u0161kove pokopa \u2013 svi su realizirani. Istom ministarstvu poslano je osam zahtjeva za pla\u0107anje tro\u0161kova pogreba za korisnike stalne socijalne pomo\u0107i, svi su uva\u017eeni i ispla\u0107eni.<\/p>\n\n\n\n<p>Postoji i prakticira se jo\u0161 jedan vid materijalne pomo\u0107i, a to je privremena jednokratna pomo\u0107 ili naturalno davanje materijalno neosiguranoj osobi ili obitelji koja se na\u0111e u stanju socijalne potrebe zbog sljede\u0107ih razloga: smrti jednog ili vi\u0161e \u010dlanova obitelji, lije\u010denja, odlaska i povratka s lije\u010denja, otpu\u0161tanja s izdr\u017eavanja kazne zatvora, izvr\u0161enja odgojne mjere, elementarne nepogode, iznenadnih nesretnih doga\u0111aja u obitelji i drugih okolnosti koje uzrokuju stanje socijalne potrebe.<\/p>\n\n\n\n<p>Ogrjev za zimu<\/p>\n\n\n\n<p>Na tra\u017eenje stranaka Centar za socijalni rad Ljubu\u0161ki izdao je 152 potvrde za ostvarivanje gra\u0111anskih prava. Izdano je 27 preporuka za ostvarivanje humanitarne pomo\u0107i u ispostavi nevladine organizacije \u201cRegina della pace\u201d iz Italije, u Zvirovi\u0107ima, Grad \u010capljina. Udruzi mladih \u201cAgape\u201d Ljubu\u0161ki u prosincu 2021. godine uru\u010den je popis 148 korisnika stalne socijalne pomo\u0107i i 107 povremenih korisnika socijalnih davanja kako bi dobili prigodni blagdanski paket. U protekloj godini za tri obitelji korisnika stalne socijalne pomo\u0107i osiguran je ogrjev za zimu.<\/p>\n\n\n\n<p>Autor:Ivan Kaleb\/vecernji.ba<\/p>\n","protected":false},"excerpt":{"rendered":"<p>Iznimno va\u017eno mjesto, zada\u0107a i obveza u radu i djelovanju centara za socijalnu skrb ima socijalna za\u0161tita odraslih osoba, pi\u0161e Ve\u010dernji list BiH. Odnosi se to na ugro\u017eene ljude, osobe koje nemaju sredstava za izdr\u017eavanje i svojim radom ne mogu osigurati svoje egzistencijalne potrebe, a istodobno nemaju srodnika koji \u0107e se po zakonu o njima [&hellip;]<\/p>\n","protected":false},"author":2,"featured_media":150701,"comment_status":"closed","ping_status":"closed","sticky":false,"template":"","format":"standard","meta":{"h5ap_radio_sources":[],"footnotes":""},"categories":[3],"tags":[],"class_list":["post-150700","post","type-post","status-publish","format-standard","has-post-thumbnail","hentry","category-ljubuski"],"yoast_head":"<!-- This site is optimized with the Yoast SEO plugin v27.4 - https:\/\/yoast.com\/product\/yoast-seo-wordpress\/ -->\n<title>Ljubu\u0161ki: Za 142 obitelji i 45 sukorisnika ispla\u0107eno ukupno 195.040 KM stalne socijalne pomo\u0107i - RADIO LJUBU\u0160KI<\/title>\n<meta name=\"robots\" content=\"index, follow, max-snippet:-1, max-image-preview:large, max-video-preview:-1\" \/>\n<link rel=\"canonical\" href=\"https:\/\/radioljubuski.ba\/index.php\/2022\/06\/18\/ljubuski-za-142-obitelji-i-45-sukorisnika-isplaceno-ukupno-195-040-km-stalne-socijalne-pomoci\/\" \/>\n<meta property=\"og:locale\" content=\"hr_HR\" \/>\n<meta property=\"og:type\" content=\"article\" \/>\n<meta property=\"og:title\" content=\"Ljubu\u0161ki: Za 142 obitelji i 45 sukorisnika ispla\u0107eno ukupno 195.040 KM stalne socijalne pomo\u0107i - RADIO LJUBU\u0160KI\" \/>\n<meta property=\"og:description\" content=\"Iznimno va\u017eno mjesto, zada\u0107a i obveza u radu i djelovanju centara za socijalnu skrb ima socijalna za\u0161tita odraslih osoba, pi\u0161e Ve\u010dernji list BiH. Odnosi se to na ugro\u017eene ljude, osobe koje nemaju sredstava za izdr\u017eavanje i svojim radom ne mogu osigurati svoje egzistencijalne potrebe, a istodobno nemaju srodnika koji \u0107e se po zakonu o njima [&hellip;]\" \/>\n<meta property=\"og:url\" content=\"https:\/\/radioljubuski.ba\/index.php\/2022\/06\/18\/ljubuski-za-142-obitelji-i-45-sukorisnika-isplaceno-ukupno-195-040-km-stalne-socijalne-pomoci\/\" \/>\n<meta property=\"og:site_name\" content=\"RADIO LJUBU\u0160KI\" \/>\n<meta property=\"article:publisher\" content=\"https:\/\/www.facebook.com\/Radiio-Ljubuski-1490835324566332\" \/>\n<meta property=\"article:published_time\" content=\"2022-06-18T12:12:48+00:00\" \/>\n<meta property=\"article:modified_time\" content=\"2022-06-18T12:12:49+00:00\" \/>\n<meta property=\"og:image\" content=\"https:\/\/radioljubuski.ba\/wp-content\/uploads\/2022\/06\/socijalno-ljubuski.jpg\" \/>\n\t<meta property=\"og:image:width\" content=\"600\" \/>\n\t<meta property=\"og:image:height\" content=\"400\" \/>\n\t<meta property=\"og:image:type\" content=\"image\/jpeg\" \/>\n<meta name=\"author\" content=\"Radio Ljubu\u0161ki\" \/>\n<meta name=\"twitter:card\" content=\"summary_large_image\" \/>\n<meta name=\"twitter:creator\" content=\"@radioljubuski\" \/>\n<meta name=\"twitter:site\" content=\"@radioljubuski\" \/>\n<meta name=\"twitter:label1\" content=\"Napisao\/la\" \/>\n\t<meta name=\"twitter:data1\" content=\"Radio Ljubu\u0161ki\" \/>\n\t<meta name=\"twitter:label2\" content=\"Procijenjeno vrijeme \u010ditanja\" \/>\n\t<meta name=\"twitter:data2\" content=\"3 minute\" \/>\n<script type=\"application\/ld+json\" class=\"yoast-schema-graph\">{\"@context\":\"https:\\\/\\\/schema.org\",\"@graph\":[{\"@type\":\"Article\",\"@id\":\"https:\\\/\\\/radioljubuski.ba\\\/index.php\\\/2022\\\/06\\\/18\\\/ljubuski-za-142-obitelji-i-45-sukorisnika-isplaceno-ukupno-195-040-km-stalne-socijalne-pomoci\\\/#article\",\"isPartOf\":{\"@id\":\"https:\\\/\\\/radioljubuski.ba\\\/index.php\\\/2022\\\/06\\\/18\\\/ljubuski-za-142-obitelji-i-45-sukorisnika-isplaceno-ukupno-195-040-km-stalne-socijalne-pomoci\\\/\"},\"author\":{\"name\":\"Radio Ljubu\u0161ki\",\"@id\":\"https:\\\/\\\/radioljubuski.ba\\\/#\\\/schema\\\/person\\\/19fc700381a780f69665d7956c469e3b\"},\"headline\":\"Ljubu\u0161ki: Za 142 obitelji i 45 sukorisnika ispla\u0107eno ukupno 195.040 KM stalne socijalne pomo\u0107i\",\"datePublished\":\"2022-06-18T12:12:48+00:00\",\"dateModified\":\"2022-06-18T12:12:49+00:00\",\"mainEntityOfPage\":{\"@id\":\"https:\\\/\\\/radioljubuski.ba\\\/index.php\\\/2022\\\/06\\\/18\\\/ljubuski-za-142-obitelji-i-45-sukorisnika-isplaceno-ukupno-195-040-km-stalne-socijalne-pomoci\\\/\"},\"wordCount\":612,\"publisher\":{\"@id\":\"https:\\\/\\\/radioljubuski.ba\\\/#organization\"},\"image\":{\"@id\":\"https:\\\/\\\/radioljubuski.ba\\\/index.php\\\/2022\\\/06\\\/18\\\/ljubuski-za-142-obitelji-i-45-sukorisnika-isplaceno-ukupno-195-040-km-stalne-socijalne-pomoci\\\/#primaryimage\"},\"thumbnailUrl\":\"https:\\\/\\\/radioljubuski.ba\\\/wp-content\\\/uploads\\\/2022\\\/06\\\/socijalno-ljubuski.jpg\",\"articleSection\":[\"Ljubu\u0161ki\"],\"inLanguage\":\"hr\"},{\"@type\":\"WebPage\",\"@id\":\"https:\\\/\\\/radioljubuski.ba\\\/index.php\\\/2022\\\/06\\\/18\\\/ljubuski-za-142-obitelji-i-45-sukorisnika-isplaceno-ukupno-195-040-km-stalne-socijalne-pomoci\\\/\",\"url\":\"https:\\\/\\\/radioljubuski.ba\\\/index.php\\\/2022\\\/06\\\/18\\\/ljubuski-za-142-obitelji-i-45-sukorisnika-isplaceno-ukupno-195-040-km-stalne-socijalne-pomoci\\\/\",\"name\":\"Ljubu\u0161ki: Za 142 obitelji i 45 sukorisnika ispla\u0107eno ukupno 195.040 KM stalne socijalne pomo\u0107i - RADIO LJUBU\u0160KI\",\"isPartOf\":{\"@id\":\"https:\\\/\\\/radioljubuski.ba\\\/#website\"},\"primaryImageOfPage\":{\"@id\":\"https:\\\/\\\/radioljubuski.ba\\\/index.php\\\/2022\\\/06\\\/18\\\/ljubuski-za-142-obitelji-i-45-sukorisnika-isplaceno-ukupno-195-040-km-stalne-socijalne-pomoci\\\/#primaryimage\"},\"image\":{\"@id\":\"https:\\\/\\\/radioljubuski.ba\\\/index.php\\\/2022\\\/06\\\/18\\\/ljubuski-za-142-obitelji-i-45-sukorisnika-isplaceno-ukupno-195-040-km-stalne-socijalne-pomoci\\\/#primaryimage\"},\"thumbnailUrl\":\"https:\\\/\\\/radioljubuski.ba\\\/wp-content\\\/uploads\\\/2022\\\/06\\\/socijalno-ljubuski.jpg\",\"datePublished\":\"2022-06-18T12:12:48+00:00\",\"dateModified\":\"2022-06-18T12:12:49+00:00\",\"breadcrumb\":{\"@id\":\"https:\\\/\\\/radioljubuski.ba\\\/index.php\\\/2022\\\/06\\\/18\\\/ljubuski-za-142-obitelji-i-45-sukorisnika-isplaceno-ukupno-195-040-km-stalne-socijalne-pomoci\\\/#breadcrumb\"},\"inLanguage\":\"hr\",\"potentialAction\":[{\"@type\":\"ReadAction\",\"target\":[\"https:\\\/\\\/radioljubuski.ba\\\/index.php\\\/2022\\\/06\\\/18\\\/ljubuski-za-142-obitelji-i-45-sukorisnika-isplaceno-ukupno-195-040-km-stalne-socijalne-pomoci\\\/\"]}]},{\"@type\":\"ImageObject\",\"inLanguage\":\"hr\",\"@id\":\"https:\\\/\\\/radioljubuski.ba\\\/index.php\\\/2022\\\/06\\\/18\\\/ljubuski-za-142-obitelji-i-45-sukorisnika-isplaceno-ukupno-195-040-km-stalne-socijalne-pomoci\\\/#primaryimage\",\"url\":\"https:\\\/\\\/radioljubuski.ba\\\/wp-content\\\/uploads\\\/2022\\\/06\\\/socijalno-ljubuski.jpg\",\"contentUrl\":\"https:\\\/\\\/radioljubuski.ba\\\/wp-content\\\/uploads\\\/2022\\\/06\\\/socijalno-ljubuski.jpg\",\"width\":600,\"height\":400},{\"@type\":\"BreadcrumbList\",\"@id\":\"https:\\\/\\\/radioljubuski.ba\\\/index.php\\\/2022\\\/06\\\/18\\\/ljubuski-za-142-obitelji-i-45-sukorisnika-isplaceno-ukupno-195-040-km-stalne-socijalne-pomoci\\\/#breadcrumb\",\"itemListElement\":[{\"@type\":\"ListItem\",\"position\":1,\"name\":\"Po\u010detna stranica\",\"item\":\"https:\\\/\\\/radioljubuski.ba\\\/\"},{\"@type\":\"ListItem\",\"position\":2,\"name\":\"Ljubu\u0161ki: Za 142 obitelji i 45 sukorisnika ispla\u0107eno ukupno 195.040 KM stalne socijalne pomo\u0107i\"}]},{\"@type\":\"WebSite\",\"@id\":\"https:\\\/\\\/radioljubuski.ba\\\/#website\",\"url\":\"https:\\\/\\\/radioljubuski.ba\\\/\",\"name\":\"Radio Ljubu\u0161ki\",\"description\":\"Sun\u010dana frekvencija Hercegovine\",\"publisher\":{\"@id\":\"https:\\\/\\\/radioljubuski.ba\\\/#organization\"},\"potentialAction\":[{\"@type\":\"SearchAction\",\"target\":{\"@type\":\"EntryPoint\",\"urlTemplate\":\"https:\\\/\\\/radioljubuski.ba\\\/?s={search_term_string}\"},\"query-input\":{\"@type\":\"PropertyValueSpecification\",\"valueRequired\":true,\"valueName\":\"search_term_string\"}}],\"inLanguage\":\"hr\"},{\"@type\":\"Organization\",\"@id\":\"https:\\\/\\\/radioljubuski.ba\\\/#organization\",\"name\":\"Radio Ljubu\u0161ki\",\"url\":\"https:\\\/\\\/radioljubuski.ba\\\/\",\"logo\":{\"@type\":\"ImageObject\",\"inLanguage\":\"hr\",\"@id\":\"https:\\\/\\\/radioljubuski.ba\\\/#\\\/schema\\\/logo\\\/image\\\/\",\"url\":\"https:\\\/\\\/radioljubuski.ba\\\/wp-content\\\/uploads\\\/2021\\\/02\\\/cropped-Radio_Ljubuski_logo1.jpg\",\"contentUrl\":\"https:\\\/\\\/radioljubuski.ba\\\/wp-content\\\/uploads\\\/2021\\\/02\\\/cropped-Radio_Ljubuski_logo1.jpg\",\"width\":512,\"height\":512,\"caption\":\"Radio Ljubu\u0161ki\"},\"image\":{\"@id\":\"https:\\\/\\\/radioljubuski.ba\\\/#\\\/schema\\\/logo\\\/image\\\/\"},\"sameAs\":[\"https:\\\/\\\/www.facebook.com\\\/Radiio-Ljubuski-1490835324566332\",\"https:\\\/\\\/x.com\\\/radioljubuski\",\"https:\\\/\\\/hr.linkedin.com\\\/company\\\/radio-ljubuski\",\"https:\\\/\\\/www.youtube.com\\\/channel\\\/UCHYaeO_n0Db3tjNGudGpXyw\"]},{\"@type\":\"Person\",\"@id\":\"https:\\\/\\\/radioljubuski.ba\\\/#\\\/schema\\\/person\\\/19fc700381a780f69665d7956c469e3b\",\"name\":\"Radio Ljubu\u0161ki\"}]}<\/script>\n<!-- \/ Yoast SEO plugin. -->","yoast_head_json":{"title":"Ljubu\u0161ki: Za 142 obitelji i 45 sukorisnika ispla\u0107eno ukupno 195.040 KM stalne socijalne pomo\u0107i - RADIO LJUBU\u0160KI","robots":{"index":"index","follow":"follow","max-snippet":"max-snippet:-1","max-image-preview":"max-image-preview:large","max-video-preview":"max-video-preview:-1"},"canonical":"https:\/\/radioljubuski.ba\/index.php\/2022\/06\/18\/ljubuski-za-142-obitelji-i-45-sukorisnika-isplaceno-ukupno-195-040-km-stalne-socijalne-pomoci\/","og_locale":"hr_HR","og_type":"article","og_title":"Ljubu\u0161ki: Za 142 obitelji i 45 sukorisnika ispla\u0107eno ukupno 195.040 KM stalne socijalne pomo\u0107i - RADIO LJUBU\u0160KI","og_description":"Iznimno va\u017eno mjesto, zada\u0107a i obveza u radu i djelovanju centara za socijalnu skrb ima socijalna za\u0161tita odraslih osoba, pi\u0161e Ve\u010dernji list BiH. Odnosi se to na ugro\u017eene ljude, osobe koje nemaju sredstava za izdr\u017eavanje i svojim radom ne mogu osigurati svoje egzistencijalne potrebe, a istodobno nemaju srodnika koji \u0107e se po zakonu o njima [&hellip;]","og_url":"https:\/\/radioljubuski.ba\/index.php\/2022\/06\/18\/ljubuski-za-142-obitelji-i-45-sukorisnika-isplaceno-ukupno-195-040-km-stalne-socijalne-pomoci\/","og_site_name":"RADIO LJUBU\u0160KI","article_publisher":"https:\/\/www.facebook.com\/Radiio-Ljubuski-1490835324566332","article_published_time":"2022-06-18T12:12:48+00:00","article_modified_time":"2022-06-18T12:12:49+00:00","og_image":[{"width":600,"height":400,"url":"https:\/\/radioljubuski.ba\/wp-content\/uploads\/2022\/06\/socijalno-ljubuski.jpg","type":"image\/jpeg"}],"author":"Radio Ljubu\u0161ki","twitter_card":"summary_large_image","twitter_creator":"@radioljubuski","twitter_site":"@radioljubuski","twitter_misc":{"Napisao\/la":"Radio Ljubu\u0161ki","Procijenjeno vrijeme \u010ditanja":"3 minute"},"schema":{"@context":"https:\/\/schema.org","@graph":[{"@type":"Article","@id":"https:\/\/radioljubuski.ba\/index.php\/2022\/06\/18\/ljubuski-za-142-obitelji-i-45-sukorisnika-isplaceno-ukupno-195-040-km-stalne-socijalne-pomoci\/#article","isPartOf":{"@id":"https:\/\/radioljubuski.ba\/index.php\/2022\/06\/18\/ljubuski-za-142-obitelji-i-45-sukorisnika-isplaceno-ukupno-195-040-km-stalne-socijalne-pomoci\/"},"author":{"name":"Radio Ljubu\u0161ki","@id":"https:\/\/radioljubuski.ba\/#\/schema\/person\/19fc700381a780f69665d7956c469e3b"},"headline":"Ljubu\u0161ki: Za 142 obitelji i 45 sukorisnika ispla\u0107eno ukupno 195.040 KM stalne socijalne pomo\u0107i","datePublished":"2022-06-18T12:12:48+00:00","dateModified":"2022-06-18T12:12:49+00:00","mainEntityOfPage":{"@id":"https:\/\/radioljubuski.ba\/index.php\/2022\/06\/18\/ljubuski-za-142-obitelji-i-45-sukorisnika-isplaceno-ukupno-195-040-km-stalne-socijalne-pomoci\/"},"wordCount":612,"publisher":{"@id":"https:\/\/radioljubuski.ba\/#organization"},"image":{"@id":"https:\/\/radioljubuski.ba\/index.php\/2022\/06\/18\/ljubuski-za-142-obitelji-i-45-sukorisnika-isplaceno-ukupno-195-040-km-stalne-socijalne-pomoci\/#primaryimage"},"thumbnailUrl":"https:\/\/radioljubuski.ba\/wp-content\/uploads\/2022\/06\/socijalno-ljubuski.jpg","articleSection":["Ljubu\u0161ki"],"inLanguage":"hr"},{"@type":"WebPage","@id":"https:\/\/radioljubuski.ba\/index.php\/2022\/06\/18\/ljubuski-za-142-obitelji-i-45-sukorisnika-isplaceno-ukupno-195-040-km-stalne-socijalne-pomoci\/","url":"https:\/\/radioljubuski.ba\/index.php\/2022\/06\/18\/ljubuski-za-142-obitelji-i-45-sukorisnika-isplaceno-ukupno-195-040-km-stalne-socijalne-pomoci\/","name":"Ljubu\u0161ki: Za 142 obitelji i 45 sukorisnika ispla\u0107eno ukupno 195.040 KM stalne socijalne pomo\u0107i - RADIO LJUBU\u0160KI","isPartOf":{"@id":"https:\/\/radioljubuski.ba\/#website"},"primaryImageOfPage":{"@id":"https:\/\/radioljubuski.ba\/index.php\/2022\/06\/18\/ljubuski-za-142-obitelji-i-45-sukorisnika-isplaceno-ukupno-195-040-km-stalne-socijalne-pomoci\/#primaryimage"},"image":{"@id":"https:\/\/radioljubuski.ba\/index.php\/2022\/06\/18\/ljubuski-za-142-obitelji-i-45-sukorisnika-isplaceno-ukupno-195-040-km-stalne-socijalne-pomoci\/#primaryimage"},"thumbnailUrl":"https:\/\/radioljubuski.ba\/wp-content\/uploads\/2022\/06\/socijalno-ljubuski.jpg","datePublished":"2022-06-18T12:12:48+00:00","dateModified":"2022-06-18T12:12:49+00:00","breadcrumb":{"@id":"https:\/\/radioljubuski.ba\/index.php\/2022\/06\/18\/ljubuski-za-142-obitelji-i-45-sukorisnika-isplaceno-ukupno-195-040-km-stalne-socijalne-pomoci\/#breadcrumb"},"inLanguage":"hr","potentialAction":[{"@type":"ReadAction","target":["https:\/\/radioljubuski.ba\/index.php\/2022\/06\/18\/ljubuski-za-142-obitelji-i-45-sukorisnika-isplaceno-ukupno-195-040-km-stalne-socijalne-pomoci\/"]}]},{"@type":"ImageObject","inLanguage":"hr","@id":"https:\/\/radioljubuski.ba\/index.php\/2022\/06\/18\/ljubuski-za-142-obitelji-i-45-sukorisnika-isplaceno-ukupno-195-040-km-stalne-socijalne-pomoci\/#primaryimage","url":"https:\/\/radioljubuski.ba\/wp-content\/uploads\/2022\/06\/socijalno-ljubuski.jpg","contentUrl":"https:\/\/radioljubuski.ba\/wp-content\/uploads\/2022\/06\/socijalno-ljubuski.jpg","width":600,"height":400},{"@type":"BreadcrumbList","@id":"https:\/\/radioljubuski.ba\/index.php\/2022\/06\/18\/ljubuski-za-142-obitelji-i-45-sukorisnika-isplaceno-ukupno-195-040-km-stalne-socijalne-pomoci\/#breadcrumb","itemListElement":[{"@type":"ListItem","position":1,"name":"Po\u010detna stranica","item":"https:\/\/radioljubuski.ba\/"},{"@type":"ListItem","position":2,"name":"Ljubu\u0161ki: Za 142 obitelji i 45 sukorisnika ispla\u0107eno ukupno 195.040 KM stalne socijalne pomo\u0107i"}]},{"@type":"WebSite","@id":"https:\/\/radioljubuski.ba\/#website","url":"https:\/\/radioljubuski.ba\/","name":"Radio Ljubu\u0161ki","description":"Sun\u010dana frekvencija Hercegovine","publisher":{"@id":"https:\/\/radioljubuski.ba\/#organization"},"potentialAction":[{"@type":"SearchAction","target":{"@type":"EntryPoint","urlTemplate":"https:\/\/radioljubuski.ba\/?s={search_term_string}"},"query-input":{"@type":"PropertyValueSpecification","valueRequired":true,"valueName":"search_term_string"}}],"inLanguage":"hr"},{"@type":"Organization","@id":"https:\/\/radioljubuski.ba\/#organization","name":"Radio Ljubu\u0161ki","url":"https:\/\/radioljubuski.ba\/","logo":{"@type":"ImageObject","inLanguage":"hr","@id":"https:\/\/radioljubuski.ba\/#\/schema\/logo\/image\/","url":"https:\/\/radioljubuski.ba\/wp-content\/uploads\/2021\/02\/cropped-Radio_Ljubuski_logo1.jpg","contentUrl":"https:\/\/radioljubuski.ba\/wp-content\/uploads\/2021\/02\/cropped-Radio_Ljubuski_logo1.jpg","width":512,"height":512,"caption":"Radio Ljubu\u0161ki"},"image":{"@id":"https:\/\/radioljubuski.ba\/#\/schema\/logo\/image\/"},"sameAs":["https:\/\/www.facebook.com\/Radiio-Ljubuski-1490835324566332","https:\/\/x.com\/radioljubuski","https:\/\/hr.linkedin.com\/company\/radio-ljubuski","https:\/\/www.youtube.com\/channel\/UCHYaeO_n0Db3tjNGudGpXyw"]},{"@type":"Person","@id":"https:\/\/radioljubuski.ba\/#\/schema\/person\/19fc700381a780f69665d7956c469e3b","name":"Radio Ljubu\u0161ki"}]}},"_links":{"self":[{"href":"https:\/\/radioljubuski.ba\/index.php\/wp-json\/wp\/v2\/posts\/150700","targetHints":{"allow":["GET"]}}],"collection":[{"href":"https:\/\/radioljubuski.ba\/index.php\/wp-json\/wp\/v2\/posts"}],"about":[{"href":"https:\/\/radioljubuski.ba\/index.php\/wp-json\/wp\/v2\/types\/post"}],"author":[{"embeddable":true,"href":"https:\/\/radioljubuski.ba\/index.php\/wp-json\/wp\/v2\/users\/2"}],"replies":[{"embeddable":true,"href":"https:\/\/radioljubuski.ba\/index.php\/wp-json\/wp\/v2\/comments?post=150700"}],"version-history":[{"count":1,"href":"https:\/\/radioljubuski.ba\/index.php\/wp-json\/wp\/v2\/posts\/150700\/revisions"}],"predecessor-version":[{"id":150702,"href":"https:\/\/radioljubuski.ba\/index.php\/wp-json\/wp\/v2\/posts\/150700\/revisions\/150702"}],"wp:featuredmedia":[{"embeddable":true,"href":"https:\/\/radioljubuski.ba\/index.php\/wp-json\/wp\/v2\/media\/150701"}],"wp:attachment":[{"href":"https:\/\/radioljubuski.ba\/index.php\/wp-json\/wp\/v2\/media?parent=150700"}],"wp:term":[{"taxonomy":"category","embeddable":true,"href":"https:\/\/radioljubuski.ba\/index.php\/wp-json\/wp\/v2\/categories?post=150700"},{"taxonomy":"post_tag","embeddable":true,"href":"https:\/\/radioljubuski.ba\/index.php\/wp-json\/wp\/v2\/tags?post=150700"}],"curies":[{"name":"wp","href":"https:\/\/api.w.org\/{rel}","templated":true}]}}