{"id":15081,"date":"2021-04-21T16:54:09","date_gmt":"2021-04-21T15:54:09","guid":{"rendered":"https:\/\/radioljubuski.ba\/?p=15081"},"modified":"2021-04-21T16:54:10","modified_gmt":"2021-04-21T15:54:10","slug":"srbic-ocekujem-medalju-ne-bih-se-zalio-na-srebro","status":"publish","type":"post","link":"https:\/\/radioljubuski.ba\/index.php\/2021\/04\/21\/srbic-ocekujem-medalju-ne-bih-se-zalio-na-srebro\/","title":{"rendered":"Srbi\u0107: O\u010dekujem medalju, ne bih se \u017ealio na srebro"},"content":{"rendered":"\n<p><strong>Hrvatsku mu\u0161ku gimnasti\u010dku reprezentaciju u \u010detvrtak na Europskom prvenstvu u \u0161vicarskom Baselu o\u010dekuje nastup u kvalifikacijama, a nastupit \u0107e Tin Srbi\u0107 na pre\u010di, Filip Ude, Jakov Vlahek i Marko Sambolec na konju s hvataljkama te Aurel Benovi\u0107 i Filip Boro\u0161a na parteru.<\/strong><\/p>\n\n\n\n<p>Od prethodnog europskog prvenstva, odr\u017eanog u turskom Mersinu, pro\u0161la su tek \u010detiri i pol mjeseca, a od tamo su se hrvatski gimnasti\u010dari vratili s tri srebrna odli\u010dja &#8211; Ude na konju s hvataljkama, Benovi\u0107 na parteru te Srbi\u0107 na pre\u010di, \u0161to mu je bio drugi uzastopni naslov europskog doprvaka, nakon srebra iz Szczecina 2019.<br><br>&#8211; Prvo natjecanje ove sezone i odmah Europsko prvenstvo, \u0161to je malo \u010dudno. I\u0107i \u0107u sutra u kvalifikacijama vje\u017ebu koju sam radio u Mersinu u finalu, start 6.2. Planiram u\u0107i u finale da u njemu onda radim 6.5 i da probam opet napasti medalje, izjavio je najbolji hrvatski gimnasti\u010dar u ovom trenutku Tin Srbi\u0107, koji u Mersinu nije bio zadovoljan osvojenim srebrnim odli\u010djem, jer je konkurencija bila okrnjena.<br><br>&#8211; Ne bih se ovaj put \u017ealio da opet bude srebro, ako bi ispred mene bio netko tko me stvarno zaslu\u017eio pobijediti. U dobroj sam formi. Trenirao sam jako dobro, pogotovo nakon Mersina i \u010dinjenice \u0161to me Tvorogal pobijedio. To me motiviralo da se tako ne\u0161to ne ponovi na ovako velikim natjecanjima, rekao je 24-godi\u0161nji Zagrep\u010danin te dodao: &#8211; Prije Basela nismo imali niti jedno ve\u0107e natjecanje, neki Svjetski kup, \u0161to mi ne odgovara, ali kako meni tako i drugima. Ja idem zapravo vje\u017ebe koje sam u zadnje 2-3 godine puno puta napravio na natjecanjima i na treninzima, ne idem ni\u0161ta specijalno novo. Zapravo, istina je da \u0107u prvi put u finalu raditi 6.5. Naravno, ako u\u0111em u finale. To nije vje\u017eba koju nisam nikada radio, radim je ve\u0107 godinu dana na treninzima, spreman sam za nju. Ne\u0107u najavljivati najsjajnije odli\u010dje, ali o\u010dekujem medalju.<\/p>\n\n\n\n<p>Osvaja\u010d olimpijskog srebra na konju s hvataljkama, 34-godi\u0161nji Filip Ude ve\u0107 je veteran europskih prvenstava.<br><br>&#8211; Nemam pritisak \u0161to branim srebro. Pokazao sam da mogu. Ve\u0107 dugi niz godina sam u gimnastici, ovo mi je 16. seniorsko EP i moram priznati da sam ponosan na sebe. 35 godina uskoro na le\u0111ima, a borim se s duplo mla\u0111ima od sebe. I jo\u0161 sam konkurentan. A rekao sam sebi dok god sam konkurentan i dok znam da mogu osvojiti medalju na velikom natjecanju &#8211; trenirat \u0107u i truditi se ne\u0161to napraviti, rekao je \u010cakov\u010danin.<br><br>U kvalifikacijama \u0107e Ude nastupiti s vje\u017ebom u kojoj je po\u010detna ocjena 6.0 ili 6.1, a plasira li se u finale, za subotu priprema ne\u0161to posebno &#8211; najte\u017eu vje\u017ebu iz svog repertoara.<br><br>&#8211; Ako ho\u0107u rezultat, moram poja\u010dati vje\u017ebu u finalu. Nema puno ljudi koji imaju start 6.5 i koji to mogu odraditi, zato je u finalu sve mogu\u0107e. Jako sam dobro trenirao, u formi sam. Uvijek sam fizi\u010dki spreman, jedino se to nekada psihi\u010dki zna malo poljuljati. Ali, prema treninzima koje odra\u0111ujem, mislim da ne bi trebalo biti nekih problema.<br><br>U Mersinu je svoje prvo europsko odli\u010dje u seniorskoj konkurenciji osvojio i 20-godi\u0161nji Aurel Benovi\u0107, a novi nastup na EP-u do\u010dekuje u odli\u010dnom raspolo\u017eenju.<br><br>&#8211; S obzirom na cijelu ovu situaciju s pandemijom i strogim epidemiolo\u0161kim mjerama, super sam spreman. \u010cak sam uspio i napredovati u ova \u010detiri mjeseca od Mersina koji je za mene bio idealan. Moje prvo europsko finale i odmah srebrna medalja. Volio bih i ovdje potvrditi svoju kvalitetu. Imam malo problema s ozljedom desnog zgloba na nozi, poku\u0161ao sam to zalije\u010diti koliko sam mogao od Mersina do Basela. Nije mi ba\u0161 do kraja po\u0161lo za rukom, ali nadam se da ne\u0107e stvarati ve\u0107e probleme, najavio je svoj nastup 20-godi\u0161nji Osje\u010danin koji je u Baselu planirao nastupiti i u preskoku, ali je zbog spomenutih problem sa sko\u010dnim zglobom odustao.<br><br>&#8211; Jedan kiks na preskoku, samo jedna gre\u0161ka da se dogodi, mo\u017ee me skupo stajati da se jo\u0161 vi\u0161e ozlijedim. Ne\u0107emo ovaj put riskirati. Idem samo parter. \u017delim sebi i cijeloj na\u0161oj ekipi puno sre\u0107e u kvalifikacijama, a onda u finalu borbu za medalje, poru\u010dio je Benovi\u0107.<br><br>Kvalifikacijska natjecanja u \u010detvrtak zapo\u010dinju u 10 sati, a zavr\u0161avaju u ve\u010dernjim satima. Finala na konju s hvataljkama i parteru su na rasporedu u subotu, s po\u010decima u 13.30 i 14.10 sati, a ve\u0107 prema tradiciji, nedjeljnim finalom na pre\u010di, koje \u0107e zapo\u010deti u 15 sati, bit \u0107e zaklju\u010deno Europsko prvenstvo.<\/p>\n\n\n\n<p>Izvor:hrt.hr<\/p>\n","protected":false},"excerpt":{"rendered":"<p>Hrvatsku mu\u0161ku gimnasti\u010dku reprezentaciju u \u010detvrtak na Europskom prvenstvu u \u0161vicarskom Baselu o\u010dekuje nastup u kvalifikacijama, a nastupit \u0107e Tin Srbi\u0107 na pre\u010di, Filip Ude, Jakov Vlahek i Marko Sambolec na konju s hvataljkama te Aurel Benovi\u0107 i Filip Boro\u0161a na parteru. Od prethodnog europskog prvenstva, odr\u017eanog u turskom Mersinu, pro\u0161la su tek \u010detiri i [&hellip;]<\/p>\n","protected":false},"author":2,"featured_media":15082,"comment_status":"closed","ping_status":"closed","sticky":false,"template":"","format":"standard","meta":{"h5ap_radio_sources":[],"footnotes":""},"categories":[1],"tags":[],"class_list":["post-15081","post","type-post","status-publish","format-standard","has-post-thumbnail","hentry","category-bihiregija"],"yoast_head":"<!-- This site is optimized with the Yoast SEO plugin v27.5 - https:\/\/yoast.com\/product\/yoast-seo-wordpress\/ -->\n<title>Srbi\u0107: O\u010dekujem medalju, ne bih se \u017ealio na srebro - RADIO LJUBU\u0160KI<\/title>\n<meta name=\"robots\" content=\"index, follow, max-snippet:-1, max-image-preview:large, max-video-preview:-1\" \/>\n<link rel=\"canonical\" href=\"https:\/\/radioljubuski.ba\/index.php\/2021\/04\/21\/srbic-ocekujem-medalju-ne-bih-se-zalio-na-srebro\/\" \/>\n<meta property=\"og:locale\" content=\"hr_HR\" \/>\n<meta property=\"og:type\" content=\"article\" \/>\n<meta property=\"og:title\" content=\"Srbi\u0107: O\u010dekujem medalju, ne bih se \u017ealio na srebro - RADIO LJUBU\u0160KI\" \/>\n<meta property=\"og:description\" content=\"Hrvatsku mu\u0161ku gimnasti\u010dku reprezentaciju u \u010detvrtak na Europskom prvenstvu u \u0161vicarskom Baselu o\u010dekuje nastup u kvalifikacijama, a nastupit \u0107e Tin Srbi\u0107 na pre\u010di, Filip Ude, Jakov Vlahek i Marko Sambolec na konju s hvataljkama te Aurel Benovi\u0107 i Filip Boro\u0161a na parteru. Od prethodnog europskog prvenstva, odr\u017eanog u turskom Mersinu, pro\u0161la su tek \u010detiri i [&hellip;]\" \/>\n<meta property=\"og:url\" content=\"https:\/\/radioljubuski.ba\/index.php\/2021\/04\/21\/srbic-ocekujem-medalju-ne-bih-se-zalio-na-srebro\/\" \/>\n<meta property=\"og:site_name\" content=\"RADIO LJUBU\u0160KI\" \/>\n<meta property=\"article:publisher\" content=\"https:\/\/www.facebook.com\/Radiio-Ljubuski-1490835324566332\" \/>\n<meta property=\"article:published_time\" content=\"2021-04-21T15:54:09+00:00\" \/>\n<meta property=\"article:modified_time\" content=\"2021-04-21T15:54:10+00:00\" \/>\n<meta property=\"og:image\" content=\"https:\/\/radioljubuski.ba\/wp-content\/uploads\/2021\/04\/aa-10.png\" \/>\n\t<meta property=\"og:image:width\" content=\"643\" \/>\n\t<meta property=\"og:image:height\" content=\"362\" \/>\n\t<meta property=\"og:image:type\" content=\"image\/png\" \/>\n<meta name=\"author\" content=\"Radio Ljubu\u0161ki\" \/>\n<meta name=\"twitter:card\" content=\"summary_large_image\" \/>\n<meta name=\"twitter:creator\" content=\"@radioljubuski\" \/>\n<meta name=\"twitter:site\" content=\"@radioljubuski\" \/>\n<meta name=\"twitter:label1\" content=\"Napisao\/la\" \/>\n\t<meta name=\"twitter:data1\" content=\"Radio Ljubu\u0161ki\" \/>\n\t<meta name=\"twitter:label2\" content=\"Procijenjeno vrijeme \u010ditanja\" \/>\n\t<meta name=\"twitter:data2\" content=\"4 minute\" \/>\n<script type=\"application\/ld+json\" class=\"yoast-schema-graph\">{\"@context\":\"https:\\\/\\\/schema.org\",\"@graph\":[{\"@type\":\"Article\",\"@id\":\"https:\\\/\\\/radioljubuski.ba\\\/index.php\\\/2021\\\/04\\\/21\\\/srbic-ocekujem-medalju-ne-bih-se-zalio-na-srebro\\\/#article\",\"isPartOf\":{\"@id\":\"https:\\\/\\\/radioljubuski.ba\\\/index.php\\\/2021\\\/04\\\/21\\\/srbic-ocekujem-medalju-ne-bih-se-zalio-na-srebro\\\/\"},\"author\":{\"name\":\"Radio Ljubu\u0161ki\",\"@id\":\"https:\\\/\\\/radioljubuski.ba\\\/#\\\/schema\\\/person\\\/19fc700381a780f69665d7956c469e3b\"},\"headline\":\"Srbi\u0107: O\u010dekujem medalju, ne bih se \u017ealio na srebro\",\"datePublished\":\"2021-04-21T15:54:09+00:00\",\"dateModified\":\"2021-04-21T15:54:10+00:00\",\"mainEntityOfPage\":{\"@id\":\"https:\\\/\\\/radioljubuski.ba\\\/index.php\\\/2021\\\/04\\\/21\\\/srbic-ocekujem-medalju-ne-bih-se-zalio-na-srebro\\\/\"},\"wordCount\":793,\"publisher\":{\"@id\":\"https:\\\/\\\/radioljubuski.ba\\\/#organization\"},\"image\":{\"@id\":\"https:\\\/\\\/radioljubuski.ba\\\/index.php\\\/2021\\\/04\\\/21\\\/srbic-ocekujem-medalju-ne-bih-se-zalio-na-srebro\\\/#primaryimage\"},\"thumbnailUrl\":\"https:\\\/\\\/radioljubuski.ba\\\/wp-content\\\/uploads\\\/2021\\\/04\\\/aa-10.png\",\"articleSection\":[\"BIH i regija\"],\"inLanguage\":\"hr\"},{\"@type\":\"WebPage\",\"@id\":\"https:\\\/\\\/radioljubuski.ba\\\/index.php\\\/2021\\\/04\\\/21\\\/srbic-ocekujem-medalju-ne-bih-se-zalio-na-srebro\\\/\",\"url\":\"https:\\\/\\\/radioljubuski.ba\\\/index.php\\\/2021\\\/04\\\/21\\\/srbic-ocekujem-medalju-ne-bih-se-zalio-na-srebro\\\/\",\"name\":\"Srbi\u0107: O\u010dekujem medalju, ne bih se \u017ealio na srebro - RADIO LJUBU\u0160KI\",\"isPartOf\":{\"@id\":\"https:\\\/\\\/radioljubuski.ba\\\/#website\"},\"primaryImageOfPage\":{\"@id\":\"https:\\\/\\\/radioljubuski.ba\\\/index.php\\\/2021\\\/04\\\/21\\\/srbic-ocekujem-medalju-ne-bih-se-zalio-na-srebro\\\/#primaryimage\"},\"image\":{\"@id\":\"https:\\\/\\\/radioljubuski.ba\\\/index.php\\\/2021\\\/04\\\/21\\\/srbic-ocekujem-medalju-ne-bih-se-zalio-na-srebro\\\/#primaryimage\"},\"thumbnailUrl\":\"https:\\\/\\\/radioljubuski.ba\\\/wp-content\\\/uploads\\\/2021\\\/04\\\/aa-10.png\",\"datePublished\":\"2021-04-21T15:54:09+00:00\",\"dateModified\":\"2021-04-21T15:54:10+00:00\",\"breadcrumb\":{\"@id\":\"https:\\\/\\\/radioljubuski.ba\\\/index.php\\\/2021\\\/04\\\/21\\\/srbic-ocekujem-medalju-ne-bih-se-zalio-na-srebro\\\/#breadcrumb\"},\"inLanguage\":\"hr\",\"potentialAction\":[{\"@type\":\"ReadAction\",\"target\":[\"https:\\\/\\\/radioljubuski.ba\\\/index.php\\\/2021\\\/04\\\/21\\\/srbic-ocekujem-medalju-ne-bih-se-zalio-na-srebro\\\/\"]}]},{\"@type\":\"ImageObject\",\"inLanguage\":\"hr\",\"@id\":\"https:\\\/\\\/radioljubuski.ba\\\/index.php\\\/2021\\\/04\\\/21\\\/srbic-ocekujem-medalju-ne-bih-se-zalio-na-srebro\\\/#primaryimage\",\"url\":\"https:\\\/\\\/radioljubuski.ba\\\/wp-content\\\/uploads\\\/2021\\\/04\\\/aa-10.png\",\"contentUrl\":\"https:\\\/\\\/radioljubuski.ba\\\/wp-content\\\/uploads\\\/2021\\\/04\\\/aa-10.png\",\"width\":643,\"height\":362},{\"@type\":\"BreadcrumbList\",\"@id\":\"https:\\\/\\\/radioljubuski.ba\\\/index.php\\\/2021\\\/04\\\/21\\\/srbic-ocekujem-medalju-ne-bih-se-zalio-na-srebro\\\/#breadcrumb\",\"itemListElement\":[{\"@type\":\"ListItem\",\"position\":1,\"name\":\"Po\u010detna stranica\",\"item\":\"https:\\\/\\\/radioljubuski.ba\\\/\"},{\"@type\":\"ListItem\",\"position\":2,\"name\":\"Srbi\u0107: O\u010dekujem medalju, ne bih se \u017ealio na srebro\"}]},{\"@type\":\"WebSite\",\"@id\":\"https:\\\/\\\/radioljubuski.ba\\\/#website\",\"url\":\"https:\\\/\\\/radioljubuski.ba\\\/\",\"name\":\"Radio Ljubu\u0161ki\",\"description\":\"Sun\u010dana frekvencija Hercegovine\",\"publisher\":{\"@id\":\"https:\\\/\\\/radioljubuski.ba\\\/#organization\"},\"potentialAction\":[{\"@type\":\"SearchAction\",\"target\":{\"@type\":\"EntryPoint\",\"urlTemplate\":\"https:\\\/\\\/radioljubuski.ba\\\/?s={search_term_string}\"},\"query-input\":{\"@type\":\"PropertyValueSpecification\",\"valueRequired\":true,\"valueName\":\"search_term_string\"}}],\"inLanguage\":\"hr\"},{\"@type\":\"Organization\",\"@id\":\"https:\\\/\\\/radioljubuski.ba\\\/#organization\",\"name\":\"Radio Ljubu\u0161ki\",\"url\":\"https:\\\/\\\/radioljubuski.ba\\\/\",\"logo\":{\"@type\":\"ImageObject\",\"inLanguage\":\"hr\",\"@id\":\"https:\\\/\\\/radioljubuski.ba\\\/#\\\/schema\\\/logo\\\/image\\\/\",\"url\":\"https:\\\/\\\/radioljubuski.ba\\\/wp-content\\\/uploads\\\/2021\\\/02\\\/cropped-Radio_Ljubuski_logo1.jpg\",\"contentUrl\":\"https:\\\/\\\/radioljubuski.ba\\\/wp-content\\\/uploads\\\/2021\\\/02\\\/cropped-Radio_Ljubuski_logo1.jpg\",\"width\":512,\"height\":512,\"caption\":\"Radio Ljubu\u0161ki\"},\"image\":{\"@id\":\"https:\\\/\\\/radioljubuski.ba\\\/#\\\/schema\\\/logo\\\/image\\\/\"},\"sameAs\":[\"https:\\\/\\\/www.facebook.com\\\/Radiio-Ljubuski-1490835324566332\",\"https:\\\/\\\/x.com\\\/radioljubuski\",\"https:\\\/\\\/hr.linkedin.com\\\/company\\\/radio-ljubuski\",\"https:\\\/\\\/www.youtube.com\\\/channel\\\/UCHYaeO_n0Db3tjNGudGpXyw\"]},{\"@type\":\"Person\",\"@id\":\"https:\\\/\\\/radioljubuski.ba\\\/#\\\/schema\\\/person\\\/19fc700381a780f69665d7956c469e3b\",\"name\":\"Radio Ljubu\u0161ki\"}]}<\/script>\n<!-- \/ Yoast SEO plugin. -->","yoast_head_json":{"title":"Srbi\u0107: O\u010dekujem medalju, ne bih se \u017ealio na srebro - RADIO LJUBU\u0160KI","robots":{"index":"index","follow":"follow","max-snippet":"max-snippet:-1","max-image-preview":"max-image-preview:large","max-video-preview":"max-video-preview:-1"},"canonical":"https:\/\/radioljubuski.ba\/index.php\/2021\/04\/21\/srbic-ocekujem-medalju-ne-bih-se-zalio-na-srebro\/","og_locale":"hr_HR","og_type":"article","og_title":"Srbi\u0107: O\u010dekujem medalju, ne bih se \u017ealio na srebro - RADIO LJUBU\u0160KI","og_description":"Hrvatsku mu\u0161ku gimnasti\u010dku reprezentaciju u \u010detvrtak na Europskom prvenstvu u \u0161vicarskom Baselu o\u010dekuje nastup u kvalifikacijama, a nastupit \u0107e Tin Srbi\u0107 na pre\u010di, Filip Ude, Jakov Vlahek i Marko Sambolec na konju s hvataljkama te Aurel Benovi\u0107 i Filip Boro\u0161a na parteru. Od prethodnog europskog prvenstva, odr\u017eanog u turskom Mersinu, pro\u0161la su tek \u010detiri i [&hellip;]","og_url":"https:\/\/radioljubuski.ba\/index.php\/2021\/04\/21\/srbic-ocekujem-medalju-ne-bih-se-zalio-na-srebro\/","og_site_name":"RADIO LJUBU\u0160KI","article_publisher":"https:\/\/www.facebook.com\/Radiio-Ljubuski-1490835324566332","article_published_time":"2021-04-21T15:54:09+00:00","article_modified_time":"2021-04-21T15:54:10+00:00","og_image":[{"width":643,"height":362,"url":"https:\/\/radioljubuski.ba\/wp-content\/uploads\/2021\/04\/aa-10.png","type":"image\/png"}],"author":"Radio Ljubu\u0161ki","twitter_card":"summary_large_image","twitter_creator":"@radioljubuski","twitter_site":"@radioljubuski","twitter_misc":{"Napisao\/la":"Radio Ljubu\u0161ki","Procijenjeno vrijeme \u010ditanja":"4 minute"},"schema":{"@context":"https:\/\/schema.org","@graph":[{"@type":"Article","@id":"https:\/\/radioljubuski.ba\/index.php\/2021\/04\/21\/srbic-ocekujem-medalju-ne-bih-se-zalio-na-srebro\/#article","isPartOf":{"@id":"https:\/\/radioljubuski.ba\/index.php\/2021\/04\/21\/srbic-ocekujem-medalju-ne-bih-se-zalio-na-srebro\/"},"author":{"name":"Radio Ljubu\u0161ki","@id":"https:\/\/radioljubuski.ba\/#\/schema\/person\/19fc700381a780f69665d7956c469e3b"},"headline":"Srbi\u0107: O\u010dekujem medalju, ne bih se \u017ealio na srebro","datePublished":"2021-04-21T15:54:09+00:00","dateModified":"2021-04-21T15:54:10+00:00","mainEntityOfPage":{"@id":"https:\/\/radioljubuski.ba\/index.php\/2021\/04\/21\/srbic-ocekujem-medalju-ne-bih-se-zalio-na-srebro\/"},"wordCount":793,"publisher":{"@id":"https:\/\/radioljubuski.ba\/#organization"},"image":{"@id":"https:\/\/radioljubuski.ba\/index.php\/2021\/04\/21\/srbic-ocekujem-medalju-ne-bih-se-zalio-na-srebro\/#primaryimage"},"thumbnailUrl":"https:\/\/radioljubuski.ba\/wp-content\/uploads\/2021\/04\/aa-10.png","articleSection":["BIH i regija"],"inLanguage":"hr"},{"@type":"WebPage","@id":"https:\/\/radioljubuski.ba\/index.php\/2021\/04\/21\/srbic-ocekujem-medalju-ne-bih-se-zalio-na-srebro\/","url":"https:\/\/radioljubuski.ba\/index.php\/2021\/04\/21\/srbic-ocekujem-medalju-ne-bih-se-zalio-na-srebro\/","name":"Srbi\u0107: O\u010dekujem medalju, ne bih se \u017ealio na srebro - RADIO LJUBU\u0160KI","isPartOf":{"@id":"https:\/\/radioljubuski.ba\/#website"},"primaryImageOfPage":{"@id":"https:\/\/radioljubuski.ba\/index.php\/2021\/04\/21\/srbic-ocekujem-medalju-ne-bih-se-zalio-na-srebro\/#primaryimage"},"image":{"@id":"https:\/\/radioljubuski.ba\/index.php\/2021\/04\/21\/srbic-ocekujem-medalju-ne-bih-se-zalio-na-srebro\/#primaryimage"},"thumbnailUrl":"https:\/\/radioljubuski.ba\/wp-content\/uploads\/2021\/04\/aa-10.png","datePublished":"2021-04-21T15:54:09+00:00","dateModified":"2021-04-21T15:54:10+00:00","breadcrumb":{"@id":"https:\/\/radioljubuski.ba\/index.php\/2021\/04\/21\/srbic-ocekujem-medalju-ne-bih-se-zalio-na-srebro\/#breadcrumb"},"inLanguage":"hr","potentialAction":[{"@type":"ReadAction","target":["https:\/\/radioljubuski.ba\/index.php\/2021\/04\/21\/srbic-ocekujem-medalju-ne-bih-se-zalio-na-srebro\/"]}]},{"@type":"ImageObject","inLanguage":"hr","@id":"https:\/\/radioljubuski.ba\/index.php\/2021\/04\/21\/srbic-ocekujem-medalju-ne-bih-se-zalio-na-srebro\/#primaryimage","url":"https:\/\/radioljubuski.ba\/wp-content\/uploads\/2021\/04\/aa-10.png","contentUrl":"https:\/\/radioljubuski.ba\/wp-content\/uploads\/2021\/04\/aa-10.png","width":643,"height":362},{"@type":"BreadcrumbList","@id":"https:\/\/radioljubuski.ba\/index.php\/2021\/04\/21\/srbic-ocekujem-medalju-ne-bih-se-zalio-na-srebro\/#breadcrumb","itemListElement":[{"@type":"ListItem","position":1,"name":"Po\u010detna stranica","item":"https:\/\/radioljubuski.ba\/"},{"@type":"ListItem","position":2,"name":"Srbi\u0107: O\u010dekujem medalju, ne bih se \u017ealio na srebro"}]},{"@type":"WebSite","@id":"https:\/\/radioljubuski.ba\/#website","url":"https:\/\/radioljubuski.ba\/","name":"Radio Ljubu\u0161ki","description":"Sun\u010dana frekvencija Hercegovine","publisher":{"@id":"https:\/\/radioljubuski.ba\/#organization"},"potentialAction":[{"@type":"SearchAction","target":{"@type":"EntryPoint","urlTemplate":"https:\/\/radioljubuski.ba\/?s={search_term_string}"},"query-input":{"@type":"PropertyValueSpecification","valueRequired":true,"valueName":"search_term_string"}}],"inLanguage":"hr"},{"@type":"Organization","@id":"https:\/\/radioljubuski.ba\/#organization","name":"Radio Ljubu\u0161ki","url":"https:\/\/radioljubuski.ba\/","logo":{"@type":"ImageObject","inLanguage":"hr","@id":"https:\/\/radioljubuski.ba\/#\/schema\/logo\/image\/","url":"https:\/\/radioljubuski.ba\/wp-content\/uploads\/2021\/02\/cropped-Radio_Ljubuski_logo1.jpg","contentUrl":"https:\/\/radioljubuski.ba\/wp-content\/uploads\/2021\/02\/cropped-Radio_Ljubuski_logo1.jpg","width":512,"height":512,"caption":"Radio Ljubu\u0161ki"},"image":{"@id":"https:\/\/radioljubuski.ba\/#\/schema\/logo\/image\/"},"sameAs":["https:\/\/www.facebook.com\/Radiio-Ljubuski-1490835324566332","https:\/\/x.com\/radioljubuski","https:\/\/hr.linkedin.com\/company\/radio-ljubuski","https:\/\/www.youtube.com\/channel\/UCHYaeO_n0Db3tjNGudGpXyw"]},{"@type":"Person","@id":"https:\/\/radioljubuski.ba\/#\/schema\/person\/19fc700381a780f69665d7956c469e3b","name":"Radio Ljubu\u0161ki"}]}},"_links":{"self":[{"href":"https:\/\/radioljubuski.ba\/index.php\/wp-json\/wp\/v2\/posts\/15081","targetHints":{"allow":["GET"]}}],"collection":[{"href":"https:\/\/radioljubuski.ba\/index.php\/wp-json\/wp\/v2\/posts"}],"about":[{"href":"https:\/\/radioljubuski.ba\/index.php\/wp-json\/wp\/v2\/types\/post"}],"author":[{"embeddable":true,"href":"https:\/\/radioljubuski.ba\/index.php\/wp-json\/wp\/v2\/users\/2"}],"replies":[{"embeddable":true,"href":"https:\/\/radioljubuski.ba\/index.php\/wp-json\/wp\/v2\/comments?post=15081"}],"version-history":[{"count":1,"href":"https:\/\/radioljubuski.ba\/index.php\/wp-json\/wp\/v2\/posts\/15081\/revisions"}],"predecessor-version":[{"id":15083,"href":"https:\/\/radioljubuski.ba\/index.php\/wp-json\/wp\/v2\/posts\/15081\/revisions\/15083"}],"wp:featuredmedia":[{"embeddable":true,"href":"https:\/\/radioljubuski.ba\/index.php\/wp-json\/wp\/v2\/media\/15082"}],"wp:attachment":[{"href":"https:\/\/radioljubuski.ba\/index.php\/wp-json\/wp\/v2\/media?parent=15081"}],"wp:term":[{"taxonomy":"category","embeddable":true,"href":"https:\/\/radioljubuski.ba\/index.php\/wp-json\/wp\/v2\/categories?post=15081"},{"taxonomy":"post_tag","embeddable":true,"href":"https:\/\/radioljubuski.ba\/index.php\/wp-json\/wp\/v2\/tags?post=15081"}],"curies":[{"name":"wp","href":"https:\/\/api.w.org\/{rel}","templated":true}]}}