{"id":15115,"date":"2021-04-21T20:14:05","date_gmt":"2021-04-21T19:14:05","guid":{"rendered":"https:\/\/radioljubuski.ba\/?p=15115"},"modified":"2021-04-21T20:14:06","modified_gmt":"2021-04-21T19:14:06","slug":"sutkinja-begovic-optuzenom-novalicu-cijelo-vrijeme-spavate-kad-god-vas-nesto-pitam-vi-kasnite","status":"publish","type":"post","link":"https:\/\/radioljubuski.ba\/index.php\/2021\/04\/21\/sutkinja-begovic-optuzenom-novalicu-cijelo-vrijeme-spavate-kad-god-vas-nesto-pitam-vi-kasnite\/","title":{"rendered":"Sutkinja Begovi\u0107 optu\u017eenom Novali\u0107u: Cijelo vrijeme spavate, kad god vas ne\u0161to pitam vi kasnite"},"content":{"rendered":"\n<p><strong>U Sudu BiH danas je nastavljeno su\u0111enje premijeru Federacije BiH Fadilu Novali\u0107u (SDA) i drugima optu\u017eenim u aferi \u201cRespiratori\u201d.<\/strong><\/p>\n\n\n\n<p>Osim Novali\u0107a, optu\u017eeni su i ministrica financija FBiH Jelka Mili\u0107evi\u0107, suspendirani direktor Federalne uprave civilne za\u0161tite Fahrudin Solak te Fikret Hod\u017ei\u0107 vlasnik firme \u201cSrebrena malina\u201d. Oni su optu\u017eeni za nabavku 100 respiratora iz Kine u vrijednosti 10,5 milijuna KM. Sudi im se i za nabavku medicinske opreme vrijedne 2,9 milijuna KM.<\/p>\n\n\n\n<p>Novali\u0107, Solak i Hod\u017ei\u0107 optu\u017eeni su i za udru\u017eivanje radi \u010dinjenja krivi\u010dnih djela u vezi s djelima zloupotrebe polo\u017eaja ili ovlasti, primanja nagrade ili drugog oblika koristi za trgovinu utjecajem.<\/p>\n\n\n\n<p>Na dana\u0161njem ro\u010di\u0161tu svjedo\u010dili su Davor Pehar, direktor Federalnog zavoda za javno zdravstvo i Marina Bera, pomo\u0107nik fedralnog ministra zdravstva za organizaciju i razvoj zdravstvenog sustava, javlja \u201cAvaz\u201d.<\/p>\n\n\n\n<p>Pehar je danas pojasnio kada je imenovan za \u010dlana Federalnog kriznog sto\u017eera. Na pitanje tu\u017eitelja D\u017eermina Pa\u0161i\u0107a Pehar je obrazlo\u017eio na koji na\u010din su nastala dva dokumenta za plan nabavke medicinske opreme, me\u0111u kojima su bili i respiratori. On je naveo da su svi \u017eupanijski Zavodi javnog zdravstva naveli \u0161to im je potrebno od opreme i da su se okvirno time vodili.<\/p>\n\n\n\n<p>Tako\u0111er je kazao da nije bio zadovoljan dinamikom nabavke odnosno da oprema nije nabavljena na vrijeme, \u0161to je i rekao Novali\u0107u tijekom jednog sastanka.<\/p>\n\n\n\n<p>Izme\u0111u ostalog Pehar je dobio dopis od FUCZ u kojem je navedeno da prema ugovoru sa \u201cSrebrenom malinom\u201d Zavod treba osigurati osobu koja \u0107e izvr\u0161iti tehni\u010dki prijem respiratora. Pehar je rekao da takva osoba u Zavodu ne postoji biti mu je to neko ranije kazao pa na dopis nije ni odgovorio.<\/p>\n\n\n\n<p>Nakon \u0161to su obrane zavr\u0161ile s unakrsnim ispitivanjem sutkinja je smu\u0161enog Novali\u0107a pitala da li \u017eeli ne\u0161to pitati svjedoka.<\/p>\n\n\n\n<p>Novali\u0107 nije reagirao nakon \u010dega mu se sutkinja D\u017eemila Begovi\u0107 obratila:<\/p>\n\n\n\n<p>\u2013 Cijelo vrijeme spavate, kad god vas ne\u0161to pitam vi kasnite \u2013 upozorila je sutkinja Begovi\u0107 Novali\u0107a.<\/p>\n\n\n\n<p>Na pro\u0161lom ro\u010di\u0161tu iskaz je dala Aida \u010corbeg, anesteziolog iz Travnika. Ona je pojasnila okolnosti komunikacije s Novali\u0107evom tajnicom Bahrom D\u017eakom, koja se prema ranije prezentiranoj prepisci interesirala o kvaliteti pojedinih vrsta respiratora.<\/p>\n\n\n\n<p>Iskaze su do sada pred sudom dali i biv\u0161i direktor Agencije za javne nabavke BiH \u0110enan Sal\u010din, supruga Bakira Izetbegovi\u0107a, predsjednika SDA, direktorica KCUS-a Sebija Izetbegovi\u0107, direktor firme \u201cCubicus\u201c Denis \u0110ulali\u0107, Novali\u0107eva tajnica Bahra D\u017eaka i Lejla Cilovi\u0107 Lagarija, stru\u010dna suradnica u Federalnom zavodu za javno zdravstvo.<\/p>\n\n\n\n<p>\/HMS\/<\/p>\n","protected":false},"excerpt":{"rendered":"<p>U Sudu BiH danas je nastavljeno su\u0111enje premijeru Federacije BiH Fadilu Novali\u0107u (SDA) i drugima optu\u017eenim u aferi \u201cRespiratori\u201d. Osim Novali\u0107a, optu\u017eeni su i ministrica financija FBiH Jelka Mili\u0107evi\u0107, suspendirani direktor Federalne uprave civilne za\u0161tite Fahrudin Solak te Fikret Hod\u017ei\u0107 vlasnik firme \u201cSrebrena malina\u201d. Oni su optu\u017eeni za nabavku 100 respiratora iz Kine u vrijednosti [&hellip;]<\/p>\n","protected":false},"author":2,"featured_media":15116,"comment_status":"closed","ping_status":"closed","sticky":false,"template":"","format":"standard","meta":{"h5ap_radio_sources":[],"footnotes":""},"categories":[1],"tags":[],"class_list":["post-15115","post","type-post","status-publish","format-standard","has-post-thumbnail","hentry","category-bihiregija"],"yoast_head":"<!-- This site is optimized with the Yoast SEO plugin v27.5 - https:\/\/yoast.com\/product\/yoast-seo-wordpress\/ -->\n<title>Sutkinja Begovi\u0107 optu\u017eenom Novali\u0107u: Cijelo vrijeme spavate, kad god vas ne\u0161to pitam vi kasnite - RADIO LJUBU\u0160KI<\/title>\n<meta name=\"robots\" content=\"index, follow, max-snippet:-1, max-image-preview:large, max-video-preview:-1\" \/>\n<link rel=\"canonical\" href=\"https:\/\/radioljubuski.ba\/index.php\/2021\/04\/21\/sutkinja-begovic-optuzenom-novalicu-cijelo-vrijeme-spavate-kad-god-vas-nesto-pitam-vi-kasnite\/\" \/>\n<meta property=\"og:locale\" content=\"hr_HR\" \/>\n<meta property=\"og:type\" content=\"article\" \/>\n<meta property=\"og:title\" content=\"Sutkinja Begovi\u0107 optu\u017eenom Novali\u0107u: Cijelo vrijeme spavate, kad god vas ne\u0161to pitam vi kasnite - RADIO LJUBU\u0160KI\" \/>\n<meta property=\"og:description\" content=\"U Sudu BiH danas je nastavljeno su\u0111enje premijeru Federacije BiH Fadilu Novali\u0107u (SDA) i drugima optu\u017eenim u aferi \u201cRespiratori\u201d. Osim Novali\u0107a, optu\u017eeni su i ministrica financija FBiH Jelka Mili\u0107evi\u0107, suspendirani direktor Federalne uprave civilne za\u0161tite Fahrudin Solak te Fikret Hod\u017ei\u0107 vlasnik firme \u201cSrebrena malina\u201d. Oni su optu\u017eeni za nabavku 100 respiratora iz Kine u vrijednosti [&hellip;]\" \/>\n<meta property=\"og:url\" content=\"https:\/\/radioljubuski.ba\/index.php\/2021\/04\/21\/sutkinja-begovic-optuzenom-novalicu-cijelo-vrijeme-spavate-kad-god-vas-nesto-pitam-vi-kasnite\/\" \/>\n<meta property=\"og:site_name\" content=\"RADIO LJUBU\u0160KI\" \/>\n<meta property=\"article:publisher\" content=\"https:\/\/www.facebook.com\/Radiio-Ljubuski-1490835324566332\" \/>\n<meta property=\"article:published_time\" content=\"2021-04-21T19:14:05+00:00\" \/>\n<meta property=\"article:modified_time\" content=\"2021-04-21T19:14:06+00:00\" \/>\n<meta property=\"og:image\" content=\"https:\/\/radioljubuski.ba\/wp-content\/uploads\/2021\/04\/novalic-sudenje.jpg\" \/>\n\t<meta property=\"og:image:width\" content=\"750\" \/>\n\t<meta property=\"og:image:height\" content=\"465\" \/>\n\t<meta property=\"og:image:type\" content=\"image\/jpeg\" \/>\n<meta name=\"author\" content=\"Radio Ljubu\u0161ki\" \/>\n<meta name=\"twitter:card\" content=\"summary_large_image\" \/>\n<meta name=\"twitter:creator\" content=\"@radioljubuski\" \/>\n<meta name=\"twitter:site\" content=\"@radioljubuski\" \/>\n<meta name=\"twitter:label1\" content=\"Napisao\/la\" \/>\n\t<meta name=\"twitter:data1\" content=\"Radio Ljubu\u0161ki\" \/>\n\t<meta name=\"twitter:label2\" content=\"Procijenjeno vrijeme \u010ditanja\" \/>\n\t<meta name=\"twitter:data2\" content=\"2 minute\" \/>\n<script type=\"application\/ld+json\" class=\"yoast-schema-graph\">{\"@context\":\"https:\\\/\\\/schema.org\",\"@graph\":[{\"@type\":\"Article\",\"@id\":\"https:\\\/\\\/radioljubuski.ba\\\/index.php\\\/2021\\\/04\\\/21\\\/sutkinja-begovic-optuzenom-novalicu-cijelo-vrijeme-spavate-kad-god-vas-nesto-pitam-vi-kasnite\\\/#article\",\"isPartOf\":{\"@id\":\"https:\\\/\\\/radioljubuski.ba\\\/index.php\\\/2021\\\/04\\\/21\\\/sutkinja-begovic-optuzenom-novalicu-cijelo-vrijeme-spavate-kad-god-vas-nesto-pitam-vi-kasnite\\\/\"},\"author\":{\"name\":\"Radio Ljubu\u0161ki\",\"@id\":\"https:\\\/\\\/radioljubuski.ba\\\/#\\\/schema\\\/person\\\/19fc700381a780f69665d7956c469e3b\"},\"headline\":\"Sutkinja Begovi\u0107 optu\u017eenom Novali\u0107u: Cijelo vrijeme spavate, kad god vas ne\u0161to pitam vi kasnite\",\"datePublished\":\"2021-04-21T19:14:05+00:00\",\"dateModified\":\"2021-04-21T19:14:06+00:00\",\"mainEntityOfPage\":{\"@id\":\"https:\\\/\\\/radioljubuski.ba\\\/index.php\\\/2021\\\/04\\\/21\\\/sutkinja-begovic-optuzenom-novalicu-cijelo-vrijeme-spavate-kad-god-vas-nesto-pitam-vi-kasnite\\\/\"},\"wordCount\":455,\"publisher\":{\"@id\":\"https:\\\/\\\/radioljubuski.ba\\\/#organization\"},\"image\":{\"@id\":\"https:\\\/\\\/radioljubuski.ba\\\/index.php\\\/2021\\\/04\\\/21\\\/sutkinja-begovic-optuzenom-novalicu-cijelo-vrijeme-spavate-kad-god-vas-nesto-pitam-vi-kasnite\\\/#primaryimage\"},\"thumbnailUrl\":\"https:\\\/\\\/radioljubuski.ba\\\/wp-content\\\/uploads\\\/2021\\\/04\\\/novalic-sudenje.jpg\",\"articleSection\":[\"BIH i regija\"],\"inLanguage\":\"hr\"},{\"@type\":\"WebPage\",\"@id\":\"https:\\\/\\\/radioljubuski.ba\\\/index.php\\\/2021\\\/04\\\/21\\\/sutkinja-begovic-optuzenom-novalicu-cijelo-vrijeme-spavate-kad-god-vas-nesto-pitam-vi-kasnite\\\/\",\"url\":\"https:\\\/\\\/radioljubuski.ba\\\/index.php\\\/2021\\\/04\\\/21\\\/sutkinja-begovic-optuzenom-novalicu-cijelo-vrijeme-spavate-kad-god-vas-nesto-pitam-vi-kasnite\\\/\",\"name\":\"Sutkinja Begovi\u0107 optu\u017eenom Novali\u0107u: Cijelo vrijeme spavate, kad god vas ne\u0161to pitam vi kasnite - RADIO LJUBU\u0160KI\",\"isPartOf\":{\"@id\":\"https:\\\/\\\/radioljubuski.ba\\\/#website\"},\"primaryImageOfPage\":{\"@id\":\"https:\\\/\\\/radioljubuski.ba\\\/index.php\\\/2021\\\/04\\\/21\\\/sutkinja-begovic-optuzenom-novalicu-cijelo-vrijeme-spavate-kad-god-vas-nesto-pitam-vi-kasnite\\\/#primaryimage\"},\"image\":{\"@id\":\"https:\\\/\\\/radioljubuski.ba\\\/index.php\\\/2021\\\/04\\\/21\\\/sutkinja-begovic-optuzenom-novalicu-cijelo-vrijeme-spavate-kad-god-vas-nesto-pitam-vi-kasnite\\\/#primaryimage\"},\"thumbnailUrl\":\"https:\\\/\\\/radioljubuski.ba\\\/wp-content\\\/uploads\\\/2021\\\/04\\\/novalic-sudenje.jpg\",\"datePublished\":\"2021-04-21T19:14:05+00:00\",\"dateModified\":\"2021-04-21T19:14:06+00:00\",\"breadcrumb\":{\"@id\":\"https:\\\/\\\/radioljubuski.ba\\\/index.php\\\/2021\\\/04\\\/21\\\/sutkinja-begovic-optuzenom-novalicu-cijelo-vrijeme-spavate-kad-god-vas-nesto-pitam-vi-kasnite\\\/#breadcrumb\"},\"inLanguage\":\"hr\",\"potentialAction\":[{\"@type\":\"ReadAction\",\"target\":[\"https:\\\/\\\/radioljubuski.ba\\\/index.php\\\/2021\\\/04\\\/21\\\/sutkinja-begovic-optuzenom-novalicu-cijelo-vrijeme-spavate-kad-god-vas-nesto-pitam-vi-kasnite\\\/\"]}]},{\"@type\":\"ImageObject\",\"inLanguage\":\"hr\",\"@id\":\"https:\\\/\\\/radioljubuski.ba\\\/index.php\\\/2021\\\/04\\\/21\\\/sutkinja-begovic-optuzenom-novalicu-cijelo-vrijeme-spavate-kad-god-vas-nesto-pitam-vi-kasnite\\\/#primaryimage\",\"url\":\"https:\\\/\\\/radioljubuski.ba\\\/wp-content\\\/uploads\\\/2021\\\/04\\\/novalic-sudenje.jpg\",\"contentUrl\":\"https:\\\/\\\/radioljubuski.ba\\\/wp-content\\\/uploads\\\/2021\\\/04\\\/novalic-sudenje.jpg\",\"width\":750,\"height\":465},{\"@type\":\"BreadcrumbList\",\"@id\":\"https:\\\/\\\/radioljubuski.ba\\\/index.php\\\/2021\\\/04\\\/21\\\/sutkinja-begovic-optuzenom-novalicu-cijelo-vrijeme-spavate-kad-god-vas-nesto-pitam-vi-kasnite\\\/#breadcrumb\",\"itemListElement\":[{\"@type\":\"ListItem\",\"position\":1,\"name\":\"Po\u010detna stranica\",\"item\":\"https:\\\/\\\/radioljubuski.ba\\\/\"},{\"@type\":\"ListItem\",\"position\":2,\"name\":\"Sutkinja Begovi\u0107 optu\u017eenom Novali\u0107u: Cijelo vrijeme spavate, kad god vas ne\u0161to pitam vi kasnite\"}]},{\"@type\":\"WebSite\",\"@id\":\"https:\\\/\\\/radioljubuski.ba\\\/#website\",\"url\":\"https:\\\/\\\/radioljubuski.ba\\\/\",\"name\":\"Radio Ljubu\u0161ki\",\"description\":\"Sun\u010dana frekvencija Hercegovine\",\"publisher\":{\"@id\":\"https:\\\/\\\/radioljubuski.ba\\\/#organization\"},\"potentialAction\":[{\"@type\":\"SearchAction\",\"target\":{\"@type\":\"EntryPoint\",\"urlTemplate\":\"https:\\\/\\\/radioljubuski.ba\\\/?s={search_term_string}\"},\"query-input\":{\"@type\":\"PropertyValueSpecification\",\"valueRequired\":true,\"valueName\":\"search_term_string\"}}],\"inLanguage\":\"hr\"},{\"@type\":\"Organization\",\"@id\":\"https:\\\/\\\/radioljubuski.ba\\\/#organization\",\"name\":\"Radio Ljubu\u0161ki\",\"url\":\"https:\\\/\\\/radioljubuski.ba\\\/\",\"logo\":{\"@type\":\"ImageObject\",\"inLanguage\":\"hr\",\"@id\":\"https:\\\/\\\/radioljubuski.ba\\\/#\\\/schema\\\/logo\\\/image\\\/\",\"url\":\"https:\\\/\\\/radioljubuski.ba\\\/wp-content\\\/uploads\\\/2021\\\/02\\\/cropped-Radio_Ljubuski_logo1.jpg\",\"contentUrl\":\"https:\\\/\\\/radioljubuski.ba\\\/wp-content\\\/uploads\\\/2021\\\/02\\\/cropped-Radio_Ljubuski_logo1.jpg\",\"width\":512,\"height\":512,\"caption\":\"Radio Ljubu\u0161ki\"},\"image\":{\"@id\":\"https:\\\/\\\/radioljubuski.ba\\\/#\\\/schema\\\/logo\\\/image\\\/\"},\"sameAs\":[\"https:\\\/\\\/www.facebook.com\\\/Radiio-Ljubuski-1490835324566332\",\"https:\\\/\\\/x.com\\\/radioljubuski\",\"https:\\\/\\\/hr.linkedin.com\\\/company\\\/radio-ljubuski\",\"https:\\\/\\\/www.youtube.com\\\/channel\\\/UCHYaeO_n0Db3tjNGudGpXyw\"]},{\"@type\":\"Person\",\"@id\":\"https:\\\/\\\/radioljubuski.ba\\\/#\\\/schema\\\/person\\\/19fc700381a780f69665d7956c469e3b\",\"name\":\"Radio Ljubu\u0161ki\"}]}<\/script>\n<!-- \/ Yoast SEO plugin. -->","yoast_head_json":{"title":"Sutkinja Begovi\u0107 optu\u017eenom Novali\u0107u: Cijelo vrijeme spavate, kad god vas ne\u0161to pitam vi kasnite - RADIO LJUBU\u0160KI","robots":{"index":"index","follow":"follow","max-snippet":"max-snippet:-1","max-image-preview":"max-image-preview:large","max-video-preview":"max-video-preview:-1"},"canonical":"https:\/\/radioljubuski.ba\/index.php\/2021\/04\/21\/sutkinja-begovic-optuzenom-novalicu-cijelo-vrijeme-spavate-kad-god-vas-nesto-pitam-vi-kasnite\/","og_locale":"hr_HR","og_type":"article","og_title":"Sutkinja Begovi\u0107 optu\u017eenom Novali\u0107u: Cijelo vrijeme spavate, kad god vas ne\u0161to pitam vi kasnite - RADIO LJUBU\u0160KI","og_description":"U Sudu BiH danas je nastavljeno su\u0111enje premijeru Federacije BiH Fadilu Novali\u0107u (SDA) i drugima optu\u017eenim u aferi \u201cRespiratori\u201d. Osim Novali\u0107a, optu\u017eeni su i ministrica financija FBiH Jelka Mili\u0107evi\u0107, suspendirani direktor Federalne uprave civilne za\u0161tite Fahrudin Solak te Fikret Hod\u017ei\u0107 vlasnik firme \u201cSrebrena malina\u201d. Oni su optu\u017eeni za nabavku 100 respiratora iz Kine u vrijednosti [&hellip;]","og_url":"https:\/\/radioljubuski.ba\/index.php\/2021\/04\/21\/sutkinja-begovic-optuzenom-novalicu-cijelo-vrijeme-spavate-kad-god-vas-nesto-pitam-vi-kasnite\/","og_site_name":"RADIO LJUBU\u0160KI","article_publisher":"https:\/\/www.facebook.com\/Radiio-Ljubuski-1490835324566332","article_published_time":"2021-04-21T19:14:05+00:00","article_modified_time":"2021-04-21T19:14:06+00:00","og_image":[{"width":750,"height":465,"url":"https:\/\/radioljubuski.ba\/wp-content\/uploads\/2021\/04\/novalic-sudenje.jpg","type":"image\/jpeg"}],"author":"Radio Ljubu\u0161ki","twitter_card":"summary_large_image","twitter_creator":"@radioljubuski","twitter_site":"@radioljubuski","twitter_misc":{"Napisao\/la":"Radio Ljubu\u0161ki","Procijenjeno vrijeme \u010ditanja":"2 minute"},"schema":{"@context":"https:\/\/schema.org","@graph":[{"@type":"Article","@id":"https:\/\/radioljubuski.ba\/index.php\/2021\/04\/21\/sutkinja-begovic-optuzenom-novalicu-cijelo-vrijeme-spavate-kad-god-vas-nesto-pitam-vi-kasnite\/#article","isPartOf":{"@id":"https:\/\/radioljubuski.ba\/index.php\/2021\/04\/21\/sutkinja-begovic-optuzenom-novalicu-cijelo-vrijeme-spavate-kad-god-vas-nesto-pitam-vi-kasnite\/"},"author":{"name":"Radio Ljubu\u0161ki","@id":"https:\/\/radioljubuski.ba\/#\/schema\/person\/19fc700381a780f69665d7956c469e3b"},"headline":"Sutkinja Begovi\u0107 optu\u017eenom Novali\u0107u: Cijelo vrijeme spavate, kad god vas ne\u0161to pitam vi kasnite","datePublished":"2021-04-21T19:14:05+00:00","dateModified":"2021-04-21T19:14:06+00:00","mainEntityOfPage":{"@id":"https:\/\/radioljubuski.ba\/index.php\/2021\/04\/21\/sutkinja-begovic-optuzenom-novalicu-cijelo-vrijeme-spavate-kad-god-vas-nesto-pitam-vi-kasnite\/"},"wordCount":455,"publisher":{"@id":"https:\/\/radioljubuski.ba\/#organization"},"image":{"@id":"https:\/\/radioljubuski.ba\/index.php\/2021\/04\/21\/sutkinja-begovic-optuzenom-novalicu-cijelo-vrijeme-spavate-kad-god-vas-nesto-pitam-vi-kasnite\/#primaryimage"},"thumbnailUrl":"https:\/\/radioljubuski.ba\/wp-content\/uploads\/2021\/04\/novalic-sudenje.jpg","articleSection":["BIH i regija"],"inLanguage":"hr"},{"@type":"WebPage","@id":"https:\/\/radioljubuski.ba\/index.php\/2021\/04\/21\/sutkinja-begovic-optuzenom-novalicu-cijelo-vrijeme-spavate-kad-god-vas-nesto-pitam-vi-kasnite\/","url":"https:\/\/radioljubuski.ba\/index.php\/2021\/04\/21\/sutkinja-begovic-optuzenom-novalicu-cijelo-vrijeme-spavate-kad-god-vas-nesto-pitam-vi-kasnite\/","name":"Sutkinja Begovi\u0107 optu\u017eenom Novali\u0107u: Cijelo vrijeme spavate, kad god vas ne\u0161to pitam vi kasnite - RADIO LJUBU\u0160KI","isPartOf":{"@id":"https:\/\/radioljubuski.ba\/#website"},"primaryImageOfPage":{"@id":"https:\/\/radioljubuski.ba\/index.php\/2021\/04\/21\/sutkinja-begovic-optuzenom-novalicu-cijelo-vrijeme-spavate-kad-god-vas-nesto-pitam-vi-kasnite\/#primaryimage"},"image":{"@id":"https:\/\/radioljubuski.ba\/index.php\/2021\/04\/21\/sutkinja-begovic-optuzenom-novalicu-cijelo-vrijeme-spavate-kad-god-vas-nesto-pitam-vi-kasnite\/#primaryimage"},"thumbnailUrl":"https:\/\/radioljubuski.ba\/wp-content\/uploads\/2021\/04\/novalic-sudenje.jpg","datePublished":"2021-04-21T19:14:05+00:00","dateModified":"2021-04-21T19:14:06+00:00","breadcrumb":{"@id":"https:\/\/radioljubuski.ba\/index.php\/2021\/04\/21\/sutkinja-begovic-optuzenom-novalicu-cijelo-vrijeme-spavate-kad-god-vas-nesto-pitam-vi-kasnite\/#breadcrumb"},"inLanguage":"hr","potentialAction":[{"@type":"ReadAction","target":["https:\/\/radioljubuski.ba\/index.php\/2021\/04\/21\/sutkinja-begovic-optuzenom-novalicu-cijelo-vrijeme-spavate-kad-god-vas-nesto-pitam-vi-kasnite\/"]}]},{"@type":"ImageObject","inLanguage":"hr","@id":"https:\/\/radioljubuski.ba\/index.php\/2021\/04\/21\/sutkinja-begovic-optuzenom-novalicu-cijelo-vrijeme-spavate-kad-god-vas-nesto-pitam-vi-kasnite\/#primaryimage","url":"https:\/\/radioljubuski.ba\/wp-content\/uploads\/2021\/04\/novalic-sudenje.jpg","contentUrl":"https:\/\/radioljubuski.ba\/wp-content\/uploads\/2021\/04\/novalic-sudenje.jpg","width":750,"height":465},{"@type":"BreadcrumbList","@id":"https:\/\/radioljubuski.ba\/index.php\/2021\/04\/21\/sutkinja-begovic-optuzenom-novalicu-cijelo-vrijeme-spavate-kad-god-vas-nesto-pitam-vi-kasnite\/#breadcrumb","itemListElement":[{"@type":"ListItem","position":1,"name":"Po\u010detna stranica","item":"https:\/\/radioljubuski.ba\/"},{"@type":"ListItem","position":2,"name":"Sutkinja Begovi\u0107 optu\u017eenom Novali\u0107u: Cijelo vrijeme spavate, kad god vas ne\u0161to pitam vi kasnite"}]},{"@type":"WebSite","@id":"https:\/\/radioljubuski.ba\/#website","url":"https:\/\/radioljubuski.ba\/","name":"Radio Ljubu\u0161ki","description":"Sun\u010dana frekvencija Hercegovine","publisher":{"@id":"https:\/\/radioljubuski.ba\/#organization"},"potentialAction":[{"@type":"SearchAction","target":{"@type":"EntryPoint","urlTemplate":"https:\/\/radioljubuski.ba\/?s={search_term_string}"},"query-input":{"@type":"PropertyValueSpecification","valueRequired":true,"valueName":"search_term_string"}}],"inLanguage":"hr"},{"@type":"Organization","@id":"https:\/\/radioljubuski.ba\/#organization","name":"Radio Ljubu\u0161ki","url":"https:\/\/radioljubuski.ba\/","logo":{"@type":"ImageObject","inLanguage":"hr","@id":"https:\/\/radioljubuski.ba\/#\/schema\/logo\/image\/","url":"https:\/\/radioljubuski.ba\/wp-content\/uploads\/2021\/02\/cropped-Radio_Ljubuski_logo1.jpg","contentUrl":"https:\/\/radioljubuski.ba\/wp-content\/uploads\/2021\/02\/cropped-Radio_Ljubuski_logo1.jpg","width":512,"height":512,"caption":"Radio Ljubu\u0161ki"},"image":{"@id":"https:\/\/radioljubuski.ba\/#\/schema\/logo\/image\/"},"sameAs":["https:\/\/www.facebook.com\/Radiio-Ljubuski-1490835324566332","https:\/\/x.com\/radioljubuski","https:\/\/hr.linkedin.com\/company\/radio-ljubuski","https:\/\/www.youtube.com\/channel\/UCHYaeO_n0Db3tjNGudGpXyw"]},{"@type":"Person","@id":"https:\/\/radioljubuski.ba\/#\/schema\/person\/19fc700381a780f69665d7956c469e3b","name":"Radio Ljubu\u0161ki"}]}},"_links":{"self":[{"href":"https:\/\/radioljubuski.ba\/index.php\/wp-json\/wp\/v2\/posts\/15115","targetHints":{"allow":["GET"]}}],"collection":[{"href":"https:\/\/radioljubuski.ba\/index.php\/wp-json\/wp\/v2\/posts"}],"about":[{"href":"https:\/\/radioljubuski.ba\/index.php\/wp-json\/wp\/v2\/types\/post"}],"author":[{"embeddable":true,"href":"https:\/\/radioljubuski.ba\/index.php\/wp-json\/wp\/v2\/users\/2"}],"replies":[{"embeddable":true,"href":"https:\/\/radioljubuski.ba\/index.php\/wp-json\/wp\/v2\/comments?post=15115"}],"version-history":[{"count":1,"href":"https:\/\/radioljubuski.ba\/index.php\/wp-json\/wp\/v2\/posts\/15115\/revisions"}],"predecessor-version":[{"id":15117,"href":"https:\/\/radioljubuski.ba\/index.php\/wp-json\/wp\/v2\/posts\/15115\/revisions\/15117"}],"wp:featuredmedia":[{"embeddable":true,"href":"https:\/\/radioljubuski.ba\/index.php\/wp-json\/wp\/v2\/media\/15116"}],"wp:attachment":[{"href":"https:\/\/radioljubuski.ba\/index.php\/wp-json\/wp\/v2\/media?parent=15115"}],"wp:term":[{"taxonomy":"category","embeddable":true,"href":"https:\/\/radioljubuski.ba\/index.php\/wp-json\/wp\/v2\/categories?post=15115"},{"taxonomy":"post_tag","embeddable":true,"href":"https:\/\/radioljubuski.ba\/index.php\/wp-json\/wp\/v2\/tags?post=15115"}],"curies":[{"name":"wp","href":"https:\/\/api.w.org\/{rel}","templated":true}]}}