{"id":151169,"date":"2022-06-20T13:20:40","date_gmt":"2022-06-20T12:20:40","guid":{"rendered":"https:\/\/radioljubuski.ba\/?p=151169"},"modified":"2022-06-20T13:20:41","modified_gmt":"2022-06-20T12:20:41","slug":"cipetic-je-bio-tri-dana-u-becu-prosao-je-lijecnicki-tretman-a-onda-je-transfer-propao","status":"publish","type":"post","link":"https:\/\/radioljubuski.ba\/index.php\/2022\/06\/20\/cipetic-je-bio-tri-dana-u-becu-prosao-je-lijecnicki-tretman-a-onda-je-transfer-propao\/","title":{"rendered":"Cipeti\u0107 je bio tri dana u Be\u010du, pro\u0161ao je lije\u010dni\u010dki tretman, a onda je transfer propao"},"content":{"rendered":"\n<p>Da &#8220;nikad nije gotovo dok &#8211; nije gotovo&#8221; na svojoj je ko\u017ei osjetio i desni bek Lokomotive Branimir Cipeti\u0107 (27), koji je bio na korak do potpisa za be\u010dki Rapid.<\/p>\n\n\n\n<p>Naime, Cipeti\u0107 je u srijedu otputovao u Be\u010d i sve je na\u010delno bilo dogovoreno u vezi od\u0161tete koju je Rapid trebao isplatiti klubu s Kajzerice budu\u0107i da ima ugovor jo\u0161 dvije godine.<\/p>\n\n\n\n<p>Povremeni reprezentativac BiH je bio zadovoljan ponu\u0111enim uvjetima u Rapidu pa je oti\u0161ao u Be\u010d na lije\u010dni\u010dki pregled nakon \u010dega se o\u010dekivao potpis ugovora.<\/p>\n\n\n\n<p>Prvi je dio obavio u srijedu, ostali su jo\u0161 neki pregledi, koji su bili preba\u010deni na petak, budu\u0107i da je \u010detvrtak, blagdan Tijelova, bio neradni dan i u Austriji. Ni\u0161ta nije upu\u0107ivalo da bi se moglo ne\u0161to nepredvi\u0111eno dogoditi i Cipeti\u0107 je u ju\u010der u 17:00 sati do\u0161ao na posljednji pregled. A nakon uspje\u0161nog zavr\u0161etka lije\u010dni\u010dkih pretraga, umjesto potpisa ugovora, uslijedilo je iznena\u0111enje.<\/p>\n\n\n\n<p>&#8220;Sve se to malo odu\u017eilo i na kraju ni\u0161ta od svega. Nismo se dogovorili oko uvjeta, bilo je nekakvih promjena&#8221;, rekao je danas Cipeti\u0107 za Sportske novosti.<\/p>\n\n\n\n<p>O detaljima nije ni \u017eelio, a ni mogao govoriti, mo\u017ee se samo naga\u0111ati \u0161ta se zaista dogodilo, a to je da su Austrijanci na kraju ponudili manje novca nego \u0161to su obe\u0107ali prilikom po\u010detka pregovora. Usput, Rapid ovoga ljeta obnavlja svla\u010dionicu, a na prvi su trening, prije \u010detiri dana, do\u0161la samo sedmorica igra\u010da. Be\u010dki klub vra\u0107a svoje biv\u0161e igra\u010de, potvrdili su povratak iskusnog 33-godi\u0161njeg napada\u010da Guida Burgstallera iz St. Paulija.<\/p>\n\n\n\n<p>Cipeti\u0107 se nakon neuspje\u0161nog izleta u Be\u010d vratio u Hrvatsku i u ponedjeljak \u0107e se priklju\u010diti pripremama Lokomotive. Do daljnjega, Cipeti\u0107 ostaje na Kajzerici, konkurisat \u0107e za ekipu, u o\u010dekivanju nove, konkretnije inozemne ponude.<\/p>\n\n\n\n<p>Izvor:pogled.ba<\/p>\n","protected":false},"excerpt":{"rendered":"<p>Da &#8220;nikad nije gotovo dok &#8211; nije gotovo&#8221; na svojoj je ko\u017ei osjetio i desni bek Lokomotive Branimir Cipeti\u0107 (27), koji je bio na korak do potpisa za be\u010dki Rapid. Naime, Cipeti\u0107 je u srijedu otputovao u Be\u010d i sve je na\u010delno bilo dogovoreno u vezi od\u0161tete koju je Rapid trebao isplatiti klubu s Kajzerice [&hellip;]<\/p>\n","protected":false},"author":2,"featured_media":151170,"comment_status":"closed","ping_status":"closed","sticky":false,"template":"","format":"standard","meta":{"h5ap_radio_sources":[],"footnotes":""},"categories":[7],"tags":[],"class_list":["post-151169","post","type-post","status-publish","format-standard","has-post-thumbnail","hentry","category-sport"],"yoast_head":"<!-- This site is optimized with the Yoast SEO plugin v27.4 - https:\/\/yoast.com\/product\/yoast-seo-wordpress\/ -->\n<title>Cipeti\u0107 je bio tri dana u Be\u010du, pro\u0161ao je lije\u010dni\u010dki tretman, a onda je transfer propao - RADIO LJUBU\u0160KI<\/title>\n<meta name=\"robots\" content=\"index, follow, max-snippet:-1, max-image-preview:large, max-video-preview:-1\" \/>\n<link rel=\"canonical\" href=\"https:\/\/radioljubuski.ba\/index.php\/2022\/06\/20\/cipetic-je-bio-tri-dana-u-becu-prosao-je-lijecnicki-tretman-a-onda-je-transfer-propao\/\" \/>\n<meta property=\"og:locale\" content=\"hr_HR\" \/>\n<meta property=\"og:type\" content=\"article\" \/>\n<meta property=\"og:title\" content=\"Cipeti\u0107 je bio tri dana u Be\u010du, pro\u0161ao je lije\u010dni\u010dki tretman, a onda je transfer propao - RADIO LJUBU\u0160KI\" \/>\n<meta property=\"og:description\" content=\"Da &#8220;nikad nije gotovo dok &#8211; nije gotovo&#8221; na svojoj je ko\u017ei osjetio i desni bek Lokomotive Branimir Cipeti\u0107 (27), koji je bio na korak do potpisa za be\u010dki Rapid. Naime, Cipeti\u0107 je u srijedu otputovao u Be\u010d i sve je na\u010delno bilo dogovoreno u vezi od\u0161tete koju je Rapid trebao isplatiti klubu s Kajzerice [&hellip;]\" \/>\n<meta property=\"og:url\" content=\"https:\/\/radioljubuski.ba\/index.php\/2022\/06\/20\/cipetic-je-bio-tri-dana-u-becu-prosao-je-lijecnicki-tretman-a-onda-je-transfer-propao\/\" \/>\n<meta property=\"og:site_name\" content=\"RADIO LJUBU\u0160KI\" \/>\n<meta property=\"article:publisher\" content=\"https:\/\/www.facebook.com\/Radiio-Ljubuski-1490835324566332\" \/>\n<meta property=\"article:published_time\" content=\"2022-06-20T12:20:40+00:00\" \/>\n<meta property=\"article:modified_time\" content=\"2022-06-20T12:20:41+00:00\" \/>\n<meta property=\"og:image\" content=\"https:\/\/radioljubuski.ba\/wp-content\/uploads\/2022\/06\/10-2022-06-19-14-23-24-Snimka-zaslona-2022-06-19-142313.jpg\" \/>\n\t<meta property=\"og:image:width\" content=\"1000\" \/>\n\t<meta property=\"og:image:height\" content=\"625\" \/>\n\t<meta property=\"og:image:type\" content=\"image\/jpeg\" \/>\n<meta name=\"author\" content=\"Radio Ljubu\u0161ki\" \/>\n<meta name=\"twitter:card\" content=\"summary_large_image\" \/>\n<meta name=\"twitter:creator\" content=\"@radioljubuski\" \/>\n<meta name=\"twitter:site\" content=\"@radioljubuski\" \/>\n<meta name=\"twitter:label1\" content=\"Napisao\/la\" \/>\n\t<meta name=\"twitter:data1\" content=\"Radio Ljubu\u0161ki\" \/>\n\t<meta name=\"twitter:label2\" content=\"Procijenjeno vrijeme \u010ditanja\" \/>\n\t<meta name=\"twitter:data2\" content=\"2 minute\" \/>\n<script type=\"application\/ld+json\" class=\"yoast-schema-graph\">{\"@context\":\"https:\\\/\\\/schema.org\",\"@graph\":[{\"@type\":\"Article\",\"@id\":\"https:\\\/\\\/radioljubuski.ba\\\/index.php\\\/2022\\\/06\\\/20\\\/cipetic-je-bio-tri-dana-u-becu-prosao-je-lijecnicki-tretman-a-onda-je-transfer-propao\\\/#article\",\"isPartOf\":{\"@id\":\"https:\\\/\\\/radioljubuski.ba\\\/index.php\\\/2022\\\/06\\\/20\\\/cipetic-je-bio-tri-dana-u-becu-prosao-je-lijecnicki-tretman-a-onda-je-transfer-propao\\\/\"},\"author\":{\"name\":\"Radio Ljubu\u0161ki\",\"@id\":\"https:\\\/\\\/radioljubuski.ba\\\/#\\\/schema\\\/person\\\/19fc700381a780f69665d7956c469e3b\"},\"headline\":\"Cipeti\u0107 je bio tri dana u Be\u010du, pro\u0161ao je lije\u010dni\u010dki tretman, a onda je transfer propao\",\"datePublished\":\"2022-06-20T12:20:40+00:00\",\"dateModified\":\"2022-06-20T12:20:41+00:00\",\"mainEntityOfPage\":{\"@id\":\"https:\\\/\\\/radioljubuski.ba\\\/index.php\\\/2022\\\/06\\\/20\\\/cipetic-je-bio-tri-dana-u-becu-prosao-je-lijecnicki-tretman-a-onda-je-transfer-propao\\\/\"},\"wordCount\":342,\"publisher\":{\"@id\":\"https:\\\/\\\/radioljubuski.ba\\\/#organization\"},\"image\":{\"@id\":\"https:\\\/\\\/radioljubuski.ba\\\/index.php\\\/2022\\\/06\\\/20\\\/cipetic-je-bio-tri-dana-u-becu-prosao-je-lijecnicki-tretman-a-onda-je-transfer-propao\\\/#primaryimage\"},\"thumbnailUrl\":\"https:\\\/\\\/radioljubuski.ba\\\/wp-content\\\/uploads\\\/2022\\\/06\\\/10-2022-06-19-14-23-24-Snimka-zaslona-2022-06-19-142313.jpg\",\"articleSection\":[\"\u0160port\"],\"inLanguage\":\"hr\"},{\"@type\":\"WebPage\",\"@id\":\"https:\\\/\\\/radioljubuski.ba\\\/index.php\\\/2022\\\/06\\\/20\\\/cipetic-je-bio-tri-dana-u-becu-prosao-je-lijecnicki-tretman-a-onda-je-transfer-propao\\\/\",\"url\":\"https:\\\/\\\/radioljubuski.ba\\\/index.php\\\/2022\\\/06\\\/20\\\/cipetic-je-bio-tri-dana-u-becu-prosao-je-lijecnicki-tretman-a-onda-je-transfer-propao\\\/\",\"name\":\"Cipeti\u0107 je bio tri dana u Be\u010du, pro\u0161ao je lije\u010dni\u010dki tretman, a onda je transfer propao - RADIO LJUBU\u0160KI\",\"isPartOf\":{\"@id\":\"https:\\\/\\\/radioljubuski.ba\\\/#website\"},\"primaryImageOfPage\":{\"@id\":\"https:\\\/\\\/radioljubuski.ba\\\/index.php\\\/2022\\\/06\\\/20\\\/cipetic-je-bio-tri-dana-u-becu-prosao-je-lijecnicki-tretman-a-onda-je-transfer-propao\\\/#primaryimage\"},\"image\":{\"@id\":\"https:\\\/\\\/radioljubuski.ba\\\/index.php\\\/2022\\\/06\\\/20\\\/cipetic-je-bio-tri-dana-u-becu-prosao-je-lijecnicki-tretman-a-onda-je-transfer-propao\\\/#primaryimage\"},\"thumbnailUrl\":\"https:\\\/\\\/radioljubuski.ba\\\/wp-content\\\/uploads\\\/2022\\\/06\\\/10-2022-06-19-14-23-24-Snimka-zaslona-2022-06-19-142313.jpg\",\"datePublished\":\"2022-06-20T12:20:40+00:00\",\"dateModified\":\"2022-06-20T12:20:41+00:00\",\"breadcrumb\":{\"@id\":\"https:\\\/\\\/radioljubuski.ba\\\/index.php\\\/2022\\\/06\\\/20\\\/cipetic-je-bio-tri-dana-u-becu-prosao-je-lijecnicki-tretman-a-onda-je-transfer-propao\\\/#breadcrumb\"},\"inLanguage\":\"hr\",\"potentialAction\":[{\"@type\":\"ReadAction\",\"target\":[\"https:\\\/\\\/radioljubuski.ba\\\/index.php\\\/2022\\\/06\\\/20\\\/cipetic-je-bio-tri-dana-u-becu-prosao-je-lijecnicki-tretman-a-onda-je-transfer-propao\\\/\"]}]},{\"@type\":\"ImageObject\",\"inLanguage\":\"hr\",\"@id\":\"https:\\\/\\\/radioljubuski.ba\\\/index.php\\\/2022\\\/06\\\/20\\\/cipetic-je-bio-tri-dana-u-becu-prosao-je-lijecnicki-tretman-a-onda-je-transfer-propao\\\/#primaryimage\",\"url\":\"https:\\\/\\\/radioljubuski.ba\\\/wp-content\\\/uploads\\\/2022\\\/06\\\/10-2022-06-19-14-23-24-Snimka-zaslona-2022-06-19-142313.jpg\",\"contentUrl\":\"https:\\\/\\\/radioljubuski.ba\\\/wp-content\\\/uploads\\\/2022\\\/06\\\/10-2022-06-19-14-23-24-Snimka-zaslona-2022-06-19-142313.jpg\",\"width\":1000,\"height\":625},{\"@type\":\"BreadcrumbList\",\"@id\":\"https:\\\/\\\/radioljubuski.ba\\\/index.php\\\/2022\\\/06\\\/20\\\/cipetic-je-bio-tri-dana-u-becu-prosao-je-lijecnicki-tretman-a-onda-je-transfer-propao\\\/#breadcrumb\",\"itemListElement\":[{\"@type\":\"ListItem\",\"position\":1,\"name\":\"Po\u010detna stranica\",\"item\":\"https:\\\/\\\/radioljubuski.ba\\\/\"},{\"@type\":\"ListItem\",\"position\":2,\"name\":\"Cipeti\u0107 je bio tri dana u Be\u010du, pro\u0161ao je lije\u010dni\u010dki tretman, a onda je transfer propao\"}]},{\"@type\":\"WebSite\",\"@id\":\"https:\\\/\\\/radioljubuski.ba\\\/#website\",\"url\":\"https:\\\/\\\/radioljubuski.ba\\\/\",\"name\":\"Radio Ljubu\u0161ki\",\"description\":\"Sun\u010dana frekvencija Hercegovine\",\"publisher\":{\"@id\":\"https:\\\/\\\/radioljubuski.ba\\\/#organization\"},\"potentialAction\":[{\"@type\":\"SearchAction\",\"target\":{\"@type\":\"EntryPoint\",\"urlTemplate\":\"https:\\\/\\\/radioljubuski.ba\\\/?s={search_term_string}\"},\"query-input\":{\"@type\":\"PropertyValueSpecification\",\"valueRequired\":true,\"valueName\":\"search_term_string\"}}],\"inLanguage\":\"hr\"},{\"@type\":\"Organization\",\"@id\":\"https:\\\/\\\/radioljubuski.ba\\\/#organization\",\"name\":\"Radio Ljubu\u0161ki\",\"url\":\"https:\\\/\\\/radioljubuski.ba\\\/\",\"logo\":{\"@type\":\"ImageObject\",\"inLanguage\":\"hr\",\"@id\":\"https:\\\/\\\/radioljubuski.ba\\\/#\\\/schema\\\/logo\\\/image\\\/\",\"url\":\"https:\\\/\\\/radioljubuski.ba\\\/wp-content\\\/uploads\\\/2021\\\/02\\\/cropped-Radio_Ljubuski_logo1.jpg\",\"contentUrl\":\"https:\\\/\\\/radioljubuski.ba\\\/wp-content\\\/uploads\\\/2021\\\/02\\\/cropped-Radio_Ljubuski_logo1.jpg\",\"width\":512,\"height\":512,\"caption\":\"Radio Ljubu\u0161ki\"},\"image\":{\"@id\":\"https:\\\/\\\/radioljubuski.ba\\\/#\\\/schema\\\/logo\\\/image\\\/\"},\"sameAs\":[\"https:\\\/\\\/www.facebook.com\\\/Radiio-Ljubuski-1490835324566332\",\"https:\\\/\\\/x.com\\\/radioljubuski\",\"https:\\\/\\\/hr.linkedin.com\\\/company\\\/radio-ljubuski\",\"https:\\\/\\\/www.youtube.com\\\/channel\\\/UCHYaeO_n0Db3tjNGudGpXyw\"]},{\"@type\":\"Person\",\"@id\":\"https:\\\/\\\/radioljubuski.ba\\\/#\\\/schema\\\/person\\\/19fc700381a780f69665d7956c469e3b\",\"name\":\"Radio Ljubu\u0161ki\"}]}<\/script>\n<!-- \/ Yoast SEO plugin. -->","yoast_head_json":{"title":"Cipeti\u0107 je bio tri dana u Be\u010du, pro\u0161ao je lije\u010dni\u010dki tretman, a onda je transfer propao - RADIO LJUBU\u0160KI","robots":{"index":"index","follow":"follow","max-snippet":"max-snippet:-1","max-image-preview":"max-image-preview:large","max-video-preview":"max-video-preview:-1"},"canonical":"https:\/\/radioljubuski.ba\/index.php\/2022\/06\/20\/cipetic-je-bio-tri-dana-u-becu-prosao-je-lijecnicki-tretman-a-onda-je-transfer-propao\/","og_locale":"hr_HR","og_type":"article","og_title":"Cipeti\u0107 je bio tri dana u Be\u010du, pro\u0161ao je lije\u010dni\u010dki tretman, a onda je transfer propao - RADIO LJUBU\u0160KI","og_description":"Da &#8220;nikad nije gotovo dok &#8211; nije gotovo&#8221; na svojoj je ko\u017ei osjetio i desni bek Lokomotive Branimir Cipeti\u0107 (27), koji je bio na korak do potpisa za be\u010dki Rapid. Naime, Cipeti\u0107 je u srijedu otputovao u Be\u010d i sve je na\u010delno bilo dogovoreno u vezi od\u0161tete koju je Rapid trebao isplatiti klubu s Kajzerice [&hellip;]","og_url":"https:\/\/radioljubuski.ba\/index.php\/2022\/06\/20\/cipetic-je-bio-tri-dana-u-becu-prosao-je-lijecnicki-tretman-a-onda-je-transfer-propao\/","og_site_name":"RADIO LJUBU\u0160KI","article_publisher":"https:\/\/www.facebook.com\/Radiio-Ljubuski-1490835324566332","article_published_time":"2022-06-20T12:20:40+00:00","article_modified_time":"2022-06-20T12:20:41+00:00","og_image":[{"width":1000,"height":625,"url":"https:\/\/radioljubuski.ba\/wp-content\/uploads\/2022\/06\/10-2022-06-19-14-23-24-Snimka-zaslona-2022-06-19-142313.jpg","type":"image\/jpeg"}],"author":"Radio Ljubu\u0161ki","twitter_card":"summary_large_image","twitter_creator":"@radioljubuski","twitter_site":"@radioljubuski","twitter_misc":{"Napisao\/la":"Radio Ljubu\u0161ki","Procijenjeno vrijeme \u010ditanja":"2 minute"},"schema":{"@context":"https:\/\/schema.org","@graph":[{"@type":"Article","@id":"https:\/\/radioljubuski.ba\/index.php\/2022\/06\/20\/cipetic-je-bio-tri-dana-u-becu-prosao-je-lijecnicki-tretman-a-onda-je-transfer-propao\/#article","isPartOf":{"@id":"https:\/\/radioljubuski.ba\/index.php\/2022\/06\/20\/cipetic-je-bio-tri-dana-u-becu-prosao-je-lijecnicki-tretman-a-onda-je-transfer-propao\/"},"author":{"name":"Radio Ljubu\u0161ki","@id":"https:\/\/radioljubuski.ba\/#\/schema\/person\/19fc700381a780f69665d7956c469e3b"},"headline":"Cipeti\u0107 je bio tri dana u Be\u010du, pro\u0161ao je lije\u010dni\u010dki tretman, a onda je transfer propao","datePublished":"2022-06-20T12:20:40+00:00","dateModified":"2022-06-20T12:20:41+00:00","mainEntityOfPage":{"@id":"https:\/\/radioljubuski.ba\/index.php\/2022\/06\/20\/cipetic-je-bio-tri-dana-u-becu-prosao-je-lijecnicki-tretman-a-onda-je-transfer-propao\/"},"wordCount":342,"publisher":{"@id":"https:\/\/radioljubuski.ba\/#organization"},"image":{"@id":"https:\/\/radioljubuski.ba\/index.php\/2022\/06\/20\/cipetic-je-bio-tri-dana-u-becu-prosao-je-lijecnicki-tretman-a-onda-je-transfer-propao\/#primaryimage"},"thumbnailUrl":"https:\/\/radioljubuski.ba\/wp-content\/uploads\/2022\/06\/10-2022-06-19-14-23-24-Snimka-zaslona-2022-06-19-142313.jpg","articleSection":["\u0160port"],"inLanguage":"hr"},{"@type":"WebPage","@id":"https:\/\/radioljubuski.ba\/index.php\/2022\/06\/20\/cipetic-je-bio-tri-dana-u-becu-prosao-je-lijecnicki-tretman-a-onda-je-transfer-propao\/","url":"https:\/\/radioljubuski.ba\/index.php\/2022\/06\/20\/cipetic-je-bio-tri-dana-u-becu-prosao-je-lijecnicki-tretman-a-onda-je-transfer-propao\/","name":"Cipeti\u0107 je bio tri dana u Be\u010du, pro\u0161ao je lije\u010dni\u010dki tretman, a onda je transfer propao - RADIO LJUBU\u0160KI","isPartOf":{"@id":"https:\/\/radioljubuski.ba\/#website"},"primaryImageOfPage":{"@id":"https:\/\/radioljubuski.ba\/index.php\/2022\/06\/20\/cipetic-je-bio-tri-dana-u-becu-prosao-je-lijecnicki-tretman-a-onda-je-transfer-propao\/#primaryimage"},"image":{"@id":"https:\/\/radioljubuski.ba\/index.php\/2022\/06\/20\/cipetic-je-bio-tri-dana-u-becu-prosao-je-lijecnicki-tretman-a-onda-je-transfer-propao\/#primaryimage"},"thumbnailUrl":"https:\/\/radioljubuski.ba\/wp-content\/uploads\/2022\/06\/10-2022-06-19-14-23-24-Snimka-zaslona-2022-06-19-142313.jpg","datePublished":"2022-06-20T12:20:40+00:00","dateModified":"2022-06-20T12:20:41+00:00","breadcrumb":{"@id":"https:\/\/radioljubuski.ba\/index.php\/2022\/06\/20\/cipetic-je-bio-tri-dana-u-becu-prosao-je-lijecnicki-tretman-a-onda-je-transfer-propao\/#breadcrumb"},"inLanguage":"hr","potentialAction":[{"@type":"ReadAction","target":["https:\/\/radioljubuski.ba\/index.php\/2022\/06\/20\/cipetic-je-bio-tri-dana-u-becu-prosao-je-lijecnicki-tretman-a-onda-je-transfer-propao\/"]}]},{"@type":"ImageObject","inLanguage":"hr","@id":"https:\/\/radioljubuski.ba\/index.php\/2022\/06\/20\/cipetic-je-bio-tri-dana-u-becu-prosao-je-lijecnicki-tretman-a-onda-je-transfer-propao\/#primaryimage","url":"https:\/\/radioljubuski.ba\/wp-content\/uploads\/2022\/06\/10-2022-06-19-14-23-24-Snimka-zaslona-2022-06-19-142313.jpg","contentUrl":"https:\/\/radioljubuski.ba\/wp-content\/uploads\/2022\/06\/10-2022-06-19-14-23-24-Snimka-zaslona-2022-06-19-142313.jpg","width":1000,"height":625},{"@type":"BreadcrumbList","@id":"https:\/\/radioljubuski.ba\/index.php\/2022\/06\/20\/cipetic-je-bio-tri-dana-u-becu-prosao-je-lijecnicki-tretman-a-onda-je-transfer-propao\/#breadcrumb","itemListElement":[{"@type":"ListItem","position":1,"name":"Po\u010detna stranica","item":"https:\/\/radioljubuski.ba\/"},{"@type":"ListItem","position":2,"name":"Cipeti\u0107 je bio tri dana u Be\u010du, pro\u0161ao je lije\u010dni\u010dki tretman, a onda je transfer propao"}]},{"@type":"WebSite","@id":"https:\/\/radioljubuski.ba\/#website","url":"https:\/\/radioljubuski.ba\/","name":"Radio Ljubu\u0161ki","description":"Sun\u010dana frekvencija Hercegovine","publisher":{"@id":"https:\/\/radioljubuski.ba\/#organization"},"potentialAction":[{"@type":"SearchAction","target":{"@type":"EntryPoint","urlTemplate":"https:\/\/radioljubuski.ba\/?s={search_term_string}"},"query-input":{"@type":"PropertyValueSpecification","valueRequired":true,"valueName":"search_term_string"}}],"inLanguage":"hr"},{"@type":"Organization","@id":"https:\/\/radioljubuski.ba\/#organization","name":"Radio Ljubu\u0161ki","url":"https:\/\/radioljubuski.ba\/","logo":{"@type":"ImageObject","inLanguage":"hr","@id":"https:\/\/radioljubuski.ba\/#\/schema\/logo\/image\/","url":"https:\/\/radioljubuski.ba\/wp-content\/uploads\/2021\/02\/cropped-Radio_Ljubuski_logo1.jpg","contentUrl":"https:\/\/radioljubuski.ba\/wp-content\/uploads\/2021\/02\/cropped-Radio_Ljubuski_logo1.jpg","width":512,"height":512,"caption":"Radio Ljubu\u0161ki"},"image":{"@id":"https:\/\/radioljubuski.ba\/#\/schema\/logo\/image\/"},"sameAs":["https:\/\/www.facebook.com\/Radiio-Ljubuski-1490835324566332","https:\/\/x.com\/radioljubuski","https:\/\/hr.linkedin.com\/company\/radio-ljubuski","https:\/\/www.youtube.com\/channel\/UCHYaeO_n0Db3tjNGudGpXyw"]},{"@type":"Person","@id":"https:\/\/radioljubuski.ba\/#\/schema\/person\/19fc700381a780f69665d7956c469e3b","name":"Radio Ljubu\u0161ki"}]}},"_links":{"self":[{"href":"https:\/\/radioljubuski.ba\/index.php\/wp-json\/wp\/v2\/posts\/151169","targetHints":{"allow":["GET"]}}],"collection":[{"href":"https:\/\/radioljubuski.ba\/index.php\/wp-json\/wp\/v2\/posts"}],"about":[{"href":"https:\/\/radioljubuski.ba\/index.php\/wp-json\/wp\/v2\/types\/post"}],"author":[{"embeddable":true,"href":"https:\/\/radioljubuski.ba\/index.php\/wp-json\/wp\/v2\/users\/2"}],"replies":[{"embeddable":true,"href":"https:\/\/radioljubuski.ba\/index.php\/wp-json\/wp\/v2\/comments?post=151169"}],"version-history":[{"count":1,"href":"https:\/\/radioljubuski.ba\/index.php\/wp-json\/wp\/v2\/posts\/151169\/revisions"}],"predecessor-version":[{"id":151171,"href":"https:\/\/radioljubuski.ba\/index.php\/wp-json\/wp\/v2\/posts\/151169\/revisions\/151171"}],"wp:featuredmedia":[{"embeddable":true,"href":"https:\/\/radioljubuski.ba\/index.php\/wp-json\/wp\/v2\/media\/151170"}],"wp:attachment":[{"href":"https:\/\/radioljubuski.ba\/index.php\/wp-json\/wp\/v2\/media?parent=151169"}],"wp:term":[{"taxonomy":"category","embeddable":true,"href":"https:\/\/radioljubuski.ba\/index.php\/wp-json\/wp\/v2\/categories?post=151169"},{"taxonomy":"post_tag","embeddable":true,"href":"https:\/\/radioljubuski.ba\/index.php\/wp-json\/wp\/v2\/tags?post=151169"}],"curies":[{"name":"wp","href":"https:\/\/api.w.org\/{rel}","templated":true}]}}