{"id":151185,"date":"2022-06-20T13:49:31","date_gmt":"2022-06-20T12:49:31","guid":{"rendered":"https:\/\/radioljubuski.ba\/?p=151185"},"modified":"2022-06-20T13:49:32","modified_gmt":"2022-06-20T12:49:32","slug":"brekalo-posusje-je-svijetla-tocka-nogometa-u-bosni-i-hercegovini","status":"publish","type":"post","link":"https:\/\/radioljubuski.ba\/index.php\/2022\/06\/20\/brekalo-posusje-je-svijetla-tocka-nogometa-u-bosni-i-hercegovini\/","title":{"rendered":"Brekalo: Posu\u0161je je svijetla to\u010dka nogometa u Bosni i Hercegovini"},"content":{"rendered":"\n<p>Pripreme za novu sezonu Premijer lige BiH koja kre\u0107e 16. srpnja 2022. godine su u tijeku, a sportski direktor H\u0160K Posu\u0161je Slavko Brekalo se u izjavi za Fenu osvrnuo na detalje priprema mom\u010dadi i igra\u010dki kadar te na plasman i rezultate koje su ostvarili u pro\u0161loj sezoni.<\/p>\n\n\n\n<p>&#8211; Zadovoljni smo s plasmanom u pro\u0161loj sezoni. Cilj je bio zadr\u017eati se u Premijer ligi i to smo na svu sre\u0107u uspjeli posti\u0107i. Bili smo prepoznatljivi po stilu igre i na\u010dinu vo\u0111enja pa se s pravom mo\u017ee re\u0107i da je pro\u0161la sezona bila jedna pozitivna pri\u010da zbog \u010dega smo jako zadovoljni. To nam daje poticaj da ove sezone budemo jo\u0161 bolji, da se u svakom segmentu pobolj\u0161amo i poku\u0161amo napraviti jo\u0161 bolji rezultat. U ovom prvom tjednu priprema svi su igra\u010di zdravi, spremni i to nam je jo\u0161 jedan razlog za zadovoljstvo \u2013 kazao je Brekalo.<\/p>\n\n\n\n<p>Istaknuo je kako im je bilo va\u017eno zadr\u017eati veliki dio mom\u010dadi iz pro\u0161le sezone koja je ostvarila ostanak u ligi.<\/p>\n\n\n\n<p>&#8211; Najve\u0107e poja\u010danje za nas je u tome \u0161to smo uspjeli zadr\u017eati okosnicu mom\u010dadi koja je na svojim le\u0111ima iznijela teret pro\u0161le sezone i to nam je bio glavni cilj. Na tim temeljima smo dovodili i ostale igra\u010de na pozicije gdje smo uvidjeli da nam treba dodatna kvaliteta, pa smo zato doveli Begi\u0107a, Jovi\u0107a, Jovanovi\u0107a i Hanuljka. \u017delimo ponoviti stabilnost iz pro\u0161le sezone i da se u ve\u0107em dijelu prvenstva odr\u017eimo na zadovoljavaju\u0107oj razini \u2013 naglasio je sportski direktor Posu\u0161ja.<\/p>\n\n\n\n<p>Dodao je kako je ovo za njih uspje\u0161an prijelazni rok i da o\u010dekuje jo\u0161 nekoliko poja\u010danja.<\/p>\n\n\n\n<p>&#8211; Zadovoljni smo poslom koji smo obavili u ovom prijelaznom roku te imamo u planu dovesti jo\u0161 nekoliko igra\u010da na ciljanim pozicijama i to\u010dno odre\u0111eni tip igra\u010da. To su neke smjernice koje smo postavili i koje \u0107e nam pomo\u0107i u izgradnji bolje mom\u010dadi \u2013 istaknuo je Brekalo.<\/p>\n\n\n\n<p>Nekada\u0161nji igra\u010d Posu\u0161ja i sada\u0161nji sportski direktor ovog kluba naglasio je kako je podr\u0161ka navija\u010da jako va\u017ean \u010dimbenik i da se kao mom\u010dad izgra\u0111uju iz utakmice u utakmicu.<\/p>\n\n\n\n<p>&#8211; Raspored nam je manje va\u017ean, ali drago nam je \u0161to prvu utakmicu igramo na doma\u0107em terenu tako da o\u010dekujemo pun stadion i podr\u0161ku navija\u010da. Veselimo se skorom po\u010detku sezone, radimo naporno da spremni do\u010dekamo prvenstvo. Osnovni cilj je napredovati iz utakmice u utakmicu. Posu\u0161je je svijetla to\u010dka nogometa u Bosni i Hercegovini, a to svjedo\u010di velika posjeta na doma\u0107im utakmicama. \u017delimo nastaviti u pozitivnom ozra\u010dju i pozivam navija\u010de da nastave pru\u017eati podr\u0161ku klubu, jer to je igra\u010dima jako potrebno. Navija\u010di su nam velika podr\u0161ka kroz cijelu sezonu i to nam jako puno zna\u010di \u2013 kazao je.<\/p>\n\n\n\n<p>Ocijenio je kako su pred novim trenerom veliki izazovi te po\u017eelio sre\u0107u njemu i cijelom kolektivu kluba.<\/p>\n\n\n\n<p>&#8211; Na\u0161 novi trener je Ferdo Milin i \u017eelimo mu puno sre\u0107e u radu te da pozitivnim rezultatima razveseli sve ljude u Posu\u0161ju \u2013&nbsp; rekao je Brekalo.<\/p>\n\n\n\n<p>Posu\u0161je prvu utakmicu u Premijer ligi igra protiv pro\u0161losezonskog osvaja\u010da Kupa BiH mom\u010dadi Vele\u017ea na stadionu Mokri Dolac.<\/p>\n\n\n\n<p>Izvor:pogled.ba<\/p>\n","protected":false},"excerpt":{"rendered":"<p>Pripreme za novu sezonu Premijer lige BiH koja kre\u0107e 16. srpnja 2022. godine su u tijeku, a sportski direktor H\u0160K Posu\u0161je Slavko Brekalo se u izjavi za Fenu osvrnuo na detalje priprema mom\u010dadi i igra\u010dki kadar te na plasman i rezultate koje su ostvarili u pro\u0161loj sezoni. &#8211; Zadovoljni smo s plasmanom u pro\u0161loj sezoni. [&hellip;]<\/p>\n","protected":false},"author":2,"featured_media":151186,"comment_status":"closed","ping_status":"closed","sticky":false,"template":"","format":"standard","meta":{"h5ap_radio_sources":[],"footnotes":""},"categories":[7],"tags":[],"class_list":["post-151185","post","type-post","status-publish","format-standard","has-post-thumbnail","hentry","category-sport"],"yoast_head":"<!-- This site is optimized with the Yoast SEO plugin v27.4 - https:\/\/yoast.com\/product\/yoast-seo-wordpress\/ -->\n<title>Brekalo: Posu\u0161je je svijetla to\u010dka nogometa u Bosni i Hercegovini - RADIO LJUBU\u0160KI<\/title>\n<meta name=\"robots\" content=\"index, follow, max-snippet:-1, max-image-preview:large, max-video-preview:-1\" \/>\n<link rel=\"canonical\" href=\"https:\/\/radioljubuski.ba\/index.php\/2022\/06\/20\/brekalo-posusje-je-svijetla-tocka-nogometa-u-bosni-i-hercegovini\/\" \/>\n<meta property=\"og:locale\" content=\"hr_HR\" \/>\n<meta property=\"og:type\" content=\"article\" \/>\n<meta property=\"og:title\" content=\"Brekalo: Posu\u0161je je svijetla to\u010dka nogometa u Bosni i Hercegovini - RADIO LJUBU\u0160KI\" \/>\n<meta property=\"og:description\" content=\"Pripreme za novu sezonu Premijer lige BiH koja kre\u0107e 16. srpnja 2022. godine su u tijeku, a sportski direktor H\u0160K Posu\u0161je Slavko Brekalo se u izjavi za Fenu osvrnuo na detalje priprema mom\u010dadi i igra\u010dki kadar te na plasman i rezultate koje su ostvarili u pro\u0161loj sezoni. &#8211; Zadovoljni smo s plasmanom u pro\u0161loj sezoni. [&hellip;]\" \/>\n<meta property=\"og:url\" content=\"https:\/\/radioljubuski.ba\/index.php\/2022\/06\/20\/brekalo-posusje-je-svijetla-tocka-nogometa-u-bosni-i-hercegovini\/\" \/>\n<meta property=\"og:site_name\" content=\"RADIO LJUBU\u0160KI\" \/>\n<meta property=\"article:publisher\" content=\"https:\/\/www.facebook.com\/Radiio-Ljubuski-1490835324566332\" \/>\n<meta property=\"article:published_time\" content=\"2022-06-20T12:49:31+00:00\" \/>\n<meta property=\"article:modified_time\" content=\"2022-06-20T12:49:32+00:00\" \/>\n<meta property=\"og:image\" content=\"https:\/\/radioljubuski.ba\/wp-content\/uploads\/2022\/06\/10-2022-06-19-15-36-00-Snimka-zaslona-2022-06-19-153438.jpg\" \/>\n\t<meta property=\"og:image:width\" content=\"1000\" \/>\n\t<meta property=\"og:image:height\" content=\"625\" \/>\n\t<meta property=\"og:image:type\" content=\"image\/jpeg\" \/>\n<meta name=\"author\" content=\"Radio Ljubu\u0161ki\" \/>\n<meta name=\"twitter:card\" content=\"summary_large_image\" \/>\n<meta name=\"twitter:creator\" content=\"@radioljubuski\" \/>\n<meta name=\"twitter:site\" content=\"@radioljubuski\" \/>\n<meta name=\"twitter:label1\" content=\"Napisao\/la\" \/>\n\t<meta name=\"twitter:data1\" content=\"Radio Ljubu\u0161ki\" \/>\n\t<meta name=\"twitter:label2\" content=\"Procijenjeno vrijeme \u010ditanja\" \/>\n\t<meta name=\"twitter:data2\" content=\"3 minute\" \/>\n<script type=\"application\/ld+json\" class=\"yoast-schema-graph\">{\"@context\":\"https:\\\/\\\/schema.org\",\"@graph\":[{\"@type\":\"Article\",\"@id\":\"https:\\\/\\\/radioljubuski.ba\\\/index.php\\\/2022\\\/06\\\/20\\\/brekalo-posusje-je-svijetla-tocka-nogometa-u-bosni-i-hercegovini\\\/#article\",\"isPartOf\":{\"@id\":\"https:\\\/\\\/radioljubuski.ba\\\/index.php\\\/2022\\\/06\\\/20\\\/brekalo-posusje-je-svijetla-tocka-nogometa-u-bosni-i-hercegovini\\\/\"},\"author\":{\"name\":\"Radio Ljubu\u0161ki\",\"@id\":\"https:\\\/\\\/radioljubuski.ba\\\/#\\\/schema\\\/person\\\/19fc700381a780f69665d7956c469e3b\"},\"headline\":\"Brekalo: Posu\u0161je je svijetla to\u010dka nogometa u Bosni i Hercegovini\",\"datePublished\":\"2022-06-20T12:49:31+00:00\",\"dateModified\":\"2022-06-20T12:49:32+00:00\",\"mainEntityOfPage\":{\"@id\":\"https:\\\/\\\/radioljubuski.ba\\\/index.php\\\/2022\\\/06\\\/20\\\/brekalo-posusje-je-svijetla-tocka-nogometa-u-bosni-i-hercegovini\\\/\"},\"wordCount\":586,\"publisher\":{\"@id\":\"https:\\\/\\\/radioljubuski.ba\\\/#organization\"},\"image\":{\"@id\":\"https:\\\/\\\/radioljubuski.ba\\\/index.php\\\/2022\\\/06\\\/20\\\/brekalo-posusje-je-svijetla-tocka-nogometa-u-bosni-i-hercegovini\\\/#primaryimage\"},\"thumbnailUrl\":\"https:\\\/\\\/radioljubuski.ba\\\/wp-content\\\/uploads\\\/2022\\\/06\\\/10-2022-06-19-15-36-00-Snimka-zaslona-2022-06-19-153438.jpg\",\"articleSection\":[\"\u0160port\"],\"inLanguage\":\"hr\"},{\"@type\":\"WebPage\",\"@id\":\"https:\\\/\\\/radioljubuski.ba\\\/index.php\\\/2022\\\/06\\\/20\\\/brekalo-posusje-je-svijetla-tocka-nogometa-u-bosni-i-hercegovini\\\/\",\"url\":\"https:\\\/\\\/radioljubuski.ba\\\/index.php\\\/2022\\\/06\\\/20\\\/brekalo-posusje-je-svijetla-tocka-nogometa-u-bosni-i-hercegovini\\\/\",\"name\":\"Brekalo: Posu\u0161je je svijetla to\u010dka nogometa u Bosni i Hercegovini - RADIO LJUBU\u0160KI\",\"isPartOf\":{\"@id\":\"https:\\\/\\\/radioljubuski.ba\\\/#website\"},\"primaryImageOfPage\":{\"@id\":\"https:\\\/\\\/radioljubuski.ba\\\/index.php\\\/2022\\\/06\\\/20\\\/brekalo-posusje-je-svijetla-tocka-nogometa-u-bosni-i-hercegovini\\\/#primaryimage\"},\"image\":{\"@id\":\"https:\\\/\\\/radioljubuski.ba\\\/index.php\\\/2022\\\/06\\\/20\\\/brekalo-posusje-je-svijetla-tocka-nogometa-u-bosni-i-hercegovini\\\/#primaryimage\"},\"thumbnailUrl\":\"https:\\\/\\\/radioljubuski.ba\\\/wp-content\\\/uploads\\\/2022\\\/06\\\/10-2022-06-19-15-36-00-Snimka-zaslona-2022-06-19-153438.jpg\",\"datePublished\":\"2022-06-20T12:49:31+00:00\",\"dateModified\":\"2022-06-20T12:49:32+00:00\",\"breadcrumb\":{\"@id\":\"https:\\\/\\\/radioljubuski.ba\\\/index.php\\\/2022\\\/06\\\/20\\\/brekalo-posusje-je-svijetla-tocka-nogometa-u-bosni-i-hercegovini\\\/#breadcrumb\"},\"inLanguage\":\"hr\",\"potentialAction\":[{\"@type\":\"ReadAction\",\"target\":[\"https:\\\/\\\/radioljubuski.ba\\\/index.php\\\/2022\\\/06\\\/20\\\/brekalo-posusje-je-svijetla-tocka-nogometa-u-bosni-i-hercegovini\\\/\"]}]},{\"@type\":\"ImageObject\",\"inLanguage\":\"hr\",\"@id\":\"https:\\\/\\\/radioljubuski.ba\\\/index.php\\\/2022\\\/06\\\/20\\\/brekalo-posusje-je-svijetla-tocka-nogometa-u-bosni-i-hercegovini\\\/#primaryimage\",\"url\":\"https:\\\/\\\/radioljubuski.ba\\\/wp-content\\\/uploads\\\/2022\\\/06\\\/10-2022-06-19-15-36-00-Snimka-zaslona-2022-06-19-153438.jpg\",\"contentUrl\":\"https:\\\/\\\/radioljubuski.ba\\\/wp-content\\\/uploads\\\/2022\\\/06\\\/10-2022-06-19-15-36-00-Snimka-zaslona-2022-06-19-153438.jpg\",\"width\":1000,\"height\":625},{\"@type\":\"BreadcrumbList\",\"@id\":\"https:\\\/\\\/radioljubuski.ba\\\/index.php\\\/2022\\\/06\\\/20\\\/brekalo-posusje-je-svijetla-tocka-nogometa-u-bosni-i-hercegovini\\\/#breadcrumb\",\"itemListElement\":[{\"@type\":\"ListItem\",\"position\":1,\"name\":\"Po\u010detna stranica\",\"item\":\"https:\\\/\\\/radioljubuski.ba\\\/\"},{\"@type\":\"ListItem\",\"position\":2,\"name\":\"Brekalo: Posu\u0161je je svijetla to\u010dka nogometa u Bosni i Hercegovini\"}]},{\"@type\":\"WebSite\",\"@id\":\"https:\\\/\\\/radioljubuski.ba\\\/#website\",\"url\":\"https:\\\/\\\/radioljubuski.ba\\\/\",\"name\":\"Radio Ljubu\u0161ki\",\"description\":\"Sun\u010dana frekvencija Hercegovine\",\"publisher\":{\"@id\":\"https:\\\/\\\/radioljubuski.ba\\\/#organization\"},\"potentialAction\":[{\"@type\":\"SearchAction\",\"target\":{\"@type\":\"EntryPoint\",\"urlTemplate\":\"https:\\\/\\\/radioljubuski.ba\\\/?s={search_term_string}\"},\"query-input\":{\"@type\":\"PropertyValueSpecification\",\"valueRequired\":true,\"valueName\":\"search_term_string\"}}],\"inLanguage\":\"hr\"},{\"@type\":\"Organization\",\"@id\":\"https:\\\/\\\/radioljubuski.ba\\\/#organization\",\"name\":\"Radio Ljubu\u0161ki\",\"url\":\"https:\\\/\\\/radioljubuski.ba\\\/\",\"logo\":{\"@type\":\"ImageObject\",\"inLanguage\":\"hr\",\"@id\":\"https:\\\/\\\/radioljubuski.ba\\\/#\\\/schema\\\/logo\\\/image\\\/\",\"url\":\"https:\\\/\\\/radioljubuski.ba\\\/wp-content\\\/uploads\\\/2021\\\/02\\\/cropped-Radio_Ljubuski_logo1.jpg\",\"contentUrl\":\"https:\\\/\\\/radioljubuski.ba\\\/wp-content\\\/uploads\\\/2021\\\/02\\\/cropped-Radio_Ljubuski_logo1.jpg\",\"width\":512,\"height\":512,\"caption\":\"Radio Ljubu\u0161ki\"},\"image\":{\"@id\":\"https:\\\/\\\/radioljubuski.ba\\\/#\\\/schema\\\/logo\\\/image\\\/\"},\"sameAs\":[\"https:\\\/\\\/www.facebook.com\\\/Radiio-Ljubuski-1490835324566332\",\"https:\\\/\\\/x.com\\\/radioljubuski\",\"https:\\\/\\\/hr.linkedin.com\\\/company\\\/radio-ljubuski\",\"https:\\\/\\\/www.youtube.com\\\/channel\\\/UCHYaeO_n0Db3tjNGudGpXyw\"]},{\"@type\":\"Person\",\"@id\":\"https:\\\/\\\/radioljubuski.ba\\\/#\\\/schema\\\/person\\\/19fc700381a780f69665d7956c469e3b\",\"name\":\"Radio Ljubu\u0161ki\"}]}<\/script>\n<!-- \/ Yoast SEO plugin. -->","yoast_head_json":{"title":"Brekalo: Posu\u0161je je svijetla to\u010dka nogometa u Bosni i Hercegovini - RADIO LJUBU\u0160KI","robots":{"index":"index","follow":"follow","max-snippet":"max-snippet:-1","max-image-preview":"max-image-preview:large","max-video-preview":"max-video-preview:-1"},"canonical":"https:\/\/radioljubuski.ba\/index.php\/2022\/06\/20\/brekalo-posusje-je-svijetla-tocka-nogometa-u-bosni-i-hercegovini\/","og_locale":"hr_HR","og_type":"article","og_title":"Brekalo: Posu\u0161je je svijetla to\u010dka nogometa u Bosni i Hercegovini - RADIO LJUBU\u0160KI","og_description":"Pripreme za novu sezonu Premijer lige BiH koja kre\u0107e 16. srpnja 2022. godine su u tijeku, a sportski direktor H\u0160K Posu\u0161je Slavko Brekalo se u izjavi za Fenu osvrnuo na detalje priprema mom\u010dadi i igra\u010dki kadar te na plasman i rezultate koje su ostvarili u pro\u0161loj sezoni. &#8211; Zadovoljni smo s plasmanom u pro\u0161loj sezoni. [&hellip;]","og_url":"https:\/\/radioljubuski.ba\/index.php\/2022\/06\/20\/brekalo-posusje-je-svijetla-tocka-nogometa-u-bosni-i-hercegovini\/","og_site_name":"RADIO LJUBU\u0160KI","article_publisher":"https:\/\/www.facebook.com\/Radiio-Ljubuski-1490835324566332","article_published_time":"2022-06-20T12:49:31+00:00","article_modified_time":"2022-06-20T12:49:32+00:00","og_image":[{"width":1000,"height":625,"url":"https:\/\/radioljubuski.ba\/wp-content\/uploads\/2022\/06\/10-2022-06-19-15-36-00-Snimka-zaslona-2022-06-19-153438.jpg","type":"image\/jpeg"}],"author":"Radio Ljubu\u0161ki","twitter_card":"summary_large_image","twitter_creator":"@radioljubuski","twitter_site":"@radioljubuski","twitter_misc":{"Napisao\/la":"Radio Ljubu\u0161ki","Procijenjeno vrijeme \u010ditanja":"3 minute"},"schema":{"@context":"https:\/\/schema.org","@graph":[{"@type":"Article","@id":"https:\/\/radioljubuski.ba\/index.php\/2022\/06\/20\/brekalo-posusje-je-svijetla-tocka-nogometa-u-bosni-i-hercegovini\/#article","isPartOf":{"@id":"https:\/\/radioljubuski.ba\/index.php\/2022\/06\/20\/brekalo-posusje-je-svijetla-tocka-nogometa-u-bosni-i-hercegovini\/"},"author":{"name":"Radio Ljubu\u0161ki","@id":"https:\/\/radioljubuski.ba\/#\/schema\/person\/19fc700381a780f69665d7956c469e3b"},"headline":"Brekalo: Posu\u0161je je svijetla to\u010dka nogometa u Bosni i Hercegovini","datePublished":"2022-06-20T12:49:31+00:00","dateModified":"2022-06-20T12:49:32+00:00","mainEntityOfPage":{"@id":"https:\/\/radioljubuski.ba\/index.php\/2022\/06\/20\/brekalo-posusje-je-svijetla-tocka-nogometa-u-bosni-i-hercegovini\/"},"wordCount":586,"publisher":{"@id":"https:\/\/radioljubuski.ba\/#organization"},"image":{"@id":"https:\/\/radioljubuski.ba\/index.php\/2022\/06\/20\/brekalo-posusje-je-svijetla-tocka-nogometa-u-bosni-i-hercegovini\/#primaryimage"},"thumbnailUrl":"https:\/\/radioljubuski.ba\/wp-content\/uploads\/2022\/06\/10-2022-06-19-15-36-00-Snimka-zaslona-2022-06-19-153438.jpg","articleSection":["\u0160port"],"inLanguage":"hr"},{"@type":"WebPage","@id":"https:\/\/radioljubuski.ba\/index.php\/2022\/06\/20\/brekalo-posusje-je-svijetla-tocka-nogometa-u-bosni-i-hercegovini\/","url":"https:\/\/radioljubuski.ba\/index.php\/2022\/06\/20\/brekalo-posusje-je-svijetla-tocka-nogometa-u-bosni-i-hercegovini\/","name":"Brekalo: Posu\u0161je je svijetla to\u010dka nogometa u Bosni i Hercegovini - RADIO LJUBU\u0160KI","isPartOf":{"@id":"https:\/\/radioljubuski.ba\/#website"},"primaryImageOfPage":{"@id":"https:\/\/radioljubuski.ba\/index.php\/2022\/06\/20\/brekalo-posusje-je-svijetla-tocka-nogometa-u-bosni-i-hercegovini\/#primaryimage"},"image":{"@id":"https:\/\/radioljubuski.ba\/index.php\/2022\/06\/20\/brekalo-posusje-je-svijetla-tocka-nogometa-u-bosni-i-hercegovini\/#primaryimage"},"thumbnailUrl":"https:\/\/radioljubuski.ba\/wp-content\/uploads\/2022\/06\/10-2022-06-19-15-36-00-Snimka-zaslona-2022-06-19-153438.jpg","datePublished":"2022-06-20T12:49:31+00:00","dateModified":"2022-06-20T12:49:32+00:00","breadcrumb":{"@id":"https:\/\/radioljubuski.ba\/index.php\/2022\/06\/20\/brekalo-posusje-je-svijetla-tocka-nogometa-u-bosni-i-hercegovini\/#breadcrumb"},"inLanguage":"hr","potentialAction":[{"@type":"ReadAction","target":["https:\/\/radioljubuski.ba\/index.php\/2022\/06\/20\/brekalo-posusje-je-svijetla-tocka-nogometa-u-bosni-i-hercegovini\/"]}]},{"@type":"ImageObject","inLanguage":"hr","@id":"https:\/\/radioljubuski.ba\/index.php\/2022\/06\/20\/brekalo-posusje-je-svijetla-tocka-nogometa-u-bosni-i-hercegovini\/#primaryimage","url":"https:\/\/radioljubuski.ba\/wp-content\/uploads\/2022\/06\/10-2022-06-19-15-36-00-Snimka-zaslona-2022-06-19-153438.jpg","contentUrl":"https:\/\/radioljubuski.ba\/wp-content\/uploads\/2022\/06\/10-2022-06-19-15-36-00-Snimka-zaslona-2022-06-19-153438.jpg","width":1000,"height":625},{"@type":"BreadcrumbList","@id":"https:\/\/radioljubuski.ba\/index.php\/2022\/06\/20\/brekalo-posusje-je-svijetla-tocka-nogometa-u-bosni-i-hercegovini\/#breadcrumb","itemListElement":[{"@type":"ListItem","position":1,"name":"Po\u010detna stranica","item":"https:\/\/radioljubuski.ba\/"},{"@type":"ListItem","position":2,"name":"Brekalo: Posu\u0161je je svijetla to\u010dka nogometa u Bosni i Hercegovini"}]},{"@type":"WebSite","@id":"https:\/\/radioljubuski.ba\/#website","url":"https:\/\/radioljubuski.ba\/","name":"Radio Ljubu\u0161ki","description":"Sun\u010dana frekvencija Hercegovine","publisher":{"@id":"https:\/\/radioljubuski.ba\/#organization"},"potentialAction":[{"@type":"SearchAction","target":{"@type":"EntryPoint","urlTemplate":"https:\/\/radioljubuski.ba\/?s={search_term_string}"},"query-input":{"@type":"PropertyValueSpecification","valueRequired":true,"valueName":"search_term_string"}}],"inLanguage":"hr"},{"@type":"Organization","@id":"https:\/\/radioljubuski.ba\/#organization","name":"Radio Ljubu\u0161ki","url":"https:\/\/radioljubuski.ba\/","logo":{"@type":"ImageObject","inLanguage":"hr","@id":"https:\/\/radioljubuski.ba\/#\/schema\/logo\/image\/","url":"https:\/\/radioljubuski.ba\/wp-content\/uploads\/2021\/02\/cropped-Radio_Ljubuski_logo1.jpg","contentUrl":"https:\/\/radioljubuski.ba\/wp-content\/uploads\/2021\/02\/cropped-Radio_Ljubuski_logo1.jpg","width":512,"height":512,"caption":"Radio Ljubu\u0161ki"},"image":{"@id":"https:\/\/radioljubuski.ba\/#\/schema\/logo\/image\/"},"sameAs":["https:\/\/www.facebook.com\/Radiio-Ljubuski-1490835324566332","https:\/\/x.com\/radioljubuski","https:\/\/hr.linkedin.com\/company\/radio-ljubuski","https:\/\/www.youtube.com\/channel\/UCHYaeO_n0Db3tjNGudGpXyw"]},{"@type":"Person","@id":"https:\/\/radioljubuski.ba\/#\/schema\/person\/19fc700381a780f69665d7956c469e3b","name":"Radio Ljubu\u0161ki"}]}},"_links":{"self":[{"href":"https:\/\/radioljubuski.ba\/index.php\/wp-json\/wp\/v2\/posts\/151185","targetHints":{"allow":["GET"]}}],"collection":[{"href":"https:\/\/radioljubuski.ba\/index.php\/wp-json\/wp\/v2\/posts"}],"about":[{"href":"https:\/\/radioljubuski.ba\/index.php\/wp-json\/wp\/v2\/types\/post"}],"author":[{"embeddable":true,"href":"https:\/\/radioljubuski.ba\/index.php\/wp-json\/wp\/v2\/users\/2"}],"replies":[{"embeddable":true,"href":"https:\/\/radioljubuski.ba\/index.php\/wp-json\/wp\/v2\/comments?post=151185"}],"version-history":[{"count":1,"href":"https:\/\/radioljubuski.ba\/index.php\/wp-json\/wp\/v2\/posts\/151185\/revisions"}],"predecessor-version":[{"id":151187,"href":"https:\/\/radioljubuski.ba\/index.php\/wp-json\/wp\/v2\/posts\/151185\/revisions\/151187"}],"wp:featuredmedia":[{"embeddable":true,"href":"https:\/\/radioljubuski.ba\/index.php\/wp-json\/wp\/v2\/media\/151186"}],"wp:attachment":[{"href":"https:\/\/radioljubuski.ba\/index.php\/wp-json\/wp\/v2\/media?parent=151185"}],"wp:term":[{"taxonomy":"category","embeddable":true,"href":"https:\/\/radioljubuski.ba\/index.php\/wp-json\/wp\/v2\/categories?post=151185"},{"taxonomy":"post_tag","embeddable":true,"href":"https:\/\/radioljubuski.ba\/index.php\/wp-json\/wp\/v2\/tags?post=151185"}],"curies":[{"name":"wp","href":"https:\/\/api.w.org\/{rel}","templated":true}]}}