{"id":151445,"date":"2022-06-21T07:58:37","date_gmt":"2022-06-21T06:58:37","guid":{"rendered":"https:\/\/radioljubuski.ba\/?p=151445"},"modified":"2022-06-21T07:58:39","modified_gmt":"2022-06-21T06:58:39","slug":"sesta-vecer-devetnice-srcu-isusovu-u-studencima","status":"publish","type":"post","link":"https:\/\/radioljubuski.ba\/index.php\/2022\/06\/21\/sesta-vecer-devetnice-srcu-isusovu-u-studencima\/","title":{"rendered":"\u0160esta ve\u010der Devetnice Srcu Isusovu u Studencima"},"content":{"rendered":"\n<p>I \u0161este ve\u010deri Devetnice Presvetom Srcu Isusovu vjerni\u010dki puk je ispunio dvori\u0161te Sveti\u0161ta u Studencima.<\/p>\n\n\n\n<p>Sve\u010dano misno slavlje predvodio je fra Goran Azinovi\u0107, kapelan iz \u010cutluka, u koncelebraciji trojice sve\u0107enika. Na po\u010detku svete Mise uz zahvalu \u0161to se uvijek spremno odaziva pozivu srda\u010dno i toplo ga je pozdravio \u017eupnik don Ivan Peri\u0107 koji mu se jo\u0161 jednom zahvalio na kraju svete Mise.<\/p>\n\n\n\n<p>U prigodnoj propovijedi fra Goran je poseban naglasak stavio na sveprisutne zavist i ljubomoru koje izjedaju dana\u0161njeg \u010dovjeka i uni\u0161tavaju\u0107e djeluju na vjernike.<\/p>\n\n\n\n<p>Zanimljivi su bili sino\u0107nji pjeva\u010di liturgijskih pjesama. Kako re\u010de \u017eupnik na kraju svete Mise \u201enjih desetak iz isto toliko \u017eupa, dru\u017ee se, piju kavu, pjevaju\u201c\u2026 Kad ih je pitao kako ih nazvati rekli su nakon kra\u0107eg razmi\u0161ljanja \u201ePrijatelji Srca Isusova\u201c.<\/p>\n\n\n\n<figure class=\"wp-block-gallery columns-3 is-cropped wp-block-gallery-1 is-layout-flex wp-block-gallery-is-layout-flex\"><ul class=\"blocks-gallery-grid\"><li class=\"blocks-gallery-item\"><figure><img loading=\"lazy\" decoding=\"async\" width=\"768\" height=\"898\" src=\"https:\/\/radioljubuski.ba\/wp-content\/uploads\/2022\/06\/DSC0004-1.jpg\" alt=\"\" data-id=\"151446\" data-full-url=\"https:\/\/radioljubuski.ba\/wp-content\/uploads\/2022\/06\/DSC0004-1.jpg\" data-link=\"https:\/\/radioljubuski.ba\/?attachment_id=151446\" class=\"wp-image-151446\" srcset=\"https:\/\/radioljubuski.ba\/wp-content\/uploads\/2022\/06\/DSC0004-1.jpg 768w, https:\/\/radioljubuski.ba\/wp-content\/uploads\/2022\/06\/DSC0004-1-257x300.jpg 257w, https:\/\/radioljubuski.ba\/wp-content\/uploads\/2022\/06\/DSC0004-1-10x12.jpg 10w\" sizes=\"auto, (max-width: 768px) 100vw, 768px\" \/><\/figure><\/li><li class=\"blocks-gallery-item\"><figure><img loading=\"lazy\" decoding=\"async\" width=\"1024\" height=\"683\" src=\"https:\/\/radioljubuski.ba\/wp-content\/uploads\/2022\/06\/DSC0006.jpg\" alt=\"\" data-id=\"151447\" data-full-url=\"https:\/\/radioljubuski.ba\/wp-content\/uploads\/2022\/06\/DSC0006.jpg\" data-link=\"https:\/\/radioljubuski.ba\/?attachment_id=151447\" class=\"wp-image-151447\" srcset=\"https:\/\/radioljubuski.ba\/wp-content\/uploads\/2022\/06\/DSC0006.jpg 1024w, https:\/\/radioljubuski.ba\/wp-content\/uploads\/2022\/06\/DSC0006-300x200.jpg 300w, https:\/\/radioljubuski.ba\/wp-content\/uploads\/2022\/06\/DSC0006-768x512.jpg 768w, https:\/\/radioljubuski.ba\/wp-content\/uploads\/2022\/06\/DSC0006-18x12.jpg 18w\" sizes=\"auto, (max-width: 1024px) 100vw, 1024px\" \/><\/figure><\/li><li class=\"blocks-gallery-item\"><figure><img loading=\"lazy\" decoding=\"async\" width=\"1024\" height=\"683\" src=\"https:\/\/radioljubuski.ba\/wp-content\/uploads\/2022\/06\/DSC0009-1.jpg\" alt=\"\" data-id=\"151448\" data-full-url=\"https:\/\/radioljubuski.ba\/wp-content\/uploads\/2022\/06\/DSC0009-1.jpg\" data-link=\"https:\/\/radioljubuski.ba\/?attachment_id=151448\" class=\"wp-image-151448\" srcset=\"https:\/\/radioljubuski.ba\/wp-content\/uploads\/2022\/06\/DSC0009-1.jpg 1024w, https:\/\/radioljubuski.ba\/wp-content\/uploads\/2022\/06\/DSC0009-1-300x200.jpg 300w, https:\/\/radioljubuski.ba\/wp-content\/uploads\/2022\/06\/DSC0009-1-768x512.jpg 768w, https:\/\/radioljubuski.ba\/wp-content\/uploads\/2022\/06\/DSC0009-1-18x12.jpg 18w\" sizes=\"auto, (max-width: 1024px) 100vw, 1024px\" \/><\/figure><\/li><li class=\"blocks-gallery-item\"><figure><img loading=\"lazy\" decoding=\"async\" width=\"1024\" height=\"683\" src=\"https:\/\/radioljubuski.ba\/wp-content\/uploads\/2022\/06\/DSC0012-1.jpg\" alt=\"\" data-id=\"151449\" data-full-url=\"https:\/\/radioljubuski.ba\/wp-content\/uploads\/2022\/06\/DSC0012-1.jpg\" data-link=\"https:\/\/radioljubuski.ba\/?attachment_id=151449\" class=\"wp-image-151449\" srcset=\"https:\/\/radioljubuski.ba\/wp-content\/uploads\/2022\/06\/DSC0012-1.jpg 1024w, https:\/\/radioljubuski.ba\/wp-content\/uploads\/2022\/06\/DSC0012-1-300x200.jpg 300w, https:\/\/radioljubuski.ba\/wp-content\/uploads\/2022\/06\/DSC0012-1-768x512.jpg 768w, https:\/\/radioljubuski.ba\/wp-content\/uploads\/2022\/06\/DSC0012-1-18x12.jpg 18w\" sizes=\"auto, (max-width: 1024px) 100vw, 1024px\" \/><\/figure><\/li><li class=\"blocks-gallery-item\"><figure><img loading=\"lazy\" decoding=\"async\" width=\"1024\" height=\"683\" src=\"https:\/\/radioljubuski.ba\/wp-content\/uploads\/2022\/06\/DSC0013-1.jpg\" alt=\"\" data-id=\"151450\" data-full-url=\"https:\/\/radioljubuski.ba\/wp-content\/uploads\/2022\/06\/DSC0013-1.jpg\" data-link=\"https:\/\/radioljubuski.ba\/?attachment_id=151450\" class=\"wp-image-151450\" srcset=\"https:\/\/radioljubuski.ba\/wp-content\/uploads\/2022\/06\/DSC0013-1.jpg 1024w, https:\/\/radioljubuski.ba\/wp-content\/uploads\/2022\/06\/DSC0013-1-300x200.jpg 300w, https:\/\/radioljubuski.ba\/wp-content\/uploads\/2022\/06\/DSC0013-1-768x512.jpg 768w, https:\/\/radioljubuski.ba\/wp-content\/uploads\/2022\/06\/DSC0013-1-18x12.jpg 18w\" sizes=\"auto, (max-width: 1024px) 100vw, 1024px\" \/><\/figure><\/li><li class=\"blocks-gallery-item\"><figure><img loading=\"lazy\" decoding=\"async\" width=\"1024\" height=\"683\" src=\"https:\/\/radioljubuski.ba\/wp-content\/uploads\/2022\/06\/DSC0018-1.jpg\" alt=\"\" data-id=\"151451\" data-full-url=\"https:\/\/radioljubuski.ba\/wp-content\/uploads\/2022\/06\/DSC0018-1.jpg\" data-link=\"https:\/\/radioljubuski.ba\/?attachment_id=151451\" class=\"wp-image-151451\" srcset=\"https:\/\/radioljubuski.ba\/wp-content\/uploads\/2022\/06\/DSC0018-1.jpg 1024w, https:\/\/radioljubuski.ba\/wp-content\/uploads\/2022\/06\/DSC0018-1-300x200.jpg 300w, https:\/\/radioljubuski.ba\/wp-content\/uploads\/2022\/06\/DSC0018-1-768x512.jpg 768w, https:\/\/radioljubuski.ba\/wp-content\/uploads\/2022\/06\/DSC0018-1-18x12.jpg 18w\" sizes=\"auto, (max-width: 1024px) 100vw, 1024px\" \/><\/figure><\/li><li class=\"blocks-gallery-item\"><figure><img loading=\"lazy\" decoding=\"async\" width=\"1024\" height=\"683\" src=\"https:\/\/radioljubuski.ba\/wp-content\/uploads\/2022\/06\/DSC0021-3.jpg\" alt=\"\" data-id=\"151452\" data-full-url=\"https:\/\/radioljubuski.ba\/wp-content\/uploads\/2022\/06\/DSC0021-3.jpg\" data-link=\"https:\/\/radioljubuski.ba\/?attachment_id=151452\" class=\"wp-image-151452\" srcset=\"https:\/\/radioljubuski.ba\/wp-content\/uploads\/2022\/06\/DSC0021-3.jpg 1024w, https:\/\/radioljubuski.ba\/wp-content\/uploads\/2022\/06\/DSC0021-3-300x200.jpg 300w, https:\/\/radioljubuski.ba\/wp-content\/uploads\/2022\/06\/DSC0021-3-768x512.jpg 768w, https:\/\/radioljubuski.ba\/wp-content\/uploads\/2022\/06\/DSC0021-3-18x12.jpg 18w\" sizes=\"auto, (max-width: 1024px) 100vw, 1024px\" \/><\/figure><\/li><li class=\"blocks-gallery-item\"><figure><img loading=\"lazy\" decoding=\"async\" width=\"1024\" height=\"683\" src=\"https:\/\/radioljubuski.ba\/wp-content\/uploads\/2022\/06\/DSC0023-2.jpg\" alt=\"\" data-id=\"151453\" data-full-url=\"https:\/\/radioljubuski.ba\/wp-content\/uploads\/2022\/06\/DSC0023-2.jpg\" data-link=\"https:\/\/radioljubuski.ba\/?attachment_id=151453\" class=\"wp-image-151453\" srcset=\"https:\/\/radioljubuski.ba\/wp-content\/uploads\/2022\/06\/DSC0023-2.jpg 1024w, https:\/\/radioljubuski.ba\/wp-content\/uploads\/2022\/06\/DSC0023-2-300x200.jpg 300w, https:\/\/radioljubuski.ba\/wp-content\/uploads\/2022\/06\/DSC0023-2-768x512.jpg 768w, https:\/\/radioljubuski.ba\/wp-content\/uploads\/2022\/06\/DSC0023-2-18x12.jpg 18w\" sizes=\"auto, (max-width: 1024px) 100vw, 1024px\" \/><\/figure><\/li><\/ul><\/figure>\n\n\n\n<p>mile kraljevi\u0107\/radio ljubu\u0161ki<\/p>\n","protected":false},"excerpt":{"rendered":"<p>I \u0161este ve\u010deri Devetnice Presvetom Srcu Isusovu vjerni\u010dki puk je ispunio dvori\u0161te Sveti\u0161ta u Studencima. Sve\u010dano misno slavlje predvodio je fra Goran Azinovi\u0107, kapelan iz \u010cutluka, u koncelebraciji trojice sve\u0107enika. Na po\u010detku svete Mise uz zahvalu \u0161to se uvijek spremno odaziva pozivu srda\u010dno i toplo ga je pozdravio \u017eupnik don Ivan Peri\u0107 koji mu se [&hellip;]<\/p>\n","protected":false},"author":2,"featured_media":151454,"comment_status":"closed","ping_status":"closed","sticky":false,"template":"","format":"standard","meta":{"h5ap_radio_sources":[],"footnotes":""},"categories":[3],"tags":[],"class_list":["post-151445","post","type-post","status-publish","format-standard","has-post-thumbnail","hentry","category-ljubuski"],"yoast_head":"<!-- This site is optimized with the Yoast SEO plugin v27.4 - https:\/\/yoast.com\/product\/yoast-seo-wordpress\/ -->\n<title>\u0160esta ve\u010der Devetnice Srcu Isusovu u Studencima - RADIO LJUBU\u0160KI<\/title>\n<meta name=\"robots\" content=\"index, follow, max-snippet:-1, max-image-preview:large, max-video-preview:-1\" \/>\n<link rel=\"canonical\" href=\"https:\/\/radioljubuski.ba\/index.php\/2022\/06\/21\/sesta-vecer-devetnice-srcu-isusovu-u-studencima\/\" \/>\n<meta property=\"og:locale\" content=\"hr_HR\" \/>\n<meta property=\"og:type\" content=\"article\" \/>\n<meta property=\"og:title\" content=\"\u0160esta ve\u010der Devetnice Srcu Isusovu u Studencima - RADIO LJUBU\u0160KI\" \/>\n<meta property=\"og:description\" content=\"I \u0161este ve\u010deri Devetnice Presvetom Srcu Isusovu vjerni\u010dki puk je ispunio dvori\u0161te Sveti\u0161ta u Studencima. Sve\u010dano misno slavlje predvodio je fra Goran Azinovi\u0107, kapelan iz \u010cutluka, u koncelebraciji trojice sve\u0107enika. Na po\u010detku svete Mise uz zahvalu \u0161to se uvijek spremno odaziva pozivu srda\u010dno i toplo ga je pozdravio \u017eupnik don Ivan Peri\u0107 koji mu se [&hellip;]\" \/>\n<meta property=\"og:url\" content=\"https:\/\/radioljubuski.ba\/index.php\/2022\/06\/21\/sesta-vecer-devetnice-srcu-isusovu-u-studencima\/\" \/>\n<meta property=\"og:site_name\" content=\"RADIO LJUBU\u0160KI\" \/>\n<meta property=\"article:publisher\" content=\"https:\/\/www.facebook.com\/Radiio-Ljubuski-1490835324566332\" \/>\n<meta property=\"article:published_time\" content=\"2022-06-21T06:58:37+00:00\" \/>\n<meta property=\"article:modified_time\" content=\"2022-06-21T06:58:39+00:00\" \/>\n<meta property=\"og:image\" content=\"https:\/\/radioljubuski.ba\/wp-content\/uploads\/2022\/06\/DSC0021-4.jpg\" \/>\n\t<meta property=\"og:image:width\" content=\"1024\" \/>\n\t<meta property=\"og:image:height\" content=\"683\" \/>\n\t<meta property=\"og:image:type\" content=\"image\/jpeg\" \/>\n<meta name=\"author\" content=\"Radio Ljubu\u0161ki\" \/>\n<meta name=\"twitter:card\" content=\"summary_large_image\" \/>\n<meta name=\"twitter:creator\" content=\"@radioljubuski\" \/>\n<meta name=\"twitter:site\" content=\"@radioljubuski\" \/>\n<meta name=\"twitter:label1\" content=\"Napisao\/la\" \/>\n\t<meta name=\"twitter:data1\" content=\"Radio Ljubu\u0161ki\" \/>\n\t<meta name=\"twitter:label2\" content=\"Procijenjeno vrijeme \u010ditanja\" \/>\n\t<meta name=\"twitter:data2\" content=\"3 minute\" \/>\n<script type=\"application\/ld+json\" class=\"yoast-schema-graph\">{\"@context\":\"https:\\\/\\\/schema.org\",\"@graph\":[{\"@type\":\"Article\",\"@id\":\"https:\\\/\\\/radioljubuski.ba\\\/index.php\\\/2022\\\/06\\\/21\\\/sesta-vecer-devetnice-srcu-isusovu-u-studencima\\\/#article\",\"isPartOf\":{\"@id\":\"https:\\\/\\\/radioljubuski.ba\\\/index.php\\\/2022\\\/06\\\/21\\\/sesta-vecer-devetnice-srcu-isusovu-u-studencima\\\/\"},\"author\":{\"name\":\"Radio Ljubu\u0161ki\",\"@id\":\"https:\\\/\\\/radioljubuski.ba\\\/#\\\/schema\\\/person\\\/19fc700381a780f69665d7956c469e3b\"},\"headline\":\"\u0160esta ve\u010der Devetnice Srcu Isusovu u Studencima\",\"datePublished\":\"2022-06-21T06:58:37+00:00\",\"dateModified\":\"2022-06-21T06:58:39+00:00\",\"mainEntityOfPage\":{\"@id\":\"https:\\\/\\\/radioljubuski.ba\\\/index.php\\\/2022\\\/06\\\/21\\\/sesta-vecer-devetnice-srcu-isusovu-u-studencima\\\/\"},\"wordCount\":155,\"publisher\":{\"@id\":\"https:\\\/\\\/radioljubuski.ba\\\/#organization\"},\"image\":{\"@id\":\"https:\\\/\\\/radioljubuski.ba\\\/index.php\\\/2022\\\/06\\\/21\\\/sesta-vecer-devetnice-srcu-isusovu-u-studencima\\\/#primaryimage\"},\"thumbnailUrl\":\"https:\\\/\\\/radioljubuski.ba\\\/wp-content\\\/uploads\\\/2022\\\/06\\\/DSC0021-4.jpg\",\"articleSection\":[\"Ljubu\u0161ki\"],\"inLanguage\":\"hr\"},{\"@type\":\"WebPage\",\"@id\":\"https:\\\/\\\/radioljubuski.ba\\\/index.php\\\/2022\\\/06\\\/21\\\/sesta-vecer-devetnice-srcu-isusovu-u-studencima\\\/\",\"url\":\"https:\\\/\\\/radioljubuski.ba\\\/index.php\\\/2022\\\/06\\\/21\\\/sesta-vecer-devetnice-srcu-isusovu-u-studencima\\\/\",\"name\":\"\u0160esta ve\u010der Devetnice Srcu Isusovu u Studencima - RADIO LJUBU\u0160KI\",\"isPartOf\":{\"@id\":\"https:\\\/\\\/radioljubuski.ba\\\/#website\"},\"primaryImageOfPage\":{\"@id\":\"https:\\\/\\\/radioljubuski.ba\\\/index.php\\\/2022\\\/06\\\/21\\\/sesta-vecer-devetnice-srcu-isusovu-u-studencima\\\/#primaryimage\"},\"image\":{\"@id\":\"https:\\\/\\\/radioljubuski.ba\\\/index.php\\\/2022\\\/06\\\/21\\\/sesta-vecer-devetnice-srcu-isusovu-u-studencima\\\/#primaryimage\"},\"thumbnailUrl\":\"https:\\\/\\\/radioljubuski.ba\\\/wp-content\\\/uploads\\\/2022\\\/06\\\/DSC0021-4.jpg\",\"datePublished\":\"2022-06-21T06:58:37+00:00\",\"dateModified\":\"2022-06-21T06:58:39+00:00\",\"breadcrumb\":{\"@id\":\"https:\\\/\\\/radioljubuski.ba\\\/index.php\\\/2022\\\/06\\\/21\\\/sesta-vecer-devetnice-srcu-isusovu-u-studencima\\\/#breadcrumb\"},\"inLanguage\":\"hr\",\"potentialAction\":[{\"@type\":\"ReadAction\",\"target\":[\"https:\\\/\\\/radioljubuski.ba\\\/index.php\\\/2022\\\/06\\\/21\\\/sesta-vecer-devetnice-srcu-isusovu-u-studencima\\\/\"]}]},{\"@type\":\"ImageObject\",\"inLanguage\":\"hr\",\"@id\":\"https:\\\/\\\/radioljubuski.ba\\\/index.php\\\/2022\\\/06\\\/21\\\/sesta-vecer-devetnice-srcu-isusovu-u-studencima\\\/#primaryimage\",\"url\":\"https:\\\/\\\/radioljubuski.ba\\\/wp-content\\\/uploads\\\/2022\\\/06\\\/DSC0021-4.jpg\",\"contentUrl\":\"https:\\\/\\\/radioljubuski.ba\\\/wp-content\\\/uploads\\\/2022\\\/06\\\/DSC0021-4.jpg\",\"width\":1024,\"height\":683},{\"@type\":\"BreadcrumbList\",\"@id\":\"https:\\\/\\\/radioljubuski.ba\\\/index.php\\\/2022\\\/06\\\/21\\\/sesta-vecer-devetnice-srcu-isusovu-u-studencima\\\/#breadcrumb\",\"itemListElement\":[{\"@type\":\"ListItem\",\"position\":1,\"name\":\"Po\u010detna stranica\",\"item\":\"https:\\\/\\\/radioljubuski.ba\\\/\"},{\"@type\":\"ListItem\",\"position\":2,\"name\":\"\u0160esta ve\u010der Devetnice Srcu Isusovu u Studencima\"}]},{\"@type\":\"WebSite\",\"@id\":\"https:\\\/\\\/radioljubuski.ba\\\/#website\",\"url\":\"https:\\\/\\\/radioljubuski.ba\\\/\",\"name\":\"Radio Ljubu\u0161ki\",\"description\":\"Sun\u010dana frekvencija Hercegovine\",\"publisher\":{\"@id\":\"https:\\\/\\\/radioljubuski.ba\\\/#organization\"},\"potentialAction\":[{\"@type\":\"SearchAction\",\"target\":{\"@type\":\"EntryPoint\",\"urlTemplate\":\"https:\\\/\\\/radioljubuski.ba\\\/?s={search_term_string}\"},\"query-input\":{\"@type\":\"PropertyValueSpecification\",\"valueRequired\":true,\"valueName\":\"search_term_string\"}}],\"inLanguage\":\"hr\"},{\"@type\":\"Organization\",\"@id\":\"https:\\\/\\\/radioljubuski.ba\\\/#organization\",\"name\":\"Radio Ljubu\u0161ki\",\"url\":\"https:\\\/\\\/radioljubuski.ba\\\/\",\"logo\":{\"@type\":\"ImageObject\",\"inLanguage\":\"hr\",\"@id\":\"https:\\\/\\\/radioljubuski.ba\\\/#\\\/schema\\\/logo\\\/image\\\/\",\"url\":\"https:\\\/\\\/radioljubuski.ba\\\/wp-content\\\/uploads\\\/2021\\\/02\\\/cropped-Radio_Ljubuski_logo1.jpg\",\"contentUrl\":\"https:\\\/\\\/radioljubuski.ba\\\/wp-content\\\/uploads\\\/2021\\\/02\\\/cropped-Radio_Ljubuski_logo1.jpg\",\"width\":512,\"height\":512,\"caption\":\"Radio Ljubu\u0161ki\"},\"image\":{\"@id\":\"https:\\\/\\\/radioljubuski.ba\\\/#\\\/schema\\\/logo\\\/image\\\/\"},\"sameAs\":[\"https:\\\/\\\/www.facebook.com\\\/Radiio-Ljubuski-1490835324566332\",\"https:\\\/\\\/x.com\\\/radioljubuski\",\"https:\\\/\\\/hr.linkedin.com\\\/company\\\/radio-ljubuski\",\"https:\\\/\\\/www.youtube.com\\\/channel\\\/UCHYaeO_n0Db3tjNGudGpXyw\"]},{\"@type\":\"Person\",\"@id\":\"https:\\\/\\\/radioljubuski.ba\\\/#\\\/schema\\\/person\\\/19fc700381a780f69665d7956c469e3b\",\"name\":\"Radio Ljubu\u0161ki\"}]}<\/script>\n<!-- \/ Yoast SEO plugin. -->","yoast_head_json":{"title":"\u0160esta ve\u010der Devetnice Srcu Isusovu u Studencima - RADIO LJUBU\u0160KI","robots":{"index":"index","follow":"follow","max-snippet":"max-snippet:-1","max-image-preview":"max-image-preview:large","max-video-preview":"max-video-preview:-1"},"canonical":"https:\/\/radioljubuski.ba\/index.php\/2022\/06\/21\/sesta-vecer-devetnice-srcu-isusovu-u-studencima\/","og_locale":"hr_HR","og_type":"article","og_title":"\u0160esta ve\u010der Devetnice Srcu Isusovu u Studencima - RADIO LJUBU\u0160KI","og_description":"I \u0161este ve\u010deri Devetnice Presvetom Srcu Isusovu vjerni\u010dki puk je ispunio dvori\u0161te Sveti\u0161ta u Studencima. Sve\u010dano misno slavlje predvodio je fra Goran Azinovi\u0107, kapelan iz \u010cutluka, u koncelebraciji trojice sve\u0107enika. Na po\u010detku svete Mise uz zahvalu \u0161to se uvijek spremno odaziva pozivu srda\u010dno i toplo ga je pozdravio \u017eupnik don Ivan Peri\u0107 koji mu se [&hellip;]","og_url":"https:\/\/radioljubuski.ba\/index.php\/2022\/06\/21\/sesta-vecer-devetnice-srcu-isusovu-u-studencima\/","og_site_name":"RADIO LJUBU\u0160KI","article_publisher":"https:\/\/www.facebook.com\/Radiio-Ljubuski-1490835324566332","article_published_time":"2022-06-21T06:58:37+00:00","article_modified_time":"2022-06-21T06:58:39+00:00","og_image":[{"width":1024,"height":683,"url":"https:\/\/radioljubuski.ba\/wp-content\/uploads\/2022\/06\/DSC0021-4.jpg","type":"image\/jpeg"}],"author":"Radio Ljubu\u0161ki","twitter_card":"summary_large_image","twitter_creator":"@radioljubuski","twitter_site":"@radioljubuski","twitter_misc":{"Napisao\/la":"Radio Ljubu\u0161ki","Procijenjeno vrijeme \u010ditanja":"3 minute"},"schema":{"@context":"https:\/\/schema.org","@graph":[{"@type":"Article","@id":"https:\/\/radioljubuski.ba\/index.php\/2022\/06\/21\/sesta-vecer-devetnice-srcu-isusovu-u-studencima\/#article","isPartOf":{"@id":"https:\/\/radioljubuski.ba\/index.php\/2022\/06\/21\/sesta-vecer-devetnice-srcu-isusovu-u-studencima\/"},"author":{"name":"Radio Ljubu\u0161ki","@id":"https:\/\/radioljubuski.ba\/#\/schema\/person\/19fc700381a780f69665d7956c469e3b"},"headline":"\u0160esta ve\u010der Devetnice Srcu Isusovu u Studencima","datePublished":"2022-06-21T06:58:37+00:00","dateModified":"2022-06-21T06:58:39+00:00","mainEntityOfPage":{"@id":"https:\/\/radioljubuski.ba\/index.php\/2022\/06\/21\/sesta-vecer-devetnice-srcu-isusovu-u-studencima\/"},"wordCount":155,"publisher":{"@id":"https:\/\/radioljubuski.ba\/#organization"},"image":{"@id":"https:\/\/radioljubuski.ba\/index.php\/2022\/06\/21\/sesta-vecer-devetnice-srcu-isusovu-u-studencima\/#primaryimage"},"thumbnailUrl":"https:\/\/radioljubuski.ba\/wp-content\/uploads\/2022\/06\/DSC0021-4.jpg","articleSection":["Ljubu\u0161ki"],"inLanguage":"hr"},{"@type":"WebPage","@id":"https:\/\/radioljubuski.ba\/index.php\/2022\/06\/21\/sesta-vecer-devetnice-srcu-isusovu-u-studencima\/","url":"https:\/\/radioljubuski.ba\/index.php\/2022\/06\/21\/sesta-vecer-devetnice-srcu-isusovu-u-studencima\/","name":"\u0160esta ve\u010der Devetnice Srcu Isusovu u Studencima - RADIO LJUBU\u0160KI","isPartOf":{"@id":"https:\/\/radioljubuski.ba\/#website"},"primaryImageOfPage":{"@id":"https:\/\/radioljubuski.ba\/index.php\/2022\/06\/21\/sesta-vecer-devetnice-srcu-isusovu-u-studencima\/#primaryimage"},"image":{"@id":"https:\/\/radioljubuski.ba\/index.php\/2022\/06\/21\/sesta-vecer-devetnice-srcu-isusovu-u-studencima\/#primaryimage"},"thumbnailUrl":"https:\/\/radioljubuski.ba\/wp-content\/uploads\/2022\/06\/DSC0021-4.jpg","datePublished":"2022-06-21T06:58:37+00:00","dateModified":"2022-06-21T06:58:39+00:00","breadcrumb":{"@id":"https:\/\/radioljubuski.ba\/index.php\/2022\/06\/21\/sesta-vecer-devetnice-srcu-isusovu-u-studencima\/#breadcrumb"},"inLanguage":"hr","potentialAction":[{"@type":"ReadAction","target":["https:\/\/radioljubuski.ba\/index.php\/2022\/06\/21\/sesta-vecer-devetnice-srcu-isusovu-u-studencima\/"]}]},{"@type":"ImageObject","inLanguage":"hr","@id":"https:\/\/radioljubuski.ba\/index.php\/2022\/06\/21\/sesta-vecer-devetnice-srcu-isusovu-u-studencima\/#primaryimage","url":"https:\/\/radioljubuski.ba\/wp-content\/uploads\/2022\/06\/DSC0021-4.jpg","contentUrl":"https:\/\/radioljubuski.ba\/wp-content\/uploads\/2022\/06\/DSC0021-4.jpg","width":1024,"height":683},{"@type":"BreadcrumbList","@id":"https:\/\/radioljubuski.ba\/index.php\/2022\/06\/21\/sesta-vecer-devetnice-srcu-isusovu-u-studencima\/#breadcrumb","itemListElement":[{"@type":"ListItem","position":1,"name":"Po\u010detna stranica","item":"https:\/\/radioljubuski.ba\/"},{"@type":"ListItem","position":2,"name":"\u0160esta ve\u010der Devetnice Srcu Isusovu u Studencima"}]},{"@type":"WebSite","@id":"https:\/\/radioljubuski.ba\/#website","url":"https:\/\/radioljubuski.ba\/","name":"Radio Ljubu\u0161ki","description":"Sun\u010dana frekvencija Hercegovine","publisher":{"@id":"https:\/\/radioljubuski.ba\/#organization"},"potentialAction":[{"@type":"SearchAction","target":{"@type":"EntryPoint","urlTemplate":"https:\/\/radioljubuski.ba\/?s={search_term_string}"},"query-input":{"@type":"PropertyValueSpecification","valueRequired":true,"valueName":"search_term_string"}}],"inLanguage":"hr"},{"@type":"Organization","@id":"https:\/\/radioljubuski.ba\/#organization","name":"Radio Ljubu\u0161ki","url":"https:\/\/radioljubuski.ba\/","logo":{"@type":"ImageObject","inLanguage":"hr","@id":"https:\/\/radioljubuski.ba\/#\/schema\/logo\/image\/","url":"https:\/\/radioljubuski.ba\/wp-content\/uploads\/2021\/02\/cropped-Radio_Ljubuski_logo1.jpg","contentUrl":"https:\/\/radioljubuski.ba\/wp-content\/uploads\/2021\/02\/cropped-Radio_Ljubuski_logo1.jpg","width":512,"height":512,"caption":"Radio Ljubu\u0161ki"},"image":{"@id":"https:\/\/radioljubuski.ba\/#\/schema\/logo\/image\/"},"sameAs":["https:\/\/www.facebook.com\/Radiio-Ljubuski-1490835324566332","https:\/\/x.com\/radioljubuski","https:\/\/hr.linkedin.com\/company\/radio-ljubuski","https:\/\/www.youtube.com\/channel\/UCHYaeO_n0Db3tjNGudGpXyw"]},{"@type":"Person","@id":"https:\/\/radioljubuski.ba\/#\/schema\/person\/19fc700381a780f69665d7956c469e3b","name":"Radio Ljubu\u0161ki"}]}},"_links":{"self":[{"href":"https:\/\/radioljubuski.ba\/index.php\/wp-json\/wp\/v2\/posts\/151445","targetHints":{"allow":["GET"]}}],"collection":[{"href":"https:\/\/radioljubuski.ba\/index.php\/wp-json\/wp\/v2\/posts"}],"about":[{"href":"https:\/\/radioljubuski.ba\/index.php\/wp-json\/wp\/v2\/types\/post"}],"author":[{"embeddable":true,"href":"https:\/\/radioljubuski.ba\/index.php\/wp-json\/wp\/v2\/users\/2"}],"replies":[{"embeddable":true,"href":"https:\/\/radioljubuski.ba\/index.php\/wp-json\/wp\/v2\/comments?post=151445"}],"version-history":[{"count":1,"href":"https:\/\/radioljubuski.ba\/index.php\/wp-json\/wp\/v2\/posts\/151445\/revisions"}],"predecessor-version":[{"id":151456,"href":"https:\/\/radioljubuski.ba\/index.php\/wp-json\/wp\/v2\/posts\/151445\/revisions\/151456"}],"wp:featuredmedia":[{"embeddable":true,"href":"https:\/\/radioljubuski.ba\/index.php\/wp-json\/wp\/v2\/media\/151454"}],"wp:attachment":[{"href":"https:\/\/radioljubuski.ba\/index.php\/wp-json\/wp\/v2\/media?parent=151445"}],"wp:term":[{"taxonomy":"category","embeddable":true,"href":"https:\/\/radioljubuski.ba\/index.php\/wp-json\/wp\/v2\/categories?post=151445"},{"taxonomy":"post_tag","embeddable":true,"href":"https:\/\/radioljubuski.ba\/index.php\/wp-json\/wp\/v2\/tags?post=151445"}],"curies":[{"name":"wp","href":"https:\/\/api.w.org\/{rel}","templated":true}]}}