{"id":15147,"date":"2021-04-21T21:13:58","date_gmt":"2021-04-21T20:13:58","guid":{"rendered":"https:\/\/radioljubuski.ba\/?p=15147"},"modified":"2021-04-21T21:13:59","modified_gmt":"2021-04-21T20:13:59","slug":"uefa-objavila-suce-za-euro-na-listi-argentinac-i-zena","status":"publish","type":"post","link":"https:\/\/radioljubuski.ba\/index.php\/2021\/04\/21\/uefa-objavila-suce-za-euro-na-listi-argentinac-i-zena\/","title":{"rendered":"UEFA objavila suce za EURO, na listi Argentinac i \u017eena"},"content":{"rendered":"\n<p><strong>Europska nogometna federacija (UEFA) objavila je imena 18 europskih sudaca i jednog argentinskog koji \u0107e voditi utakmice skora\u0161njeg Europskog prvenstva koje \u0107e se odr\u017eati od 11. lipnja do 11. srpnja u 12 europskih dr\u017eava.<\/strong><\/p>\n\n\n\n<p>Na\u017ealost, niti ovoga puta me\u0111u sucima nema niti jednog hrvatskog predstavnika.<br><br>UEFA je objavila i kako \u0107e u sklopu sporazuma o suradnji izme\u0111u krovne nogometne organizacije &#8220;Starog kontinenta&#8221; i Ju\u017enoameri\u010dke nogometne konfederacije (CONMEBOL), prvi put europskoj skupini sudaca pridru\u017eiti i jedan ju\u017enoameri\u010dki sudac, dok \u0107e jedan europski sudac putovati u Ju\u017enu Ameriku.<br><br>Argentinski sudac&nbsp;<strong>Fernando Rapallini<\/strong>&nbsp;i njegovi pomo\u0107nici pridru\u017eit \u0107e se odabranim europskim sucima za EURO 2020, dok \u0107e \u0161panjolski suda\u010dki tim predvo\u0111en&nbsp;<strong>Jesusom Gil Manzanom<\/strong>&nbsp;biti dio odabranih sudaca za Copa America 2021 u Argentini i Kolumbiji.<br><br>&#8211; Razmjena sudaca s CONMEBOL-om za na\u0161a dva vode\u0107a turnira obogatit \u0107e oba natjecanja i pobolj\u0161ati iskustvo vrhunskih sudaca, rekao je predsjednik UEFA-e&nbsp;<strong>Aleksander \u010ceferin<\/strong>.<br><br>&#8211; Europa i Ju\u017ena Amerika imaju toliko nogometne kvalitete i tradicije, uklju\u010duju\u0107i i su\u0111enje. Ova je razmjena dio na\u0161eg programa suradnje, koji \u0107e nam pomo\u0107i pobolj\u0161ati na\u0161a natjecanja, dodao je.<br><br>Tako\u0111er, po prvi puta, na EP-u \u0107e sudjelovati i jedna sutkinja. Francuskinja&nbsp;<strong>Stephanie Frappart<\/strong>, koja je ove sezone sudila na nekoliko utakmica u UEFA-inim natjecanjima mu\u0161kih klubova i reprezentacija, na EURO-u \u0107e biti \u010detvrta sutkinja.<br><br>Francuskinja je u o\u017eujku postala prva \u017eena koja je sudila kvalfikacijsku utakmicu za svjetsko prvenstvo i to u pobjedi Nizozemske 2-0 nad Latvijom u Amsterdamu.<br><br>U prosincu pro\u0161le godine Frappart je postala prva \u017eena koja je sudila utakmicu Lige prvaka i to u susretu izme\u0111u Juventusa i kijevskog Dinama u kojem je u grupnoj fazi sa 3-0 slavio klub iz Torina. Tako\u0111er je sudila utakmicu Superkupa izme\u0111u Liverpoola i Chelsea 2019. i finale svjetskog prvenstva za nogometa\u0161ice izme\u0111u SAD-a i Nizozemske iste godine.<\/p>\n\n\n\n<p><strong>SUCI:<\/strong><strong><br><br><\/strong>Felix Brych (Njema\u010dka)<\/p>\n\n\n\n<p>C\u00fcneyt Cakr (Turska)<\/p>\n\n\n\n<p>Carlos Del Cerro Grande (\u0160panjolska)<\/p>\n\n\n\n<p>Andreas Ekberg (\u0160vedska)<\/p>\n\n\n\n<p>Orel Grinfeeld (Izrael)<\/p>\n\n\n\n<p>Ovidiu Alin Hategan (Rumunjska)<\/p>\n\n\n\n<p>Sergei Karasev (Rusija)<\/p>\n\n\n\n<p>Istvan Kovacs (Rumunjska)<\/p>\n\n\n\n<p>Bjorn Kuipers (Nizozemska)<\/p>\n\n\n\n<p>Danny Makkelie (Nizozemska)<\/p>\n\n\n\n<p>Antonio Miguel Mateu Lahoz (\u0160panjolska)<\/p>\n\n\n\n<p>Michael Oliver (Engleska)<\/p>\n\n\n\n<p>Daniele Orsato (Italija)<\/p>\n\n\n\n<p>Artur Manuel Ribeiro Soares Dias (Portugal)<\/p>\n\n\n\n<p>Daniel Siebert (Njema\u010dka)<\/p>\n\n\n\n<p>Anthony Taylor (Engleska)<\/p>\n\n\n\n<p>Clement Turpin (Francuska)<\/p>\n\n\n\n<p>Slavko Vin\u010di\u0107 (Slovenija)<\/p>\n\n\n\n<p>Fernando Rapallini (Argentina)<\/p>\n\n\n\n<p>Izvor:hrt.hr<\/p>\n","protected":false},"excerpt":{"rendered":"<p>Europska nogometna federacija (UEFA) objavila je imena 18 europskih sudaca i jednog argentinskog koji \u0107e voditi utakmice skora\u0161njeg Europskog prvenstva koje \u0107e se odr\u017eati od 11. lipnja do 11. srpnja u 12 europskih dr\u017eava. Na\u017ealost, niti ovoga puta me\u0111u sucima nema niti jednog hrvatskog predstavnika. UEFA je objavila i kako \u0107e u sklopu sporazuma o [&hellip;]<\/p>\n","protected":false},"author":2,"featured_media":15148,"comment_status":"closed","ping_status":"closed","sticky":false,"template":"","format":"standard","meta":{"h5ap_radio_sources":[],"footnotes":""},"categories":[1],"tags":[],"class_list":["post-15147","post","type-post","status-publish","format-standard","has-post-thumbnail","hentry","category-bihiregija"],"yoast_head":"<!-- This site is optimized with the Yoast SEO plugin v27.5 - https:\/\/yoast.com\/product\/yoast-seo-wordpress\/ -->\n<title>UEFA objavila suce za EURO, na listi Argentinac i \u017eena - RADIO LJUBU\u0160KI<\/title>\n<meta name=\"robots\" content=\"index, follow, max-snippet:-1, max-image-preview:large, max-video-preview:-1\" \/>\n<link rel=\"canonical\" href=\"https:\/\/radioljubuski.ba\/index.php\/2021\/04\/21\/uefa-objavila-suce-za-euro-na-listi-argentinac-i-zena\/\" \/>\n<meta property=\"og:locale\" content=\"hr_HR\" \/>\n<meta property=\"og:type\" content=\"article\" \/>\n<meta property=\"og:title\" content=\"UEFA objavila suce za EURO, na listi Argentinac i \u017eena - RADIO LJUBU\u0160KI\" \/>\n<meta property=\"og:description\" content=\"Europska nogometna federacija (UEFA) objavila je imena 18 europskih sudaca i jednog argentinskog koji \u0107e voditi utakmice skora\u0161njeg Europskog prvenstva koje \u0107e se odr\u017eati od 11. lipnja do 11. srpnja u 12 europskih dr\u017eava. Na\u017ealost, niti ovoga puta me\u0111u sucima nema niti jednog hrvatskog predstavnika. UEFA je objavila i kako \u0107e u sklopu sporazuma o [&hellip;]\" \/>\n<meta property=\"og:url\" content=\"https:\/\/radioljubuski.ba\/index.php\/2021\/04\/21\/uefa-objavila-suce-za-euro-na-listi-argentinac-i-zena\/\" \/>\n<meta property=\"og:site_name\" content=\"RADIO LJUBU\u0160KI\" \/>\n<meta property=\"article:publisher\" content=\"https:\/\/www.facebook.com\/Radiio-Ljubuski-1490835324566332\" \/>\n<meta property=\"article:published_time\" content=\"2021-04-21T20:13:58+00:00\" \/>\n<meta property=\"article:modified_time\" content=\"2021-04-21T20:13:59+00:00\" \/>\n<meta property=\"og:image\" content=\"https:\/\/radioljubuski.ba\/wp-content\/uploads\/2021\/04\/zz-1.png\" \/>\n\t<meta property=\"og:image:width\" content=\"645\" \/>\n\t<meta property=\"og:image:height\" content=\"363\" \/>\n\t<meta property=\"og:image:type\" content=\"image\/png\" \/>\n<meta name=\"author\" content=\"Radio Ljubu\u0161ki\" \/>\n<meta name=\"twitter:card\" content=\"summary_large_image\" \/>\n<meta name=\"twitter:creator\" content=\"@radioljubuski\" \/>\n<meta name=\"twitter:site\" content=\"@radioljubuski\" \/>\n<meta name=\"twitter:label1\" content=\"Napisao\/la\" \/>\n\t<meta name=\"twitter:data1\" content=\"Radio Ljubu\u0161ki\" \/>\n\t<meta name=\"twitter:label2\" content=\"Procijenjeno vrijeme \u010ditanja\" \/>\n\t<meta name=\"twitter:data2\" content=\"2 minute\" \/>\n<script type=\"application\/ld+json\" class=\"yoast-schema-graph\">{\"@context\":\"https:\\\/\\\/schema.org\",\"@graph\":[{\"@type\":\"Article\",\"@id\":\"https:\\\/\\\/radioljubuski.ba\\\/index.php\\\/2021\\\/04\\\/21\\\/uefa-objavila-suce-za-euro-na-listi-argentinac-i-zena\\\/#article\",\"isPartOf\":{\"@id\":\"https:\\\/\\\/radioljubuski.ba\\\/index.php\\\/2021\\\/04\\\/21\\\/uefa-objavila-suce-za-euro-na-listi-argentinac-i-zena\\\/\"},\"author\":{\"name\":\"Radio Ljubu\u0161ki\",\"@id\":\"https:\\\/\\\/radioljubuski.ba\\\/#\\\/schema\\\/person\\\/19fc700381a780f69665d7956c469e3b\"},\"headline\":\"UEFA objavila suce za EURO, na listi Argentinac i \u017eena\",\"datePublished\":\"2021-04-21T20:13:58+00:00\",\"dateModified\":\"2021-04-21T20:13:59+00:00\",\"mainEntityOfPage\":{\"@id\":\"https:\\\/\\\/radioljubuski.ba\\\/index.php\\\/2021\\\/04\\\/21\\\/uefa-objavila-suce-za-euro-na-listi-argentinac-i-zena\\\/\"},\"wordCount\":414,\"publisher\":{\"@id\":\"https:\\\/\\\/radioljubuski.ba\\\/#organization\"},\"image\":{\"@id\":\"https:\\\/\\\/radioljubuski.ba\\\/index.php\\\/2021\\\/04\\\/21\\\/uefa-objavila-suce-za-euro-na-listi-argentinac-i-zena\\\/#primaryimage\"},\"thumbnailUrl\":\"https:\\\/\\\/radioljubuski.ba\\\/wp-content\\\/uploads\\\/2021\\\/04\\\/zz-1.png\",\"articleSection\":[\"BIH i regija\"],\"inLanguage\":\"hr\"},{\"@type\":\"WebPage\",\"@id\":\"https:\\\/\\\/radioljubuski.ba\\\/index.php\\\/2021\\\/04\\\/21\\\/uefa-objavila-suce-za-euro-na-listi-argentinac-i-zena\\\/\",\"url\":\"https:\\\/\\\/radioljubuski.ba\\\/index.php\\\/2021\\\/04\\\/21\\\/uefa-objavila-suce-za-euro-na-listi-argentinac-i-zena\\\/\",\"name\":\"UEFA objavila suce za EURO, na listi Argentinac i \u017eena - RADIO LJUBU\u0160KI\",\"isPartOf\":{\"@id\":\"https:\\\/\\\/radioljubuski.ba\\\/#website\"},\"primaryImageOfPage\":{\"@id\":\"https:\\\/\\\/radioljubuski.ba\\\/index.php\\\/2021\\\/04\\\/21\\\/uefa-objavila-suce-za-euro-na-listi-argentinac-i-zena\\\/#primaryimage\"},\"image\":{\"@id\":\"https:\\\/\\\/radioljubuski.ba\\\/index.php\\\/2021\\\/04\\\/21\\\/uefa-objavila-suce-za-euro-na-listi-argentinac-i-zena\\\/#primaryimage\"},\"thumbnailUrl\":\"https:\\\/\\\/radioljubuski.ba\\\/wp-content\\\/uploads\\\/2021\\\/04\\\/zz-1.png\",\"datePublished\":\"2021-04-21T20:13:58+00:00\",\"dateModified\":\"2021-04-21T20:13:59+00:00\",\"breadcrumb\":{\"@id\":\"https:\\\/\\\/radioljubuski.ba\\\/index.php\\\/2021\\\/04\\\/21\\\/uefa-objavila-suce-za-euro-na-listi-argentinac-i-zena\\\/#breadcrumb\"},\"inLanguage\":\"hr\",\"potentialAction\":[{\"@type\":\"ReadAction\",\"target\":[\"https:\\\/\\\/radioljubuski.ba\\\/index.php\\\/2021\\\/04\\\/21\\\/uefa-objavila-suce-za-euro-na-listi-argentinac-i-zena\\\/\"]}]},{\"@type\":\"ImageObject\",\"inLanguage\":\"hr\",\"@id\":\"https:\\\/\\\/radioljubuski.ba\\\/index.php\\\/2021\\\/04\\\/21\\\/uefa-objavila-suce-za-euro-na-listi-argentinac-i-zena\\\/#primaryimage\",\"url\":\"https:\\\/\\\/radioljubuski.ba\\\/wp-content\\\/uploads\\\/2021\\\/04\\\/zz-1.png\",\"contentUrl\":\"https:\\\/\\\/radioljubuski.ba\\\/wp-content\\\/uploads\\\/2021\\\/04\\\/zz-1.png\",\"width\":645,\"height\":363},{\"@type\":\"BreadcrumbList\",\"@id\":\"https:\\\/\\\/radioljubuski.ba\\\/index.php\\\/2021\\\/04\\\/21\\\/uefa-objavila-suce-za-euro-na-listi-argentinac-i-zena\\\/#breadcrumb\",\"itemListElement\":[{\"@type\":\"ListItem\",\"position\":1,\"name\":\"Po\u010detna stranica\",\"item\":\"https:\\\/\\\/radioljubuski.ba\\\/\"},{\"@type\":\"ListItem\",\"position\":2,\"name\":\"UEFA objavila suce za EURO, na listi Argentinac i \u017eena\"}]},{\"@type\":\"WebSite\",\"@id\":\"https:\\\/\\\/radioljubuski.ba\\\/#website\",\"url\":\"https:\\\/\\\/radioljubuski.ba\\\/\",\"name\":\"Radio Ljubu\u0161ki\",\"description\":\"Sun\u010dana frekvencija Hercegovine\",\"publisher\":{\"@id\":\"https:\\\/\\\/radioljubuski.ba\\\/#organization\"},\"potentialAction\":[{\"@type\":\"SearchAction\",\"target\":{\"@type\":\"EntryPoint\",\"urlTemplate\":\"https:\\\/\\\/radioljubuski.ba\\\/?s={search_term_string}\"},\"query-input\":{\"@type\":\"PropertyValueSpecification\",\"valueRequired\":true,\"valueName\":\"search_term_string\"}}],\"inLanguage\":\"hr\"},{\"@type\":\"Organization\",\"@id\":\"https:\\\/\\\/radioljubuski.ba\\\/#organization\",\"name\":\"Radio Ljubu\u0161ki\",\"url\":\"https:\\\/\\\/radioljubuski.ba\\\/\",\"logo\":{\"@type\":\"ImageObject\",\"inLanguage\":\"hr\",\"@id\":\"https:\\\/\\\/radioljubuski.ba\\\/#\\\/schema\\\/logo\\\/image\\\/\",\"url\":\"https:\\\/\\\/radioljubuski.ba\\\/wp-content\\\/uploads\\\/2021\\\/02\\\/cropped-Radio_Ljubuski_logo1.jpg\",\"contentUrl\":\"https:\\\/\\\/radioljubuski.ba\\\/wp-content\\\/uploads\\\/2021\\\/02\\\/cropped-Radio_Ljubuski_logo1.jpg\",\"width\":512,\"height\":512,\"caption\":\"Radio Ljubu\u0161ki\"},\"image\":{\"@id\":\"https:\\\/\\\/radioljubuski.ba\\\/#\\\/schema\\\/logo\\\/image\\\/\"},\"sameAs\":[\"https:\\\/\\\/www.facebook.com\\\/Radiio-Ljubuski-1490835324566332\",\"https:\\\/\\\/x.com\\\/radioljubuski\",\"https:\\\/\\\/hr.linkedin.com\\\/company\\\/radio-ljubuski\",\"https:\\\/\\\/www.youtube.com\\\/channel\\\/UCHYaeO_n0Db3tjNGudGpXyw\"]},{\"@type\":\"Person\",\"@id\":\"https:\\\/\\\/radioljubuski.ba\\\/#\\\/schema\\\/person\\\/19fc700381a780f69665d7956c469e3b\",\"name\":\"Radio Ljubu\u0161ki\"}]}<\/script>\n<!-- \/ Yoast SEO plugin. -->","yoast_head_json":{"title":"UEFA objavila suce za EURO, na listi Argentinac i \u017eena - RADIO LJUBU\u0160KI","robots":{"index":"index","follow":"follow","max-snippet":"max-snippet:-1","max-image-preview":"max-image-preview:large","max-video-preview":"max-video-preview:-1"},"canonical":"https:\/\/radioljubuski.ba\/index.php\/2021\/04\/21\/uefa-objavila-suce-za-euro-na-listi-argentinac-i-zena\/","og_locale":"hr_HR","og_type":"article","og_title":"UEFA objavila suce za EURO, na listi Argentinac i \u017eena - RADIO LJUBU\u0160KI","og_description":"Europska nogometna federacija (UEFA) objavila je imena 18 europskih sudaca i jednog argentinskog koji \u0107e voditi utakmice skora\u0161njeg Europskog prvenstva koje \u0107e se odr\u017eati od 11. lipnja do 11. srpnja u 12 europskih dr\u017eava. Na\u017ealost, niti ovoga puta me\u0111u sucima nema niti jednog hrvatskog predstavnika. UEFA je objavila i kako \u0107e u sklopu sporazuma o [&hellip;]","og_url":"https:\/\/radioljubuski.ba\/index.php\/2021\/04\/21\/uefa-objavila-suce-za-euro-na-listi-argentinac-i-zena\/","og_site_name":"RADIO LJUBU\u0160KI","article_publisher":"https:\/\/www.facebook.com\/Radiio-Ljubuski-1490835324566332","article_published_time":"2021-04-21T20:13:58+00:00","article_modified_time":"2021-04-21T20:13:59+00:00","og_image":[{"width":645,"height":363,"url":"https:\/\/radioljubuski.ba\/wp-content\/uploads\/2021\/04\/zz-1.png","type":"image\/png"}],"author":"Radio Ljubu\u0161ki","twitter_card":"summary_large_image","twitter_creator":"@radioljubuski","twitter_site":"@radioljubuski","twitter_misc":{"Napisao\/la":"Radio Ljubu\u0161ki","Procijenjeno vrijeme \u010ditanja":"2 minute"},"schema":{"@context":"https:\/\/schema.org","@graph":[{"@type":"Article","@id":"https:\/\/radioljubuski.ba\/index.php\/2021\/04\/21\/uefa-objavila-suce-za-euro-na-listi-argentinac-i-zena\/#article","isPartOf":{"@id":"https:\/\/radioljubuski.ba\/index.php\/2021\/04\/21\/uefa-objavila-suce-za-euro-na-listi-argentinac-i-zena\/"},"author":{"name":"Radio Ljubu\u0161ki","@id":"https:\/\/radioljubuski.ba\/#\/schema\/person\/19fc700381a780f69665d7956c469e3b"},"headline":"UEFA objavila suce za EURO, na listi Argentinac i \u017eena","datePublished":"2021-04-21T20:13:58+00:00","dateModified":"2021-04-21T20:13:59+00:00","mainEntityOfPage":{"@id":"https:\/\/radioljubuski.ba\/index.php\/2021\/04\/21\/uefa-objavila-suce-za-euro-na-listi-argentinac-i-zena\/"},"wordCount":414,"publisher":{"@id":"https:\/\/radioljubuski.ba\/#organization"},"image":{"@id":"https:\/\/radioljubuski.ba\/index.php\/2021\/04\/21\/uefa-objavila-suce-za-euro-na-listi-argentinac-i-zena\/#primaryimage"},"thumbnailUrl":"https:\/\/radioljubuski.ba\/wp-content\/uploads\/2021\/04\/zz-1.png","articleSection":["BIH i regija"],"inLanguage":"hr"},{"@type":"WebPage","@id":"https:\/\/radioljubuski.ba\/index.php\/2021\/04\/21\/uefa-objavila-suce-za-euro-na-listi-argentinac-i-zena\/","url":"https:\/\/radioljubuski.ba\/index.php\/2021\/04\/21\/uefa-objavila-suce-za-euro-na-listi-argentinac-i-zena\/","name":"UEFA objavila suce za EURO, na listi Argentinac i \u017eena - RADIO LJUBU\u0160KI","isPartOf":{"@id":"https:\/\/radioljubuski.ba\/#website"},"primaryImageOfPage":{"@id":"https:\/\/radioljubuski.ba\/index.php\/2021\/04\/21\/uefa-objavila-suce-za-euro-na-listi-argentinac-i-zena\/#primaryimage"},"image":{"@id":"https:\/\/radioljubuski.ba\/index.php\/2021\/04\/21\/uefa-objavila-suce-za-euro-na-listi-argentinac-i-zena\/#primaryimage"},"thumbnailUrl":"https:\/\/radioljubuski.ba\/wp-content\/uploads\/2021\/04\/zz-1.png","datePublished":"2021-04-21T20:13:58+00:00","dateModified":"2021-04-21T20:13:59+00:00","breadcrumb":{"@id":"https:\/\/radioljubuski.ba\/index.php\/2021\/04\/21\/uefa-objavila-suce-za-euro-na-listi-argentinac-i-zena\/#breadcrumb"},"inLanguage":"hr","potentialAction":[{"@type":"ReadAction","target":["https:\/\/radioljubuski.ba\/index.php\/2021\/04\/21\/uefa-objavila-suce-za-euro-na-listi-argentinac-i-zena\/"]}]},{"@type":"ImageObject","inLanguage":"hr","@id":"https:\/\/radioljubuski.ba\/index.php\/2021\/04\/21\/uefa-objavila-suce-za-euro-na-listi-argentinac-i-zena\/#primaryimage","url":"https:\/\/radioljubuski.ba\/wp-content\/uploads\/2021\/04\/zz-1.png","contentUrl":"https:\/\/radioljubuski.ba\/wp-content\/uploads\/2021\/04\/zz-1.png","width":645,"height":363},{"@type":"BreadcrumbList","@id":"https:\/\/radioljubuski.ba\/index.php\/2021\/04\/21\/uefa-objavila-suce-za-euro-na-listi-argentinac-i-zena\/#breadcrumb","itemListElement":[{"@type":"ListItem","position":1,"name":"Po\u010detna stranica","item":"https:\/\/radioljubuski.ba\/"},{"@type":"ListItem","position":2,"name":"UEFA objavila suce za EURO, na listi Argentinac i \u017eena"}]},{"@type":"WebSite","@id":"https:\/\/radioljubuski.ba\/#website","url":"https:\/\/radioljubuski.ba\/","name":"Radio Ljubu\u0161ki","description":"Sun\u010dana frekvencija Hercegovine","publisher":{"@id":"https:\/\/radioljubuski.ba\/#organization"},"potentialAction":[{"@type":"SearchAction","target":{"@type":"EntryPoint","urlTemplate":"https:\/\/radioljubuski.ba\/?s={search_term_string}"},"query-input":{"@type":"PropertyValueSpecification","valueRequired":true,"valueName":"search_term_string"}}],"inLanguage":"hr"},{"@type":"Organization","@id":"https:\/\/radioljubuski.ba\/#organization","name":"Radio Ljubu\u0161ki","url":"https:\/\/radioljubuski.ba\/","logo":{"@type":"ImageObject","inLanguage":"hr","@id":"https:\/\/radioljubuski.ba\/#\/schema\/logo\/image\/","url":"https:\/\/radioljubuski.ba\/wp-content\/uploads\/2021\/02\/cropped-Radio_Ljubuski_logo1.jpg","contentUrl":"https:\/\/radioljubuski.ba\/wp-content\/uploads\/2021\/02\/cropped-Radio_Ljubuski_logo1.jpg","width":512,"height":512,"caption":"Radio Ljubu\u0161ki"},"image":{"@id":"https:\/\/radioljubuski.ba\/#\/schema\/logo\/image\/"},"sameAs":["https:\/\/www.facebook.com\/Radiio-Ljubuski-1490835324566332","https:\/\/x.com\/radioljubuski","https:\/\/hr.linkedin.com\/company\/radio-ljubuski","https:\/\/www.youtube.com\/channel\/UCHYaeO_n0Db3tjNGudGpXyw"]},{"@type":"Person","@id":"https:\/\/radioljubuski.ba\/#\/schema\/person\/19fc700381a780f69665d7956c469e3b","name":"Radio Ljubu\u0161ki"}]}},"_links":{"self":[{"href":"https:\/\/radioljubuski.ba\/index.php\/wp-json\/wp\/v2\/posts\/15147","targetHints":{"allow":["GET"]}}],"collection":[{"href":"https:\/\/radioljubuski.ba\/index.php\/wp-json\/wp\/v2\/posts"}],"about":[{"href":"https:\/\/radioljubuski.ba\/index.php\/wp-json\/wp\/v2\/types\/post"}],"author":[{"embeddable":true,"href":"https:\/\/radioljubuski.ba\/index.php\/wp-json\/wp\/v2\/users\/2"}],"replies":[{"embeddable":true,"href":"https:\/\/radioljubuski.ba\/index.php\/wp-json\/wp\/v2\/comments?post=15147"}],"version-history":[{"count":1,"href":"https:\/\/radioljubuski.ba\/index.php\/wp-json\/wp\/v2\/posts\/15147\/revisions"}],"predecessor-version":[{"id":15149,"href":"https:\/\/radioljubuski.ba\/index.php\/wp-json\/wp\/v2\/posts\/15147\/revisions\/15149"}],"wp:featuredmedia":[{"embeddable":true,"href":"https:\/\/radioljubuski.ba\/index.php\/wp-json\/wp\/v2\/media\/15148"}],"wp:attachment":[{"href":"https:\/\/radioljubuski.ba\/index.php\/wp-json\/wp\/v2\/media?parent=15147"}],"wp:term":[{"taxonomy":"category","embeddable":true,"href":"https:\/\/radioljubuski.ba\/index.php\/wp-json\/wp\/v2\/categories?post=15147"},{"taxonomy":"post_tag","embeddable":true,"href":"https:\/\/radioljubuski.ba\/index.php\/wp-json\/wp\/v2\/tags?post=15147"}],"curies":[{"name":"wp","href":"https:\/\/api.w.org\/{rel}","templated":true}]}}