{"id":151778,"date":"2022-06-21T18:27:40","date_gmt":"2022-06-21T17:27:40","guid":{"rendered":"https:\/\/radioljubuski.ba\/?p=151778"},"modified":"2022-06-21T18:27:41","modified_gmt":"2022-06-21T17:27:41","slug":"tradicija-na-humcu-bracne-zavjete-obnovilo-25-parova","status":"publish","type":"post","link":"https:\/\/radioljubuski.ba\/index.php\/2022\/06\/21\/tradicija-na-humcu-bracne-zavjete-obnovilo-25-parova\/","title":{"rendered":"Tradicija na Humcu: bra\u010dne zavjete obnovilo 25 parova"},"content":{"rendered":"\n<p>Nastavlja se lijepa tradicija u ljubu\u0161koj \u017eupi Humac, koja se prakticira ve\u0107 nekoliko posljednjih godina \u2013 naime, prve nedjelje nakon svetkovine svetoga Ante zajedni\u010dki se proslavljaju bra\u010dne obljetnice. <\/p>\n\n\n\n<p>Tako je bilo i ju\u010der, huma\u010dka \u017eupna crkva bila je ispunjena, a sve\u010dano nedjeljno misno slavlje u znaku braka, bra\u010dnih parova i bra\u010dnoga \u017eivota. Svetu misu predvodio je fra Ljubo Kurtovi\u0107, \u017eupnik \u017eupe Humac, a svoj bra\u010dni jubilej proslavilo je 25 bra\u010dnih parova. <\/p>\n\n\n\n<p>Parovi su razli\u010dite \u017eivotne dobi i razli\u010dita bra\u010dnoga sta\u017ea i iskustva: 20. obljetnicu proslavio je jedan bra\u010dni par, i to Bruno Grizelj i Bla\u017eenka r. Bari\u0161i\u0107; 25. obljetnicu sedam bra\u010dnih parova &#8211; Dario Mikuli\u0107 i Dra\u017eenka r. Boto, Robert Jelavi\u0107 i Marijana r. Pulji\u0107, Ivan \u0160krobo i Matija r. Marki\u0107, Nikola-Robert \u0106u\u017ee i An\u0111elka r. Bi\u0161ko, Slaven Muci\u0107 i Mirela r. Zlopa\u0161a, Zoran Milo\u0161 i Mirela r. Ravli\u0107, Markan Knezovi\u0107 i Slavica r. Marki\u0107; 30. obljetnicu jedan par &#8211; Jo\u0161ko Bebi\u0107 i Danijela r. Sablji\u0107.<\/p>\n\n\n\n<p><br>Sedam parova proslavilo je 40. obljetnicu &#8211; Ante Boban i Marica r. Petkovi\u0107, Milan Skoko i Verka r. Landeka, Vasilj \u017derebni i Veronika r. Markovi\u0107, Jozo Mihaljevi\u0107 i Gordana r. Vegar, Cmiljan Tomi\u0107 i Marica r. Bo\u017ei\u0107, Jozo Kraljevi\u0107 i Jelena r. Petrovi\u0107, Stjepan Vi\u0161tica i Marina r. Mrvalj.<br><\/p>\n\n\n\n<p>Pola stolje\u0107a zajedni\u010dkoga \u017eivota, odnosno 50. obljetnicu braka proslavilo je sedam parova &#8211; Bla\u017e Dodig i Zlata r. Ere\u0161, Andrija Vranje\u0161 i Dragica r. Tomas, Stojan Primorac i An\u0111a r. Mili\u0107evi\u0107, Jure Herceg i Ljilja r. Ni\u017ei\u0107, Jure Kozina i Jaka r. Tomas, Andrija Juri\u0107 i Jagoda r. Parad\u017eik, Ante Bubalo i Mara r. Jel\u010di\u0107; 60. obljetnicu dva para &#8211; Ljubo Herceg i Milica r. Dodig, Drago Petru\u0161i\u0107 i Veselka r. Parad\u017eik.<\/p>\n\n\n\n<p><br>&#8211; U brakovima koji su u krizi, \u010dak i nakon nekoliko mjeseci od \u017eenidbe, mogu se \u010duti rije\u010di: \u201eSve mi je ovo dosadilo, ako je ovako u braku, onda je bolje svatko na svoju stranu\u201c. Te rije\u010di \u010duju se pri prvome susretu s pote\u0161ko\u0107ama. Brak nije izvanzemaljska stvarnost, nego se \u017eivi u dana\u0161njem svijetu i mentalitetu u kojem prevladava pona\u0161anje \u2013 \u201eupotrijebi i baci\u201c. Brak nije stvar ni predmet, nego pripada podru\u010dju \u017eivota\u2026 Brak bi trebao biti, kako se ono ka\u017ee, kao vino koje je bolje \u0161to je starije \u2013 rekao je, izme\u0111u ostaloga, u svojoj propovijedi \u017eupnik fra Ljubo Kurtovi\u0107. <\/p>\n\n\n\n<p>Obra\u0107aju\u0107i se okupljenim bra\u010dnim parovima u \u017eupnoj crkvi propovjednik je podsjetio na Isusove rije\u010di: \u201e\u0160to Bog zdru\u017ei, \u010dovjek neka ne rastavlja!\u201c, \u0161to drugim rije\u010dima zna\u010di da iz nijednog razloga nije dopu\u0161teno otpustiti vlastitu \u017eenu ili vlastitoga mu\u017ea.<\/p>\n\n\n\n<p><br>Ponavljaju\u0107i prigodne rije\u010di za \u017eupnikom, slavljenici su svoja nekada\u0161nja uzajamna bra\u010dna obe\u0107anja \u2013 zavjete obnovili i tako dodatno u\u010dvrstili svoj bra\u010dni savez koji traje ve\u0107 desetlje\u0107ima. Slavlje je potom nastavljeno u obiteljskome krugu, u opu\u0161tenom i vedrom ozra\u010dju i raspolo\u017eenju.<br><br><strong>Ivan Kaleb \/ Ve\u010dernji list<\/strong><\/p>\n","protected":false},"excerpt":{"rendered":"<p>Nastavlja se lijepa tradicija u ljubu\u0161koj \u017eupi Humac, koja se prakticira ve\u0107 nekoliko posljednjih godina \u2013 naime, prve nedjelje nakon svetkovine svetoga Ante zajedni\u010dki se proslavljaju bra\u010dne obljetnice. Tako je bilo i ju\u010der, huma\u010dka \u017eupna crkva bila je ispunjena, a sve\u010dano nedjeljno misno slavlje u znaku braka, bra\u010dnih parova i bra\u010dnoga \u017eivota. Svetu misu predvodio [&hellip;]<\/p>\n","protected":false},"author":2,"featured_media":151779,"comment_status":"closed","ping_status":"closed","sticky":false,"template":"","format":"standard","meta":{"h5ap_radio_sources":[],"footnotes":""},"categories":[3],"tags":[],"class_list":["post-151778","post","type-post","status-publish","format-standard","has-post-thumbnail","hentry","category-ljubuski"],"yoast_head":"<!-- This site is optimized with the Yoast SEO plugin v27.4 - https:\/\/yoast.com\/product\/yoast-seo-wordpress\/ -->\n<title>Tradicija na Humcu: bra\u010dne zavjete obnovilo 25 parova - RADIO LJUBU\u0160KI<\/title>\n<meta name=\"robots\" content=\"index, follow, max-snippet:-1, max-image-preview:large, max-video-preview:-1\" \/>\n<link rel=\"canonical\" href=\"https:\/\/radioljubuski.ba\/index.php\/2022\/06\/21\/tradicija-na-humcu-bracne-zavjete-obnovilo-25-parova\/\" \/>\n<meta property=\"og:locale\" content=\"hr_HR\" \/>\n<meta property=\"og:type\" content=\"article\" \/>\n<meta property=\"og:title\" content=\"Tradicija na Humcu: bra\u010dne zavjete obnovilo 25 parova - RADIO LJUBU\u0160KI\" \/>\n<meta property=\"og:description\" content=\"Nastavlja se lijepa tradicija u ljubu\u0161koj \u017eupi Humac, koja se prakticira ve\u0107 nekoliko posljednjih godina \u2013 naime, prve nedjelje nakon svetkovine svetoga Ante zajedni\u010dki se proslavljaju bra\u010dne obljetnice. Tako je bilo i ju\u010der, huma\u010dka \u017eupna crkva bila je ispunjena, a sve\u010dano nedjeljno misno slavlje u znaku braka, bra\u010dnih parova i bra\u010dnoga \u017eivota. Svetu misu predvodio [&hellip;]\" \/>\n<meta property=\"og:url\" content=\"https:\/\/radioljubuski.ba\/index.php\/2022\/06\/21\/tradicija-na-humcu-bracne-zavjete-obnovilo-25-parova\/\" \/>\n<meta property=\"og:site_name\" content=\"RADIO LJUBU\u0160KI\" \/>\n<meta property=\"article:publisher\" content=\"https:\/\/www.facebook.com\/Radiio-Ljubuski-1490835324566332\" \/>\n<meta property=\"article:published_time\" content=\"2022-06-21T17:27:40+00:00\" \/>\n<meta property=\"article:modified_time\" content=\"2022-06-21T17:27:41+00:00\" \/>\n<meta property=\"og:image\" content=\"https:\/\/radioljubuski.ba\/wp-content\/uploads\/2022\/06\/Proslava-bracnih-obljetnica-na-Humcu-1..jpg\" \/>\n\t<meta property=\"og:image:width\" content=\"1200\" \/>\n\t<meta property=\"og:image:height\" content=\"600\" \/>\n\t<meta property=\"og:image:type\" content=\"image\/jpeg\" \/>\n<meta name=\"author\" content=\"Radio Ljubu\u0161ki\" \/>\n<meta name=\"twitter:card\" content=\"summary_large_image\" \/>\n<meta name=\"twitter:creator\" content=\"@radioljubuski\" \/>\n<meta name=\"twitter:site\" content=\"@radioljubuski\" \/>\n<meta name=\"twitter:label1\" content=\"Napisao\/la\" \/>\n\t<meta name=\"twitter:data1\" content=\"Radio Ljubu\u0161ki\" \/>\n\t<meta name=\"twitter:label2\" content=\"Procijenjeno vrijeme \u010ditanja\" \/>\n\t<meta name=\"twitter:data2\" content=\"2 minute\" \/>\n<script type=\"application\/ld+json\" class=\"yoast-schema-graph\">{\"@context\":\"https:\\\/\\\/schema.org\",\"@graph\":[{\"@type\":\"Article\",\"@id\":\"https:\\\/\\\/radioljubuski.ba\\\/index.php\\\/2022\\\/06\\\/21\\\/tradicija-na-humcu-bracne-zavjete-obnovilo-25-parova\\\/#article\",\"isPartOf\":{\"@id\":\"https:\\\/\\\/radioljubuski.ba\\\/index.php\\\/2022\\\/06\\\/21\\\/tradicija-na-humcu-bracne-zavjete-obnovilo-25-parova\\\/\"},\"author\":{\"name\":\"Radio Ljubu\u0161ki\",\"@id\":\"https:\\\/\\\/radioljubuski.ba\\\/#\\\/schema\\\/person\\\/19fc700381a780f69665d7956c469e3b\"},\"headline\":\"Tradicija na Humcu: bra\u010dne zavjete obnovilo 25 parova\",\"datePublished\":\"2022-06-21T17:27:40+00:00\",\"dateModified\":\"2022-06-21T17:27:41+00:00\",\"mainEntityOfPage\":{\"@id\":\"https:\\\/\\\/radioljubuski.ba\\\/index.php\\\/2022\\\/06\\\/21\\\/tradicija-na-humcu-bracne-zavjete-obnovilo-25-parova\\\/\"},\"wordCount\":521,\"publisher\":{\"@id\":\"https:\\\/\\\/radioljubuski.ba\\\/#organization\"},\"image\":{\"@id\":\"https:\\\/\\\/radioljubuski.ba\\\/index.php\\\/2022\\\/06\\\/21\\\/tradicija-na-humcu-bracne-zavjete-obnovilo-25-parova\\\/#primaryimage\"},\"thumbnailUrl\":\"https:\\\/\\\/radioljubuski.ba\\\/wp-content\\\/uploads\\\/2022\\\/06\\\/Proslava-bracnih-obljetnica-na-Humcu-1..jpg\",\"articleSection\":[\"Ljubu\u0161ki\"],\"inLanguage\":\"hr\"},{\"@type\":\"WebPage\",\"@id\":\"https:\\\/\\\/radioljubuski.ba\\\/index.php\\\/2022\\\/06\\\/21\\\/tradicija-na-humcu-bracne-zavjete-obnovilo-25-parova\\\/\",\"url\":\"https:\\\/\\\/radioljubuski.ba\\\/index.php\\\/2022\\\/06\\\/21\\\/tradicija-na-humcu-bracne-zavjete-obnovilo-25-parova\\\/\",\"name\":\"Tradicija na Humcu: bra\u010dne zavjete obnovilo 25 parova - RADIO LJUBU\u0160KI\",\"isPartOf\":{\"@id\":\"https:\\\/\\\/radioljubuski.ba\\\/#website\"},\"primaryImageOfPage\":{\"@id\":\"https:\\\/\\\/radioljubuski.ba\\\/index.php\\\/2022\\\/06\\\/21\\\/tradicija-na-humcu-bracne-zavjete-obnovilo-25-parova\\\/#primaryimage\"},\"image\":{\"@id\":\"https:\\\/\\\/radioljubuski.ba\\\/index.php\\\/2022\\\/06\\\/21\\\/tradicija-na-humcu-bracne-zavjete-obnovilo-25-parova\\\/#primaryimage\"},\"thumbnailUrl\":\"https:\\\/\\\/radioljubuski.ba\\\/wp-content\\\/uploads\\\/2022\\\/06\\\/Proslava-bracnih-obljetnica-na-Humcu-1..jpg\",\"datePublished\":\"2022-06-21T17:27:40+00:00\",\"dateModified\":\"2022-06-21T17:27:41+00:00\",\"breadcrumb\":{\"@id\":\"https:\\\/\\\/radioljubuski.ba\\\/index.php\\\/2022\\\/06\\\/21\\\/tradicija-na-humcu-bracne-zavjete-obnovilo-25-parova\\\/#breadcrumb\"},\"inLanguage\":\"hr\",\"potentialAction\":[{\"@type\":\"ReadAction\",\"target\":[\"https:\\\/\\\/radioljubuski.ba\\\/index.php\\\/2022\\\/06\\\/21\\\/tradicija-na-humcu-bracne-zavjete-obnovilo-25-parova\\\/\"]}]},{\"@type\":\"ImageObject\",\"inLanguage\":\"hr\",\"@id\":\"https:\\\/\\\/radioljubuski.ba\\\/index.php\\\/2022\\\/06\\\/21\\\/tradicija-na-humcu-bracne-zavjete-obnovilo-25-parova\\\/#primaryimage\",\"url\":\"https:\\\/\\\/radioljubuski.ba\\\/wp-content\\\/uploads\\\/2022\\\/06\\\/Proslava-bracnih-obljetnica-na-Humcu-1..jpg\",\"contentUrl\":\"https:\\\/\\\/radioljubuski.ba\\\/wp-content\\\/uploads\\\/2022\\\/06\\\/Proslava-bracnih-obljetnica-na-Humcu-1..jpg\",\"width\":1200,\"height\":600},{\"@type\":\"BreadcrumbList\",\"@id\":\"https:\\\/\\\/radioljubuski.ba\\\/index.php\\\/2022\\\/06\\\/21\\\/tradicija-na-humcu-bracne-zavjete-obnovilo-25-parova\\\/#breadcrumb\",\"itemListElement\":[{\"@type\":\"ListItem\",\"position\":1,\"name\":\"Po\u010detna stranica\",\"item\":\"https:\\\/\\\/radioljubuski.ba\\\/\"},{\"@type\":\"ListItem\",\"position\":2,\"name\":\"Tradicija na Humcu: bra\u010dne zavjete obnovilo 25 parova\"}]},{\"@type\":\"WebSite\",\"@id\":\"https:\\\/\\\/radioljubuski.ba\\\/#website\",\"url\":\"https:\\\/\\\/radioljubuski.ba\\\/\",\"name\":\"Radio Ljubu\u0161ki\",\"description\":\"Sun\u010dana frekvencija Hercegovine\",\"publisher\":{\"@id\":\"https:\\\/\\\/radioljubuski.ba\\\/#organization\"},\"potentialAction\":[{\"@type\":\"SearchAction\",\"target\":{\"@type\":\"EntryPoint\",\"urlTemplate\":\"https:\\\/\\\/radioljubuski.ba\\\/?s={search_term_string}\"},\"query-input\":{\"@type\":\"PropertyValueSpecification\",\"valueRequired\":true,\"valueName\":\"search_term_string\"}}],\"inLanguage\":\"hr\"},{\"@type\":\"Organization\",\"@id\":\"https:\\\/\\\/radioljubuski.ba\\\/#organization\",\"name\":\"Radio Ljubu\u0161ki\",\"url\":\"https:\\\/\\\/radioljubuski.ba\\\/\",\"logo\":{\"@type\":\"ImageObject\",\"inLanguage\":\"hr\",\"@id\":\"https:\\\/\\\/radioljubuski.ba\\\/#\\\/schema\\\/logo\\\/image\\\/\",\"url\":\"https:\\\/\\\/radioljubuski.ba\\\/wp-content\\\/uploads\\\/2021\\\/02\\\/cropped-Radio_Ljubuski_logo1.jpg\",\"contentUrl\":\"https:\\\/\\\/radioljubuski.ba\\\/wp-content\\\/uploads\\\/2021\\\/02\\\/cropped-Radio_Ljubuski_logo1.jpg\",\"width\":512,\"height\":512,\"caption\":\"Radio Ljubu\u0161ki\"},\"image\":{\"@id\":\"https:\\\/\\\/radioljubuski.ba\\\/#\\\/schema\\\/logo\\\/image\\\/\"},\"sameAs\":[\"https:\\\/\\\/www.facebook.com\\\/Radiio-Ljubuski-1490835324566332\",\"https:\\\/\\\/x.com\\\/radioljubuski\",\"https:\\\/\\\/hr.linkedin.com\\\/company\\\/radio-ljubuski\",\"https:\\\/\\\/www.youtube.com\\\/channel\\\/UCHYaeO_n0Db3tjNGudGpXyw\"]},{\"@type\":\"Person\",\"@id\":\"https:\\\/\\\/radioljubuski.ba\\\/#\\\/schema\\\/person\\\/19fc700381a780f69665d7956c469e3b\",\"name\":\"Radio Ljubu\u0161ki\"}]}<\/script>\n<!-- \/ Yoast SEO plugin. -->","yoast_head_json":{"title":"Tradicija na Humcu: bra\u010dne zavjete obnovilo 25 parova - RADIO LJUBU\u0160KI","robots":{"index":"index","follow":"follow","max-snippet":"max-snippet:-1","max-image-preview":"max-image-preview:large","max-video-preview":"max-video-preview:-1"},"canonical":"https:\/\/radioljubuski.ba\/index.php\/2022\/06\/21\/tradicija-na-humcu-bracne-zavjete-obnovilo-25-parova\/","og_locale":"hr_HR","og_type":"article","og_title":"Tradicija na Humcu: bra\u010dne zavjete obnovilo 25 parova - RADIO LJUBU\u0160KI","og_description":"Nastavlja se lijepa tradicija u ljubu\u0161koj \u017eupi Humac, koja se prakticira ve\u0107 nekoliko posljednjih godina \u2013 naime, prve nedjelje nakon svetkovine svetoga Ante zajedni\u010dki se proslavljaju bra\u010dne obljetnice. Tako je bilo i ju\u010der, huma\u010dka \u017eupna crkva bila je ispunjena, a sve\u010dano nedjeljno misno slavlje u znaku braka, bra\u010dnih parova i bra\u010dnoga \u017eivota. Svetu misu predvodio [&hellip;]","og_url":"https:\/\/radioljubuski.ba\/index.php\/2022\/06\/21\/tradicija-na-humcu-bracne-zavjete-obnovilo-25-parova\/","og_site_name":"RADIO LJUBU\u0160KI","article_publisher":"https:\/\/www.facebook.com\/Radiio-Ljubuski-1490835324566332","article_published_time":"2022-06-21T17:27:40+00:00","article_modified_time":"2022-06-21T17:27:41+00:00","og_image":[{"width":1200,"height":600,"url":"https:\/\/radioljubuski.ba\/wp-content\/uploads\/2022\/06\/Proslava-bracnih-obljetnica-na-Humcu-1..jpg","type":"image\/jpeg"}],"author":"Radio Ljubu\u0161ki","twitter_card":"summary_large_image","twitter_creator":"@radioljubuski","twitter_site":"@radioljubuski","twitter_misc":{"Napisao\/la":"Radio Ljubu\u0161ki","Procijenjeno vrijeme \u010ditanja":"2 minute"},"schema":{"@context":"https:\/\/schema.org","@graph":[{"@type":"Article","@id":"https:\/\/radioljubuski.ba\/index.php\/2022\/06\/21\/tradicija-na-humcu-bracne-zavjete-obnovilo-25-parova\/#article","isPartOf":{"@id":"https:\/\/radioljubuski.ba\/index.php\/2022\/06\/21\/tradicija-na-humcu-bracne-zavjete-obnovilo-25-parova\/"},"author":{"name":"Radio Ljubu\u0161ki","@id":"https:\/\/radioljubuski.ba\/#\/schema\/person\/19fc700381a780f69665d7956c469e3b"},"headline":"Tradicija na Humcu: bra\u010dne zavjete obnovilo 25 parova","datePublished":"2022-06-21T17:27:40+00:00","dateModified":"2022-06-21T17:27:41+00:00","mainEntityOfPage":{"@id":"https:\/\/radioljubuski.ba\/index.php\/2022\/06\/21\/tradicija-na-humcu-bracne-zavjete-obnovilo-25-parova\/"},"wordCount":521,"publisher":{"@id":"https:\/\/radioljubuski.ba\/#organization"},"image":{"@id":"https:\/\/radioljubuski.ba\/index.php\/2022\/06\/21\/tradicija-na-humcu-bracne-zavjete-obnovilo-25-parova\/#primaryimage"},"thumbnailUrl":"https:\/\/radioljubuski.ba\/wp-content\/uploads\/2022\/06\/Proslava-bracnih-obljetnica-na-Humcu-1..jpg","articleSection":["Ljubu\u0161ki"],"inLanguage":"hr"},{"@type":"WebPage","@id":"https:\/\/radioljubuski.ba\/index.php\/2022\/06\/21\/tradicija-na-humcu-bracne-zavjete-obnovilo-25-parova\/","url":"https:\/\/radioljubuski.ba\/index.php\/2022\/06\/21\/tradicija-na-humcu-bracne-zavjete-obnovilo-25-parova\/","name":"Tradicija na Humcu: bra\u010dne zavjete obnovilo 25 parova - RADIO LJUBU\u0160KI","isPartOf":{"@id":"https:\/\/radioljubuski.ba\/#website"},"primaryImageOfPage":{"@id":"https:\/\/radioljubuski.ba\/index.php\/2022\/06\/21\/tradicija-na-humcu-bracne-zavjete-obnovilo-25-parova\/#primaryimage"},"image":{"@id":"https:\/\/radioljubuski.ba\/index.php\/2022\/06\/21\/tradicija-na-humcu-bracne-zavjete-obnovilo-25-parova\/#primaryimage"},"thumbnailUrl":"https:\/\/radioljubuski.ba\/wp-content\/uploads\/2022\/06\/Proslava-bracnih-obljetnica-na-Humcu-1..jpg","datePublished":"2022-06-21T17:27:40+00:00","dateModified":"2022-06-21T17:27:41+00:00","breadcrumb":{"@id":"https:\/\/radioljubuski.ba\/index.php\/2022\/06\/21\/tradicija-na-humcu-bracne-zavjete-obnovilo-25-parova\/#breadcrumb"},"inLanguage":"hr","potentialAction":[{"@type":"ReadAction","target":["https:\/\/radioljubuski.ba\/index.php\/2022\/06\/21\/tradicija-na-humcu-bracne-zavjete-obnovilo-25-parova\/"]}]},{"@type":"ImageObject","inLanguage":"hr","@id":"https:\/\/radioljubuski.ba\/index.php\/2022\/06\/21\/tradicija-na-humcu-bracne-zavjete-obnovilo-25-parova\/#primaryimage","url":"https:\/\/radioljubuski.ba\/wp-content\/uploads\/2022\/06\/Proslava-bracnih-obljetnica-na-Humcu-1..jpg","contentUrl":"https:\/\/radioljubuski.ba\/wp-content\/uploads\/2022\/06\/Proslava-bracnih-obljetnica-na-Humcu-1..jpg","width":1200,"height":600},{"@type":"BreadcrumbList","@id":"https:\/\/radioljubuski.ba\/index.php\/2022\/06\/21\/tradicija-na-humcu-bracne-zavjete-obnovilo-25-parova\/#breadcrumb","itemListElement":[{"@type":"ListItem","position":1,"name":"Po\u010detna stranica","item":"https:\/\/radioljubuski.ba\/"},{"@type":"ListItem","position":2,"name":"Tradicija na Humcu: bra\u010dne zavjete obnovilo 25 parova"}]},{"@type":"WebSite","@id":"https:\/\/radioljubuski.ba\/#website","url":"https:\/\/radioljubuski.ba\/","name":"Radio Ljubu\u0161ki","description":"Sun\u010dana frekvencija Hercegovine","publisher":{"@id":"https:\/\/radioljubuski.ba\/#organization"},"potentialAction":[{"@type":"SearchAction","target":{"@type":"EntryPoint","urlTemplate":"https:\/\/radioljubuski.ba\/?s={search_term_string}"},"query-input":{"@type":"PropertyValueSpecification","valueRequired":true,"valueName":"search_term_string"}}],"inLanguage":"hr"},{"@type":"Organization","@id":"https:\/\/radioljubuski.ba\/#organization","name":"Radio Ljubu\u0161ki","url":"https:\/\/radioljubuski.ba\/","logo":{"@type":"ImageObject","inLanguage":"hr","@id":"https:\/\/radioljubuski.ba\/#\/schema\/logo\/image\/","url":"https:\/\/radioljubuski.ba\/wp-content\/uploads\/2021\/02\/cropped-Radio_Ljubuski_logo1.jpg","contentUrl":"https:\/\/radioljubuski.ba\/wp-content\/uploads\/2021\/02\/cropped-Radio_Ljubuski_logo1.jpg","width":512,"height":512,"caption":"Radio Ljubu\u0161ki"},"image":{"@id":"https:\/\/radioljubuski.ba\/#\/schema\/logo\/image\/"},"sameAs":["https:\/\/www.facebook.com\/Radiio-Ljubuski-1490835324566332","https:\/\/x.com\/radioljubuski","https:\/\/hr.linkedin.com\/company\/radio-ljubuski","https:\/\/www.youtube.com\/channel\/UCHYaeO_n0Db3tjNGudGpXyw"]},{"@type":"Person","@id":"https:\/\/radioljubuski.ba\/#\/schema\/person\/19fc700381a780f69665d7956c469e3b","name":"Radio Ljubu\u0161ki"}]}},"_links":{"self":[{"href":"https:\/\/radioljubuski.ba\/index.php\/wp-json\/wp\/v2\/posts\/151778","targetHints":{"allow":["GET"]}}],"collection":[{"href":"https:\/\/radioljubuski.ba\/index.php\/wp-json\/wp\/v2\/posts"}],"about":[{"href":"https:\/\/radioljubuski.ba\/index.php\/wp-json\/wp\/v2\/types\/post"}],"author":[{"embeddable":true,"href":"https:\/\/radioljubuski.ba\/index.php\/wp-json\/wp\/v2\/users\/2"}],"replies":[{"embeddable":true,"href":"https:\/\/radioljubuski.ba\/index.php\/wp-json\/wp\/v2\/comments?post=151778"}],"version-history":[{"count":1,"href":"https:\/\/radioljubuski.ba\/index.php\/wp-json\/wp\/v2\/posts\/151778\/revisions"}],"predecessor-version":[{"id":151780,"href":"https:\/\/radioljubuski.ba\/index.php\/wp-json\/wp\/v2\/posts\/151778\/revisions\/151780"}],"wp:featuredmedia":[{"embeddable":true,"href":"https:\/\/radioljubuski.ba\/index.php\/wp-json\/wp\/v2\/media\/151779"}],"wp:attachment":[{"href":"https:\/\/radioljubuski.ba\/index.php\/wp-json\/wp\/v2\/media?parent=151778"}],"wp:term":[{"taxonomy":"category","embeddable":true,"href":"https:\/\/radioljubuski.ba\/index.php\/wp-json\/wp\/v2\/categories?post=151778"},{"taxonomy":"post_tag","embeddable":true,"href":"https:\/\/radioljubuski.ba\/index.php\/wp-json\/wp\/v2\/tags?post=151778"}],"curies":[{"name":"wp","href":"https:\/\/api.w.org\/{rel}","templated":true}]}}