{"id":15190,"date":"2021-04-21T22:52:04","date_gmt":"2021-04-21T21:52:04","guid":{"rendered":"https:\/\/radioljubuski.ba\/?p=15190"},"modified":"2021-04-21T22:52:05","modified_gmt":"2021-04-21T21:52:05","slug":"glumac-iz-tuzle-zatvorio-kolegicu-i-seksualno-ju-zlostavljao","status":"publish","type":"post","link":"https:\/\/radioljubuski.ba\/index.php\/2021\/04\/21\/glumac-iz-tuzle-zatvorio-kolegicu-i-seksualno-ju-zlostavljao\/","title":{"rendered":"Glumac iz Tuzle zatvorio kolegicu i seksualno ju zlostavljao"},"content":{"rendered":"\n<p><strong>Narodno kazali\u0161te Tuzla izdalo je pisano upozorenje pred otkaz glumcu kojeg je njegova kolegica iz gluma\u010dkog ansambla optu\u017eila da ju je seksualno uznemiravao. Ovu odluku donijela je disciplinska komisija koja je pona\u0161anje glumca okarakterizirala kao te\u017eu povredu radne obveze, \u0161to je u pravilu u praksi i vi\u0161e nego dovoljno za otkaz, a seksualno uznemiravanje ocijenila kao \u201cneprimjereno pona\u0161anje prema gra\u0111anima, suradnicima i drugim osobama u vr\u0161enju radne obaveze\u201d, pi\u0161e&nbsp;<a href=\"https:\/\/www.oslobodjenje.ba\/vijesti\/bih\/umjesto-otkaza-nagraden-glumac-iz-tuzle-zatvorio-kolegicu-svukao-se-i-seksualno-je-uznemiravao-649022\" target=\"_blank\" rel=\"noreferrer noopener\">Oslobodjnje.ba<\/a>.<\/strong><\/p>\n\n\n\n<p>Mla\u0111i glumac zatvorio je kolegicu u jednoj prostoriji u kazali\u0161tu, svukao se i nagovarao je na spolni odnos, a dodatno uozbiljavanje situacije sprije\u010dio je ulazak druge osobe u tu prostoriju. Oboje su ranije u nekoliko predstava zajedno glumili. Ohrabrena javnom kampanjom Nisam tra\u017eila, \u017ertva je to i prijavila, nadaju\u0107i se da \u0107e po\u010dinitelj biti ka\u017enjen, ali i obznanjen. Ni\u0161ta od toga se nije dogodilo.<\/p>\n\n\n\n<p>Umjesto toga, glumac kojemu ovakvo pona\u0161anje nije bilo strano ni prije incidenta s ovom glumicom, nesmetano je odigrao svaku predstavu u kojoj je imao ulogu otprije. Nakon \u0161to je prijavljen za seksualno uznemiravanje navodno se, nakon \u0161to je uhva\u0107en i prijavljen, i ispri\u010dao , \u0161to je disciplinska komisija uzela kao olakotnu okolnost.<\/p>\n\n\n\n<p>Slu\u010daj seksualnog uznemiravanja u Narodnom kazali\u0161tu je prijavljen i Tu\u017eiteljstvu, \u010dija se kona\u010dna odluka o pokretanju slu\u017ebene istrage jo\u0161 o\u010dekuje<\/p>\n\n\n\n<p>\u2013 Kod izricanja disciplinske mjere uzeta je u obzir te\u017eina povrede i njene posljedice, uvjeti pod kojima je povreda u\u010dinjena, olakotne i otegotne okolnosti, pona\u0161anje radnika poslije u\u010dinjene povrede radne obaveze, stoji u odluci disciplinske komisije, koju je uva\u017eio i direktor Narodnog kazali\u0161ta Tuzla.<\/p>\n\n\n\n<p>Pora\u017eavaju\u0107a je \u010dinjenica da i ostali glumci i radnici u kazali\u0161tu znaju za ovaj i druge sli\u010dne slu\u010dajeve otprije, ali ni\u0161ta osim deklarativne podr\u0161ke nisu pru\u017eili svojim kolegicama. Narodno kazali\u0161te Tuzla je, nakon pisanja o ovome u kampanji Nisam tra\u017eila, javno osudilo pona\u0161anje \u010dlana njihovog kolektiva, ali je na kraju ipak smatralo da je iznu\u0111ena isprika dovoljna za pisano upozorenje pred otkaz.<\/p>\n\n\n\n<p>U praksi, u radnopravnim sporovima radnik koji po\u010dini te\u017eu povredu radne obaveze u pravilu dobije otkaz bez otkaznog roka, kako je propisano i zakonom. Me\u0111utim, ova praksa nije uzeta u obzir prilikom dono\u0161enja odluke koja se odnosi na ovog glumca, nego se Narodno kazali\u0161te odlu\u010dilo za bla\u017eu opciju koju propisuje i Zakon o radu FBiH, te izdalo pisano upozorenje pred otkaz.<\/p>\n\n\n\n<p>\/HMS\/<\/p>\n","protected":false},"excerpt":{"rendered":"<p>Narodno kazali\u0161te Tuzla izdalo je pisano upozorenje pred otkaz glumcu kojeg je njegova kolegica iz gluma\u010dkog ansambla optu\u017eila da ju je seksualno uznemiravao. Ovu odluku donijela je disciplinska komisija koja je pona\u0161anje glumca okarakterizirala kao te\u017eu povredu radne obveze, \u0161to je u pravilu u praksi i vi\u0161e nego dovoljno za otkaz, a seksualno uznemiravanje ocijenila [&hellip;]<\/p>\n","protected":false},"author":2,"featured_media":15191,"comment_status":"closed","ping_status":"closed","sticky":false,"template":"","format":"standard","meta":{"h5ap_radio_sources":[],"footnotes":""},"categories":[1],"tags":[],"class_list":["post-15190","post","type-post","status-publish","format-standard","has-post-thumbnail","hentry","category-bihiregija"],"yoast_head":"<!-- This site is optimized with the Yoast SEO plugin v27.5 - https:\/\/yoast.com\/product\/yoast-seo-wordpress\/ -->\n<title>Glumac iz Tuzle zatvorio kolegicu i seksualno ju zlostavljao - RADIO LJUBU\u0160KI<\/title>\n<meta name=\"robots\" content=\"index, follow, max-snippet:-1, max-image-preview:large, max-video-preview:-1\" \/>\n<link rel=\"canonical\" href=\"https:\/\/radioljubuski.ba\/index.php\/2021\/04\/21\/glumac-iz-tuzle-zatvorio-kolegicu-i-seksualno-ju-zlostavljao\/\" \/>\n<meta property=\"og:locale\" content=\"hr_HR\" \/>\n<meta property=\"og:type\" content=\"article\" \/>\n<meta property=\"og:title\" content=\"Glumac iz Tuzle zatvorio kolegicu i seksualno ju zlostavljao - RADIO LJUBU\u0160KI\" \/>\n<meta property=\"og:description\" content=\"Narodno kazali\u0161te Tuzla izdalo je pisano upozorenje pred otkaz glumcu kojeg je njegova kolegica iz gluma\u010dkog ansambla optu\u017eila da ju je seksualno uznemiravao. Ovu odluku donijela je disciplinska komisija koja je pona\u0161anje glumca okarakterizirala kao te\u017eu povredu radne obveze, \u0161to je u pravilu u praksi i vi\u0161e nego dovoljno za otkaz, a seksualno uznemiravanje ocijenila [&hellip;]\" \/>\n<meta property=\"og:url\" content=\"https:\/\/radioljubuski.ba\/index.php\/2021\/04\/21\/glumac-iz-tuzle-zatvorio-kolegicu-i-seksualno-ju-zlostavljao\/\" \/>\n<meta property=\"og:site_name\" content=\"RADIO LJUBU\u0160KI\" \/>\n<meta property=\"article:publisher\" content=\"https:\/\/www.facebook.com\/Radiio-Ljubuski-1490835324566332\" \/>\n<meta property=\"article:published_time\" content=\"2021-04-21T21:52:04+00:00\" \/>\n<meta property=\"article:modified_time\" content=\"2021-04-21T21:52:05+00:00\" \/>\n<meta property=\"og:image\" content=\"https:\/\/radioljubuski.ba\/wp-content\/uploads\/2021\/04\/tuzla-kazaliste.png\" \/>\n\t<meta property=\"og:image:width\" content=\"840\" \/>\n\t<meta property=\"og:image:height\" content=\"470\" \/>\n\t<meta property=\"og:image:type\" content=\"image\/png\" \/>\n<meta name=\"author\" content=\"Radio Ljubu\u0161ki\" \/>\n<meta name=\"twitter:card\" content=\"summary_large_image\" \/>\n<meta name=\"twitter:creator\" content=\"@radioljubuski\" \/>\n<meta name=\"twitter:site\" content=\"@radioljubuski\" \/>\n<meta name=\"twitter:label1\" content=\"Napisao\/la\" \/>\n\t<meta name=\"twitter:data1\" content=\"Radio Ljubu\u0161ki\" \/>\n\t<meta name=\"twitter:label2\" content=\"Procijenjeno vrijeme \u010ditanja\" \/>\n\t<meta name=\"twitter:data2\" content=\"2 minute\" \/>\n<script type=\"application\/ld+json\" class=\"yoast-schema-graph\">{\"@context\":\"https:\\\/\\\/schema.org\",\"@graph\":[{\"@type\":\"Article\",\"@id\":\"https:\\\/\\\/radioljubuski.ba\\\/index.php\\\/2021\\\/04\\\/21\\\/glumac-iz-tuzle-zatvorio-kolegicu-i-seksualno-ju-zlostavljao\\\/#article\",\"isPartOf\":{\"@id\":\"https:\\\/\\\/radioljubuski.ba\\\/index.php\\\/2021\\\/04\\\/21\\\/glumac-iz-tuzle-zatvorio-kolegicu-i-seksualno-ju-zlostavljao\\\/\"},\"author\":{\"name\":\"Radio Ljubu\u0161ki\",\"@id\":\"https:\\\/\\\/radioljubuski.ba\\\/#\\\/schema\\\/person\\\/19fc700381a780f69665d7956c469e3b\"},\"headline\":\"Glumac iz Tuzle zatvorio kolegicu i seksualno ju zlostavljao\",\"datePublished\":\"2021-04-21T21:52:04+00:00\",\"dateModified\":\"2021-04-21T21:52:05+00:00\",\"mainEntityOfPage\":{\"@id\":\"https:\\\/\\\/radioljubuski.ba\\\/index.php\\\/2021\\\/04\\\/21\\\/glumac-iz-tuzle-zatvorio-kolegicu-i-seksualno-ju-zlostavljao\\\/\"},\"wordCount\":435,\"publisher\":{\"@id\":\"https:\\\/\\\/radioljubuski.ba\\\/#organization\"},\"image\":{\"@id\":\"https:\\\/\\\/radioljubuski.ba\\\/index.php\\\/2021\\\/04\\\/21\\\/glumac-iz-tuzle-zatvorio-kolegicu-i-seksualno-ju-zlostavljao\\\/#primaryimage\"},\"thumbnailUrl\":\"https:\\\/\\\/radioljubuski.ba\\\/wp-content\\\/uploads\\\/2021\\\/04\\\/tuzla-kazaliste.png\",\"articleSection\":[\"BIH i regija\"],\"inLanguage\":\"hr\"},{\"@type\":\"WebPage\",\"@id\":\"https:\\\/\\\/radioljubuski.ba\\\/index.php\\\/2021\\\/04\\\/21\\\/glumac-iz-tuzle-zatvorio-kolegicu-i-seksualno-ju-zlostavljao\\\/\",\"url\":\"https:\\\/\\\/radioljubuski.ba\\\/index.php\\\/2021\\\/04\\\/21\\\/glumac-iz-tuzle-zatvorio-kolegicu-i-seksualno-ju-zlostavljao\\\/\",\"name\":\"Glumac iz Tuzle zatvorio kolegicu i seksualno ju zlostavljao - RADIO LJUBU\u0160KI\",\"isPartOf\":{\"@id\":\"https:\\\/\\\/radioljubuski.ba\\\/#website\"},\"primaryImageOfPage\":{\"@id\":\"https:\\\/\\\/radioljubuski.ba\\\/index.php\\\/2021\\\/04\\\/21\\\/glumac-iz-tuzle-zatvorio-kolegicu-i-seksualno-ju-zlostavljao\\\/#primaryimage\"},\"image\":{\"@id\":\"https:\\\/\\\/radioljubuski.ba\\\/index.php\\\/2021\\\/04\\\/21\\\/glumac-iz-tuzle-zatvorio-kolegicu-i-seksualno-ju-zlostavljao\\\/#primaryimage\"},\"thumbnailUrl\":\"https:\\\/\\\/radioljubuski.ba\\\/wp-content\\\/uploads\\\/2021\\\/04\\\/tuzla-kazaliste.png\",\"datePublished\":\"2021-04-21T21:52:04+00:00\",\"dateModified\":\"2021-04-21T21:52:05+00:00\",\"breadcrumb\":{\"@id\":\"https:\\\/\\\/radioljubuski.ba\\\/index.php\\\/2021\\\/04\\\/21\\\/glumac-iz-tuzle-zatvorio-kolegicu-i-seksualno-ju-zlostavljao\\\/#breadcrumb\"},\"inLanguage\":\"hr\",\"potentialAction\":[{\"@type\":\"ReadAction\",\"target\":[\"https:\\\/\\\/radioljubuski.ba\\\/index.php\\\/2021\\\/04\\\/21\\\/glumac-iz-tuzle-zatvorio-kolegicu-i-seksualno-ju-zlostavljao\\\/\"]}]},{\"@type\":\"ImageObject\",\"inLanguage\":\"hr\",\"@id\":\"https:\\\/\\\/radioljubuski.ba\\\/index.php\\\/2021\\\/04\\\/21\\\/glumac-iz-tuzle-zatvorio-kolegicu-i-seksualno-ju-zlostavljao\\\/#primaryimage\",\"url\":\"https:\\\/\\\/radioljubuski.ba\\\/wp-content\\\/uploads\\\/2021\\\/04\\\/tuzla-kazaliste.png\",\"contentUrl\":\"https:\\\/\\\/radioljubuski.ba\\\/wp-content\\\/uploads\\\/2021\\\/04\\\/tuzla-kazaliste.png\",\"width\":840,\"height\":470},{\"@type\":\"BreadcrumbList\",\"@id\":\"https:\\\/\\\/radioljubuski.ba\\\/index.php\\\/2021\\\/04\\\/21\\\/glumac-iz-tuzle-zatvorio-kolegicu-i-seksualno-ju-zlostavljao\\\/#breadcrumb\",\"itemListElement\":[{\"@type\":\"ListItem\",\"position\":1,\"name\":\"Po\u010detna stranica\",\"item\":\"https:\\\/\\\/radioljubuski.ba\\\/\"},{\"@type\":\"ListItem\",\"position\":2,\"name\":\"Glumac iz Tuzle zatvorio kolegicu i seksualno ju zlostavljao\"}]},{\"@type\":\"WebSite\",\"@id\":\"https:\\\/\\\/radioljubuski.ba\\\/#website\",\"url\":\"https:\\\/\\\/radioljubuski.ba\\\/\",\"name\":\"Radio Ljubu\u0161ki\",\"description\":\"Sun\u010dana frekvencija Hercegovine\",\"publisher\":{\"@id\":\"https:\\\/\\\/radioljubuski.ba\\\/#organization\"},\"potentialAction\":[{\"@type\":\"SearchAction\",\"target\":{\"@type\":\"EntryPoint\",\"urlTemplate\":\"https:\\\/\\\/radioljubuski.ba\\\/?s={search_term_string}\"},\"query-input\":{\"@type\":\"PropertyValueSpecification\",\"valueRequired\":true,\"valueName\":\"search_term_string\"}}],\"inLanguage\":\"hr\"},{\"@type\":\"Organization\",\"@id\":\"https:\\\/\\\/radioljubuski.ba\\\/#organization\",\"name\":\"Radio Ljubu\u0161ki\",\"url\":\"https:\\\/\\\/radioljubuski.ba\\\/\",\"logo\":{\"@type\":\"ImageObject\",\"inLanguage\":\"hr\",\"@id\":\"https:\\\/\\\/radioljubuski.ba\\\/#\\\/schema\\\/logo\\\/image\\\/\",\"url\":\"https:\\\/\\\/radioljubuski.ba\\\/wp-content\\\/uploads\\\/2021\\\/02\\\/cropped-Radio_Ljubuski_logo1.jpg\",\"contentUrl\":\"https:\\\/\\\/radioljubuski.ba\\\/wp-content\\\/uploads\\\/2021\\\/02\\\/cropped-Radio_Ljubuski_logo1.jpg\",\"width\":512,\"height\":512,\"caption\":\"Radio Ljubu\u0161ki\"},\"image\":{\"@id\":\"https:\\\/\\\/radioljubuski.ba\\\/#\\\/schema\\\/logo\\\/image\\\/\"},\"sameAs\":[\"https:\\\/\\\/www.facebook.com\\\/Radiio-Ljubuski-1490835324566332\",\"https:\\\/\\\/x.com\\\/radioljubuski\",\"https:\\\/\\\/hr.linkedin.com\\\/company\\\/radio-ljubuski\",\"https:\\\/\\\/www.youtube.com\\\/channel\\\/UCHYaeO_n0Db3tjNGudGpXyw\"]},{\"@type\":\"Person\",\"@id\":\"https:\\\/\\\/radioljubuski.ba\\\/#\\\/schema\\\/person\\\/19fc700381a780f69665d7956c469e3b\",\"name\":\"Radio Ljubu\u0161ki\"}]}<\/script>\n<!-- \/ Yoast SEO plugin. -->","yoast_head_json":{"title":"Glumac iz Tuzle zatvorio kolegicu i seksualno ju zlostavljao - RADIO LJUBU\u0160KI","robots":{"index":"index","follow":"follow","max-snippet":"max-snippet:-1","max-image-preview":"max-image-preview:large","max-video-preview":"max-video-preview:-1"},"canonical":"https:\/\/radioljubuski.ba\/index.php\/2021\/04\/21\/glumac-iz-tuzle-zatvorio-kolegicu-i-seksualno-ju-zlostavljao\/","og_locale":"hr_HR","og_type":"article","og_title":"Glumac iz Tuzle zatvorio kolegicu i seksualno ju zlostavljao - RADIO LJUBU\u0160KI","og_description":"Narodno kazali\u0161te Tuzla izdalo je pisano upozorenje pred otkaz glumcu kojeg je njegova kolegica iz gluma\u010dkog ansambla optu\u017eila da ju je seksualno uznemiravao. Ovu odluku donijela je disciplinska komisija koja je pona\u0161anje glumca okarakterizirala kao te\u017eu povredu radne obveze, \u0161to je u pravilu u praksi i vi\u0161e nego dovoljno za otkaz, a seksualno uznemiravanje ocijenila [&hellip;]","og_url":"https:\/\/radioljubuski.ba\/index.php\/2021\/04\/21\/glumac-iz-tuzle-zatvorio-kolegicu-i-seksualno-ju-zlostavljao\/","og_site_name":"RADIO LJUBU\u0160KI","article_publisher":"https:\/\/www.facebook.com\/Radiio-Ljubuski-1490835324566332","article_published_time":"2021-04-21T21:52:04+00:00","article_modified_time":"2021-04-21T21:52:05+00:00","og_image":[{"width":840,"height":470,"url":"https:\/\/radioljubuski.ba\/wp-content\/uploads\/2021\/04\/tuzla-kazaliste.png","type":"image\/png"}],"author":"Radio Ljubu\u0161ki","twitter_card":"summary_large_image","twitter_creator":"@radioljubuski","twitter_site":"@radioljubuski","twitter_misc":{"Napisao\/la":"Radio Ljubu\u0161ki","Procijenjeno vrijeme \u010ditanja":"2 minute"},"schema":{"@context":"https:\/\/schema.org","@graph":[{"@type":"Article","@id":"https:\/\/radioljubuski.ba\/index.php\/2021\/04\/21\/glumac-iz-tuzle-zatvorio-kolegicu-i-seksualno-ju-zlostavljao\/#article","isPartOf":{"@id":"https:\/\/radioljubuski.ba\/index.php\/2021\/04\/21\/glumac-iz-tuzle-zatvorio-kolegicu-i-seksualno-ju-zlostavljao\/"},"author":{"name":"Radio Ljubu\u0161ki","@id":"https:\/\/radioljubuski.ba\/#\/schema\/person\/19fc700381a780f69665d7956c469e3b"},"headline":"Glumac iz Tuzle zatvorio kolegicu i seksualno ju zlostavljao","datePublished":"2021-04-21T21:52:04+00:00","dateModified":"2021-04-21T21:52:05+00:00","mainEntityOfPage":{"@id":"https:\/\/radioljubuski.ba\/index.php\/2021\/04\/21\/glumac-iz-tuzle-zatvorio-kolegicu-i-seksualno-ju-zlostavljao\/"},"wordCount":435,"publisher":{"@id":"https:\/\/radioljubuski.ba\/#organization"},"image":{"@id":"https:\/\/radioljubuski.ba\/index.php\/2021\/04\/21\/glumac-iz-tuzle-zatvorio-kolegicu-i-seksualno-ju-zlostavljao\/#primaryimage"},"thumbnailUrl":"https:\/\/radioljubuski.ba\/wp-content\/uploads\/2021\/04\/tuzla-kazaliste.png","articleSection":["BIH i regija"],"inLanguage":"hr"},{"@type":"WebPage","@id":"https:\/\/radioljubuski.ba\/index.php\/2021\/04\/21\/glumac-iz-tuzle-zatvorio-kolegicu-i-seksualno-ju-zlostavljao\/","url":"https:\/\/radioljubuski.ba\/index.php\/2021\/04\/21\/glumac-iz-tuzle-zatvorio-kolegicu-i-seksualno-ju-zlostavljao\/","name":"Glumac iz Tuzle zatvorio kolegicu i seksualno ju zlostavljao - RADIO LJUBU\u0160KI","isPartOf":{"@id":"https:\/\/radioljubuski.ba\/#website"},"primaryImageOfPage":{"@id":"https:\/\/radioljubuski.ba\/index.php\/2021\/04\/21\/glumac-iz-tuzle-zatvorio-kolegicu-i-seksualno-ju-zlostavljao\/#primaryimage"},"image":{"@id":"https:\/\/radioljubuski.ba\/index.php\/2021\/04\/21\/glumac-iz-tuzle-zatvorio-kolegicu-i-seksualno-ju-zlostavljao\/#primaryimage"},"thumbnailUrl":"https:\/\/radioljubuski.ba\/wp-content\/uploads\/2021\/04\/tuzla-kazaliste.png","datePublished":"2021-04-21T21:52:04+00:00","dateModified":"2021-04-21T21:52:05+00:00","breadcrumb":{"@id":"https:\/\/radioljubuski.ba\/index.php\/2021\/04\/21\/glumac-iz-tuzle-zatvorio-kolegicu-i-seksualno-ju-zlostavljao\/#breadcrumb"},"inLanguage":"hr","potentialAction":[{"@type":"ReadAction","target":["https:\/\/radioljubuski.ba\/index.php\/2021\/04\/21\/glumac-iz-tuzle-zatvorio-kolegicu-i-seksualno-ju-zlostavljao\/"]}]},{"@type":"ImageObject","inLanguage":"hr","@id":"https:\/\/radioljubuski.ba\/index.php\/2021\/04\/21\/glumac-iz-tuzle-zatvorio-kolegicu-i-seksualno-ju-zlostavljao\/#primaryimage","url":"https:\/\/radioljubuski.ba\/wp-content\/uploads\/2021\/04\/tuzla-kazaliste.png","contentUrl":"https:\/\/radioljubuski.ba\/wp-content\/uploads\/2021\/04\/tuzla-kazaliste.png","width":840,"height":470},{"@type":"BreadcrumbList","@id":"https:\/\/radioljubuski.ba\/index.php\/2021\/04\/21\/glumac-iz-tuzle-zatvorio-kolegicu-i-seksualno-ju-zlostavljao\/#breadcrumb","itemListElement":[{"@type":"ListItem","position":1,"name":"Po\u010detna stranica","item":"https:\/\/radioljubuski.ba\/"},{"@type":"ListItem","position":2,"name":"Glumac iz Tuzle zatvorio kolegicu i seksualno ju zlostavljao"}]},{"@type":"WebSite","@id":"https:\/\/radioljubuski.ba\/#website","url":"https:\/\/radioljubuski.ba\/","name":"Radio Ljubu\u0161ki","description":"Sun\u010dana frekvencija Hercegovine","publisher":{"@id":"https:\/\/radioljubuski.ba\/#organization"},"potentialAction":[{"@type":"SearchAction","target":{"@type":"EntryPoint","urlTemplate":"https:\/\/radioljubuski.ba\/?s={search_term_string}"},"query-input":{"@type":"PropertyValueSpecification","valueRequired":true,"valueName":"search_term_string"}}],"inLanguage":"hr"},{"@type":"Organization","@id":"https:\/\/radioljubuski.ba\/#organization","name":"Radio Ljubu\u0161ki","url":"https:\/\/radioljubuski.ba\/","logo":{"@type":"ImageObject","inLanguage":"hr","@id":"https:\/\/radioljubuski.ba\/#\/schema\/logo\/image\/","url":"https:\/\/radioljubuski.ba\/wp-content\/uploads\/2021\/02\/cropped-Radio_Ljubuski_logo1.jpg","contentUrl":"https:\/\/radioljubuski.ba\/wp-content\/uploads\/2021\/02\/cropped-Radio_Ljubuski_logo1.jpg","width":512,"height":512,"caption":"Radio Ljubu\u0161ki"},"image":{"@id":"https:\/\/radioljubuski.ba\/#\/schema\/logo\/image\/"},"sameAs":["https:\/\/www.facebook.com\/Radiio-Ljubuski-1490835324566332","https:\/\/x.com\/radioljubuski","https:\/\/hr.linkedin.com\/company\/radio-ljubuski","https:\/\/www.youtube.com\/channel\/UCHYaeO_n0Db3tjNGudGpXyw"]},{"@type":"Person","@id":"https:\/\/radioljubuski.ba\/#\/schema\/person\/19fc700381a780f69665d7956c469e3b","name":"Radio Ljubu\u0161ki"}]}},"_links":{"self":[{"href":"https:\/\/radioljubuski.ba\/index.php\/wp-json\/wp\/v2\/posts\/15190","targetHints":{"allow":["GET"]}}],"collection":[{"href":"https:\/\/radioljubuski.ba\/index.php\/wp-json\/wp\/v2\/posts"}],"about":[{"href":"https:\/\/radioljubuski.ba\/index.php\/wp-json\/wp\/v2\/types\/post"}],"author":[{"embeddable":true,"href":"https:\/\/radioljubuski.ba\/index.php\/wp-json\/wp\/v2\/users\/2"}],"replies":[{"embeddable":true,"href":"https:\/\/radioljubuski.ba\/index.php\/wp-json\/wp\/v2\/comments?post=15190"}],"version-history":[{"count":1,"href":"https:\/\/radioljubuski.ba\/index.php\/wp-json\/wp\/v2\/posts\/15190\/revisions"}],"predecessor-version":[{"id":15192,"href":"https:\/\/radioljubuski.ba\/index.php\/wp-json\/wp\/v2\/posts\/15190\/revisions\/15192"}],"wp:featuredmedia":[{"embeddable":true,"href":"https:\/\/radioljubuski.ba\/index.php\/wp-json\/wp\/v2\/media\/15191"}],"wp:attachment":[{"href":"https:\/\/radioljubuski.ba\/index.php\/wp-json\/wp\/v2\/media?parent=15190"}],"wp:term":[{"taxonomy":"category","embeddable":true,"href":"https:\/\/radioljubuski.ba\/index.php\/wp-json\/wp\/v2\/categories?post=15190"},{"taxonomy":"post_tag","embeddable":true,"href":"https:\/\/radioljubuski.ba\/index.php\/wp-json\/wp\/v2\/tags?post=15190"}],"curies":[{"name":"wp","href":"https:\/\/api.w.org\/{rel}","templated":true}]}}