{"id":151913,"date":"2022-06-22T09:17:04","date_gmt":"2022-06-22T08:17:04","guid":{"rendered":"https:\/\/radioljubuski.ba\/?p=151913"},"modified":"2022-06-22T09:17:05","modified_gmt":"2022-06-22T08:17:05","slug":"biciklisti-iz-ljubuskog-i-capljine-vozili-memorijalnu-biciklijadu-u-spomen-na-tragicno-preminulog-prijatelja-ivana-brkica","status":"publish","type":"post","link":"https:\/\/radioljubuski.ba\/index.php\/2022\/06\/22\/biciklisti-iz-ljubuskog-i-capljine-vozili-memorijalnu-biciklijadu-u-spomen-na-tragicno-preminulog-prijatelja-ivana-brkica\/","title":{"rendered":"Biciklisti iz Ljubu\u0161kog i \u010capljine vozili memorijalnu biciklijadu u spomen na tragi\u010dno preminulog prijatelja Ivana Brki\u0107a"},"content":{"rendered":"\n<p>Odlazak ne zna\u010di ujedno i zaborav. Upravo to je nit vodilja biciklista koji se svake godine okupljaju na memorijalnu biciklijadu za prijatelja Ivana Brki\u0107a.<\/p>\n\n\n\n<p>I ove godine, po tre\u0107i puta do sada,&nbsp;organizirana&nbsp;je memorijalna biciklijada u spomen na tragi\u010dno preminulog Ivana Brki\u0107a.<\/p>\n\n\n\n<p>Biciklisti iz biciklisti\u010dkog kluba \u201c\u010capljina\u201d i biciklisti\u010dkog kluba \u201cLjubu\u0161ki\u201d ju\u010der su se okupili na Trgu kralja Tomislava i\u00a0odvezli\u00a0memorijalnu biciklijadu do vje\u010dnog po\u010divali\u0161ta na\u0161eg Ivana na Po\u010ditelj Brdu.<\/p>\n\n\n\n<p><em>\u201cOvo je tre\u0107a memorijalna biciklijada za na\u0161eg Ivana. Prvu smo radili mjesec dana nakon smrti. Dvije godine je pro\u0161lo ali bol ne jenjava. Te\u0161ko nam je ali skupili smo snage da se danas okupimo tu za njega. Tu je i dio ekipe koji su najvi\u0161e biciklirali s na\u0161im Ivanom, tu su i prijatelji iz biciklisti\u010dkog kluba Ljubu\u0161ki koji su tako\u0111er biciklirali s Ivanom. Te\u0161ko nam jeste ali upravo ovim \u010dinom \u017eelimo pokazati da ga nismo zaboravili i nadam se ova pri\u010da ne\u0107e ugasiti kroz godine nego da \u0107e se jo\u0161 vi\u0161e omasoviti.\u201d<\/em>, kazao je za\u00a0<a href=\"https:\/\/djaka-city.info\/\">\u0110aka city<\/a>\u00a0portal predsjednik biciklisti\u010dkog kluba \u201c\u010capljina\u201d Vedran Pa\u017eulj.<\/p>\n\n\n\n<p><strong>Izvor: Djaka-city.info<\/strong><\/p>\n","protected":false},"excerpt":{"rendered":"<p>Odlazak ne zna\u010di ujedno i zaborav. Upravo to je nit vodilja biciklista koji se svake godine okupljaju na memorijalnu biciklijadu za prijatelja Ivana Brki\u0107a. I ove godine, po tre\u0107i puta do sada,&nbsp;organizirana&nbsp;je memorijalna biciklijada u spomen na tragi\u010dno preminulog Ivana Brki\u0107a. Biciklisti iz biciklisti\u010dkog kluba \u201c\u010capljina\u201d i biciklisti\u010dkog kluba \u201cLjubu\u0161ki\u201d ju\u010der su se okupili na [&hellip;]<\/p>\n","protected":false},"author":2,"featured_media":151914,"comment_status":"closed","ping_status":"closed","sticky":false,"template":"","format":"standard","meta":{"h5ap_radio_sources":[],"footnotes":""},"categories":[3],"tags":[],"class_list":["post-151913","post","type-post","status-publish","format-standard","has-post-thumbnail","hentry","category-ljubuski"],"yoast_head":"<!-- This site is optimized with the Yoast SEO plugin v27.4 - https:\/\/yoast.com\/product\/yoast-seo-wordpress\/ -->\n<title>Biciklisti iz Ljubu\u0161kog i \u010capljine vozili memorijalnu biciklijadu u spomen na tragi\u010dno preminulog prijatelja Ivana Brki\u0107a - RADIO LJUBU\u0160KI<\/title>\n<meta name=\"robots\" content=\"index, follow, max-snippet:-1, max-image-preview:large, max-video-preview:-1\" \/>\n<link rel=\"canonical\" href=\"https:\/\/radioljubuski.ba\/index.php\/2022\/06\/22\/biciklisti-iz-ljubuskog-i-capljine-vozili-memorijalnu-biciklijadu-u-spomen-na-tragicno-preminulog-prijatelja-ivana-brkica\/\" \/>\n<meta property=\"og:locale\" content=\"hr_HR\" \/>\n<meta property=\"og:type\" content=\"article\" \/>\n<meta property=\"og:title\" content=\"Biciklisti iz Ljubu\u0161kog i \u010capljine vozili memorijalnu biciklijadu u spomen na tragi\u010dno preminulog prijatelja Ivana Brki\u0107a - RADIO LJUBU\u0160KI\" \/>\n<meta property=\"og:description\" content=\"Odlazak ne zna\u010di ujedno i zaborav. Upravo to je nit vodilja biciklista koji se svake godine okupljaju na memorijalnu biciklijadu za prijatelja Ivana Brki\u0107a. I ove godine, po tre\u0107i puta do sada,&nbsp;organizirana&nbsp;je memorijalna biciklijada u spomen na tragi\u010dno preminulog Ivana Brki\u0107a. Biciklisti iz biciklisti\u010dkog kluba \u201c\u010capljina\u201d i biciklisti\u010dkog kluba \u201cLjubu\u0161ki\u201d ju\u010der su se okupili na [&hellip;]\" \/>\n<meta property=\"og:url\" content=\"https:\/\/radioljubuski.ba\/index.php\/2022\/06\/22\/biciklisti-iz-ljubuskog-i-capljine-vozili-memorijalnu-biciklijadu-u-spomen-na-tragicno-preminulog-prijatelja-ivana-brkica\/\" \/>\n<meta property=\"og:site_name\" content=\"RADIO LJUBU\u0160KI\" \/>\n<meta property=\"article:publisher\" content=\"https:\/\/www.facebook.com\/Radiio-Ljubuski-1490835324566332\" \/>\n<meta property=\"article:published_time\" content=\"2022-06-22T08:17:04+00:00\" \/>\n<meta property=\"article:modified_time\" content=\"2022-06-22T08:17:05+00:00\" \/>\n<meta property=\"og:image\" content=\"https:\/\/radioljubuski.ba\/wp-content\/uploads\/2022\/06\/memorijalna-biciklijada.jpg\" \/>\n\t<meta property=\"og:image:width\" content=\"1024\" \/>\n\t<meta property=\"og:image:height\" content=\"768\" \/>\n\t<meta property=\"og:image:type\" content=\"image\/jpeg\" \/>\n<meta name=\"author\" content=\"Radio Ljubu\u0161ki\" \/>\n<meta name=\"twitter:card\" content=\"summary_large_image\" \/>\n<meta name=\"twitter:creator\" content=\"@radioljubuski\" \/>\n<meta name=\"twitter:site\" content=\"@radioljubuski\" \/>\n<meta name=\"twitter:label1\" content=\"Napisao\/la\" \/>\n\t<meta name=\"twitter:data1\" content=\"Radio Ljubu\u0161ki\" \/>\n\t<meta name=\"twitter:label2\" content=\"Procijenjeno vrijeme \u010ditanja\" \/>\n\t<meta name=\"twitter:data2\" content=\"1 minuta\" \/>\n<script type=\"application\/ld+json\" class=\"yoast-schema-graph\">{\"@context\":\"https:\\\/\\\/schema.org\",\"@graph\":[{\"@type\":\"Article\",\"@id\":\"https:\\\/\\\/radioljubuski.ba\\\/index.php\\\/2022\\\/06\\\/22\\\/biciklisti-iz-ljubuskog-i-capljine-vozili-memorijalnu-biciklijadu-u-spomen-na-tragicno-preminulog-prijatelja-ivana-brkica\\\/#article\",\"isPartOf\":{\"@id\":\"https:\\\/\\\/radioljubuski.ba\\\/index.php\\\/2022\\\/06\\\/22\\\/biciklisti-iz-ljubuskog-i-capljine-vozili-memorijalnu-biciklijadu-u-spomen-na-tragicno-preminulog-prijatelja-ivana-brkica\\\/\"},\"author\":{\"name\":\"Radio Ljubu\u0161ki\",\"@id\":\"https:\\\/\\\/radioljubuski.ba\\\/#\\\/schema\\\/person\\\/19fc700381a780f69665d7956c469e3b\"},\"headline\":\"Biciklisti iz Ljubu\u0161kog i \u010capljine vozili memorijalnu biciklijadu u spomen na tragi\u010dno preminulog prijatelja Ivana Brki\u0107a\",\"datePublished\":\"2022-06-22T08:17:04+00:00\",\"dateModified\":\"2022-06-22T08:17:05+00:00\",\"mainEntityOfPage\":{\"@id\":\"https:\\\/\\\/radioljubuski.ba\\\/index.php\\\/2022\\\/06\\\/22\\\/biciklisti-iz-ljubuskog-i-capljine-vozili-memorijalnu-biciklijadu-u-spomen-na-tragicno-preminulog-prijatelja-ivana-brkica\\\/\"},\"wordCount\":229,\"publisher\":{\"@id\":\"https:\\\/\\\/radioljubuski.ba\\\/#organization\"},\"image\":{\"@id\":\"https:\\\/\\\/radioljubuski.ba\\\/index.php\\\/2022\\\/06\\\/22\\\/biciklisti-iz-ljubuskog-i-capljine-vozili-memorijalnu-biciklijadu-u-spomen-na-tragicno-preminulog-prijatelja-ivana-brkica\\\/#primaryimage\"},\"thumbnailUrl\":\"https:\\\/\\\/radioljubuski.ba\\\/wp-content\\\/uploads\\\/2022\\\/06\\\/memorijalna-biciklijada.jpg\",\"articleSection\":[\"Ljubu\u0161ki\"],\"inLanguage\":\"hr\"},{\"@type\":\"WebPage\",\"@id\":\"https:\\\/\\\/radioljubuski.ba\\\/index.php\\\/2022\\\/06\\\/22\\\/biciklisti-iz-ljubuskog-i-capljine-vozili-memorijalnu-biciklijadu-u-spomen-na-tragicno-preminulog-prijatelja-ivana-brkica\\\/\",\"url\":\"https:\\\/\\\/radioljubuski.ba\\\/index.php\\\/2022\\\/06\\\/22\\\/biciklisti-iz-ljubuskog-i-capljine-vozili-memorijalnu-biciklijadu-u-spomen-na-tragicno-preminulog-prijatelja-ivana-brkica\\\/\",\"name\":\"Biciklisti iz Ljubu\u0161kog i \u010capljine vozili memorijalnu biciklijadu u spomen na tragi\u010dno preminulog prijatelja Ivana Brki\u0107a - RADIO LJUBU\u0160KI\",\"isPartOf\":{\"@id\":\"https:\\\/\\\/radioljubuski.ba\\\/#website\"},\"primaryImageOfPage\":{\"@id\":\"https:\\\/\\\/radioljubuski.ba\\\/index.php\\\/2022\\\/06\\\/22\\\/biciklisti-iz-ljubuskog-i-capljine-vozili-memorijalnu-biciklijadu-u-spomen-na-tragicno-preminulog-prijatelja-ivana-brkica\\\/#primaryimage\"},\"image\":{\"@id\":\"https:\\\/\\\/radioljubuski.ba\\\/index.php\\\/2022\\\/06\\\/22\\\/biciklisti-iz-ljubuskog-i-capljine-vozili-memorijalnu-biciklijadu-u-spomen-na-tragicno-preminulog-prijatelja-ivana-brkica\\\/#primaryimage\"},\"thumbnailUrl\":\"https:\\\/\\\/radioljubuski.ba\\\/wp-content\\\/uploads\\\/2022\\\/06\\\/memorijalna-biciklijada.jpg\",\"datePublished\":\"2022-06-22T08:17:04+00:00\",\"dateModified\":\"2022-06-22T08:17:05+00:00\",\"breadcrumb\":{\"@id\":\"https:\\\/\\\/radioljubuski.ba\\\/index.php\\\/2022\\\/06\\\/22\\\/biciklisti-iz-ljubuskog-i-capljine-vozili-memorijalnu-biciklijadu-u-spomen-na-tragicno-preminulog-prijatelja-ivana-brkica\\\/#breadcrumb\"},\"inLanguage\":\"hr\",\"potentialAction\":[{\"@type\":\"ReadAction\",\"target\":[\"https:\\\/\\\/radioljubuski.ba\\\/index.php\\\/2022\\\/06\\\/22\\\/biciklisti-iz-ljubuskog-i-capljine-vozili-memorijalnu-biciklijadu-u-spomen-na-tragicno-preminulog-prijatelja-ivana-brkica\\\/\"]}]},{\"@type\":\"ImageObject\",\"inLanguage\":\"hr\",\"@id\":\"https:\\\/\\\/radioljubuski.ba\\\/index.php\\\/2022\\\/06\\\/22\\\/biciklisti-iz-ljubuskog-i-capljine-vozili-memorijalnu-biciklijadu-u-spomen-na-tragicno-preminulog-prijatelja-ivana-brkica\\\/#primaryimage\",\"url\":\"https:\\\/\\\/radioljubuski.ba\\\/wp-content\\\/uploads\\\/2022\\\/06\\\/memorijalna-biciklijada.jpg\",\"contentUrl\":\"https:\\\/\\\/radioljubuski.ba\\\/wp-content\\\/uploads\\\/2022\\\/06\\\/memorijalna-biciklijada.jpg\",\"width\":1024,\"height\":768},{\"@type\":\"BreadcrumbList\",\"@id\":\"https:\\\/\\\/radioljubuski.ba\\\/index.php\\\/2022\\\/06\\\/22\\\/biciklisti-iz-ljubuskog-i-capljine-vozili-memorijalnu-biciklijadu-u-spomen-na-tragicno-preminulog-prijatelja-ivana-brkica\\\/#breadcrumb\",\"itemListElement\":[{\"@type\":\"ListItem\",\"position\":1,\"name\":\"Po\u010detna stranica\",\"item\":\"https:\\\/\\\/radioljubuski.ba\\\/\"},{\"@type\":\"ListItem\",\"position\":2,\"name\":\"Biciklisti iz Ljubu\u0161kog i \u010capljine vozili memorijalnu biciklijadu u spomen na tragi\u010dno preminulog prijatelja Ivana Brki\u0107a\"}]},{\"@type\":\"WebSite\",\"@id\":\"https:\\\/\\\/radioljubuski.ba\\\/#website\",\"url\":\"https:\\\/\\\/radioljubuski.ba\\\/\",\"name\":\"Radio Ljubu\u0161ki\",\"description\":\"Sun\u010dana frekvencija Hercegovine\",\"publisher\":{\"@id\":\"https:\\\/\\\/radioljubuski.ba\\\/#organization\"},\"potentialAction\":[{\"@type\":\"SearchAction\",\"target\":{\"@type\":\"EntryPoint\",\"urlTemplate\":\"https:\\\/\\\/radioljubuski.ba\\\/?s={search_term_string}\"},\"query-input\":{\"@type\":\"PropertyValueSpecification\",\"valueRequired\":true,\"valueName\":\"search_term_string\"}}],\"inLanguage\":\"hr\"},{\"@type\":\"Organization\",\"@id\":\"https:\\\/\\\/radioljubuski.ba\\\/#organization\",\"name\":\"Radio Ljubu\u0161ki\",\"url\":\"https:\\\/\\\/radioljubuski.ba\\\/\",\"logo\":{\"@type\":\"ImageObject\",\"inLanguage\":\"hr\",\"@id\":\"https:\\\/\\\/radioljubuski.ba\\\/#\\\/schema\\\/logo\\\/image\\\/\",\"url\":\"https:\\\/\\\/radioljubuski.ba\\\/wp-content\\\/uploads\\\/2021\\\/02\\\/cropped-Radio_Ljubuski_logo1.jpg\",\"contentUrl\":\"https:\\\/\\\/radioljubuski.ba\\\/wp-content\\\/uploads\\\/2021\\\/02\\\/cropped-Radio_Ljubuski_logo1.jpg\",\"width\":512,\"height\":512,\"caption\":\"Radio Ljubu\u0161ki\"},\"image\":{\"@id\":\"https:\\\/\\\/radioljubuski.ba\\\/#\\\/schema\\\/logo\\\/image\\\/\"},\"sameAs\":[\"https:\\\/\\\/www.facebook.com\\\/Radiio-Ljubuski-1490835324566332\",\"https:\\\/\\\/x.com\\\/radioljubuski\",\"https:\\\/\\\/hr.linkedin.com\\\/company\\\/radio-ljubuski\",\"https:\\\/\\\/www.youtube.com\\\/channel\\\/UCHYaeO_n0Db3tjNGudGpXyw\"]},{\"@type\":\"Person\",\"@id\":\"https:\\\/\\\/radioljubuski.ba\\\/#\\\/schema\\\/person\\\/19fc700381a780f69665d7956c469e3b\",\"name\":\"Radio Ljubu\u0161ki\"}]}<\/script>\n<!-- \/ Yoast SEO plugin. -->","yoast_head_json":{"title":"Biciklisti iz Ljubu\u0161kog i \u010capljine vozili memorijalnu biciklijadu u spomen na tragi\u010dno preminulog prijatelja Ivana Brki\u0107a - RADIO LJUBU\u0160KI","robots":{"index":"index","follow":"follow","max-snippet":"max-snippet:-1","max-image-preview":"max-image-preview:large","max-video-preview":"max-video-preview:-1"},"canonical":"https:\/\/radioljubuski.ba\/index.php\/2022\/06\/22\/biciklisti-iz-ljubuskog-i-capljine-vozili-memorijalnu-biciklijadu-u-spomen-na-tragicno-preminulog-prijatelja-ivana-brkica\/","og_locale":"hr_HR","og_type":"article","og_title":"Biciklisti iz Ljubu\u0161kog i \u010capljine vozili memorijalnu biciklijadu u spomen na tragi\u010dno preminulog prijatelja Ivana Brki\u0107a - RADIO LJUBU\u0160KI","og_description":"Odlazak ne zna\u010di ujedno i zaborav. Upravo to je nit vodilja biciklista koji se svake godine okupljaju na memorijalnu biciklijadu za prijatelja Ivana Brki\u0107a. I ove godine, po tre\u0107i puta do sada,&nbsp;organizirana&nbsp;je memorijalna biciklijada u spomen na tragi\u010dno preminulog Ivana Brki\u0107a. Biciklisti iz biciklisti\u010dkog kluba \u201c\u010capljina\u201d i biciklisti\u010dkog kluba \u201cLjubu\u0161ki\u201d ju\u010der su se okupili na [&hellip;]","og_url":"https:\/\/radioljubuski.ba\/index.php\/2022\/06\/22\/biciklisti-iz-ljubuskog-i-capljine-vozili-memorijalnu-biciklijadu-u-spomen-na-tragicno-preminulog-prijatelja-ivana-brkica\/","og_site_name":"RADIO LJUBU\u0160KI","article_publisher":"https:\/\/www.facebook.com\/Radiio-Ljubuski-1490835324566332","article_published_time":"2022-06-22T08:17:04+00:00","article_modified_time":"2022-06-22T08:17:05+00:00","og_image":[{"width":1024,"height":768,"url":"https:\/\/radioljubuski.ba\/wp-content\/uploads\/2022\/06\/memorijalna-biciklijada.jpg","type":"image\/jpeg"}],"author":"Radio Ljubu\u0161ki","twitter_card":"summary_large_image","twitter_creator":"@radioljubuski","twitter_site":"@radioljubuski","twitter_misc":{"Napisao\/la":"Radio Ljubu\u0161ki","Procijenjeno vrijeme \u010ditanja":"1 minuta"},"schema":{"@context":"https:\/\/schema.org","@graph":[{"@type":"Article","@id":"https:\/\/radioljubuski.ba\/index.php\/2022\/06\/22\/biciklisti-iz-ljubuskog-i-capljine-vozili-memorijalnu-biciklijadu-u-spomen-na-tragicno-preminulog-prijatelja-ivana-brkica\/#article","isPartOf":{"@id":"https:\/\/radioljubuski.ba\/index.php\/2022\/06\/22\/biciklisti-iz-ljubuskog-i-capljine-vozili-memorijalnu-biciklijadu-u-spomen-na-tragicno-preminulog-prijatelja-ivana-brkica\/"},"author":{"name":"Radio Ljubu\u0161ki","@id":"https:\/\/radioljubuski.ba\/#\/schema\/person\/19fc700381a780f69665d7956c469e3b"},"headline":"Biciklisti iz Ljubu\u0161kog i \u010capljine vozili memorijalnu biciklijadu u spomen na tragi\u010dno preminulog prijatelja Ivana Brki\u0107a","datePublished":"2022-06-22T08:17:04+00:00","dateModified":"2022-06-22T08:17:05+00:00","mainEntityOfPage":{"@id":"https:\/\/radioljubuski.ba\/index.php\/2022\/06\/22\/biciklisti-iz-ljubuskog-i-capljine-vozili-memorijalnu-biciklijadu-u-spomen-na-tragicno-preminulog-prijatelja-ivana-brkica\/"},"wordCount":229,"publisher":{"@id":"https:\/\/radioljubuski.ba\/#organization"},"image":{"@id":"https:\/\/radioljubuski.ba\/index.php\/2022\/06\/22\/biciklisti-iz-ljubuskog-i-capljine-vozili-memorijalnu-biciklijadu-u-spomen-na-tragicno-preminulog-prijatelja-ivana-brkica\/#primaryimage"},"thumbnailUrl":"https:\/\/radioljubuski.ba\/wp-content\/uploads\/2022\/06\/memorijalna-biciklijada.jpg","articleSection":["Ljubu\u0161ki"],"inLanguage":"hr"},{"@type":"WebPage","@id":"https:\/\/radioljubuski.ba\/index.php\/2022\/06\/22\/biciklisti-iz-ljubuskog-i-capljine-vozili-memorijalnu-biciklijadu-u-spomen-na-tragicno-preminulog-prijatelja-ivana-brkica\/","url":"https:\/\/radioljubuski.ba\/index.php\/2022\/06\/22\/biciklisti-iz-ljubuskog-i-capljine-vozili-memorijalnu-biciklijadu-u-spomen-na-tragicno-preminulog-prijatelja-ivana-brkica\/","name":"Biciklisti iz Ljubu\u0161kog i \u010capljine vozili memorijalnu biciklijadu u spomen na tragi\u010dno preminulog prijatelja Ivana Brki\u0107a - RADIO LJUBU\u0160KI","isPartOf":{"@id":"https:\/\/radioljubuski.ba\/#website"},"primaryImageOfPage":{"@id":"https:\/\/radioljubuski.ba\/index.php\/2022\/06\/22\/biciklisti-iz-ljubuskog-i-capljine-vozili-memorijalnu-biciklijadu-u-spomen-na-tragicno-preminulog-prijatelja-ivana-brkica\/#primaryimage"},"image":{"@id":"https:\/\/radioljubuski.ba\/index.php\/2022\/06\/22\/biciklisti-iz-ljubuskog-i-capljine-vozili-memorijalnu-biciklijadu-u-spomen-na-tragicno-preminulog-prijatelja-ivana-brkica\/#primaryimage"},"thumbnailUrl":"https:\/\/radioljubuski.ba\/wp-content\/uploads\/2022\/06\/memorijalna-biciklijada.jpg","datePublished":"2022-06-22T08:17:04+00:00","dateModified":"2022-06-22T08:17:05+00:00","breadcrumb":{"@id":"https:\/\/radioljubuski.ba\/index.php\/2022\/06\/22\/biciklisti-iz-ljubuskog-i-capljine-vozili-memorijalnu-biciklijadu-u-spomen-na-tragicno-preminulog-prijatelja-ivana-brkica\/#breadcrumb"},"inLanguage":"hr","potentialAction":[{"@type":"ReadAction","target":["https:\/\/radioljubuski.ba\/index.php\/2022\/06\/22\/biciklisti-iz-ljubuskog-i-capljine-vozili-memorijalnu-biciklijadu-u-spomen-na-tragicno-preminulog-prijatelja-ivana-brkica\/"]}]},{"@type":"ImageObject","inLanguage":"hr","@id":"https:\/\/radioljubuski.ba\/index.php\/2022\/06\/22\/biciklisti-iz-ljubuskog-i-capljine-vozili-memorijalnu-biciklijadu-u-spomen-na-tragicno-preminulog-prijatelja-ivana-brkica\/#primaryimage","url":"https:\/\/radioljubuski.ba\/wp-content\/uploads\/2022\/06\/memorijalna-biciklijada.jpg","contentUrl":"https:\/\/radioljubuski.ba\/wp-content\/uploads\/2022\/06\/memorijalna-biciklijada.jpg","width":1024,"height":768},{"@type":"BreadcrumbList","@id":"https:\/\/radioljubuski.ba\/index.php\/2022\/06\/22\/biciklisti-iz-ljubuskog-i-capljine-vozili-memorijalnu-biciklijadu-u-spomen-na-tragicno-preminulog-prijatelja-ivana-brkica\/#breadcrumb","itemListElement":[{"@type":"ListItem","position":1,"name":"Po\u010detna stranica","item":"https:\/\/radioljubuski.ba\/"},{"@type":"ListItem","position":2,"name":"Biciklisti iz Ljubu\u0161kog i \u010capljine vozili memorijalnu biciklijadu u spomen na tragi\u010dno preminulog prijatelja Ivana Brki\u0107a"}]},{"@type":"WebSite","@id":"https:\/\/radioljubuski.ba\/#website","url":"https:\/\/radioljubuski.ba\/","name":"Radio Ljubu\u0161ki","description":"Sun\u010dana frekvencija Hercegovine","publisher":{"@id":"https:\/\/radioljubuski.ba\/#organization"},"potentialAction":[{"@type":"SearchAction","target":{"@type":"EntryPoint","urlTemplate":"https:\/\/radioljubuski.ba\/?s={search_term_string}"},"query-input":{"@type":"PropertyValueSpecification","valueRequired":true,"valueName":"search_term_string"}}],"inLanguage":"hr"},{"@type":"Organization","@id":"https:\/\/radioljubuski.ba\/#organization","name":"Radio Ljubu\u0161ki","url":"https:\/\/radioljubuski.ba\/","logo":{"@type":"ImageObject","inLanguage":"hr","@id":"https:\/\/radioljubuski.ba\/#\/schema\/logo\/image\/","url":"https:\/\/radioljubuski.ba\/wp-content\/uploads\/2021\/02\/cropped-Radio_Ljubuski_logo1.jpg","contentUrl":"https:\/\/radioljubuski.ba\/wp-content\/uploads\/2021\/02\/cropped-Radio_Ljubuski_logo1.jpg","width":512,"height":512,"caption":"Radio Ljubu\u0161ki"},"image":{"@id":"https:\/\/radioljubuski.ba\/#\/schema\/logo\/image\/"},"sameAs":["https:\/\/www.facebook.com\/Radiio-Ljubuski-1490835324566332","https:\/\/x.com\/radioljubuski","https:\/\/hr.linkedin.com\/company\/radio-ljubuski","https:\/\/www.youtube.com\/channel\/UCHYaeO_n0Db3tjNGudGpXyw"]},{"@type":"Person","@id":"https:\/\/radioljubuski.ba\/#\/schema\/person\/19fc700381a780f69665d7956c469e3b","name":"Radio Ljubu\u0161ki"}]}},"_links":{"self":[{"href":"https:\/\/radioljubuski.ba\/index.php\/wp-json\/wp\/v2\/posts\/151913","targetHints":{"allow":["GET"]}}],"collection":[{"href":"https:\/\/radioljubuski.ba\/index.php\/wp-json\/wp\/v2\/posts"}],"about":[{"href":"https:\/\/radioljubuski.ba\/index.php\/wp-json\/wp\/v2\/types\/post"}],"author":[{"embeddable":true,"href":"https:\/\/radioljubuski.ba\/index.php\/wp-json\/wp\/v2\/users\/2"}],"replies":[{"embeddable":true,"href":"https:\/\/radioljubuski.ba\/index.php\/wp-json\/wp\/v2\/comments?post=151913"}],"version-history":[{"count":1,"href":"https:\/\/radioljubuski.ba\/index.php\/wp-json\/wp\/v2\/posts\/151913\/revisions"}],"predecessor-version":[{"id":151915,"href":"https:\/\/radioljubuski.ba\/index.php\/wp-json\/wp\/v2\/posts\/151913\/revisions\/151915"}],"wp:featuredmedia":[{"embeddable":true,"href":"https:\/\/radioljubuski.ba\/index.php\/wp-json\/wp\/v2\/media\/151914"}],"wp:attachment":[{"href":"https:\/\/radioljubuski.ba\/index.php\/wp-json\/wp\/v2\/media?parent=151913"}],"wp:term":[{"taxonomy":"category","embeddable":true,"href":"https:\/\/radioljubuski.ba\/index.php\/wp-json\/wp\/v2\/categories?post=151913"},{"taxonomy":"post_tag","embeddable":true,"href":"https:\/\/radioljubuski.ba\/index.php\/wp-json\/wp\/v2\/tags?post=151913"}],"curies":[{"name":"wp","href":"https:\/\/api.w.org\/{rel}","templated":true}]}}