{"id":151951,"date":"2022-06-22T10:21:15","date_gmt":"2022-06-22T09:21:15","guid":{"rendered":"https:\/\/radioljubuski.ba\/?p=151951"},"modified":"2022-06-22T10:21:17","modified_gmt":"2022-06-22T09:21:17","slug":"ministarstvo-izdalo-preporuke-za-zastitu-radnika-ipak-sve-ovisi-o-volji-poslodavaca","status":"publish","type":"post","link":"https:\/\/radioljubuski.ba\/index.php\/2022\/06\/22\/ministarstvo-izdalo-preporuke-za-zastitu-radnika-ipak-sve-ovisi-o-volji-poslodavaca\/","title":{"rendered":"Ministarstvo izdalo preporuke za za\u0161titu radnika, ipak sve ovisi o volji poslodavaca"},"content":{"rendered":"\n<p><strong>Prema prognozama meteorologa, BiH ovoga tjedna o\u010dekuje toplinski val te \u0107e se temperature kretati i do 37 Celzijevih stupnjeva, pi\u0161e Ve\u010dernji list BiH.<\/strong><\/p>\n\n\n\n<p>Najavljeno je i da \u0107e temperature zraka pet dana zaredom odstupati za pet i vi\u0161e stupnjeva, \u0161to je u skladu s definicijom toplinskog vala. Federalno ministarstvo rada i socijalne politike, u skladu s odredbama Zakona o za\u0161titi na radu (\u010dlanak 9. stavak 5.), preporu\u010duje poslodavcima da, uslijed vremenskih neprilika izazvanih visokim temperaturama na teritoriju FBiH, provedu posebne mjere za\u0161tite kojima \u0107e sprije\u010diti nastupanje \u0161tetnih posljedica za zdravlje radnika, priop\u0107eno je iz Ministarstva.<\/p>\n\n\n\n<p>Ministarstvo preporu\u010duje poslodavcima da razmotre mogu\u0107nost prekida obavljanja poslova na otvorenom u razdoblju od 12 do 16 sati te nastavka poslije 16 sati. Ako je proces rada kod poslodavca organiziran na takav na\u010din da je nemogu\u0107e primijeniti navedenu mjeru, Ministarstvo preporu\u010duje poslodavcima da radnicima koji obavljaju poslove na otvorenom po\u010detak radnog vremena pomjere na \u0161est sati ujutro.<\/p>\n\n\n\n<p><strong>Toplinski udar<\/strong><\/p>\n\n\n\n<p>Tako\u0111er, preporu\u010duje se poslodavcima da za vrijeme trajanja navedenih vremenskih neprilika omogu\u0107e kori\u0161tenje godi\u0161njeg odmora radnicima s dijagnosticiranim kroni\u010dnim oboljenjima, kao i kori\u0161tenje odsutnosti u skladu sa zakonom, kolektivnim ugovorom ili pravilnikom o radu. Vru\u0107ine mogu potaknuti iscrpljenost i toplinski udar te mogu pogor\u0161ati postoje\u0107a stanja, poput kardiovaskularnih, respiratornih, bubre\u017enih ili mentalnih bolesti, a za vrijeme trajanja velikih vru\u0107ina treba se pridr\u017eavati savjeta zdravstvenih ustanova. Gra\u0111anima se savjetuje da rashlade tijelo i piju dovoljno teku\u0107ine koja se u ve\u0107oj mjeri gubi znojenjem, \u010dime dolazi do dehidracije. Preporuka je piti negaziranu vodu te konzumirati niskokalori\u010dne napitke bez kofeina, alkohola i \u0161e\u0107era.<\/p>\n\n\n\n<p>Treba izbjegavati izravan boravak na suncu u razdoblju od 10 do 17, posebno djeca, trudnice, starije osobe, sr\u010dani i bolesnici s kroni\u010dnim bolestima, dok se osobe koje rade na otvorenom trebaju \u010de\u0161\u0107e odmarati, skloniti u hlad i unositi teku\u0107inu svakih 30 minuta. U najtoplijem dijelu dana treba izbjegavati izlazak na otvoreno i fizi\u010dki rad. Rad na otvorenom i pod zrakama Sunca pogotovo je opasan i tra\u017ei od tvrtki da obrate posebnu pozornost na radnike koji zara\u0111uju svoju pla\u0107u u tako te\u0161kim uvjetima. Dok lije\u010dnici zbog visokih temperatura upozoravaju kako gra\u0111ani trebaju izbjegavati izlazak na sunce 10 \u2013 17 sati, toga se nepisanog pravila te\u0161ko, odnosno nikako, ne mogu pridr\u017eavati radnici \u010diji posao zahtijeva rad na otvorenom, a time i rad po najve\u0107im vru\u0107inama. Svakako su najugro\u017eeniji gra\u0111evinari, poljoprivrednici, radnici u komunalnim slu\u017ebama, djelatnici na intervencijama, monta\u017ei\u2026<\/p>\n\n\n\n<p>Me\u0111utim, zakonodavstvo jo\u0161 uvijek nije propisalo na kolikim vru\u0107inama oni ne smiju raditi. Sve se svodi na preporuke i dobru volju poslodavaca. Iako Ministarstvo rada i socijalne politike FBiH redovito u uvjetima ekstremno visokih temperatura daje preporuke da se provedu posebne mjere za\u0161tite kojima \u0107e se sprije\u010diti \u0161tetne posljedice za zdravlje radnika, poslodavci te preporuke rijetko po\u0161tuju. U zakonodavstvu iz podru\u010dja za\u0161tite na radu ne postoji jedinstvena vrijednost za maksimalnu temperaturu na kojoj radnik mo\u017ee biti izlo\u017een na poslu. Isto tako, nije propisano pri kojim bi mikroklimatskim uvjetima poslodavac trebao obustaviti radove jer postoji realna opasnost za \u017eivot i zdravlje radnika.<\/p>\n\n\n\n<p><strong>Posljedice za radnike<\/strong><\/p>\n\n\n\n<p>Radnim zakonodavstvom nije propisano na kojoj temperaturi zraka radnici ne smiju raditi na otvorenom. Istina, postoji me\u0111unarodni standard ISO 7243 koji definira uvjete i kriterije izvo\u0111enja radova u uvjetima visokih temperatura. ISO 7243, u uvjetima visokih temperatura, predvi\u0111eni su na\u010dini izvo\u0111enja radova, kao i preporuke za poslodavce i radnike, kao \u0161to su preraspodjela radnog vremena, rotacija poslova, izbjegavanje rada u najtoplijem dijelu dana, no\u0161enje lagane za\u0161titne odje\u0107e i obu\u0107e. Ipak, kazni za nepo\u0161tivanje ovog standarda ili pak preporuka nema.<\/p>\n\n\n\n<p>Me\u0111utim, ono \u0161to zakonom nije propisano kao ka\u017enjivo, za \u0161to nije propisana ni visina same kazne, inspektor ne mo\u017ee ni sankcionirati. Zakon je predvidio mogu\u0107nost, ali ne i obvezu da poslodavac izvr\u0161i preraspodjelu radnog vremena, stoga je ote\u017eano ka\u017enjavanje. Dok je tako, radnici \u0107e biti ostavljeni na milost odnosno nemilost poslodavaca.<\/p>\n\n\n\n<p>\/HMS\/<\/p>\n","protected":false},"excerpt":{"rendered":"<p>Prema prognozama meteorologa, BiH ovoga tjedna o\u010dekuje toplinski val te \u0107e se temperature kretati i do 37 Celzijevih stupnjeva, pi\u0161e Ve\u010dernji list BiH. Najavljeno je i da \u0107e temperature zraka pet dana zaredom odstupati za pet i vi\u0161e stupnjeva, \u0161to je u skladu s definicijom toplinskog vala. Federalno ministarstvo rada i socijalne politike, u skladu [&hellip;]<\/p>\n","protected":false},"author":2,"featured_media":151952,"comment_status":"closed","ping_status":"closed","sticky":false,"template":"","format":"standard","meta":{"h5ap_radio_sources":[],"footnotes":""},"categories":[1],"tags":[],"class_list":["post-151951","post","type-post","status-publish","format-standard","has-post-thumbnail","hentry","category-bihiregija"],"yoast_head":"<!-- This site is optimized with the Yoast SEO plugin v27.4 - https:\/\/yoast.com\/product\/yoast-seo-wordpress\/ -->\n<title>Ministarstvo izdalo preporuke za za\u0161titu radnika, ipak sve ovisi o volji poslodavaca - RADIO LJUBU\u0160KI<\/title>\n<meta name=\"robots\" content=\"index, follow, max-snippet:-1, max-image-preview:large, max-video-preview:-1\" \/>\n<link rel=\"canonical\" href=\"https:\/\/radioljubuski.ba\/index.php\/2022\/06\/22\/ministarstvo-izdalo-preporuke-za-zastitu-radnika-ipak-sve-ovisi-o-volji-poslodavaca\/\" \/>\n<meta property=\"og:locale\" content=\"hr_HR\" \/>\n<meta property=\"og:type\" content=\"article\" \/>\n<meta property=\"og:title\" content=\"Ministarstvo izdalo preporuke za za\u0161titu radnika, ipak sve ovisi o volji poslodavaca - RADIO LJUBU\u0160KI\" \/>\n<meta property=\"og:description\" content=\"Prema prognozama meteorologa, BiH ovoga tjedna o\u010dekuje toplinski val te \u0107e se temperature kretati i do 37 Celzijevih stupnjeva, pi\u0161e Ve\u010dernji list BiH. Najavljeno je i da \u0107e temperature zraka pet dana zaredom odstupati za pet i vi\u0161e stupnjeva, \u0161to je u skladu s definicijom toplinskog vala. Federalno ministarstvo rada i socijalne politike, u skladu [&hellip;]\" \/>\n<meta property=\"og:url\" content=\"https:\/\/radioljubuski.ba\/index.php\/2022\/06\/22\/ministarstvo-izdalo-preporuke-za-zastitu-radnika-ipak-sve-ovisi-o-volji-poslodavaca\/\" \/>\n<meta property=\"og:site_name\" content=\"RADIO LJUBU\u0160KI\" \/>\n<meta property=\"article:publisher\" content=\"https:\/\/www.facebook.com\/Radiio-Ljubuski-1490835324566332\" \/>\n<meta property=\"article:published_time\" content=\"2022-06-22T09:21:15+00:00\" \/>\n<meta property=\"article:modified_time\" content=\"2022-06-22T09:21:17+00:00\" \/>\n<meta property=\"og:image\" content=\"https:\/\/radioljubuski.ba\/wp-content\/uploads\/2022\/06\/radnici-BiH-vrucina.jpg\" \/>\n\t<meta property=\"og:image:width\" content=\"696\" \/>\n\t<meta property=\"og:image:height\" content=\"392\" \/>\n\t<meta property=\"og:image:type\" content=\"image\/jpeg\" \/>\n<meta name=\"author\" content=\"Radio Ljubu\u0161ki\" \/>\n<meta name=\"twitter:card\" content=\"summary_large_image\" \/>\n<meta name=\"twitter:creator\" content=\"@radioljubuski\" \/>\n<meta name=\"twitter:site\" content=\"@radioljubuski\" \/>\n<meta name=\"twitter:label1\" content=\"Napisao\/la\" \/>\n\t<meta name=\"twitter:data1\" content=\"Radio Ljubu\u0161ki\" \/>\n\t<meta name=\"twitter:label2\" content=\"Procijenjeno vrijeme \u010ditanja\" \/>\n\t<meta name=\"twitter:data2\" content=\"3 minute\" \/>\n<script type=\"application\/ld+json\" class=\"yoast-schema-graph\">{\"@context\":\"https:\\\/\\\/schema.org\",\"@graph\":[{\"@type\":\"Article\",\"@id\":\"https:\\\/\\\/radioljubuski.ba\\\/index.php\\\/2022\\\/06\\\/22\\\/ministarstvo-izdalo-preporuke-za-zastitu-radnika-ipak-sve-ovisi-o-volji-poslodavaca\\\/#article\",\"isPartOf\":{\"@id\":\"https:\\\/\\\/radioljubuski.ba\\\/index.php\\\/2022\\\/06\\\/22\\\/ministarstvo-izdalo-preporuke-za-zastitu-radnika-ipak-sve-ovisi-o-volji-poslodavaca\\\/\"},\"author\":{\"name\":\"Radio Ljubu\u0161ki\",\"@id\":\"https:\\\/\\\/radioljubuski.ba\\\/#\\\/schema\\\/person\\\/19fc700381a780f69665d7956c469e3b\"},\"headline\":\"Ministarstvo izdalo preporuke za za\u0161titu radnika, ipak sve ovisi o volji poslodavaca\",\"datePublished\":\"2022-06-22T09:21:15+00:00\",\"dateModified\":\"2022-06-22T09:21:17+00:00\",\"mainEntityOfPage\":{\"@id\":\"https:\\\/\\\/radioljubuski.ba\\\/index.php\\\/2022\\\/06\\\/22\\\/ministarstvo-izdalo-preporuke-za-zastitu-radnika-ipak-sve-ovisi-o-volji-poslodavaca\\\/\"},\"wordCount\":702,\"publisher\":{\"@id\":\"https:\\\/\\\/radioljubuski.ba\\\/#organization\"},\"image\":{\"@id\":\"https:\\\/\\\/radioljubuski.ba\\\/index.php\\\/2022\\\/06\\\/22\\\/ministarstvo-izdalo-preporuke-za-zastitu-radnika-ipak-sve-ovisi-o-volji-poslodavaca\\\/#primaryimage\"},\"thumbnailUrl\":\"https:\\\/\\\/radioljubuski.ba\\\/wp-content\\\/uploads\\\/2022\\\/06\\\/radnici-BiH-vrucina.jpg\",\"articleSection\":[\"BIH i regija\"],\"inLanguage\":\"hr\"},{\"@type\":\"WebPage\",\"@id\":\"https:\\\/\\\/radioljubuski.ba\\\/index.php\\\/2022\\\/06\\\/22\\\/ministarstvo-izdalo-preporuke-za-zastitu-radnika-ipak-sve-ovisi-o-volji-poslodavaca\\\/\",\"url\":\"https:\\\/\\\/radioljubuski.ba\\\/index.php\\\/2022\\\/06\\\/22\\\/ministarstvo-izdalo-preporuke-za-zastitu-radnika-ipak-sve-ovisi-o-volji-poslodavaca\\\/\",\"name\":\"Ministarstvo izdalo preporuke za za\u0161titu radnika, ipak sve ovisi o volji poslodavaca - RADIO LJUBU\u0160KI\",\"isPartOf\":{\"@id\":\"https:\\\/\\\/radioljubuski.ba\\\/#website\"},\"primaryImageOfPage\":{\"@id\":\"https:\\\/\\\/radioljubuski.ba\\\/index.php\\\/2022\\\/06\\\/22\\\/ministarstvo-izdalo-preporuke-za-zastitu-radnika-ipak-sve-ovisi-o-volji-poslodavaca\\\/#primaryimage\"},\"image\":{\"@id\":\"https:\\\/\\\/radioljubuski.ba\\\/index.php\\\/2022\\\/06\\\/22\\\/ministarstvo-izdalo-preporuke-za-zastitu-radnika-ipak-sve-ovisi-o-volji-poslodavaca\\\/#primaryimage\"},\"thumbnailUrl\":\"https:\\\/\\\/radioljubuski.ba\\\/wp-content\\\/uploads\\\/2022\\\/06\\\/radnici-BiH-vrucina.jpg\",\"datePublished\":\"2022-06-22T09:21:15+00:00\",\"dateModified\":\"2022-06-22T09:21:17+00:00\",\"breadcrumb\":{\"@id\":\"https:\\\/\\\/radioljubuski.ba\\\/index.php\\\/2022\\\/06\\\/22\\\/ministarstvo-izdalo-preporuke-za-zastitu-radnika-ipak-sve-ovisi-o-volji-poslodavaca\\\/#breadcrumb\"},\"inLanguage\":\"hr\",\"potentialAction\":[{\"@type\":\"ReadAction\",\"target\":[\"https:\\\/\\\/radioljubuski.ba\\\/index.php\\\/2022\\\/06\\\/22\\\/ministarstvo-izdalo-preporuke-za-zastitu-radnika-ipak-sve-ovisi-o-volji-poslodavaca\\\/\"]}]},{\"@type\":\"ImageObject\",\"inLanguage\":\"hr\",\"@id\":\"https:\\\/\\\/radioljubuski.ba\\\/index.php\\\/2022\\\/06\\\/22\\\/ministarstvo-izdalo-preporuke-za-zastitu-radnika-ipak-sve-ovisi-o-volji-poslodavaca\\\/#primaryimage\",\"url\":\"https:\\\/\\\/radioljubuski.ba\\\/wp-content\\\/uploads\\\/2022\\\/06\\\/radnici-BiH-vrucina.jpg\",\"contentUrl\":\"https:\\\/\\\/radioljubuski.ba\\\/wp-content\\\/uploads\\\/2022\\\/06\\\/radnici-BiH-vrucina.jpg\",\"width\":696,\"height\":392},{\"@type\":\"BreadcrumbList\",\"@id\":\"https:\\\/\\\/radioljubuski.ba\\\/index.php\\\/2022\\\/06\\\/22\\\/ministarstvo-izdalo-preporuke-za-zastitu-radnika-ipak-sve-ovisi-o-volji-poslodavaca\\\/#breadcrumb\",\"itemListElement\":[{\"@type\":\"ListItem\",\"position\":1,\"name\":\"Po\u010detna stranica\",\"item\":\"https:\\\/\\\/radioljubuski.ba\\\/\"},{\"@type\":\"ListItem\",\"position\":2,\"name\":\"Ministarstvo izdalo preporuke za za\u0161titu radnika, ipak sve ovisi o volji poslodavaca\"}]},{\"@type\":\"WebSite\",\"@id\":\"https:\\\/\\\/radioljubuski.ba\\\/#website\",\"url\":\"https:\\\/\\\/radioljubuski.ba\\\/\",\"name\":\"Radio Ljubu\u0161ki\",\"description\":\"Sun\u010dana frekvencija Hercegovine\",\"publisher\":{\"@id\":\"https:\\\/\\\/radioljubuski.ba\\\/#organization\"},\"potentialAction\":[{\"@type\":\"SearchAction\",\"target\":{\"@type\":\"EntryPoint\",\"urlTemplate\":\"https:\\\/\\\/radioljubuski.ba\\\/?s={search_term_string}\"},\"query-input\":{\"@type\":\"PropertyValueSpecification\",\"valueRequired\":true,\"valueName\":\"search_term_string\"}}],\"inLanguage\":\"hr\"},{\"@type\":\"Organization\",\"@id\":\"https:\\\/\\\/radioljubuski.ba\\\/#organization\",\"name\":\"Radio Ljubu\u0161ki\",\"url\":\"https:\\\/\\\/radioljubuski.ba\\\/\",\"logo\":{\"@type\":\"ImageObject\",\"inLanguage\":\"hr\",\"@id\":\"https:\\\/\\\/radioljubuski.ba\\\/#\\\/schema\\\/logo\\\/image\\\/\",\"url\":\"https:\\\/\\\/radioljubuski.ba\\\/wp-content\\\/uploads\\\/2021\\\/02\\\/cropped-Radio_Ljubuski_logo1.jpg\",\"contentUrl\":\"https:\\\/\\\/radioljubuski.ba\\\/wp-content\\\/uploads\\\/2021\\\/02\\\/cropped-Radio_Ljubuski_logo1.jpg\",\"width\":512,\"height\":512,\"caption\":\"Radio Ljubu\u0161ki\"},\"image\":{\"@id\":\"https:\\\/\\\/radioljubuski.ba\\\/#\\\/schema\\\/logo\\\/image\\\/\"},\"sameAs\":[\"https:\\\/\\\/www.facebook.com\\\/Radiio-Ljubuski-1490835324566332\",\"https:\\\/\\\/x.com\\\/radioljubuski\",\"https:\\\/\\\/hr.linkedin.com\\\/company\\\/radio-ljubuski\",\"https:\\\/\\\/www.youtube.com\\\/channel\\\/UCHYaeO_n0Db3tjNGudGpXyw\"]},{\"@type\":\"Person\",\"@id\":\"https:\\\/\\\/radioljubuski.ba\\\/#\\\/schema\\\/person\\\/19fc700381a780f69665d7956c469e3b\",\"name\":\"Radio Ljubu\u0161ki\"}]}<\/script>\n<!-- \/ Yoast SEO plugin. -->","yoast_head_json":{"title":"Ministarstvo izdalo preporuke za za\u0161titu radnika, ipak sve ovisi o volji poslodavaca - RADIO LJUBU\u0160KI","robots":{"index":"index","follow":"follow","max-snippet":"max-snippet:-1","max-image-preview":"max-image-preview:large","max-video-preview":"max-video-preview:-1"},"canonical":"https:\/\/radioljubuski.ba\/index.php\/2022\/06\/22\/ministarstvo-izdalo-preporuke-za-zastitu-radnika-ipak-sve-ovisi-o-volji-poslodavaca\/","og_locale":"hr_HR","og_type":"article","og_title":"Ministarstvo izdalo preporuke za za\u0161titu radnika, ipak sve ovisi o volji poslodavaca - RADIO LJUBU\u0160KI","og_description":"Prema prognozama meteorologa, BiH ovoga tjedna o\u010dekuje toplinski val te \u0107e se temperature kretati i do 37 Celzijevih stupnjeva, pi\u0161e Ve\u010dernji list BiH. Najavljeno je i da \u0107e temperature zraka pet dana zaredom odstupati za pet i vi\u0161e stupnjeva, \u0161to je u skladu s definicijom toplinskog vala. Federalno ministarstvo rada i socijalne politike, u skladu [&hellip;]","og_url":"https:\/\/radioljubuski.ba\/index.php\/2022\/06\/22\/ministarstvo-izdalo-preporuke-za-zastitu-radnika-ipak-sve-ovisi-o-volji-poslodavaca\/","og_site_name":"RADIO LJUBU\u0160KI","article_publisher":"https:\/\/www.facebook.com\/Radiio-Ljubuski-1490835324566332","article_published_time":"2022-06-22T09:21:15+00:00","article_modified_time":"2022-06-22T09:21:17+00:00","og_image":[{"width":696,"height":392,"url":"https:\/\/radioljubuski.ba\/wp-content\/uploads\/2022\/06\/radnici-BiH-vrucina.jpg","type":"image\/jpeg"}],"author":"Radio Ljubu\u0161ki","twitter_card":"summary_large_image","twitter_creator":"@radioljubuski","twitter_site":"@radioljubuski","twitter_misc":{"Napisao\/la":"Radio Ljubu\u0161ki","Procijenjeno vrijeme \u010ditanja":"3 minute"},"schema":{"@context":"https:\/\/schema.org","@graph":[{"@type":"Article","@id":"https:\/\/radioljubuski.ba\/index.php\/2022\/06\/22\/ministarstvo-izdalo-preporuke-za-zastitu-radnika-ipak-sve-ovisi-o-volji-poslodavaca\/#article","isPartOf":{"@id":"https:\/\/radioljubuski.ba\/index.php\/2022\/06\/22\/ministarstvo-izdalo-preporuke-za-zastitu-radnika-ipak-sve-ovisi-o-volji-poslodavaca\/"},"author":{"name":"Radio Ljubu\u0161ki","@id":"https:\/\/radioljubuski.ba\/#\/schema\/person\/19fc700381a780f69665d7956c469e3b"},"headline":"Ministarstvo izdalo preporuke za za\u0161titu radnika, ipak sve ovisi o volji poslodavaca","datePublished":"2022-06-22T09:21:15+00:00","dateModified":"2022-06-22T09:21:17+00:00","mainEntityOfPage":{"@id":"https:\/\/radioljubuski.ba\/index.php\/2022\/06\/22\/ministarstvo-izdalo-preporuke-za-zastitu-radnika-ipak-sve-ovisi-o-volji-poslodavaca\/"},"wordCount":702,"publisher":{"@id":"https:\/\/radioljubuski.ba\/#organization"},"image":{"@id":"https:\/\/radioljubuski.ba\/index.php\/2022\/06\/22\/ministarstvo-izdalo-preporuke-za-zastitu-radnika-ipak-sve-ovisi-o-volji-poslodavaca\/#primaryimage"},"thumbnailUrl":"https:\/\/radioljubuski.ba\/wp-content\/uploads\/2022\/06\/radnici-BiH-vrucina.jpg","articleSection":["BIH i regija"],"inLanguage":"hr"},{"@type":"WebPage","@id":"https:\/\/radioljubuski.ba\/index.php\/2022\/06\/22\/ministarstvo-izdalo-preporuke-za-zastitu-radnika-ipak-sve-ovisi-o-volji-poslodavaca\/","url":"https:\/\/radioljubuski.ba\/index.php\/2022\/06\/22\/ministarstvo-izdalo-preporuke-za-zastitu-radnika-ipak-sve-ovisi-o-volji-poslodavaca\/","name":"Ministarstvo izdalo preporuke za za\u0161titu radnika, ipak sve ovisi o volji poslodavaca - RADIO LJUBU\u0160KI","isPartOf":{"@id":"https:\/\/radioljubuski.ba\/#website"},"primaryImageOfPage":{"@id":"https:\/\/radioljubuski.ba\/index.php\/2022\/06\/22\/ministarstvo-izdalo-preporuke-za-zastitu-radnika-ipak-sve-ovisi-o-volji-poslodavaca\/#primaryimage"},"image":{"@id":"https:\/\/radioljubuski.ba\/index.php\/2022\/06\/22\/ministarstvo-izdalo-preporuke-za-zastitu-radnika-ipak-sve-ovisi-o-volji-poslodavaca\/#primaryimage"},"thumbnailUrl":"https:\/\/radioljubuski.ba\/wp-content\/uploads\/2022\/06\/radnici-BiH-vrucina.jpg","datePublished":"2022-06-22T09:21:15+00:00","dateModified":"2022-06-22T09:21:17+00:00","breadcrumb":{"@id":"https:\/\/radioljubuski.ba\/index.php\/2022\/06\/22\/ministarstvo-izdalo-preporuke-za-zastitu-radnika-ipak-sve-ovisi-o-volji-poslodavaca\/#breadcrumb"},"inLanguage":"hr","potentialAction":[{"@type":"ReadAction","target":["https:\/\/radioljubuski.ba\/index.php\/2022\/06\/22\/ministarstvo-izdalo-preporuke-za-zastitu-radnika-ipak-sve-ovisi-o-volji-poslodavaca\/"]}]},{"@type":"ImageObject","inLanguage":"hr","@id":"https:\/\/radioljubuski.ba\/index.php\/2022\/06\/22\/ministarstvo-izdalo-preporuke-za-zastitu-radnika-ipak-sve-ovisi-o-volji-poslodavaca\/#primaryimage","url":"https:\/\/radioljubuski.ba\/wp-content\/uploads\/2022\/06\/radnici-BiH-vrucina.jpg","contentUrl":"https:\/\/radioljubuski.ba\/wp-content\/uploads\/2022\/06\/radnici-BiH-vrucina.jpg","width":696,"height":392},{"@type":"BreadcrumbList","@id":"https:\/\/radioljubuski.ba\/index.php\/2022\/06\/22\/ministarstvo-izdalo-preporuke-za-zastitu-radnika-ipak-sve-ovisi-o-volji-poslodavaca\/#breadcrumb","itemListElement":[{"@type":"ListItem","position":1,"name":"Po\u010detna stranica","item":"https:\/\/radioljubuski.ba\/"},{"@type":"ListItem","position":2,"name":"Ministarstvo izdalo preporuke za za\u0161titu radnika, ipak sve ovisi o volji poslodavaca"}]},{"@type":"WebSite","@id":"https:\/\/radioljubuski.ba\/#website","url":"https:\/\/radioljubuski.ba\/","name":"Radio Ljubu\u0161ki","description":"Sun\u010dana frekvencija Hercegovine","publisher":{"@id":"https:\/\/radioljubuski.ba\/#organization"},"potentialAction":[{"@type":"SearchAction","target":{"@type":"EntryPoint","urlTemplate":"https:\/\/radioljubuski.ba\/?s={search_term_string}"},"query-input":{"@type":"PropertyValueSpecification","valueRequired":true,"valueName":"search_term_string"}}],"inLanguage":"hr"},{"@type":"Organization","@id":"https:\/\/radioljubuski.ba\/#organization","name":"Radio Ljubu\u0161ki","url":"https:\/\/radioljubuski.ba\/","logo":{"@type":"ImageObject","inLanguage":"hr","@id":"https:\/\/radioljubuski.ba\/#\/schema\/logo\/image\/","url":"https:\/\/radioljubuski.ba\/wp-content\/uploads\/2021\/02\/cropped-Radio_Ljubuski_logo1.jpg","contentUrl":"https:\/\/radioljubuski.ba\/wp-content\/uploads\/2021\/02\/cropped-Radio_Ljubuski_logo1.jpg","width":512,"height":512,"caption":"Radio Ljubu\u0161ki"},"image":{"@id":"https:\/\/radioljubuski.ba\/#\/schema\/logo\/image\/"},"sameAs":["https:\/\/www.facebook.com\/Radiio-Ljubuski-1490835324566332","https:\/\/x.com\/radioljubuski","https:\/\/hr.linkedin.com\/company\/radio-ljubuski","https:\/\/www.youtube.com\/channel\/UCHYaeO_n0Db3tjNGudGpXyw"]},{"@type":"Person","@id":"https:\/\/radioljubuski.ba\/#\/schema\/person\/19fc700381a780f69665d7956c469e3b","name":"Radio Ljubu\u0161ki"}]}},"_links":{"self":[{"href":"https:\/\/radioljubuski.ba\/index.php\/wp-json\/wp\/v2\/posts\/151951","targetHints":{"allow":["GET"]}}],"collection":[{"href":"https:\/\/radioljubuski.ba\/index.php\/wp-json\/wp\/v2\/posts"}],"about":[{"href":"https:\/\/radioljubuski.ba\/index.php\/wp-json\/wp\/v2\/types\/post"}],"author":[{"embeddable":true,"href":"https:\/\/radioljubuski.ba\/index.php\/wp-json\/wp\/v2\/users\/2"}],"replies":[{"embeddable":true,"href":"https:\/\/radioljubuski.ba\/index.php\/wp-json\/wp\/v2\/comments?post=151951"}],"version-history":[{"count":1,"href":"https:\/\/radioljubuski.ba\/index.php\/wp-json\/wp\/v2\/posts\/151951\/revisions"}],"predecessor-version":[{"id":151953,"href":"https:\/\/radioljubuski.ba\/index.php\/wp-json\/wp\/v2\/posts\/151951\/revisions\/151953"}],"wp:featuredmedia":[{"embeddable":true,"href":"https:\/\/radioljubuski.ba\/index.php\/wp-json\/wp\/v2\/media\/151952"}],"wp:attachment":[{"href":"https:\/\/radioljubuski.ba\/index.php\/wp-json\/wp\/v2\/media?parent=151951"}],"wp:term":[{"taxonomy":"category","embeddable":true,"href":"https:\/\/radioljubuski.ba\/index.php\/wp-json\/wp\/v2\/categories?post=151951"},{"taxonomy":"post_tag","embeddable":true,"href":"https:\/\/radioljubuski.ba\/index.php\/wp-json\/wp\/v2\/tags?post=151951"}],"curies":[{"name":"wp","href":"https:\/\/api.w.org\/{rel}","templated":true}]}}