{"id":151954,"date":"2022-06-22T10:22:23","date_gmt":"2022-06-22T09:22:23","guid":{"rendered":"https:\/\/radioljubuski.ba\/?p=151954"},"modified":"2022-06-22T10:22:24","modified_gmt":"2022-06-22T09:22:24","slug":"plenkovic-kandidatski-status-za-bih-da-uz-izmjene-izbornog-zakona","status":"publish","type":"post","link":"https:\/\/radioljubuski.ba\/index.php\/2022\/06\/22\/plenkovic-kandidatski-status-za-bih-da-uz-izmjene-izbornog-zakona\/","title":{"rendered":"Plenkovi\u0107: Kandidatski status za BiH da, uz izmjene Izbornog zakona"},"content":{"rendered":"\n<p><strong>U slu\u017ebeni posjet Hrvatskoj stigla je predsjednica Vlade Finske Sanna Marin. Sastala se s predsjednikom Zoranom Milanovi\u0107em na Pantov\u010daku, nakon \u010dega ju je u Banskim dvorima primio premijer Andrej Plenkovi\u0107. Me\u0111u temama razgovora bili su \u017eelja Finske, kao i \u0160vedske, za ulaskom u NATO i situacija u BiH.<\/strong><\/p>\n\n\n\n<p>Plenkovi\u0107 je nakon sastanka rekao da su izme\u0111u ostalog razgovarali o njenim dojmovima nakon posjeta nekoliko dr\u017eava jugoistoka Europe.<\/p>\n\n\n\n<p>\u2013 Bilo je vrlo lijepo \u010duti sna\u017enu potporu Finske hrvatskom \u010dlanstvu u europodru\u010dju, hrvatskom \u010dlanstvu u schengenskom prostoru, rekao je Plenkovi\u0107.<\/p>\n\n\n\n<p>Razgovarali su i o situaciji nakon ruske agresije na Ukrajinu. Plenkovi\u0107 je rekao da je invazija stubokom promijenila me\u0111unarodne odnose i sigurnosne ugroze na europskom kontinentu, koja je imala te\u0161ke posljedice po ukrajinski narod, ali je za posljedicu imala i rast cijena energenata i hrane.<\/p>\n\n\n\n<p>Plenkovi\u0107 je istaknuo da su raspravili i situaciju u BiH.<\/p>\n\n\n\n<p>\u2013 Objasnili smo finskoj premijerki posebno va\u017enost izmjene izbornoga zakona kako bi izbori koji se trebaju odr\u017eati u listopadu bili pravedni, kako bi i hrvatski narod kao konstitutivni narod u BiH bio u poziciji, kao i druga dva, da je ravnopravan i da Hrvati biraju svoje predstavnike u predstavni\u010dka i najvi\u0161a tijela BiH, rekao je Plenkovi\u0107.<\/p>\n\n\n\n<p>Dodao je da Hrvatska godinama ima jasnu poziciju podr\u0161ke Bosni i Hercegovini u dobivanju statusa kandidata za \u010dlanstvo u Europskoj uniji.<\/p>\n\n\n\n<p>\u2013 Smatramo da bi bilo dobro da i BiH dobije status kandidata, a da se pritom, naravno, napravi korak koji je klju\u010dan, a to je da se postigne dogovor o izmjenama izbornoga zakona i ograni\u010denim ustavnim reformama koji bi omogu\u0107io da svi narodi u BiH i drugi gra\u0111ani budu ravnopravni, rekao je Plenkovi\u0107.<\/p>\n\n\n\n<p>Rekao je i da je Marin prenijela \u017eelju Finske da postane \u010dlanica NATO-a.<\/p>\n\n\n\n<p>\u2013 Mi po\u0161tujemo taj izbor Finske, poru\u010dio je hrvatski premijer, isti\u010du\u0107i va\u017enost NATO-a u situaciji nakon ruske invazije na Ukrajinu.<\/p>\n\n\n\n<p>Plenkovi\u0107 je naveo da su razgovarali i o gospodarskim odnosima.<\/p>\n\n\n\n<p>Marin je rekla da cijeni hrvatsko prijateljstvo i suradnju, a razgovore je ocijenila vrlo va\u017enima, dodav\u0161i kako vjeruje da \u0107e Hrvatska i Finska uskoro biti saveznici u NATO-u.<\/p>\n\n\n\n<p>\u2013 Nema tje\u0161njeg odnosa nego biti \u010dlanom ovakvog jednog savezni\u0161tva gdje branimo jedni druge. Ruski brutalan rat protiv Ukrajine zaista je promijenio sigurnosno okru\u017eenje, rekla je Marin, naglasiv\u0161i va\u017enost podr\u0161ke Ukrajine.<\/p>\n\n\n\n<p>Rekla je da \u010dlanstvo u NATO-u u\u017eiva veliku podr\u0161ku finskih gra\u0111ana.<\/p>\n\n\n\n<p>\u2013 Mi pru\u017eamo sigurnost, na\u0161e obrambene snage su me\u0111u najsna\u017enijima u Europi i ve\u0107 sada mogu funkcionirati besprijekorno s NATO-om. Zahvaljujemo Hrvatskoj na podr\u0161ci, poru\u010dila je.<\/p>\n\n\n\n<p>Marin je tako\u0111er izrazila zadovoljstvo \u0161to \u0107e Hrvatska sljede\u0107e godine usvojiti euro.<\/p>\n\n\n\n<p>\u2013 Zaista mo\u017eete biti sigurni i u na\u0161u podr\u0161ku kad je rije\u010d o ulasku u schengenski prostor, rekla je.<\/p>\n\n\n\n<p>Marin je, odgovaraju\u0107i na novinarska pitanja nakon izjave s Plenkovi\u0107em, rekla i da je imala dobar razgovor s Milanovi\u0107em, koji je ve\u0107 prije poru\u010divao da bi podr\u0161ku ulasku Finske u NATO trebalo uvjetovati rje\u0161avanjem situacije u BiH.<\/p>\n\n\n\n<p>\u2013 Va\u017eno je iz perspektive NATO-a da dvije zemlje koje ispunjavaju sve kriterije postanu \u010dlanice i bilo bi bolje prije nego kasnije, rekla je.<\/p>\n\n\n\n<p>\u2013 Vjerujem da Hrvatska podr\u017eava na\u0161e \u010dlanstvo u NATO-u i nisam dobila nikakve druge informacije na dana\u0161njem sastanku, dodala je.<\/p>\n\n\n\n<p><strong>Predsjednik Milanovi\u0107 o\u010dekuje podr\u0161ku za hrvatske interese<\/strong><\/p>\n\n\n\n<p>Hrvatski predsjednik Zoran Milanovi\u0107 rekao je finskoj premijerki Sanni Marin kako se ne protivi na\u010delno prijemu Finske u NATO, ali joj je istodobno ukazao na te\u017eak polo\u017eaj Hrvata u BiH te na sigurnosne probleme s kojima je suo\u010dena Hrvatska zbog nestabilne situacije u toj zemlji.<\/p>\n\n\n\n<p>Nakon sastanka nije bilo izjava nego samo priop\u0107enje Ureda predsjednika koje prenosimo u cijelosti.<\/p>\n\n\n\n<p>Na sastanku odr\u017eanom u Uredu Predsjednika Republike razgovarali su o odnosima dviju dr\u017eava koje povezuje \u010dlanstvo u Europskoj uniji, zatim o NATO summitu koji \u0107e se odr\u017eati u Madridu idu\u0107eg tjedna, kao i o sigurnosnoj i politi\u010dkoj situaciji u jugoisto\u010dnoj Europi s naglaskom na Bosnu i Hercegovinu.<\/p>\n\n\n\n<p>Budu\u0107i da je Finska podnijela zahtjev za \u010dlanstvo u NATO-u, predsjednik Milanovi\u0107 upoznao je premijerku Marin sa svojim stavovima vezanim uz \u0161irenje NATO-a. Pri tome je pojasnio kako se na\u010delno ne protivi ulasku Finske u NATO i da razumije sigurnosne razloge zbog kojih je Finska aplicirala za \u010dlanstvo, ali je finskoj premijerki istodobno ukazao na sigurnosne probleme s kojima je suo\u010dena Hrvatska zbog nestabilne politi\u010dke situacije u Bosni i Hercegovini. Predsjednik Milanovi\u0107 detaljno je pri tome informirao svoju sugovornicu o te\u0161kom polo\u017eaju Hrvata u Bosni i Hercegovini kojima je uskra\u0107eno demokratsko pravo biranja svojih legitimnih predstavnika.<\/p>\n\n\n\n<p>Nadalje, predsjednik Milanovi\u0107 prenio je predsjednici finske Vlade svoje uvjerenje kako je potrebno nastaviti proces \u0161irenja EU. U tom je kontekstu ponovio svoju podr\u0161ku za dodjelu statusa kandidata Ukrajini i Moldovi, ali je upozorio kako se status kandidata istovremeno mora osigurati i Bosni i Hercegovini, te zapo\u010deti pregovore s dr\u017eavama jugoisto\u010dne Europe koje su ispunile tra\u017eene uvjete za to.<\/p>\n\n\n\n<p>Istaknuv\u0161i kako su stabilnost Bosne i Hercegovine i ravnopravnost Hrvata u toj dr\u017eavi posebno va\u017eni za Hrvatsku, predsjednik Milanovi\u0107 rekao je premijerki Marin kako od partnera iz EU, uklju\u010duju\u0107i Finsku, o\u010dekuje vi\u0161e razumijevanja i podr\u0161ke za interese Republike Hrvatske jer je me\u0111usobna podr\u0161ka smisao savezni\u0161tva kako u EU, tako i u NATO-u, stoji u priop\u0107enju Ureda predsjednika poslanog medijima nakon sastanka.<\/p>\n\n\n\n<p>Finska premijerka Sanna Marin nakon razgovora s predsjednikom Hrvatske u Banskim se dvorima susrela s premijerom Andrejom Plenkovi\u0107em.<\/p>\n\n\n\n<p>Podsjetimo, Vlada Hrvatske je na strani toga da Finska i \u0160vedska trebaju postati \u010dlanice, dok Milanovi\u0107 isti\u010de da Hrvatska treba iskoristiti situaciju i ne biti za ulazak dok se ne rije\u0161i pitanje izbornog zakona u BiH, to jest dok Hrvati ne dobiju mogu\u0107nost da mogu birati svoje predstavnike.<\/p>\n\n\n\n<p>Predsjednik Milanovi\u0107 i u ponedjeljak je rekao da bi BiH trebalo dati signal da su dobrodo\u0161li u Europsku uniju, posebno nakon navoda da bi napadnuta Ukrajina i njoj susjedna Moldavija mogle dobiti kandidatski status.<\/p>\n\n\n\n<p>\u2013 Ja sam za to da se cijelog BiH ne samo Hrvatima da taj signal da su dobrodo\u0161li jer bit \u0107e jako te\u0161ko, da ne ka\u017eem nemogu\u0107e objasniti kako to da Ukrajina i Moldova mogu biti kandidati, u te\u0161kom stanju u kojem se nalaze, mnogo te\u017eem od BiH, a BiH ne mo\u017ee. te pri\u010de da je Komisija ne\u0161to predlo\u017eila to mo\u017eete ma\u010dku o rep, Komisiji uvijek netko migne, ona nije autonomna, rekao je.<\/p>\n\n\n\n<p>\/HMS\/<\/p>\n","protected":false},"excerpt":{"rendered":"<p>U slu\u017ebeni posjet Hrvatskoj stigla je predsjednica Vlade Finske Sanna Marin. Sastala se s predsjednikom Zoranom Milanovi\u0107em na Pantov\u010daku, nakon \u010dega ju je u Banskim dvorima primio premijer Andrej Plenkovi\u0107. Me\u0111u temama razgovora bili su \u017eelja Finske, kao i \u0160vedske, za ulaskom u NATO i situacija u BiH. Plenkovi\u0107 je nakon sastanka rekao da su [&hellip;]<\/p>\n","protected":false},"author":2,"featured_media":151955,"comment_status":"closed","ping_status":"closed","sticky":false,"template":"","format":"standard","meta":{"h5ap_radio_sources":[],"footnotes":""},"categories":[1],"tags":[],"class_list":["post-151954","post","type-post","status-publish","format-standard","has-post-thumbnail","hentry","category-bihiregija"],"yoast_head":"<!-- This site is optimized with the Yoast SEO plugin v27.4 - https:\/\/yoast.com\/product\/yoast-seo-wordpress\/ -->\n<title>Plenkovi\u0107: Kandidatski status za BiH da, uz izmjene Izbornog zakona - RADIO LJUBU\u0160KI<\/title>\n<meta name=\"robots\" content=\"index, follow, max-snippet:-1, max-image-preview:large, max-video-preview:-1\" \/>\n<link rel=\"canonical\" href=\"https:\/\/radioljubuski.ba\/index.php\/2022\/06\/22\/plenkovic-kandidatski-status-za-bih-da-uz-izmjene-izbornog-zakona\/\" \/>\n<meta property=\"og:locale\" content=\"hr_HR\" \/>\n<meta property=\"og:type\" content=\"article\" \/>\n<meta property=\"og:title\" content=\"Plenkovi\u0107: Kandidatski status za BiH da, uz izmjene Izbornog zakona - RADIO LJUBU\u0160KI\" \/>\n<meta property=\"og:description\" content=\"U slu\u017ebeni posjet Hrvatskoj stigla je predsjednica Vlade Finske Sanna Marin. Sastala se s predsjednikom Zoranom Milanovi\u0107em na Pantov\u010daku, nakon \u010dega ju je u Banskim dvorima primio premijer Andrej Plenkovi\u0107. Me\u0111u temama razgovora bili su \u017eelja Finske, kao i \u0160vedske, za ulaskom u NATO i situacija u BiH. Plenkovi\u0107 je nakon sastanka rekao da su [&hellip;]\" \/>\n<meta property=\"og:url\" content=\"https:\/\/radioljubuski.ba\/index.php\/2022\/06\/22\/plenkovic-kandidatski-status-za-bih-da-uz-izmjene-izbornog-zakona\/\" \/>\n<meta property=\"og:site_name\" content=\"RADIO LJUBU\u0160KI\" \/>\n<meta property=\"article:publisher\" content=\"https:\/\/www.facebook.com\/Radiio-Ljubuski-1490835324566332\" \/>\n<meta property=\"article:published_time\" content=\"2022-06-22T09:22:23+00:00\" \/>\n<meta property=\"article:modified_time\" content=\"2022-06-22T09:22:24+00:00\" \/>\n<meta property=\"og:image\" content=\"https:\/\/radioljubuski.ba\/wp-content\/uploads\/2022\/06\/plenkovic-marin-1068x713-1.jpeg\" \/>\n\t<meta property=\"og:image:width\" content=\"1068\" \/>\n\t<meta property=\"og:image:height\" content=\"713\" \/>\n\t<meta property=\"og:image:type\" content=\"image\/jpeg\" \/>\n<meta name=\"author\" content=\"Radio Ljubu\u0161ki\" \/>\n<meta name=\"twitter:card\" content=\"summary_large_image\" \/>\n<meta name=\"twitter:creator\" content=\"@radioljubuski\" \/>\n<meta name=\"twitter:site\" content=\"@radioljubuski\" \/>\n<meta name=\"twitter:label1\" content=\"Napisao\/la\" \/>\n\t<meta name=\"twitter:data1\" content=\"Radio Ljubu\u0161ki\" \/>\n\t<meta name=\"twitter:label2\" content=\"Procijenjeno vrijeme \u010ditanja\" \/>\n\t<meta name=\"twitter:data2\" content=\"5 minuta\" \/>\n<script type=\"application\/ld+json\" class=\"yoast-schema-graph\">{\"@context\":\"https:\\\/\\\/schema.org\",\"@graph\":[{\"@type\":\"Article\",\"@id\":\"https:\\\/\\\/radioljubuski.ba\\\/index.php\\\/2022\\\/06\\\/22\\\/plenkovic-kandidatski-status-za-bih-da-uz-izmjene-izbornog-zakona\\\/#article\",\"isPartOf\":{\"@id\":\"https:\\\/\\\/radioljubuski.ba\\\/index.php\\\/2022\\\/06\\\/22\\\/plenkovic-kandidatski-status-za-bih-da-uz-izmjene-izbornog-zakona\\\/\"},\"author\":{\"name\":\"Radio Ljubu\u0161ki\",\"@id\":\"https:\\\/\\\/radioljubuski.ba\\\/#\\\/schema\\\/person\\\/19fc700381a780f69665d7956c469e3b\"},\"headline\":\"Plenkovi\u0107: Kandidatski status za BiH da, uz izmjene Izbornog zakona\",\"datePublished\":\"2022-06-22T09:22:23+00:00\",\"dateModified\":\"2022-06-22T09:22:24+00:00\",\"mainEntityOfPage\":{\"@id\":\"https:\\\/\\\/radioljubuski.ba\\\/index.php\\\/2022\\\/06\\\/22\\\/plenkovic-kandidatski-status-za-bih-da-uz-izmjene-izbornog-zakona\\\/\"},\"wordCount\":1137,\"publisher\":{\"@id\":\"https:\\\/\\\/radioljubuski.ba\\\/#organization\"},\"image\":{\"@id\":\"https:\\\/\\\/radioljubuski.ba\\\/index.php\\\/2022\\\/06\\\/22\\\/plenkovic-kandidatski-status-za-bih-da-uz-izmjene-izbornog-zakona\\\/#primaryimage\"},\"thumbnailUrl\":\"https:\\\/\\\/radioljubuski.ba\\\/wp-content\\\/uploads\\\/2022\\\/06\\\/plenkovic-marin-1068x713-1.jpeg\",\"articleSection\":[\"BIH i regija\"],\"inLanguage\":\"hr\"},{\"@type\":\"WebPage\",\"@id\":\"https:\\\/\\\/radioljubuski.ba\\\/index.php\\\/2022\\\/06\\\/22\\\/plenkovic-kandidatski-status-za-bih-da-uz-izmjene-izbornog-zakona\\\/\",\"url\":\"https:\\\/\\\/radioljubuski.ba\\\/index.php\\\/2022\\\/06\\\/22\\\/plenkovic-kandidatski-status-za-bih-da-uz-izmjene-izbornog-zakona\\\/\",\"name\":\"Plenkovi\u0107: Kandidatski status za BiH da, uz izmjene Izbornog zakona - RADIO LJUBU\u0160KI\",\"isPartOf\":{\"@id\":\"https:\\\/\\\/radioljubuski.ba\\\/#website\"},\"primaryImageOfPage\":{\"@id\":\"https:\\\/\\\/radioljubuski.ba\\\/index.php\\\/2022\\\/06\\\/22\\\/plenkovic-kandidatski-status-za-bih-da-uz-izmjene-izbornog-zakona\\\/#primaryimage\"},\"image\":{\"@id\":\"https:\\\/\\\/radioljubuski.ba\\\/index.php\\\/2022\\\/06\\\/22\\\/plenkovic-kandidatski-status-za-bih-da-uz-izmjene-izbornog-zakona\\\/#primaryimage\"},\"thumbnailUrl\":\"https:\\\/\\\/radioljubuski.ba\\\/wp-content\\\/uploads\\\/2022\\\/06\\\/plenkovic-marin-1068x713-1.jpeg\",\"datePublished\":\"2022-06-22T09:22:23+00:00\",\"dateModified\":\"2022-06-22T09:22:24+00:00\",\"breadcrumb\":{\"@id\":\"https:\\\/\\\/radioljubuski.ba\\\/index.php\\\/2022\\\/06\\\/22\\\/plenkovic-kandidatski-status-za-bih-da-uz-izmjene-izbornog-zakona\\\/#breadcrumb\"},\"inLanguage\":\"hr\",\"potentialAction\":[{\"@type\":\"ReadAction\",\"target\":[\"https:\\\/\\\/radioljubuski.ba\\\/index.php\\\/2022\\\/06\\\/22\\\/plenkovic-kandidatski-status-za-bih-da-uz-izmjene-izbornog-zakona\\\/\"]}]},{\"@type\":\"ImageObject\",\"inLanguage\":\"hr\",\"@id\":\"https:\\\/\\\/radioljubuski.ba\\\/index.php\\\/2022\\\/06\\\/22\\\/plenkovic-kandidatski-status-za-bih-da-uz-izmjene-izbornog-zakona\\\/#primaryimage\",\"url\":\"https:\\\/\\\/radioljubuski.ba\\\/wp-content\\\/uploads\\\/2022\\\/06\\\/plenkovic-marin-1068x713-1.jpeg\",\"contentUrl\":\"https:\\\/\\\/radioljubuski.ba\\\/wp-content\\\/uploads\\\/2022\\\/06\\\/plenkovic-marin-1068x713-1.jpeg\",\"width\":1068,\"height\":713},{\"@type\":\"BreadcrumbList\",\"@id\":\"https:\\\/\\\/radioljubuski.ba\\\/index.php\\\/2022\\\/06\\\/22\\\/plenkovic-kandidatski-status-za-bih-da-uz-izmjene-izbornog-zakona\\\/#breadcrumb\",\"itemListElement\":[{\"@type\":\"ListItem\",\"position\":1,\"name\":\"Po\u010detna stranica\",\"item\":\"https:\\\/\\\/radioljubuski.ba\\\/\"},{\"@type\":\"ListItem\",\"position\":2,\"name\":\"Plenkovi\u0107: Kandidatski status za BiH da, uz izmjene Izbornog zakona\"}]},{\"@type\":\"WebSite\",\"@id\":\"https:\\\/\\\/radioljubuski.ba\\\/#website\",\"url\":\"https:\\\/\\\/radioljubuski.ba\\\/\",\"name\":\"Radio Ljubu\u0161ki\",\"description\":\"Sun\u010dana frekvencija Hercegovine\",\"publisher\":{\"@id\":\"https:\\\/\\\/radioljubuski.ba\\\/#organization\"},\"potentialAction\":[{\"@type\":\"SearchAction\",\"target\":{\"@type\":\"EntryPoint\",\"urlTemplate\":\"https:\\\/\\\/radioljubuski.ba\\\/?s={search_term_string}\"},\"query-input\":{\"@type\":\"PropertyValueSpecification\",\"valueRequired\":true,\"valueName\":\"search_term_string\"}}],\"inLanguage\":\"hr\"},{\"@type\":\"Organization\",\"@id\":\"https:\\\/\\\/radioljubuski.ba\\\/#organization\",\"name\":\"Radio Ljubu\u0161ki\",\"url\":\"https:\\\/\\\/radioljubuski.ba\\\/\",\"logo\":{\"@type\":\"ImageObject\",\"inLanguage\":\"hr\",\"@id\":\"https:\\\/\\\/radioljubuski.ba\\\/#\\\/schema\\\/logo\\\/image\\\/\",\"url\":\"https:\\\/\\\/radioljubuski.ba\\\/wp-content\\\/uploads\\\/2021\\\/02\\\/cropped-Radio_Ljubuski_logo1.jpg\",\"contentUrl\":\"https:\\\/\\\/radioljubuski.ba\\\/wp-content\\\/uploads\\\/2021\\\/02\\\/cropped-Radio_Ljubuski_logo1.jpg\",\"width\":512,\"height\":512,\"caption\":\"Radio Ljubu\u0161ki\"},\"image\":{\"@id\":\"https:\\\/\\\/radioljubuski.ba\\\/#\\\/schema\\\/logo\\\/image\\\/\"},\"sameAs\":[\"https:\\\/\\\/www.facebook.com\\\/Radiio-Ljubuski-1490835324566332\",\"https:\\\/\\\/x.com\\\/radioljubuski\",\"https:\\\/\\\/hr.linkedin.com\\\/company\\\/radio-ljubuski\",\"https:\\\/\\\/www.youtube.com\\\/channel\\\/UCHYaeO_n0Db3tjNGudGpXyw\"]},{\"@type\":\"Person\",\"@id\":\"https:\\\/\\\/radioljubuski.ba\\\/#\\\/schema\\\/person\\\/19fc700381a780f69665d7956c469e3b\",\"name\":\"Radio Ljubu\u0161ki\"}]}<\/script>\n<!-- \/ Yoast SEO plugin. -->","yoast_head_json":{"title":"Plenkovi\u0107: Kandidatski status za BiH da, uz izmjene Izbornog zakona - RADIO LJUBU\u0160KI","robots":{"index":"index","follow":"follow","max-snippet":"max-snippet:-1","max-image-preview":"max-image-preview:large","max-video-preview":"max-video-preview:-1"},"canonical":"https:\/\/radioljubuski.ba\/index.php\/2022\/06\/22\/plenkovic-kandidatski-status-za-bih-da-uz-izmjene-izbornog-zakona\/","og_locale":"hr_HR","og_type":"article","og_title":"Plenkovi\u0107: Kandidatski status za BiH da, uz izmjene Izbornog zakona - RADIO LJUBU\u0160KI","og_description":"U slu\u017ebeni posjet Hrvatskoj stigla je predsjednica Vlade Finske Sanna Marin. Sastala se s predsjednikom Zoranom Milanovi\u0107em na Pantov\u010daku, nakon \u010dega ju je u Banskim dvorima primio premijer Andrej Plenkovi\u0107. Me\u0111u temama razgovora bili su \u017eelja Finske, kao i \u0160vedske, za ulaskom u NATO i situacija u BiH. Plenkovi\u0107 je nakon sastanka rekao da su [&hellip;]","og_url":"https:\/\/radioljubuski.ba\/index.php\/2022\/06\/22\/plenkovic-kandidatski-status-za-bih-da-uz-izmjene-izbornog-zakona\/","og_site_name":"RADIO LJUBU\u0160KI","article_publisher":"https:\/\/www.facebook.com\/Radiio-Ljubuski-1490835324566332","article_published_time":"2022-06-22T09:22:23+00:00","article_modified_time":"2022-06-22T09:22:24+00:00","og_image":[{"width":1068,"height":713,"url":"https:\/\/radioljubuski.ba\/wp-content\/uploads\/2022\/06\/plenkovic-marin-1068x713-1.jpeg","type":"image\/jpeg"}],"author":"Radio Ljubu\u0161ki","twitter_card":"summary_large_image","twitter_creator":"@radioljubuski","twitter_site":"@radioljubuski","twitter_misc":{"Napisao\/la":"Radio Ljubu\u0161ki","Procijenjeno vrijeme \u010ditanja":"5 minuta"},"schema":{"@context":"https:\/\/schema.org","@graph":[{"@type":"Article","@id":"https:\/\/radioljubuski.ba\/index.php\/2022\/06\/22\/plenkovic-kandidatski-status-za-bih-da-uz-izmjene-izbornog-zakona\/#article","isPartOf":{"@id":"https:\/\/radioljubuski.ba\/index.php\/2022\/06\/22\/plenkovic-kandidatski-status-za-bih-da-uz-izmjene-izbornog-zakona\/"},"author":{"name":"Radio Ljubu\u0161ki","@id":"https:\/\/radioljubuski.ba\/#\/schema\/person\/19fc700381a780f69665d7956c469e3b"},"headline":"Plenkovi\u0107: Kandidatski status za BiH da, uz izmjene Izbornog zakona","datePublished":"2022-06-22T09:22:23+00:00","dateModified":"2022-06-22T09:22:24+00:00","mainEntityOfPage":{"@id":"https:\/\/radioljubuski.ba\/index.php\/2022\/06\/22\/plenkovic-kandidatski-status-za-bih-da-uz-izmjene-izbornog-zakona\/"},"wordCount":1137,"publisher":{"@id":"https:\/\/radioljubuski.ba\/#organization"},"image":{"@id":"https:\/\/radioljubuski.ba\/index.php\/2022\/06\/22\/plenkovic-kandidatski-status-za-bih-da-uz-izmjene-izbornog-zakona\/#primaryimage"},"thumbnailUrl":"https:\/\/radioljubuski.ba\/wp-content\/uploads\/2022\/06\/plenkovic-marin-1068x713-1.jpeg","articleSection":["BIH i regija"],"inLanguage":"hr"},{"@type":"WebPage","@id":"https:\/\/radioljubuski.ba\/index.php\/2022\/06\/22\/plenkovic-kandidatski-status-za-bih-da-uz-izmjene-izbornog-zakona\/","url":"https:\/\/radioljubuski.ba\/index.php\/2022\/06\/22\/plenkovic-kandidatski-status-za-bih-da-uz-izmjene-izbornog-zakona\/","name":"Plenkovi\u0107: Kandidatski status za BiH da, uz izmjene Izbornog zakona - RADIO LJUBU\u0160KI","isPartOf":{"@id":"https:\/\/radioljubuski.ba\/#website"},"primaryImageOfPage":{"@id":"https:\/\/radioljubuski.ba\/index.php\/2022\/06\/22\/plenkovic-kandidatski-status-za-bih-da-uz-izmjene-izbornog-zakona\/#primaryimage"},"image":{"@id":"https:\/\/radioljubuski.ba\/index.php\/2022\/06\/22\/plenkovic-kandidatski-status-za-bih-da-uz-izmjene-izbornog-zakona\/#primaryimage"},"thumbnailUrl":"https:\/\/radioljubuski.ba\/wp-content\/uploads\/2022\/06\/plenkovic-marin-1068x713-1.jpeg","datePublished":"2022-06-22T09:22:23+00:00","dateModified":"2022-06-22T09:22:24+00:00","breadcrumb":{"@id":"https:\/\/radioljubuski.ba\/index.php\/2022\/06\/22\/plenkovic-kandidatski-status-za-bih-da-uz-izmjene-izbornog-zakona\/#breadcrumb"},"inLanguage":"hr","potentialAction":[{"@type":"ReadAction","target":["https:\/\/radioljubuski.ba\/index.php\/2022\/06\/22\/plenkovic-kandidatski-status-za-bih-da-uz-izmjene-izbornog-zakona\/"]}]},{"@type":"ImageObject","inLanguage":"hr","@id":"https:\/\/radioljubuski.ba\/index.php\/2022\/06\/22\/plenkovic-kandidatski-status-za-bih-da-uz-izmjene-izbornog-zakona\/#primaryimage","url":"https:\/\/radioljubuski.ba\/wp-content\/uploads\/2022\/06\/plenkovic-marin-1068x713-1.jpeg","contentUrl":"https:\/\/radioljubuski.ba\/wp-content\/uploads\/2022\/06\/plenkovic-marin-1068x713-1.jpeg","width":1068,"height":713},{"@type":"BreadcrumbList","@id":"https:\/\/radioljubuski.ba\/index.php\/2022\/06\/22\/plenkovic-kandidatski-status-za-bih-da-uz-izmjene-izbornog-zakona\/#breadcrumb","itemListElement":[{"@type":"ListItem","position":1,"name":"Po\u010detna stranica","item":"https:\/\/radioljubuski.ba\/"},{"@type":"ListItem","position":2,"name":"Plenkovi\u0107: Kandidatski status za BiH da, uz izmjene Izbornog zakona"}]},{"@type":"WebSite","@id":"https:\/\/radioljubuski.ba\/#website","url":"https:\/\/radioljubuski.ba\/","name":"Radio Ljubu\u0161ki","description":"Sun\u010dana frekvencija Hercegovine","publisher":{"@id":"https:\/\/radioljubuski.ba\/#organization"},"potentialAction":[{"@type":"SearchAction","target":{"@type":"EntryPoint","urlTemplate":"https:\/\/radioljubuski.ba\/?s={search_term_string}"},"query-input":{"@type":"PropertyValueSpecification","valueRequired":true,"valueName":"search_term_string"}}],"inLanguage":"hr"},{"@type":"Organization","@id":"https:\/\/radioljubuski.ba\/#organization","name":"Radio Ljubu\u0161ki","url":"https:\/\/radioljubuski.ba\/","logo":{"@type":"ImageObject","inLanguage":"hr","@id":"https:\/\/radioljubuski.ba\/#\/schema\/logo\/image\/","url":"https:\/\/radioljubuski.ba\/wp-content\/uploads\/2021\/02\/cropped-Radio_Ljubuski_logo1.jpg","contentUrl":"https:\/\/radioljubuski.ba\/wp-content\/uploads\/2021\/02\/cropped-Radio_Ljubuski_logo1.jpg","width":512,"height":512,"caption":"Radio Ljubu\u0161ki"},"image":{"@id":"https:\/\/radioljubuski.ba\/#\/schema\/logo\/image\/"},"sameAs":["https:\/\/www.facebook.com\/Radiio-Ljubuski-1490835324566332","https:\/\/x.com\/radioljubuski","https:\/\/hr.linkedin.com\/company\/radio-ljubuski","https:\/\/www.youtube.com\/channel\/UCHYaeO_n0Db3tjNGudGpXyw"]},{"@type":"Person","@id":"https:\/\/radioljubuski.ba\/#\/schema\/person\/19fc700381a780f69665d7956c469e3b","name":"Radio Ljubu\u0161ki"}]}},"_links":{"self":[{"href":"https:\/\/radioljubuski.ba\/index.php\/wp-json\/wp\/v2\/posts\/151954","targetHints":{"allow":["GET"]}}],"collection":[{"href":"https:\/\/radioljubuski.ba\/index.php\/wp-json\/wp\/v2\/posts"}],"about":[{"href":"https:\/\/radioljubuski.ba\/index.php\/wp-json\/wp\/v2\/types\/post"}],"author":[{"embeddable":true,"href":"https:\/\/radioljubuski.ba\/index.php\/wp-json\/wp\/v2\/users\/2"}],"replies":[{"embeddable":true,"href":"https:\/\/radioljubuski.ba\/index.php\/wp-json\/wp\/v2\/comments?post=151954"}],"version-history":[{"count":1,"href":"https:\/\/radioljubuski.ba\/index.php\/wp-json\/wp\/v2\/posts\/151954\/revisions"}],"predecessor-version":[{"id":151956,"href":"https:\/\/radioljubuski.ba\/index.php\/wp-json\/wp\/v2\/posts\/151954\/revisions\/151956"}],"wp:featuredmedia":[{"embeddable":true,"href":"https:\/\/radioljubuski.ba\/index.php\/wp-json\/wp\/v2\/media\/151955"}],"wp:attachment":[{"href":"https:\/\/radioljubuski.ba\/index.php\/wp-json\/wp\/v2\/media?parent=151954"}],"wp:term":[{"taxonomy":"category","embeddable":true,"href":"https:\/\/radioljubuski.ba\/index.php\/wp-json\/wp\/v2\/categories?post=151954"},{"taxonomy":"post_tag","embeddable":true,"href":"https:\/\/radioljubuski.ba\/index.php\/wp-json\/wp\/v2\/tags?post=151954"}],"curies":[{"name":"wp","href":"https:\/\/api.w.org\/{rel}","templated":true}]}}