{"id":151957,"date":"2022-06-22T10:23:22","date_gmt":"2022-06-22T09:23:22","guid":{"rendered":"https:\/\/radioljubuski.ba\/?p=151957"},"modified":"2022-06-22T10:23:23","modified_gmt":"2022-06-22T09:23:23","slug":"milanovic-upoznao-marin-s-teskim-polozajem-hrvata-u-bih-kojima-je-onemoguceno-da-biraju-svoje-predstavnike","status":"publish","type":"post","link":"https:\/\/radioljubuski.ba\/index.php\/2022\/06\/22\/milanovic-upoznao-marin-s-teskim-polozajem-hrvata-u-bih-kojima-je-onemoguceno-da-biraju-svoje-predstavnike\/","title":{"rendered":"Milanovi\u0107 upoznao Marin s te\u0161kim polo\u017eajem Hrvata u BiH kojima je onemogu\u0107eno da biraju svoje predstavnike"},"content":{"rendered":"\n<p><strong>Hrvatski predsjednik Zoran Milanovi\u0107 rekao je finskoj premijerki Sanni Marin kako se ne protivi na\u010delno prijemu Finske u NATO, ali joj je istodobno ukazao na te\u017eak polo\u017eaj Hrvata u BiH te na sigurnosne probleme s kojima je suo\u010dena Hrvatska zbog nestabilne situacije u BiH.<\/strong><\/p>\n\n\n\n<p>Nakon sastanka nije bilo izjava nego samo priop\u0107enje Ureda predsjednika koje prenosimo u cijelosti.<\/p>\n\n\n\n<p>Na sastanku odr\u017eanom u Uredu Predsjednika Republike razgovarali su o odnosima dviju dr\u017eava koje povezuje \u010dlanstvo u Europskoj uniji, zatim o NATO summitu koji \u0107e se odr\u017eati u Madridu idu\u0107eg tjedna, kao i o sigurnosnoj i politi\u010dkoj situaciji u jugoisto\u010dnoj Europi s naglaskom na Bosnu i Hercegovinu.<\/p>\n\n\n\n<p>Budu\u0107i da je Finska podnijela zahtjev za \u010dlanstvo u NATO-u, predsjednik Milanovi\u0107 upoznao je premijerku Marin sa svojim stavovima vezanim uz \u0161irenje NATO-a. Pri tome je pojasnio kako se na\u010delno ne protivi ulasku Finske u NATO i da razumije sigurnosne razloge zbog kojih je Finska aplicirala za \u010dlanstvo, ali je finskoj premijerki istodobno ukazao na sigurnosne probleme s kojima je suo\u010dena Hrvatska zbog nestabilne politi\u010dke situacije u Bosni i Hercegovini. Predsjednik Milanovi\u0107 detaljno je pri tome informirao svoju sugovornicu o te\u0161kom polo\u017eaju Hrvata u Bosni i Hercegovini kojima je uskra\u0107eno demokratsko pravo biranja svojih legitimnih predstavnika.<\/p>\n\n\n\n<p>Nadalje, predsjednik Milanovi\u0107 prenio je predsjednici finske Vlade svoje uvjerenje kako je potrebno nastaviti proces \u0161irenja EU. U tom je kontekstu ponovio svoju podr\u0161ku za dodjelu statusa kandidata Ukrajini i Moldovi, ali je upozorio kako se status kandidata istovremeno mora osigurati i Bosni i Hercegovini, te zapo\u010deti pregovore s dr\u017eavama jugoisto\u010dne Europe koje su ispunile tra\u017eene uvjete za to.<\/p>\n\n\n\n<p>Istaknuv\u0161i kako su stabilnost Bosne i Hercegovine i ravnopravnost Hrvata u toj dr\u017eavi posebno va\u017eni za Hrvatsku, predsjednik Milanovi\u0107 rekao je premijerki Marin kako od partnera iz EU, uklju\u010duju\u0107i Finsku, o\u010dekuje vi\u0161e razumijevanja i podr\u0161ke za interese Republike Hrvatske jer je me\u0111usobna podr\u0161ka smisao savezni\u0161tva kako u EU, tako i u NATO-u, stoji u priop\u0107enju Ureda predsjednika poslanog medijima nakon sastanka.<\/p>\n\n\n\n<p>Nakon susreta s predsjednikom Hrvatske finska premijerka se sastala s premijerom Hrvatske Andrejom Plenkovi\u0107em.<\/p>\n\n\n\n<p>Podsjetimo, Vlada Hrvatske je na strani toga da Finska i \u0160vedska trebaju postati \u010dlanice, dok Milanovi\u0107 isti\u010de da Hrvatska treba iskoristiti situaciju i ne biti za ulazak dok se ne rije\u0161i pitanje izbornog zakona u BiH, to jest dok Hrvati ne dobiju mogu\u0107nost da mogu birati svoje predstavnike.<\/p>\n\n\n\n<p>Predsjednik Milanovi\u0107 i u ponedjeljak je rekao da bi BiH trebalo dati signal da su dobrodo\u0161li u Europsku uniju, posebno nakon navoda da bi napadnuta Ukrajina i njoj susjedna Moldavija mogle dobiti kandidatski status.<\/p>\n\n\n\n<p>\u2013 Ja sam za to da se cijelog BiH ne samo Hrvatima da taj signal da su dobrodo\u0161li jer bit \u0107e jako te\u0161ko, da ne ka\u017eem nemogu\u0107e objasniti kako to da Ukrajina i Moldova mogu biti kandidati, u te\u0161kom stanju u kojem se nalaze, mnogo te\u017eem od BiH, a BiH ne mo\u017ee. te pri\u010de da je Komisija ne\u0161to predlo\u017eila to mo\u017eete ma\u010dku o rep, Komisiji uvijek netko migne, ona nije autonomna, rekao je.<\/p>\n\n\n\n<p>\/HMS\/<\/p>\n","protected":false},"excerpt":{"rendered":"<p>Hrvatski predsjednik Zoran Milanovi\u0107 rekao je finskoj premijerki Sanni Marin kako se ne protivi na\u010delno prijemu Finske u NATO, ali joj je istodobno ukazao na te\u017eak polo\u017eaj Hrvata u BiH te na sigurnosne probleme s kojima je suo\u010dena Hrvatska zbog nestabilne situacije u BiH. Nakon sastanka nije bilo izjava nego samo priop\u0107enje Ureda predsjednika koje [&hellip;]<\/p>\n","protected":false},"author":2,"featured_media":151958,"comment_status":"closed","ping_status":"closed","sticky":false,"template":"","format":"standard","meta":{"h5ap_radio_sources":[],"footnotes":""},"categories":[1],"tags":[],"class_list":["post-151957","post","type-post","status-publish","format-standard","has-post-thumbnail","hentry","category-bihiregija"],"yoast_head":"<!-- This site is optimized with the Yoast SEO plugin v27.4 - https:\/\/yoast.com\/product\/yoast-seo-wordpress\/ -->\n<title>Milanovi\u0107 upoznao Marin s te\u0161kim polo\u017eajem Hrvata u BiH kojima je onemogu\u0107eno da biraju svoje predstavnike - RADIO LJUBU\u0160KI<\/title>\n<meta name=\"robots\" content=\"index, follow, max-snippet:-1, max-image-preview:large, max-video-preview:-1\" \/>\n<link rel=\"canonical\" href=\"https:\/\/radioljubuski.ba\/index.php\/2022\/06\/22\/milanovic-upoznao-marin-s-teskim-polozajem-hrvata-u-bih-kojima-je-onemoguceno-da-biraju-svoje-predstavnike\/\" \/>\n<meta property=\"og:locale\" content=\"hr_HR\" \/>\n<meta property=\"og:type\" content=\"article\" \/>\n<meta property=\"og:title\" content=\"Milanovi\u0107 upoznao Marin s te\u0161kim polo\u017eajem Hrvata u BiH kojima je onemogu\u0107eno da biraju svoje predstavnike - RADIO LJUBU\u0160KI\" \/>\n<meta property=\"og:description\" content=\"Hrvatski predsjednik Zoran Milanovi\u0107 rekao je finskoj premijerki Sanni Marin kako se ne protivi na\u010delno prijemu Finske u NATO, ali joj je istodobno ukazao na te\u017eak polo\u017eaj Hrvata u BiH te na sigurnosne probleme s kojima je suo\u010dena Hrvatska zbog nestabilne situacije u BiH. Nakon sastanka nije bilo izjava nego samo priop\u0107enje Ureda predsjednika koje [&hellip;]\" \/>\n<meta property=\"og:url\" content=\"https:\/\/radioljubuski.ba\/index.php\/2022\/06\/22\/milanovic-upoznao-marin-s-teskim-polozajem-hrvata-u-bih-kojima-je-onemoguceno-da-biraju-svoje-predstavnike\/\" \/>\n<meta property=\"og:site_name\" content=\"RADIO LJUBU\u0160KI\" \/>\n<meta property=\"article:publisher\" content=\"https:\/\/www.facebook.com\/Radiio-Ljubuski-1490835324566332\" \/>\n<meta property=\"article:published_time\" content=\"2022-06-22T09:23:22+00:00\" \/>\n<meta property=\"article:modified_time\" content=\"2022-06-22T09:23:23+00:00\" \/>\n<meta property=\"og:image\" content=\"https:\/\/radioljubuski.ba\/wp-content\/uploads\/2022\/06\/milanovic-marin-1068x808-1.jpeg\" \/>\n\t<meta property=\"og:image:width\" content=\"1068\" \/>\n\t<meta property=\"og:image:height\" content=\"808\" \/>\n\t<meta property=\"og:image:type\" content=\"image\/jpeg\" \/>\n<meta name=\"author\" content=\"Radio Ljubu\u0161ki\" \/>\n<meta name=\"twitter:card\" content=\"summary_large_image\" \/>\n<meta name=\"twitter:creator\" content=\"@radioljubuski\" \/>\n<meta name=\"twitter:site\" content=\"@radioljubuski\" \/>\n<meta name=\"twitter:label1\" content=\"Napisao\/la\" \/>\n\t<meta name=\"twitter:data1\" content=\"Radio Ljubu\u0161ki\" \/>\n\t<meta name=\"twitter:label2\" content=\"Procijenjeno vrijeme \u010ditanja\" \/>\n\t<meta name=\"twitter:data2\" content=\"3 minute\" \/>\n<script type=\"application\/ld+json\" class=\"yoast-schema-graph\">{\"@context\":\"https:\\\/\\\/schema.org\",\"@graph\":[{\"@type\":\"Article\",\"@id\":\"https:\\\/\\\/radioljubuski.ba\\\/index.php\\\/2022\\\/06\\\/22\\\/milanovic-upoznao-marin-s-teskim-polozajem-hrvata-u-bih-kojima-je-onemoguceno-da-biraju-svoje-predstavnike\\\/#article\",\"isPartOf\":{\"@id\":\"https:\\\/\\\/radioljubuski.ba\\\/index.php\\\/2022\\\/06\\\/22\\\/milanovic-upoznao-marin-s-teskim-polozajem-hrvata-u-bih-kojima-je-onemoguceno-da-biraju-svoje-predstavnike\\\/\"},\"author\":{\"name\":\"Radio Ljubu\u0161ki\",\"@id\":\"https:\\\/\\\/radioljubuski.ba\\\/#\\\/schema\\\/person\\\/19fc700381a780f69665d7956c469e3b\"},\"headline\":\"Milanovi\u0107 upoznao Marin s te\u0161kim polo\u017eajem Hrvata u BiH kojima je onemogu\u0107eno da biraju svoje predstavnike\",\"datePublished\":\"2022-06-22T09:23:22+00:00\",\"dateModified\":\"2022-06-22T09:23:23+00:00\",\"mainEntityOfPage\":{\"@id\":\"https:\\\/\\\/radioljubuski.ba\\\/index.php\\\/2022\\\/06\\\/22\\\/milanovic-upoznao-marin-s-teskim-polozajem-hrvata-u-bih-kojima-je-onemoguceno-da-biraju-svoje-predstavnike\\\/\"},\"wordCount\":561,\"publisher\":{\"@id\":\"https:\\\/\\\/radioljubuski.ba\\\/#organization\"},\"image\":{\"@id\":\"https:\\\/\\\/radioljubuski.ba\\\/index.php\\\/2022\\\/06\\\/22\\\/milanovic-upoznao-marin-s-teskim-polozajem-hrvata-u-bih-kojima-je-onemoguceno-da-biraju-svoje-predstavnike\\\/#primaryimage\"},\"thumbnailUrl\":\"https:\\\/\\\/radioljubuski.ba\\\/wp-content\\\/uploads\\\/2022\\\/06\\\/milanovic-marin-1068x808-1.jpeg\",\"articleSection\":[\"BIH i regija\"],\"inLanguage\":\"hr\"},{\"@type\":\"WebPage\",\"@id\":\"https:\\\/\\\/radioljubuski.ba\\\/index.php\\\/2022\\\/06\\\/22\\\/milanovic-upoznao-marin-s-teskim-polozajem-hrvata-u-bih-kojima-je-onemoguceno-da-biraju-svoje-predstavnike\\\/\",\"url\":\"https:\\\/\\\/radioljubuski.ba\\\/index.php\\\/2022\\\/06\\\/22\\\/milanovic-upoznao-marin-s-teskim-polozajem-hrvata-u-bih-kojima-je-onemoguceno-da-biraju-svoje-predstavnike\\\/\",\"name\":\"Milanovi\u0107 upoznao Marin s te\u0161kim polo\u017eajem Hrvata u BiH kojima je onemogu\u0107eno da biraju svoje predstavnike - RADIO LJUBU\u0160KI\",\"isPartOf\":{\"@id\":\"https:\\\/\\\/radioljubuski.ba\\\/#website\"},\"primaryImageOfPage\":{\"@id\":\"https:\\\/\\\/radioljubuski.ba\\\/index.php\\\/2022\\\/06\\\/22\\\/milanovic-upoznao-marin-s-teskim-polozajem-hrvata-u-bih-kojima-je-onemoguceno-da-biraju-svoje-predstavnike\\\/#primaryimage\"},\"image\":{\"@id\":\"https:\\\/\\\/radioljubuski.ba\\\/index.php\\\/2022\\\/06\\\/22\\\/milanovic-upoznao-marin-s-teskim-polozajem-hrvata-u-bih-kojima-je-onemoguceno-da-biraju-svoje-predstavnike\\\/#primaryimage\"},\"thumbnailUrl\":\"https:\\\/\\\/radioljubuski.ba\\\/wp-content\\\/uploads\\\/2022\\\/06\\\/milanovic-marin-1068x808-1.jpeg\",\"datePublished\":\"2022-06-22T09:23:22+00:00\",\"dateModified\":\"2022-06-22T09:23:23+00:00\",\"breadcrumb\":{\"@id\":\"https:\\\/\\\/radioljubuski.ba\\\/index.php\\\/2022\\\/06\\\/22\\\/milanovic-upoznao-marin-s-teskim-polozajem-hrvata-u-bih-kojima-je-onemoguceno-da-biraju-svoje-predstavnike\\\/#breadcrumb\"},\"inLanguage\":\"hr\",\"potentialAction\":[{\"@type\":\"ReadAction\",\"target\":[\"https:\\\/\\\/radioljubuski.ba\\\/index.php\\\/2022\\\/06\\\/22\\\/milanovic-upoznao-marin-s-teskim-polozajem-hrvata-u-bih-kojima-je-onemoguceno-da-biraju-svoje-predstavnike\\\/\"]}]},{\"@type\":\"ImageObject\",\"inLanguage\":\"hr\",\"@id\":\"https:\\\/\\\/radioljubuski.ba\\\/index.php\\\/2022\\\/06\\\/22\\\/milanovic-upoznao-marin-s-teskim-polozajem-hrvata-u-bih-kojima-je-onemoguceno-da-biraju-svoje-predstavnike\\\/#primaryimage\",\"url\":\"https:\\\/\\\/radioljubuski.ba\\\/wp-content\\\/uploads\\\/2022\\\/06\\\/milanovic-marin-1068x808-1.jpeg\",\"contentUrl\":\"https:\\\/\\\/radioljubuski.ba\\\/wp-content\\\/uploads\\\/2022\\\/06\\\/milanovic-marin-1068x808-1.jpeg\",\"width\":1068,\"height\":808},{\"@type\":\"BreadcrumbList\",\"@id\":\"https:\\\/\\\/radioljubuski.ba\\\/index.php\\\/2022\\\/06\\\/22\\\/milanovic-upoznao-marin-s-teskim-polozajem-hrvata-u-bih-kojima-je-onemoguceno-da-biraju-svoje-predstavnike\\\/#breadcrumb\",\"itemListElement\":[{\"@type\":\"ListItem\",\"position\":1,\"name\":\"Po\u010detna stranica\",\"item\":\"https:\\\/\\\/radioljubuski.ba\\\/\"},{\"@type\":\"ListItem\",\"position\":2,\"name\":\"Milanovi\u0107 upoznao Marin s te\u0161kim polo\u017eajem Hrvata u BiH kojima je onemogu\u0107eno da biraju svoje predstavnike\"}]},{\"@type\":\"WebSite\",\"@id\":\"https:\\\/\\\/radioljubuski.ba\\\/#website\",\"url\":\"https:\\\/\\\/radioljubuski.ba\\\/\",\"name\":\"Radio Ljubu\u0161ki\",\"description\":\"Sun\u010dana frekvencija Hercegovine\",\"publisher\":{\"@id\":\"https:\\\/\\\/radioljubuski.ba\\\/#organization\"},\"potentialAction\":[{\"@type\":\"SearchAction\",\"target\":{\"@type\":\"EntryPoint\",\"urlTemplate\":\"https:\\\/\\\/radioljubuski.ba\\\/?s={search_term_string}\"},\"query-input\":{\"@type\":\"PropertyValueSpecification\",\"valueRequired\":true,\"valueName\":\"search_term_string\"}}],\"inLanguage\":\"hr\"},{\"@type\":\"Organization\",\"@id\":\"https:\\\/\\\/radioljubuski.ba\\\/#organization\",\"name\":\"Radio Ljubu\u0161ki\",\"url\":\"https:\\\/\\\/radioljubuski.ba\\\/\",\"logo\":{\"@type\":\"ImageObject\",\"inLanguage\":\"hr\",\"@id\":\"https:\\\/\\\/radioljubuski.ba\\\/#\\\/schema\\\/logo\\\/image\\\/\",\"url\":\"https:\\\/\\\/radioljubuski.ba\\\/wp-content\\\/uploads\\\/2021\\\/02\\\/cropped-Radio_Ljubuski_logo1.jpg\",\"contentUrl\":\"https:\\\/\\\/radioljubuski.ba\\\/wp-content\\\/uploads\\\/2021\\\/02\\\/cropped-Radio_Ljubuski_logo1.jpg\",\"width\":512,\"height\":512,\"caption\":\"Radio Ljubu\u0161ki\"},\"image\":{\"@id\":\"https:\\\/\\\/radioljubuski.ba\\\/#\\\/schema\\\/logo\\\/image\\\/\"},\"sameAs\":[\"https:\\\/\\\/www.facebook.com\\\/Radiio-Ljubuski-1490835324566332\",\"https:\\\/\\\/x.com\\\/radioljubuski\",\"https:\\\/\\\/hr.linkedin.com\\\/company\\\/radio-ljubuski\",\"https:\\\/\\\/www.youtube.com\\\/channel\\\/UCHYaeO_n0Db3tjNGudGpXyw\"]},{\"@type\":\"Person\",\"@id\":\"https:\\\/\\\/radioljubuski.ba\\\/#\\\/schema\\\/person\\\/19fc700381a780f69665d7956c469e3b\",\"name\":\"Radio Ljubu\u0161ki\"}]}<\/script>\n<!-- \/ Yoast SEO plugin. -->","yoast_head_json":{"title":"Milanovi\u0107 upoznao Marin s te\u0161kim polo\u017eajem Hrvata u BiH kojima je onemogu\u0107eno da biraju svoje predstavnike - RADIO LJUBU\u0160KI","robots":{"index":"index","follow":"follow","max-snippet":"max-snippet:-1","max-image-preview":"max-image-preview:large","max-video-preview":"max-video-preview:-1"},"canonical":"https:\/\/radioljubuski.ba\/index.php\/2022\/06\/22\/milanovic-upoznao-marin-s-teskim-polozajem-hrvata-u-bih-kojima-je-onemoguceno-da-biraju-svoje-predstavnike\/","og_locale":"hr_HR","og_type":"article","og_title":"Milanovi\u0107 upoznao Marin s te\u0161kim polo\u017eajem Hrvata u BiH kojima je onemogu\u0107eno da biraju svoje predstavnike - RADIO LJUBU\u0160KI","og_description":"Hrvatski predsjednik Zoran Milanovi\u0107 rekao je finskoj premijerki Sanni Marin kako se ne protivi na\u010delno prijemu Finske u NATO, ali joj je istodobno ukazao na te\u017eak polo\u017eaj Hrvata u BiH te na sigurnosne probleme s kojima je suo\u010dena Hrvatska zbog nestabilne situacije u BiH. Nakon sastanka nije bilo izjava nego samo priop\u0107enje Ureda predsjednika koje [&hellip;]","og_url":"https:\/\/radioljubuski.ba\/index.php\/2022\/06\/22\/milanovic-upoznao-marin-s-teskim-polozajem-hrvata-u-bih-kojima-je-onemoguceno-da-biraju-svoje-predstavnike\/","og_site_name":"RADIO LJUBU\u0160KI","article_publisher":"https:\/\/www.facebook.com\/Radiio-Ljubuski-1490835324566332","article_published_time":"2022-06-22T09:23:22+00:00","article_modified_time":"2022-06-22T09:23:23+00:00","og_image":[{"width":1068,"height":808,"url":"https:\/\/radioljubuski.ba\/wp-content\/uploads\/2022\/06\/milanovic-marin-1068x808-1.jpeg","type":"image\/jpeg"}],"author":"Radio Ljubu\u0161ki","twitter_card":"summary_large_image","twitter_creator":"@radioljubuski","twitter_site":"@radioljubuski","twitter_misc":{"Napisao\/la":"Radio Ljubu\u0161ki","Procijenjeno vrijeme \u010ditanja":"3 minute"},"schema":{"@context":"https:\/\/schema.org","@graph":[{"@type":"Article","@id":"https:\/\/radioljubuski.ba\/index.php\/2022\/06\/22\/milanovic-upoznao-marin-s-teskim-polozajem-hrvata-u-bih-kojima-je-onemoguceno-da-biraju-svoje-predstavnike\/#article","isPartOf":{"@id":"https:\/\/radioljubuski.ba\/index.php\/2022\/06\/22\/milanovic-upoznao-marin-s-teskim-polozajem-hrvata-u-bih-kojima-je-onemoguceno-da-biraju-svoje-predstavnike\/"},"author":{"name":"Radio Ljubu\u0161ki","@id":"https:\/\/radioljubuski.ba\/#\/schema\/person\/19fc700381a780f69665d7956c469e3b"},"headline":"Milanovi\u0107 upoznao Marin s te\u0161kim polo\u017eajem Hrvata u BiH kojima je onemogu\u0107eno da biraju svoje predstavnike","datePublished":"2022-06-22T09:23:22+00:00","dateModified":"2022-06-22T09:23:23+00:00","mainEntityOfPage":{"@id":"https:\/\/radioljubuski.ba\/index.php\/2022\/06\/22\/milanovic-upoznao-marin-s-teskim-polozajem-hrvata-u-bih-kojima-je-onemoguceno-da-biraju-svoje-predstavnike\/"},"wordCount":561,"publisher":{"@id":"https:\/\/radioljubuski.ba\/#organization"},"image":{"@id":"https:\/\/radioljubuski.ba\/index.php\/2022\/06\/22\/milanovic-upoznao-marin-s-teskim-polozajem-hrvata-u-bih-kojima-je-onemoguceno-da-biraju-svoje-predstavnike\/#primaryimage"},"thumbnailUrl":"https:\/\/radioljubuski.ba\/wp-content\/uploads\/2022\/06\/milanovic-marin-1068x808-1.jpeg","articleSection":["BIH i regija"],"inLanguage":"hr"},{"@type":"WebPage","@id":"https:\/\/radioljubuski.ba\/index.php\/2022\/06\/22\/milanovic-upoznao-marin-s-teskim-polozajem-hrvata-u-bih-kojima-je-onemoguceno-da-biraju-svoje-predstavnike\/","url":"https:\/\/radioljubuski.ba\/index.php\/2022\/06\/22\/milanovic-upoznao-marin-s-teskim-polozajem-hrvata-u-bih-kojima-je-onemoguceno-da-biraju-svoje-predstavnike\/","name":"Milanovi\u0107 upoznao Marin s te\u0161kim polo\u017eajem Hrvata u BiH kojima je onemogu\u0107eno da biraju svoje predstavnike - RADIO LJUBU\u0160KI","isPartOf":{"@id":"https:\/\/radioljubuski.ba\/#website"},"primaryImageOfPage":{"@id":"https:\/\/radioljubuski.ba\/index.php\/2022\/06\/22\/milanovic-upoznao-marin-s-teskim-polozajem-hrvata-u-bih-kojima-je-onemoguceno-da-biraju-svoje-predstavnike\/#primaryimage"},"image":{"@id":"https:\/\/radioljubuski.ba\/index.php\/2022\/06\/22\/milanovic-upoznao-marin-s-teskim-polozajem-hrvata-u-bih-kojima-je-onemoguceno-da-biraju-svoje-predstavnike\/#primaryimage"},"thumbnailUrl":"https:\/\/radioljubuski.ba\/wp-content\/uploads\/2022\/06\/milanovic-marin-1068x808-1.jpeg","datePublished":"2022-06-22T09:23:22+00:00","dateModified":"2022-06-22T09:23:23+00:00","breadcrumb":{"@id":"https:\/\/radioljubuski.ba\/index.php\/2022\/06\/22\/milanovic-upoznao-marin-s-teskim-polozajem-hrvata-u-bih-kojima-je-onemoguceno-da-biraju-svoje-predstavnike\/#breadcrumb"},"inLanguage":"hr","potentialAction":[{"@type":"ReadAction","target":["https:\/\/radioljubuski.ba\/index.php\/2022\/06\/22\/milanovic-upoznao-marin-s-teskim-polozajem-hrvata-u-bih-kojima-je-onemoguceno-da-biraju-svoje-predstavnike\/"]}]},{"@type":"ImageObject","inLanguage":"hr","@id":"https:\/\/radioljubuski.ba\/index.php\/2022\/06\/22\/milanovic-upoznao-marin-s-teskim-polozajem-hrvata-u-bih-kojima-je-onemoguceno-da-biraju-svoje-predstavnike\/#primaryimage","url":"https:\/\/radioljubuski.ba\/wp-content\/uploads\/2022\/06\/milanovic-marin-1068x808-1.jpeg","contentUrl":"https:\/\/radioljubuski.ba\/wp-content\/uploads\/2022\/06\/milanovic-marin-1068x808-1.jpeg","width":1068,"height":808},{"@type":"BreadcrumbList","@id":"https:\/\/radioljubuski.ba\/index.php\/2022\/06\/22\/milanovic-upoznao-marin-s-teskim-polozajem-hrvata-u-bih-kojima-je-onemoguceno-da-biraju-svoje-predstavnike\/#breadcrumb","itemListElement":[{"@type":"ListItem","position":1,"name":"Po\u010detna stranica","item":"https:\/\/radioljubuski.ba\/"},{"@type":"ListItem","position":2,"name":"Milanovi\u0107 upoznao Marin s te\u0161kim polo\u017eajem Hrvata u BiH kojima je onemogu\u0107eno da biraju svoje predstavnike"}]},{"@type":"WebSite","@id":"https:\/\/radioljubuski.ba\/#website","url":"https:\/\/radioljubuski.ba\/","name":"Radio Ljubu\u0161ki","description":"Sun\u010dana frekvencija Hercegovine","publisher":{"@id":"https:\/\/radioljubuski.ba\/#organization"},"potentialAction":[{"@type":"SearchAction","target":{"@type":"EntryPoint","urlTemplate":"https:\/\/radioljubuski.ba\/?s={search_term_string}"},"query-input":{"@type":"PropertyValueSpecification","valueRequired":true,"valueName":"search_term_string"}}],"inLanguage":"hr"},{"@type":"Organization","@id":"https:\/\/radioljubuski.ba\/#organization","name":"Radio Ljubu\u0161ki","url":"https:\/\/radioljubuski.ba\/","logo":{"@type":"ImageObject","inLanguage":"hr","@id":"https:\/\/radioljubuski.ba\/#\/schema\/logo\/image\/","url":"https:\/\/radioljubuski.ba\/wp-content\/uploads\/2021\/02\/cropped-Radio_Ljubuski_logo1.jpg","contentUrl":"https:\/\/radioljubuski.ba\/wp-content\/uploads\/2021\/02\/cropped-Radio_Ljubuski_logo1.jpg","width":512,"height":512,"caption":"Radio Ljubu\u0161ki"},"image":{"@id":"https:\/\/radioljubuski.ba\/#\/schema\/logo\/image\/"},"sameAs":["https:\/\/www.facebook.com\/Radiio-Ljubuski-1490835324566332","https:\/\/x.com\/radioljubuski","https:\/\/hr.linkedin.com\/company\/radio-ljubuski","https:\/\/www.youtube.com\/channel\/UCHYaeO_n0Db3tjNGudGpXyw"]},{"@type":"Person","@id":"https:\/\/radioljubuski.ba\/#\/schema\/person\/19fc700381a780f69665d7956c469e3b","name":"Radio Ljubu\u0161ki"}]}},"_links":{"self":[{"href":"https:\/\/radioljubuski.ba\/index.php\/wp-json\/wp\/v2\/posts\/151957","targetHints":{"allow":["GET"]}}],"collection":[{"href":"https:\/\/radioljubuski.ba\/index.php\/wp-json\/wp\/v2\/posts"}],"about":[{"href":"https:\/\/radioljubuski.ba\/index.php\/wp-json\/wp\/v2\/types\/post"}],"author":[{"embeddable":true,"href":"https:\/\/radioljubuski.ba\/index.php\/wp-json\/wp\/v2\/users\/2"}],"replies":[{"embeddable":true,"href":"https:\/\/radioljubuski.ba\/index.php\/wp-json\/wp\/v2\/comments?post=151957"}],"version-history":[{"count":1,"href":"https:\/\/radioljubuski.ba\/index.php\/wp-json\/wp\/v2\/posts\/151957\/revisions"}],"predecessor-version":[{"id":151959,"href":"https:\/\/radioljubuski.ba\/index.php\/wp-json\/wp\/v2\/posts\/151957\/revisions\/151959"}],"wp:featuredmedia":[{"embeddable":true,"href":"https:\/\/radioljubuski.ba\/index.php\/wp-json\/wp\/v2\/media\/151958"}],"wp:attachment":[{"href":"https:\/\/radioljubuski.ba\/index.php\/wp-json\/wp\/v2\/media?parent=151957"}],"wp:term":[{"taxonomy":"category","embeddable":true,"href":"https:\/\/radioljubuski.ba\/index.php\/wp-json\/wp\/v2\/categories?post=151957"},{"taxonomy":"post_tag","embeddable":true,"href":"https:\/\/radioljubuski.ba\/index.php\/wp-json\/wp\/v2\/tags?post=151957"}],"curies":[{"name":"wp","href":"https:\/\/api.w.org\/{rel}","templated":true}]}}