{"id":151960,"date":"2022-06-22T10:26:16","date_gmt":"2022-06-22T09:26:16","guid":{"rendered":"https:\/\/radioljubuski.ba\/?p=151960"},"modified":"2022-06-22T10:26:17","modified_gmt":"2022-06-22T09:26:17","slug":"u-zracnu-luku-mostar-prvi-put-sletio-zrakoplov-iz-poljske","status":"publish","type":"post","link":"https:\/\/radioljubuski.ba\/index.php\/2022\/06\/22\/u-zracnu-luku-mostar-prvi-put-sletio-zrakoplov-iz-poljske\/","title":{"rendered":"U Zra\u010dnu luku Mostar prvi put sletio zrakoplov iz Poljske"},"content":{"rendered":"\n<p><strong>U Zra\u010dnu luku Mostar sletio je zrakoplov LOT Polish Airlinesa iz Katowica koji je dovezao 161 putnika charter letom i tako po prvi put zra\u010dnom linijom povezao Mostar i Poljsku.<\/strong><\/p>\n\n\n\n<figure class=\"wp-block-image\"><img decoding=\"async\" src=\"https:\/\/hms.ba\/wp-content\/uploads\/2022\/06\/katowice-glavna.webp\" alt=\"\" title=\"katowice-glavna\"\/><\/figure>\n\n\n\n<p>Putnike iz Katowica u mostarskoj Zra\u010dnoj luci do\u010dekali su gradona\u010delnik dr. Mario Kordi\u0107, savjetnika predsjednika Vlade HN\u017d-a Darko Juka, direktor Zra\u010dne luke Ivan Ljubi\u0107, direktorica touroperatora Rego-Bis Gabriela Ma\u0144ka-Sokullu i touroperator Hercegovina Travel iz Me\u0111ugorja Mario Gli\u0161i\u0107.<\/p>\n\n\n\n<figure class=\"wp-block-image\"><img decoding=\"async\" src=\"https:\/\/www.mostar.ba\/storage\/2022\/06\/katowice-2.jpg\" alt=\"\" class=\"wp-image-2066\"\/><\/figure>\n\n\n\n<p>\u201cSretan sam \u0161to u Zra\u010dnoj luci Mostar kona\u010dno vidimo taj \u2018\u0161u\u0161ur\u2019 da ljudi kona\u010dno dolaze. Htio bih zahvaliti svima onima koji su omogu\u0107ili da se ovo dogodi. Ve\u0107 godinu dana govorimo o problemima Zra\u010dne luke Mostar i kako ih rije\u0161iti. Plodovi tog rada su sada polako vidljivi na terenu. Danas je na mostarsku Zra\u010dnu luku sletio najve\u0107i zrakoplov koji uop\u0107e ovdje mo\u017ee sletjeti. Nadam se da je ovo po\u010detak jedne lijepe pri\u010de i kako \u0107emo Zra\u010dnu luku Mostar gledati kao potencijal koji \u0107e cijeloj Hercegovini, a prvenstveno Mostaru donijeti dobro\u201c, poru\u010dio je tom prilikom gradona\u010delnik Mostara dr. Mario Kordi\u0107.<\/p>\n\n\n\n<figure class=\"wp-block-image\"><img decoding=\"async\" src=\"https:\/\/www.mostar.ba\/storage\/2022\/06\/rezanje-torte.jpg\" alt=\"\" class=\"wp-image-2067\"\/><\/figure>\n\n\n\n<p>Direktor mostarskog aerodroma Ivan Ljubi\u0107 je zahvalio svima koji su uveli\u010dali ovu sve\u010danost kazav\u0161i kako je to povijesni doga\u0111aj.<\/p>\n\n\n\n<p>\u201cSve\u010dano smo do\u010dekali ovaj let i sve\u010dano uspostavili zra\u010dni most izme\u0111u Mostara i Poljske\u201d, kazao je Ljubi\u0107.<br>On je naglasio kako \u0107e letovi biti jednom tjedno, svakog utorka od danas do kraja rujna na toj relaciji.<br>Predstavnik veleposlanstva Poljske u BiH Bohdan Korzeniowski naglasio kako je Hercegovina prelijepa i da postoji zanimanje Poljaka za dolazak u ove krajeve.<\/p>\n\n\n\n<figure class=\"wp-block-image\"><img decoding=\"async\" src=\"https:\/\/www.mostar.ba\/storage\/2022\/06\/katowice-7.jpg\" alt=\"\" class=\"wp-image-2069\"\/><\/figure>\n\n\n\n<p>\u201eJa se nadam kako \u0107e uskoro biti redovna zra\u010dna linija izme\u0111u Mostara i Poljske. Mo\u017eda ne ove godine koja je te\u0161ka zbog rata i inflacije, ali onda sigurno za 2-3 godine\u201c, istaknuo je Korzeniowski.<\/p>\n\n\n\n<p>U Zra\u010dnoj luci Mostar uprili\u010den je sve\u010dani prijem za putnike uz hercegova\u010dku zdravicu kojom su ih do\u010dekali \u010dlanovi kulturno-umjetni\u010dkih dru\u0161tava u narodnim no\u0161njama s tradicionalni hercegova\u010dkim proizvodima za osvje\u017eenje, objavljeno je na slu\u017ebenoj web stranici Grada Mostara.<\/p>\n\n\n\n<p>\/HMS\/<\/p>\n","protected":false},"excerpt":{"rendered":"<p>U Zra\u010dnu luku Mostar sletio je zrakoplov LOT Polish Airlinesa iz Katowica koji je dovezao 161 putnika charter letom i tako po prvi put zra\u010dnom linijom povezao Mostar i Poljsku. Putnike iz Katowica u mostarskoj Zra\u010dnoj luci do\u010dekali su gradona\u010delnik dr. Mario Kordi\u0107, savjetnika predsjednika Vlade HN\u017d-a Darko Juka, direktor Zra\u010dne luke Ivan Ljubi\u0107, direktorica [&hellip;]<\/p>\n","protected":false},"author":2,"featured_media":151961,"comment_status":"closed","ping_status":"closed","sticky":false,"template":"","format":"standard","meta":{"h5ap_radio_sources":[],"footnotes":""},"categories":[1],"tags":[],"class_list":["post-151960","post","type-post","status-publish","format-standard","has-post-thumbnail","hentry","category-bihiregija"],"yoast_head":"<!-- This site is optimized with the Yoast SEO plugin v27.4 - https:\/\/yoast.com\/product\/yoast-seo-wordpress\/ -->\n<title>U Zra\u010dnu luku Mostar prvi put sletio zrakoplov iz Poljske - RADIO LJUBU\u0160KI<\/title>\n<meta name=\"robots\" content=\"index, follow, max-snippet:-1, max-image-preview:large, max-video-preview:-1\" \/>\n<link rel=\"canonical\" href=\"https:\/\/radioljubuski.ba\/index.php\/2022\/06\/22\/u-zracnu-luku-mostar-prvi-put-sletio-zrakoplov-iz-poljske\/\" \/>\n<meta property=\"og:locale\" content=\"hr_HR\" \/>\n<meta property=\"og:type\" content=\"article\" \/>\n<meta property=\"og:title\" content=\"U Zra\u010dnu luku Mostar prvi put sletio zrakoplov iz Poljske - RADIO LJUBU\u0160KI\" \/>\n<meta property=\"og:description\" content=\"U Zra\u010dnu luku Mostar sletio je zrakoplov LOT Polish Airlinesa iz Katowica koji je dovezao 161 putnika charter letom i tako po prvi put zra\u010dnom linijom povezao Mostar i Poljsku. Putnike iz Katowica u mostarskoj Zra\u010dnoj luci do\u010dekali su gradona\u010delnik dr. Mario Kordi\u0107, savjetnika predsjednika Vlade HN\u017d-a Darko Juka, direktor Zra\u010dne luke Ivan Ljubi\u0107, direktorica [&hellip;]\" \/>\n<meta property=\"og:url\" content=\"https:\/\/radioljubuski.ba\/index.php\/2022\/06\/22\/u-zracnu-luku-mostar-prvi-put-sletio-zrakoplov-iz-poljske\/\" \/>\n<meta property=\"og:site_name\" content=\"RADIO LJUBU\u0160KI\" \/>\n<meta property=\"article:publisher\" content=\"https:\/\/www.facebook.com\/Radiio-Ljubuski-1490835324566332\" \/>\n<meta property=\"article:published_time\" content=\"2022-06-22T09:26:16+00:00\" \/>\n<meta property=\"article:modified_time\" content=\"2022-06-22T09:26:17+00:00\" \/>\n<meta property=\"og:image\" content=\"https:\/\/radioljubuski.ba\/wp-content\/uploads\/2022\/06\/zracna-luka-mostar-poljska.jpg\" \/>\n\t<meta property=\"og:image:width\" content=\"1280\" \/>\n\t<meta property=\"og:image:height\" content=\"880\" \/>\n\t<meta property=\"og:image:type\" content=\"image\/jpeg\" \/>\n<meta name=\"author\" content=\"Radio Ljubu\u0161ki\" \/>\n<meta name=\"twitter:card\" content=\"summary_large_image\" \/>\n<meta name=\"twitter:creator\" content=\"@radioljubuski\" \/>\n<meta name=\"twitter:site\" content=\"@radioljubuski\" \/>\n<meta name=\"twitter:label1\" content=\"Napisao\/la\" \/>\n\t<meta name=\"twitter:data1\" content=\"Radio Ljubu\u0161ki\" \/>\n\t<meta name=\"twitter:label2\" content=\"Procijenjeno vrijeme \u010ditanja\" \/>\n\t<meta name=\"twitter:data2\" content=\"3 minute\" \/>\n<script type=\"application\/ld+json\" class=\"yoast-schema-graph\">{\"@context\":\"https:\\\/\\\/schema.org\",\"@graph\":[{\"@type\":\"Article\",\"@id\":\"https:\\\/\\\/radioljubuski.ba\\\/index.php\\\/2022\\\/06\\\/22\\\/u-zracnu-luku-mostar-prvi-put-sletio-zrakoplov-iz-poljske\\\/#article\",\"isPartOf\":{\"@id\":\"https:\\\/\\\/radioljubuski.ba\\\/index.php\\\/2022\\\/06\\\/22\\\/u-zracnu-luku-mostar-prvi-put-sletio-zrakoplov-iz-poljske\\\/\"},\"author\":{\"name\":\"Radio Ljubu\u0161ki\",\"@id\":\"https:\\\/\\\/radioljubuski.ba\\\/#\\\/schema\\\/person\\\/19fc700381a780f69665d7956c469e3b\"},\"headline\":\"U Zra\u010dnu luku Mostar prvi put sletio zrakoplov iz Poljske\",\"datePublished\":\"2022-06-22T09:26:16+00:00\",\"dateModified\":\"2022-06-22T09:26:17+00:00\",\"mainEntityOfPage\":{\"@id\":\"https:\\\/\\\/radioljubuski.ba\\\/index.php\\\/2022\\\/06\\\/22\\\/u-zracnu-luku-mostar-prvi-put-sletio-zrakoplov-iz-poljske\\\/\"},\"wordCount\":375,\"publisher\":{\"@id\":\"https:\\\/\\\/radioljubuski.ba\\\/#organization\"},\"image\":{\"@id\":\"https:\\\/\\\/radioljubuski.ba\\\/index.php\\\/2022\\\/06\\\/22\\\/u-zracnu-luku-mostar-prvi-put-sletio-zrakoplov-iz-poljske\\\/#primaryimage\"},\"thumbnailUrl\":\"https:\\\/\\\/radioljubuski.ba\\\/wp-content\\\/uploads\\\/2022\\\/06\\\/zracna-luka-mostar-poljska.jpg\",\"articleSection\":[\"BIH i regija\"],\"inLanguage\":\"hr\"},{\"@type\":\"WebPage\",\"@id\":\"https:\\\/\\\/radioljubuski.ba\\\/index.php\\\/2022\\\/06\\\/22\\\/u-zracnu-luku-mostar-prvi-put-sletio-zrakoplov-iz-poljske\\\/\",\"url\":\"https:\\\/\\\/radioljubuski.ba\\\/index.php\\\/2022\\\/06\\\/22\\\/u-zracnu-luku-mostar-prvi-put-sletio-zrakoplov-iz-poljske\\\/\",\"name\":\"U Zra\u010dnu luku Mostar prvi put sletio zrakoplov iz Poljske - RADIO LJUBU\u0160KI\",\"isPartOf\":{\"@id\":\"https:\\\/\\\/radioljubuski.ba\\\/#website\"},\"primaryImageOfPage\":{\"@id\":\"https:\\\/\\\/radioljubuski.ba\\\/index.php\\\/2022\\\/06\\\/22\\\/u-zracnu-luku-mostar-prvi-put-sletio-zrakoplov-iz-poljske\\\/#primaryimage\"},\"image\":{\"@id\":\"https:\\\/\\\/radioljubuski.ba\\\/index.php\\\/2022\\\/06\\\/22\\\/u-zracnu-luku-mostar-prvi-put-sletio-zrakoplov-iz-poljske\\\/#primaryimage\"},\"thumbnailUrl\":\"https:\\\/\\\/radioljubuski.ba\\\/wp-content\\\/uploads\\\/2022\\\/06\\\/zracna-luka-mostar-poljska.jpg\",\"datePublished\":\"2022-06-22T09:26:16+00:00\",\"dateModified\":\"2022-06-22T09:26:17+00:00\",\"breadcrumb\":{\"@id\":\"https:\\\/\\\/radioljubuski.ba\\\/index.php\\\/2022\\\/06\\\/22\\\/u-zracnu-luku-mostar-prvi-put-sletio-zrakoplov-iz-poljske\\\/#breadcrumb\"},\"inLanguage\":\"hr\",\"potentialAction\":[{\"@type\":\"ReadAction\",\"target\":[\"https:\\\/\\\/radioljubuski.ba\\\/index.php\\\/2022\\\/06\\\/22\\\/u-zracnu-luku-mostar-prvi-put-sletio-zrakoplov-iz-poljske\\\/\"]}]},{\"@type\":\"ImageObject\",\"inLanguage\":\"hr\",\"@id\":\"https:\\\/\\\/radioljubuski.ba\\\/index.php\\\/2022\\\/06\\\/22\\\/u-zracnu-luku-mostar-prvi-put-sletio-zrakoplov-iz-poljske\\\/#primaryimage\",\"url\":\"https:\\\/\\\/radioljubuski.ba\\\/wp-content\\\/uploads\\\/2022\\\/06\\\/zracna-luka-mostar-poljska.jpg\",\"contentUrl\":\"https:\\\/\\\/radioljubuski.ba\\\/wp-content\\\/uploads\\\/2022\\\/06\\\/zracna-luka-mostar-poljska.jpg\",\"width\":1280,\"height\":880},{\"@type\":\"BreadcrumbList\",\"@id\":\"https:\\\/\\\/radioljubuski.ba\\\/index.php\\\/2022\\\/06\\\/22\\\/u-zracnu-luku-mostar-prvi-put-sletio-zrakoplov-iz-poljske\\\/#breadcrumb\",\"itemListElement\":[{\"@type\":\"ListItem\",\"position\":1,\"name\":\"Po\u010detna stranica\",\"item\":\"https:\\\/\\\/radioljubuski.ba\\\/\"},{\"@type\":\"ListItem\",\"position\":2,\"name\":\"U Zra\u010dnu luku Mostar prvi put sletio zrakoplov iz Poljske\"}]},{\"@type\":\"WebSite\",\"@id\":\"https:\\\/\\\/radioljubuski.ba\\\/#website\",\"url\":\"https:\\\/\\\/radioljubuski.ba\\\/\",\"name\":\"Radio Ljubu\u0161ki\",\"description\":\"Sun\u010dana frekvencija Hercegovine\",\"publisher\":{\"@id\":\"https:\\\/\\\/radioljubuski.ba\\\/#organization\"},\"potentialAction\":[{\"@type\":\"SearchAction\",\"target\":{\"@type\":\"EntryPoint\",\"urlTemplate\":\"https:\\\/\\\/radioljubuski.ba\\\/?s={search_term_string}\"},\"query-input\":{\"@type\":\"PropertyValueSpecification\",\"valueRequired\":true,\"valueName\":\"search_term_string\"}}],\"inLanguage\":\"hr\"},{\"@type\":\"Organization\",\"@id\":\"https:\\\/\\\/radioljubuski.ba\\\/#organization\",\"name\":\"Radio Ljubu\u0161ki\",\"url\":\"https:\\\/\\\/radioljubuski.ba\\\/\",\"logo\":{\"@type\":\"ImageObject\",\"inLanguage\":\"hr\",\"@id\":\"https:\\\/\\\/radioljubuski.ba\\\/#\\\/schema\\\/logo\\\/image\\\/\",\"url\":\"https:\\\/\\\/radioljubuski.ba\\\/wp-content\\\/uploads\\\/2021\\\/02\\\/cropped-Radio_Ljubuski_logo1.jpg\",\"contentUrl\":\"https:\\\/\\\/radioljubuski.ba\\\/wp-content\\\/uploads\\\/2021\\\/02\\\/cropped-Radio_Ljubuski_logo1.jpg\",\"width\":512,\"height\":512,\"caption\":\"Radio Ljubu\u0161ki\"},\"image\":{\"@id\":\"https:\\\/\\\/radioljubuski.ba\\\/#\\\/schema\\\/logo\\\/image\\\/\"},\"sameAs\":[\"https:\\\/\\\/www.facebook.com\\\/Radiio-Ljubuski-1490835324566332\",\"https:\\\/\\\/x.com\\\/radioljubuski\",\"https:\\\/\\\/hr.linkedin.com\\\/company\\\/radio-ljubuski\",\"https:\\\/\\\/www.youtube.com\\\/channel\\\/UCHYaeO_n0Db3tjNGudGpXyw\"]},{\"@type\":\"Person\",\"@id\":\"https:\\\/\\\/radioljubuski.ba\\\/#\\\/schema\\\/person\\\/19fc700381a780f69665d7956c469e3b\",\"name\":\"Radio Ljubu\u0161ki\"}]}<\/script>\n<!-- \/ Yoast SEO plugin. -->","yoast_head_json":{"title":"U Zra\u010dnu luku Mostar prvi put sletio zrakoplov iz Poljske - RADIO LJUBU\u0160KI","robots":{"index":"index","follow":"follow","max-snippet":"max-snippet:-1","max-image-preview":"max-image-preview:large","max-video-preview":"max-video-preview:-1"},"canonical":"https:\/\/radioljubuski.ba\/index.php\/2022\/06\/22\/u-zracnu-luku-mostar-prvi-put-sletio-zrakoplov-iz-poljske\/","og_locale":"hr_HR","og_type":"article","og_title":"U Zra\u010dnu luku Mostar prvi put sletio zrakoplov iz Poljske - RADIO LJUBU\u0160KI","og_description":"U Zra\u010dnu luku Mostar sletio je zrakoplov LOT Polish Airlinesa iz Katowica koji je dovezao 161 putnika charter letom i tako po prvi put zra\u010dnom linijom povezao Mostar i Poljsku. Putnike iz Katowica u mostarskoj Zra\u010dnoj luci do\u010dekali su gradona\u010delnik dr. Mario Kordi\u0107, savjetnika predsjednika Vlade HN\u017d-a Darko Juka, direktor Zra\u010dne luke Ivan Ljubi\u0107, direktorica [&hellip;]","og_url":"https:\/\/radioljubuski.ba\/index.php\/2022\/06\/22\/u-zracnu-luku-mostar-prvi-put-sletio-zrakoplov-iz-poljske\/","og_site_name":"RADIO LJUBU\u0160KI","article_publisher":"https:\/\/www.facebook.com\/Radiio-Ljubuski-1490835324566332","article_published_time":"2022-06-22T09:26:16+00:00","article_modified_time":"2022-06-22T09:26:17+00:00","og_image":[{"width":1280,"height":880,"url":"https:\/\/radioljubuski.ba\/wp-content\/uploads\/2022\/06\/zracna-luka-mostar-poljska.jpg","type":"image\/jpeg"}],"author":"Radio Ljubu\u0161ki","twitter_card":"summary_large_image","twitter_creator":"@radioljubuski","twitter_site":"@radioljubuski","twitter_misc":{"Napisao\/la":"Radio Ljubu\u0161ki","Procijenjeno vrijeme \u010ditanja":"3 minute"},"schema":{"@context":"https:\/\/schema.org","@graph":[{"@type":"Article","@id":"https:\/\/radioljubuski.ba\/index.php\/2022\/06\/22\/u-zracnu-luku-mostar-prvi-put-sletio-zrakoplov-iz-poljske\/#article","isPartOf":{"@id":"https:\/\/radioljubuski.ba\/index.php\/2022\/06\/22\/u-zracnu-luku-mostar-prvi-put-sletio-zrakoplov-iz-poljske\/"},"author":{"name":"Radio Ljubu\u0161ki","@id":"https:\/\/radioljubuski.ba\/#\/schema\/person\/19fc700381a780f69665d7956c469e3b"},"headline":"U Zra\u010dnu luku Mostar prvi put sletio zrakoplov iz Poljske","datePublished":"2022-06-22T09:26:16+00:00","dateModified":"2022-06-22T09:26:17+00:00","mainEntityOfPage":{"@id":"https:\/\/radioljubuski.ba\/index.php\/2022\/06\/22\/u-zracnu-luku-mostar-prvi-put-sletio-zrakoplov-iz-poljske\/"},"wordCount":375,"publisher":{"@id":"https:\/\/radioljubuski.ba\/#organization"},"image":{"@id":"https:\/\/radioljubuski.ba\/index.php\/2022\/06\/22\/u-zracnu-luku-mostar-prvi-put-sletio-zrakoplov-iz-poljske\/#primaryimage"},"thumbnailUrl":"https:\/\/radioljubuski.ba\/wp-content\/uploads\/2022\/06\/zracna-luka-mostar-poljska.jpg","articleSection":["BIH i regija"],"inLanguage":"hr"},{"@type":"WebPage","@id":"https:\/\/radioljubuski.ba\/index.php\/2022\/06\/22\/u-zracnu-luku-mostar-prvi-put-sletio-zrakoplov-iz-poljske\/","url":"https:\/\/radioljubuski.ba\/index.php\/2022\/06\/22\/u-zracnu-luku-mostar-prvi-put-sletio-zrakoplov-iz-poljske\/","name":"U Zra\u010dnu luku Mostar prvi put sletio zrakoplov iz Poljske - RADIO LJUBU\u0160KI","isPartOf":{"@id":"https:\/\/radioljubuski.ba\/#website"},"primaryImageOfPage":{"@id":"https:\/\/radioljubuski.ba\/index.php\/2022\/06\/22\/u-zracnu-luku-mostar-prvi-put-sletio-zrakoplov-iz-poljske\/#primaryimage"},"image":{"@id":"https:\/\/radioljubuski.ba\/index.php\/2022\/06\/22\/u-zracnu-luku-mostar-prvi-put-sletio-zrakoplov-iz-poljske\/#primaryimage"},"thumbnailUrl":"https:\/\/radioljubuski.ba\/wp-content\/uploads\/2022\/06\/zracna-luka-mostar-poljska.jpg","datePublished":"2022-06-22T09:26:16+00:00","dateModified":"2022-06-22T09:26:17+00:00","breadcrumb":{"@id":"https:\/\/radioljubuski.ba\/index.php\/2022\/06\/22\/u-zracnu-luku-mostar-prvi-put-sletio-zrakoplov-iz-poljske\/#breadcrumb"},"inLanguage":"hr","potentialAction":[{"@type":"ReadAction","target":["https:\/\/radioljubuski.ba\/index.php\/2022\/06\/22\/u-zracnu-luku-mostar-prvi-put-sletio-zrakoplov-iz-poljske\/"]}]},{"@type":"ImageObject","inLanguage":"hr","@id":"https:\/\/radioljubuski.ba\/index.php\/2022\/06\/22\/u-zracnu-luku-mostar-prvi-put-sletio-zrakoplov-iz-poljske\/#primaryimage","url":"https:\/\/radioljubuski.ba\/wp-content\/uploads\/2022\/06\/zracna-luka-mostar-poljska.jpg","contentUrl":"https:\/\/radioljubuski.ba\/wp-content\/uploads\/2022\/06\/zracna-luka-mostar-poljska.jpg","width":1280,"height":880},{"@type":"BreadcrumbList","@id":"https:\/\/radioljubuski.ba\/index.php\/2022\/06\/22\/u-zracnu-luku-mostar-prvi-put-sletio-zrakoplov-iz-poljske\/#breadcrumb","itemListElement":[{"@type":"ListItem","position":1,"name":"Po\u010detna stranica","item":"https:\/\/radioljubuski.ba\/"},{"@type":"ListItem","position":2,"name":"U Zra\u010dnu luku Mostar prvi put sletio zrakoplov iz Poljske"}]},{"@type":"WebSite","@id":"https:\/\/radioljubuski.ba\/#website","url":"https:\/\/radioljubuski.ba\/","name":"Radio Ljubu\u0161ki","description":"Sun\u010dana frekvencija Hercegovine","publisher":{"@id":"https:\/\/radioljubuski.ba\/#organization"},"potentialAction":[{"@type":"SearchAction","target":{"@type":"EntryPoint","urlTemplate":"https:\/\/radioljubuski.ba\/?s={search_term_string}"},"query-input":{"@type":"PropertyValueSpecification","valueRequired":true,"valueName":"search_term_string"}}],"inLanguage":"hr"},{"@type":"Organization","@id":"https:\/\/radioljubuski.ba\/#organization","name":"Radio Ljubu\u0161ki","url":"https:\/\/radioljubuski.ba\/","logo":{"@type":"ImageObject","inLanguage":"hr","@id":"https:\/\/radioljubuski.ba\/#\/schema\/logo\/image\/","url":"https:\/\/radioljubuski.ba\/wp-content\/uploads\/2021\/02\/cropped-Radio_Ljubuski_logo1.jpg","contentUrl":"https:\/\/radioljubuski.ba\/wp-content\/uploads\/2021\/02\/cropped-Radio_Ljubuski_logo1.jpg","width":512,"height":512,"caption":"Radio Ljubu\u0161ki"},"image":{"@id":"https:\/\/radioljubuski.ba\/#\/schema\/logo\/image\/"},"sameAs":["https:\/\/www.facebook.com\/Radiio-Ljubuski-1490835324566332","https:\/\/x.com\/radioljubuski","https:\/\/hr.linkedin.com\/company\/radio-ljubuski","https:\/\/www.youtube.com\/channel\/UCHYaeO_n0Db3tjNGudGpXyw"]},{"@type":"Person","@id":"https:\/\/radioljubuski.ba\/#\/schema\/person\/19fc700381a780f69665d7956c469e3b","name":"Radio Ljubu\u0161ki"}]}},"_links":{"self":[{"href":"https:\/\/radioljubuski.ba\/index.php\/wp-json\/wp\/v2\/posts\/151960","targetHints":{"allow":["GET"]}}],"collection":[{"href":"https:\/\/radioljubuski.ba\/index.php\/wp-json\/wp\/v2\/posts"}],"about":[{"href":"https:\/\/radioljubuski.ba\/index.php\/wp-json\/wp\/v2\/types\/post"}],"author":[{"embeddable":true,"href":"https:\/\/radioljubuski.ba\/index.php\/wp-json\/wp\/v2\/users\/2"}],"replies":[{"embeddable":true,"href":"https:\/\/radioljubuski.ba\/index.php\/wp-json\/wp\/v2\/comments?post=151960"}],"version-history":[{"count":1,"href":"https:\/\/radioljubuski.ba\/index.php\/wp-json\/wp\/v2\/posts\/151960\/revisions"}],"predecessor-version":[{"id":151962,"href":"https:\/\/radioljubuski.ba\/index.php\/wp-json\/wp\/v2\/posts\/151960\/revisions\/151962"}],"wp:featuredmedia":[{"embeddable":true,"href":"https:\/\/radioljubuski.ba\/index.php\/wp-json\/wp\/v2\/media\/151961"}],"wp:attachment":[{"href":"https:\/\/radioljubuski.ba\/index.php\/wp-json\/wp\/v2\/media?parent=151960"}],"wp:term":[{"taxonomy":"category","embeddable":true,"href":"https:\/\/radioljubuski.ba\/index.php\/wp-json\/wp\/v2\/categories?post=151960"},{"taxonomy":"post_tag","embeddable":true,"href":"https:\/\/radioljubuski.ba\/index.php\/wp-json\/wp\/v2\/tags?post=151960"}],"curies":[{"name":"wp","href":"https:\/\/api.w.org\/{rel}","templated":true}]}}