{"id":151963,"date":"2022-06-22T10:28:17","date_gmt":"2022-06-22T09:28:17","guid":{"rendered":"https:\/\/radioljubuski.ba\/?p=151963"},"modified":"2022-06-22T10:28:19","modified_gmt":"2022-06-22T09:28:19","slug":"dodik-nista-sto-je-strik-navela-u-twitu-nije-spomenuto-na-sastanku","status":"publish","type":"post","link":"https:\/\/radioljubuski.ba\/index.php\/2022\/06\/22\/dodik-nista-sto-je-strik-navela-u-twitu-nije-spomenuto-na-sastanku\/","title":{"rendered":"Dodik: Ni\u0161ta \u0161to je Strik navela u twitu nije spomenuto na sastanku"},"content":{"rendered":"\n<p><strong>\u010clan Predsjedni\u0161tva BiH Milorad Dodik izjavio je da ni\u0161ta \u0161to je \u010dlanica Europskog parlamenta Tineke Strik napisala u svom twitu nije spomenuto na njihovom sastanku i da je njena konstatacija zlurada.<\/strong><\/p>\n\n\n\n<p>\u201cIzgleda da Tineke Strik i ja nismo bili na istom sastanku. Ni\u0161ta \u0161to je navela u twitu nije spomenuto na sastanku\u201d, napisao je Dodik na svom Twitter nalogu.<\/p>\n\n\n\n<blockquote class=\"twitter-tweet\"><p lang=\"sr\" dir=\"ltr\">\u0418\u0437\u0433\u043b\u0435\u0434\u0430 \u0434\u0430 <a href=\"https:\/\/twitter.com\/Tineke_Strik?ref_src=twsrc%5Etfw\">@Tineke_Strik<\/a> \u0438 \u0458\u0430 \u043d\u0438\u0441\u043c\u043e \u0431\u0438\u043b\u0438 \u043d\u0430 \u0438\u0441\u0442\u043e\u043c \u0441\u0430\u0441\u0442\u0430\u043d\u043a\u0443.<br>\u041d\u0438\u0448\u0442\u0430 \u0448\u0442\u043e \u0458\u0435 \u043d\u0430\u0432\u0435\u043b\u0430 \u0443 \u0442\u0432\u0438\u0442\u0443 \u043d\u0438\u0458\u0435 \u043f\u043e\u043c\u0435\u043d\u0443\u0442\u043e \u043d\u0430 \u0441\u0430\u0441\u0442\u0430\u043d\u043a\u0443. \u0423\u043e\u0441\u0442\u0430\u043b\u043e\u043c, \u043d\u0438\u043a\u0430\u0434\u0430 \u043d\u0438\u0441\u0430\u043c \u043f\u043e\u0434\u0440\u0436\u0430\u0432\u0430\u043e \u043d\u0438\u0458\u0435\u0434\u0430\u043d \u0441\u0443\u043a\u043e\u0431 \u0443 \u0441\u0432\u0438\u0458\u0435\u0442\u0443, \u043f\u0430 \u0458\u0435 \u0437\u043b\u0443\u0440\u0430\u0434\u0430 \u045a\u0435\u043d\u0430 \u043a\u043e\u043d\u0441\u0442\u0430\u0442\u0430\u0446\u0438\u0458\u0430, \u043a\u0430\u043e \u0438 \u043c\u043d\u043e\u0433\u0435 \u043a\u043e\u0458\u0435 \u0458\u0435 \u0440\u0430\u043d\u0438\u0458\u0435 \u0438\u0437\u0433\u043e\u0432\u0430\u0440\u0430\u043b\u0430 \u043d\u0430 \u043c\u043e\u0458 \u0440\u0430\u0447\u0443\u043d.<\/p>&mdash; \u041c\u0438\u043b\u043e\u0440\u0430\u0434 \u0414\u043e\u0434\u0438\u043a (@MiloradDodik) <a href=\"https:\/\/twitter.com\/MiloradDodik\/status\/1539315063294525441?ref_src=twsrc%5Etfw\">June 21, 2022<\/a><\/blockquote> <script async src=\"https:\/\/platform.twitter.com\/widgets.js\" charset=\"utf-8\"><\/script> \n\n\n\n<p>Dodik je naveo da nikada nije podr\u017eavao nijedan sukob u svijetu, pa je zlurada njena konstatacija, kao i mnoge koje je ranije izgovarala na njegov ra\u010dun.<\/p>\n\n\n\n<p>Strik je danas napisala na Twitteru da je tijekom sastanka skupine zastupnika Zelenih u Europskom parlamentu i Bundestagu s \u010dlanovim Predsjedni\u0161tva BiH izra\u017eena puna podr\u0161ka europskoj budu\u0107nosti BiH.<\/p>\n\n\n\n<figure class=\"wp-block-embed is-type-wp-embed is-provider-radio-ljubuski wp-block-embed-radio-ljubuski\"><div class=\"wp-block-embed__wrapper\">\n<blockquote class=\"wp-embedded-content\" data-secret=\"ThLEzbrpGp\"><a href=\"https:\/\/radioljubuski.ba\/index.php\/2022\/06\/22\/strik-rekli-smo-dodiku-da-ne-moze-podrzavati-putina-i-napredovati-na-putu-ka-eu\/\">Strik: Rekli smo Dodiku da ne mo\u017ee podr\u017eavati Putina i napredovati na putu ka EU<\/a><\/blockquote><iframe loading=\"lazy\" class=\"wp-embedded-content\" sandbox=\"allow-scripts\" security=\"restricted\" style=\"position: absolute; clip: rect(1px, 1px, 1px, 1px);\" title=\"&#8220;Strik: Rekli smo Dodiku da ne mo\u017ee podr\u017eavati Putina i napredovati na putu ka EU&#8221; &#8212;   RADIO LJUBU\u0160KI\" src=\"https:\/\/radioljubuski.ba\/index.php\/2022\/06\/22\/strik-rekli-smo-dodiku-da-ne-moze-podrzavati-putina-i-napredovati-na-putu-ka-eu\/embed\/#?secret=IEmh5WayVD#?secret=ThLEzbrpGp\" data-secret=\"ThLEzbrpGp\" width=\"600\" height=\"338\" frameborder=\"0\" marginwidth=\"0\" marginheight=\"0\" scrolling=\"no\"><\/iframe>\n<\/div><\/figure>\n\n\n\n<p>\u201cAli, mi smo tako\u0111e rekli gospodinu Dodiku vema jasno da ne mo\u017ee nastaviti njegove secesionisti\u010dke politike, da aktivno podr\u017eava Putinov rat u Ukrajini dok u isto vrijeme napreduje na putu ka EU\u201d, napisala je Strik.<\/p>\n\n\n\n<p>\/Srna\/HMS\/<\/p>\n","protected":false},"excerpt":{"rendered":"<p>\u010clan Predsjedni\u0161tva BiH Milorad Dodik izjavio je da ni\u0161ta \u0161to je \u010dlanica Europskog parlamenta Tineke Strik napisala u svom twitu nije spomenuto na njihovom sastanku i da je njena konstatacija zlurada. \u201cIzgleda da Tineke Strik i ja nismo bili na istom sastanku. Ni\u0161ta \u0161to je navela u twitu nije spomenuto na sastanku\u201d, napisao je Dodik [&hellip;]<\/p>\n","protected":false},"author":2,"featured_media":151949,"comment_status":"closed","ping_status":"closed","sticky":false,"template":"","format":"standard","meta":{"h5ap_radio_sources":[],"footnotes":""},"categories":[1],"tags":[],"class_list":["post-151963","post","type-post","status-publish","format-standard","has-post-thumbnail","hentry","category-bihiregija"],"yoast_head":"<!-- This site is optimized with the Yoast SEO plugin v27.4 - https:\/\/yoast.com\/product\/yoast-seo-wordpress\/ -->\n<title>Dodik: Ni\u0161ta \u0161to je Strik navela u twitu nije spomenuto na sastanku - RADIO LJUBU\u0160KI<\/title>\n<meta name=\"robots\" content=\"index, follow, max-snippet:-1, max-image-preview:large, max-video-preview:-1\" \/>\n<link rel=\"canonical\" href=\"https:\/\/radioljubuski.ba\/index.php\/2022\/06\/22\/dodik-nista-sto-je-strik-navela-u-twitu-nije-spomenuto-na-sastanku\/\" \/>\n<meta property=\"og:locale\" content=\"hr_HR\" \/>\n<meta property=\"og:type\" content=\"article\" \/>\n<meta property=\"og:title\" content=\"Dodik: Ni\u0161ta \u0161to je Strik navela u twitu nije spomenuto na sastanku - RADIO LJUBU\u0160KI\" \/>\n<meta property=\"og:description\" content=\"\u010clan Predsjedni\u0161tva BiH Milorad Dodik izjavio je da ni\u0161ta \u0161to je \u010dlanica Europskog parlamenta Tineke Strik napisala u svom twitu nije spomenuto na njihovom sastanku i da je njena konstatacija zlurada. \u201cIzgleda da Tineke Strik i ja nismo bili na istom sastanku. Ni\u0161ta \u0161to je navela u twitu nije spomenuto na sastanku\u201d, napisao je Dodik [&hellip;]\" \/>\n<meta property=\"og:url\" content=\"https:\/\/radioljubuski.ba\/index.php\/2022\/06\/22\/dodik-nista-sto-je-strik-navela-u-twitu-nije-spomenuto-na-sastanku\/\" \/>\n<meta property=\"og:site_name\" content=\"RADIO LJUBU\u0160KI\" \/>\n<meta property=\"article:publisher\" content=\"https:\/\/www.facebook.com\/Radiio-Ljubuski-1490835324566332\" \/>\n<meta property=\"article:published_time\" content=\"2022-06-22T09:28:17+00:00\" \/>\n<meta property=\"article:modified_time\" content=\"2022-06-22T09:28:19+00:00\" \/>\n<meta property=\"og:image\" content=\"https:\/\/radioljubuski.ba\/wp-content\/uploads\/2022\/06\/strik-dodik.jpg\" \/>\n\t<meta property=\"og:image:width\" content=\"1024\" \/>\n\t<meta property=\"og:image:height\" content=\"577\" \/>\n\t<meta property=\"og:image:type\" content=\"image\/jpeg\" \/>\n<meta name=\"author\" content=\"Radio Ljubu\u0161ki\" \/>\n<meta name=\"twitter:card\" content=\"summary_large_image\" \/>\n<meta name=\"twitter:creator\" content=\"@radioljubuski\" \/>\n<meta name=\"twitter:site\" content=\"@radioljubuski\" \/>\n<meta name=\"twitter:label1\" content=\"Napisao\/la\" \/>\n\t<meta name=\"twitter:data1\" content=\"Radio Ljubu\u0161ki\" \/>\n\t<meta name=\"twitter:label2\" content=\"Procijenjeno vrijeme \u010ditanja\" \/>\n\t<meta name=\"twitter:data2\" content=\"1 minuta\" \/>\n<script type=\"application\/ld+json\" class=\"yoast-schema-graph\">{\"@context\":\"https:\\\/\\\/schema.org\",\"@graph\":[{\"@type\":\"Article\",\"@id\":\"https:\\\/\\\/radioljubuski.ba\\\/index.php\\\/2022\\\/06\\\/22\\\/dodik-nista-sto-je-strik-navela-u-twitu-nije-spomenuto-na-sastanku\\\/#article\",\"isPartOf\":{\"@id\":\"https:\\\/\\\/radioljubuski.ba\\\/index.php\\\/2022\\\/06\\\/22\\\/dodik-nista-sto-je-strik-navela-u-twitu-nije-spomenuto-na-sastanku\\\/\"},\"author\":{\"name\":\"Radio Ljubu\u0161ki\",\"@id\":\"https:\\\/\\\/radioljubuski.ba\\\/#\\\/schema\\\/person\\\/19fc700381a780f69665d7956c469e3b\"},\"headline\":\"Dodik: Ni\u0161ta \u0161to je Strik navela u twitu nije spomenuto na sastanku\",\"datePublished\":\"2022-06-22T09:28:17+00:00\",\"dateModified\":\"2022-06-22T09:28:19+00:00\",\"mainEntityOfPage\":{\"@id\":\"https:\\\/\\\/radioljubuski.ba\\\/index.php\\\/2022\\\/06\\\/22\\\/dodik-nista-sto-je-strik-navela-u-twitu-nije-spomenuto-na-sastanku\\\/\"},\"wordCount\":231,\"publisher\":{\"@id\":\"https:\\\/\\\/radioljubuski.ba\\\/#organization\"},\"image\":{\"@id\":\"https:\\\/\\\/radioljubuski.ba\\\/index.php\\\/2022\\\/06\\\/22\\\/dodik-nista-sto-je-strik-navela-u-twitu-nije-spomenuto-na-sastanku\\\/#primaryimage\"},\"thumbnailUrl\":\"https:\\\/\\\/radioljubuski.ba\\\/wp-content\\\/uploads\\\/2022\\\/06\\\/strik-dodik.jpg\",\"articleSection\":[\"BIH i regija\"],\"inLanguage\":\"hr\"},{\"@type\":\"WebPage\",\"@id\":\"https:\\\/\\\/radioljubuski.ba\\\/index.php\\\/2022\\\/06\\\/22\\\/dodik-nista-sto-je-strik-navela-u-twitu-nije-spomenuto-na-sastanku\\\/\",\"url\":\"https:\\\/\\\/radioljubuski.ba\\\/index.php\\\/2022\\\/06\\\/22\\\/dodik-nista-sto-je-strik-navela-u-twitu-nije-spomenuto-na-sastanku\\\/\",\"name\":\"Dodik: Ni\u0161ta \u0161to je Strik navela u twitu nije spomenuto na sastanku - RADIO LJUBU\u0160KI\",\"isPartOf\":{\"@id\":\"https:\\\/\\\/radioljubuski.ba\\\/#website\"},\"primaryImageOfPage\":{\"@id\":\"https:\\\/\\\/radioljubuski.ba\\\/index.php\\\/2022\\\/06\\\/22\\\/dodik-nista-sto-je-strik-navela-u-twitu-nije-spomenuto-na-sastanku\\\/#primaryimage\"},\"image\":{\"@id\":\"https:\\\/\\\/radioljubuski.ba\\\/index.php\\\/2022\\\/06\\\/22\\\/dodik-nista-sto-je-strik-navela-u-twitu-nije-spomenuto-na-sastanku\\\/#primaryimage\"},\"thumbnailUrl\":\"https:\\\/\\\/radioljubuski.ba\\\/wp-content\\\/uploads\\\/2022\\\/06\\\/strik-dodik.jpg\",\"datePublished\":\"2022-06-22T09:28:17+00:00\",\"dateModified\":\"2022-06-22T09:28:19+00:00\",\"breadcrumb\":{\"@id\":\"https:\\\/\\\/radioljubuski.ba\\\/index.php\\\/2022\\\/06\\\/22\\\/dodik-nista-sto-je-strik-navela-u-twitu-nije-spomenuto-na-sastanku\\\/#breadcrumb\"},\"inLanguage\":\"hr\",\"potentialAction\":[{\"@type\":\"ReadAction\",\"target\":[\"https:\\\/\\\/radioljubuski.ba\\\/index.php\\\/2022\\\/06\\\/22\\\/dodik-nista-sto-je-strik-navela-u-twitu-nije-spomenuto-na-sastanku\\\/\"]}]},{\"@type\":\"ImageObject\",\"inLanguage\":\"hr\",\"@id\":\"https:\\\/\\\/radioljubuski.ba\\\/index.php\\\/2022\\\/06\\\/22\\\/dodik-nista-sto-je-strik-navela-u-twitu-nije-spomenuto-na-sastanku\\\/#primaryimage\",\"url\":\"https:\\\/\\\/radioljubuski.ba\\\/wp-content\\\/uploads\\\/2022\\\/06\\\/strik-dodik.jpg\",\"contentUrl\":\"https:\\\/\\\/radioljubuski.ba\\\/wp-content\\\/uploads\\\/2022\\\/06\\\/strik-dodik.jpg\",\"width\":1024,\"height\":577},{\"@type\":\"BreadcrumbList\",\"@id\":\"https:\\\/\\\/radioljubuski.ba\\\/index.php\\\/2022\\\/06\\\/22\\\/dodik-nista-sto-je-strik-navela-u-twitu-nije-spomenuto-na-sastanku\\\/#breadcrumb\",\"itemListElement\":[{\"@type\":\"ListItem\",\"position\":1,\"name\":\"Po\u010detna stranica\",\"item\":\"https:\\\/\\\/radioljubuski.ba\\\/\"},{\"@type\":\"ListItem\",\"position\":2,\"name\":\"Dodik: Ni\u0161ta \u0161to je Strik navela u twitu nije spomenuto na sastanku\"}]},{\"@type\":\"WebSite\",\"@id\":\"https:\\\/\\\/radioljubuski.ba\\\/#website\",\"url\":\"https:\\\/\\\/radioljubuski.ba\\\/\",\"name\":\"Radio Ljubu\u0161ki\",\"description\":\"Sun\u010dana frekvencija Hercegovine\",\"publisher\":{\"@id\":\"https:\\\/\\\/radioljubuski.ba\\\/#organization\"},\"potentialAction\":[{\"@type\":\"SearchAction\",\"target\":{\"@type\":\"EntryPoint\",\"urlTemplate\":\"https:\\\/\\\/radioljubuski.ba\\\/?s={search_term_string}\"},\"query-input\":{\"@type\":\"PropertyValueSpecification\",\"valueRequired\":true,\"valueName\":\"search_term_string\"}}],\"inLanguage\":\"hr\"},{\"@type\":\"Organization\",\"@id\":\"https:\\\/\\\/radioljubuski.ba\\\/#organization\",\"name\":\"Radio Ljubu\u0161ki\",\"url\":\"https:\\\/\\\/radioljubuski.ba\\\/\",\"logo\":{\"@type\":\"ImageObject\",\"inLanguage\":\"hr\",\"@id\":\"https:\\\/\\\/radioljubuski.ba\\\/#\\\/schema\\\/logo\\\/image\\\/\",\"url\":\"https:\\\/\\\/radioljubuski.ba\\\/wp-content\\\/uploads\\\/2021\\\/02\\\/cropped-Radio_Ljubuski_logo1.jpg\",\"contentUrl\":\"https:\\\/\\\/radioljubuski.ba\\\/wp-content\\\/uploads\\\/2021\\\/02\\\/cropped-Radio_Ljubuski_logo1.jpg\",\"width\":512,\"height\":512,\"caption\":\"Radio Ljubu\u0161ki\"},\"image\":{\"@id\":\"https:\\\/\\\/radioljubuski.ba\\\/#\\\/schema\\\/logo\\\/image\\\/\"},\"sameAs\":[\"https:\\\/\\\/www.facebook.com\\\/Radiio-Ljubuski-1490835324566332\",\"https:\\\/\\\/x.com\\\/radioljubuski\",\"https:\\\/\\\/hr.linkedin.com\\\/company\\\/radio-ljubuski\",\"https:\\\/\\\/www.youtube.com\\\/channel\\\/UCHYaeO_n0Db3tjNGudGpXyw\"]},{\"@type\":\"Person\",\"@id\":\"https:\\\/\\\/radioljubuski.ba\\\/#\\\/schema\\\/person\\\/19fc700381a780f69665d7956c469e3b\",\"name\":\"Radio Ljubu\u0161ki\"}]}<\/script>\n<!-- \/ Yoast SEO plugin. -->","yoast_head_json":{"title":"Dodik: Ni\u0161ta \u0161to je Strik navela u twitu nije spomenuto na sastanku - RADIO LJUBU\u0160KI","robots":{"index":"index","follow":"follow","max-snippet":"max-snippet:-1","max-image-preview":"max-image-preview:large","max-video-preview":"max-video-preview:-1"},"canonical":"https:\/\/radioljubuski.ba\/index.php\/2022\/06\/22\/dodik-nista-sto-je-strik-navela-u-twitu-nije-spomenuto-na-sastanku\/","og_locale":"hr_HR","og_type":"article","og_title":"Dodik: Ni\u0161ta \u0161to je Strik navela u twitu nije spomenuto na sastanku - RADIO LJUBU\u0160KI","og_description":"\u010clan Predsjedni\u0161tva BiH Milorad Dodik izjavio je da ni\u0161ta \u0161to je \u010dlanica Europskog parlamenta Tineke Strik napisala u svom twitu nije spomenuto na njihovom sastanku i da je njena konstatacija zlurada. \u201cIzgleda da Tineke Strik i ja nismo bili na istom sastanku. Ni\u0161ta \u0161to je navela u twitu nije spomenuto na sastanku\u201d, napisao je Dodik [&hellip;]","og_url":"https:\/\/radioljubuski.ba\/index.php\/2022\/06\/22\/dodik-nista-sto-je-strik-navela-u-twitu-nije-spomenuto-na-sastanku\/","og_site_name":"RADIO LJUBU\u0160KI","article_publisher":"https:\/\/www.facebook.com\/Radiio-Ljubuski-1490835324566332","article_published_time":"2022-06-22T09:28:17+00:00","article_modified_time":"2022-06-22T09:28:19+00:00","og_image":[{"width":1024,"height":577,"url":"https:\/\/radioljubuski.ba\/wp-content\/uploads\/2022\/06\/strik-dodik.jpg","type":"image\/jpeg"}],"author":"Radio Ljubu\u0161ki","twitter_card":"summary_large_image","twitter_creator":"@radioljubuski","twitter_site":"@radioljubuski","twitter_misc":{"Napisao\/la":"Radio Ljubu\u0161ki","Procijenjeno vrijeme \u010ditanja":"1 minuta"},"schema":{"@context":"https:\/\/schema.org","@graph":[{"@type":"Article","@id":"https:\/\/radioljubuski.ba\/index.php\/2022\/06\/22\/dodik-nista-sto-je-strik-navela-u-twitu-nije-spomenuto-na-sastanku\/#article","isPartOf":{"@id":"https:\/\/radioljubuski.ba\/index.php\/2022\/06\/22\/dodik-nista-sto-je-strik-navela-u-twitu-nije-spomenuto-na-sastanku\/"},"author":{"name":"Radio Ljubu\u0161ki","@id":"https:\/\/radioljubuski.ba\/#\/schema\/person\/19fc700381a780f69665d7956c469e3b"},"headline":"Dodik: Ni\u0161ta \u0161to je Strik navela u twitu nije spomenuto na sastanku","datePublished":"2022-06-22T09:28:17+00:00","dateModified":"2022-06-22T09:28:19+00:00","mainEntityOfPage":{"@id":"https:\/\/radioljubuski.ba\/index.php\/2022\/06\/22\/dodik-nista-sto-je-strik-navela-u-twitu-nije-spomenuto-na-sastanku\/"},"wordCount":231,"publisher":{"@id":"https:\/\/radioljubuski.ba\/#organization"},"image":{"@id":"https:\/\/radioljubuski.ba\/index.php\/2022\/06\/22\/dodik-nista-sto-je-strik-navela-u-twitu-nije-spomenuto-na-sastanku\/#primaryimage"},"thumbnailUrl":"https:\/\/radioljubuski.ba\/wp-content\/uploads\/2022\/06\/strik-dodik.jpg","articleSection":["BIH i regija"],"inLanguage":"hr"},{"@type":"WebPage","@id":"https:\/\/radioljubuski.ba\/index.php\/2022\/06\/22\/dodik-nista-sto-je-strik-navela-u-twitu-nije-spomenuto-na-sastanku\/","url":"https:\/\/radioljubuski.ba\/index.php\/2022\/06\/22\/dodik-nista-sto-je-strik-navela-u-twitu-nije-spomenuto-na-sastanku\/","name":"Dodik: Ni\u0161ta \u0161to je Strik navela u twitu nije spomenuto na sastanku - RADIO LJUBU\u0160KI","isPartOf":{"@id":"https:\/\/radioljubuski.ba\/#website"},"primaryImageOfPage":{"@id":"https:\/\/radioljubuski.ba\/index.php\/2022\/06\/22\/dodik-nista-sto-je-strik-navela-u-twitu-nije-spomenuto-na-sastanku\/#primaryimage"},"image":{"@id":"https:\/\/radioljubuski.ba\/index.php\/2022\/06\/22\/dodik-nista-sto-je-strik-navela-u-twitu-nije-spomenuto-na-sastanku\/#primaryimage"},"thumbnailUrl":"https:\/\/radioljubuski.ba\/wp-content\/uploads\/2022\/06\/strik-dodik.jpg","datePublished":"2022-06-22T09:28:17+00:00","dateModified":"2022-06-22T09:28:19+00:00","breadcrumb":{"@id":"https:\/\/radioljubuski.ba\/index.php\/2022\/06\/22\/dodik-nista-sto-je-strik-navela-u-twitu-nije-spomenuto-na-sastanku\/#breadcrumb"},"inLanguage":"hr","potentialAction":[{"@type":"ReadAction","target":["https:\/\/radioljubuski.ba\/index.php\/2022\/06\/22\/dodik-nista-sto-je-strik-navela-u-twitu-nije-spomenuto-na-sastanku\/"]}]},{"@type":"ImageObject","inLanguage":"hr","@id":"https:\/\/radioljubuski.ba\/index.php\/2022\/06\/22\/dodik-nista-sto-je-strik-navela-u-twitu-nije-spomenuto-na-sastanku\/#primaryimage","url":"https:\/\/radioljubuski.ba\/wp-content\/uploads\/2022\/06\/strik-dodik.jpg","contentUrl":"https:\/\/radioljubuski.ba\/wp-content\/uploads\/2022\/06\/strik-dodik.jpg","width":1024,"height":577},{"@type":"BreadcrumbList","@id":"https:\/\/radioljubuski.ba\/index.php\/2022\/06\/22\/dodik-nista-sto-je-strik-navela-u-twitu-nije-spomenuto-na-sastanku\/#breadcrumb","itemListElement":[{"@type":"ListItem","position":1,"name":"Po\u010detna stranica","item":"https:\/\/radioljubuski.ba\/"},{"@type":"ListItem","position":2,"name":"Dodik: Ni\u0161ta \u0161to je Strik navela u twitu nije spomenuto na sastanku"}]},{"@type":"WebSite","@id":"https:\/\/radioljubuski.ba\/#website","url":"https:\/\/radioljubuski.ba\/","name":"Radio Ljubu\u0161ki","description":"Sun\u010dana frekvencija Hercegovine","publisher":{"@id":"https:\/\/radioljubuski.ba\/#organization"},"potentialAction":[{"@type":"SearchAction","target":{"@type":"EntryPoint","urlTemplate":"https:\/\/radioljubuski.ba\/?s={search_term_string}"},"query-input":{"@type":"PropertyValueSpecification","valueRequired":true,"valueName":"search_term_string"}}],"inLanguage":"hr"},{"@type":"Organization","@id":"https:\/\/radioljubuski.ba\/#organization","name":"Radio Ljubu\u0161ki","url":"https:\/\/radioljubuski.ba\/","logo":{"@type":"ImageObject","inLanguage":"hr","@id":"https:\/\/radioljubuski.ba\/#\/schema\/logo\/image\/","url":"https:\/\/radioljubuski.ba\/wp-content\/uploads\/2021\/02\/cropped-Radio_Ljubuski_logo1.jpg","contentUrl":"https:\/\/radioljubuski.ba\/wp-content\/uploads\/2021\/02\/cropped-Radio_Ljubuski_logo1.jpg","width":512,"height":512,"caption":"Radio Ljubu\u0161ki"},"image":{"@id":"https:\/\/radioljubuski.ba\/#\/schema\/logo\/image\/"},"sameAs":["https:\/\/www.facebook.com\/Radiio-Ljubuski-1490835324566332","https:\/\/x.com\/radioljubuski","https:\/\/hr.linkedin.com\/company\/radio-ljubuski","https:\/\/www.youtube.com\/channel\/UCHYaeO_n0Db3tjNGudGpXyw"]},{"@type":"Person","@id":"https:\/\/radioljubuski.ba\/#\/schema\/person\/19fc700381a780f69665d7956c469e3b","name":"Radio Ljubu\u0161ki"}]}},"_links":{"self":[{"href":"https:\/\/radioljubuski.ba\/index.php\/wp-json\/wp\/v2\/posts\/151963","targetHints":{"allow":["GET"]}}],"collection":[{"href":"https:\/\/radioljubuski.ba\/index.php\/wp-json\/wp\/v2\/posts"}],"about":[{"href":"https:\/\/radioljubuski.ba\/index.php\/wp-json\/wp\/v2\/types\/post"}],"author":[{"embeddable":true,"href":"https:\/\/radioljubuski.ba\/index.php\/wp-json\/wp\/v2\/users\/2"}],"replies":[{"embeddable":true,"href":"https:\/\/radioljubuski.ba\/index.php\/wp-json\/wp\/v2\/comments?post=151963"}],"version-history":[{"count":1,"href":"https:\/\/radioljubuski.ba\/index.php\/wp-json\/wp\/v2\/posts\/151963\/revisions"}],"predecessor-version":[{"id":151964,"href":"https:\/\/radioljubuski.ba\/index.php\/wp-json\/wp\/v2\/posts\/151963\/revisions\/151964"}],"wp:featuredmedia":[{"embeddable":true,"href":"https:\/\/radioljubuski.ba\/index.php\/wp-json\/wp\/v2\/media\/151949"}],"wp:attachment":[{"href":"https:\/\/radioljubuski.ba\/index.php\/wp-json\/wp\/v2\/media?parent=151963"}],"wp:term":[{"taxonomy":"category","embeddable":true,"href":"https:\/\/radioljubuski.ba\/index.php\/wp-json\/wp\/v2\/categories?post=151963"},{"taxonomy":"post_tag","embeddable":true,"href":"https:\/\/radioljubuski.ba\/index.php\/wp-json\/wp\/v2\/tags?post=151963"}],"curies":[{"name":"wp","href":"https:\/\/api.w.org\/{rel}","templated":true}]}}