{"id":151971,"date":"2022-06-22T10:35:41","date_gmt":"2022-06-22T09:35:41","guid":{"rendered":"https:\/\/radioljubuski.ba\/?p=151971"},"modified":"2022-06-22T10:35:42","modified_gmt":"2022-06-22T09:35:42","slug":"ruzicani-se-pripremaju-za-proslavu-zastitnika-zupe-sv-ivana-krstitelja","status":"publish","type":"post","link":"https:\/\/radioljubuski.ba\/index.php\/2022\/06\/22\/ruzicani-se-pripremaju-za-proslavu-zastitnika-zupe-sv-ivana-krstitelja\/","title":{"rendered":"Ru\u017ei\u0107ani se pripremaju za proslavu za\u0161titnika \u017eupe sv. Ivana Krstitelja"},"content":{"rendered":"\n<h5 class=\"wp-block-heading\"><strong>U \u017eupi Ru\u017ei\u0107i u Grudama, brojni vjernici pripremat \u0107e se trodnevnicom u crkvi sv. Ivana Krstitelja koja je po\u010dela u utorak u 19 sati, molitvom pred kipom sv. Ivana i sv. Misom.<\/strong><\/h5>\n\n\n\n<p>Prvu ve\u010der, u <strong>utorak 21. lipnja<\/strong> vjernici su se prisjetili svih \u017ertava ratova i pora\u0107a iz \u017eupe Ru\u017ei\u0107i, uklju\u010duju\u0107i fra Zdenka Zupca i fra Maksimilijana Jur\u010di\u0107a. Misno slavlje predmolio je<strong>&nbsp;fra Miljenko Stoji\u0107<\/strong>, vicepostular postupka mu\u010deni\u0161tva&nbsp; \u201cFra Leo Petrovi\u0107 i 64 subra\u0107e\u201d.<\/p>\n\n\n\n<p>Drugu ve\u010der,<strong> srijeda<\/strong>, bit \u0107e obnova krsnih obe\u0107anja i blagoslov djece. Misno slavlje predmolit \u0107e&nbsp;<strong>fra Jozo Hrka\u0107<\/strong>, \u017eupni vikar \u017eupe Posu\u0161je.<\/p>\n\n\n\n<p>Tre\u0107u ve\u010der,<strong> \u010detvrtak <\/strong>proslavit \u0107e se svetkovina Presvetog Srca Isusova&nbsp;i posvetiti svoje obitelji i \u017eupu Presvetom Srcu Isusovu. Misno slavlje predmolit \u0107e&nbsp;<strong>fra Goran Azinovi\u0107<\/strong>, \u017eupni vikar \u017eupe \u010citluk, pi\u0161e Jabuka.tv.<\/p>\n\n\n\n<p><strong>Mise trodnevnice po\u010dinju u 19 sati.<\/strong>&nbsp;Od 18:30 sati bit \u0107e prigoda za sv. ispovijed i molitvu krunice. &nbsp;Sve tri ve\u010deri nakon Mise bit \u0107e klanjanje pred Presvetim.<\/p>\n\n\n\n<p><strong>U petak 24. lipnja<\/strong>, na svetkovinu sv. Ivana Krstitelja&nbsp;svete Mise su u 7 i 11 sati. Sve\u010dano misno slavlje predmolit \u0107e&nbsp;<strong>fra Ljubo Kurtovi\u0107<\/strong>, \u017eupnik \u017eupe Humac.<\/p>\n\n\n\n<p>\/HMS\/<\/p>\n","protected":false},"excerpt":{"rendered":"<p>U \u017eupi Ru\u017ei\u0107i u Grudama, brojni vjernici pripremat \u0107e se trodnevnicom u crkvi sv. Ivana Krstitelja koja je po\u010dela u utorak u 19 sati, molitvom pred kipom sv. Ivana i sv. Misom. Prvu ve\u010der, u utorak 21. lipnja vjernici su se prisjetili svih \u017ertava ratova i pora\u0107a iz \u017eupe Ru\u017ei\u0107i, uklju\u010duju\u0107i fra Zdenka Zupca i [&hellip;]<\/p>\n","protected":false},"author":2,"featured_media":151972,"comment_status":"closed","ping_status":"closed","sticky":false,"template":"","format":"standard","meta":{"h5ap_radio_sources":[],"footnotes":""},"categories":[1],"tags":[],"class_list":["post-151971","post","type-post","status-publish","format-standard","has-post-thumbnail","hentry","category-bihiregija"],"yoast_head":"<!-- This site is optimized with the Yoast SEO plugin v27.4 - https:\/\/yoast.com\/product\/yoast-seo-wordpress\/ -->\n<title>Ru\u017ei\u0107ani se pripremaju za proslavu za\u0161titnika \u017eupe sv. Ivana Krstitelja - RADIO LJUBU\u0160KI<\/title>\n<meta name=\"robots\" content=\"index, follow, max-snippet:-1, max-image-preview:large, max-video-preview:-1\" \/>\n<link rel=\"canonical\" href=\"https:\/\/radioljubuski.ba\/index.php\/2022\/06\/22\/ruzicani-se-pripremaju-za-proslavu-zastitnika-zupe-sv-ivana-krstitelja\/\" \/>\n<meta property=\"og:locale\" content=\"hr_HR\" \/>\n<meta property=\"og:type\" content=\"article\" \/>\n<meta property=\"og:title\" content=\"Ru\u017ei\u0107ani se pripremaju za proslavu za\u0161titnika \u017eupe sv. Ivana Krstitelja - RADIO LJUBU\u0160KI\" \/>\n<meta property=\"og:description\" content=\"U \u017eupi Ru\u017ei\u0107i u Grudama, brojni vjernici pripremat \u0107e se trodnevnicom u crkvi sv. Ivana Krstitelja koja je po\u010dela u utorak u 19 sati, molitvom pred kipom sv. Ivana i sv. Misom. Prvu ve\u010der, u utorak 21. lipnja vjernici su se prisjetili svih \u017ertava ratova i pora\u0107a iz \u017eupe Ru\u017ei\u0107i, uklju\u010duju\u0107i fra Zdenka Zupca i [&hellip;]\" \/>\n<meta property=\"og:url\" content=\"https:\/\/radioljubuski.ba\/index.php\/2022\/06\/22\/ruzicani-se-pripremaju-za-proslavu-zastitnika-zupe-sv-ivana-krstitelja\/\" \/>\n<meta property=\"og:site_name\" content=\"RADIO LJUBU\u0160KI\" \/>\n<meta property=\"article:publisher\" content=\"https:\/\/www.facebook.com\/Radiio-Ljubuski-1490835324566332\" \/>\n<meta property=\"article:published_time\" content=\"2022-06-22T09:35:41+00:00\" \/>\n<meta property=\"article:modified_time\" content=\"2022-06-22T09:35:42+00:00\" \/>\n<meta property=\"og:image\" content=\"https:\/\/radioljubuski.ba\/wp-content\/uploads\/2022\/06\/zupa-ruzici.jpg\" \/>\n\t<meta property=\"og:image:width\" content=\"810\" \/>\n\t<meta property=\"og:image:height\" content=\"548\" \/>\n\t<meta property=\"og:image:type\" content=\"image\/jpeg\" \/>\n<meta name=\"author\" content=\"Radio Ljubu\u0161ki\" \/>\n<meta name=\"twitter:card\" content=\"summary_large_image\" \/>\n<meta name=\"twitter:creator\" content=\"@radioljubuski\" \/>\n<meta name=\"twitter:site\" content=\"@radioljubuski\" \/>\n<meta name=\"twitter:label1\" content=\"Napisao\/la\" \/>\n\t<meta name=\"twitter:data1\" content=\"Radio Ljubu\u0161ki\" \/>\n\t<meta name=\"twitter:label2\" content=\"Procijenjeno vrijeme \u010ditanja\" \/>\n\t<meta name=\"twitter:data2\" content=\"1 minuta\" \/>\n<script type=\"application\/ld+json\" class=\"yoast-schema-graph\">{\"@context\":\"https:\\\/\\\/schema.org\",\"@graph\":[{\"@type\":\"Article\",\"@id\":\"https:\\\/\\\/radioljubuski.ba\\\/index.php\\\/2022\\\/06\\\/22\\\/ruzicani-se-pripremaju-za-proslavu-zastitnika-zupe-sv-ivana-krstitelja\\\/#article\",\"isPartOf\":{\"@id\":\"https:\\\/\\\/radioljubuski.ba\\\/index.php\\\/2022\\\/06\\\/22\\\/ruzicani-se-pripremaju-za-proslavu-zastitnika-zupe-sv-ivana-krstitelja\\\/\"},\"author\":{\"name\":\"Radio Ljubu\u0161ki\",\"@id\":\"https:\\\/\\\/radioljubuski.ba\\\/#\\\/schema\\\/person\\\/19fc700381a780f69665d7956c469e3b\"},\"headline\":\"Ru\u017ei\u0107ani se pripremaju za proslavu za\u0161titnika \u017eupe sv. Ivana Krstitelja\",\"datePublished\":\"2022-06-22T09:35:41+00:00\",\"dateModified\":\"2022-06-22T09:35:42+00:00\",\"mainEntityOfPage\":{\"@id\":\"https:\\\/\\\/radioljubuski.ba\\\/index.php\\\/2022\\\/06\\\/22\\\/ruzicani-se-pripremaju-za-proslavu-zastitnika-zupe-sv-ivana-krstitelja\\\/\"},\"wordCount\":223,\"publisher\":{\"@id\":\"https:\\\/\\\/radioljubuski.ba\\\/#organization\"},\"image\":{\"@id\":\"https:\\\/\\\/radioljubuski.ba\\\/index.php\\\/2022\\\/06\\\/22\\\/ruzicani-se-pripremaju-za-proslavu-zastitnika-zupe-sv-ivana-krstitelja\\\/#primaryimage\"},\"thumbnailUrl\":\"https:\\\/\\\/radioljubuski.ba\\\/wp-content\\\/uploads\\\/2022\\\/06\\\/zupa-ruzici.jpg\",\"articleSection\":[\"BIH i regija\"],\"inLanguage\":\"hr\"},{\"@type\":\"WebPage\",\"@id\":\"https:\\\/\\\/radioljubuski.ba\\\/index.php\\\/2022\\\/06\\\/22\\\/ruzicani-se-pripremaju-za-proslavu-zastitnika-zupe-sv-ivana-krstitelja\\\/\",\"url\":\"https:\\\/\\\/radioljubuski.ba\\\/index.php\\\/2022\\\/06\\\/22\\\/ruzicani-se-pripremaju-za-proslavu-zastitnika-zupe-sv-ivana-krstitelja\\\/\",\"name\":\"Ru\u017ei\u0107ani se pripremaju za proslavu za\u0161titnika \u017eupe sv. Ivana Krstitelja - RADIO LJUBU\u0160KI\",\"isPartOf\":{\"@id\":\"https:\\\/\\\/radioljubuski.ba\\\/#website\"},\"primaryImageOfPage\":{\"@id\":\"https:\\\/\\\/radioljubuski.ba\\\/index.php\\\/2022\\\/06\\\/22\\\/ruzicani-se-pripremaju-za-proslavu-zastitnika-zupe-sv-ivana-krstitelja\\\/#primaryimage\"},\"image\":{\"@id\":\"https:\\\/\\\/radioljubuski.ba\\\/index.php\\\/2022\\\/06\\\/22\\\/ruzicani-se-pripremaju-za-proslavu-zastitnika-zupe-sv-ivana-krstitelja\\\/#primaryimage\"},\"thumbnailUrl\":\"https:\\\/\\\/radioljubuski.ba\\\/wp-content\\\/uploads\\\/2022\\\/06\\\/zupa-ruzici.jpg\",\"datePublished\":\"2022-06-22T09:35:41+00:00\",\"dateModified\":\"2022-06-22T09:35:42+00:00\",\"breadcrumb\":{\"@id\":\"https:\\\/\\\/radioljubuski.ba\\\/index.php\\\/2022\\\/06\\\/22\\\/ruzicani-se-pripremaju-za-proslavu-zastitnika-zupe-sv-ivana-krstitelja\\\/#breadcrumb\"},\"inLanguage\":\"hr\",\"potentialAction\":[{\"@type\":\"ReadAction\",\"target\":[\"https:\\\/\\\/radioljubuski.ba\\\/index.php\\\/2022\\\/06\\\/22\\\/ruzicani-se-pripremaju-za-proslavu-zastitnika-zupe-sv-ivana-krstitelja\\\/\"]}]},{\"@type\":\"ImageObject\",\"inLanguage\":\"hr\",\"@id\":\"https:\\\/\\\/radioljubuski.ba\\\/index.php\\\/2022\\\/06\\\/22\\\/ruzicani-se-pripremaju-za-proslavu-zastitnika-zupe-sv-ivana-krstitelja\\\/#primaryimage\",\"url\":\"https:\\\/\\\/radioljubuski.ba\\\/wp-content\\\/uploads\\\/2022\\\/06\\\/zupa-ruzici.jpg\",\"contentUrl\":\"https:\\\/\\\/radioljubuski.ba\\\/wp-content\\\/uploads\\\/2022\\\/06\\\/zupa-ruzici.jpg\",\"width\":810,\"height\":548},{\"@type\":\"BreadcrumbList\",\"@id\":\"https:\\\/\\\/radioljubuski.ba\\\/index.php\\\/2022\\\/06\\\/22\\\/ruzicani-se-pripremaju-za-proslavu-zastitnika-zupe-sv-ivana-krstitelja\\\/#breadcrumb\",\"itemListElement\":[{\"@type\":\"ListItem\",\"position\":1,\"name\":\"Po\u010detna stranica\",\"item\":\"https:\\\/\\\/radioljubuski.ba\\\/\"},{\"@type\":\"ListItem\",\"position\":2,\"name\":\"Ru\u017ei\u0107ani se pripremaju za proslavu za\u0161titnika \u017eupe sv. Ivana Krstitelja\"}]},{\"@type\":\"WebSite\",\"@id\":\"https:\\\/\\\/radioljubuski.ba\\\/#website\",\"url\":\"https:\\\/\\\/radioljubuski.ba\\\/\",\"name\":\"Radio Ljubu\u0161ki\",\"description\":\"Sun\u010dana frekvencija Hercegovine\",\"publisher\":{\"@id\":\"https:\\\/\\\/radioljubuski.ba\\\/#organization\"},\"potentialAction\":[{\"@type\":\"SearchAction\",\"target\":{\"@type\":\"EntryPoint\",\"urlTemplate\":\"https:\\\/\\\/radioljubuski.ba\\\/?s={search_term_string}\"},\"query-input\":{\"@type\":\"PropertyValueSpecification\",\"valueRequired\":true,\"valueName\":\"search_term_string\"}}],\"inLanguage\":\"hr\"},{\"@type\":\"Organization\",\"@id\":\"https:\\\/\\\/radioljubuski.ba\\\/#organization\",\"name\":\"Radio Ljubu\u0161ki\",\"url\":\"https:\\\/\\\/radioljubuski.ba\\\/\",\"logo\":{\"@type\":\"ImageObject\",\"inLanguage\":\"hr\",\"@id\":\"https:\\\/\\\/radioljubuski.ba\\\/#\\\/schema\\\/logo\\\/image\\\/\",\"url\":\"https:\\\/\\\/radioljubuski.ba\\\/wp-content\\\/uploads\\\/2021\\\/02\\\/cropped-Radio_Ljubuski_logo1.jpg\",\"contentUrl\":\"https:\\\/\\\/radioljubuski.ba\\\/wp-content\\\/uploads\\\/2021\\\/02\\\/cropped-Radio_Ljubuski_logo1.jpg\",\"width\":512,\"height\":512,\"caption\":\"Radio Ljubu\u0161ki\"},\"image\":{\"@id\":\"https:\\\/\\\/radioljubuski.ba\\\/#\\\/schema\\\/logo\\\/image\\\/\"},\"sameAs\":[\"https:\\\/\\\/www.facebook.com\\\/Radiio-Ljubuski-1490835324566332\",\"https:\\\/\\\/x.com\\\/radioljubuski\",\"https:\\\/\\\/hr.linkedin.com\\\/company\\\/radio-ljubuski\",\"https:\\\/\\\/www.youtube.com\\\/channel\\\/UCHYaeO_n0Db3tjNGudGpXyw\"]},{\"@type\":\"Person\",\"@id\":\"https:\\\/\\\/radioljubuski.ba\\\/#\\\/schema\\\/person\\\/19fc700381a780f69665d7956c469e3b\",\"name\":\"Radio Ljubu\u0161ki\"}]}<\/script>\n<!-- \/ Yoast SEO plugin. -->","yoast_head_json":{"title":"Ru\u017ei\u0107ani se pripremaju za proslavu za\u0161titnika \u017eupe sv. Ivana Krstitelja - RADIO LJUBU\u0160KI","robots":{"index":"index","follow":"follow","max-snippet":"max-snippet:-1","max-image-preview":"max-image-preview:large","max-video-preview":"max-video-preview:-1"},"canonical":"https:\/\/radioljubuski.ba\/index.php\/2022\/06\/22\/ruzicani-se-pripremaju-za-proslavu-zastitnika-zupe-sv-ivana-krstitelja\/","og_locale":"hr_HR","og_type":"article","og_title":"Ru\u017ei\u0107ani se pripremaju za proslavu za\u0161titnika \u017eupe sv. Ivana Krstitelja - RADIO LJUBU\u0160KI","og_description":"U \u017eupi Ru\u017ei\u0107i u Grudama, brojni vjernici pripremat \u0107e se trodnevnicom u crkvi sv. Ivana Krstitelja koja je po\u010dela u utorak u 19 sati, molitvom pred kipom sv. Ivana i sv. Misom. Prvu ve\u010der, u utorak 21. lipnja vjernici su se prisjetili svih \u017ertava ratova i pora\u0107a iz \u017eupe Ru\u017ei\u0107i, uklju\u010duju\u0107i fra Zdenka Zupca i [&hellip;]","og_url":"https:\/\/radioljubuski.ba\/index.php\/2022\/06\/22\/ruzicani-se-pripremaju-za-proslavu-zastitnika-zupe-sv-ivana-krstitelja\/","og_site_name":"RADIO LJUBU\u0160KI","article_publisher":"https:\/\/www.facebook.com\/Radiio-Ljubuski-1490835324566332","article_published_time":"2022-06-22T09:35:41+00:00","article_modified_time":"2022-06-22T09:35:42+00:00","og_image":[{"width":810,"height":548,"url":"https:\/\/radioljubuski.ba\/wp-content\/uploads\/2022\/06\/zupa-ruzici.jpg","type":"image\/jpeg"}],"author":"Radio Ljubu\u0161ki","twitter_card":"summary_large_image","twitter_creator":"@radioljubuski","twitter_site":"@radioljubuski","twitter_misc":{"Napisao\/la":"Radio Ljubu\u0161ki","Procijenjeno vrijeme \u010ditanja":"1 minuta"},"schema":{"@context":"https:\/\/schema.org","@graph":[{"@type":"Article","@id":"https:\/\/radioljubuski.ba\/index.php\/2022\/06\/22\/ruzicani-se-pripremaju-za-proslavu-zastitnika-zupe-sv-ivana-krstitelja\/#article","isPartOf":{"@id":"https:\/\/radioljubuski.ba\/index.php\/2022\/06\/22\/ruzicani-se-pripremaju-za-proslavu-zastitnika-zupe-sv-ivana-krstitelja\/"},"author":{"name":"Radio Ljubu\u0161ki","@id":"https:\/\/radioljubuski.ba\/#\/schema\/person\/19fc700381a780f69665d7956c469e3b"},"headline":"Ru\u017ei\u0107ani se pripremaju za proslavu za\u0161titnika \u017eupe sv. Ivana Krstitelja","datePublished":"2022-06-22T09:35:41+00:00","dateModified":"2022-06-22T09:35:42+00:00","mainEntityOfPage":{"@id":"https:\/\/radioljubuski.ba\/index.php\/2022\/06\/22\/ruzicani-se-pripremaju-za-proslavu-zastitnika-zupe-sv-ivana-krstitelja\/"},"wordCount":223,"publisher":{"@id":"https:\/\/radioljubuski.ba\/#organization"},"image":{"@id":"https:\/\/radioljubuski.ba\/index.php\/2022\/06\/22\/ruzicani-se-pripremaju-za-proslavu-zastitnika-zupe-sv-ivana-krstitelja\/#primaryimage"},"thumbnailUrl":"https:\/\/radioljubuski.ba\/wp-content\/uploads\/2022\/06\/zupa-ruzici.jpg","articleSection":["BIH i regija"],"inLanguage":"hr"},{"@type":"WebPage","@id":"https:\/\/radioljubuski.ba\/index.php\/2022\/06\/22\/ruzicani-se-pripremaju-za-proslavu-zastitnika-zupe-sv-ivana-krstitelja\/","url":"https:\/\/radioljubuski.ba\/index.php\/2022\/06\/22\/ruzicani-se-pripremaju-za-proslavu-zastitnika-zupe-sv-ivana-krstitelja\/","name":"Ru\u017ei\u0107ani se pripremaju za proslavu za\u0161titnika \u017eupe sv. Ivana Krstitelja - RADIO LJUBU\u0160KI","isPartOf":{"@id":"https:\/\/radioljubuski.ba\/#website"},"primaryImageOfPage":{"@id":"https:\/\/radioljubuski.ba\/index.php\/2022\/06\/22\/ruzicani-se-pripremaju-za-proslavu-zastitnika-zupe-sv-ivana-krstitelja\/#primaryimage"},"image":{"@id":"https:\/\/radioljubuski.ba\/index.php\/2022\/06\/22\/ruzicani-se-pripremaju-za-proslavu-zastitnika-zupe-sv-ivana-krstitelja\/#primaryimage"},"thumbnailUrl":"https:\/\/radioljubuski.ba\/wp-content\/uploads\/2022\/06\/zupa-ruzici.jpg","datePublished":"2022-06-22T09:35:41+00:00","dateModified":"2022-06-22T09:35:42+00:00","breadcrumb":{"@id":"https:\/\/radioljubuski.ba\/index.php\/2022\/06\/22\/ruzicani-se-pripremaju-za-proslavu-zastitnika-zupe-sv-ivana-krstitelja\/#breadcrumb"},"inLanguage":"hr","potentialAction":[{"@type":"ReadAction","target":["https:\/\/radioljubuski.ba\/index.php\/2022\/06\/22\/ruzicani-se-pripremaju-za-proslavu-zastitnika-zupe-sv-ivana-krstitelja\/"]}]},{"@type":"ImageObject","inLanguage":"hr","@id":"https:\/\/radioljubuski.ba\/index.php\/2022\/06\/22\/ruzicani-se-pripremaju-za-proslavu-zastitnika-zupe-sv-ivana-krstitelja\/#primaryimage","url":"https:\/\/radioljubuski.ba\/wp-content\/uploads\/2022\/06\/zupa-ruzici.jpg","contentUrl":"https:\/\/radioljubuski.ba\/wp-content\/uploads\/2022\/06\/zupa-ruzici.jpg","width":810,"height":548},{"@type":"BreadcrumbList","@id":"https:\/\/radioljubuski.ba\/index.php\/2022\/06\/22\/ruzicani-se-pripremaju-za-proslavu-zastitnika-zupe-sv-ivana-krstitelja\/#breadcrumb","itemListElement":[{"@type":"ListItem","position":1,"name":"Po\u010detna stranica","item":"https:\/\/radioljubuski.ba\/"},{"@type":"ListItem","position":2,"name":"Ru\u017ei\u0107ani se pripremaju za proslavu za\u0161titnika \u017eupe sv. Ivana Krstitelja"}]},{"@type":"WebSite","@id":"https:\/\/radioljubuski.ba\/#website","url":"https:\/\/radioljubuski.ba\/","name":"Radio Ljubu\u0161ki","description":"Sun\u010dana frekvencija Hercegovine","publisher":{"@id":"https:\/\/radioljubuski.ba\/#organization"},"potentialAction":[{"@type":"SearchAction","target":{"@type":"EntryPoint","urlTemplate":"https:\/\/radioljubuski.ba\/?s={search_term_string}"},"query-input":{"@type":"PropertyValueSpecification","valueRequired":true,"valueName":"search_term_string"}}],"inLanguage":"hr"},{"@type":"Organization","@id":"https:\/\/radioljubuski.ba\/#organization","name":"Radio Ljubu\u0161ki","url":"https:\/\/radioljubuski.ba\/","logo":{"@type":"ImageObject","inLanguage":"hr","@id":"https:\/\/radioljubuski.ba\/#\/schema\/logo\/image\/","url":"https:\/\/radioljubuski.ba\/wp-content\/uploads\/2021\/02\/cropped-Radio_Ljubuski_logo1.jpg","contentUrl":"https:\/\/radioljubuski.ba\/wp-content\/uploads\/2021\/02\/cropped-Radio_Ljubuski_logo1.jpg","width":512,"height":512,"caption":"Radio Ljubu\u0161ki"},"image":{"@id":"https:\/\/radioljubuski.ba\/#\/schema\/logo\/image\/"},"sameAs":["https:\/\/www.facebook.com\/Radiio-Ljubuski-1490835324566332","https:\/\/x.com\/radioljubuski","https:\/\/hr.linkedin.com\/company\/radio-ljubuski","https:\/\/www.youtube.com\/channel\/UCHYaeO_n0Db3tjNGudGpXyw"]},{"@type":"Person","@id":"https:\/\/radioljubuski.ba\/#\/schema\/person\/19fc700381a780f69665d7956c469e3b","name":"Radio Ljubu\u0161ki"}]}},"_links":{"self":[{"href":"https:\/\/radioljubuski.ba\/index.php\/wp-json\/wp\/v2\/posts\/151971","targetHints":{"allow":["GET"]}}],"collection":[{"href":"https:\/\/radioljubuski.ba\/index.php\/wp-json\/wp\/v2\/posts"}],"about":[{"href":"https:\/\/radioljubuski.ba\/index.php\/wp-json\/wp\/v2\/types\/post"}],"author":[{"embeddable":true,"href":"https:\/\/radioljubuski.ba\/index.php\/wp-json\/wp\/v2\/users\/2"}],"replies":[{"embeddable":true,"href":"https:\/\/radioljubuski.ba\/index.php\/wp-json\/wp\/v2\/comments?post=151971"}],"version-history":[{"count":1,"href":"https:\/\/radioljubuski.ba\/index.php\/wp-json\/wp\/v2\/posts\/151971\/revisions"}],"predecessor-version":[{"id":151973,"href":"https:\/\/radioljubuski.ba\/index.php\/wp-json\/wp\/v2\/posts\/151971\/revisions\/151973"}],"wp:featuredmedia":[{"embeddable":true,"href":"https:\/\/radioljubuski.ba\/index.php\/wp-json\/wp\/v2\/media\/151972"}],"wp:attachment":[{"href":"https:\/\/radioljubuski.ba\/index.php\/wp-json\/wp\/v2\/media?parent=151971"}],"wp:term":[{"taxonomy":"category","embeddable":true,"href":"https:\/\/radioljubuski.ba\/index.php\/wp-json\/wp\/v2\/categories?post=151971"},{"taxonomy":"post_tag","embeddable":true,"href":"https:\/\/radioljubuski.ba\/index.php\/wp-json\/wp\/v2\/tags?post=151971"}],"curies":[{"name":"wp","href":"https:\/\/api.w.org\/{rel}","templated":true}]}}