{"id":151976,"date":"2022-06-22T10:38:12","date_gmt":"2022-06-22T09:38:12","guid":{"rendered":"https:\/\/radioljubuski.ba\/?p=151976"},"modified":"2022-06-22T10:38:14","modified_gmt":"2022-06-22T09:38:14","slug":"osobe-s-invaliditetom-progovorile-o-problemima-s-kojima-se-susrecu","status":"publish","type":"post","link":"https:\/\/radioljubuski.ba\/index.php\/2022\/06\/22\/osobe-s-invaliditetom-progovorile-o-problemima-s-kojima-se-susrecu\/","title":{"rendered":"Osobe s invaliditetom progovorile o problemima s kojima se susre\u0107u"},"content":{"rendered":"\n<h5 class=\"wp-block-heading\"><strong>Udruga gra\u0111ana \u201cNe\u0161to Vi\u0161e\u201d organizirala je u utorak u Mostaru panel diskusiju pod nazivom \u201cOsobe s invaliditetom u javnom prostoru \u2013 jednak pristup, objekti, usluge i sigurnost\u201d kako bi s predstavnicima iz udruga koje okupljaju osobe s invaliditetom, njihove asistente, terapeute i \u010dlanove obitelji, razgovarala o dostupnosti javnih prostora u Mostaru za ove kategorije.<\/strong><\/h5>\n\n\n\n<p>Doga\u0111aj je dio projekta \u201cMostar \u2013 Prostori koji pokre\u0107u\u201d koji financira Vlada Ujedinjenog Kraljevstva.<\/p>\n\n\n\n<p>Gradska vije\u0107nica <strong>Vesna \u0160unji\u0107<\/strong> upozorila je kako \u010dak i kada se grade novi plo\u010dnici, izvo\u0111a\u010di i nadzornici radova vrlo \u010desto previde va\u017enost visine prilaznog dijela za kolica.<\/p>\n\n\n\n<p>To uvelike, kako je kazala, ote\u017eava \u017eivot osobama u <strong>ortopedskim kolicima<\/strong>, ali i <strong>roditeljima s malom djecom<\/strong> i osobama s pote\u0161ko\u0107ama u kretanju.<\/p>\n\n\n\n<p>Predsjednik Udruge za Down sindrom Mostar <strong>Igor Ledi\u0107<\/strong> apelirao je na gradske vlasti da u sklopu parka Zrinjevac <strong>zamjene \u0161ljun\u010danu podlogu<\/strong>, koja ote\u017eava pristup i pove\u0107ava rizik od ozljeda, <strong>gumiranom<\/strong> te da se trenutnom mobilijaru dodaju igra\u010dke za djecu u ortopedskim kolicima, senzorno motori\u010dke igra\u010dke, kako bi park bio <strong>inkluzivan<\/strong> prostor za svu djecu koja bi se pritom u\u010dila na razli\u010ditost i toleranciju.<\/p>\n\n\n\n<p>Predstavnici udruga slijepih i slabovidnih, na drugom tematskom okruglom stolu, istaknuli su kako u Gradu<strong> ne postoje semafori sa zvu\u010dnim senzorima<\/strong>.<\/p>\n\n\n\n<p>Uz to, upozorili su i na to da <strong>\u0161kole nisu prilago\u0111ene za djecu<\/strong> koja koriste Brailleovo pismo te da je Mostar za njegovih izme\u0111u <strong>200 i 300 slijepih i slabovidnih gra\u0111ana<\/strong>, grad koji im ne pru\u017ea ni najosnovnije uvjete za \u017eivot i kretanje.<\/p>\n\n\n\n<p>Zaklju\u010deno je kako je dio problema s kojima se osobe s invaliditetom svakodnevno susre\u0107u sustavan te ih se treba <strong>rje\u0161avati dugoro\u010dno<\/strong>, dok se dio koji se odnosi na aktivniji \u017eivot i inkluzivno kori\u0161tenje javnih prostora i uz volju i odre\u0111ena ulaganja mo\u017ee uvelike pobolj\u0161ati kroz ovaj projekt.<\/p>\n\n\n\n<p>Osobe s invaliditetom zadovoljne su \u0161to su mogle naglas re\u0107i svoja promi\u0161ljanja, ponajprije kada je u pitanju <strong>jednakost pristupa<\/strong>, koja prema njihovim ocjenama, nije na zadovoljavaju\u0107oj razini.<\/p>\n\n\n\n<p>Iz spomenute udruge obja\u0161njavaju kako je njihova uloga u okviru projekta fokusirati se na promociju i poticanje odr\u017eivog razvoja, rodne ravnopravnosti, socijalne inkluzije osoba s invaliditetom i drugih marginaliziranih grupa, kao i promociju ekolo\u0161ki prihvatljivih rje\u0161enja za javne prostore, te urbano vrtlarstvo i odgovorno kori\u0161tenje prirodnih resursa.<\/p>\n\n\n\n<p>Ovom prilikom predstavljen je i podcast <strong>\u201cProstori koji pokre\u0107u\u201d<\/strong>, a koji Udruga \u201cNe\u0161to Vi\u0161e\u201d objavljuje na tjednoj bazi, svake subote. Sugovornici su osobe iz svih sfera dru\u0161tva, a podcast se mo\u017ee pratiti na Facebook stranici Udruge.<\/p>\n\n\n\n<p>Posljednji okrugli stol u organizaciji Udruge \u201cNe\u0161to vi\u0161e\u201d odr\u017eat \u0107e se u Hotelu Mostar u petak, <strong>24. lipnja<\/strong>, a raspravljati \u0107e se na temu<strong> gradskog zelenila<\/strong>, urbanog vrtlarstva i koje biljke saditi u dvori\u0161tima.<\/p>\n\n\n\n<p>Nositelj projekta je <em>People in Need<\/em> (PIN), \u010de\u0161ka neprofitna, nevladina organizacija koja pru\u017ea humanitarnu i razvojnu pomo\u0107 u vi\u0161e od 30 zemalja diljem svijeta.<\/p>\n\n\n\n<p>Zajedno s PIN-om, ravnopravni \u010dlanovi konzorcija su Everyday Peace Indicators (EPI), Omladinski Kulturni centar Abra\u0161evi\u0107 (OKC Abra\u0161evi\u0107), Agencija lokalne demokracije Mostar (LDA Mostar) i Ne\u0161to Vi\u0161e (NV), a projekat financira Vlada Ujedinjenoga Kraljevstva, priop\u0107ili su organizatori.<\/p>\n\n\n\n<p>\/HMS\/<\/p>\n","protected":false},"excerpt":{"rendered":"<p>Udruga gra\u0111ana \u201cNe\u0161to Vi\u0161e\u201d organizirala je u utorak u Mostaru panel diskusiju pod nazivom \u201cOsobe s invaliditetom u javnom prostoru \u2013 jednak pristup, objekti, usluge i sigurnost\u201d kako bi s predstavnicima iz udruga koje okupljaju osobe s invaliditetom, njihove asistente, terapeute i \u010dlanove obitelji, razgovarala o dostupnosti javnih prostora u Mostaru za ove kategorije. Doga\u0111aj [&hellip;]<\/p>\n","protected":false},"author":2,"featured_media":151977,"comment_status":"closed","ping_status":"closed","sticky":false,"template":"","format":"standard","meta":{"h5ap_radio_sources":[],"footnotes":""},"categories":[1],"tags":[],"class_list":["post-151976","post","type-post","status-publish","format-standard","has-post-thumbnail","hentry","category-bihiregija"],"yoast_head":"<!-- This site is optimized with the Yoast SEO plugin v27.4 - https:\/\/yoast.com\/product\/yoast-seo-wordpress\/ -->\n<title>Osobe s invaliditetom progovorile o problemima s kojima se susre\u0107u - RADIO LJUBU\u0160KI<\/title>\n<meta name=\"robots\" content=\"index, follow, max-snippet:-1, max-image-preview:large, max-video-preview:-1\" \/>\n<link rel=\"canonical\" href=\"https:\/\/radioljubuski.ba\/index.php\/2022\/06\/22\/osobe-s-invaliditetom-progovorile-o-problemima-s-kojima-se-susrecu\/\" \/>\n<meta property=\"og:locale\" content=\"hr_HR\" \/>\n<meta property=\"og:type\" content=\"article\" \/>\n<meta property=\"og:title\" content=\"Osobe s invaliditetom progovorile o problemima s kojima se susre\u0107u - RADIO LJUBU\u0160KI\" \/>\n<meta property=\"og:description\" content=\"Udruga gra\u0111ana \u201cNe\u0161to Vi\u0161e\u201d organizirala je u utorak u Mostaru panel diskusiju pod nazivom \u201cOsobe s invaliditetom u javnom prostoru \u2013 jednak pristup, objekti, usluge i sigurnost\u201d kako bi s predstavnicima iz udruga koje okupljaju osobe s invaliditetom, njihove asistente, terapeute i \u010dlanove obitelji, razgovarala o dostupnosti javnih prostora u Mostaru za ove kategorije. Doga\u0111aj [&hellip;]\" \/>\n<meta property=\"og:url\" content=\"https:\/\/radioljubuski.ba\/index.php\/2022\/06\/22\/osobe-s-invaliditetom-progovorile-o-problemima-s-kojima-se-susrecu\/\" \/>\n<meta property=\"og:site_name\" content=\"RADIO LJUBU\u0160KI\" \/>\n<meta property=\"article:publisher\" content=\"https:\/\/www.facebook.com\/Radiio-Ljubuski-1490835324566332\" \/>\n<meta property=\"article:published_time\" content=\"2022-06-22T09:38:12+00:00\" \/>\n<meta property=\"article:modified_time\" content=\"2022-06-22T09:38:14+00:00\" \/>\n<meta property=\"og:image\" content=\"https:\/\/radioljubuski.ba\/wp-content\/uploads\/2022\/06\/okrugli-stol-osobe-s-invaliditetom-mo-3-810x460-1.jpg\" \/>\n\t<meta property=\"og:image:width\" content=\"810\" \/>\n\t<meta property=\"og:image:height\" content=\"460\" \/>\n\t<meta property=\"og:image:type\" content=\"image\/jpeg\" \/>\n<meta name=\"author\" content=\"Radio Ljubu\u0161ki\" \/>\n<meta name=\"twitter:card\" content=\"summary_large_image\" \/>\n<meta name=\"twitter:creator\" content=\"@radioljubuski\" \/>\n<meta name=\"twitter:site\" content=\"@radioljubuski\" \/>\n<meta name=\"twitter:label1\" content=\"Napisao\/la\" \/>\n\t<meta name=\"twitter:data1\" content=\"Radio Ljubu\u0161ki\" \/>\n\t<meta name=\"twitter:label2\" content=\"Procijenjeno vrijeme \u010ditanja\" \/>\n\t<meta name=\"twitter:data2\" content=\"3 minute\" \/>\n<script type=\"application\/ld+json\" class=\"yoast-schema-graph\">{\"@context\":\"https:\\\/\\\/schema.org\",\"@graph\":[{\"@type\":\"Article\",\"@id\":\"https:\\\/\\\/radioljubuski.ba\\\/index.php\\\/2022\\\/06\\\/22\\\/osobe-s-invaliditetom-progovorile-o-problemima-s-kojima-se-susrecu\\\/#article\",\"isPartOf\":{\"@id\":\"https:\\\/\\\/radioljubuski.ba\\\/index.php\\\/2022\\\/06\\\/22\\\/osobe-s-invaliditetom-progovorile-o-problemima-s-kojima-se-susrecu\\\/\"},\"author\":{\"name\":\"Radio Ljubu\u0161ki\",\"@id\":\"https:\\\/\\\/radioljubuski.ba\\\/#\\\/schema\\\/person\\\/19fc700381a780f69665d7956c469e3b\"},\"headline\":\"Osobe s invaliditetom progovorile o problemima s kojima se susre\u0107u\",\"datePublished\":\"2022-06-22T09:38:12+00:00\",\"dateModified\":\"2022-06-22T09:38:14+00:00\",\"mainEntityOfPage\":{\"@id\":\"https:\\\/\\\/radioljubuski.ba\\\/index.php\\\/2022\\\/06\\\/22\\\/osobe-s-invaliditetom-progovorile-o-problemima-s-kojima-se-susrecu\\\/\"},\"wordCount\":561,\"publisher\":{\"@id\":\"https:\\\/\\\/radioljubuski.ba\\\/#organization\"},\"image\":{\"@id\":\"https:\\\/\\\/radioljubuski.ba\\\/index.php\\\/2022\\\/06\\\/22\\\/osobe-s-invaliditetom-progovorile-o-problemima-s-kojima-se-susrecu\\\/#primaryimage\"},\"thumbnailUrl\":\"https:\\\/\\\/radioljubuski.ba\\\/wp-content\\\/uploads\\\/2022\\\/06\\\/okrugli-stol-osobe-s-invaliditetom-mo-3-810x460-1.jpg\",\"articleSection\":[\"BIH i regija\"],\"inLanguage\":\"hr\"},{\"@type\":\"WebPage\",\"@id\":\"https:\\\/\\\/radioljubuski.ba\\\/index.php\\\/2022\\\/06\\\/22\\\/osobe-s-invaliditetom-progovorile-o-problemima-s-kojima-se-susrecu\\\/\",\"url\":\"https:\\\/\\\/radioljubuski.ba\\\/index.php\\\/2022\\\/06\\\/22\\\/osobe-s-invaliditetom-progovorile-o-problemima-s-kojima-se-susrecu\\\/\",\"name\":\"Osobe s invaliditetom progovorile o problemima s kojima se susre\u0107u - RADIO LJUBU\u0160KI\",\"isPartOf\":{\"@id\":\"https:\\\/\\\/radioljubuski.ba\\\/#website\"},\"primaryImageOfPage\":{\"@id\":\"https:\\\/\\\/radioljubuski.ba\\\/index.php\\\/2022\\\/06\\\/22\\\/osobe-s-invaliditetom-progovorile-o-problemima-s-kojima-se-susrecu\\\/#primaryimage\"},\"image\":{\"@id\":\"https:\\\/\\\/radioljubuski.ba\\\/index.php\\\/2022\\\/06\\\/22\\\/osobe-s-invaliditetom-progovorile-o-problemima-s-kojima-se-susrecu\\\/#primaryimage\"},\"thumbnailUrl\":\"https:\\\/\\\/radioljubuski.ba\\\/wp-content\\\/uploads\\\/2022\\\/06\\\/okrugli-stol-osobe-s-invaliditetom-mo-3-810x460-1.jpg\",\"datePublished\":\"2022-06-22T09:38:12+00:00\",\"dateModified\":\"2022-06-22T09:38:14+00:00\",\"breadcrumb\":{\"@id\":\"https:\\\/\\\/radioljubuski.ba\\\/index.php\\\/2022\\\/06\\\/22\\\/osobe-s-invaliditetom-progovorile-o-problemima-s-kojima-se-susrecu\\\/#breadcrumb\"},\"inLanguage\":\"hr\",\"potentialAction\":[{\"@type\":\"ReadAction\",\"target\":[\"https:\\\/\\\/radioljubuski.ba\\\/index.php\\\/2022\\\/06\\\/22\\\/osobe-s-invaliditetom-progovorile-o-problemima-s-kojima-se-susrecu\\\/\"]}]},{\"@type\":\"ImageObject\",\"inLanguage\":\"hr\",\"@id\":\"https:\\\/\\\/radioljubuski.ba\\\/index.php\\\/2022\\\/06\\\/22\\\/osobe-s-invaliditetom-progovorile-o-problemima-s-kojima-se-susrecu\\\/#primaryimage\",\"url\":\"https:\\\/\\\/radioljubuski.ba\\\/wp-content\\\/uploads\\\/2022\\\/06\\\/okrugli-stol-osobe-s-invaliditetom-mo-3-810x460-1.jpg\",\"contentUrl\":\"https:\\\/\\\/radioljubuski.ba\\\/wp-content\\\/uploads\\\/2022\\\/06\\\/okrugli-stol-osobe-s-invaliditetom-mo-3-810x460-1.jpg\",\"width\":810,\"height\":460},{\"@type\":\"BreadcrumbList\",\"@id\":\"https:\\\/\\\/radioljubuski.ba\\\/index.php\\\/2022\\\/06\\\/22\\\/osobe-s-invaliditetom-progovorile-o-problemima-s-kojima-se-susrecu\\\/#breadcrumb\",\"itemListElement\":[{\"@type\":\"ListItem\",\"position\":1,\"name\":\"Po\u010detna stranica\",\"item\":\"https:\\\/\\\/radioljubuski.ba\\\/\"},{\"@type\":\"ListItem\",\"position\":2,\"name\":\"Osobe s invaliditetom progovorile o problemima s kojima se susre\u0107u\"}]},{\"@type\":\"WebSite\",\"@id\":\"https:\\\/\\\/radioljubuski.ba\\\/#website\",\"url\":\"https:\\\/\\\/radioljubuski.ba\\\/\",\"name\":\"Radio Ljubu\u0161ki\",\"description\":\"Sun\u010dana frekvencija Hercegovine\",\"publisher\":{\"@id\":\"https:\\\/\\\/radioljubuski.ba\\\/#organization\"},\"potentialAction\":[{\"@type\":\"SearchAction\",\"target\":{\"@type\":\"EntryPoint\",\"urlTemplate\":\"https:\\\/\\\/radioljubuski.ba\\\/?s={search_term_string}\"},\"query-input\":{\"@type\":\"PropertyValueSpecification\",\"valueRequired\":true,\"valueName\":\"search_term_string\"}}],\"inLanguage\":\"hr\"},{\"@type\":\"Organization\",\"@id\":\"https:\\\/\\\/radioljubuski.ba\\\/#organization\",\"name\":\"Radio Ljubu\u0161ki\",\"url\":\"https:\\\/\\\/radioljubuski.ba\\\/\",\"logo\":{\"@type\":\"ImageObject\",\"inLanguage\":\"hr\",\"@id\":\"https:\\\/\\\/radioljubuski.ba\\\/#\\\/schema\\\/logo\\\/image\\\/\",\"url\":\"https:\\\/\\\/radioljubuski.ba\\\/wp-content\\\/uploads\\\/2021\\\/02\\\/cropped-Radio_Ljubuski_logo1.jpg\",\"contentUrl\":\"https:\\\/\\\/radioljubuski.ba\\\/wp-content\\\/uploads\\\/2021\\\/02\\\/cropped-Radio_Ljubuski_logo1.jpg\",\"width\":512,\"height\":512,\"caption\":\"Radio Ljubu\u0161ki\"},\"image\":{\"@id\":\"https:\\\/\\\/radioljubuski.ba\\\/#\\\/schema\\\/logo\\\/image\\\/\"},\"sameAs\":[\"https:\\\/\\\/www.facebook.com\\\/Radiio-Ljubuski-1490835324566332\",\"https:\\\/\\\/x.com\\\/radioljubuski\",\"https:\\\/\\\/hr.linkedin.com\\\/company\\\/radio-ljubuski\",\"https:\\\/\\\/www.youtube.com\\\/channel\\\/UCHYaeO_n0Db3tjNGudGpXyw\"]},{\"@type\":\"Person\",\"@id\":\"https:\\\/\\\/radioljubuski.ba\\\/#\\\/schema\\\/person\\\/19fc700381a780f69665d7956c469e3b\",\"name\":\"Radio Ljubu\u0161ki\"}]}<\/script>\n<!-- \/ Yoast SEO plugin. -->","yoast_head_json":{"title":"Osobe s invaliditetom progovorile o problemima s kojima se susre\u0107u - RADIO LJUBU\u0160KI","robots":{"index":"index","follow":"follow","max-snippet":"max-snippet:-1","max-image-preview":"max-image-preview:large","max-video-preview":"max-video-preview:-1"},"canonical":"https:\/\/radioljubuski.ba\/index.php\/2022\/06\/22\/osobe-s-invaliditetom-progovorile-o-problemima-s-kojima-se-susrecu\/","og_locale":"hr_HR","og_type":"article","og_title":"Osobe s invaliditetom progovorile o problemima s kojima se susre\u0107u - RADIO LJUBU\u0160KI","og_description":"Udruga gra\u0111ana \u201cNe\u0161to Vi\u0161e\u201d organizirala je u utorak u Mostaru panel diskusiju pod nazivom \u201cOsobe s invaliditetom u javnom prostoru \u2013 jednak pristup, objekti, usluge i sigurnost\u201d kako bi s predstavnicima iz udruga koje okupljaju osobe s invaliditetom, njihove asistente, terapeute i \u010dlanove obitelji, razgovarala o dostupnosti javnih prostora u Mostaru za ove kategorije. Doga\u0111aj [&hellip;]","og_url":"https:\/\/radioljubuski.ba\/index.php\/2022\/06\/22\/osobe-s-invaliditetom-progovorile-o-problemima-s-kojima-se-susrecu\/","og_site_name":"RADIO LJUBU\u0160KI","article_publisher":"https:\/\/www.facebook.com\/Radiio-Ljubuski-1490835324566332","article_published_time":"2022-06-22T09:38:12+00:00","article_modified_time":"2022-06-22T09:38:14+00:00","og_image":[{"width":810,"height":460,"url":"https:\/\/radioljubuski.ba\/wp-content\/uploads\/2022\/06\/okrugli-stol-osobe-s-invaliditetom-mo-3-810x460-1.jpg","type":"image\/jpeg"}],"author":"Radio Ljubu\u0161ki","twitter_card":"summary_large_image","twitter_creator":"@radioljubuski","twitter_site":"@radioljubuski","twitter_misc":{"Napisao\/la":"Radio Ljubu\u0161ki","Procijenjeno vrijeme \u010ditanja":"3 minute"},"schema":{"@context":"https:\/\/schema.org","@graph":[{"@type":"Article","@id":"https:\/\/radioljubuski.ba\/index.php\/2022\/06\/22\/osobe-s-invaliditetom-progovorile-o-problemima-s-kojima-se-susrecu\/#article","isPartOf":{"@id":"https:\/\/radioljubuski.ba\/index.php\/2022\/06\/22\/osobe-s-invaliditetom-progovorile-o-problemima-s-kojima-se-susrecu\/"},"author":{"name":"Radio Ljubu\u0161ki","@id":"https:\/\/radioljubuski.ba\/#\/schema\/person\/19fc700381a780f69665d7956c469e3b"},"headline":"Osobe s invaliditetom progovorile o problemima s kojima se susre\u0107u","datePublished":"2022-06-22T09:38:12+00:00","dateModified":"2022-06-22T09:38:14+00:00","mainEntityOfPage":{"@id":"https:\/\/radioljubuski.ba\/index.php\/2022\/06\/22\/osobe-s-invaliditetom-progovorile-o-problemima-s-kojima-se-susrecu\/"},"wordCount":561,"publisher":{"@id":"https:\/\/radioljubuski.ba\/#organization"},"image":{"@id":"https:\/\/radioljubuski.ba\/index.php\/2022\/06\/22\/osobe-s-invaliditetom-progovorile-o-problemima-s-kojima-se-susrecu\/#primaryimage"},"thumbnailUrl":"https:\/\/radioljubuski.ba\/wp-content\/uploads\/2022\/06\/okrugli-stol-osobe-s-invaliditetom-mo-3-810x460-1.jpg","articleSection":["BIH i regija"],"inLanguage":"hr"},{"@type":"WebPage","@id":"https:\/\/radioljubuski.ba\/index.php\/2022\/06\/22\/osobe-s-invaliditetom-progovorile-o-problemima-s-kojima-se-susrecu\/","url":"https:\/\/radioljubuski.ba\/index.php\/2022\/06\/22\/osobe-s-invaliditetom-progovorile-o-problemima-s-kojima-se-susrecu\/","name":"Osobe s invaliditetom progovorile o problemima s kojima se susre\u0107u - RADIO LJUBU\u0160KI","isPartOf":{"@id":"https:\/\/radioljubuski.ba\/#website"},"primaryImageOfPage":{"@id":"https:\/\/radioljubuski.ba\/index.php\/2022\/06\/22\/osobe-s-invaliditetom-progovorile-o-problemima-s-kojima-se-susrecu\/#primaryimage"},"image":{"@id":"https:\/\/radioljubuski.ba\/index.php\/2022\/06\/22\/osobe-s-invaliditetom-progovorile-o-problemima-s-kojima-se-susrecu\/#primaryimage"},"thumbnailUrl":"https:\/\/radioljubuski.ba\/wp-content\/uploads\/2022\/06\/okrugli-stol-osobe-s-invaliditetom-mo-3-810x460-1.jpg","datePublished":"2022-06-22T09:38:12+00:00","dateModified":"2022-06-22T09:38:14+00:00","breadcrumb":{"@id":"https:\/\/radioljubuski.ba\/index.php\/2022\/06\/22\/osobe-s-invaliditetom-progovorile-o-problemima-s-kojima-se-susrecu\/#breadcrumb"},"inLanguage":"hr","potentialAction":[{"@type":"ReadAction","target":["https:\/\/radioljubuski.ba\/index.php\/2022\/06\/22\/osobe-s-invaliditetom-progovorile-o-problemima-s-kojima-se-susrecu\/"]}]},{"@type":"ImageObject","inLanguage":"hr","@id":"https:\/\/radioljubuski.ba\/index.php\/2022\/06\/22\/osobe-s-invaliditetom-progovorile-o-problemima-s-kojima-se-susrecu\/#primaryimage","url":"https:\/\/radioljubuski.ba\/wp-content\/uploads\/2022\/06\/okrugli-stol-osobe-s-invaliditetom-mo-3-810x460-1.jpg","contentUrl":"https:\/\/radioljubuski.ba\/wp-content\/uploads\/2022\/06\/okrugli-stol-osobe-s-invaliditetom-mo-3-810x460-1.jpg","width":810,"height":460},{"@type":"BreadcrumbList","@id":"https:\/\/radioljubuski.ba\/index.php\/2022\/06\/22\/osobe-s-invaliditetom-progovorile-o-problemima-s-kojima-se-susrecu\/#breadcrumb","itemListElement":[{"@type":"ListItem","position":1,"name":"Po\u010detna stranica","item":"https:\/\/radioljubuski.ba\/"},{"@type":"ListItem","position":2,"name":"Osobe s invaliditetom progovorile o problemima s kojima se susre\u0107u"}]},{"@type":"WebSite","@id":"https:\/\/radioljubuski.ba\/#website","url":"https:\/\/radioljubuski.ba\/","name":"Radio Ljubu\u0161ki","description":"Sun\u010dana frekvencija Hercegovine","publisher":{"@id":"https:\/\/radioljubuski.ba\/#organization"},"potentialAction":[{"@type":"SearchAction","target":{"@type":"EntryPoint","urlTemplate":"https:\/\/radioljubuski.ba\/?s={search_term_string}"},"query-input":{"@type":"PropertyValueSpecification","valueRequired":true,"valueName":"search_term_string"}}],"inLanguage":"hr"},{"@type":"Organization","@id":"https:\/\/radioljubuski.ba\/#organization","name":"Radio Ljubu\u0161ki","url":"https:\/\/radioljubuski.ba\/","logo":{"@type":"ImageObject","inLanguage":"hr","@id":"https:\/\/radioljubuski.ba\/#\/schema\/logo\/image\/","url":"https:\/\/radioljubuski.ba\/wp-content\/uploads\/2021\/02\/cropped-Radio_Ljubuski_logo1.jpg","contentUrl":"https:\/\/radioljubuski.ba\/wp-content\/uploads\/2021\/02\/cropped-Radio_Ljubuski_logo1.jpg","width":512,"height":512,"caption":"Radio Ljubu\u0161ki"},"image":{"@id":"https:\/\/radioljubuski.ba\/#\/schema\/logo\/image\/"},"sameAs":["https:\/\/www.facebook.com\/Radiio-Ljubuski-1490835324566332","https:\/\/x.com\/radioljubuski","https:\/\/hr.linkedin.com\/company\/radio-ljubuski","https:\/\/www.youtube.com\/channel\/UCHYaeO_n0Db3tjNGudGpXyw"]},{"@type":"Person","@id":"https:\/\/radioljubuski.ba\/#\/schema\/person\/19fc700381a780f69665d7956c469e3b","name":"Radio Ljubu\u0161ki"}]}},"_links":{"self":[{"href":"https:\/\/radioljubuski.ba\/index.php\/wp-json\/wp\/v2\/posts\/151976","targetHints":{"allow":["GET"]}}],"collection":[{"href":"https:\/\/radioljubuski.ba\/index.php\/wp-json\/wp\/v2\/posts"}],"about":[{"href":"https:\/\/radioljubuski.ba\/index.php\/wp-json\/wp\/v2\/types\/post"}],"author":[{"embeddable":true,"href":"https:\/\/radioljubuski.ba\/index.php\/wp-json\/wp\/v2\/users\/2"}],"replies":[{"embeddable":true,"href":"https:\/\/radioljubuski.ba\/index.php\/wp-json\/wp\/v2\/comments?post=151976"}],"version-history":[{"count":1,"href":"https:\/\/radioljubuski.ba\/index.php\/wp-json\/wp\/v2\/posts\/151976\/revisions"}],"predecessor-version":[{"id":151978,"href":"https:\/\/radioljubuski.ba\/index.php\/wp-json\/wp\/v2\/posts\/151976\/revisions\/151978"}],"wp:featuredmedia":[{"embeddable":true,"href":"https:\/\/radioljubuski.ba\/index.php\/wp-json\/wp\/v2\/media\/151977"}],"wp:attachment":[{"href":"https:\/\/radioljubuski.ba\/index.php\/wp-json\/wp\/v2\/media?parent=151976"}],"wp:term":[{"taxonomy":"category","embeddable":true,"href":"https:\/\/radioljubuski.ba\/index.php\/wp-json\/wp\/v2\/categories?post=151976"},{"taxonomy":"post_tag","embeddable":true,"href":"https:\/\/radioljubuski.ba\/index.php\/wp-json\/wp\/v2\/tags?post=151976"}],"curies":[{"name":"wp","href":"https:\/\/api.w.org\/{rel}","templated":true}]}}