{"id":151990,"date":"2022-06-22T10:43:54","date_gmt":"2022-06-22T09:43:54","guid":{"rendered":"https:\/\/radioljubuski.ba\/?p=151990"},"modified":"2022-06-22T10:43:55","modified_gmt":"2022-06-22T09:43:55","slug":"indonezijski-predsjednik-putuje-u-ukrajinu-i-rusiju","status":"publish","type":"post","link":"https:\/\/radioljubuski.ba\/index.php\/2022\/06\/22\/indonezijski-predsjednik-putuje-u-ukrajinu-i-rusiju\/","title":{"rendered":"Indonezijski predsjednik putuje u Ukrajinu i Rusiju"},"content":{"rendered":"\n<p><strong>Indonezijski predsjednik i trenutni predsjedatelj formata G20 Joko Widodo ovaj \u0107e mjesec posjetiti \u010delnike Ukrajine i Rusije kako bi razgovarao o humanitarnim i ekonomskim posljedicama ruske invazije, rekla je njegova ministrica vanjskih poslova.<\/strong><\/p>\n\n\n\n<p>Sastanak na vrhu zemalja G20 odr\u017eat \u0107e se u studenom na indonezijskom otoku Baliju, ali je ve\u0107 sad sporan jer je Widodo pozvao ruskog predsjednika Vladimira Putina usprkos navodnim ruskim ratnim zlo\u010dinima u Ukrajini.<\/p>\n\n\n\n<p>Indonezija je trenutna predsjedateljica tog formata te je pod pritiskom dijela zapadnih dr\u017eava, predvo\u0111enih SAD-om, da povu\u010de poziv Rusiji. Ministrica vanjskih poslova Retno Marsudi objavila je da bi Widodo mogao posjetiti Kijev i Moskvu nakon \u0161to bude predstavljao Indoneziju kao gostuju\u0107u zemlju na skupu G7 u Njema\u010dkoj 26. i 27. lipnja. Time bi mogao postati prvi azijski \u010delnik koji je posjetio obje dr\u017eave nakon po\u010detka rata.<\/p>\n\n\n\n<p>\u201cTijekom posjeta Kijevu i Moskvi predsjednik \u0107e se susresti s predsjednikom Zelenskim i predsjednikom Putinom\u201d, rekla je Marsudi. Nije odredila to\u010dne datume kad bi se to moglo dogoditi, no dr\u017eavni mediji prenose izjavu drugog ministra koji je kazao da bi to moglo biti 30. lipnja.<\/p>\n\n\n\n<p>\u201cNaglasak predsjednikovog posjeta je na zabrinutosti oko humanitarnih pitanja, poku\u0161aju doprinosa rje\u0161avanju prehrambene krize uzrokovane ratom i njezinim posljedicama\u201d, rekla je ministrica. Indonezija poku\u0161ava zadr\u017eati neutralni stav oko rata u Ukrajini te je pozvala na mirno rje\u0161enje sukoba.<\/p>\n\n\n\n<p>Widodo je odbio poslati oru\u017eje Ukrajini nakon zahtjeva Zelenskog te je umjesto toga ponudio humanitarnu pomo\u0107. Indonezija je na skup G20 kao gostuju\u0107u zemlju pozvala i Ukrajinu.<\/p>\n\n\n\n<p>\/Hina\/HMS\/<\/p>\n","protected":false},"excerpt":{"rendered":"<p>Indonezijski predsjednik i trenutni predsjedatelj formata G20 Joko Widodo ovaj \u0107e mjesec posjetiti \u010delnike Ukrajine i Rusije kako bi razgovarao o humanitarnim i ekonomskim posljedicama ruske invazije, rekla je njegova ministrica vanjskih poslova. Sastanak na vrhu zemalja G20 odr\u017eat \u0107e se u studenom na indonezijskom otoku Baliju, ali je ve\u0107 sad sporan jer je Widodo [&hellip;]<\/p>\n","protected":false},"author":2,"featured_media":151991,"comment_status":"closed","ping_status":"closed","sticky":false,"template":"","format":"standard","meta":{"h5ap_radio_sources":[],"footnotes":""},"categories":[1],"tags":[],"class_list":["post-151990","post","type-post","status-publish","format-standard","has-post-thumbnail","hentry","category-bihiregija"],"yoast_head":"<!-- This site is optimized with the Yoast SEO plugin v27.4 - https:\/\/yoast.com\/product\/yoast-seo-wordpress\/ -->\n<title>Indonezijski predsjednik putuje u Ukrajinu i Rusiju - RADIO LJUBU\u0160KI<\/title>\n<meta name=\"robots\" content=\"index, follow, max-snippet:-1, max-image-preview:large, max-video-preview:-1\" \/>\n<link rel=\"canonical\" href=\"https:\/\/radioljubuski.ba\/index.php\/2022\/06\/22\/indonezijski-predsjednik-putuje-u-ukrajinu-i-rusiju\/\" \/>\n<meta property=\"og:locale\" content=\"hr_HR\" \/>\n<meta property=\"og:type\" content=\"article\" \/>\n<meta property=\"og:title\" content=\"Indonezijski predsjednik putuje u Ukrajinu i Rusiju - RADIO LJUBU\u0160KI\" \/>\n<meta property=\"og:description\" content=\"Indonezijski predsjednik i trenutni predsjedatelj formata G20 Joko Widodo ovaj \u0107e mjesec posjetiti \u010delnike Ukrajine i Rusije kako bi razgovarao o humanitarnim i ekonomskim posljedicama ruske invazije, rekla je njegova ministrica vanjskih poslova. Sastanak na vrhu zemalja G20 odr\u017eat \u0107e se u studenom na indonezijskom otoku Baliju, ali je ve\u0107 sad sporan jer je Widodo [&hellip;]\" \/>\n<meta property=\"og:url\" content=\"https:\/\/radioljubuski.ba\/index.php\/2022\/06\/22\/indonezijski-predsjednik-putuje-u-ukrajinu-i-rusiju\/\" \/>\n<meta property=\"og:site_name\" content=\"RADIO LJUBU\u0160KI\" \/>\n<meta property=\"article:publisher\" content=\"https:\/\/www.facebook.com\/Radiio-Ljubuski-1490835324566332\" \/>\n<meta property=\"article:published_time\" content=\"2022-06-22T09:43:54+00:00\" \/>\n<meta property=\"article:modified_time\" content=\"2022-06-22T09:43:55+00:00\" \/>\n<meta property=\"og:image\" content=\"https:\/\/radioljubuski.ba\/wp-content\/uploads\/2022\/06\/7e39693a-ad91-473a-8260-720dbc5a0a5e.jpg\" \/>\n\t<meta property=\"og:image:width\" content=\"480\" \/>\n\t<meta property=\"og:image:height\" content=\"279\" \/>\n\t<meta property=\"og:image:type\" content=\"image\/jpeg\" \/>\n<meta name=\"author\" content=\"Radio Ljubu\u0161ki\" \/>\n<meta name=\"twitter:card\" content=\"summary_large_image\" \/>\n<meta name=\"twitter:creator\" content=\"@radioljubuski\" \/>\n<meta name=\"twitter:site\" content=\"@radioljubuski\" \/>\n<meta name=\"twitter:label1\" content=\"Napisao\/la\" \/>\n\t<meta name=\"twitter:data1\" content=\"Radio Ljubu\u0161ki\" \/>\n\t<meta name=\"twitter:label2\" content=\"Procijenjeno vrijeme \u010ditanja\" \/>\n\t<meta name=\"twitter:data2\" content=\"2 minute\" \/>\n<script type=\"application\/ld+json\" class=\"yoast-schema-graph\">{\"@context\":\"https:\\\/\\\/schema.org\",\"@graph\":[{\"@type\":\"Article\",\"@id\":\"https:\\\/\\\/radioljubuski.ba\\\/index.php\\\/2022\\\/06\\\/22\\\/indonezijski-predsjednik-putuje-u-ukrajinu-i-rusiju\\\/#article\",\"isPartOf\":{\"@id\":\"https:\\\/\\\/radioljubuski.ba\\\/index.php\\\/2022\\\/06\\\/22\\\/indonezijski-predsjednik-putuje-u-ukrajinu-i-rusiju\\\/\"},\"author\":{\"name\":\"Radio Ljubu\u0161ki\",\"@id\":\"https:\\\/\\\/radioljubuski.ba\\\/#\\\/schema\\\/person\\\/19fc700381a780f69665d7956c469e3b\"},\"headline\":\"Indonezijski predsjednik putuje u Ukrajinu i Rusiju\",\"datePublished\":\"2022-06-22T09:43:54+00:00\",\"dateModified\":\"2022-06-22T09:43:55+00:00\",\"mainEntityOfPage\":{\"@id\":\"https:\\\/\\\/radioljubuski.ba\\\/index.php\\\/2022\\\/06\\\/22\\\/indonezijski-predsjednik-putuje-u-ukrajinu-i-rusiju\\\/\"},\"wordCount\":267,\"publisher\":{\"@id\":\"https:\\\/\\\/radioljubuski.ba\\\/#organization\"},\"image\":{\"@id\":\"https:\\\/\\\/radioljubuski.ba\\\/index.php\\\/2022\\\/06\\\/22\\\/indonezijski-predsjednik-putuje-u-ukrajinu-i-rusiju\\\/#primaryimage\"},\"thumbnailUrl\":\"https:\\\/\\\/radioljubuski.ba\\\/wp-content\\\/uploads\\\/2022\\\/06\\\/7e39693a-ad91-473a-8260-720dbc5a0a5e.jpg\",\"articleSection\":[\"BIH i regija\"],\"inLanguage\":\"hr\"},{\"@type\":\"WebPage\",\"@id\":\"https:\\\/\\\/radioljubuski.ba\\\/index.php\\\/2022\\\/06\\\/22\\\/indonezijski-predsjednik-putuje-u-ukrajinu-i-rusiju\\\/\",\"url\":\"https:\\\/\\\/radioljubuski.ba\\\/index.php\\\/2022\\\/06\\\/22\\\/indonezijski-predsjednik-putuje-u-ukrajinu-i-rusiju\\\/\",\"name\":\"Indonezijski predsjednik putuje u Ukrajinu i Rusiju - RADIO LJUBU\u0160KI\",\"isPartOf\":{\"@id\":\"https:\\\/\\\/radioljubuski.ba\\\/#website\"},\"primaryImageOfPage\":{\"@id\":\"https:\\\/\\\/radioljubuski.ba\\\/index.php\\\/2022\\\/06\\\/22\\\/indonezijski-predsjednik-putuje-u-ukrajinu-i-rusiju\\\/#primaryimage\"},\"image\":{\"@id\":\"https:\\\/\\\/radioljubuski.ba\\\/index.php\\\/2022\\\/06\\\/22\\\/indonezijski-predsjednik-putuje-u-ukrajinu-i-rusiju\\\/#primaryimage\"},\"thumbnailUrl\":\"https:\\\/\\\/radioljubuski.ba\\\/wp-content\\\/uploads\\\/2022\\\/06\\\/7e39693a-ad91-473a-8260-720dbc5a0a5e.jpg\",\"datePublished\":\"2022-06-22T09:43:54+00:00\",\"dateModified\":\"2022-06-22T09:43:55+00:00\",\"breadcrumb\":{\"@id\":\"https:\\\/\\\/radioljubuski.ba\\\/index.php\\\/2022\\\/06\\\/22\\\/indonezijski-predsjednik-putuje-u-ukrajinu-i-rusiju\\\/#breadcrumb\"},\"inLanguage\":\"hr\",\"potentialAction\":[{\"@type\":\"ReadAction\",\"target\":[\"https:\\\/\\\/radioljubuski.ba\\\/index.php\\\/2022\\\/06\\\/22\\\/indonezijski-predsjednik-putuje-u-ukrajinu-i-rusiju\\\/\"]}]},{\"@type\":\"ImageObject\",\"inLanguage\":\"hr\",\"@id\":\"https:\\\/\\\/radioljubuski.ba\\\/index.php\\\/2022\\\/06\\\/22\\\/indonezijski-predsjednik-putuje-u-ukrajinu-i-rusiju\\\/#primaryimage\",\"url\":\"https:\\\/\\\/radioljubuski.ba\\\/wp-content\\\/uploads\\\/2022\\\/06\\\/7e39693a-ad91-473a-8260-720dbc5a0a5e.jpg\",\"contentUrl\":\"https:\\\/\\\/radioljubuski.ba\\\/wp-content\\\/uploads\\\/2022\\\/06\\\/7e39693a-ad91-473a-8260-720dbc5a0a5e.jpg\",\"width\":480,\"height\":279},{\"@type\":\"BreadcrumbList\",\"@id\":\"https:\\\/\\\/radioljubuski.ba\\\/index.php\\\/2022\\\/06\\\/22\\\/indonezijski-predsjednik-putuje-u-ukrajinu-i-rusiju\\\/#breadcrumb\",\"itemListElement\":[{\"@type\":\"ListItem\",\"position\":1,\"name\":\"Po\u010detna stranica\",\"item\":\"https:\\\/\\\/radioljubuski.ba\\\/\"},{\"@type\":\"ListItem\",\"position\":2,\"name\":\"Indonezijski predsjednik putuje u Ukrajinu i Rusiju\"}]},{\"@type\":\"WebSite\",\"@id\":\"https:\\\/\\\/radioljubuski.ba\\\/#website\",\"url\":\"https:\\\/\\\/radioljubuski.ba\\\/\",\"name\":\"Radio Ljubu\u0161ki\",\"description\":\"Sun\u010dana frekvencija Hercegovine\",\"publisher\":{\"@id\":\"https:\\\/\\\/radioljubuski.ba\\\/#organization\"},\"potentialAction\":[{\"@type\":\"SearchAction\",\"target\":{\"@type\":\"EntryPoint\",\"urlTemplate\":\"https:\\\/\\\/radioljubuski.ba\\\/?s={search_term_string}\"},\"query-input\":{\"@type\":\"PropertyValueSpecification\",\"valueRequired\":true,\"valueName\":\"search_term_string\"}}],\"inLanguage\":\"hr\"},{\"@type\":\"Organization\",\"@id\":\"https:\\\/\\\/radioljubuski.ba\\\/#organization\",\"name\":\"Radio Ljubu\u0161ki\",\"url\":\"https:\\\/\\\/radioljubuski.ba\\\/\",\"logo\":{\"@type\":\"ImageObject\",\"inLanguage\":\"hr\",\"@id\":\"https:\\\/\\\/radioljubuski.ba\\\/#\\\/schema\\\/logo\\\/image\\\/\",\"url\":\"https:\\\/\\\/radioljubuski.ba\\\/wp-content\\\/uploads\\\/2021\\\/02\\\/cropped-Radio_Ljubuski_logo1.jpg\",\"contentUrl\":\"https:\\\/\\\/radioljubuski.ba\\\/wp-content\\\/uploads\\\/2021\\\/02\\\/cropped-Radio_Ljubuski_logo1.jpg\",\"width\":512,\"height\":512,\"caption\":\"Radio Ljubu\u0161ki\"},\"image\":{\"@id\":\"https:\\\/\\\/radioljubuski.ba\\\/#\\\/schema\\\/logo\\\/image\\\/\"},\"sameAs\":[\"https:\\\/\\\/www.facebook.com\\\/Radiio-Ljubuski-1490835324566332\",\"https:\\\/\\\/x.com\\\/radioljubuski\",\"https:\\\/\\\/hr.linkedin.com\\\/company\\\/radio-ljubuski\",\"https:\\\/\\\/www.youtube.com\\\/channel\\\/UCHYaeO_n0Db3tjNGudGpXyw\"]},{\"@type\":\"Person\",\"@id\":\"https:\\\/\\\/radioljubuski.ba\\\/#\\\/schema\\\/person\\\/19fc700381a780f69665d7956c469e3b\",\"name\":\"Radio Ljubu\u0161ki\"}]}<\/script>\n<!-- \/ Yoast SEO plugin. -->","yoast_head_json":{"title":"Indonezijski predsjednik putuje u Ukrajinu i Rusiju - RADIO LJUBU\u0160KI","robots":{"index":"index","follow":"follow","max-snippet":"max-snippet:-1","max-image-preview":"max-image-preview:large","max-video-preview":"max-video-preview:-1"},"canonical":"https:\/\/radioljubuski.ba\/index.php\/2022\/06\/22\/indonezijski-predsjednik-putuje-u-ukrajinu-i-rusiju\/","og_locale":"hr_HR","og_type":"article","og_title":"Indonezijski predsjednik putuje u Ukrajinu i Rusiju - RADIO LJUBU\u0160KI","og_description":"Indonezijski predsjednik i trenutni predsjedatelj formata G20 Joko Widodo ovaj \u0107e mjesec posjetiti \u010delnike Ukrajine i Rusije kako bi razgovarao o humanitarnim i ekonomskim posljedicama ruske invazije, rekla je njegova ministrica vanjskih poslova. Sastanak na vrhu zemalja G20 odr\u017eat \u0107e se u studenom na indonezijskom otoku Baliju, ali je ve\u0107 sad sporan jer je Widodo [&hellip;]","og_url":"https:\/\/radioljubuski.ba\/index.php\/2022\/06\/22\/indonezijski-predsjednik-putuje-u-ukrajinu-i-rusiju\/","og_site_name":"RADIO LJUBU\u0160KI","article_publisher":"https:\/\/www.facebook.com\/Radiio-Ljubuski-1490835324566332","article_published_time":"2022-06-22T09:43:54+00:00","article_modified_time":"2022-06-22T09:43:55+00:00","og_image":[{"width":480,"height":279,"url":"https:\/\/radioljubuski.ba\/wp-content\/uploads\/2022\/06\/7e39693a-ad91-473a-8260-720dbc5a0a5e.jpg","type":"image\/jpeg"}],"author":"Radio Ljubu\u0161ki","twitter_card":"summary_large_image","twitter_creator":"@radioljubuski","twitter_site":"@radioljubuski","twitter_misc":{"Napisao\/la":"Radio Ljubu\u0161ki","Procijenjeno vrijeme \u010ditanja":"2 minute"},"schema":{"@context":"https:\/\/schema.org","@graph":[{"@type":"Article","@id":"https:\/\/radioljubuski.ba\/index.php\/2022\/06\/22\/indonezijski-predsjednik-putuje-u-ukrajinu-i-rusiju\/#article","isPartOf":{"@id":"https:\/\/radioljubuski.ba\/index.php\/2022\/06\/22\/indonezijski-predsjednik-putuje-u-ukrajinu-i-rusiju\/"},"author":{"name":"Radio Ljubu\u0161ki","@id":"https:\/\/radioljubuski.ba\/#\/schema\/person\/19fc700381a780f69665d7956c469e3b"},"headline":"Indonezijski predsjednik putuje u Ukrajinu i Rusiju","datePublished":"2022-06-22T09:43:54+00:00","dateModified":"2022-06-22T09:43:55+00:00","mainEntityOfPage":{"@id":"https:\/\/radioljubuski.ba\/index.php\/2022\/06\/22\/indonezijski-predsjednik-putuje-u-ukrajinu-i-rusiju\/"},"wordCount":267,"publisher":{"@id":"https:\/\/radioljubuski.ba\/#organization"},"image":{"@id":"https:\/\/radioljubuski.ba\/index.php\/2022\/06\/22\/indonezijski-predsjednik-putuje-u-ukrajinu-i-rusiju\/#primaryimage"},"thumbnailUrl":"https:\/\/radioljubuski.ba\/wp-content\/uploads\/2022\/06\/7e39693a-ad91-473a-8260-720dbc5a0a5e.jpg","articleSection":["BIH i regija"],"inLanguage":"hr"},{"@type":"WebPage","@id":"https:\/\/radioljubuski.ba\/index.php\/2022\/06\/22\/indonezijski-predsjednik-putuje-u-ukrajinu-i-rusiju\/","url":"https:\/\/radioljubuski.ba\/index.php\/2022\/06\/22\/indonezijski-predsjednik-putuje-u-ukrajinu-i-rusiju\/","name":"Indonezijski predsjednik putuje u Ukrajinu i Rusiju - RADIO LJUBU\u0160KI","isPartOf":{"@id":"https:\/\/radioljubuski.ba\/#website"},"primaryImageOfPage":{"@id":"https:\/\/radioljubuski.ba\/index.php\/2022\/06\/22\/indonezijski-predsjednik-putuje-u-ukrajinu-i-rusiju\/#primaryimage"},"image":{"@id":"https:\/\/radioljubuski.ba\/index.php\/2022\/06\/22\/indonezijski-predsjednik-putuje-u-ukrajinu-i-rusiju\/#primaryimage"},"thumbnailUrl":"https:\/\/radioljubuski.ba\/wp-content\/uploads\/2022\/06\/7e39693a-ad91-473a-8260-720dbc5a0a5e.jpg","datePublished":"2022-06-22T09:43:54+00:00","dateModified":"2022-06-22T09:43:55+00:00","breadcrumb":{"@id":"https:\/\/radioljubuski.ba\/index.php\/2022\/06\/22\/indonezijski-predsjednik-putuje-u-ukrajinu-i-rusiju\/#breadcrumb"},"inLanguage":"hr","potentialAction":[{"@type":"ReadAction","target":["https:\/\/radioljubuski.ba\/index.php\/2022\/06\/22\/indonezijski-predsjednik-putuje-u-ukrajinu-i-rusiju\/"]}]},{"@type":"ImageObject","inLanguage":"hr","@id":"https:\/\/radioljubuski.ba\/index.php\/2022\/06\/22\/indonezijski-predsjednik-putuje-u-ukrajinu-i-rusiju\/#primaryimage","url":"https:\/\/radioljubuski.ba\/wp-content\/uploads\/2022\/06\/7e39693a-ad91-473a-8260-720dbc5a0a5e.jpg","contentUrl":"https:\/\/radioljubuski.ba\/wp-content\/uploads\/2022\/06\/7e39693a-ad91-473a-8260-720dbc5a0a5e.jpg","width":480,"height":279},{"@type":"BreadcrumbList","@id":"https:\/\/radioljubuski.ba\/index.php\/2022\/06\/22\/indonezijski-predsjednik-putuje-u-ukrajinu-i-rusiju\/#breadcrumb","itemListElement":[{"@type":"ListItem","position":1,"name":"Po\u010detna stranica","item":"https:\/\/radioljubuski.ba\/"},{"@type":"ListItem","position":2,"name":"Indonezijski predsjednik putuje u Ukrajinu i Rusiju"}]},{"@type":"WebSite","@id":"https:\/\/radioljubuski.ba\/#website","url":"https:\/\/radioljubuski.ba\/","name":"Radio Ljubu\u0161ki","description":"Sun\u010dana frekvencija Hercegovine","publisher":{"@id":"https:\/\/radioljubuski.ba\/#organization"},"potentialAction":[{"@type":"SearchAction","target":{"@type":"EntryPoint","urlTemplate":"https:\/\/radioljubuski.ba\/?s={search_term_string}"},"query-input":{"@type":"PropertyValueSpecification","valueRequired":true,"valueName":"search_term_string"}}],"inLanguage":"hr"},{"@type":"Organization","@id":"https:\/\/radioljubuski.ba\/#organization","name":"Radio Ljubu\u0161ki","url":"https:\/\/radioljubuski.ba\/","logo":{"@type":"ImageObject","inLanguage":"hr","@id":"https:\/\/radioljubuski.ba\/#\/schema\/logo\/image\/","url":"https:\/\/radioljubuski.ba\/wp-content\/uploads\/2021\/02\/cropped-Radio_Ljubuski_logo1.jpg","contentUrl":"https:\/\/radioljubuski.ba\/wp-content\/uploads\/2021\/02\/cropped-Radio_Ljubuski_logo1.jpg","width":512,"height":512,"caption":"Radio Ljubu\u0161ki"},"image":{"@id":"https:\/\/radioljubuski.ba\/#\/schema\/logo\/image\/"},"sameAs":["https:\/\/www.facebook.com\/Radiio-Ljubuski-1490835324566332","https:\/\/x.com\/radioljubuski","https:\/\/hr.linkedin.com\/company\/radio-ljubuski","https:\/\/www.youtube.com\/channel\/UCHYaeO_n0Db3tjNGudGpXyw"]},{"@type":"Person","@id":"https:\/\/radioljubuski.ba\/#\/schema\/person\/19fc700381a780f69665d7956c469e3b","name":"Radio Ljubu\u0161ki"}]}},"_links":{"self":[{"href":"https:\/\/radioljubuski.ba\/index.php\/wp-json\/wp\/v2\/posts\/151990","targetHints":{"allow":["GET"]}}],"collection":[{"href":"https:\/\/radioljubuski.ba\/index.php\/wp-json\/wp\/v2\/posts"}],"about":[{"href":"https:\/\/radioljubuski.ba\/index.php\/wp-json\/wp\/v2\/types\/post"}],"author":[{"embeddable":true,"href":"https:\/\/radioljubuski.ba\/index.php\/wp-json\/wp\/v2\/users\/2"}],"replies":[{"embeddable":true,"href":"https:\/\/radioljubuski.ba\/index.php\/wp-json\/wp\/v2\/comments?post=151990"}],"version-history":[{"count":1,"href":"https:\/\/radioljubuski.ba\/index.php\/wp-json\/wp\/v2\/posts\/151990\/revisions"}],"predecessor-version":[{"id":151992,"href":"https:\/\/radioljubuski.ba\/index.php\/wp-json\/wp\/v2\/posts\/151990\/revisions\/151992"}],"wp:featuredmedia":[{"embeddable":true,"href":"https:\/\/radioljubuski.ba\/index.php\/wp-json\/wp\/v2\/media\/151991"}],"wp:attachment":[{"href":"https:\/\/radioljubuski.ba\/index.php\/wp-json\/wp\/v2\/media?parent=151990"}],"wp:term":[{"taxonomy":"category","embeddable":true,"href":"https:\/\/radioljubuski.ba\/index.php\/wp-json\/wp\/v2\/categories?post=151990"},{"taxonomy":"post_tag","embeddable":true,"href":"https:\/\/radioljubuski.ba\/index.php\/wp-json\/wp\/v2\/tags?post=151990"}],"curies":[{"name":"wp","href":"https:\/\/api.w.org\/{rel}","templated":true}]}}